{"id":304,"date":"2015-04-10T09:06:29","date_gmt":"2015-04-10T07:06:29","guid":{"rendered":"https:\/\/dev.sicherheitsforum.ch\/?p=304"},"modified":"2023-03-14T08:57:42","modified_gmt":"2023-03-14T07:57:42","slug":"digitale-infrastruktur-schafft-viele-jobs","status":null,"type":"post","link":"https:\/\/news.save.ch\/fr\/digitale-infrastruktur-schafft-viele-jobs\/","title":{"rendered":"L'infrastructure num\u00e9rique cr\u00e9e de nombreux emplois"},"content":{"rendered":"<figure id=\"attachment_305\" aria-describedby=\"caption-attachment-305\" style=\"width: 680px\" class=\"wp-caption alignnone\"><img loading=\"lazy\" decoding=\"async\" class=\"size-medium wp-image-305\" src=\"https:\/\/sicherheitsforum.ch\/wp-content\/uploads\/2016\/12\/Digitale-Infrastruktur-schafft-viele-Jobs-it-security.jpg\" alt=\"La demande croissante en capacit\u00e9 de centres de donn\u00e9es cr\u00e9e de nombreux emplois.\" width=\"680\" height=\"510\" \/><figcaption id=\"caption-attachment-305\" class=\"wp-caption-text\">La demande croissante en capacit\u00e9 de centres de donn\u00e9es cr\u00e9e de nombreux emplois.<\/figcaption><\/figure>\n<p>Le march\u00e9 europ\u00e9en des centres de donn\u00e9es devrait cro\u00eetre de plus de 6% par an d'ici 2020 et atteindre un volume de 270,4 milliards d'euros. C'est ce que pr\u00e9voit une <a href=\"https:\/\/www.atkearney.ch\/news-media\/news-release-at\/-\/asset_publisher\/0ZGmxQF0usGH\/content\/digitale-infrastruktur-schafft-europaweit-340-000-neue-jobs-bis-2020\" target=\"_blank\" data-cke-saved-href=\"https:\/\/www.atkearney.ch\/news-media\/news-release-at\/-\/asset_publisher\/0ZGmxQF0usGH\/content\/digitale-infrastruktur-schafft-europaweit-340-000-neue-jobs-bis-2020\" rel=\"noopener\">Enqu\u00eate <\/a>du cabinet de conseil A.T. Kearney. Plus de 50 directeurs informatiques en Europe ont confirm\u00e9 que les entreprises pr\u00e9voient d'augmenter leur budget dans ce domaine de 50% ou plus.<\/p>\n<p>Il est donc urgent d'agir pour ne pas mettre en p\u00e9ril la comp\u00e9titivit\u00e9 des sites en Europe \u00e0 l'\u00e8re de la num\u00e9risation : Selon A.T. Kearney, l'augmentation de la demande en capacit\u00e9 des centres de donn\u00e9es au cours des cinq prochaines ann\u00e9es entra\u00eenera la cr\u00e9ation de plus de 340 000 nouveaux emplois nets en Europe. D'autres 172 000 postes vacants s'ajouteraient au cours de cette p\u00e9riode en raison de d\u00e9parts \u00e0 la retraite. Ces chiffres tiennent d\u00e9j\u00e0 compte des effets de la rationalisation et de la mondialisation.<\/p>\n<p>Selon l'enqu\u00eate, le big data, le cloud computing, la num\u00e9risation des processus, des produits et des services, l'Internet des objets ainsi que l'adaptation des syst\u00e8mes plus anciens entra\u00eeneront de nouveaux investissements dans les centres de donn\u00e9es. 65% des d\u00e9cideurs informatiques choisiraient l'Europe comme lieu d'implantation.<\/p>\n<p>En l'\u00e9tat actuel, la demande en personnel qualifi\u00e9 pour la mise en place et l'exploitation d'infrastructures num\u00e9riques d\u00e9passe nettement l'offre. Les sp\u00e9cialistes disponibles ne permettent de pourvoir qu'environ 50% des postes, est-il pr\u00e9cis\u00e9.<\/p>","protected":false},"excerpt":{"rendered":"<p>Der europ\u00e4ische Rechenzentrumsmarkt wird bis 2020 um mehr als 6% j\u00e4hrlich wachsen und ein Volumen von 270,4 Milliarden Euro erreichen. Dies hat eine Befragung der Unternehmensberatung A.T.\u00a0Kearney ergeben. \u00dcber 50 IT-Leiter in Europa best\u00e4tigten, dass Unternehmen planen, ihre Budgets f\u00fcr diesen Bereich um 50% und mehr zu erh\u00f6hen. Deshalb ist akuter Handlungsbedarf angesagt, um die [&hellip;]<\/p>\n","protected":false},"author":1,"featured_media":305,"comment_status":"open","ping_status":"open","sticky":false,"template":"","format":"standard","meta":{"_acf_changed":false,"pgc_sgb_lightbox_settings":"","footnotes":""},"categories":[3313],"tags":[62,63],"class_list":["post-304","post","type-post","status-publish","format-standard","has-post-thumbnail","hentry","category-digitalisierung","tag-ict-sicherheit","tag-it-security"],"acf":[],"hkrextid":null,"publication":null,"issue":null,"workflow":null,"startPage":null,"spitzmarke":null,"_posts_by_tag_page_fields":{"widget_title":"","widget_tags":""},"_at_widget":"1","_yoast_wpseo_primary_category":"2","_yoast_wpseo_focuskw_text_input":"Infrastruktur","_yoast_wpseo_opengraph-image":"https:\/\/news.save.ch\/wp-content\/uploads\/2016\/12\/Digitale-Infrastruktur-schafft-viele-Jobs-it-security.jpg","_yoast_wpseo_opengraph-description":"Der europ\u00e4ische Rechenzentrumsmarkt wird bis 2020 um mehr als 6% j\u00e4hrlich wachsen und ein Volumen von 270,4 Milliarden Euro erreichen. Zudem entstehen viele neue Arbeitspl\u00e4tze.","_yoast_wpseo_opengraph-title":"Infrastruktur","enclosure":null,"_yoast_wpseo_twitter-title":null,"_yoast_wpseo_twitter-description":null,"_yoast_wpseo_twitter-image":null,"_wp_old_slug":null,"_yoast_wpseo_title":null,"_yoast_wpseo_canonical":null,"yoast_head":"<!-- This site is optimized with the Yoast SEO plugin v27.5 - https:\/\/yoast.com\/product\/yoast-seo-wordpress\/ -->\n<title>Digitale Infrastruktur schafft viele Jobs - Save<\/title>\n<meta name=\"description\" content=\"Infrastruktur: Der europ\u00e4ische Rechenzentrumsmarkt wird bis 2020 um mehr als 6% j\u00e4hrlich wachsen und ein Volumen von 270,4 Mil. Euro erreichen.\" \/>\n<meta name=\"robots\" content=\"index, follow, max-snippet:-1, max-image-preview:large, max-video-preview:-1\" \/>\n<link rel=\"canonical\" href=\"https:\/\/news.save.ch\/fr\/digitale-infrastruktur-schafft-viele-jobs\/\" \/>\n<meta property=\"og:locale\" content=\"fr_FR\" \/>\n<meta property=\"og:type\" content=\"article\" \/>\n<meta property=\"og:title\" content=\"Infrastruktur\" \/>\n<meta property=\"og:description\" content=\"Der europ\u00e4ische Rechenzentrumsmarkt wird bis 2020 um mehr als 6% j\u00e4hrlich wachsen und ein Volumen von 270,4 Milliarden Euro erreichen. Zudem entstehen viele neue Arbeitspl\u00e4tze.\" \/>\n<meta property=\"og:url\" content=\"https:\/\/news.save.ch\/fr\/digitale-infrastruktur-schafft-viele-jobs\/\" \/>\n<meta property=\"og:site_name\" content=\"Save\" \/>\n<meta property=\"article:published_time\" content=\"2015-04-10T07:06:29+00:00\" \/>\n<meta property=\"article:modified_time\" content=\"2023-03-14T07:57:42+00:00\" \/>\n<meta property=\"og:image\" content=\"https:\/\/news.save.ch\/wp-content\/uploads\/2016\/12\/Digitale-Infrastruktur-schafft-viele-Jobs-it-security.jpg\" \/>\n<meta name=\"author\" content=\"admin\" \/>\n<meta name=\"twitter:card\" content=\"summary_large_image\" \/>\n<meta name=\"twitter:label1\" content=\"\u00c9crit par\" \/>\n\t<meta name=\"twitter:data1\" content=\"admin\" \/>\n\t<meta name=\"twitter:label2\" content=\"Dur\u00e9e de lecture estim\u00e9e\" \/>\n\t<meta name=\"twitter:data2\" content=\"1 minute\" \/>\n<script type=\"application\/ld+json\" class=\"yoast-schema-graph\">{\"@context\":\"https:\\\/\\\/schema.org\",\"@graph\":[{\"@type\":\"Article\",\"@id\":\"https:\\\/\\\/news.save.ch\\\/digitale-infrastruktur-schafft-viele-jobs\\\/#article\",\"isPartOf\":{\"@id\":\"https:\\\/\\\/news.save.ch\\\/digitale-infrastruktur-schafft-viele-jobs\\\/\"},\"author\":{\"name\":\"admin\",\"@id\":\"https:\\\/\\\/news.save.ch\\\/de\\\/#\\\/schema\\\/person\\\/d49e199490bad7c70d64b9ab51142f2b\"},\"headline\":\"Digitale Infrastruktur schafft viele Jobs\",\"datePublished\":\"2015-04-10T07:06:29+00:00\",\"dateModified\":\"2023-03-14T07:57:42+00:00\",\"mainEntityOfPage\":{\"@id\":\"https:\\\/\\\/news.save.ch\\\/digitale-infrastruktur-schafft-viele-jobs\\\/\"},\"wordCount\":213,\"commentCount\":0,\"publisher\":{\"@id\":\"https:\\\/\\\/news.save.ch\\\/de\\\/#organization\"},\"image\":{\"@id\":\"https:\\\/\\\/news.save.ch\\\/digitale-infrastruktur-schafft-viele-jobs\\\/#primaryimage\"},\"thumbnailUrl\":\"https:\\\/\\\/news.save.ch\\\/wp-content\\\/uploads\\\/2016\\\/12\\\/Digitale-Infrastruktur-schafft-viele-Jobs-it-security-scaled.jpg\",\"keywords\":[\"ICT-Sicherheit\",\"IT-SECURITY\"],\"articleSection\":[\"DIGITALISIERUNG\"],\"inLanguage\":\"fr-FR\"},{\"@type\":\"WebPage\",\"@id\":\"https:\\\/\\\/news.save.ch\\\/digitale-infrastruktur-schafft-viele-jobs\\\/\",\"url\":\"https:\\\/\\\/news.save.ch\\\/digitale-infrastruktur-schafft-viele-jobs\\\/\",\"name\":\"Digitale Infrastruktur schafft viele Jobs - Save\",\"isPartOf\":{\"@id\":\"https:\\\/\\\/news.save.ch\\\/de\\\/#website\"},\"primaryImageOfPage\":{\"@id\":\"https:\\\/\\\/news.save.ch\\\/digitale-infrastruktur-schafft-viele-jobs\\\/#primaryimage\"},\"image\":{\"@id\":\"https:\\\/\\\/news.save.ch\\\/digitale-infrastruktur-schafft-viele-jobs\\\/#primaryimage\"},\"thumbnailUrl\":\"https:\\\/\\\/news.save.ch\\\/wp-content\\\/uploads\\\/2016\\\/12\\\/Digitale-Infrastruktur-schafft-viele-Jobs-it-security-scaled.jpg\",\"datePublished\":\"2015-04-10T07:06:29+00:00\",\"dateModified\":\"2023-03-14T07:57:42+00:00\",\"description\":\"Infrastruktur: Der europ\u00e4ische Rechenzentrumsmarkt wird bis 2020 um mehr als 6% j\u00e4hrlich wachsen und ein Volumen von 270,4 Mil. Euro erreichen.\",\"breadcrumb\":{\"@id\":\"https:\\\/\\\/news.save.ch\\\/digitale-infrastruktur-schafft-viele-jobs\\\/#breadcrumb\"},\"inLanguage\":\"fr-FR\",\"potentialAction\":[{\"@type\":\"ReadAction\",\"target\":[\"https:\\\/\\\/news.save.ch\\\/digitale-infrastruktur-schafft-viele-jobs\\\/\"]}]},{\"@type\":\"ImageObject\",\"inLanguage\":\"fr-FR\",\"@id\":\"https:\\\/\\\/news.save.ch\\\/digitale-infrastruktur-schafft-viele-jobs\\\/#primaryimage\",\"url\":\"https:\\\/\\\/news.save.ch\\\/wp-content\\\/uploads\\\/2016\\\/12\\\/Digitale-Infrastruktur-schafft-viele-Jobs-it-security-scaled.jpg\",\"contentUrl\":\"https:\\\/\\\/news.save.ch\\\/wp-content\\\/uploads\\\/2016\\\/12\\\/Digitale-Infrastruktur-schafft-viele-Jobs-it-security-scaled.jpg\",\"width\":1400,\"height\":1050,\"caption\":\"Die steigende Nachfrage nach Rechenzentrumskapazit\u00e4t schafft zahlreiche Jobs.\"},{\"@type\":\"BreadcrumbList\",\"@id\":\"https:\\\/\\\/news.save.ch\\\/digitale-infrastruktur-schafft-viele-jobs\\\/#breadcrumb\",\"itemListElement\":[{\"@type\":\"ListItem\",\"position\":1,\"name\":\"Home\",\"item\":\"https:\\\/\\\/news.save.ch\\\/de\\\/\"},{\"@type\":\"ListItem\",\"position\":2,\"name\":\"Digitale Infrastruktur schafft viele Jobs\"}]},{\"@type\":\"WebSite\",\"@id\":\"https:\\\/\\\/news.save.ch\\\/de\\\/#website\",\"url\":\"https:\\\/\\\/news.save.ch\\\/de\\\/\",\"name\":\"Save\",\"description\":\"Schweizer Fachzeitschrift f\u00fcr Sicherheit\",\"publisher\":{\"@id\":\"https:\\\/\\\/news.save.ch\\\/de\\\/#organization\"},\"potentialAction\":[{\"@type\":\"SearchAction\",\"target\":{\"@type\":\"EntryPoint\",\"urlTemplate\":\"https:\\\/\\\/news.save.ch\\\/de\\\/?s={search_term_string}\"},\"query-input\":{\"@type\":\"PropertyValueSpecification\",\"valueRequired\":true,\"valueName\":\"search_term_string\"}}],\"inLanguage\":\"fr-FR\"},{\"@type\":\"Organization\",\"@id\":\"https:\\\/\\\/news.save.ch\\\/de\\\/#organization\",\"name\":\"Sicherheitsforum\",\"url\":\"https:\\\/\\\/news.save.ch\\\/de\\\/\",\"logo\":{\"@type\":\"ImageObject\",\"inLanguage\":\"fr-FR\",\"@id\":\"https:\\\/\\\/news.save.ch\\\/de\\\/#\\\/schema\\\/logo\\\/image\\\/\",\"url\":\"https:\\\/\\\/news.save.ch\\\/wp-content\\\/uploads\\\/2022\\\/06\\\/Logo_SF_2012.png\",\"contentUrl\":\"https:\\\/\\\/news.save.ch\\\/wp-content\\\/uploads\\\/2022\\\/06\\\/Logo_SF_2012.png\",\"width\":1100,\"height\":91,\"caption\":\"Sicherheitsforum\"},\"image\":{\"@id\":\"https:\\\/\\\/news.save.ch\\\/de\\\/#\\\/schema\\\/logo\\\/image\\\/\"}},{\"@type\":\"Person\",\"@id\":\"https:\\\/\\\/news.save.ch\\\/de\\\/#\\\/schema\\\/person\\\/d49e199490bad7c70d64b9ab51142f2b\",\"name\":\"admin\",\"image\":{\"@type\":\"ImageObject\",\"inLanguage\":\"fr-FR\",\"@id\":\"https:\\\/\\\/secure.gravatar.com\\\/avatar\\\/ae2f4d718e6c49043e314ce431e7e645d646302a24a5ef5a8bc8e3f5a032e319?s=96&d=mm&r=g\",\"url\":\"https:\\\/\\\/secure.gravatar.com\\\/avatar\\\/ae2f4d718e6c49043e314ce431e7e645d646302a24a5ef5a8bc8e3f5a032e319?s=96&d=mm&r=g\",\"contentUrl\":\"https:\\\/\\\/secure.gravatar.com\\\/avatar\\\/ae2f4d718e6c49043e314ce431e7e645d646302a24a5ef5a8bc8e3f5a032e319?s=96&d=mm&r=g\",\"caption\":\"admin\"},\"sameAs\":[\"https:\\\/\\\/develop.organisator.galledia.ch\"],\"url\":\"https:\\\/\\\/news.save.ch\\\/fr\\\/author\\\/admin\\\/\"}]}<\/script>\n<!-- \/ Yoast SEO plugin. -->","yoast_head_json":{"title":"L'infrastructure num\u00e9rique cr\u00e9e de nombreux emplois - Save","description":"Infrastructure : le march\u00e9 europ\u00e9en des centres de donn\u00e9es devrait cro\u00eetre de plus de 6% par an d'ici 2020 et atteindre un volume de 270,4 millions d'euros.","robots":{"index":"index","follow":"follow","max-snippet":"max-snippet:-1","max-image-preview":"max-image-preview:large","max-video-preview":"max-video-preview:-1"},"canonical":"https:\/\/news.save.ch\/fr\/digitale-infrastruktur-schafft-viele-jobs\/","og_locale":"fr_FR","og_type":"article","og_title":"Infrastruktur","og_description":"Der europ\u00e4ische Rechenzentrumsmarkt wird bis 2020 um mehr als 6% j\u00e4hrlich wachsen und ein Volumen von 270,4 Milliarden Euro erreichen. Zudem entstehen viele neue Arbeitspl\u00e4tze.","og_url":"https:\/\/news.save.ch\/fr\/digitale-infrastruktur-schafft-viele-jobs\/","og_site_name":"Save","article_published_time":"2015-04-10T07:06:29+00:00","article_modified_time":"2023-03-14T07:57:42+00:00","og_image":[{"url":"https:\/\/news.save.ch\/wp-content\/uploads\/2016\/12\/Digitale-Infrastruktur-schafft-viele-Jobs-it-security.jpg","type":"","width":"","height":""}],"author":"admin","twitter_card":"summary_large_image","twitter_misc":{"\u00c9crit par":"admin","Dur\u00e9e de lecture estim\u00e9e":"1 minute"},"schema":{"@context":"https:\/\/schema.org","@graph":[{"@type":"Article","@id":"https:\/\/news.save.ch\/digitale-infrastruktur-schafft-viele-jobs\/#article","isPartOf":{"@id":"https:\/\/news.save.ch\/digitale-infrastruktur-schafft-viele-jobs\/"},"author":{"name":"admin","@id":"https:\/\/news.save.ch\/de\/#\/schema\/person\/d49e199490bad7c70d64b9ab51142f2b"},"headline":"Digitale Infrastruktur schafft viele Jobs","datePublished":"2015-04-10T07:06:29+00:00","dateModified":"2023-03-14T07:57:42+00:00","mainEntityOfPage":{"@id":"https:\/\/news.save.ch\/digitale-infrastruktur-schafft-viele-jobs\/"},"wordCount":213,"commentCount":0,"publisher":{"@id":"https:\/\/news.save.ch\/de\/#organization"},"image":{"@id":"https:\/\/news.save.ch\/digitale-infrastruktur-schafft-viele-jobs\/#primaryimage"},"thumbnailUrl":"https:\/\/news.save.ch\/wp-content\/uploads\/2016\/12\/Digitale-Infrastruktur-schafft-viele-Jobs-it-security-scaled.jpg","keywords":["ICT-Sicherheit","IT-SECURITY"],"articleSection":["DIGITALISIERUNG"],"inLanguage":"fr-FR"},{"@type":"WebPage","@id":"https:\/\/news.save.ch\/digitale-infrastruktur-schafft-viele-jobs\/","url":"https:\/\/news.save.ch\/digitale-infrastruktur-schafft-viele-jobs\/","name":"L'infrastructure num\u00e9rique cr\u00e9e de nombreux emplois - Save","isPartOf":{"@id":"https:\/\/news.save.ch\/de\/#website"},"primaryImageOfPage":{"@id":"https:\/\/news.save.ch\/digitale-infrastruktur-schafft-viele-jobs\/#primaryimage"},"image":{"@id":"https:\/\/news.save.ch\/digitale-infrastruktur-schafft-viele-jobs\/#primaryimage"},"thumbnailUrl":"https:\/\/news.save.ch\/wp-content\/uploads\/2016\/12\/Digitale-Infrastruktur-schafft-viele-Jobs-it-security-scaled.jpg","datePublished":"2015-04-10T07:06:29+00:00","dateModified":"2023-03-14T07:57:42+00:00","description":"Infrastructure : le march\u00e9 europ\u00e9en des centres de donn\u00e9es devrait cro\u00eetre de plus de 6% par an d'ici 2020 et atteindre un volume de 270,4 millions d'euros.","breadcrumb":{"@id":"https:\/\/news.save.ch\/digitale-infrastruktur-schafft-viele-jobs\/#breadcrumb"},"inLanguage":"fr-FR","potentialAction":[{"@type":"ReadAction","target":["https:\/\/news.save.ch\/digitale-infrastruktur-schafft-viele-jobs\/"]}]},{"@type":"ImageObject","inLanguage":"fr-FR","@id":"https:\/\/news.save.ch\/digitale-infrastruktur-schafft-viele-jobs\/#primaryimage","url":"https:\/\/news.save.ch\/wp-content\/uploads\/2016\/12\/Digitale-Infrastruktur-schafft-viele-Jobs-it-security-scaled.jpg","contentUrl":"https:\/\/news.save.ch\/wp-content\/uploads\/2016\/12\/Digitale-Infrastruktur-schafft-viele-Jobs-it-security-scaled.jpg","width":1400,"height":1050,"caption":"Die steigende Nachfrage nach Rechenzentrumskapazit\u00e4t schafft zahlreiche Jobs."},{"@type":"BreadcrumbList","@id":"https:\/\/news.save.ch\/digitale-infrastruktur-schafft-viele-jobs\/#breadcrumb","itemListElement":[{"@type":"ListItem","position":1,"name":"Home","item":"https:\/\/news.save.ch\/de\/"},{"@type":"ListItem","position":2,"name":"Digitale Infrastruktur schafft viele Jobs"}]},{"@type":"WebSite","@id":"https:\/\/news.save.ch\/de\/#website","url":"https:\/\/news.save.ch\/de\/","name":"Save","description":"Revue suisse sp\u00e9cialis\u00e9e dans la s\u00e9curit\u00e9","publisher":{"@id":"https:\/\/news.save.ch\/de\/#organization"},"potentialAction":[{"@type":"SearchAction","target":{"@type":"EntryPoint","urlTemplate":"https:\/\/news.save.ch\/de\/?s={search_term_string}"},"query-input":{"@type":"PropertyValueSpecification","valueRequired":true,"valueName":"search_term_string"}}],"inLanguage":"fr-FR"},{"@type":"Organization","@id":"https:\/\/news.save.ch\/de\/#organization","name":"Forum sur la s\u00e9curit\u00e9","url":"https:\/\/news.save.ch\/de\/","logo":{"@type":"ImageObject","inLanguage":"fr-FR","@id":"https:\/\/news.save.ch\/de\/#\/schema\/logo\/image\/","url":"https:\/\/news.save.ch\/wp-content\/uploads\/2022\/06\/Logo_SF_2012.png","contentUrl":"https:\/\/news.save.ch\/wp-content\/uploads\/2022\/06\/Logo_SF_2012.png","width":1100,"height":91,"caption":"Sicherheitsforum"},"image":{"@id":"https:\/\/news.save.ch\/de\/#\/schema\/logo\/image\/"}},{"@type":"Person","@id":"https:\/\/news.save.ch\/de\/#\/schema\/person\/d49e199490bad7c70d64b9ab51142f2b","name":"admin","image":{"@type":"ImageObject","inLanguage":"fr-FR","@id":"https:\/\/secure.gravatar.com\/avatar\/ae2f4d718e6c49043e314ce431e7e645d646302a24a5ef5a8bc8e3f5a032e319?s=96&d=mm&r=g","url":"https:\/\/secure.gravatar.com\/avatar\/ae2f4d718e6c49043e314ce431e7e645d646302a24a5ef5a8bc8e3f5a032e319?s=96&d=mm&r=g","contentUrl":"https:\/\/secure.gravatar.com\/avatar\/ae2f4d718e6c49043e314ce431e7e645d646302a24a5ef5a8bc8e3f5a032e319?s=96&d=mm&r=g","caption":"admin"},"sameAs":["https:\/\/develop.organisator.galledia.ch"],"url":"https:\/\/news.save.ch\/fr\/author\/admin\/"}]}},"_links":{"self":[{"href":"https:\/\/news.save.ch\/fr\/wp-json\/wp\/v2\/posts\/304","targetHints":{"allow":["GET"]}}],"collection":[{"href":"https:\/\/news.save.ch\/fr\/wp-json\/wp\/v2\/posts"}],"about":[{"href":"https:\/\/news.save.ch\/fr\/wp-json\/wp\/v2\/types\/post"}],"author":[{"embeddable":true,"href":"https:\/\/news.save.ch\/fr\/wp-json\/wp\/v2\/users\/1"}],"replies":[{"embeddable":true,"href":"https:\/\/news.save.ch\/fr\/wp-json\/wp\/v2\/comments?post=304"}],"version-history":[{"count":1,"href":"https:\/\/news.save.ch\/fr\/wp-json\/wp\/v2\/posts\/304\/revisions"}],"predecessor-version":[{"id":17810,"href":"https:\/\/news.save.ch\/fr\/wp-json\/wp\/v2\/posts\/304\/revisions\/17810"}],"wp:featuredmedia":[{"embeddable":true,"href":"https:\/\/news.save.ch\/fr\/wp-json\/wp\/v2\/media\/305"}],"wp:attachment":[{"href":"https:\/\/news.save.ch\/fr\/wp-json\/wp\/v2\/media?parent=304"}],"wp:term":[{"taxonomy":"category","embeddable":true,"href":"https:\/\/news.save.ch\/fr\/wp-json\/wp\/v2\/categories?post=304"},{"taxonomy":"post_tag","embeddable":true,"href":"https:\/\/news.save.ch\/fr\/wp-json\/wp\/v2\/tags?post=304"}],"curies":[{"name":"wp","href":"https:\/\/api.w.org\/{rel}","templated":true}]}}