{"id":3072,"date":"2015-03-20T10:59:03","date_gmt":"2015-03-20T09:59:03","guid":{"rendered":"https:\/\/dev.sicherheitsforum.ch\/?p=3072"},"modified":"2015-03-20T10:59:03","modified_gmt":"2015-03-20T09:59:03","slug":"ueberwachung-bei-straftaten-neues-system-in-betrieb","status":null,"type":"post","link":"https:\/\/news.save.ch\/fr\/ueberwachung-bei-straftaten-neues-system-in-betrieb\/","title":{"rendered":"Surveillance en cas de d\u00e9lits : Nouveau syst\u00e8me en service"},"content":{"rendered":"<figure id=\"attachment_3073\" aria-describedby=\"caption-attachment-3073\" style=\"width: 680px\" class=\"wp-caption alignnone\"><img loading=\"lazy\" decoding=\"async\" class=\"size-medium wp-image-3073\" src=\"https:\/\/news.save.ch\/wp-content\/uploads\/2016\/12\/Ueberwachung-bei-Straftaten-Neues-System-in-Betrieb-sicherheitsforum.jpg\" alt=\"\" width=\"680\" height=\"453\" \/><figcaption id=\"caption-attachment-3073\" class=\"wp-caption-text\">Meilleures possibilit\u00e9s de surveillance de la correspondance par poste et t\u00e9l\u00e9communication<\/figcaption><\/figure>\n<p>Lors d'une proc\u00e9dure p\u00e9nale ou de l'ex\u00e9cution d'une demande d'entraide judiciaire, les autorit\u00e9s comp\u00e9tentes des cantons et de la Conf\u00e9d\u00e9ration peuvent <a title=\"Lien vers le service \u00dcPF\" href=\"https:\/\/www.li.admin.ch\/de\" target=\"_blank\" data-cke-saved-href=\"https:\/\/www.li.admin.ch\/de\" rel=\"noopener\">Service de surveillance de la correspondance par poste et t\u00e9l\u00e9communication <\/a>(service \u00dcPF) de mesures de surveillance. Pour ce faire, le service \u00dcPF exploite un syst\u00e8me de traitement central afin de contribuer \u00e0 l'\u00e9lucidation de crimes graves. Il y a quelques jours, le syst\u00e8me est devenu pleinement op\u00e9rationnel, comme le fait savoir le D\u00e9partement f\u00e9d\u00e9ral de justice et police (DFJP).<\/p>\n<p>Le service \u00dcPF est charg\u00e9 de la mise en \u0153uvre conforme au droit des surveillances de la correspondance par poste et t\u00e9l\u00e9communication. Selon le DFJP, il veille \u00e0 ce que les exigences de la protection des donn\u00e9es et de la s\u00e9curit\u00e9 de l'information soient respect\u00e9es.<\/p>\n<p>L'ancien syst\u00e8me de surveillance avait atteint la fin de son cycle de vie - un remplacement s'imposait : Le premier projet Interception System Schweiz (ISS) avait \u00e9t\u00e9 retard\u00e9 \u00e0 plusieurs reprises en raison de complications techniques et de difficult\u00e9s de livraison, selon le communiqu\u00e9. La collaboration avec le fabricant ayant pris fin en septembre 2013, le DFJP a lanc\u00e9 en d\u00e9cembre 2013 le projet ISS 2 avec le fabricant d'un syst\u00e8me alternatif d\u00e9j\u00e0 \u00e9valu\u00e9.<\/p>\n<p>En novembre dernier, les responsables ont lanc\u00e9 l'exploitation pilote productive du nouveau syst\u00e8me. L'efficacit\u00e9 ainsi que la protection des donn\u00e9es et la s\u00e9curit\u00e9 de l'information ont ainsi pu \u00eatre consid\u00e9rablement am\u00e9lior\u00e9es, comme le souligne le DFJP.<\/p>\n<p>La fonctionnalit\u00e9 du syst\u00e8me est li\u00e9e aux bases l\u00e9gales actuelles. Elle peut toutefois \u00eatre adapt\u00e9e \u00e0 de nouvelles conditions et exigences juridiques, par exemple lors de la r\u00e9vision pr\u00e9vue de la loi f\u00e9d\u00e9rale sur la surveillance de la correspondance par poste et t\u00e9l\u00e9communication (LSCPT), conclut le communiqu\u00e9. Une formation se forme contre une r\u00e9vision de la LSCPT <a title=\"Lien vers Stop LSCPT\" href=\"https:\/\/stopbuepf.ch\/buepf\/\" target=\"_blank\" data-cke-saved-href=\"https:\/\/stopbuepf.ch\/buepf\/\" rel=\"noopener\">R\u00e9sistance<\/a>.<\/p>","protected":false},"excerpt":{"rendered":"<p>Bei einem Strafverfahrens oder beim Vollzug eines Rechtshilfeersuchens k\u00f6nnen die zust\u00e4ndigen Beh\u00f6rden der Kantone und des Bundes den Dienst \u00dcberwachung Post- und Fernmeldeverkehr (Dienst \u00dcPF) mit \u00dcberwachungsmassnahmen beauftragen. Dazu betreibt der Dienst \u00dcPF ein zentrales Verarbeitungssystem, um mitzuhelfen, schwere Verbrechen aufzukl\u00e4ren. Vor wenigen Tagen konnte der Vollbetrieb des Systems aufgenommen werden, wie das Eidgen\u00f6ssische Justiz- [&hellip;]<\/p>\n","protected":false},"author":1,"featured_media":3073,"comment_status":"open","ping_status":"open","sticky":false,"template":"","format":"standard","meta":{"_acf_changed":false,"pgc_sgb_lightbox_settings":"","footnotes":""},"categories":[1],"tags":[69,115],"class_list":["post-3072","post","type-post","status-publish","format-standard","has-post-thumbnail","hentry","category-allgemein","tag-justiz-polizei","tag-wirtschaftskriminalitaet"],"acf":[],"hkrextid":null,"publication":null,"issue":null,"workflow":null,"startPage":null,"spitzmarke":null,"_posts_by_tag_page_fields":{"widget_title":"","widget_tags":""},"_at_widget":"1","_yoast_wpseo_primary_category":"1","_yoast_wpseo_focuskw_text_input":"\u00dcberwachung","_yoast_wpseo_opengraph-image":"https:\/\/sicherheitsforum.ch\/wp-content\/uploads\/2016\/12\/\u00dcberwachung-bei-Straftaten-Neues-System-in-Betrieb-sicherheitsforum.jpg","_yoast_wpseo_opengraph-description":"Der Dienst \u00dcberwachung Post- und Fernmeldeverkehr hat vor wenigen Tagen den Vollbetrieb eines neuen Verarbeitungssystems aufgenommen. Das soll mithelfen, schwere Verbrechen aufzukl\u00e4ren.","_yoast_wpseo_opengraph-title":"\u00dcberwachung bei Straftaten: Neues System in Betrieb","enclosure":null,"_yoast_wpseo_twitter-title":null,"_yoast_wpseo_twitter-description":null,"_yoast_wpseo_twitter-image":null,"_wp_old_slug":null,"_yoast_wpseo_title":null,"_yoast_wpseo_canonical":null,"yoast_head":"<!-- This site is optimized with the Yoast SEO plugin v27.4 - https:\/\/yoast.com\/product\/yoast-seo-wordpress\/ -->\n<title>\u00dcberwachung bei Straftaten: Neues System in Betrieb - Save<\/title>\n<meta name=\"description\" content=\"\u00dcberwachung Post- und Fernmeldeverkehr hat den Vollbetrieb eines neuen Verarbeitungssystems aufgenommen. Das soll mithelfen, schwere Verbrechen aufzukl\u00e4ren.\" \/>\n<meta name=\"robots\" content=\"index, follow, max-snippet:-1, max-image-preview:large, max-video-preview:-1\" \/>\n<link rel=\"canonical\" href=\"https:\/\/news.save.ch\/fr\/ueberwachung-bei-straftaten-neues-system-in-betrieb\/\" \/>\n<meta property=\"og:locale\" content=\"fr_FR\" \/>\n<meta property=\"og:type\" content=\"article\" \/>\n<meta property=\"og:title\" content=\"\u00dcberwachung bei Straftaten: Neues System in Betrieb\" \/>\n<meta property=\"og:description\" content=\"Der Dienst \u00dcberwachung Post- und Fernmeldeverkehr hat vor wenigen Tagen den Vollbetrieb eines neuen Verarbeitungssystems aufgenommen. Das soll mithelfen, schwere Verbrechen aufzukl\u00e4ren.\" \/>\n<meta property=\"og:url\" content=\"https:\/\/news.save.ch\/fr\/ueberwachung-bei-straftaten-neues-system-in-betrieb\/\" \/>\n<meta property=\"og:site_name\" content=\"Save\" \/>\n<meta property=\"article:published_time\" content=\"2015-03-20T09:59:03+00:00\" \/>\n<meta property=\"og:image\" content=\"https:\/\/sicherheitsforum.ch\/wp-content\/uploads\/2016\/12\/\u00dcberwachung-bei-Straftaten-Neues-System-in-Betrieb-sicherheitsforum.jpg\" \/>\n<meta name=\"author\" content=\"admin\" \/>\n<meta name=\"twitter:card\" content=\"summary_large_image\" \/>\n<meta name=\"twitter:label1\" content=\"\u00c9crit par\" \/>\n\t<meta name=\"twitter:data1\" content=\"admin\" \/>\n\t<meta name=\"twitter:label2\" content=\"Dur\u00e9e de lecture estim\u00e9e\" \/>\n\t<meta name=\"twitter:data2\" content=\"1 minute\" \/>\n<script type=\"application\/ld+json\" class=\"yoast-schema-graph\">{\"@context\":\"https:\\\/\\\/schema.org\",\"@graph\":[{\"@type\":\"Article\",\"@id\":\"https:\\\/\\\/news.save.ch\\\/ueberwachung-bei-straftaten-neues-system-in-betrieb\\\/#article\",\"isPartOf\":{\"@id\":\"https:\\\/\\\/news.save.ch\\\/ueberwachung-bei-straftaten-neues-system-in-betrieb\\\/\"},\"author\":{\"name\":\"admin\",\"@id\":\"https:\\\/\\\/news.save.ch\\\/de\\\/#\\\/schema\\\/person\\\/d49e199490bad7c70d64b9ab51142f2b\"},\"headline\":\"\u00dcberwachung bei Straftaten: Neues System in Betrieb\",\"datePublished\":\"2015-03-20T09:59:03+00:00\",\"mainEntityOfPage\":{\"@id\":\"https:\\\/\\\/news.save.ch\\\/ueberwachung-bei-straftaten-neues-system-in-betrieb\\\/\"},\"wordCount\":266,\"commentCount\":0,\"publisher\":{\"@id\":\"https:\\\/\\\/news.save.ch\\\/de\\\/#organization\"},\"image\":{\"@id\":\"https:\\\/\\\/news.save.ch\\\/ueberwachung-bei-straftaten-neues-system-in-betrieb\\\/#primaryimage\"},\"thumbnailUrl\":\"https:\\\/\\\/news.save.ch\\\/wp-content\\\/uploads\\\/2016\\\/12\\\/Ueberwachung-bei-Straftaten-Neues-System-in-Betrieb-sicherheitsforum-scaled.jpg\",\"keywords\":[\"Justiz &amp; Polizei\",\"Wirtschaftskriminalit\u00e4t\"],\"articleSection\":[\"ALLGEMEIN\"],\"inLanguage\":\"fr-FR\"},{\"@type\":\"WebPage\",\"@id\":\"https:\\\/\\\/news.save.ch\\\/ueberwachung-bei-straftaten-neues-system-in-betrieb\\\/\",\"url\":\"https:\\\/\\\/news.save.ch\\\/ueberwachung-bei-straftaten-neues-system-in-betrieb\\\/\",\"name\":\"\u00dcberwachung bei Straftaten: Neues System in Betrieb - Save\",\"isPartOf\":{\"@id\":\"https:\\\/\\\/news.save.ch\\\/de\\\/#website\"},\"primaryImageOfPage\":{\"@id\":\"https:\\\/\\\/news.save.ch\\\/ueberwachung-bei-straftaten-neues-system-in-betrieb\\\/#primaryimage\"},\"image\":{\"@id\":\"https:\\\/\\\/news.save.ch\\\/ueberwachung-bei-straftaten-neues-system-in-betrieb\\\/#primaryimage\"},\"thumbnailUrl\":\"https:\\\/\\\/news.save.ch\\\/wp-content\\\/uploads\\\/2016\\\/12\\\/Ueberwachung-bei-Straftaten-Neues-System-in-Betrieb-sicherheitsforum-scaled.jpg\",\"datePublished\":\"2015-03-20T09:59:03+00:00\",\"description\":\"\u00dcberwachung Post- und Fernmeldeverkehr hat den Vollbetrieb eines neuen Verarbeitungssystems aufgenommen. Das soll mithelfen, schwere Verbrechen aufzukl\u00e4ren.\",\"breadcrumb\":{\"@id\":\"https:\\\/\\\/news.save.ch\\\/ueberwachung-bei-straftaten-neues-system-in-betrieb\\\/#breadcrumb\"},\"inLanguage\":\"fr-FR\",\"potentialAction\":[{\"@type\":\"ReadAction\",\"target\":[\"https:\\\/\\\/news.save.ch\\\/ueberwachung-bei-straftaten-neues-system-in-betrieb\\\/\"]}]},{\"@type\":\"ImageObject\",\"inLanguage\":\"fr-FR\",\"@id\":\"https:\\\/\\\/news.save.ch\\\/ueberwachung-bei-straftaten-neues-system-in-betrieb\\\/#primaryimage\",\"url\":\"https:\\\/\\\/news.save.ch\\\/wp-content\\\/uploads\\\/2016\\\/12\\\/Ueberwachung-bei-Straftaten-Neues-System-in-Betrieb-sicherheitsforum-scaled.jpg\",\"contentUrl\":\"https:\\\/\\\/news.save.ch\\\/wp-content\\\/uploads\\\/2016\\\/12\\\/Ueberwachung-bei-Straftaten-Neues-System-in-Betrieb-sicherheitsforum-scaled.jpg\",\"width\":1400,\"height\":934,\"caption\":\"Bessere \u00dcberwachungsm\u00f6glichkeiten des Post- und Fernmeldeverkehrs\"},{\"@type\":\"BreadcrumbList\",\"@id\":\"https:\\\/\\\/news.save.ch\\\/ueberwachung-bei-straftaten-neues-system-in-betrieb\\\/#breadcrumb\",\"itemListElement\":[{\"@type\":\"ListItem\",\"position\":1,\"name\":\"Home\",\"item\":\"https:\\\/\\\/news.save.ch\\\/de\\\/\"},{\"@type\":\"ListItem\",\"position\":2,\"name\":\"\u00dcberwachung bei Straftaten: Neues System in Betrieb\"}]},{\"@type\":\"WebSite\",\"@id\":\"https:\\\/\\\/news.save.ch\\\/de\\\/#website\",\"url\":\"https:\\\/\\\/news.save.ch\\\/de\\\/\",\"name\":\"Save\",\"description\":\"Schweizer Fachzeitschrift f\u00fcr Sicherheit\",\"publisher\":{\"@id\":\"https:\\\/\\\/news.save.ch\\\/de\\\/#organization\"},\"potentialAction\":[{\"@type\":\"SearchAction\",\"target\":{\"@type\":\"EntryPoint\",\"urlTemplate\":\"https:\\\/\\\/news.save.ch\\\/de\\\/?s={search_term_string}\"},\"query-input\":{\"@type\":\"PropertyValueSpecification\",\"valueRequired\":true,\"valueName\":\"search_term_string\"}}],\"inLanguage\":\"fr-FR\"},{\"@type\":\"Organization\",\"@id\":\"https:\\\/\\\/news.save.ch\\\/de\\\/#organization\",\"name\":\"Sicherheitsforum\",\"url\":\"https:\\\/\\\/news.save.ch\\\/de\\\/\",\"logo\":{\"@type\":\"ImageObject\",\"inLanguage\":\"fr-FR\",\"@id\":\"https:\\\/\\\/news.save.ch\\\/de\\\/#\\\/schema\\\/logo\\\/image\\\/\",\"url\":\"https:\\\/\\\/news.save.ch\\\/wp-content\\\/uploads\\\/2022\\\/06\\\/Logo_SF_2012.png\",\"contentUrl\":\"https:\\\/\\\/news.save.ch\\\/wp-content\\\/uploads\\\/2022\\\/06\\\/Logo_SF_2012.png\",\"width\":1100,\"height\":91,\"caption\":\"Sicherheitsforum\"},\"image\":{\"@id\":\"https:\\\/\\\/news.save.ch\\\/de\\\/#\\\/schema\\\/logo\\\/image\\\/\"}},{\"@type\":\"Person\",\"@id\":\"https:\\\/\\\/news.save.ch\\\/de\\\/#\\\/schema\\\/person\\\/d49e199490bad7c70d64b9ab51142f2b\",\"name\":\"admin\",\"image\":{\"@type\":\"ImageObject\",\"inLanguage\":\"fr-FR\",\"@id\":\"https:\\\/\\\/secure.gravatar.com\\\/avatar\\\/ae2f4d718e6c49043e314ce431e7e645d646302a24a5ef5a8bc8e3f5a032e319?s=96&d=mm&r=g\",\"url\":\"https:\\\/\\\/secure.gravatar.com\\\/avatar\\\/ae2f4d718e6c49043e314ce431e7e645d646302a24a5ef5a8bc8e3f5a032e319?s=96&d=mm&r=g\",\"contentUrl\":\"https:\\\/\\\/secure.gravatar.com\\\/avatar\\\/ae2f4d718e6c49043e314ce431e7e645d646302a24a5ef5a8bc8e3f5a032e319?s=96&d=mm&r=g\",\"caption\":\"admin\"},\"sameAs\":[\"https:\\\/\\\/develop.organisator.galledia.ch\"],\"url\":\"https:\\\/\\\/news.save.ch\\\/fr\\\/author\\\/admin\\\/\"}]}<\/script>\n<!-- \/ Yoast SEO plugin. -->","yoast_head_json":{"title":"Surveillance en cas de d\u00e9lits : Nouveau syst\u00e8me en service - Save","description":"La surveillance de la correspondance par poste et t\u00e9l\u00e9communication a mis en service un nouveau syst\u00e8me de traitement. Celui-ci doit contribuer \u00e0 \u00e9lucider des crimes graves.","robots":{"index":"index","follow":"follow","max-snippet":"max-snippet:-1","max-image-preview":"max-image-preview:large","max-video-preview":"max-video-preview:-1"},"canonical":"https:\/\/news.save.ch\/fr\/ueberwachung-bei-straftaten-neues-system-in-betrieb\/","og_locale":"fr_FR","og_type":"article","og_title":"\u00dcberwachung bei Straftaten: Neues System in Betrieb","og_description":"Der Dienst \u00dcberwachung Post- und Fernmeldeverkehr hat vor wenigen Tagen den Vollbetrieb eines neuen Verarbeitungssystems aufgenommen. Das soll mithelfen, schwere Verbrechen aufzukl\u00e4ren.","og_url":"https:\/\/news.save.ch\/fr\/ueberwachung-bei-straftaten-neues-system-in-betrieb\/","og_site_name":"Save","article_published_time":"2015-03-20T09:59:03+00:00","og_image":[{"url":"https:\/\/sicherheitsforum.ch\/wp-content\/uploads\/2016\/12\/\u00dcberwachung-bei-Straftaten-Neues-System-in-Betrieb-sicherheitsforum.jpg","type":"","width":"","height":""}],"author":"admin","twitter_card":"summary_large_image","twitter_misc":{"\u00c9crit par":"admin","Dur\u00e9e de lecture estim\u00e9e":"1 minute"},"schema":{"@context":"https:\/\/schema.org","@graph":[{"@type":"Article","@id":"https:\/\/news.save.ch\/ueberwachung-bei-straftaten-neues-system-in-betrieb\/#article","isPartOf":{"@id":"https:\/\/news.save.ch\/ueberwachung-bei-straftaten-neues-system-in-betrieb\/"},"author":{"name":"admin","@id":"https:\/\/news.save.ch\/de\/#\/schema\/person\/d49e199490bad7c70d64b9ab51142f2b"},"headline":"\u00dcberwachung bei Straftaten: Neues System in Betrieb","datePublished":"2015-03-20T09:59:03+00:00","mainEntityOfPage":{"@id":"https:\/\/news.save.ch\/ueberwachung-bei-straftaten-neues-system-in-betrieb\/"},"wordCount":266,"commentCount":0,"publisher":{"@id":"https:\/\/news.save.ch\/de\/#organization"},"image":{"@id":"https:\/\/news.save.ch\/ueberwachung-bei-straftaten-neues-system-in-betrieb\/#primaryimage"},"thumbnailUrl":"https:\/\/news.save.ch\/wp-content\/uploads\/2016\/12\/Ueberwachung-bei-Straftaten-Neues-System-in-Betrieb-sicherheitsforum-scaled.jpg","keywords":["Justiz &amp; Polizei","Wirtschaftskriminalit\u00e4t"],"articleSection":["ALLGEMEIN"],"inLanguage":"fr-FR"},{"@type":"WebPage","@id":"https:\/\/news.save.ch\/ueberwachung-bei-straftaten-neues-system-in-betrieb\/","url":"https:\/\/news.save.ch\/ueberwachung-bei-straftaten-neues-system-in-betrieb\/","name":"Surveillance en cas de d\u00e9lits : Nouveau syst\u00e8me en service - Save","isPartOf":{"@id":"https:\/\/news.save.ch\/de\/#website"},"primaryImageOfPage":{"@id":"https:\/\/news.save.ch\/ueberwachung-bei-straftaten-neues-system-in-betrieb\/#primaryimage"},"image":{"@id":"https:\/\/news.save.ch\/ueberwachung-bei-straftaten-neues-system-in-betrieb\/#primaryimage"},"thumbnailUrl":"https:\/\/news.save.ch\/wp-content\/uploads\/2016\/12\/Ueberwachung-bei-Straftaten-Neues-System-in-Betrieb-sicherheitsforum-scaled.jpg","datePublished":"2015-03-20T09:59:03+00:00","description":"La surveillance de la correspondance par poste et t\u00e9l\u00e9communication a mis en service un nouveau syst\u00e8me de traitement. Celui-ci doit contribuer \u00e0 \u00e9lucider des crimes graves.","breadcrumb":{"@id":"https:\/\/news.save.ch\/ueberwachung-bei-straftaten-neues-system-in-betrieb\/#breadcrumb"},"inLanguage":"fr-FR","potentialAction":[{"@type":"ReadAction","target":["https:\/\/news.save.ch\/ueberwachung-bei-straftaten-neues-system-in-betrieb\/"]}]},{"@type":"ImageObject","inLanguage":"fr-FR","@id":"https:\/\/news.save.ch\/ueberwachung-bei-straftaten-neues-system-in-betrieb\/#primaryimage","url":"https:\/\/news.save.ch\/wp-content\/uploads\/2016\/12\/Ueberwachung-bei-Straftaten-Neues-System-in-Betrieb-sicherheitsforum-scaled.jpg","contentUrl":"https:\/\/news.save.ch\/wp-content\/uploads\/2016\/12\/Ueberwachung-bei-Straftaten-Neues-System-in-Betrieb-sicherheitsforum-scaled.jpg","width":1400,"height":934,"caption":"Bessere \u00dcberwachungsm\u00f6glichkeiten des Post- und Fernmeldeverkehrs"},{"@type":"BreadcrumbList","@id":"https:\/\/news.save.ch\/ueberwachung-bei-straftaten-neues-system-in-betrieb\/#breadcrumb","itemListElement":[{"@type":"ListItem","position":1,"name":"Home","item":"https:\/\/news.save.ch\/de\/"},{"@type":"ListItem","position":2,"name":"\u00dcberwachung bei Straftaten: Neues System in Betrieb"}]},{"@type":"WebSite","@id":"https:\/\/news.save.ch\/de\/#website","url":"https:\/\/news.save.ch\/de\/","name":"Save","description":"Revue suisse sp\u00e9cialis\u00e9e dans la s\u00e9curit\u00e9","publisher":{"@id":"https:\/\/news.save.ch\/de\/#organization"},"potentialAction":[{"@type":"SearchAction","target":{"@type":"EntryPoint","urlTemplate":"https:\/\/news.save.ch\/de\/?s={search_term_string}"},"query-input":{"@type":"PropertyValueSpecification","valueRequired":true,"valueName":"search_term_string"}}],"inLanguage":"fr-FR"},{"@type":"Organization","@id":"https:\/\/news.save.ch\/de\/#organization","name":"Forum sur la s\u00e9curit\u00e9","url":"https:\/\/news.save.ch\/de\/","logo":{"@type":"ImageObject","inLanguage":"fr-FR","@id":"https:\/\/news.save.ch\/de\/#\/schema\/logo\/image\/","url":"https:\/\/news.save.ch\/wp-content\/uploads\/2022\/06\/Logo_SF_2012.png","contentUrl":"https:\/\/news.save.ch\/wp-content\/uploads\/2022\/06\/Logo_SF_2012.png","width":1100,"height":91,"caption":"Sicherheitsforum"},"image":{"@id":"https:\/\/news.save.ch\/de\/#\/schema\/logo\/image\/"}},{"@type":"Person","@id":"https:\/\/news.save.ch\/de\/#\/schema\/person\/d49e199490bad7c70d64b9ab51142f2b","name":"admin","image":{"@type":"ImageObject","inLanguage":"fr-FR","@id":"https:\/\/secure.gravatar.com\/avatar\/ae2f4d718e6c49043e314ce431e7e645d646302a24a5ef5a8bc8e3f5a032e319?s=96&d=mm&r=g","url":"https:\/\/secure.gravatar.com\/avatar\/ae2f4d718e6c49043e314ce431e7e645d646302a24a5ef5a8bc8e3f5a032e319?s=96&d=mm&r=g","contentUrl":"https:\/\/secure.gravatar.com\/avatar\/ae2f4d718e6c49043e314ce431e7e645d646302a24a5ef5a8bc8e3f5a032e319?s=96&d=mm&r=g","caption":"admin"},"sameAs":["https:\/\/develop.organisator.galledia.ch"],"url":"https:\/\/news.save.ch\/fr\/author\/admin\/"}]}},"_links":{"self":[{"href":"https:\/\/news.save.ch\/fr\/wp-json\/wp\/v2\/posts\/3072","targetHints":{"allow":["GET"]}}],"collection":[{"href":"https:\/\/news.save.ch\/fr\/wp-json\/wp\/v2\/posts"}],"about":[{"href":"https:\/\/news.save.ch\/fr\/wp-json\/wp\/v2\/types\/post"}],"author":[{"embeddable":true,"href":"https:\/\/news.save.ch\/fr\/wp-json\/wp\/v2\/users\/1"}],"replies":[{"embeddable":true,"href":"https:\/\/news.save.ch\/fr\/wp-json\/wp\/v2\/comments?post=3072"}],"version-history":[{"count":0,"href":"https:\/\/news.save.ch\/fr\/wp-json\/wp\/v2\/posts\/3072\/revisions"}],"wp:featuredmedia":[{"embeddable":true,"href":"https:\/\/news.save.ch\/fr\/wp-json\/wp\/v2\/media\/3073"}],"wp:attachment":[{"href":"https:\/\/news.save.ch\/fr\/wp-json\/wp\/v2\/media?parent=3072"}],"wp:term":[{"taxonomy":"category","embeddable":true,"href":"https:\/\/news.save.ch\/fr\/wp-json\/wp\/v2\/categories?post=3072"},{"taxonomy":"post_tag","embeddable":true,"href":"https:\/\/news.save.ch\/fr\/wp-json\/wp\/v2\/tags?post=3072"}],"curies":[{"name":"wp","href":"https:\/\/api.w.org\/{rel}","templated":true}]}}