{"id":3079,"date":"2018-07-17T10:13:51","date_gmt":"2018-07-17T08:13:51","guid":{"rendered":"https:\/\/news.save.ch\/?p=3079"},"modified":"2023-03-14T09:05:34","modified_gmt":"2023-03-14T08:05:34","slug":"medikamente-am-steuer-die-unterschaetzte-gefahr","status":null,"type":"post","link":"https:\/\/news.save.ch\/fr\/medikamente-am-steuer-die-unterschaetzte-gefahr\/","title":{"rendered":"M\u00e9dicaments au volant : un danger sous-estim\u00e9"},"content":{"rendered":"<figure id=\"attachment_3082\" aria-describedby=\"caption-attachment-3082\" style=\"width: 680px\" class=\"wp-caption alignnone\"><img loading=\"lazy\" decoding=\"async\" class=\"size-medium wp-image-3082\" src=\"http:\/\/develop.safety-plus.ch\/wp-content\/uploads\/2018\/07\/A3_SFM_de_HR.jpg\" alt=\"\" width=\"680\" height=\"746\" \/><figcaption id=\"caption-attachment-3082\" class=\"wp-caption-text\">Chaque ann\u00e9e, environ 150 personnes sont gri\u00e8vement bless\u00e9es ou tu\u00e9es sur les routes suisses lors d'accidents dus \u00e0 la consommation de m\u00e9dicaments ou de drogues. Car conduite et m\u00e9dicaments ne font pas toujours bon m\u00e9nage. \u00a9 bpa<\/figcaption><\/figure>\n<p>Prendre des m\u00e9dicaments et conduire ne font pas toujours bon m\u00e9nage. Chaque ann\u00e9e, environ 150 personnes sont gri\u00e8vement bless\u00e9es ou tu\u00e9es sur les routes suisses dans des accidents dus \u00e0 la consommation de m\u00e9dicaments ou de drogues. Plusieurs \u00e9tudes sugg\u00e8rent que le nombre effectif est m\u00eame nettement plus \u00e9lev\u00e9.<\/p>\n<p>Certes, certains m\u00e9dicaments permettent aux personnes malades (par exemple en cas de <a href=\"https:\/\/news.save.ch\/fr\/zeichen-setzen-fuer-die-seltenen\/\" target=\"_blank\" rel=\"noopener\">Epilepsie<\/a> ou <a href=\"https:\/\/news.save.ch\/fr\/der-coca-cola-report\/\" target=\"_blank\" rel=\"noopener\">Diab\u00e8te<\/a>) permettent de conduire. Or, quelque 3500 rem\u00e8des et m\u00e9dicaments disponibles en Suisse peuvent alt\u00e9rer la capacit\u00e9 de conduire. De nombreux m\u00e9dicaments - par exemple contre la grippe, le rhume des foins ou la migraine, ainsi que des analg\u00e9siques, des m\u00e9dicaments contre la tension art\u00e9rielle ou la combinaison de plusieurs pr\u00e9parations - peuvent limiter la capacit\u00e9 de jugement, la concentration ou la vision. Beaucoup de ces m\u00e9dicaments sont disponibles sans ordonnance.<\/p>\n<p><strong>Patients et professionnels responsables<\/strong><\/p>\n<p>Avec le message \"Demandez avant de conduire !\", le bpa, la FMH et la Soci\u00e9t\u00e9 suisse des pharmaciens pharmaSuisse lancent une campagne visant \u00e0 sensibiliser les patients \u00e0 cette probl\u00e9matique et \u00e0 r\u00e9duire ainsi le nombre d'accidents graves. La campagne comprend <a href=\"https:\/\/www.fragen-dann-fahren.ch\/_Resources\/Persistent\/67b6f485553877b5016ac4cd96c631c71d363329\/A4_SFM_de_HR.pdf\" target=\"_blank\" rel=\"noopener\">Affiches<\/a>, <a href=\"https:\/\/youtu.be\/fPquOS31Mko\" target=\"_blank\" rel=\"noopener\">Vid\u00e9os<\/a>, <a href=\"https:\/\/www.fragen-dann-fahren.ch\/_Resources\/Persistent\/cd806b042bbf0a4d05c81ca857839d1e4a61bec4\/105x297_SFM_Flyer_de_HR_Bogen.pdf\" target=\"_blank\" rel=\"noopener\">Tracts<\/a> ainsi que <a href=\"https:\/\/www.fragen-dann-fahren.ch\/de\/kampagnenmaterial-bestellen.html\" target=\"_blank\" rel=\"noopener\">Autocollants d'avertissement<\/a> pour les emballages de m\u00e9dicaments. Le mat\u00e9riel de campagne gratuit est mis \u00e0 la disposition des professionnels de la sant\u00e9 qui conseillent leurs clients et patients sur le sujet. Le mat\u00e9riel peut \u00e9galement \u00eatre command\u00e9 en ligne.<\/p>\n<p>Les conducteurs qui prennent des m\u00e9dicaments doivent tenir compte des points suivants :<\/p>\n<ul>\n<li>Renseignez-vous aupr\u00e8s d'un sp\u00e9cialiste (m\u00e9decin, pharmacien, droguiste) sur les effets que pourraient avoir les rem\u00e8des. Il existe souvent d'autres m\u00e9dicaments tout aussi efficaces qui n'alt\u00e8rent pas la capacit\u00e9 de conduire.<\/li>\n<li>Un changement de vos m\u00e9dicaments, par exemple une autre dose, peut \u00e9galement influencer votre capacit\u00e9 \u00e0 conduire. Parlez-en avec un professionnel de la sant\u00e9.<\/li>\n<li>Soyez prudent si vous prenez des somnif\u00e8res : Ceux-ci peuvent encore avoir des effets le lendemain.<\/li>\n<li>Respectez la dose prescrite ou consultez un sp\u00e9cialiste.<\/li>\n<li>Ne buvez pas d'alcool si vous prenez des m\u00e9dicaments : Il peut en renforcer ou en annuler les effets.<\/li>\n<\/ul>\n<p>Vers la campagne : <a href=\"https:\/\/www.fragen-dann-fahren.ch\/de\/home.html\" target=\"_blank\" rel=\"noopener\">www.fragen-dann-fahren.ch<\/a><\/p>\n<p>Texte : bpa <strong>\u2013 <\/strong><a href=\"\/fr\/www.bfu.ch\/\" target=\"_blank\" rel=\"noopener\">Bureau de pr\u00e9vention des accidents<\/a><\/p>","protected":false},"excerpt":{"rendered":"<p>Medikamente nehmen und Fahren vertragen sich nicht immer. Bei Unf\u00e4llen aufgrund von Medikamenten- oder Drogenkonsum werden auf Schweizer Strassen j\u00e4hrlich rund 150 Personen schwer verletzt oder get\u00f6tet. Mehrere Studien legen nahe, dass die effektive Zahl sogar deutlich h\u00f6her liegt. Zwar erm\u00f6glichen gewisse Medikamente kranken Menschen (z.\u00a0B. bei Epilepsie oder Diabetes) \u00fcberhaupt erst das Fahren. Doch [&hellip;]<\/p>\n","protected":false},"author":1,"featured_media":16284,"comment_status":"open","ping_status":"open","sticky":false,"template":"","format":"standard","meta":{"_acf_changed":false,"pgc_sgb_lightbox_settings":"","footnotes":""},"categories":[1,3314],"tags":[1908,1985,2031,2090],"class_list":["post-3079","post","type-post","status-publish","format-standard","has-post-thumbnail","hentry","category-allgemein","category-health-safety","tag-diabetes","tag-epilepsie","tag-fahrfaehigkeit","tag-fragen-dann-fahren"],"acf":[],"hkrextid":null,"publication":null,"issue":null,"workflow":null,"startPage":null,"spitzmarke":null,"_posts_by_tag_page_fields":{"widget_title":"","widget_tags":""},"_at_widget":"1","_yoast_wpseo_primary_category":"2","_yoast_wpseo_focuskw_text_input":"Medikamente","_yoast_wpseo_opengraph-image":null,"_yoast_wpseo_opengraph-description":null,"_yoast_wpseo_opengraph-title":null,"enclosure":null,"_yoast_wpseo_twitter-title":null,"_yoast_wpseo_twitter-description":null,"_yoast_wpseo_twitter-image":null,"_wp_old_slug":null,"_yoast_wpseo_title":null,"_yoast_wpseo_canonical":null,"yoast_head":"<!-- This site is optimized with the Yoast SEO plugin v27.5 - https:\/\/yoast.com\/product\/yoast-seo-wordpress\/ -->\n<title>Medikamente am Steuer: die untersch\u00e4tzte Gefahr - Save<\/title>\n<meta name=\"description\" content=\"Bei Unf\u00e4llen aufgrund von Medikamenten- oder Drogenkonsum werden auf Schweizer Strassen j\u00e4hrlich rund 150 Personen schwer verletzt oder get\u00f6tet.\" \/>\n<meta name=\"robots\" content=\"index, follow, max-snippet:-1, max-image-preview:large, max-video-preview:-1\" \/>\n<link rel=\"canonical\" href=\"https:\/\/news.save.ch\/fr\/medikamente-am-steuer-die-unterschaetzte-gefahr\/\" \/>\n<meta property=\"og:locale\" content=\"fr_FR\" \/>\n<meta property=\"og:type\" content=\"article\" \/>\n<meta property=\"og:title\" content=\"Medikamente am Steuer: die untersch\u00e4tzte Gefahr - Save\" \/>\n<meta property=\"og:description\" content=\"Bei Unf\u00e4llen aufgrund von Medikamenten- oder Drogenkonsum werden auf Schweizer Strassen j\u00e4hrlich rund 150 Personen schwer verletzt oder get\u00f6tet.\" \/>\n<meta property=\"og:url\" content=\"https:\/\/news.save.ch\/fr\/medikamente-am-steuer-die-unterschaetzte-gefahr\/\" \/>\n<meta property=\"og:site_name\" content=\"Save\" \/>\n<meta property=\"article:published_time\" content=\"2018-07-17T08:13:51+00:00\" \/>\n<meta property=\"article:modified_time\" content=\"2023-03-14T08:05:34+00:00\" \/>\n<meta property=\"og:image\" content=\"https:\/\/news.save.ch\/wp-content\/uploads\/2018\/07\/A3_SFM_de_HR-scaled-1.jpg\" \/>\n\t<meta property=\"og:image:width\" content=\"1094\" \/>\n\t<meta property=\"og:image:height\" content=\"1200\" \/>\n\t<meta property=\"og:image:type\" content=\"image\/jpeg\" \/>\n<meta name=\"author\" content=\"admin\" \/>\n<meta name=\"twitter:card\" content=\"summary_large_image\" \/>\n<meta name=\"twitter:label1\" content=\"\u00c9crit par\" \/>\n\t<meta name=\"twitter:data1\" content=\"admin\" \/>\n\t<meta name=\"twitter:label2\" content=\"Dur\u00e9e de lecture estim\u00e9e\" \/>\n\t<meta name=\"twitter:data2\" content=\"2 minutes\" \/>\n<script type=\"application\/ld+json\" class=\"yoast-schema-graph\">{\"@context\":\"https:\\\/\\\/schema.org\",\"@graph\":[{\"@type\":\"Article\",\"@id\":\"https:\\\/\\\/news.save.ch\\\/medikamente-am-steuer-die-unterschaetzte-gefahr\\\/#article\",\"isPartOf\":{\"@id\":\"https:\\\/\\\/news.save.ch\\\/medikamente-am-steuer-die-unterschaetzte-gefahr\\\/\"},\"author\":{\"name\":\"admin\",\"@id\":\"https:\\\/\\\/news.save.ch\\\/de\\\/#\\\/schema\\\/person\\\/d49e199490bad7c70d64b9ab51142f2b\"},\"headline\":\"Medikamente am Steuer: die untersch\u00e4tzte Gefahr\",\"datePublished\":\"2018-07-17T08:13:51+00:00\",\"dateModified\":\"2023-03-14T08:05:34+00:00\",\"mainEntityOfPage\":{\"@id\":\"https:\\\/\\\/news.save.ch\\\/medikamente-am-steuer-die-unterschaetzte-gefahr\\\/\"},\"wordCount\":354,\"commentCount\":0,\"publisher\":{\"@id\":\"https:\\\/\\\/news.save.ch\\\/de\\\/#organization\"},\"image\":{\"@id\":\"https:\\\/\\\/news.save.ch\\\/medikamente-am-steuer-die-unterschaetzte-gefahr\\\/#primaryimage\"},\"thumbnailUrl\":\"https:\\\/\\\/news.save.ch\\\/wp-content\\\/uploads\\\/2018\\\/07\\\/A3_SFM_de_HR-scaled-1.jpg\",\"keywords\":[\"Diabetes\",\"Epilepsie\",\"Fahrf\u00e4higkeit\",\"fragen-dann-fahren\"],\"articleSection\":[\"ALLGEMEIN\",\"HEALTH &amp; SAFETY\"],\"inLanguage\":\"fr-FR\"},{\"@type\":\"WebPage\",\"@id\":\"https:\\\/\\\/news.save.ch\\\/medikamente-am-steuer-die-unterschaetzte-gefahr\\\/\",\"url\":\"https:\\\/\\\/news.save.ch\\\/medikamente-am-steuer-die-unterschaetzte-gefahr\\\/\",\"name\":\"Medikamente am Steuer: die untersch\u00e4tzte Gefahr - Save\",\"isPartOf\":{\"@id\":\"https:\\\/\\\/news.save.ch\\\/de\\\/#website\"},\"primaryImageOfPage\":{\"@id\":\"https:\\\/\\\/news.save.ch\\\/medikamente-am-steuer-die-unterschaetzte-gefahr\\\/#primaryimage\"},\"image\":{\"@id\":\"https:\\\/\\\/news.save.ch\\\/medikamente-am-steuer-die-unterschaetzte-gefahr\\\/#primaryimage\"},\"thumbnailUrl\":\"https:\\\/\\\/news.save.ch\\\/wp-content\\\/uploads\\\/2018\\\/07\\\/A3_SFM_de_HR-scaled-1.jpg\",\"datePublished\":\"2018-07-17T08:13:51+00:00\",\"dateModified\":\"2023-03-14T08:05:34+00:00\",\"description\":\"Bei Unf\u00e4llen aufgrund von Medikamenten- oder Drogenkonsum werden auf Schweizer Strassen j\u00e4hrlich rund 150 Personen schwer verletzt oder get\u00f6tet.\",\"breadcrumb\":{\"@id\":\"https:\\\/\\\/news.save.ch\\\/medikamente-am-steuer-die-unterschaetzte-gefahr\\\/#breadcrumb\"},\"inLanguage\":\"fr-FR\",\"potentialAction\":[{\"@type\":\"ReadAction\",\"target\":[\"https:\\\/\\\/news.save.ch\\\/medikamente-am-steuer-die-unterschaetzte-gefahr\\\/\"]}]},{\"@type\":\"ImageObject\",\"inLanguage\":\"fr-FR\",\"@id\":\"https:\\\/\\\/news.save.ch\\\/medikamente-am-steuer-die-unterschaetzte-gefahr\\\/#primaryimage\",\"url\":\"https:\\\/\\\/news.save.ch\\\/wp-content\\\/uploads\\\/2018\\\/07\\\/A3_SFM_de_HR-scaled-1.jpg\",\"contentUrl\":\"https:\\\/\\\/news.save.ch\\\/wp-content\\\/uploads\\\/2018\\\/07\\\/A3_SFM_de_HR-scaled-1.jpg\",\"width\":1094,\"height\":1200,\"caption\":\"Bei Unf\u00e4llen aufgrund von Medikamenten- oder Drogenkonsum werden auf Schweizer Strassen j\u00e4hrlich rund 150 Personen schwer verletzt oder get\u00f6tet. \u00a9 bfu\"},{\"@type\":\"BreadcrumbList\",\"@id\":\"https:\\\/\\\/news.save.ch\\\/medikamente-am-steuer-die-unterschaetzte-gefahr\\\/#breadcrumb\",\"itemListElement\":[{\"@type\":\"ListItem\",\"position\":1,\"name\":\"Home\",\"item\":\"https:\\\/\\\/news.save.ch\\\/de\\\/\"},{\"@type\":\"ListItem\",\"position\":2,\"name\":\"Medikamente am Steuer: die untersch\u00e4tzte Gefahr\"}]},{\"@type\":\"WebSite\",\"@id\":\"https:\\\/\\\/news.save.ch\\\/de\\\/#website\",\"url\":\"https:\\\/\\\/news.save.ch\\\/de\\\/\",\"name\":\"Save\",\"description\":\"Schweizer Fachzeitschrift f\u00fcr Sicherheit\",\"publisher\":{\"@id\":\"https:\\\/\\\/news.save.ch\\\/de\\\/#organization\"},\"potentialAction\":[{\"@type\":\"SearchAction\",\"target\":{\"@type\":\"EntryPoint\",\"urlTemplate\":\"https:\\\/\\\/news.save.ch\\\/de\\\/?s={search_term_string}\"},\"query-input\":{\"@type\":\"PropertyValueSpecification\",\"valueRequired\":true,\"valueName\":\"search_term_string\"}}],\"inLanguage\":\"fr-FR\"},{\"@type\":\"Organization\",\"@id\":\"https:\\\/\\\/news.save.ch\\\/de\\\/#organization\",\"name\":\"Sicherheitsforum\",\"url\":\"https:\\\/\\\/news.save.ch\\\/de\\\/\",\"logo\":{\"@type\":\"ImageObject\",\"inLanguage\":\"fr-FR\",\"@id\":\"https:\\\/\\\/news.save.ch\\\/de\\\/#\\\/schema\\\/logo\\\/image\\\/\",\"url\":\"https:\\\/\\\/news.save.ch\\\/wp-content\\\/uploads\\\/2022\\\/06\\\/Logo_SF_2012.png\",\"contentUrl\":\"https:\\\/\\\/news.save.ch\\\/wp-content\\\/uploads\\\/2022\\\/06\\\/Logo_SF_2012.png\",\"width\":1100,\"height\":91,\"caption\":\"Sicherheitsforum\"},\"image\":{\"@id\":\"https:\\\/\\\/news.save.ch\\\/de\\\/#\\\/schema\\\/logo\\\/image\\\/\"}},{\"@type\":\"Person\",\"@id\":\"https:\\\/\\\/news.save.ch\\\/de\\\/#\\\/schema\\\/person\\\/d49e199490bad7c70d64b9ab51142f2b\",\"name\":\"admin\",\"image\":{\"@type\":\"ImageObject\",\"inLanguage\":\"fr-FR\",\"@id\":\"https:\\\/\\\/secure.gravatar.com\\\/avatar\\\/ae2f4d718e6c49043e314ce431e7e645d646302a24a5ef5a8bc8e3f5a032e319?s=96&d=mm&r=g\",\"url\":\"https:\\\/\\\/secure.gravatar.com\\\/avatar\\\/ae2f4d718e6c49043e314ce431e7e645d646302a24a5ef5a8bc8e3f5a032e319?s=96&d=mm&r=g\",\"contentUrl\":\"https:\\\/\\\/secure.gravatar.com\\\/avatar\\\/ae2f4d718e6c49043e314ce431e7e645d646302a24a5ef5a8bc8e3f5a032e319?s=96&d=mm&r=g\",\"caption\":\"admin\"},\"sameAs\":[\"https:\\\/\\\/develop.organisator.galledia.ch\"],\"url\":\"https:\\\/\\\/news.save.ch\\\/fr\\\/author\\\/admin\\\/\"}]}<\/script>\n<!-- \/ Yoast SEO plugin. -->","yoast_head_json":{"title":"M\u00e9dicaments au volant : un danger sous-estim\u00e9 - Save","description":"Chaque ann\u00e9e, environ 150 personnes sont gri\u00e8vement bless\u00e9es ou tu\u00e9es sur les routes suisses lors d'accidents dus \u00e0 la consommation de m\u00e9dicaments ou de drogues.","robots":{"index":"index","follow":"follow","max-snippet":"max-snippet:-1","max-image-preview":"max-image-preview:large","max-video-preview":"max-video-preview:-1"},"canonical":"https:\/\/news.save.ch\/fr\/medikamente-am-steuer-die-unterschaetzte-gefahr\/","og_locale":"fr_FR","og_type":"article","og_title":"Medikamente am Steuer: die untersch\u00e4tzte Gefahr - Save","og_description":"Bei Unf\u00e4llen aufgrund von Medikamenten- oder Drogenkonsum werden auf Schweizer Strassen j\u00e4hrlich rund 150 Personen schwer verletzt oder get\u00f6tet.","og_url":"https:\/\/news.save.ch\/fr\/medikamente-am-steuer-die-unterschaetzte-gefahr\/","og_site_name":"Save","article_published_time":"2018-07-17T08:13:51+00:00","article_modified_time":"2023-03-14T08:05:34+00:00","og_image":[{"width":1094,"height":1200,"url":"https:\/\/news.save.ch\/wp-content\/uploads\/2018\/07\/A3_SFM_de_HR-scaled-1.jpg","type":"image\/jpeg"}],"author":"admin","twitter_card":"summary_large_image","twitter_misc":{"\u00c9crit par":"admin","Dur\u00e9e de lecture estim\u00e9e":"2 minutes"},"schema":{"@context":"https:\/\/schema.org","@graph":[{"@type":"Article","@id":"https:\/\/news.save.ch\/medikamente-am-steuer-die-unterschaetzte-gefahr\/#article","isPartOf":{"@id":"https:\/\/news.save.ch\/medikamente-am-steuer-die-unterschaetzte-gefahr\/"},"author":{"name":"admin","@id":"https:\/\/news.save.ch\/de\/#\/schema\/person\/d49e199490bad7c70d64b9ab51142f2b"},"headline":"Medikamente am Steuer: die untersch\u00e4tzte Gefahr","datePublished":"2018-07-17T08:13:51+00:00","dateModified":"2023-03-14T08:05:34+00:00","mainEntityOfPage":{"@id":"https:\/\/news.save.ch\/medikamente-am-steuer-die-unterschaetzte-gefahr\/"},"wordCount":354,"commentCount":0,"publisher":{"@id":"https:\/\/news.save.ch\/de\/#organization"},"image":{"@id":"https:\/\/news.save.ch\/medikamente-am-steuer-die-unterschaetzte-gefahr\/#primaryimage"},"thumbnailUrl":"https:\/\/news.save.ch\/wp-content\/uploads\/2018\/07\/A3_SFM_de_HR-scaled-1.jpg","keywords":["Diabetes","Epilepsie","Fahrf\u00e4higkeit","fragen-dann-fahren"],"articleSection":["ALLGEMEIN","HEALTH &amp; SAFETY"],"inLanguage":"fr-FR"},{"@type":"WebPage","@id":"https:\/\/news.save.ch\/medikamente-am-steuer-die-unterschaetzte-gefahr\/","url":"https:\/\/news.save.ch\/medikamente-am-steuer-die-unterschaetzte-gefahr\/","name":"M\u00e9dicaments au volant : un danger sous-estim\u00e9 - Save","isPartOf":{"@id":"https:\/\/news.save.ch\/de\/#website"},"primaryImageOfPage":{"@id":"https:\/\/news.save.ch\/medikamente-am-steuer-die-unterschaetzte-gefahr\/#primaryimage"},"image":{"@id":"https:\/\/news.save.ch\/medikamente-am-steuer-die-unterschaetzte-gefahr\/#primaryimage"},"thumbnailUrl":"https:\/\/news.save.ch\/wp-content\/uploads\/2018\/07\/A3_SFM_de_HR-scaled-1.jpg","datePublished":"2018-07-17T08:13:51+00:00","dateModified":"2023-03-14T08:05:34+00:00","description":"Chaque ann\u00e9e, environ 150 personnes sont gri\u00e8vement bless\u00e9es ou tu\u00e9es sur les routes suisses lors d'accidents dus \u00e0 la consommation de m\u00e9dicaments ou de drogues.","breadcrumb":{"@id":"https:\/\/news.save.ch\/medikamente-am-steuer-die-unterschaetzte-gefahr\/#breadcrumb"},"inLanguage":"fr-FR","potentialAction":[{"@type":"ReadAction","target":["https:\/\/news.save.ch\/medikamente-am-steuer-die-unterschaetzte-gefahr\/"]}]},{"@type":"ImageObject","inLanguage":"fr-FR","@id":"https:\/\/news.save.ch\/medikamente-am-steuer-die-unterschaetzte-gefahr\/#primaryimage","url":"https:\/\/news.save.ch\/wp-content\/uploads\/2018\/07\/A3_SFM_de_HR-scaled-1.jpg","contentUrl":"https:\/\/news.save.ch\/wp-content\/uploads\/2018\/07\/A3_SFM_de_HR-scaled-1.jpg","width":1094,"height":1200,"caption":"Bei Unf\u00e4llen aufgrund von Medikamenten- oder Drogenkonsum werden auf Schweizer Strassen j\u00e4hrlich rund 150 Personen schwer verletzt oder get\u00f6tet. \u00a9 bfu"},{"@type":"BreadcrumbList","@id":"https:\/\/news.save.ch\/medikamente-am-steuer-die-unterschaetzte-gefahr\/#breadcrumb","itemListElement":[{"@type":"ListItem","position":1,"name":"Home","item":"https:\/\/news.save.ch\/de\/"},{"@type":"ListItem","position":2,"name":"Medikamente am Steuer: die untersch\u00e4tzte Gefahr"}]},{"@type":"WebSite","@id":"https:\/\/news.save.ch\/de\/#website","url":"https:\/\/news.save.ch\/de\/","name":"Save","description":"Revue suisse sp\u00e9cialis\u00e9e dans la s\u00e9curit\u00e9","publisher":{"@id":"https:\/\/news.save.ch\/de\/#organization"},"potentialAction":[{"@type":"SearchAction","target":{"@type":"EntryPoint","urlTemplate":"https:\/\/news.save.ch\/de\/?s={search_term_string}"},"query-input":{"@type":"PropertyValueSpecification","valueRequired":true,"valueName":"search_term_string"}}],"inLanguage":"fr-FR"},{"@type":"Organization","@id":"https:\/\/news.save.ch\/de\/#organization","name":"Forum sur la s\u00e9curit\u00e9","url":"https:\/\/news.save.ch\/de\/","logo":{"@type":"ImageObject","inLanguage":"fr-FR","@id":"https:\/\/news.save.ch\/de\/#\/schema\/logo\/image\/","url":"https:\/\/news.save.ch\/wp-content\/uploads\/2022\/06\/Logo_SF_2012.png","contentUrl":"https:\/\/news.save.ch\/wp-content\/uploads\/2022\/06\/Logo_SF_2012.png","width":1100,"height":91,"caption":"Sicherheitsforum"},"image":{"@id":"https:\/\/news.save.ch\/de\/#\/schema\/logo\/image\/"}},{"@type":"Person","@id":"https:\/\/news.save.ch\/de\/#\/schema\/person\/d49e199490bad7c70d64b9ab51142f2b","name":"admin","image":{"@type":"ImageObject","inLanguage":"fr-FR","@id":"https:\/\/secure.gravatar.com\/avatar\/ae2f4d718e6c49043e314ce431e7e645d646302a24a5ef5a8bc8e3f5a032e319?s=96&d=mm&r=g","url":"https:\/\/secure.gravatar.com\/avatar\/ae2f4d718e6c49043e314ce431e7e645d646302a24a5ef5a8bc8e3f5a032e319?s=96&d=mm&r=g","contentUrl":"https:\/\/secure.gravatar.com\/avatar\/ae2f4d718e6c49043e314ce431e7e645d646302a24a5ef5a8bc8e3f5a032e319?s=96&d=mm&r=g","caption":"admin"},"sameAs":["https:\/\/develop.organisator.galledia.ch"],"url":"https:\/\/news.save.ch\/fr\/author\/admin\/"}]}},"_links":{"self":[{"href":"https:\/\/news.save.ch\/fr\/wp-json\/wp\/v2\/posts\/3079","targetHints":{"allow":["GET"]}}],"collection":[{"href":"https:\/\/news.save.ch\/fr\/wp-json\/wp\/v2\/posts"}],"about":[{"href":"https:\/\/news.save.ch\/fr\/wp-json\/wp\/v2\/types\/post"}],"author":[{"embeddable":true,"href":"https:\/\/news.save.ch\/fr\/wp-json\/wp\/v2\/users\/1"}],"replies":[{"embeddable":true,"href":"https:\/\/news.save.ch\/fr\/wp-json\/wp\/v2\/comments?post=3079"}],"version-history":[{"count":1,"href":"https:\/\/news.save.ch\/fr\/wp-json\/wp\/v2\/posts\/3079\/revisions"}],"predecessor-version":[{"id":18301,"href":"https:\/\/news.save.ch\/fr\/wp-json\/wp\/v2\/posts\/3079\/revisions\/18301"}],"wp:featuredmedia":[{"embeddable":true,"href":"https:\/\/news.save.ch\/fr\/wp-json\/wp\/v2\/media\/16284"}],"wp:attachment":[{"href":"https:\/\/news.save.ch\/fr\/wp-json\/wp\/v2\/media?parent=3079"}],"wp:term":[{"taxonomy":"category","embeddable":true,"href":"https:\/\/news.save.ch\/fr\/wp-json\/wp\/v2\/categories?post=3079"},{"taxonomy":"post_tag","embeddable":true,"href":"https:\/\/news.save.ch\/fr\/wp-json\/wp\/v2\/tags?post=3079"}],"curies":[{"name":"wp","href":"https:\/\/api.w.org\/{rel}","templated":true}]}}