{"id":3116,"date":"2015-06-19T11:12:03","date_gmt":"2015-06-19T09:12:03","guid":{"rendered":"https:\/\/dev.sicherheitsforum.ch\/?p=3116"},"modified":"2023-03-14T08:59:01","modified_gmt":"2023-03-14T07:59:01","slug":"blitze-als-brandausloeser","status":null,"type":"post","link":"https:\/\/news.save.ch\/fr\/blitze-als-brandausloeser\/","title":{"rendered":"La foudre comme d\u00e9clencheur d'incendie"},"content":{"rendered":"<figure id=\"attachment_3119\" aria-describedby=\"caption-attachment-3119\" style=\"width: 680px\" class=\"wp-caption alignnone\"><img loading=\"lazy\" decoding=\"async\" class=\"size-medium wp-image-3119\" src=\"https:\/\/news.save.ch\/wp-content\/uploads\/2016\/12\/Blitze-als-Brandausloeser_sicherheitsforum.jpg\" alt=\"\" width=\"680\" height=\"651\" \/><figcaption id=\"caption-attachment-3119\" class=\"wp-caption-text\">Une bonne installation de protection contre la foudre est particuli\u00e8rement utile.<\/figcaption><\/figure>\n<p>Les coups de foudre directs causent g\u00e9n\u00e9ralement les plus gros d\u00e9g\u00e2ts. Dans le pire des cas, ils peuvent mettre le feu \u00e0 des b\u00e2timents entiers de mani\u00e8re explosive. Les coups de foudre indirects entra\u00eenent des dommages sur les appareils \u00e9lectriques tels que les t\u00e9l\u00e9viseurs, les ordinateurs ou les commandes de chauffage et sont plus fr\u00e9quents, comme le montrent les <a href=\"https:\/\/www.bfb-cipi.ch\" target=\"_blank\" data-cke-saved-href=\"https:\/\/www.bfb-cipi.ch\" rel=\"noopener\">Centre d'information pour la pr\u00e9vention des incendies<\/a> (BfB) \u00e9crit.<\/p>\n<p>La foudre tombe \u00e9galement \u00e0 c\u00f4t\u00e9 de tours, d'arbres, de lignes \u00e0 haute tension et \u00e0 proximit\u00e9 de cours d'eau. La foudre est impr\u00e9visible et peut frapper plusieurs fois au m\u00eame endroit. Selon le BfB, les syst\u00e8mes de protection contre la foudre n'emp\u00eachent pas les impacts, mais prot\u00e8gent les b\u00e2timents contre des dommages plus importants. Ils d\u00e9vieraient les impacts de foudre et feraient en sorte que la foudre soit pratiquement sans danger pour les b\u00e2timents. Bien que l'installation d'un tel syst\u00e8me ne soit prescrite que pour les b\u00e2timents particuli\u00e8rement menac\u00e9s, il est recommand\u00e9 de le g\u00e9n\u00e9raliser. Les co\u00fbts d'un syst\u00e8me de protection contre la foudre s'\u00e9l\u00e8vent en g\u00e9n\u00e9ral \u00e0 un ou deux pour cent de la valeur d'assurance du b\u00e2timent.<\/p>\n<p>Selon le BfB, dans les b\u00e2timents sans installation de protection contre la foudre, il faudrait d\u00e9brancher les appareils \u00e9lectriques comme la t\u00e9l\u00e9vision et la radio pendant un orage. Il est recommand\u00e9 de faire installer une protection contre les surtensions par un sp\u00e9cialiste.<\/p>\n<p>Les mesures de pr\u00e9caution suivantes s'appliquent pendant les orages dans les maisons sans installation de protection contre la foudre :<\/p>\n<ul>\n<li>Pour les appareils \u00e9lectriques sensibles comme les t\u00e9l\u00e9viseurs et les ordinateurs, il vaut la peine d'installer une protection contre les surtensions. Sinon, il convient de d\u00e9brancher les appareils pendant un orage.<\/li>\n<li>Il convient d'\u00e9viter tout contact avec les conduites de gaz et d'eau, les installations \u00e9lectriques ou les c\u00e2bles d'antenne.<\/li>\n<li>C'est au centre de l'espace que l'on est le plus en s\u00e9curit\u00e9 pendant un orage. Les voitures, les wagons de chemin de fer ou les caravanes de camping offrent \u00e9galement une protection.<\/li>\n<\/ul>","protected":false},"excerpt":{"rendered":"<p>Direkte Blitzeinschl\u00e4ge verursachen meist die gr\u00f6ssten Sch\u00e4den. Im schlimmsten Fall k\u00f6nnen sie ganze Geb\u00e4ude explosionsartig in Brand setzen. Indirekte Blitzeinschl\u00e4ge haben Sch\u00e4den an elektrischen Ger\u00e4ten wie Fernseher, Computer oder Heizungssteuerung zur Folge und sind h\u00e4ufiger, wie die Beratungsstelle f\u00fcr Brandverh\u00fctung (BfB) schreibt. Blitze schlagen auch neben T\u00fcrmen, B\u00e4umen, Hochspannungsleitungen und in Gew\u00e4ssern\u00e4he ein. Blitze sind [&hellip;]<\/p>\n","protected":false},"author":1,"featured_media":3119,"comment_status":"open","ping_status":"open","sticky":false,"template":"","format":"standard","meta":{"_acf_changed":false,"pgc_sgb_lightbox_settings":"","footnotes":""},"categories":[67,3312],"tags":[105,156,170,108],"class_list":["post-3116","post","type-post","status-publish","format-standard","has-post-thumbnail","hentry","category-brandschutz","category-sicherheit","tag-brandbekaempfung","tag-brandschutz","tag-naturgefahren","tag-vkf"],"acf":[],"hkrextid":null,"publication":null,"issue":null,"workflow":null,"startPage":null,"spitzmarke":null,"_posts_by_tag_page_fields":{"widget_title":"","widget_tags":""},"_at_widget":"1","_yoast_wpseo_primary_category":"5","_yoast_wpseo_focuskw_text_input":"Blitz","_yoast_wpseo_opengraph-image":"https:\/\/sicherheitsforum.ch\/wp-content\/uploads\/2016\/12\/Blitze-als-Brandausl\u00f6ser_sicherheitsforum.jpg","_yoast_wpseo_opengraph-description":"Ungef\u00e4hr 10\u2018000 Blitze schlagen in der Schweiz j\u00e4hrlich in Geb\u00e4ude ein: Damit ist jeder dritte Feuerschaden auf einen Blitzeinschlag zur\u00fcckzuf\u00fchren.","_yoast_wpseo_opengraph-title":"Blitze als Brandausl\u00f6ser","enclosure":null,"_yoast_wpseo_twitter-title":null,"_yoast_wpseo_twitter-description":null,"_yoast_wpseo_twitter-image":null,"_wp_old_slug":null,"_yoast_wpseo_title":null,"_yoast_wpseo_canonical":null,"yoast_head":"<!-- This site is optimized with the Yoast SEO plugin v27.4 - https:\/\/yoast.com\/product\/yoast-seo-wordpress\/ -->\n<title>Blitze als Brandausl\u00f6ser - Save<\/title>\n<meta name=\"description\" content=\"Ungef\u00e4hr 10\u2018000 Blitze schlagen in der Schweiz j\u00e4hrlich in Geb\u00e4ude ein: Damit ist jeder dritte Feuerschaden auf einen Blitzeinschlag zur\u00fcckzuf\u00fchren.\" \/>\n<meta name=\"robots\" content=\"index, follow, max-snippet:-1, max-image-preview:large, max-video-preview:-1\" \/>\n<link rel=\"canonical\" href=\"https:\/\/news.save.ch\/fr\/blitze-als-brandausloeser\/\" \/>\n<meta property=\"og:locale\" content=\"fr_FR\" \/>\n<meta property=\"og:type\" content=\"article\" \/>\n<meta property=\"og:title\" content=\"Blitze als Brandausl\u00f6ser\" \/>\n<meta property=\"og:description\" content=\"Ungef\u00e4hr 10\u2018000 Blitze schlagen in der Schweiz j\u00e4hrlich in Geb\u00e4ude ein: Damit ist jeder dritte Feuerschaden auf einen Blitzeinschlag zur\u00fcckzuf\u00fchren.\" \/>\n<meta property=\"og:url\" content=\"https:\/\/news.save.ch\/fr\/blitze-als-brandausloeser\/\" \/>\n<meta property=\"og:site_name\" content=\"Save\" \/>\n<meta property=\"article:published_time\" content=\"2015-06-19T09:12:03+00:00\" \/>\n<meta property=\"article:modified_time\" content=\"2023-03-14T07:59:01+00:00\" \/>\n<meta property=\"og:image\" content=\"https:\/\/sicherheitsforum.ch\/wp-content\/uploads\/2016\/12\/Blitze-als-Brandausl\u00f6ser_sicherheitsforum.jpg\" \/>\n<meta name=\"author\" content=\"admin\" \/>\n<meta name=\"twitter:card\" content=\"summary_large_image\" \/>\n<meta name=\"twitter:label1\" content=\"\u00c9crit par\" \/>\n\t<meta name=\"twitter:data1\" content=\"admin\" \/>\n\t<meta name=\"twitter:label2\" content=\"Dur\u00e9e de lecture estim\u00e9e\" \/>\n\t<meta name=\"twitter:data2\" content=\"1 minute\" \/>\n<script type=\"application\/ld+json\" class=\"yoast-schema-graph\">{\"@context\":\"https:\\\/\\\/schema.org\",\"@graph\":[{\"@type\":\"Article\",\"@id\":\"https:\\\/\\\/news.save.ch\\\/blitze-als-brandausloeser\\\/#article\",\"isPartOf\":{\"@id\":\"https:\\\/\\\/news.save.ch\\\/blitze-als-brandausloeser\\\/\"},\"author\":{\"name\":\"admin\",\"@id\":\"https:\\\/\\\/news.save.ch\\\/de\\\/#\\\/schema\\\/person\\\/d49e199490bad7c70d64b9ab51142f2b\"},\"headline\":\"Blitze als Brandausl\u00f6ser\",\"datePublished\":\"2015-06-19T09:12:03+00:00\",\"dateModified\":\"2023-03-14T07:59:01+00:00\",\"mainEntityOfPage\":{\"@id\":\"https:\\\/\\\/news.save.ch\\\/blitze-als-brandausloeser\\\/\"},\"wordCount\":281,\"commentCount\":0,\"publisher\":{\"@id\":\"https:\\\/\\\/news.save.ch\\\/de\\\/#organization\"},\"image\":{\"@id\":\"https:\\\/\\\/news.save.ch\\\/blitze-als-brandausloeser\\\/#primaryimage\"},\"thumbnailUrl\":\"https:\\\/\\\/news.save.ch\\\/wp-content\\\/uploads\\\/2016\\\/12\\\/Blitze-als-Brandausloeser_sicherheitsforum-scaled.jpg\",\"keywords\":[\"Brandbek\u00e4mpfung\",\"Brandschutz\",\"Naturgefahren\",\"VKF\"],\"articleSection\":[\"BRANDSCHUTZ\",\"SICHERHEIT\"],\"inLanguage\":\"fr-FR\"},{\"@type\":\"WebPage\",\"@id\":\"https:\\\/\\\/news.save.ch\\\/blitze-als-brandausloeser\\\/\",\"url\":\"https:\\\/\\\/news.save.ch\\\/blitze-als-brandausloeser\\\/\",\"name\":\"Blitze als Brandausl\u00f6ser - Save\",\"isPartOf\":{\"@id\":\"https:\\\/\\\/news.save.ch\\\/de\\\/#website\"},\"primaryImageOfPage\":{\"@id\":\"https:\\\/\\\/news.save.ch\\\/blitze-als-brandausloeser\\\/#primaryimage\"},\"image\":{\"@id\":\"https:\\\/\\\/news.save.ch\\\/blitze-als-brandausloeser\\\/#primaryimage\"},\"thumbnailUrl\":\"https:\\\/\\\/news.save.ch\\\/wp-content\\\/uploads\\\/2016\\\/12\\\/Blitze-als-Brandausloeser_sicherheitsforum-scaled.jpg\",\"datePublished\":\"2015-06-19T09:12:03+00:00\",\"dateModified\":\"2023-03-14T07:59:01+00:00\",\"description\":\"Ungef\u00e4hr 10\u2018000 Blitze schlagen in der Schweiz j\u00e4hrlich in Geb\u00e4ude ein: Damit ist jeder dritte Feuerschaden auf einen Blitzeinschlag zur\u00fcckzuf\u00fchren.\",\"breadcrumb\":{\"@id\":\"https:\\\/\\\/news.save.ch\\\/blitze-als-brandausloeser\\\/#breadcrumb\"},\"inLanguage\":\"fr-FR\",\"potentialAction\":[{\"@type\":\"ReadAction\",\"target\":[\"https:\\\/\\\/news.save.ch\\\/blitze-als-brandausloeser\\\/\"]}]},{\"@type\":\"ImageObject\",\"inLanguage\":\"fr-FR\",\"@id\":\"https:\\\/\\\/news.save.ch\\\/blitze-als-brandausloeser\\\/#primaryimage\",\"url\":\"https:\\\/\\\/news.save.ch\\\/wp-content\\\/uploads\\\/2016\\\/12\\\/Blitze-als-Brandausloeser_sicherheitsforum-scaled.jpg\",\"contentUrl\":\"https:\\\/\\\/news.save.ch\\\/wp-content\\\/uploads\\\/2016\\\/12\\\/Blitze-als-Brandausloeser_sicherheitsforum-scaled.jpg\",\"width\":1400,\"height\":1340,\"caption\":\"Da hilft insbesondere eine gute Blitzschutzanlage.\"},{\"@type\":\"BreadcrumbList\",\"@id\":\"https:\\\/\\\/news.save.ch\\\/blitze-als-brandausloeser\\\/#breadcrumb\",\"itemListElement\":[{\"@type\":\"ListItem\",\"position\":1,\"name\":\"Home\",\"item\":\"https:\\\/\\\/news.save.ch\\\/de\\\/\"},{\"@type\":\"ListItem\",\"position\":2,\"name\":\"Blitze als Brandausl\u00f6ser\"}]},{\"@type\":\"WebSite\",\"@id\":\"https:\\\/\\\/news.save.ch\\\/de\\\/#website\",\"url\":\"https:\\\/\\\/news.save.ch\\\/de\\\/\",\"name\":\"Save\",\"description\":\"Schweizer Fachzeitschrift f\u00fcr Sicherheit\",\"publisher\":{\"@id\":\"https:\\\/\\\/news.save.ch\\\/de\\\/#organization\"},\"potentialAction\":[{\"@type\":\"SearchAction\",\"target\":{\"@type\":\"EntryPoint\",\"urlTemplate\":\"https:\\\/\\\/news.save.ch\\\/de\\\/?s={search_term_string}\"},\"query-input\":{\"@type\":\"PropertyValueSpecification\",\"valueRequired\":true,\"valueName\":\"search_term_string\"}}],\"inLanguage\":\"fr-FR\"},{\"@type\":\"Organization\",\"@id\":\"https:\\\/\\\/news.save.ch\\\/de\\\/#organization\",\"name\":\"Sicherheitsforum\",\"url\":\"https:\\\/\\\/news.save.ch\\\/de\\\/\",\"logo\":{\"@type\":\"ImageObject\",\"inLanguage\":\"fr-FR\",\"@id\":\"https:\\\/\\\/news.save.ch\\\/de\\\/#\\\/schema\\\/logo\\\/image\\\/\",\"url\":\"https:\\\/\\\/news.save.ch\\\/wp-content\\\/uploads\\\/2022\\\/06\\\/Logo_SF_2012.png\",\"contentUrl\":\"https:\\\/\\\/news.save.ch\\\/wp-content\\\/uploads\\\/2022\\\/06\\\/Logo_SF_2012.png\",\"width\":1100,\"height\":91,\"caption\":\"Sicherheitsforum\"},\"image\":{\"@id\":\"https:\\\/\\\/news.save.ch\\\/de\\\/#\\\/schema\\\/logo\\\/image\\\/\"}},{\"@type\":\"Person\",\"@id\":\"https:\\\/\\\/news.save.ch\\\/de\\\/#\\\/schema\\\/person\\\/d49e199490bad7c70d64b9ab51142f2b\",\"name\":\"admin\",\"image\":{\"@type\":\"ImageObject\",\"inLanguage\":\"fr-FR\",\"@id\":\"https:\\\/\\\/secure.gravatar.com\\\/avatar\\\/ae2f4d718e6c49043e314ce431e7e645d646302a24a5ef5a8bc8e3f5a032e319?s=96&d=mm&r=g\",\"url\":\"https:\\\/\\\/secure.gravatar.com\\\/avatar\\\/ae2f4d718e6c49043e314ce431e7e645d646302a24a5ef5a8bc8e3f5a032e319?s=96&d=mm&r=g\",\"contentUrl\":\"https:\\\/\\\/secure.gravatar.com\\\/avatar\\\/ae2f4d718e6c49043e314ce431e7e645d646302a24a5ef5a8bc8e3f5a032e319?s=96&d=mm&r=g\",\"caption\":\"admin\"},\"sameAs\":[\"https:\\\/\\\/develop.organisator.galledia.ch\"],\"url\":\"https:\\\/\\\/news.save.ch\\\/fr\\\/author\\\/admin\\\/\"}]}<\/script>\n<!-- \/ Yoast SEO plugin. -->","yoast_head_json":{"title":"La foudre comme d\u00e9clencheur d'incendie - Save","description":"Chaque ann\u00e9e, environ 10 000 \u00e9clairs frappent des b\u00e2timents en Suisse : Un sinistre incendie sur trois est donc d\u00fb \u00e0 la foudre.","robots":{"index":"index","follow":"follow","max-snippet":"max-snippet:-1","max-image-preview":"max-image-preview:large","max-video-preview":"max-video-preview:-1"},"canonical":"https:\/\/news.save.ch\/fr\/blitze-als-brandausloeser\/","og_locale":"fr_FR","og_type":"article","og_title":"Blitze als Brandausl\u00f6ser","og_description":"Ungef\u00e4hr 10\u2018000 Blitze schlagen in der Schweiz j\u00e4hrlich in Geb\u00e4ude ein: Damit ist jeder dritte Feuerschaden auf einen Blitzeinschlag zur\u00fcckzuf\u00fchren.","og_url":"https:\/\/news.save.ch\/fr\/blitze-als-brandausloeser\/","og_site_name":"Save","article_published_time":"2015-06-19T09:12:03+00:00","article_modified_time":"2023-03-14T07:59:01+00:00","og_image":[{"url":"https:\/\/sicherheitsforum.ch\/wp-content\/uploads\/2016\/12\/Blitze-als-Brandausl\u00f6ser_sicherheitsforum.jpg","type":"","width":"","height":""}],"author":"admin","twitter_card":"summary_large_image","twitter_misc":{"\u00c9crit par":"admin","Dur\u00e9e de lecture estim\u00e9e":"1 minute"},"schema":{"@context":"https:\/\/schema.org","@graph":[{"@type":"Article","@id":"https:\/\/news.save.ch\/blitze-als-brandausloeser\/#article","isPartOf":{"@id":"https:\/\/news.save.ch\/blitze-als-brandausloeser\/"},"author":{"name":"admin","@id":"https:\/\/news.save.ch\/de\/#\/schema\/person\/d49e199490bad7c70d64b9ab51142f2b"},"headline":"Blitze als Brandausl\u00f6ser","datePublished":"2015-06-19T09:12:03+00:00","dateModified":"2023-03-14T07:59:01+00:00","mainEntityOfPage":{"@id":"https:\/\/news.save.ch\/blitze-als-brandausloeser\/"},"wordCount":281,"commentCount":0,"publisher":{"@id":"https:\/\/news.save.ch\/de\/#organization"},"image":{"@id":"https:\/\/news.save.ch\/blitze-als-brandausloeser\/#primaryimage"},"thumbnailUrl":"https:\/\/news.save.ch\/wp-content\/uploads\/2016\/12\/Blitze-als-Brandausloeser_sicherheitsforum-scaled.jpg","keywords":["Brandbek\u00e4mpfung","Brandschutz","Naturgefahren","VKF"],"articleSection":["BRANDSCHUTZ","SICHERHEIT"],"inLanguage":"fr-FR"},{"@type":"WebPage","@id":"https:\/\/news.save.ch\/blitze-als-brandausloeser\/","url":"https:\/\/news.save.ch\/blitze-als-brandausloeser\/","name":"La foudre comme d\u00e9clencheur d'incendie - Save","isPartOf":{"@id":"https:\/\/news.save.ch\/de\/#website"},"primaryImageOfPage":{"@id":"https:\/\/news.save.ch\/blitze-als-brandausloeser\/#primaryimage"},"image":{"@id":"https:\/\/news.save.ch\/blitze-als-brandausloeser\/#primaryimage"},"thumbnailUrl":"https:\/\/news.save.ch\/wp-content\/uploads\/2016\/12\/Blitze-als-Brandausloeser_sicherheitsforum-scaled.jpg","datePublished":"2015-06-19T09:12:03+00:00","dateModified":"2023-03-14T07:59:01+00:00","description":"Chaque ann\u00e9e, environ 10 000 \u00e9clairs frappent des b\u00e2timents en Suisse : Un sinistre incendie sur trois est donc d\u00fb \u00e0 la foudre.","breadcrumb":{"@id":"https:\/\/news.save.ch\/blitze-als-brandausloeser\/#breadcrumb"},"inLanguage":"fr-FR","potentialAction":[{"@type":"ReadAction","target":["https:\/\/news.save.ch\/blitze-als-brandausloeser\/"]}]},{"@type":"ImageObject","inLanguage":"fr-FR","@id":"https:\/\/news.save.ch\/blitze-als-brandausloeser\/#primaryimage","url":"https:\/\/news.save.ch\/wp-content\/uploads\/2016\/12\/Blitze-als-Brandausloeser_sicherheitsforum-scaled.jpg","contentUrl":"https:\/\/news.save.ch\/wp-content\/uploads\/2016\/12\/Blitze-als-Brandausloeser_sicherheitsforum-scaled.jpg","width":1400,"height":1340,"caption":"Da hilft insbesondere eine gute Blitzschutzanlage."},{"@type":"BreadcrumbList","@id":"https:\/\/news.save.ch\/blitze-als-brandausloeser\/#breadcrumb","itemListElement":[{"@type":"ListItem","position":1,"name":"Home","item":"https:\/\/news.save.ch\/de\/"},{"@type":"ListItem","position":2,"name":"Blitze als Brandausl\u00f6ser"}]},{"@type":"WebSite","@id":"https:\/\/news.save.ch\/de\/#website","url":"https:\/\/news.save.ch\/de\/","name":"Save","description":"Revue suisse sp\u00e9cialis\u00e9e dans la s\u00e9curit\u00e9","publisher":{"@id":"https:\/\/news.save.ch\/de\/#organization"},"potentialAction":[{"@type":"SearchAction","target":{"@type":"EntryPoint","urlTemplate":"https:\/\/news.save.ch\/de\/?s={search_term_string}"},"query-input":{"@type":"PropertyValueSpecification","valueRequired":true,"valueName":"search_term_string"}}],"inLanguage":"fr-FR"},{"@type":"Organization","@id":"https:\/\/news.save.ch\/de\/#organization","name":"Forum sur la s\u00e9curit\u00e9","url":"https:\/\/news.save.ch\/de\/","logo":{"@type":"ImageObject","inLanguage":"fr-FR","@id":"https:\/\/news.save.ch\/de\/#\/schema\/logo\/image\/","url":"https:\/\/news.save.ch\/wp-content\/uploads\/2022\/06\/Logo_SF_2012.png","contentUrl":"https:\/\/news.save.ch\/wp-content\/uploads\/2022\/06\/Logo_SF_2012.png","width":1100,"height":91,"caption":"Sicherheitsforum"},"image":{"@id":"https:\/\/news.save.ch\/de\/#\/schema\/logo\/image\/"}},{"@type":"Person","@id":"https:\/\/news.save.ch\/de\/#\/schema\/person\/d49e199490bad7c70d64b9ab51142f2b","name":"admin","image":{"@type":"ImageObject","inLanguage":"fr-FR","@id":"https:\/\/secure.gravatar.com\/avatar\/ae2f4d718e6c49043e314ce431e7e645d646302a24a5ef5a8bc8e3f5a032e319?s=96&d=mm&r=g","url":"https:\/\/secure.gravatar.com\/avatar\/ae2f4d718e6c49043e314ce431e7e645d646302a24a5ef5a8bc8e3f5a032e319?s=96&d=mm&r=g","contentUrl":"https:\/\/secure.gravatar.com\/avatar\/ae2f4d718e6c49043e314ce431e7e645d646302a24a5ef5a8bc8e3f5a032e319?s=96&d=mm&r=g","caption":"admin"},"sameAs":["https:\/\/develop.organisator.galledia.ch"],"url":"https:\/\/news.save.ch\/fr\/author\/admin\/"}]}},"_links":{"self":[{"href":"https:\/\/news.save.ch\/fr\/wp-json\/wp\/v2\/posts\/3116","targetHints":{"allow":["GET"]}}],"collection":[{"href":"https:\/\/news.save.ch\/fr\/wp-json\/wp\/v2\/posts"}],"about":[{"href":"https:\/\/news.save.ch\/fr\/wp-json\/wp\/v2\/types\/post"}],"author":[{"embeddable":true,"href":"https:\/\/news.save.ch\/fr\/wp-json\/wp\/v2\/users\/1"}],"replies":[{"embeddable":true,"href":"https:\/\/news.save.ch\/fr\/wp-json\/wp\/v2\/comments?post=3116"}],"version-history":[{"count":1,"href":"https:\/\/news.save.ch\/fr\/wp-json\/wp\/v2\/posts\/3116\/revisions"}],"predecessor-version":[{"id":17889,"href":"https:\/\/news.save.ch\/fr\/wp-json\/wp\/v2\/posts\/3116\/revisions\/17889"}],"wp:featuredmedia":[{"embeddable":true,"href":"https:\/\/news.save.ch\/fr\/wp-json\/wp\/v2\/media\/3119"}],"wp:attachment":[{"href":"https:\/\/news.save.ch\/fr\/wp-json\/wp\/v2\/media?parent=3116"}],"wp:term":[{"taxonomy":"category","embeddable":true,"href":"https:\/\/news.save.ch\/fr\/wp-json\/wp\/v2\/categories?post=3116"},{"taxonomy":"post_tag","embeddable":true,"href":"https:\/\/news.save.ch\/fr\/wp-json\/wp\/v2\/tags?post=3116"}],"curies":[{"name":"wp","href":"https:\/\/api.w.org\/{rel}","templated":true}]}}