{"id":3120,"date":"2015-03-27T11:09:23","date_gmt":"2015-03-27T10:09:23","guid":{"rendered":"https:\/\/dev.sicherheitsforum.ch\/?p=3120"},"modified":"2015-03-27T11:09:23","modified_gmt":"2015-03-27T10:09:23","slug":"sicherheitsverbunds-uebung-erste-erkenntnisse","status":null,"type":"post","link":"https:\/\/news.save.ch\/fr\/sicherheitsverbunds-uebung-erste-erkenntnisse\/","title":{"rendered":"Exercice de s\u00e9curit\u00e9 interconnect\u00e9 : premiers enseignements"},"content":{"rendered":"<figure id=\"attachment_3121\" aria-describedby=\"caption-attachment-3121\" style=\"width: 680px\" class=\"wp-caption alignnone\"><img loading=\"lazy\" decoding=\"async\" class=\"size-medium wp-image-3121\" src=\"https:\/\/news.save.ch\/wp-content\/uploads\/2016\/12\/Sicherheitsverbunds-Uebung-Erste-Erkenntnisse-sicherheitsforum.jpg\" alt=\"\" width=\"680\" height=\"491\" \/><figcaption id=\"caption-attachment-3121\" class=\"wp-caption-text\">Dans l'\u00e9l\u00e9ment - le responsable RSE Toni Frisch.<\/figcaption><\/figure>\n<blockquote>\n<p>\"Notre soci\u00e9t\u00e9 est devenue plus vuln\u00e9rable\" -Le responsable de l'UVS Toni Frisch.<\/p>\n<\/blockquote>\n<p>Lors du 8e Congr\u00e8s suisse sur l'informatique polici\u00e8re (<a title=\"Lien vers le congr\u00e8s de la police\" href=\"https:\/\/www.spik.ch\" target=\"_blank\" data-cke-saved-href=\"https:\/\/www.spik.ch\" rel=\"noopener\">SPIK<\/a>) \u00e0 Berne, le responsable RSE Toni Frisch a pr\u00e9sent\u00e9 les premiers enseignements de l'exercice r\u00e9alis\u00e9 en novembre. Le sc\u00e9nario retenu \u00e9tait celui d'une p\u00e9nurie d'\u00e9lectricit\u00e9 de trois mois, avec une coupure totale de courant de 48 heures. De plus, une forte pand\u00e9mie de grippe s\u00e9vissait. Il s'agissait du premier exercice de gestion de crise \u00e0 l'\u00e9chelle nationale depuis 17 ans : Outre la Conf\u00e9d\u00e9ration, tous les cantons et quelques villes, des exploitants d'infrastructures critiques comme les r\u00e9seaux ferroviaires et \u00e9lectriques ainsi que l'arm\u00e9e y ont particip\u00e9.<\/p>\n<p>Dans l'ensemble, l'exercice du R\u00e9seau national de s\u00e9curit\u00e9 peut \u00eatre d\u00e9crit comme tr\u00e8s positif, a r\u00e9sum\u00e9 Frisch dans son expos\u00e9 : \"La collaboration de tous les participants a \u00e9t\u00e9 tr\u00e8s constructive et engag\u00e9e. Des points faibles ont pu \u00eatre identifi\u00e9s \u00e0 diff\u00e9rents niveaux et des mesures ont \u00e9t\u00e9 \u00e9labor\u00e9es pour une am\u00e9lioration future\".<\/p>\n<p>Mais le plus important, c'est de reconna\u00eetre \u00e0 quel point notre soci\u00e9t\u00e9 actuelle est vuln\u00e9rable, a constat\u00e9 M. Frisch. Comme nous sommes habitu\u00e9s \u00e0 ce que tout fonctionne, nous perdons notre capacit\u00e9 d'innovation en situation de crise. De plus, nous sommes devenus beaucoup plus d\u00e9pendants de l'\u00e9lectricit\u00e9 ces derni\u00e8res ann\u00e9es. \"Nous esp\u00e9rons vivement que nos r\u00e9sultats nous permettront de sensibiliser la population sans pour autant dramatiser\".<\/p>\n<p><strong>Bon conseil - R\u00e9serve<\/strong><\/p>\n<p>La dur\u00e9e de la crise, qui a dur\u00e9 plusieurs mois, s'est r\u00e9v\u00e9l\u00e9e particuli\u00e8rement probl\u00e9matique. La panne des moyens de transport et les absences pour cause de maladie ont entra\u00een\u00e9 un manque de personnel partout, y compris dans les organisations de s\u00e9curit\u00e9. De plus, la communication serait fortement limit\u00e9e. S'imaginer une telle situation n'est pas si simple, souligne Frisch. \"L'ampleur complexe ne devient claire que si l'on consid\u00e8re toutes les petites choses qui ne fonctionneraient plus sans \u00e9lectricit\u00e9. Cela a n\u00e9cessit\u00e9 un haut degr\u00e9 d'imagination de la part de tous les participants \u00e0 l'exercice\".<\/p>\n<p>Le chef de l'exercice a cit\u00e9 l'approvisionnement de la population en denr\u00e9es alimentaires comme un point particuli\u00e8rement critique. \u00c0 une \u00e9poque o\u00f9 presque personne ne stocke de r\u00e9serves d'urgence, des difficult\u00e9s d'approvisionnement peuvent rapidement avoir de graves cons\u00e9quences. \"Nous devons clairement nous am\u00e9liorer sur ce point\", a d\u00e9clar\u00e9 Frisch.<\/p>\n<p>Pr\u00e8s de 600 repr\u00e9sentants de la police et de l'\u00e9conomie, des experts en informatique de diff\u00e9rentes branches et des participants du monde politique ont pris part au 8e SPIK le 26 mars. Cet \u00e9v\u00e9nement annuel est la plateforme nationale d'\u00e9change d'exp\u00e9riences sur les th\u00e8mes de l'informatique polici\u00e8re et de la lutte contre la cybercriminalit\u00e9. Outre les expos\u00e9s pr\u00e9sent\u00e9s lors de sept symposiums, les participants ont pu se rendre compte de l'utilit\u00e9 pratique des solutions pr\u00e9sent\u00e9es sur plus de 30 stands d'exposition.<\/p>\n<p>Photo : Claudio Protopapa, Police cantonale bernoise<\/p>","protected":false},"excerpt":{"rendered":"<p>\u00abUnsere Gesellschaft ist verletzlicher geworden\u00bb -SVU-Leiter Toni Frisch. Am 8. Schweizer Polizei Informatik Kongress (SPIK) in Bern hat SVU-Leiter Toni Frisch erste Erkenntnisse aus der im November durchgef\u00fchrten \u00dcbung pr\u00e4sentiert. Als Szenario diente eine dreimonatige Strommangellage mit einem 48-st\u00fcndigen Komplett-Stromausfall. Zus\u00e4tzlich grassierte eine starke Grippepandemie. Es handelte sich um die erste landesweite \u00dcbung des Krisenmanagements [&hellip;]<\/p>\n","protected":false},"author":1,"featured_media":3121,"comment_status":"open","ping_status":"open","sticky":false,"template":"","format":"standard","meta":{"_acf_changed":false,"pgc_sgb_lightbox_settings":"","footnotes":""},"categories":[1],"tags":[236],"class_list":["post-3120","post","type-post","status-publish","format-standard","has-post-thumbnail","hentry","category-allgemein","tag-uebung"],"acf":[],"hkrextid":null,"publication":null,"issue":null,"workflow":null,"startPage":null,"spitzmarke":null,"_posts_by_tag_page_fields":{"widget_title":"","widget_tags":""},"_at_widget":"1","_yoast_wpseo_primary_category":"1","_yoast_wpseo_focuskw_text_input":"Sicherheitsverbunds-\u00dcbung","_yoast_wpseo_opengraph-image":"https:\/\/sicherheitsforum.ch\/wp-content\/uploads\/2016\/12\/Sicherheitsverbunds-\u00dcbung-Erste-Erkenntnisse-sicherheitsforum.jpg","_yoast_wpseo_opengraph-description":"Was passiert, wenn in der Schweiz mehrere Tage der Strom ausf\u00e4llt und gleichzeitig eine schwere Pandemiewellen w\u00fctet? Wie reagieren Bund, Kantone und Armee auf einen solchen Krisenfall? Mit diesen Fragen besch\u00e4ftigte sich die Sicherheitsverbund\u00fcbung 2014 (SVU14).","_yoast_wpseo_opengraph-title":"Sicherheitsverbunds-\u00dcbung: Erste Erkenntnisse","enclosure":null,"_yoast_wpseo_twitter-title":null,"_yoast_wpseo_twitter-description":null,"_yoast_wpseo_twitter-image":null,"_wp_old_slug":null,"_yoast_wpseo_title":null,"_yoast_wpseo_canonical":null,"yoast_head":"<!-- This site is optimized with the Yoast SEO plugin v27.4 - https:\/\/yoast.com\/product\/yoast-seo-wordpress\/ -->\n<title>Sicherheitsverbunds-\u00dcbung: Erste Erkenntnisse - Save<\/title>\n<meta name=\"description\" content=\"Was passiert, wenn in der Schweiz tagelang der Strom ausf\u00e4llt und gleichzeitig eine Pandemiewellen w\u00fctet? Wie reagieren Bund, Kantone, Armee darauf?\" \/>\n<meta name=\"robots\" content=\"index, follow, max-snippet:-1, max-image-preview:large, max-video-preview:-1\" \/>\n<link rel=\"canonical\" href=\"https:\/\/news.save.ch\/fr\/sicherheitsverbunds-uebung-erste-erkenntnisse\/\" \/>\n<meta property=\"og:locale\" content=\"fr_FR\" \/>\n<meta property=\"og:type\" content=\"article\" \/>\n<meta property=\"og:title\" content=\"Sicherheitsverbunds-\u00dcbung: Erste Erkenntnisse\" \/>\n<meta property=\"og:description\" content=\"Was passiert, wenn in der Schweiz mehrere Tage der Strom ausf\u00e4llt und gleichzeitig eine schwere Pandemiewellen w\u00fctet? Wie reagieren Bund, Kantone und Armee auf einen solchen Krisenfall? Mit diesen Fragen besch\u00e4ftigte sich die Sicherheitsverbund\u00fcbung 2014 (SVU14).\" \/>\n<meta property=\"og:url\" content=\"https:\/\/news.save.ch\/fr\/sicherheitsverbunds-uebung-erste-erkenntnisse\/\" \/>\n<meta property=\"og:site_name\" content=\"Save\" \/>\n<meta property=\"article:published_time\" content=\"2015-03-27T10:09:23+00:00\" \/>\n<meta property=\"og:image\" content=\"https:\/\/sicherheitsforum.ch\/wp-content\/uploads\/2016\/12\/Sicherheitsverbunds-\u00dcbung-Erste-Erkenntnisse-sicherheitsforum.jpg\" \/>\n<meta name=\"author\" content=\"admin\" \/>\n<meta name=\"twitter:card\" content=\"summary_large_image\" \/>\n<meta name=\"twitter:label1\" content=\"\u00c9crit par\" \/>\n\t<meta name=\"twitter:data1\" content=\"admin\" \/>\n\t<meta name=\"twitter:label2\" content=\"Dur\u00e9e de lecture estim\u00e9e\" \/>\n\t<meta name=\"twitter:data2\" content=\"2 minutes\" \/>\n<script type=\"application\/ld+json\" class=\"yoast-schema-graph\">{\"@context\":\"https:\\\/\\\/schema.org\",\"@graph\":[{\"@type\":\"Article\",\"@id\":\"https:\\\/\\\/news.save.ch\\\/sicherheitsverbunds-uebung-erste-erkenntnisse\\\/#article\",\"isPartOf\":{\"@id\":\"https:\\\/\\\/news.save.ch\\\/sicherheitsverbunds-uebung-erste-erkenntnisse\\\/\"},\"author\":{\"name\":\"admin\",\"@id\":\"https:\\\/\\\/news.save.ch\\\/de\\\/#\\\/schema\\\/person\\\/d49e199490bad7c70d64b9ab51142f2b\"},\"headline\":\"Sicherheitsverbunds-\u00dcbung: Erste Erkenntnisse\",\"datePublished\":\"2015-03-27T10:09:23+00:00\",\"mainEntityOfPage\":{\"@id\":\"https:\\\/\\\/news.save.ch\\\/sicherheitsverbunds-uebung-erste-erkenntnisse\\\/\"},\"wordCount\":402,\"commentCount\":0,\"publisher\":{\"@id\":\"https:\\\/\\\/news.save.ch\\\/de\\\/#organization\"},\"image\":{\"@id\":\"https:\\\/\\\/news.save.ch\\\/sicherheitsverbunds-uebung-erste-erkenntnisse\\\/#primaryimage\"},\"thumbnailUrl\":\"https:\\\/\\\/news.save.ch\\\/wp-content\\\/uploads\\\/2016\\\/12\\\/Sicherheitsverbunds-Uebung-Erste-Erkenntnisse-sicherheitsforum-scaled.jpg\",\"keywords\":[\"\u00dcbung\"],\"articleSection\":[\"ALLGEMEIN\"],\"inLanguage\":\"fr-FR\"},{\"@type\":\"WebPage\",\"@id\":\"https:\\\/\\\/news.save.ch\\\/sicherheitsverbunds-uebung-erste-erkenntnisse\\\/\",\"url\":\"https:\\\/\\\/news.save.ch\\\/sicherheitsverbunds-uebung-erste-erkenntnisse\\\/\",\"name\":\"Sicherheitsverbunds-\u00dcbung: Erste Erkenntnisse - Save\",\"isPartOf\":{\"@id\":\"https:\\\/\\\/news.save.ch\\\/de\\\/#website\"},\"primaryImageOfPage\":{\"@id\":\"https:\\\/\\\/news.save.ch\\\/sicherheitsverbunds-uebung-erste-erkenntnisse\\\/#primaryimage\"},\"image\":{\"@id\":\"https:\\\/\\\/news.save.ch\\\/sicherheitsverbunds-uebung-erste-erkenntnisse\\\/#primaryimage\"},\"thumbnailUrl\":\"https:\\\/\\\/news.save.ch\\\/wp-content\\\/uploads\\\/2016\\\/12\\\/Sicherheitsverbunds-Uebung-Erste-Erkenntnisse-sicherheitsforum-scaled.jpg\",\"datePublished\":\"2015-03-27T10:09:23+00:00\",\"description\":\"Was passiert, wenn in der Schweiz tagelang der Strom ausf\u00e4llt und gleichzeitig eine Pandemiewellen w\u00fctet? Wie reagieren Bund, Kantone, Armee darauf?\",\"breadcrumb\":{\"@id\":\"https:\\\/\\\/news.save.ch\\\/sicherheitsverbunds-uebung-erste-erkenntnisse\\\/#breadcrumb\"},\"inLanguage\":\"fr-FR\",\"potentialAction\":[{\"@type\":\"ReadAction\",\"target\":[\"https:\\\/\\\/news.save.ch\\\/sicherheitsverbunds-uebung-erste-erkenntnisse\\\/\"]}]},{\"@type\":\"ImageObject\",\"inLanguage\":\"fr-FR\",\"@id\":\"https:\\\/\\\/news.save.ch\\\/sicherheitsverbunds-uebung-erste-erkenntnisse\\\/#primaryimage\",\"url\":\"https:\\\/\\\/news.save.ch\\\/wp-content\\\/uploads\\\/2016\\\/12\\\/Sicherheitsverbunds-Uebung-Erste-Erkenntnisse-sicherheitsforum-scaled.jpg\",\"contentUrl\":\"https:\\\/\\\/news.save.ch\\\/wp-content\\\/uploads\\\/2016\\\/12\\\/Sicherheitsverbunds-Uebung-Erste-Erkenntnisse-sicherheitsforum-scaled.jpg\",\"width\":1400,\"height\":1012,\"caption\":\"Im Element - SVU-Leiter Toni Frisch.\"},{\"@type\":\"BreadcrumbList\",\"@id\":\"https:\\\/\\\/news.save.ch\\\/sicherheitsverbunds-uebung-erste-erkenntnisse\\\/#breadcrumb\",\"itemListElement\":[{\"@type\":\"ListItem\",\"position\":1,\"name\":\"Home\",\"item\":\"https:\\\/\\\/news.save.ch\\\/de\\\/\"},{\"@type\":\"ListItem\",\"position\":2,\"name\":\"Sicherheitsverbunds-\u00dcbung: Erste Erkenntnisse\"}]},{\"@type\":\"WebSite\",\"@id\":\"https:\\\/\\\/news.save.ch\\\/de\\\/#website\",\"url\":\"https:\\\/\\\/news.save.ch\\\/de\\\/\",\"name\":\"Save\",\"description\":\"Schweizer Fachzeitschrift f\u00fcr Sicherheit\",\"publisher\":{\"@id\":\"https:\\\/\\\/news.save.ch\\\/de\\\/#organization\"},\"potentialAction\":[{\"@type\":\"SearchAction\",\"target\":{\"@type\":\"EntryPoint\",\"urlTemplate\":\"https:\\\/\\\/news.save.ch\\\/de\\\/?s={search_term_string}\"},\"query-input\":{\"@type\":\"PropertyValueSpecification\",\"valueRequired\":true,\"valueName\":\"search_term_string\"}}],\"inLanguage\":\"fr-FR\"},{\"@type\":\"Organization\",\"@id\":\"https:\\\/\\\/news.save.ch\\\/de\\\/#organization\",\"name\":\"Sicherheitsforum\",\"url\":\"https:\\\/\\\/news.save.ch\\\/de\\\/\",\"logo\":{\"@type\":\"ImageObject\",\"inLanguage\":\"fr-FR\",\"@id\":\"https:\\\/\\\/news.save.ch\\\/de\\\/#\\\/schema\\\/logo\\\/image\\\/\",\"url\":\"https:\\\/\\\/news.save.ch\\\/wp-content\\\/uploads\\\/2022\\\/06\\\/Logo_SF_2012.png\",\"contentUrl\":\"https:\\\/\\\/news.save.ch\\\/wp-content\\\/uploads\\\/2022\\\/06\\\/Logo_SF_2012.png\",\"width\":1100,\"height\":91,\"caption\":\"Sicherheitsforum\"},\"image\":{\"@id\":\"https:\\\/\\\/news.save.ch\\\/de\\\/#\\\/schema\\\/logo\\\/image\\\/\"}},{\"@type\":\"Person\",\"@id\":\"https:\\\/\\\/news.save.ch\\\/de\\\/#\\\/schema\\\/person\\\/d49e199490bad7c70d64b9ab51142f2b\",\"name\":\"admin\",\"image\":{\"@type\":\"ImageObject\",\"inLanguage\":\"fr-FR\",\"@id\":\"https:\\\/\\\/secure.gravatar.com\\\/avatar\\\/ae2f4d718e6c49043e314ce431e7e645d646302a24a5ef5a8bc8e3f5a032e319?s=96&d=mm&r=g\",\"url\":\"https:\\\/\\\/secure.gravatar.com\\\/avatar\\\/ae2f4d718e6c49043e314ce431e7e645d646302a24a5ef5a8bc8e3f5a032e319?s=96&d=mm&r=g\",\"contentUrl\":\"https:\\\/\\\/secure.gravatar.com\\\/avatar\\\/ae2f4d718e6c49043e314ce431e7e645d646302a24a5ef5a8bc8e3f5a032e319?s=96&d=mm&r=g\",\"caption\":\"admin\"},\"sameAs\":[\"https:\\\/\\\/develop.organisator.galledia.ch\"],\"url\":\"https:\\\/\\\/news.save.ch\\\/fr\\\/author\\\/admin\\\/\"}]}<\/script>\n<!-- \/ Yoast SEO plugin. -->","yoast_head_json":{"title":"Exercice du r\u00e9seau de s\u00e9curit\u00e9 : premiers enseignements - Save","description":"Que se passe-t-il lorsque l'\u00e9lectricit\u00e9 est coup\u00e9e pendant plusieurs jours en Suisse et qu'une vague de pand\u00e9mie fait rage ? Comment la Conf\u00e9d\u00e9ration, les cantons et l'arm\u00e9e r\u00e9agissent-ils ?","robots":{"index":"index","follow":"follow","max-snippet":"max-snippet:-1","max-image-preview":"max-image-preview:large","max-video-preview":"max-video-preview:-1"},"canonical":"https:\/\/news.save.ch\/fr\/sicherheitsverbunds-uebung-erste-erkenntnisse\/","og_locale":"fr_FR","og_type":"article","og_title":"Sicherheitsverbunds-\u00dcbung: Erste Erkenntnisse","og_description":"Was passiert, wenn in der Schweiz mehrere Tage der Strom ausf\u00e4llt und gleichzeitig eine schwere Pandemiewellen w\u00fctet? Wie reagieren Bund, Kantone und Armee auf einen solchen Krisenfall? Mit diesen Fragen besch\u00e4ftigte sich die Sicherheitsverbund\u00fcbung 2014 (SVU14).","og_url":"https:\/\/news.save.ch\/fr\/sicherheitsverbunds-uebung-erste-erkenntnisse\/","og_site_name":"Save","article_published_time":"2015-03-27T10:09:23+00:00","og_image":[{"url":"https:\/\/sicherheitsforum.ch\/wp-content\/uploads\/2016\/12\/Sicherheitsverbunds-\u00dcbung-Erste-Erkenntnisse-sicherheitsforum.jpg","type":"","width":"","height":""}],"author":"admin","twitter_card":"summary_large_image","twitter_misc":{"\u00c9crit par":"admin","Dur\u00e9e de lecture estim\u00e9e":"2 minutes"},"schema":{"@context":"https:\/\/schema.org","@graph":[{"@type":"Article","@id":"https:\/\/news.save.ch\/sicherheitsverbunds-uebung-erste-erkenntnisse\/#article","isPartOf":{"@id":"https:\/\/news.save.ch\/sicherheitsverbunds-uebung-erste-erkenntnisse\/"},"author":{"name":"admin","@id":"https:\/\/news.save.ch\/de\/#\/schema\/person\/d49e199490bad7c70d64b9ab51142f2b"},"headline":"Sicherheitsverbunds-\u00dcbung: Erste Erkenntnisse","datePublished":"2015-03-27T10:09:23+00:00","mainEntityOfPage":{"@id":"https:\/\/news.save.ch\/sicherheitsverbunds-uebung-erste-erkenntnisse\/"},"wordCount":402,"commentCount":0,"publisher":{"@id":"https:\/\/news.save.ch\/de\/#organization"},"image":{"@id":"https:\/\/news.save.ch\/sicherheitsverbunds-uebung-erste-erkenntnisse\/#primaryimage"},"thumbnailUrl":"https:\/\/news.save.ch\/wp-content\/uploads\/2016\/12\/Sicherheitsverbunds-Uebung-Erste-Erkenntnisse-sicherheitsforum-scaled.jpg","keywords":["\u00dcbung"],"articleSection":["ALLGEMEIN"],"inLanguage":"fr-FR"},{"@type":"WebPage","@id":"https:\/\/news.save.ch\/sicherheitsverbunds-uebung-erste-erkenntnisse\/","url":"https:\/\/news.save.ch\/sicherheitsverbunds-uebung-erste-erkenntnisse\/","name":"Exercice du r\u00e9seau de s\u00e9curit\u00e9 : premiers enseignements - Save","isPartOf":{"@id":"https:\/\/news.save.ch\/de\/#website"},"primaryImageOfPage":{"@id":"https:\/\/news.save.ch\/sicherheitsverbunds-uebung-erste-erkenntnisse\/#primaryimage"},"image":{"@id":"https:\/\/news.save.ch\/sicherheitsverbunds-uebung-erste-erkenntnisse\/#primaryimage"},"thumbnailUrl":"https:\/\/news.save.ch\/wp-content\/uploads\/2016\/12\/Sicherheitsverbunds-Uebung-Erste-Erkenntnisse-sicherheitsforum-scaled.jpg","datePublished":"2015-03-27T10:09:23+00:00","description":"Que se passe-t-il lorsque l'\u00e9lectricit\u00e9 est coup\u00e9e pendant plusieurs jours en Suisse et qu'une vague de pand\u00e9mie fait rage ? Comment la Conf\u00e9d\u00e9ration, les cantons et l'arm\u00e9e r\u00e9agissent-ils ?","breadcrumb":{"@id":"https:\/\/news.save.ch\/sicherheitsverbunds-uebung-erste-erkenntnisse\/#breadcrumb"},"inLanguage":"fr-FR","potentialAction":[{"@type":"ReadAction","target":["https:\/\/news.save.ch\/sicherheitsverbunds-uebung-erste-erkenntnisse\/"]}]},{"@type":"ImageObject","inLanguage":"fr-FR","@id":"https:\/\/news.save.ch\/sicherheitsverbunds-uebung-erste-erkenntnisse\/#primaryimage","url":"https:\/\/news.save.ch\/wp-content\/uploads\/2016\/12\/Sicherheitsverbunds-Uebung-Erste-Erkenntnisse-sicherheitsforum-scaled.jpg","contentUrl":"https:\/\/news.save.ch\/wp-content\/uploads\/2016\/12\/Sicherheitsverbunds-Uebung-Erste-Erkenntnisse-sicherheitsforum-scaled.jpg","width":1400,"height":1012,"caption":"Im Element - SVU-Leiter Toni Frisch."},{"@type":"BreadcrumbList","@id":"https:\/\/news.save.ch\/sicherheitsverbunds-uebung-erste-erkenntnisse\/#breadcrumb","itemListElement":[{"@type":"ListItem","position":1,"name":"Home","item":"https:\/\/news.save.ch\/de\/"},{"@type":"ListItem","position":2,"name":"Sicherheitsverbunds-\u00dcbung: Erste Erkenntnisse"}]},{"@type":"WebSite","@id":"https:\/\/news.save.ch\/de\/#website","url":"https:\/\/news.save.ch\/de\/","name":"Save","description":"Revue suisse sp\u00e9cialis\u00e9e dans la s\u00e9curit\u00e9","publisher":{"@id":"https:\/\/news.save.ch\/de\/#organization"},"potentialAction":[{"@type":"SearchAction","target":{"@type":"EntryPoint","urlTemplate":"https:\/\/news.save.ch\/de\/?s={search_term_string}"},"query-input":{"@type":"PropertyValueSpecification","valueRequired":true,"valueName":"search_term_string"}}],"inLanguage":"fr-FR"},{"@type":"Organization","@id":"https:\/\/news.save.ch\/de\/#organization","name":"Forum sur la s\u00e9curit\u00e9","url":"https:\/\/news.save.ch\/de\/","logo":{"@type":"ImageObject","inLanguage":"fr-FR","@id":"https:\/\/news.save.ch\/de\/#\/schema\/logo\/image\/","url":"https:\/\/news.save.ch\/wp-content\/uploads\/2022\/06\/Logo_SF_2012.png","contentUrl":"https:\/\/news.save.ch\/wp-content\/uploads\/2022\/06\/Logo_SF_2012.png","width":1100,"height":91,"caption":"Sicherheitsforum"},"image":{"@id":"https:\/\/news.save.ch\/de\/#\/schema\/logo\/image\/"}},{"@type":"Person","@id":"https:\/\/news.save.ch\/de\/#\/schema\/person\/d49e199490bad7c70d64b9ab51142f2b","name":"admin","image":{"@type":"ImageObject","inLanguage":"fr-FR","@id":"https:\/\/secure.gravatar.com\/avatar\/ae2f4d718e6c49043e314ce431e7e645d646302a24a5ef5a8bc8e3f5a032e319?s=96&d=mm&r=g","url":"https:\/\/secure.gravatar.com\/avatar\/ae2f4d718e6c49043e314ce431e7e645d646302a24a5ef5a8bc8e3f5a032e319?s=96&d=mm&r=g","contentUrl":"https:\/\/secure.gravatar.com\/avatar\/ae2f4d718e6c49043e314ce431e7e645d646302a24a5ef5a8bc8e3f5a032e319?s=96&d=mm&r=g","caption":"admin"},"sameAs":["https:\/\/develop.organisator.galledia.ch"],"url":"https:\/\/news.save.ch\/fr\/author\/admin\/"}]}},"_links":{"self":[{"href":"https:\/\/news.save.ch\/fr\/wp-json\/wp\/v2\/posts\/3120","targetHints":{"allow":["GET"]}}],"collection":[{"href":"https:\/\/news.save.ch\/fr\/wp-json\/wp\/v2\/posts"}],"about":[{"href":"https:\/\/news.save.ch\/fr\/wp-json\/wp\/v2\/types\/post"}],"author":[{"embeddable":true,"href":"https:\/\/news.save.ch\/fr\/wp-json\/wp\/v2\/users\/1"}],"replies":[{"embeddable":true,"href":"https:\/\/news.save.ch\/fr\/wp-json\/wp\/v2\/comments?post=3120"}],"version-history":[{"count":0,"href":"https:\/\/news.save.ch\/fr\/wp-json\/wp\/v2\/posts\/3120\/revisions"}],"wp:featuredmedia":[{"embeddable":true,"href":"https:\/\/news.save.ch\/fr\/wp-json\/wp\/v2\/media\/3121"}],"wp:attachment":[{"href":"https:\/\/news.save.ch\/fr\/wp-json\/wp\/v2\/media?parent=3120"}],"wp:term":[{"taxonomy":"category","embeddable":true,"href":"https:\/\/news.save.ch\/fr\/wp-json\/wp\/v2\/categories?post=3120"},{"taxonomy":"post_tag","embeddable":true,"href":"https:\/\/news.save.ch\/fr\/wp-json\/wp\/v2\/tags?post=3120"}],"curies":[{"name":"wp","href":"https:\/\/api.w.org\/{rel}","templated":true}]}}