{"id":3124,"date":"2015-03-30T11:11:08","date_gmt":"2015-03-30T09:11:08","guid":{"rendered":"https:\/\/dev.sicherheitsforum.ch\/?p=3124"},"modified":"2015-03-30T11:11:08","modified_gmt":"2015-03-30T09:11:08","slug":"rotronic-wird-50","status":null,"type":"post","link":"https:\/\/news.save.ch\/fr\/rotronic-wird-50\/","title":{"rendered":"Rotronic f\u00eate ses 50 ans"},"content":{"rendered":"<figure id=\"attachment_3125\" aria-describedby=\"caption-attachment-3125\" style=\"width: 680px\" class=\"wp-caption alignnone\"><img loading=\"lazy\" decoding=\"async\" class=\"size-medium wp-image-3125\" src=\"https:\/\/news.save.ch\/wp-content\/uploads\/2016\/12\/Rotronic-wird-50-sicherheitsforum-scaled-1.jpg\" alt=\"\" width=\"680\" height=\"510\" \/><figcaption id=\"caption-attachment-3125\" class=\"wp-caption-text\">Directeur g\u00e9n\u00e9ral Michael Taraba<\/figcaption><\/figure>\n<blockquote>\n<p>\"Nous d\u00e9veloppons avec le c\u0153ur et l'esprit d'innovation\". - Michael Taraba, directeur de Rotronic AG<\/p>\n<\/blockquote>\n<p>Fond\u00e9e en 1965, l'entreprise de commerce et de production <a title=\"Lien vers l&#039;entreprise\" href=\"https:\/\/www.rotronic.ch\" target=\"_blank\" data-cke-saved-href=\"https:\/\/www.rotronic.ch\" rel=\"noopener\">Rotronic<\/a> est dirig\u00e9e par la famille Schroff et propose les solutions les plus diverses aux clients distributeurs et industriels. Les domaines d'activit\u00e9 comprennent des produits pour la mesure de l'humidit\u00e9, de la temp\u00e9rature, du CO2 et de la pression diff\u00e9rentielle. Elle propose \u00e9galement des solutions pour les syst\u00e8mes de s\u00e9curit\u00e9, dans le domaine de la technique 19\" et de l'alimentation \u00e9lectrique sans interruption.<\/p>\n<p>L'entreprise travaille en \u00e9troite collaboration avec des fournisseurs s\u00e9lectionn\u00e9s, offre des conseils aux installateurs et propose une gamme de produits compl\u00e9mentaires dans les domaines de la vid\u00e9osurveillance, de la technique de r\u00e9seau et du stockage de donn\u00e9es.<\/p>\n<p>Le groupe \u00e0 vocation internationale r\u00e9alise environ 60% de son chiffre d'affaires \u00e0 l'\u00e9tranger. Dans le domaine de la mesure de l'humidit\u00e9 et de la temp\u00e9rature, le fournisseur est, selon ses propres indications, l'un des acteurs les plus puissants au monde. Ses filiales se trouvent sur les principaux march\u00e9s mondiaux comme les \u00c9tats-Unis, la Chine, le Royaume-Uni, la France, l'Italie et l'Allemagne. L'entreprise poss\u00e8de \u00e9galement une succursale \u00e0 Singapour depuis 2013.<\/p>","protected":false},"excerpt":{"rendered":"<p>\u201eWir entwickeln mit Herzblut und Innovationsgeist.\u201c &#8211; Michael Taraba, Gesch\u00e4ftsf\u00fchrer der Rotronic AG Das\u00a01965 gegr\u00fcndete Handels- und Produktionsunternehmen Rotronic wird von der\u00a0Familie Schroff gef\u00fchrt und bietet die unterschiedlichsten L\u00f6sungen f\u00fcr\u00a0H\u00e4ndler- und Industrie-Kunden\u00a0an. Die Gesch\u00e4ftsfelder umfasse Produkte\u00a0f\u00fcr die Messung von Feuchte, Temperatur, CO2 und Differenzdruck. Ferner geh\u00f6ren auch L\u00f6sungen f\u00fcr Sicherheitssysteme, im Bereich 19\u201c-Technik, in der [&hellip;]<\/p>\n","protected":false},"author":1,"featured_media":3125,"comment_status":"open","ping_status":"open","sticky":false,"template":"","format":"standard","meta":{"_acf_changed":false,"pgc_sgb_lightbox_settings":"","footnotes":""},"categories":[1],"tags":[78],"class_list":["post-3124","post","type-post","status-publish","format-standard","has-post-thumbnail","hentry","category-allgemein","tag-videoueberwachung"],"acf":[],"hkrextid":null,"publication":null,"issue":null,"workflow":null,"startPage":null,"spitzmarke":null,"_posts_by_tag_page_fields":{"widget_title":"","widget_tags":""},"_at_widget":"1","_yoast_wpseo_primary_category":"1","_yoast_wpseo_focuskw_text_input":"Rotronic","_yoast_wpseo_opengraph-image":"https:\/\/sicherheitsforum.ch\/wp-content\/uploads\/2016\/12\/Rotronic-wird-50-sicherheitsforum.jpg","_yoast_wpseo_opengraph-description":"Die Rotronic im z\u00fcrcherischen Bassersdorf feiert in diesem Jahr ihr 50-Jahr-Jubil\u00e4um.","_yoast_wpseo_opengraph-title":"Rotronic wird 50","enclosure":null,"_yoast_wpseo_twitter-title":null,"_yoast_wpseo_twitter-description":null,"_yoast_wpseo_twitter-image":null,"_wp_old_slug":null,"_yoast_wpseo_title":null,"_yoast_wpseo_canonical":null,"yoast_head":"<!-- This site is optimized with the Yoast SEO plugin v27.4 - https:\/\/yoast.com\/product\/yoast-seo-wordpress\/ -->\n<title>Rotronic wird 50 - Save<\/title>\n<meta name=\"description\" content=\"Die Rotronic im z\u00fcrcherischen Bassersdorf feiert in diesem Jahr ihr 50-Jahr-Jubil\u00e4um.\" \/>\n<meta name=\"robots\" content=\"index, follow, max-snippet:-1, max-image-preview:large, max-video-preview:-1\" \/>\n<link rel=\"canonical\" href=\"https:\/\/news.save.ch\/fr\/rotronic-wird-50\/\" \/>\n<meta property=\"og:locale\" content=\"fr_FR\" \/>\n<meta property=\"og:type\" content=\"article\" \/>\n<meta property=\"og:title\" content=\"Rotronic wird 50\" \/>\n<meta property=\"og:description\" content=\"Die Rotronic im z\u00fcrcherischen Bassersdorf feiert in diesem Jahr ihr 50-Jahr-Jubil\u00e4um.\" \/>\n<meta property=\"og:url\" content=\"https:\/\/news.save.ch\/fr\/rotronic-wird-50\/\" \/>\n<meta property=\"og:site_name\" content=\"Save\" \/>\n<meta property=\"article:published_time\" content=\"2015-03-30T09:11:08+00:00\" \/>\n<meta property=\"og:image\" content=\"https:\/\/sicherheitsforum.ch\/wp-content\/uploads\/2016\/12\/Rotronic-wird-50-sicherheitsforum.jpg\" \/>\n<meta name=\"author\" content=\"admin\" \/>\n<meta name=\"twitter:card\" content=\"summary_large_image\" \/>\n<meta name=\"twitter:label1\" content=\"\u00c9crit par\" \/>\n\t<meta name=\"twitter:data1\" content=\"admin\" \/>\n\t<meta name=\"twitter:label2\" content=\"Dur\u00e9e de lecture estim\u00e9e\" \/>\n\t<meta name=\"twitter:data2\" content=\"1 minute\" \/>\n<script type=\"application\/ld+json\" class=\"yoast-schema-graph\">{\"@context\":\"https:\\\/\\\/schema.org\",\"@graph\":[{\"@type\":\"Article\",\"@id\":\"https:\\\/\\\/news.save.ch\\\/rotronic-wird-50\\\/#article\",\"isPartOf\":{\"@id\":\"https:\\\/\\\/news.save.ch\\\/rotronic-wird-50\\\/\"},\"author\":{\"name\":\"admin\",\"@id\":\"https:\\\/\\\/news.save.ch\\\/de\\\/#\\\/schema\\\/person\\\/d49e199490bad7c70d64b9ab51142f2b\"},\"headline\":\"Rotronic wird 50\",\"datePublished\":\"2015-03-30T09:11:08+00:00\",\"mainEntityOfPage\":{\"@id\":\"https:\\\/\\\/news.save.ch\\\/rotronic-wird-50\\\/\"},\"wordCount\":170,\"commentCount\":0,\"publisher\":{\"@id\":\"https:\\\/\\\/news.save.ch\\\/de\\\/#organization\"},\"image\":{\"@id\":\"https:\\\/\\\/news.save.ch\\\/rotronic-wird-50\\\/#primaryimage\"},\"thumbnailUrl\":\"https:\\\/\\\/news.save.ch\\\/wp-content\\\/uploads\\\/2016\\\/12\\\/Rotronic-wird-50-sicherheitsforum-scaled-1-scaled.jpg\",\"keywords\":[\"Video\u00fcberwachung\"],\"articleSection\":[\"ALLGEMEIN\"],\"inLanguage\":\"fr-FR\"},{\"@type\":\"WebPage\",\"@id\":\"https:\\\/\\\/news.save.ch\\\/rotronic-wird-50\\\/\",\"url\":\"https:\\\/\\\/news.save.ch\\\/rotronic-wird-50\\\/\",\"name\":\"Rotronic wird 50 - Save\",\"isPartOf\":{\"@id\":\"https:\\\/\\\/news.save.ch\\\/de\\\/#website\"},\"primaryImageOfPage\":{\"@id\":\"https:\\\/\\\/news.save.ch\\\/rotronic-wird-50\\\/#primaryimage\"},\"image\":{\"@id\":\"https:\\\/\\\/news.save.ch\\\/rotronic-wird-50\\\/#primaryimage\"},\"thumbnailUrl\":\"https:\\\/\\\/news.save.ch\\\/wp-content\\\/uploads\\\/2016\\\/12\\\/Rotronic-wird-50-sicherheitsforum-scaled-1-scaled.jpg\",\"datePublished\":\"2015-03-30T09:11:08+00:00\",\"description\":\"Die Rotronic im z\u00fcrcherischen Bassersdorf feiert in diesem Jahr ihr 50-Jahr-Jubil\u00e4um.\",\"breadcrumb\":{\"@id\":\"https:\\\/\\\/news.save.ch\\\/rotronic-wird-50\\\/#breadcrumb\"},\"inLanguage\":\"fr-FR\",\"potentialAction\":[{\"@type\":\"ReadAction\",\"target\":[\"https:\\\/\\\/news.save.ch\\\/rotronic-wird-50\\\/\"]}]},{\"@type\":\"ImageObject\",\"inLanguage\":\"fr-FR\",\"@id\":\"https:\\\/\\\/news.save.ch\\\/rotronic-wird-50\\\/#primaryimage\",\"url\":\"https:\\\/\\\/news.save.ch\\\/wp-content\\\/uploads\\\/2016\\\/12\\\/Rotronic-wird-50-sicherheitsforum-scaled-1-scaled.jpg\",\"contentUrl\":\"https:\\\/\\\/news.save.ch\\\/wp-content\\\/uploads\\\/2016\\\/12\\\/Rotronic-wird-50-sicherheitsforum-scaled-1-scaled.jpg\",\"width\":1400,\"height\":1050,\"caption\":\"Gesch\u00e4ftsf\u00fchrer Michael Taraba\"},{\"@type\":\"BreadcrumbList\",\"@id\":\"https:\\\/\\\/news.save.ch\\\/rotronic-wird-50\\\/#breadcrumb\",\"itemListElement\":[{\"@type\":\"ListItem\",\"position\":1,\"name\":\"Home\",\"item\":\"https:\\\/\\\/news.save.ch\\\/de\\\/\"},{\"@type\":\"ListItem\",\"position\":2,\"name\":\"Rotronic wird 50\"}]},{\"@type\":\"WebSite\",\"@id\":\"https:\\\/\\\/news.save.ch\\\/de\\\/#website\",\"url\":\"https:\\\/\\\/news.save.ch\\\/de\\\/\",\"name\":\"Save\",\"description\":\"Schweizer Fachzeitschrift f\u00fcr Sicherheit\",\"publisher\":{\"@id\":\"https:\\\/\\\/news.save.ch\\\/de\\\/#organization\"},\"potentialAction\":[{\"@type\":\"SearchAction\",\"target\":{\"@type\":\"EntryPoint\",\"urlTemplate\":\"https:\\\/\\\/news.save.ch\\\/de\\\/?s={search_term_string}\"},\"query-input\":{\"@type\":\"PropertyValueSpecification\",\"valueRequired\":true,\"valueName\":\"search_term_string\"}}],\"inLanguage\":\"fr-FR\"},{\"@type\":\"Organization\",\"@id\":\"https:\\\/\\\/news.save.ch\\\/de\\\/#organization\",\"name\":\"Sicherheitsforum\",\"url\":\"https:\\\/\\\/news.save.ch\\\/de\\\/\",\"logo\":{\"@type\":\"ImageObject\",\"inLanguage\":\"fr-FR\",\"@id\":\"https:\\\/\\\/news.save.ch\\\/de\\\/#\\\/schema\\\/logo\\\/image\\\/\",\"url\":\"https:\\\/\\\/news.save.ch\\\/wp-content\\\/uploads\\\/2022\\\/06\\\/Logo_SF_2012.png\",\"contentUrl\":\"https:\\\/\\\/news.save.ch\\\/wp-content\\\/uploads\\\/2022\\\/06\\\/Logo_SF_2012.png\",\"width\":1100,\"height\":91,\"caption\":\"Sicherheitsforum\"},\"image\":{\"@id\":\"https:\\\/\\\/news.save.ch\\\/de\\\/#\\\/schema\\\/logo\\\/image\\\/\"}},{\"@type\":\"Person\",\"@id\":\"https:\\\/\\\/news.save.ch\\\/de\\\/#\\\/schema\\\/person\\\/d49e199490bad7c70d64b9ab51142f2b\",\"name\":\"admin\",\"image\":{\"@type\":\"ImageObject\",\"inLanguage\":\"fr-FR\",\"@id\":\"https:\\\/\\\/secure.gravatar.com\\\/avatar\\\/ae2f4d718e6c49043e314ce431e7e645d646302a24a5ef5a8bc8e3f5a032e319?s=96&d=mm&r=g\",\"url\":\"https:\\\/\\\/secure.gravatar.com\\\/avatar\\\/ae2f4d718e6c49043e314ce431e7e645d646302a24a5ef5a8bc8e3f5a032e319?s=96&d=mm&r=g\",\"contentUrl\":\"https:\\\/\\\/secure.gravatar.com\\\/avatar\\\/ae2f4d718e6c49043e314ce431e7e645d646302a24a5ef5a8bc8e3f5a032e319?s=96&d=mm&r=g\",\"caption\":\"admin\"},\"sameAs\":[\"https:\\\/\\\/develop.organisator.galledia.ch\"],\"url\":\"https:\\\/\\\/news.save.ch\\\/fr\\\/author\\\/admin\\\/\"}]}<\/script>\n<!-- \/ Yoast SEO plugin. -->","yoast_head_json":{"title":"Rotronic f\u00eate ses 50 ans - Save","description":"Rotronic \u00e0 Bassersdorf, dans le canton de Zurich, f\u00eate cette ann\u00e9e son 50e anniversaire.","robots":{"index":"index","follow":"follow","max-snippet":"max-snippet:-1","max-image-preview":"max-image-preview:large","max-video-preview":"max-video-preview:-1"},"canonical":"https:\/\/news.save.ch\/fr\/rotronic-wird-50\/","og_locale":"fr_FR","og_type":"article","og_title":"Rotronic wird 50","og_description":"Die Rotronic im z\u00fcrcherischen Bassersdorf feiert in diesem Jahr ihr 50-Jahr-Jubil\u00e4um.","og_url":"https:\/\/news.save.ch\/fr\/rotronic-wird-50\/","og_site_name":"Save","article_published_time":"2015-03-30T09:11:08+00:00","og_image":[{"url":"https:\/\/sicherheitsforum.ch\/wp-content\/uploads\/2016\/12\/Rotronic-wird-50-sicherheitsforum.jpg","type":"","width":"","height":""}],"author":"admin","twitter_card":"summary_large_image","twitter_misc":{"\u00c9crit par":"admin","Dur\u00e9e de lecture estim\u00e9e":"1 minute"},"schema":{"@context":"https:\/\/schema.org","@graph":[{"@type":"Article","@id":"https:\/\/news.save.ch\/rotronic-wird-50\/#article","isPartOf":{"@id":"https:\/\/news.save.ch\/rotronic-wird-50\/"},"author":{"name":"admin","@id":"https:\/\/news.save.ch\/de\/#\/schema\/person\/d49e199490bad7c70d64b9ab51142f2b"},"headline":"Rotronic wird 50","datePublished":"2015-03-30T09:11:08+00:00","mainEntityOfPage":{"@id":"https:\/\/news.save.ch\/rotronic-wird-50\/"},"wordCount":170,"commentCount":0,"publisher":{"@id":"https:\/\/news.save.ch\/de\/#organization"},"image":{"@id":"https:\/\/news.save.ch\/rotronic-wird-50\/#primaryimage"},"thumbnailUrl":"https:\/\/news.save.ch\/wp-content\/uploads\/2016\/12\/Rotronic-wird-50-sicherheitsforum-scaled-1-scaled.jpg","keywords":["Video\u00fcberwachung"],"articleSection":["ALLGEMEIN"],"inLanguage":"fr-FR"},{"@type":"WebPage","@id":"https:\/\/news.save.ch\/rotronic-wird-50\/","url":"https:\/\/news.save.ch\/rotronic-wird-50\/","name":"Rotronic f\u00eate ses 50 ans - Save","isPartOf":{"@id":"https:\/\/news.save.ch\/de\/#website"},"primaryImageOfPage":{"@id":"https:\/\/news.save.ch\/rotronic-wird-50\/#primaryimage"},"image":{"@id":"https:\/\/news.save.ch\/rotronic-wird-50\/#primaryimage"},"thumbnailUrl":"https:\/\/news.save.ch\/wp-content\/uploads\/2016\/12\/Rotronic-wird-50-sicherheitsforum-scaled-1-scaled.jpg","datePublished":"2015-03-30T09:11:08+00:00","description":"Rotronic \u00e0 Bassersdorf, dans le canton de Zurich, f\u00eate cette ann\u00e9e son 50e anniversaire.","breadcrumb":{"@id":"https:\/\/news.save.ch\/rotronic-wird-50\/#breadcrumb"},"inLanguage":"fr-FR","potentialAction":[{"@type":"ReadAction","target":["https:\/\/news.save.ch\/rotronic-wird-50\/"]}]},{"@type":"ImageObject","inLanguage":"fr-FR","@id":"https:\/\/news.save.ch\/rotronic-wird-50\/#primaryimage","url":"https:\/\/news.save.ch\/wp-content\/uploads\/2016\/12\/Rotronic-wird-50-sicherheitsforum-scaled-1-scaled.jpg","contentUrl":"https:\/\/news.save.ch\/wp-content\/uploads\/2016\/12\/Rotronic-wird-50-sicherheitsforum-scaled-1-scaled.jpg","width":1400,"height":1050,"caption":"Gesch\u00e4ftsf\u00fchrer Michael Taraba"},{"@type":"BreadcrumbList","@id":"https:\/\/news.save.ch\/rotronic-wird-50\/#breadcrumb","itemListElement":[{"@type":"ListItem","position":1,"name":"Home","item":"https:\/\/news.save.ch\/de\/"},{"@type":"ListItem","position":2,"name":"Rotronic wird 50"}]},{"@type":"WebSite","@id":"https:\/\/news.save.ch\/de\/#website","url":"https:\/\/news.save.ch\/de\/","name":"Save","description":"Revue suisse sp\u00e9cialis\u00e9e dans la s\u00e9curit\u00e9","publisher":{"@id":"https:\/\/news.save.ch\/de\/#organization"},"potentialAction":[{"@type":"SearchAction","target":{"@type":"EntryPoint","urlTemplate":"https:\/\/news.save.ch\/de\/?s={search_term_string}"},"query-input":{"@type":"PropertyValueSpecification","valueRequired":true,"valueName":"search_term_string"}}],"inLanguage":"fr-FR"},{"@type":"Organization","@id":"https:\/\/news.save.ch\/de\/#organization","name":"Forum sur la s\u00e9curit\u00e9","url":"https:\/\/news.save.ch\/de\/","logo":{"@type":"ImageObject","inLanguage":"fr-FR","@id":"https:\/\/news.save.ch\/de\/#\/schema\/logo\/image\/","url":"https:\/\/news.save.ch\/wp-content\/uploads\/2022\/06\/Logo_SF_2012.png","contentUrl":"https:\/\/news.save.ch\/wp-content\/uploads\/2022\/06\/Logo_SF_2012.png","width":1100,"height":91,"caption":"Sicherheitsforum"},"image":{"@id":"https:\/\/news.save.ch\/de\/#\/schema\/logo\/image\/"}},{"@type":"Person","@id":"https:\/\/news.save.ch\/de\/#\/schema\/person\/d49e199490bad7c70d64b9ab51142f2b","name":"admin","image":{"@type":"ImageObject","inLanguage":"fr-FR","@id":"https:\/\/secure.gravatar.com\/avatar\/ae2f4d718e6c49043e314ce431e7e645d646302a24a5ef5a8bc8e3f5a032e319?s=96&d=mm&r=g","url":"https:\/\/secure.gravatar.com\/avatar\/ae2f4d718e6c49043e314ce431e7e645d646302a24a5ef5a8bc8e3f5a032e319?s=96&d=mm&r=g","contentUrl":"https:\/\/secure.gravatar.com\/avatar\/ae2f4d718e6c49043e314ce431e7e645d646302a24a5ef5a8bc8e3f5a032e319?s=96&d=mm&r=g","caption":"admin"},"sameAs":["https:\/\/develop.organisator.galledia.ch"],"url":"https:\/\/news.save.ch\/fr\/author\/admin\/"}]}},"_links":{"self":[{"href":"https:\/\/news.save.ch\/fr\/wp-json\/wp\/v2\/posts\/3124","targetHints":{"allow":["GET"]}}],"collection":[{"href":"https:\/\/news.save.ch\/fr\/wp-json\/wp\/v2\/posts"}],"about":[{"href":"https:\/\/news.save.ch\/fr\/wp-json\/wp\/v2\/types\/post"}],"author":[{"embeddable":true,"href":"https:\/\/news.save.ch\/fr\/wp-json\/wp\/v2\/users\/1"}],"replies":[{"embeddable":true,"href":"https:\/\/news.save.ch\/fr\/wp-json\/wp\/v2\/comments?post=3124"}],"version-history":[{"count":0,"href":"https:\/\/news.save.ch\/fr\/wp-json\/wp\/v2\/posts\/3124\/revisions"}],"wp:featuredmedia":[{"embeddable":true,"href":"https:\/\/news.save.ch\/fr\/wp-json\/wp\/v2\/media\/3125"}],"wp:attachment":[{"href":"https:\/\/news.save.ch\/fr\/wp-json\/wp\/v2\/media?parent=3124"}],"wp:term":[{"taxonomy":"category","embeddable":true,"href":"https:\/\/news.save.ch\/fr\/wp-json\/wp\/v2\/categories?post=3124"},{"taxonomy":"post_tag","embeddable":true,"href":"https:\/\/news.save.ch\/fr\/wp-json\/wp\/v2\/tags?post=3124"}],"curies":[{"name":"wp","href":"https:\/\/api.w.org\/{rel}","templated":true}]}}