{"id":3128,"date":"2015-03-31T11:13:15","date_gmt":"2015-03-31T09:13:15","guid":{"rendered":"https:\/\/dev.sicherheitsforum.ch\/?p=3128"},"modified":"2023-03-14T08:59:02","modified_gmt":"2023-03-14T07:59:02","slug":"sturm-reisst-dach-herunter","status":null,"type":"post","link":"https:\/\/news.save.ch\/fr\/sturm-reisst-dach-herunter\/","title":{"rendered":"Une temp\u00eate arrache le toit"},"content":{"rendered":"<figure id=\"attachment_3132\" aria-describedby=\"caption-attachment-3132\" style=\"width: 680px\" class=\"wp-caption alignnone\"><img loading=\"lazy\" decoding=\"async\" class=\"size-medium wp-image-3132\" src=\"https:\/\/news.save.ch\/wp-content\/uploads\/2016\/12\/Sturm-reisst-Dach-herunter-sicherheitsforum.jpg\" alt=\"\" width=\"680\" height=\"907\" \/><figcaption id=\"caption-attachment-3132\" class=\"wp-caption-text\">Le morceau de toit en cuivre de plusieurs centaines de kilos. \u00a9 PD Police municipale de Zurich<\/figcaption><\/figure>\n<figure id=\"attachment_3133\" aria-describedby=\"caption-attachment-3133\" style=\"width: 680px\" class=\"wp-caption alignnone\"><img loading=\"lazy\" decoding=\"async\" class=\"size-medium wp-image-3133\" src=\"https:\/\/news.save.ch\/wp-content\/uploads\/2016\/12\/Sturm-reisst-Dach-herunter2-sicherheitsforum.jpg\" alt=\"\" width=\"680\" height=\"383\" \/><figcaption id=\"caption-attachment-3133\" class=\"wp-caption-text\">Ici, le toit a vol\u00e9 dans les airs. PD Police municipale de Zurich<\/figcaption><\/figure>\n<p>Trois voitures ont \u00e9t\u00e9 ensevelies sous le toit en cuivre de plusieurs centaines de kilos et fortement endommag\u00e9es, comme l'\u00e9crit la police municipale. Dans l'immeuble d'en face, un balcon a \u00e9t\u00e9 partiellement arrach\u00e9.<\/p>\n<p>Jusqu'\u00e0 13 heures, la police municipale de Zurich a re\u00e7u une trentaine de messages concernant la temp\u00eate. Il s'agissait principalement d'arbres d\u00e9racin\u00e9s ou de branches tomb\u00e9es qui ont bloqu\u00e9 des routes et endommag\u00e9 des voitures en stationnement. Les policiers ont \u00e9galement d\u00fb s'occuper de barri\u00e8res de chantier, d'\u00e9chafaudages, de panneaux de signalisation et de bateaux arrach\u00e9s.<\/p>\n<p>Ailleurs en Suisse, la temp\u00eate s'est \u00e9galement d\u00e9cha\u00een\u00e9e, recouvrant les toits, renversant des arbres et causant d'importants d\u00e9g\u00e2ts mat\u00e9riels. Plusieurs personnes ont \u00e9t\u00e9 bless\u00e9es et ont d\u00fb \u00eatre hospitalis\u00e9es ; \u00e0 Andelfingen, une personne a perdu la vie suite \u00e0 l'ouragan.<\/p>\n<p>Selon M\u00e9t\u00e9o Suisse, des rafales entre 70 et 90 km\/h ont \u00e9t\u00e9 mesur\u00e9es sur le Plateau. La valeur la plus \u00e9lev\u00e9e, 120 km\/h, a \u00e9t\u00e9 enregistr\u00e9e \u00e0 Steckborn en Thurgovie.<\/p>\n<p>&nbsp;<\/p>","protected":false},"excerpt":{"rendered":"<p>Unter dem mehrere hundert Kilogramm schweren Kupferdach wurden drei Autos begraben und stark besch\u00e4digt, wie die Stadtpolizei schreibt. Im gegen\u00fcberliegenden Haus wurde ein Balkon teilweise heruntergerissen. Bei der Stadtpolizei Z\u00fcrich gingen bis 13 Uhr wegen des Sturms rund 30 Meldungen ein. Haupts\u00e4chlich handelte es sich um entwurzelte B\u00e4ume oder heruntergefallene \u00c4ste, die Strassen blockierten und [&hellip;]<\/p>\n","protected":false},"author":1,"featured_media":3132,"comment_status":"closed","ping_status":"closed","sticky":false,"template":"","format":"standard","meta":{"_acf_changed":false,"pgc_sgb_lightbox_settings":"","footnotes":""},"categories":[3312],"tags":[170],"class_list":["post-3128","post","type-post","status-publish","format-standard","has-post-thumbnail","hentry","category-sicherheit","tag-naturgefahren"],"acf":[],"hkrextid":null,"publication":null,"issue":null,"workflow":null,"startPage":null,"spitzmarke":null,"_posts_by_tag_page_fields":{"widget_title":"","widget_tags":""},"_at_widget":"1","_yoast_wpseo_primary_category":"5","_yoast_wpseo_focuskw_text_input":"Sturm","_yoast_wpseo_opengraph-image":"https:\/\/sicherheitsforum.ch\/wp-content\/uploads\/2016\/12\/Sturm-reisst-Dach-herunter-sicherheitsforum.jpg","_yoast_wpseo_opengraph-description":"Der heftige Sturm \u201eNiklas\u201c riss am Dienstag an der Merkurstrasse in Z\u00fcrich ein halbes Dach auf die Strasse.","_yoast_wpseo_opengraph-title":"Sturm reisst Dach herunter","enclosure":null,"_yoast_wpseo_twitter-title":null,"_yoast_wpseo_twitter-description":null,"_yoast_wpseo_twitter-image":null,"_wp_old_slug":null,"_yoast_wpseo_title":null,"_yoast_wpseo_canonical":null,"yoast_head":"<!-- This site is optimized with the Yoast SEO plugin v27.4 - https:\/\/yoast.com\/product\/yoast-seo-wordpress\/ -->\n<title>Sturm reisst Dach herunter - Save<\/title>\n<meta name=\"description\" content=\"Der heftige Sturm \u201eNiklas\u201c riss am Dienstag an der Merkurstrasse in Z\u00fcrich ein halbes Dach auf die Strasse.\" \/>\n<meta name=\"robots\" content=\"index, follow, max-snippet:-1, max-image-preview:large, max-video-preview:-1\" \/>\n<link rel=\"canonical\" href=\"https:\/\/news.save.ch\/fr\/sturm-reisst-dach-herunter\/\" \/>\n<meta property=\"og:locale\" content=\"fr_FR\" \/>\n<meta property=\"og:type\" content=\"article\" \/>\n<meta property=\"og:title\" content=\"Sturm reisst Dach herunter\" \/>\n<meta property=\"og:description\" content=\"Der heftige Sturm \u201eNiklas\u201c riss am Dienstag an der Merkurstrasse in Z\u00fcrich ein halbes Dach auf die Strasse.\" \/>\n<meta property=\"og:url\" content=\"https:\/\/news.save.ch\/fr\/sturm-reisst-dach-herunter\/\" \/>\n<meta property=\"og:site_name\" content=\"Save\" \/>\n<meta property=\"article:published_time\" content=\"2015-03-31T09:13:15+00:00\" \/>\n<meta property=\"article:modified_time\" content=\"2023-03-14T07:59:02+00:00\" \/>\n<meta property=\"og:image\" content=\"https:\/\/sicherheitsforum.ch\/wp-content\/uploads\/2016\/12\/Sturm-reisst-Dach-herunter-sicherheitsforum.jpg\" \/>\n<meta name=\"author\" content=\"admin\" \/>\n<meta name=\"twitter:card\" content=\"summary_large_image\" \/>\n<meta name=\"twitter:label1\" content=\"\u00c9crit par\" \/>\n\t<meta name=\"twitter:data1\" content=\"admin\" \/>\n\t<meta name=\"twitter:label2\" content=\"Dur\u00e9e de lecture estim\u00e9e\" \/>\n\t<meta name=\"twitter:data2\" content=\"1 minute\" \/>\n<script type=\"application\/ld+json\" class=\"yoast-schema-graph\">{\"@context\":\"https:\\\/\\\/schema.org\",\"@graph\":[{\"@type\":\"Article\",\"@id\":\"https:\\\/\\\/news.save.ch\\\/sturm-reisst-dach-herunter\\\/#article\",\"isPartOf\":{\"@id\":\"https:\\\/\\\/news.save.ch\\\/sturm-reisst-dach-herunter\\\/\"},\"author\":{\"name\":\"admin\",\"@id\":\"https:\\\/\\\/news.save.ch\\\/de\\\/#\\\/schema\\\/person\\\/d49e199490bad7c70d64b9ab51142f2b\"},\"headline\":\"Sturm reisst Dach herunter\",\"datePublished\":\"2015-03-31T09:13:15+00:00\",\"dateModified\":\"2023-03-14T07:59:02+00:00\",\"mainEntityOfPage\":{\"@id\":\"https:\\\/\\\/news.save.ch\\\/sturm-reisst-dach-herunter\\\/\"},\"wordCount\":192,\"publisher\":{\"@id\":\"https:\\\/\\\/news.save.ch\\\/de\\\/#organization\"},\"image\":{\"@id\":\"https:\\\/\\\/news.save.ch\\\/sturm-reisst-dach-herunter\\\/#primaryimage\"},\"thumbnailUrl\":\"https:\\\/\\\/news.save.ch\\\/wp-content\\\/uploads\\\/2016\\\/12\\\/Sturm-reisst-Dach-herunter-sicherheitsforum-scaled.jpg\",\"keywords\":[\"Naturgefahren\"],\"articleSection\":[\"SICHERHEIT\"],\"inLanguage\":\"fr-FR\"},{\"@type\":\"WebPage\",\"@id\":\"https:\\\/\\\/news.save.ch\\\/sturm-reisst-dach-herunter\\\/\",\"url\":\"https:\\\/\\\/news.save.ch\\\/sturm-reisst-dach-herunter\\\/\",\"name\":\"Sturm reisst Dach herunter - Save\",\"isPartOf\":{\"@id\":\"https:\\\/\\\/news.save.ch\\\/de\\\/#website\"},\"primaryImageOfPage\":{\"@id\":\"https:\\\/\\\/news.save.ch\\\/sturm-reisst-dach-herunter\\\/#primaryimage\"},\"image\":{\"@id\":\"https:\\\/\\\/news.save.ch\\\/sturm-reisst-dach-herunter\\\/#primaryimage\"},\"thumbnailUrl\":\"https:\\\/\\\/news.save.ch\\\/wp-content\\\/uploads\\\/2016\\\/12\\\/Sturm-reisst-Dach-herunter-sicherheitsforum-scaled.jpg\",\"datePublished\":\"2015-03-31T09:13:15+00:00\",\"dateModified\":\"2023-03-14T07:59:02+00:00\",\"description\":\"Der heftige Sturm \u201eNiklas\u201c riss am Dienstag an der Merkurstrasse in Z\u00fcrich ein halbes Dach auf die Strasse.\",\"breadcrumb\":{\"@id\":\"https:\\\/\\\/news.save.ch\\\/sturm-reisst-dach-herunter\\\/#breadcrumb\"},\"inLanguage\":\"fr-FR\",\"potentialAction\":[{\"@type\":\"ReadAction\",\"target\":[\"https:\\\/\\\/news.save.ch\\\/sturm-reisst-dach-herunter\\\/\"]}]},{\"@type\":\"ImageObject\",\"inLanguage\":\"fr-FR\",\"@id\":\"https:\\\/\\\/news.save.ch\\\/sturm-reisst-dach-herunter\\\/#primaryimage\",\"url\":\"https:\\\/\\\/news.save.ch\\\/wp-content\\\/uploads\\\/2016\\\/12\\\/Sturm-reisst-Dach-herunter-sicherheitsforum-scaled.jpg\",\"contentUrl\":\"https:\\\/\\\/news.save.ch\\\/wp-content\\\/uploads\\\/2016\\\/12\\\/Sturm-reisst-Dach-herunter-sicherheitsforum-scaled.jpg\",\"width\":1050,\"height\":1400,\"caption\":\"Das mehrere hundert Kilogramm schwere St\u00fcck des Kupferdachs\"},{\"@type\":\"BreadcrumbList\",\"@id\":\"https:\\\/\\\/news.save.ch\\\/sturm-reisst-dach-herunter\\\/#breadcrumb\",\"itemListElement\":[{\"@type\":\"ListItem\",\"position\":1,\"name\":\"Home\",\"item\":\"https:\\\/\\\/news.save.ch\\\/de\\\/\"},{\"@type\":\"ListItem\",\"position\":2,\"name\":\"Sturm reisst Dach herunter\"}]},{\"@type\":\"WebSite\",\"@id\":\"https:\\\/\\\/news.save.ch\\\/de\\\/#website\",\"url\":\"https:\\\/\\\/news.save.ch\\\/de\\\/\",\"name\":\"Save\",\"description\":\"Schweizer Fachzeitschrift f\u00fcr Sicherheit\",\"publisher\":{\"@id\":\"https:\\\/\\\/news.save.ch\\\/de\\\/#organization\"},\"potentialAction\":[{\"@type\":\"SearchAction\",\"target\":{\"@type\":\"EntryPoint\",\"urlTemplate\":\"https:\\\/\\\/news.save.ch\\\/de\\\/?s={search_term_string}\"},\"query-input\":{\"@type\":\"PropertyValueSpecification\",\"valueRequired\":true,\"valueName\":\"search_term_string\"}}],\"inLanguage\":\"fr-FR\"},{\"@type\":\"Organization\",\"@id\":\"https:\\\/\\\/news.save.ch\\\/de\\\/#organization\",\"name\":\"Sicherheitsforum\",\"url\":\"https:\\\/\\\/news.save.ch\\\/de\\\/\",\"logo\":{\"@type\":\"ImageObject\",\"inLanguage\":\"fr-FR\",\"@id\":\"https:\\\/\\\/news.save.ch\\\/de\\\/#\\\/schema\\\/logo\\\/image\\\/\",\"url\":\"https:\\\/\\\/news.save.ch\\\/wp-content\\\/uploads\\\/2022\\\/06\\\/Logo_SF_2012.png\",\"contentUrl\":\"https:\\\/\\\/news.save.ch\\\/wp-content\\\/uploads\\\/2022\\\/06\\\/Logo_SF_2012.png\",\"width\":1100,\"height\":91,\"caption\":\"Sicherheitsforum\"},\"image\":{\"@id\":\"https:\\\/\\\/news.save.ch\\\/de\\\/#\\\/schema\\\/logo\\\/image\\\/\"}},{\"@type\":\"Person\",\"@id\":\"https:\\\/\\\/news.save.ch\\\/de\\\/#\\\/schema\\\/person\\\/d49e199490bad7c70d64b9ab51142f2b\",\"name\":\"admin\",\"image\":{\"@type\":\"ImageObject\",\"inLanguage\":\"fr-FR\",\"@id\":\"https:\\\/\\\/secure.gravatar.com\\\/avatar\\\/ae2f4d718e6c49043e314ce431e7e645d646302a24a5ef5a8bc8e3f5a032e319?s=96&d=mm&r=g\",\"url\":\"https:\\\/\\\/secure.gravatar.com\\\/avatar\\\/ae2f4d718e6c49043e314ce431e7e645d646302a24a5ef5a8bc8e3f5a032e319?s=96&d=mm&r=g\",\"contentUrl\":\"https:\\\/\\\/secure.gravatar.com\\\/avatar\\\/ae2f4d718e6c49043e314ce431e7e645d646302a24a5ef5a8bc8e3f5a032e319?s=96&d=mm&r=g\",\"caption\":\"admin\"},\"sameAs\":[\"https:\\\/\\\/develop.organisator.galledia.ch\"],\"url\":\"https:\\\/\\\/news.save.ch\\\/fr\\\/author\\\/admin\\\/\"}]}<\/script>\n<!-- \/ Yoast SEO plugin. -->","yoast_head_json":{"title":"Une temp\u00eate arrache le toit - Save","description":"Mardi, la violente temp\u00eate \"Niklas\" a arrach\u00e9 la moiti\u00e9 d'un toit sur la route \u00e0 la Merkurstrasse \u00e0 Zurich.","robots":{"index":"index","follow":"follow","max-snippet":"max-snippet:-1","max-image-preview":"max-image-preview:large","max-video-preview":"max-video-preview:-1"},"canonical":"https:\/\/news.save.ch\/fr\/sturm-reisst-dach-herunter\/","og_locale":"fr_FR","og_type":"article","og_title":"Sturm reisst Dach herunter","og_description":"Der heftige Sturm \u201eNiklas\u201c riss am Dienstag an der Merkurstrasse in Z\u00fcrich ein halbes Dach auf die Strasse.","og_url":"https:\/\/news.save.ch\/fr\/sturm-reisst-dach-herunter\/","og_site_name":"Save","article_published_time":"2015-03-31T09:13:15+00:00","article_modified_time":"2023-03-14T07:59:02+00:00","og_image":[{"url":"https:\/\/sicherheitsforum.ch\/wp-content\/uploads\/2016\/12\/Sturm-reisst-Dach-herunter-sicherheitsforum.jpg","type":"","width":"","height":""}],"author":"admin","twitter_card":"summary_large_image","twitter_misc":{"\u00c9crit par":"admin","Dur\u00e9e de lecture estim\u00e9e":"1 minute"},"schema":{"@context":"https:\/\/schema.org","@graph":[{"@type":"Article","@id":"https:\/\/news.save.ch\/sturm-reisst-dach-herunter\/#article","isPartOf":{"@id":"https:\/\/news.save.ch\/sturm-reisst-dach-herunter\/"},"author":{"name":"admin","@id":"https:\/\/news.save.ch\/de\/#\/schema\/person\/d49e199490bad7c70d64b9ab51142f2b"},"headline":"Sturm reisst Dach herunter","datePublished":"2015-03-31T09:13:15+00:00","dateModified":"2023-03-14T07:59:02+00:00","mainEntityOfPage":{"@id":"https:\/\/news.save.ch\/sturm-reisst-dach-herunter\/"},"wordCount":192,"publisher":{"@id":"https:\/\/news.save.ch\/de\/#organization"},"image":{"@id":"https:\/\/news.save.ch\/sturm-reisst-dach-herunter\/#primaryimage"},"thumbnailUrl":"https:\/\/news.save.ch\/wp-content\/uploads\/2016\/12\/Sturm-reisst-Dach-herunter-sicherheitsforum-scaled.jpg","keywords":["Naturgefahren"],"articleSection":["SICHERHEIT"],"inLanguage":"fr-FR"},{"@type":"WebPage","@id":"https:\/\/news.save.ch\/sturm-reisst-dach-herunter\/","url":"https:\/\/news.save.ch\/sturm-reisst-dach-herunter\/","name":"Une temp\u00eate arrache le toit - Save","isPartOf":{"@id":"https:\/\/news.save.ch\/de\/#website"},"primaryImageOfPage":{"@id":"https:\/\/news.save.ch\/sturm-reisst-dach-herunter\/#primaryimage"},"image":{"@id":"https:\/\/news.save.ch\/sturm-reisst-dach-herunter\/#primaryimage"},"thumbnailUrl":"https:\/\/news.save.ch\/wp-content\/uploads\/2016\/12\/Sturm-reisst-Dach-herunter-sicherheitsforum-scaled.jpg","datePublished":"2015-03-31T09:13:15+00:00","dateModified":"2023-03-14T07:59:02+00:00","description":"Mardi, la violente temp\u00eate \"Niklas\" a arrach\u00e9 la moiti\u00e9 d'un toit sur la route \u00e0 la Merkurstrasse \u00e0 Zurich.","breadcrumb":{"@id":"https:\/\/news.save.ch\/sturm-reisst-dach-herunter\/#breadcrumb"},"inLanguage":"fr-FR","potentialAction":[{"@type":"ReadAction","target":["https:\/\/news.save.ch\/sturm-reisst-dach-herunter\/"]}]},{"@type":"ImageObject","inLanguage":"fr-FR","@id":"https:\/\/news.save.ch\/sturm-reisst-dach-herunter\/#primaryimage","url":"https:\/\/news.save.ch\/wp-content\/uploads\/2016\/12\/Sturm-reisst-Dach-herunter-sicherheitsforum-scaled.jpg","contentUrl":"https:\/\/news.save.ch\/wp-content\/uploads\/2016\/12\/Sturm-reisst-Dach-herunter-sicherheitsforum-scaled.jpg","width":1050,"height":1400,"caption":"Das mehrere hundert Kilogramm schwere St\u00fcck des Kupferdachs"},{"@type":"BreadcrumbList","@id":"https:\/\/news.save.ch\/sturm-reisst-dach-herunter\/#breadcrumb","itemListElement":[{"@type":"ListItem","position":1,"name":"Home","item":"https:\/\/news.save.ch\/de\/"},{"@type":"ListItem","position":2,"name":"Sturm reisst Dach herunter"}]},{"@type":"WebSite","@id":"https:\/\/news.save.ch\/de\/#website","url":"https:\/\/news.save.ch\/de\/","name":"Save","description":"Revue suisse sp\u00e9cialis\u00e9e dans la s\u00e9curit\u00e9","publisher":{"@id":"https:\/\/news.save.ch\/de\/#organization"},"potentialAction":[{"@type":"SearchAction","target":{"@type":"EntryPoint","urlTemplate":"https:\/\/news.save.ch\/de\/?s={search_term_string}"},"query-input":{"@type":"PropertyValueSpecification","valueRequired":true,"valueName":"search_term_string"}}],"inLanguage":"fr-FR"},{"@type":"Organization","@id":"https:\/\/news.save.ch\/de\/#organization","name":"Forum sur la s\u00e9curit\u00e9","url":"https:\/\/news.save.ch\/de\/","logo":{"@type":"ImageObject","inLanguage":"fr-FR","@id":"https:\/\/news.save.ch\/de\/#\/schema\/logo\/image\/","url":"https:\/\/news.save.ch\/wp-content\/uploads\/2022\/06\/Logo_SF_2012.png","contentUrl":"https:\/\/news.save.ch\/wp-content\/uploads\/2022\/06\/Logo_SF_2012.png","width":1100,"height":91,"caption":"Sicherheitsforum"},"image":{"@id":"https:\/\/news.save.ch\/de\/#\/schema\/logo\/image\/"}},{"@type":"Person","@id":"https:\/\/news.save.ch\/de\/#\/schema\/person\/d49e199490bad7c70d64b9ab51142f2b","name":"admin","image":{"@type":"ImageObject","inLanguage":"fr-FR","@id":"https:\/\/secure.gravatar.com\/avatar\/ae2f4d718e6c49043e314ce431e7e645d646302a24a5ef5a8bc8e3f5a032e319?s=96&d=mm&r=g","url":"https:\/\/secure.gravatar.com\/avatar\/ae2f4d718e6c49043e314ce431e7e645d646302a24a5ef5a8bc8e3f5a032e319?s=96&d=mm&r=g","contentUrl":"https:\/\/secure.gravatar.com\/avatar\/ae2f4d718e6c49043e314ce431e7e645d646302a24a5ef5a8bc8e3f5a032e319?s=96&d=mm&r=g","caption":"admin"},"sameAs":["https:\/\/develop.organisator.galledia.ch"],"url":"https:\/\/news.save.ch\/fr\/author\/admin\/"}]}},"_links":{"self":[{"href":"https:\/\/news.save.ch\/fr\/wp-json\/wp\/v2\/posts\/3128","targetHints":{"allow":["GET"]}}],"collection":[{"href":"https:\/\/news.save.ch\/fr\/wp-json\/wp\/v2\/posts"}],"about":[{"href":"https:\/\/news.save.ch\/fr\/wp-json\/wp\/v2\/types\/post"}],"author":[{"embeddable":true,"href":"https:\/\/news.save.ch\/fr\/wp-json\/wp\/v2\/users\/1"}],"replies":[{"embeddable":true,"href":"https:\/\/news.save.ch\/fr\/wp-json\/wp\/v2\/comments?post=3128"}],"version-history":[{"count":1,"href":"https:\/\/news.save.ch\/fr\/wp-json\/wp\/v2\/posts\/3128\/revisions"}],"predecessor-version":[{"id":17891,"href":"https:\/\/news.save.ch\/fr\/wp-json\/wp\/v2\/posts\/3128\/revisions\/17891"}],"wp:featuredmedia":[{"embeddable":true,"href":"https:\/\/news.save.ch\/fr\/wp-json\/wp\/v2\/media\/3132"}],"wp:attachment":[{"href":"https:\/\/news.save.ch\/fr\/wp-json\/wp\/v2\/media?parent=3128"}],"wp:term":[{"taxonomy":"category","embeddable":true,"href":"https:\/\/news.save.ch\/fr\/wp-json\/wp\/v2\/categories?post=3128"},{"taxonomy":"post_tag","embeddable":true,"href":"https:\/\/news.save.ch\/fr\/wp-json\/wp\/v2\/tags?post=3128"}],"curies":[{"name":"wp","href":"https:\/\/api.w.org\/{rel}","templated":true}]}}