{"id":3144,"date":"2016-06-16T11:20:05","date_gmt":"2016-06-16T09:20:05","guid":{"rendered":"https:\/\/dev.sicherheitsforum.ch\/?p=3144"},"modified":"2016-06-16T11:20:05","modified_gmt":"2016-06-16T09:20:05","slug":"siemens-divison-in-zug-wird-restrukturiert","status":null,"type":"post","link":"https:\/\/news.save.ch\/fr\/siemens-divison-in-zug-wird-restrukturiert\/","title":{"rendered":"La division de Siemens \u00e0 Zoug va \u00eatre restructur\u00e9e"},"content":{"rendered":"<figure id=\"attachment_3152\" aria-describedby=\"caption-attachment-3152\" style=\"width: 680px\" class=\"wp-caption alignnone\"><img loading=\"lazy\" decoding=\"async\" class=\"wp-image-3152 size-medium\" src=\"https:\/\/news.save.ch\/wp-content\/uploads\/2016\/12\/Siemens-Divison-in-Zug-wird-restrukturiert_sicherheitsforum.jpg\" width=\"680\" height=\"453\" \/><figcaption id=\"caption-attachment-3152\" class=\"wp-caption-text\">Le site de Zoug doit n\u00e9anmoins rester le centre de comp\u00e9tences pour les techniques innovantes du b\u00e2timent.<\/figcaption><\/figure>\n<p>Pour Matthias Rebellius, CEO de la <a href=\"https:\/\/www.siemens.ch\" target=\"_blank\" data-cke-saved-href=\"https:\/\/www.siemens.ch\" rel=\"noopener\">Siemens<\/a>-Division Building Technologies, ces mesures sont in\u00e9vitables pour assurer la p\u00e9rennit\u00e9 du site de Zoug. \"La r\u00e9cente hausse du cours du franc a un impact massif sur notre comp\u00e9titivit\u00e9, en particulier sur la production ici, sur le site. Comme une grande partie de notre cr\u00e9ation de valeur globale se fait en Suisse, nous sommes oblig\u00e9s d'agir\". L'entreprise entend toutefois conserver le site de Zoug en tant que centre de comp\u00e9tences global.<\/p>\n<p>La comp\u00e9titivit\u00e9 du site suisse s'est nettement d\u00e9t\u00e9rior\u00e9e ces derni\u00e8res ann\u00e9es en raison des taux de change, notamment depuis l'abandon du cours plancher de l'euro en janvier 2015. Bien que Siemens ait mis en \u0153uvre plusieurs optimisations de la production, comme le regroupement des sites de Volketswil et de Zoug, il y a plus d'un an d\u00e9j\u00e0, la r\u00e9cente hausse du cours du franc a entra\u00een\u00e9 un niveau de co\u00fbts qui n'est plus supportable.<\/p>\n<p>Pour Rebellius, il est donc urgent de d\u00e9localiser davantage la production dans les r\u00e9gions o\u00f9 les produits et les services sont \u00e9galement vendus, afin d'\u00eatre moins d\u00e9pendant des fluctuations mon\u00e9taires et de profiter des avantages des pays o\u00f9 les co\u00fbts salariaux sont moins \u00e9lev\u00e9s. L'objectif est de ne plus fabriquer \u00e0 Zoug que les produits et les composants qui, en raison de leur design et de leur technologie (p. ex. les installations de protection contre l'incendie), posent des exigences \u00e9lev\u00e9es \u00e0 la fabrication et pour lesquels la proximit\u00e9 du site de d\u00e9veloppement constituerait un avantage important.<\/p>\n<p>C'est pourquoi l'entreprise entend maintenir inchang\u00e9 le projet de construction d'un nouveau si\u00e8ge social \u00e0 Zoug. \"D'ici 2018, nous emm\u00e9nagerons dans un centre de d\u00e9veloppement et un b\u00e2timent de production ultramodernes, en plus du nouveau b\u00e2timent administratif\", explique Rebellius.<\/p>\n<p>La principale mesure d'optimisation de la production consiste \u00e0 transf\u00e9rer environ 30% du volume de production actuel de Zoug vers d'autres sites de Siemens ainsi qu'\u00e0 le confier \u00e0 des entreprises externes. Cela permettrait de mieux amortir les risques de change et d'augmenter ainsi la stabilit\u00e9 des structures de cr\u00e9ation de valeur dans les conditions \u00e9conomiques actuelles, explique-t-on.<\/p>\n<p>Il est pr\u00e9vu de commencer le transfert des premi\u00e8res lignes de production en janvier 2016 et d'achever les mesures d'ici fin 2016. Le site de production de Zoug, qui comptera alors environ 350 collaborateurs - contre environ 500 aujourd'hui -, disposera toujours d'une taille garantissant une usine comp\u00e9titive ax\u00e9e sur les comp\u00e9tences cl\u00e9s que sont l'\u00e9lectronique et l'\u00e9lectrom\u00e9canique.<\/p>\n<p>L'entreprise industrielle part du principe qu'une partie des adaptations de personnel pr\u00e9vues pourra \u00eatre r\u00e9alis\u00e9e par la r\u00e9duction du personnel int\u00e9rimaire, les fluctuations naturelles et les d\u00e9parts anticip\u00e9s \u00e0 la retraite. Des licenciements ne pourront malheureusement pas \u00eatre \u00e9vit\u00e9s, pr\u00e9cise l'entreprise. L'entreprise est en discussion avec la repr\u00e9sentation des travailleurs (ANV) afin de rendre les suppressions d'emplois aussi socialement acceptables que possible.<\/p>","protected":false},"excerpt":{"rendered":"<p>F\u00fcr Matthias Rebellius, CEO der Siemens-Division Building Technologies, sind diese Massnahmen unumg\u00e4nglich, um den Standort in Zug nachhaltig zu sichern. \u201eDer j\u00fcngste Anstieg des Frankenkurses hat massive Auswirkungen auf unsere Wettbewerbsf\u00e4higkeit, insbesondere auf die Produktion hier am Standort. Da ein grosser Teil unserer globalen Wertsch\u00f6pfung in der Schweiz anf\u00e4llt, sind wir zum Handeln gezwungen.\u201c Am [&hellip;]<\/p>\n","protected":false},"author":1,"featured_media":3152,"comment_status":"open","ping_status":"open","sticky":false,"template":"","format":"standard","meta":{"_acf_changed":false,"pgc_sgb_lightbox_settings":"","footnotes":""},"categories":[1],"tags":[65],"class_list":["post-3144","post","type-post","status-publish","format-standard","has-post-thumbnail","hentry","category-allgemein","tag-unternehmen"],"acf":[],"hkrextid":null,"publication":null,"issue":null,"workflow":null,"startPage":null,"spitzmarke":null,"_posts_by_tag_page_fields":{"widget_title":"","widget_tags":""},"_at_widget":"1","_yoast_wpseo_primary_category":"","_yoast_wpseo_focuskw_text_input":"Siemens-Divison","_yoast_wpseo_opengraph-image":"https:\/\/news.save.ch\/wp-content\/uploads\/2016\/12\/Siemens-Divison-in-Zug-wird-restrukturiert_sicherheitsforum.jpg","_yoast_wpseo_opengraph-description":"Die Siemens-Division Building Technologies in Zug plant, wie angek\u00fcndigt, Optimierungen im Produktionsbereich. Im Rahmen dieser Massnahmen, die aufgrund der Frankenst\u00e4rke notwendig sind, werden einzelne Produktionslinien ins Ausland verlagert, wie das Unternehmen mitgeteilt hat. Damit verbunden ist auch ein Stellenabbau in Zug von voraussichtlich rund 150 Personen.","_yoast_wpseo_opengraph-title":"Siemens-Divison in Zug wird restrukturiert","enclosure":null,"_yoast_wpseo_twitter-title":null,"_yoast_wpseo_twitter-description":null,"_yoast_wpseo_twitter-image":null,"_wp_old_slug":null,"_yoast_wpseo_title":null,"_yoast_wpseo_canonical":null,"yoast_head":"<!-- This site is optimized with the Yoast SEO plugin v27.5 - https:\/\/yoast.com\/product\/yoast-seo-wordpress\/ -->\n<title>Siemens-Divison in Zug wird restrukturiert - Save<\/title>\n<meta name=\"description\" content=\"Die Siemens-Division Building Technologies in Zug plant, wie angek\u00fcndigt, Optimierungen im Produktionsbereich.\" \/>\n<meta name=\"robots\" content=\"index, follow, max-snippet:-1, max-image-preview:large, max-video-preview:-1\" \/>\n<link rel=\"canonical\" href=\"https:\/\/news.save.ch\/fr\/siemens-divison-in-zug-wird-restrukturiert\/\" \/>\n<meta property=\"og:locale\" content=\"fr_FR\" \/>\n<meta property=\"og:type\" content=\"article\" \/>\n<meta property=\"og:title\" content=\"Siemens-Divison in Zug wird restrukturiert\" \/>\n<meta property=\"og:description\" content=\"Die Siemens-Division Building Technologies in Zug plant, wie angek\u00fcndigt, Optimierungen im Produktionsbereich. Im Rahmen dieser Massnahmen, die aufgrund der Frankenst\u00e4rke notwendig sind, werden einzelne Produktionslinien ins Ausland verlagert, wie das Unternehmen mitgeteilt hat. Damit verbunden ist auch ein Stellenabbau in Zug von voraussichtlich rund 150 Personen.\" \/>\n<meta property=\"og:url\" content=\"https:\/\/news.save.ch\/fr\/siemens-divison-in-zug-wird-restrukturiert\/\" \/>\n<meta property=\"og:site_name\" content=\"Save\" \/>\n<meta property=\"article:published_time\" content=\"2016-06-16T09:20:05+00:00\" \/>\n<meta property=\"og:image\" content=\"https:\/\/news.save.ch\/wp-content\/uploads\/2016\/12\/Siemens-Divison-in-Zug-wird-restrukturiert_sicherheitsforum.jpg\" \/>\n<meta name=\"author\" content=\"admin\" \/>\n<meta name=\"twitter:card\" content=\"summary_large_image\" \/>\n<meta name=\"twitter:label1\" content=\"\u00c9crit par\" \/>\n\t<meta name=\"twitter:data1\" content=\"admin\" \/>\n\t<meta name=\"twitter:label2\" content=\"Dur\u00e9e de lecture estim\u00e9e\" \/>\n\t<meta name=\"twitter:data2\" content=\"2 minutes\" \/>\n<script type=\"application\/ld+json\" class=\"yoast-schema-graph\">{\"@context\":\"https:\\\/\\\/schema.org\",\"@graph\":[{\"@type\":\"Article\",\"@id\":\"https:\\\/\\\/news.save.ch\\\/siemens-divison-in-zug-wird-restrukturiert\\\/#article\",\"isPartOf\":{\"@id\":\"https:\\\/\\\/news.save.ch\\\/siemens-divison-in-zug-wird-restrukturiert\\\/\"},\"author\":{\"name\":\"admin\",\"@id\":\"https:\\\/\\\/news.save.ch\\\/de\\\/#\\\/schema\\\/person\\\/d49e199490bad7c70d64b9ab51142f2b\"},\"headline\":\"Siemens-Divison in Zug wird restrukturiert\",\"datePublished\":\"2016-06-16T09:20:05+00:00\",\"mainEntityOfPage\":{\"@id\":\"https:\\\/\\\/news.save.ch\\\/siemens-divison-in-zug-wird-restrukturiert\\\/\"},\"wordCount\":433,\"commentCount\":0,\"publisher\":{\"@id\":\"https:\\\/\\\/news.save.ch\\\/de\\\/#organization\"},\"image\":{\"@id\":\"https:\\\/\\\/news.save.ch\\\/siemens-divison-in-zug-wird-restrukturiert\\\/#primaryimage\"},\"thumbnailUrl\":\"https:\\\/\\\/news.save.ch\\\/wp-content\\\/uploads\\\/2016\\\/12\\\/Siemens-Divison-in-Zug-wird-restrukturiert_sicherheitsforum-scaled.jpg\",\"keywords\":[\"Unternehmen\"],\"articleSection\":[\"ALLGEMEIN\"],\"inLanguage\":\"fr-FR\"},{\"@type\":\"WebPage\",\"@id\":\"https:\\\/\\\/news.save.ch\\\/siemens-divison-in-zug-wird-restrukturiert\\\/\",\"url\":\"https:\\\/\\\/news.save.ch\\\/siemens-divison-in-zug-wird-restrukturiert\\\/\",\"name\":\"Siemens-Divison in Zug wird restrukturiert - Save\",\"isPartOf\":{\"@id\":\"https:\\\/\\\/news.save.ch\\\/de\\\/#website\"},\"primaryImageOfPage\":{\"@id\":\"https:\\\/\\\/news.save.ch\\\/siemens-divison-in-zug-wird-restrukturiert\\\/#primaryimage\"},\"image\":{\"@id\":\"https:\\\/\\\/news.save.ch\\\/siemens-divison-in-zug-wird-restrukturiert\\\/#primaryimage\"},\"thumbnailUrl\":\"https:\\\/\\\/news.save.ch\\\/wp-content\\\/uploads\\\/2016\\\/12\\\/Siemens-Divison-in-Zug-wird-restrukturiert_sicherheitsforum-scaled.jpg\",\"datePublished\":\"2016-06-16T09:20:05+00:00\",\"description\":\"Die Siemens-Division Building Technologies in Zug plant, wie angek\u00fcndigt, Optimierungen im Produktionsbereich.\",\"breadcrumb\":{\"@id\":\"https:\\\/\\\/news.save.ch\\\/siemens-divison-in-zug-wird-restrukturiert\\\/#breadcrumb\"},\"inLanguage\":\"fr-FR\",\"potentialAction\":[{\"@type\":\"ReadAction\",\"target\":[\"https:\\\/\\\/news.save.ch\\\/siemens-divison-in-zug-wird-restrukturiert\\\/\"]}]},{\"@type\":\"ImageObject\",\"inLanguage\":\"fr-FR\",\"@id\":\"https:\\\/\\\/news.save.ch\\\/siemens-divison-in-zug-wird-restrukturiert\\\/#primaryimage\",\"url\":\"https:\\\/\\\/news.save.ch\\\/wp-content\\\/uploads\\\/2016\\\/12\\\/Siemens-Divison-in-Zug-wird-restrukturiert_sicherheitsforum-scaled.jpg\",\"contentUrl\":\"https:\\\/\\\/news.save.ch\\\/wp-content\\\/uploads\\\/2016\\\/12\\\/Siemens-Divison-in-Zug-wird-restrukturiert_sicherheitsforum-scaled.jpg\",\"width\":1400,\"height\":934,\"caption\":\"Der Standort in Zug soll trotzdem das Kompetenzzentrum f\u00fcr innovative Geb\u00e4udetechnik bleiben.\"},{\"@type\":\"BreadcrumbList\",\"@id\":\"https:\\\/\\\/news.save.ch\\\/siemens-divison-in-zug-wird-restrukturiert\\\/#breadcrumb\",\"itemListElement\":[{\"@type\":\"ListItem\",\"position\":1,\"name\":\"Home\",\"item\":\"https:\\\/\\\/news.save.ch\\\/de\\\/\"},{\"@type\":\"ListItem\",\"position\":2,\"name\":\"Siemens-Divison in Zug wird restrukturiert\"}]},{\"@type\":\"WebSite\",\"@id\":\"https:\\\/\\\/news.save.ch\\\/de\\\/#website\",\"url\":\"https:\\\/\\\/news.save.ch\\\/de\\\/\",\"name\":\"Save\",\"description\":\"Schweizer Fachzeitschrift f\u00fcr Sicherheit\",\"publisher\":{\"@id\":\"https:\\\/\\\/news.save.ch\\\/de\\\/#organization\"},\"potentialAction\":[{\"@type\":\"SearchAction\",\"target\":{\"@type\":\"EntryPoint\",\"urlTemplate\":\"https:\\\/\\\/news.save.ch\\\/de\\\/?s={search_term_string}\"},\"query-input\":{\"@type\":\"PropertyValueSpecification\",\"valueRequired\":true,\"valueName\":\"search_term_string\"}}],\"inLanguage\":\"fr-FR\"},{\"@type\":\"Organization\",\"@id\":\"https:\\\/\\\/news.save.ch\\\/de\\\/#organization\",\"name\":\"Sicherheitsforum\",\"url\":\"https:\\\/\\\/news.save.ch\\\/de\\\/\",\"logo\":{\"@type\":\"ImageObject\",\"inLanguage\":\"fr-FR\",\"@id\":\"https:\\\/\\\/news.save.ch\\\/de\\\/#\\\/schema\\\/logo\\\/image\\\/\",\"url\":\"https:\\\/\\\/news.save.ch\\\/wp-content\\\/uploads\\\/2022\\\/06\\\/Logo_SF_2012.png\",\"contentUrl\":\"https:\\\/\\\/news.save.ch\\\/wp-content\\\/uploads\\\/2022\\\/06\\\/Logo_SF_2012.png\",\"width\":1100,\"height\":91,\"caption\":\"Sicherheitsforum\"},\"image\":{\"@id\":\"https:\\\/\\\/news.save.ch\\\/de\\\/#\\\/schema\\\/logo\\\/image\\\/\"}},{\"@type\":\"Person\",\"@id\":\"https:\\\/\\\/news.save.ch\\\/de\\\/#\\\/schema\\\/person\\\/d49e199490bad7c70d64b9ab51142f2b\",\"name\":\"admin\",\"image\":{\"@type\":\"ImageObject\",\"inLanguage\":\"fr-FR\",\"@id\":\"https:\\\/\\\/secure.gravatar.com\\\/avatar\\\/ae2f4d718e6c49043e314ce431e7e645d646302a24a5ef5a8bc8e3f5a032e319?s=96&d=mm&r=g\",\"url\":\"https:\\\/\\\/secure.gravatar.com\\\/avatar\\\/ae2f4d718e6c49043e314ce431e7e645d646302a24a5ef5a8bc8e3f5a032e319?s=96&d=mm&r=g\",\"contentUrl\":\"https:\\\/\\\/secure.gravatar.com\\\/avatar\\\/ae2f4d718e6c49043e314ce431e7e645d646302a24a5ef5a8bc8e3f5a032e319?s=96&d=mm&r=g\",\"caption\":\"admin\"},\"sameAs\":[\"https:\\\/\\\/develop.organisator.galledia.ch\"],\"url\":\"https:\\\/\\\/news.save.ch\\\/fr\\\/author\\\/admin\\\/\"}]}<\/script>\n<!-- \/ Yoast SEO plugin. -->","yoast_head_json":{"title":"La division de Siemens \u00e0 Zoug va \u00eatre restructur\u00e9e - Save","description":"Comme elle l'a annonc\u00e9, la division Building Technologies de Siemens \u00e0 Zoug pr\u00e9voit d'optimiser son secteur de production.","robots":{"index":"index","follow":"follow","max-snippet":"max-snippet:-1","max-image-preview":"max-image-preview:large","max-video-preview":"max-video-preview:-1"},"canonical":"https:\/\/news.save.ch\/fr\/siemens-divison-in-zug-wird-restrukturiert\/","og_locale":"fr_FR","og_type":"article","og_title":"Siemens-Divison in Zug wird restrukturiert","og_description":"Die Siemens-Division Building Technologies in Zug plant, wie angek\u00fcndigt, Optimierungen im Produktionsbereich. Im Rahmen dieser Massnahmen, die aufgrund der Frankenst\u00e4rke notwendig sind, werden einzelne Produktionslinien ins Ausland verlagert, wie das Unternehmen mitgeteilt hat. Damit verbunden ist auch ein Stellenabbau in Zug von voraussichtlich rund 150 Personen.","og_url":"https:\/\/news.save.ch\/fr\/siemens-divison-in-zug-wird-restrukturiert\/","og_site_name":"Save","article_published_time":"2016-06-16T09:20:05+00:00","og_image":[{"url":"https:\/\/news.save.ch\/wp-content\/uploads\/2016\/12\/Siemens-Divison-in-Zug-wird-restrukturiert_sicherheitsforum.jpg","type":"","width":"","height":""}],"author":"admin","twitter_card":"summary_large_image","twitter_misc":{"\u00c9crit par":"admin","Dur\u00e9e de lecture estim\u00e9e":"2 minutes"},"schema":{"@context":"https:\/\/schema.org","@graph":[{"@type":"Article","@id":"https:\/\/news.save.ch\/siemens-divison-in-zug-wird-restrukturiert\/#article","isPartOf":{"@id":"https:\/\/news.save.ch\/siemens-divison-in-zug-wird-restrukturiert\/"},"author":{"name":"admin","@id":"https:\/\/news.save.ch\/de\/#\/schema\/person\/d49e199490bad7c70d64b9ab51142f2b"},"headline":"Siemens-Divison in Zug wird restrukturiert","datePublished":"2016-06-16T09:20:05+00:00","mainEntityOfPage":{"@id":"https:\/\/news.save.ch\/siemens-divison-in-zug-wird-restrukturiert\/"},"wordCount":433,"commentCount":0,"publisher":{"@id":"https:\/\/news.save.ch\/de\/#organization"},"image":{"@id":"https:\/\/news.save.ch\/siemens-divison-in-zug-wird-restrukturiert\/#primaryimage"},"thumbnailUrl":"https:\/\/news.save.ch\/wp-content\/uploads\/2016\/12\/Siemens-Divison-in-Zug-wird-restrukturiert_sicherheitsforum-scaled.jpg","keywords":["Unternehmen"],"articleSection":["ALLGEMEIN"],"inLanguage":"fr-FR"},{"@type":"WebPage","@id":"https:\/\/news.save.ch\/siemens-divison-in-zug-wird-restrukturiert\/","url":"https:\/\/news.save.ch\/siemens-divison-in-zug-wird-restrukturiert\/","name":"La division de Siemens \u00e0 Zoug va \u00eatre restructur\u00e9e - Save","isPartOf":{"@id":"https:\/\/news.save.ch\/de\/#website"},"primaryImageOfPage":{"@id":"https:\/\/news.save.ch\/siemens-divison-in-zug-wird-restrukturiert\/#primaryimage"},"image":{"@id":"https:\/\/news.save.ch\/siemens-divison-in-zug-wird-restrukturiert\/#primaryimage"},"thumbnailUrl":"https:\/\/news.save.ch\/wp-content\/uploads\/2016\/12\/Siemens-Divison-in-Zug-wird-restrukturiert_sicherheitsforum-scaled.jpg","datePublished":"2016-06-16T09:20:05+00:00","description":"Comme elle l'a annonc\u00e9, la division Building Technologies de Siemens \u00e0 Zoug pr\u00e9voit d'optimiser son secteur de production.","breadcrumb":{"@id":"https:\/\/news.save.ch\/siemens-divison-in-zug-wird-restrukturiert\/#breadcrumb"},"inLanguage":"fr-FR","potentialAction":[{"@type":"ReadAction","target":["https:\/\/news.save.ch\/siemens-divison-in-zug-wird-restrukturiert\/"]}]},{"@type":"ImageObject","inLanguage":"fr-FR","@id":"https:\/\/news.save.ch\/siemens-divison-in-zug-wird-restrukturiert\/#primaryimage","url":"https:\/\/news.save.ch\/wp-content\/uploads\/2016\/12\/Siemens-Divison-in-Zug-wird-restrukturiert_sicherheitsforum-scaled.jpg","contentUrl":"https:\/\/news.save.ch\/wp-content\/uploads\/2016\/12\/Siemens-Divison-in-Zug-wird-restrukturiert_sicherheitsforum-scaled.jpg","width":1400,"height":934,"caption":"Der Standort in Zug soll trotzdem das Kompetenzzentrum f\u00fcr innovative Geb\u00e4udetechnik bleiben."},{"@type":"BreadcrumbList","@id":"https:\/\/news.save.ch\/siemens-divison-in-zug-wird-restrukturiert\/#breadcrumb","itemListElement":[{"@type":"ListItem","position":1,"name":"Home","item":"https:\/\/news.save.ch\/de\/"},{"@type":"ListItem","position":2,"name":"Siemens-Divison in Zug wird restrukturiert"}]},{"@type":"WebSite","@id":"https:\/\/news.save.ch\/de\/#website","url":"https:\/\/news.save.ch\/de\/","name":"Save","description":"Revue suisse sp\u00e9cialis\u00e9e dans la s\u00e9curit\u00e9","publisher":{"@id":"https:\/\/news.save.ch\/de\/#organization"},"potentialAction":[{"@type":"SearchAction","target":{"@type":"EntryPoint","urlTemplate":"https:\/\/news.save.ch\/de\/?s={search_term_string}"},"query-input":{"@type":"PropertyValueSpecification","valueRequired":true,"valueName":"search_term_string"}}],"inLanguage":"fr-FR"},{"@type":"Organization","@id":"https:\/\/news.save.ch\/de\/#organization","name":"Forum sur la s\u00e9curit\u00e9","url":"https:\/\/news.save.ch\/de\/","logo":{"@type":"ImageObject","inLanguage":"fr-FR","@id":"https:\/\/news.save.ch\/de\/#\/schema\/logo\/image\/","url":"https:\/\/news.save.ch\/wp-content\/uploads\/2022\/06\/Logo_SF_2012.png","contentUrl":"https:\/\/news.save.ch\/wp-content\/uploads\/2022\/06\/Logo_SF_2012.png","width":1100,"height":91,"caption":"Sicherheitsforum"},"image":{"@id":"https:\/\/news.save.ch\/de\/#\/schema\/logo\/image\/"}},{"@type":"Person","@id":"https:\/\/news.save.ch\/de\/#\/schema\/person\/d49e199490bad7c70d64b9ab51142f2b","name":"admin","image":{"@type":"ImageObject","inLanguage":"fr-FR","@id":"https:\/\/secure.gravatar.com\/avatar\/ae2f4d718e6c49043e314ce431e7e645d646302a24a5ef5a8bc8e3f5a032e319?s=96&d=mm&r=g","url":"https:\/\/secure.gravatar.com\/avatar\/ae2f4d718e6c49043e314ce431e7e645d646302a24a5ef5a8bc8e3f5a032e319?s=96&d=mm&r=g","contentUrl":"https:\/\/secure.gravatar.com\/avatar\/ae2f4d718e6c49043e314ce431e7e645d646302a24a5ef5a8bc8e3f5a032e319?s=96&d=mm&r=g","caption":"admin"},"sameAs":["https:\/\/develop.organisator.galledia.ch"],"url":"https:\/\/news.save.ch\/fr\/author\/admin\/"}]}},"_links":{"self":[{"href":"https:\/\/news.save.ch\/fr\/wp-json\/wp\/v2\/posts\/3144","targetHints":{"allow":["GET"]}}],"collection":[{"href":"https:\/\/news.save.ch\/fr\/wp-json\/wp\/v2\/posts"}],"about":[{"href":"https:\/\/news.save.ch\/fr\/wp-json\/wp\/v2\/types\/post"}],"author":[{"embeddable":true,"href":"https:\/\/news.save.ch\/fr\/wp-json\/wp\/v2\/users\/1"}],"replies":[{"embeddable":true,"href":"https:\/\/news.save.ch\/fr\/wp-json\/wp\/v2\/comments?post=3144"}],"version-history":[{"count":0,"href":"https:\/\/news.save.ch\/fr\/wp-json\/wp\/v2\/posts\/3144\/revisions"}],"wp:featuredmedia":[{"embeddable":true,"href":"https:\/\/news.save.ch\/fr\/wp-json\/wp\/v2\/media\/3152"}],"wp:attachment":[{"href":"https:\/\/news.save.ch\/fr\/wp-json\/wp\/v2\/media?parent=3144"}],"wp:term":[{"taxonomy":"category","embeddable":true,"href":"https:\/\/news.save.ch\/fr\/wp-json\/wp\/v2\/categories?post=3144"},{"taxonomy":"post_tag","embeddable":true,"href":"https:\/\/news.save.ch\/fr\/wp-json\/wp\/v2\/tags?post=3144"}],"curies":[{"name":"wp","href":"https:\/\/api.w.org\/{rel}","templated":true}]}}