{"id":316,"date":"2015-04-18T11:05:55","date_gmt":"2015-04-18T09:05:55","guid":{"rendered":"http:\/\/dev.safety-plus.ch\/?p=316"},"modified":"2023-03-14T09:01:13","modified_gmt":"2023-03-14T08:01:13","slug":"welttag-fuer-sicherheit-und-gesundheit-bei-der-arbeit","status":null,"type":"post","link":"https:\/\/news.save.ch\/fr\/welttag-fuer-sicherheit-und-gesundheit-bei-der-arbeit\/","title":{"rendered":"Journ\u00e9e mondiale de la s\u00e9curit\u00e9 et de la sant\u00e9 au travail"},"content":{"rendered":"<figure id=\"attachment_320\" aria-describedby=\"caption-attachment-320\" style=\"width: 680px\" class=\"wp-caption alignnone\"><img loading=\"lazy\" decoding=\"async\" class=\"wp-image-320 size-medium\" src=\"http:\/\/develop.safety-plus.ch\/wp-content\/uploads\/2016\/12\/Welttag-fuer-Sicherheit-und-Gesundheit-bei-der-Arbeit_safety-plus.jpg\" alt=\"L&#039;ILA appelle les entreprises du monde entier \u00e0 d\u00e9velopper une culture de la s\u00e9curit\u00e9 et de la sant\u00e9.\" width=\"680\" height=\"453\" \/><figcaption id=\"caption-attachment-320\" class=\"wp-caption-text\">L'ILA appelle les entreprises du monde entier \u00e0 d\u00e9velopper une culture de la s\u00e9curit\u00e9 et de la sant\u00e9.<\/figcaption><\/figure>\n<p>Le site <a href=\"http:\/\/www.ilo.org\/global\/lang--en\/index.htm\" target=\"_blank\" data-cke-saved-href=\"http:\/\/www.ilo.org\/global\/lang--en\/index.htm\" rel=\"noopener\">Organisation internationale du travail OIT<\/a> organise chaque ann\u00e9e le \"Safe Day\", qui vise \u00e0 sensibiliser le monde entier aux questions de s\u00e9curit\u00e9 et de sant\u00e9 au travail.<\/p>\n<p>Une <a href=\"http:\/\/www.ilo.org\/safework\/events\/safeday\/lang--en\/index.htm\" target=\"_blank\" data-cke-saved-href=\"http:\/\/www.ilo.org\/safework\/events\/safeday\/lang--en\/index.htm\" rel=\"noopener\">site web interactif<\/a>\u00a0en anglais, fran\u00e7ais et espagnol, appelle \u00e0 l'instauration d'une culture de la pr\u00e9vention dans le monde du travail et \u00e0 rendre ainsi le travail plus s\u00fbr dans le monde entier.<\/p>\n<p>Pour ce faire, les employeurs doivent d'une part assumer leurs responsabilit\u00e9s en mati\u00e8re de s\u00e9curit\u00e9 au travail et de protection de la sant\u00e9 et prendre les mesures qui s'imposent, et d'autre part, les travailleurs doivent conna\u00eetre leurs droits et coop\u00e9rer avec les r\u00e9glementations. Les gouvernements des diff\u00e9rents pays sont \u00e9galement interpell\u00e9s pour former une bonne structure cadre pour les entreprises et leurs employ\u00e9s.<\/p>","protected":false},"excerpt":{"rendered":"<p>Die Internationale Arbeitsorganisation ILO ruft j\u00e4hrlich den &#8222;Safe Day&#8220; aus, der die Themen Sicherheit und Gesundheit bei der Arbeit ins globale\u00a0Bewusstsein rufen soll. Eine interaktive Website\u00a0in den Sprachen Englisch, Franz\u00f6sisch und Spanisch\u00a0ruft dazu auf, eine Pr\u00e4ventionskultur in der Arbeitswelt zu errichten und so die Arbeit weltweit sicherer zu gestalten. Dazu sollen einerseits die Arbeitgeber ihre [&hellip;]<\/p>\n","protected":false},"author":1,"featured_media":320,"comment_status":"open","ping_status":"open","sticky":false,"template":"","format":"standard","meta":{"_acf_changed":false,"pgc_sgb_lightbox_settings":"","footnotes":""},"categories":[3314],"tags":[172],"class_list":["post-316","post","type-post","status-publish","format-standard","has-post-thumbnail","hentry","category-health-safety","tag-arbeitssicherheit"],"acf":[],"hkrextid":null,"publication":null,"issue":null,"workflow":null,"startPage":null,"spitzmarke":null,"_posts_by_tag_page_fields":{"widget_title":"","widget_tags":""},"_at_widget":"1","_yoast_wpseo_primary_category":"5","_yoast_wpseo_focuskw_text_input":"Welttag f\u00fcr Sicherheit","_yoast_wpseo_opengraph-image":null,"_yoast_wpseo_opengraph-description":null,"_yoast_wpseo_opengraph-title":null,"enclosure":null,"_yoast_wpseo_twitter-title":null,"_yoast_wpseo_twitter-description":null,"_yoast_wpseo_twitter-image":null,"_wp_old_slug":null,"_yoast_wpseo_title":null,"_yoast_wpseo_canonical":null,"yoast_head":"<!-- This site is optimized with the Yoast SEO plugin v27.4 - https:\/\/yoast.com\/product\/yoast-seo-wordpress\/ -->\n<title>Welttag f\u00fcr Sicherheit und Gesundheit bei der Arbeit - Save<\/title>\n<meta name=\"description\" content=\"Am 28. April findet weltweit der j\u00e4hrliche Tag zu Arbeitssicherheit und Gesundheit am Arbeitsplatz statt.\" \/>\n<meta name=\"robots\" content=\"index, follow, max-snippet:-1, max-image-preview:large, max-video-preview:-1\" \/>\n<link rel=\"canonical\" href=\"https:\/\/news.save.ch\/fr\/welttag-fuer-sicherheit-und-gesundheit-bei-der-arbeit\/\" \/>\n<meta property=\"og:locale\" content=\"fr_FR\" \/>\n<meta property=\"og:type\" content=\"article\" \/>\n<meta property=\"og:title\" content=\"Welttag f\u00fcr Sicherheit und Gesundheit bei der Arbeit - Save\" \/>\n<meta property=\"og:description\" content=\"Am 28. April findet weltweit der j\u00e4hrliche Tag zu Arbeitssicherheit und Gesundheit am Arbeitsplatz statt.\" \/>\n<meta property=\"og:url\" content=\"https:\/\/news.save.ch\/fr\/welttag-fuer-sicherheit-und-gesundheit-bei-der-arbeit\/\" \/>\n<meta property=\"og:site_name\" content=\"Save\" \/>\n<meta property=\"article:published_time\" content=\"2015-04-18T09:05:55+00:00\" \/>\n<meta property=\"article:modified_time\" content=\"2023-03-14T08:01:13+00:00\" \/>\n<meta property=\"og:image\" content=\"https:\/\/news.save.ch\/wp-content\/uploads\/2016\/12\/Welttag-fuer-Sicherheit-und-Gesundheit-bei-der-Arbeit_safety-plus-scaled-1.jpg\" \/>\n\t<meta property=\"og:image:width\" content=\"1200\" \/>\n\t<meta property=\"og:image:height\" content=\"801\" \/>\n\t<meta property=\"og:image:type\" content=\"image\/jpeg\" \/>\n<meta name=\"author\" content=\"admin\" \/>\n<meta name=\"twitter:card\" content=\"summary_large_image\" \/>\n<meta name=\"twitter:label1\" content=\"\u00c9crit par\" \/>\n\t<meta name=\"twitter:data1\" content=\"admin\" \/>\n\t<meta name=\"twitter:label2\" content=\"Dur\u00e9e de lecture estim\u00e9e\" \/>\n\t<meta name=\"twitter:data2\" content=\"1 minute\" \/>\n<script type=\"application\/ld+json\" class=\"yoast-schema-graph\">{\"@context\":\"https:\\\/\\\/schema.org\",\"@graph\":[{\"@type\":\"Article\",\"@id\":\"https:\\\/\\\/news.save.ch\\\/welttag-fuer-sicherheit-und-gesundheit-bei-der-arbeit\\\/#article\",\"isPartOf\":{\"@id\":\"https:\\\/\\\/news.save.ch\\\/welttag-fuer-sicherheit-und-gesundheit-bei-der-arbeit\\\/\"},\"author\":{\"name\":\"admin\",\"@id\":\"https:\\\/\\\/news.save.ch\\\/de\\\/#\\\/schema\\\/person\\\/d49e199490bad7c70d64b9ab51142f2b\"},\"headline\":\"Welttag f\u00fcr Sicherheit und Gesundheit bei der Arbeit\",\"datePublished\":\"2015-04-18T09:05:55+00:00\",\"dateModified\":\"2023-03-14T08:01:13+00:00\",\"mainEntityOfPage\":{\"@id\":\"https:\\\/\\\/news.save.ch\\\/welttag-fuer-sicherheit-und-gesundheit-bei-der-arbeit\\\/\"},\"wordCount\":137,\"commentCount\":0,\"publisher\":{\"@id\":\"https:\\\/\\\/news.save.ch\\\/de\\\/#organization\"},\"image\":{\"@id\":\"https:\\\/\\\/news.save.ch\\\/welttag-fuer-sicherheit-und-gesundheit-bei-der-arbeit\\\/#primaryimage\"},\"thumbnailUrl\":\"https:\\\/\\\/news.save.ch\\\/wp-content\\\/uploads\\\/2016\\\/12\\\/Welttag-fuer-Sicherheit-und-Gesundheit-bei-der-Arbeit_safety-plus-scaled-1.jpg\",\"keywords\":[\"Arbeitssicherheit\"],\"articleSection\":[\"HEALTH &amp; SAFETY\"],\"inLanguage\":\"fr-FR\"},{\"@type\":\"WebPage\",\"@id\":\"https:\\\/\\\/news.save.ch\\\/welttag-fuer-sicherheit-und-gesundheit-bei-der-arbeit\\\/\",\"url\":\"https:\\\/\\\/news.save.ch\\\/welttag-fuer-sicherheit-und-gesundheit-bei-der-arbeit\\\/\",\"name\":\"Welttag f\u00fcr Sicherheit und Gesundheit bei der Arbeit - Save\",\"isPartOf\":{\"@id\":\"https:\\\/\\\/news.save.ch\\\/de\\\/#website\"},\"primaryImageOfPage\":{\"@id\":\"https:\\\/\\\/news.save.ch\\\/welttag-fuer-sicherheit-und-gesundheit-bei-der-arbeit\\\/#primaryimage\"},\"image\":{\"@id\":\"https:\\\/\\\/news.save.ch\\\/welttag-fuer-sicherheit-und-gesundheit-bei-der-arbeit\\\/#primaryimage\"},\"thumbnailUrl\":\"https:\\\/\\\/news.save.ch\\\/wp-content\\\/uploads\\\/2016\\\/12\\\/Welttag-fuer-Sicherheit-und-Gesundheit-bei-der-Arbeit_safety-plus-scaled-1.jpg\",\"datePublished\":\"2015-04-18T09:05:55+00:00\",\"dateModified\":\"2023-03-14T08:01:13+00:00\",\"description\":\"Am 28. April findet weltweit der j\u00e4hrliche Tag zu Arbeitssicherheit und Gesundheit am Arbeitsplatz statt.\",\"breadcrumb\":{\"@id\":\"https:\\\/\\\/news.save.ch\\\/welttag-fuer-sicherheit-und-gesundheit-bei-der-arbeit\\\/#breadcrumb\"},\"inLanguage\":\"fr-FR\",\"potentialAction\":[{\"@type\":\"ReadAction\",\"target\":[\"https:\\\/\\\/news.save.ch\\\/welttag-fuer-sicherheit-und-gesundheit-bei-der-arbeit\\\/\"]}]},{\"@type\":\"ImageObject\",\"inLanguage\":\"fr-FR\",\"@id\":\"https:\\\/\\\/news.save.ch\\\/welttag-fuer-sicherheit-und-gesundheit-bei-der-arbeit\\\/#primaryimage\",\"url\":\"https:\\\/\\\/news.save.ch\\\/wp-content\\\/uploads\\\/2016\\\/12\\\/Welttag-fuer-Sicherheit-und-Gesundheit-bei-der-Arbeit_safety-plus-scaled-1.jpg\",\"contentUrl\":\"https:\\\/\\\/news.save.ch\\\/wp-content\\\/uploads\\\/2016\\\/12\\\/Welttag-fuer-Sicherheit-und-Gesundheit-bei-der-Arbeit_safety-plus-scaled-1.jpg\",\"width\":1200,\"height\":801,\"caption\":\"Die ILA ruft Unternehmen weltweit dazu auf, eine Kultur der Sicherheit und des Gesundheitsschutzes aufzubauen.\"},{\"@type\":\"BreadcrumbList\",\"@id\":\"https:\\\/\\\/news.save.ch\\\/welttag-fuer-sicherheit-und-gesundheit-bei-der-arbeit\\\/#breadcrumb\",\"itemListElement\":[{\"@type\":\"ListItem\",\"position\":1,\"name\":\"Home\",\"item\":\"https:\\\/\\\/news.save.ch\\\/de\\\/\"},{\"@type\":\"ListItem\",\"position\":2,\"name\":\"Welttag f\u00fcr Sicherheit und Gesundheit bei der Arbeit\"}]},{\"@type\":\"WebSite\",\"@id\":\"https:\\\/\\\/news.save.ch\\\/de\\\/#website\",\"url\":\"https:\\\/\\\/news.save.ch\\\/de\\\/\",\"name\":\"Save\",\"description\":\"Schweizer Fachzeitschrift f\u00fcr Sicherheit\",\"publisher\":{\"@id\":\"https:\\\/\\\/news.save.ch\\\/de\\\/#organization\"},\"potentialAction\":[{\"@type\":\"SearchAction\",\"target\":{\"@type\":\"EntryPoint\",\"urlTemplate\":\"https:\\\/\\\/news.save.ch\\\/de\\\/?s={search_term_string}\"},\"query-input\":{\"@type\":\"PropertyValueSpecification\",\"valueRequired\":true,\"valueName\":\"search_term_string\"}}],\"inLanguage\":\"fr-FR\"},{\"@type\":\"Organization\",\"@id\":\"https:\\\/\\\/news.save.ch\\\/de\\\/#organization\",\"name\":\"Sicherheitsforum\",\"url\":\"https:\\\/\\\/news.save.ch\\\/de\\\/\",\"logo\":{\"@type\":\"ImageObject\",\"inLanguage\":\"fr-FR\",\"@id\":\"https:\\\/\\\/news.save.ch\\\/de\\\/#\\\/schema\\\/logo\\\/image\\\/\",\"url\":\"https:\\\/\\\/news.save.ch\\\/wp-content\\\/uploads\\\/2022\\\/06\\\/Logo_SF_2012.png\",\"contentUrl\":\"https:\\\/\\\/news.save.ch\\\/wp-content\\\/uploads\\\/2022\\\/06\\\/Logo_SF_2012.png\",\"width\":1100,\"height\":91,\"caption\":\"Sicherheitsforum\"},\"image\":{\"@id\":\"https:\\\/\\\/news.save.ch\\\/de\\\/#\\\/schema\\\/logo\\\/image\\\/\"}},{\"@type\":\"Person\",\"@id\":\"https:\\\/\\\/news.save.ch\\\/de\\\/#\\\/schema\\\/person\\\/d49e199490bad7c70d64b9ab51142f2b\",\"name\":\"admin\",\"image\":{\"@type\":\"ImageObject\",\"inLanguage\":\"fr-FR\",\"@id\":\"https:\\\/\\\/secure.gravatar.com\\\/avatar\\\/ae2f4d718e6c49043e314ce431e7e645d646302a24a5ef5a8bc8e3f5a032e319?s=96&d=mm&r=g\",\"url\":\"https:\\\/\\\/secure.gravatar.com\\\/avatar\\\/ae2f4d718e6c49043e314ce431e7e645d646302a24a5ef5a8bc8e3f5a032e319?s=96&d=mm&r=g\",\"contentUrl\":\"https:\\\/\\\/secure.gravatar.com\\\/avatar\\\/ae2f4d718e6c49043e314ce431e7e645d646302a24a5ef5a8bc8e3f5a032e319?s=96&d=mm&r=g\",\"caption\":\"admin\"},\"sameAs\":[\"https:\\\/\\\/develop.organisator.galledia.ch\"],\"url\":\"https:\\\/\\\/news.save.ch\\\/fr\\\/author\\\/admin\\\/\"}]}<\/script>\n<!-- \/ Yoast SEO plugin. -->","yoast_head_json":{"title":"Journ\u00e9e mondiale de la s\u00e9curit\u00e9 et de la sant\u00e9 au travail - Save","description":"La journ\u00e9e annuelle de la s\u00e9curit\u00e9 et de la sant\u00e9 au travail a lieu le 28 avril dans le monde entier.","robots":{"index":"index","follow":"follow","max-snippet":"max-snippet:-1","max-image-preview":"max-image-preview:large","max-video-preview":"max-video-preview:-1"},"canonical":"https:\/\/news.save.ch\/fr\/welttag-fuer-sicherheit-und-gesundheit-bei-der-arbeit\/","og_locale":"fr_FR","og_type":"article","og_title":"Welttag f\u00fcr Sicherheit und Gesundheit bei der Arbeit - Save","og_description":"Am 28. April findet weltweit der j\u00e4hrliche Tag zu Arbeitssicherheit und Gesundheit am Arbeitsplatz statt.","og_url":"https:\/\/news.save.ch\/fr\/welttag-fuer-sicherheit-und-gesundheit-bei-der-arbeit\/","og_site_name":"Save","article_published_time":"2015-04-18T09:05:55+00:00","article_modified_time":"2023-03-14T08:01:13+00:00","og_image":[{"width":1200,"height":801,"url":"https:\/\/news.save.ch\/wp-content\/uploads\/2016\/12\/Welttag-fuer-Sicherheit-und-Gesundheit-bei-der-Arbeit_safety-plus-scaled-1.jpg","type":"image\/jpeg"}],"author":"admin","twitter_card":"summary_large_image","twitter_misc":{"\u00c9crit par":"admin","Dur\u00e9e de lecture estim\u00e9e":"1 minute"},"schema":{"@context":"https:\/\/schema.org","@graph":[{"@type":"Article","@id":"https:\/\/news.save.ch\/welttag-fuer-sicherheit-und-gesundheit-bei-der-arbeit\/#article","isPartOf":{"@id":"https:\/\/news.save.ch\/welttag-fuer-sicherheit-und-gesundheit-bei-der-arbeit\/"},"author":{"name":"admin","@id":"https:\/\/news.save.ch\/de\/#\/schema\/person\/d49e199490bad7c70d64b9ab51142f2b"},"headline":"Welttag f\u00fcr Sicherheit und Gesundheit bei der Arbeit","datePublished":"2015-04-18T09:05:55+00:00","dateModified":"2023-03-14T08:01:13+00:00","mainEntityOfPage":{"@id":"https:\/\/news.save.ch\/welttag-fuer-sicherheit-und-gesundheit-bei-der-arbeit\/"},"wordCount":137,"commentCount":0,"publisher":{"@id":"https:\/\/news.save.ch\/de\/#organization"},"image":{"@id":"https:\/\/news.save.ch\/welttag-fuer-sicherheit-und-gesundheit-bei-der-arbeit\/#primaryimage"},"thumbnailUrl":"https:\/\/news.save.ch\/wp-content\/uploads\/2016\/12\/Welttag-fuer-Sicherheit-und-Gesundheit-bei-der-Arbeit_safety-plus-scaled-1.jpg","keywords":["Arbeitssicherheit"],"articleSection":["HEALTH &amp; SAFETY"],"inLanguage":"fr-FR"},{"@type":"WebPage","@id":"https:\/\/news.save.ch\/welttag-fuer-sicherheit-und-gesundheit-bei-der-arbeit\/","url":"https:\/\/news.save.ch\/welttag-fuer-sicherheit-und-gesundheit-bei-der-arbeit\/","name":"Journ\u00e9e mondiale de la s\u00e9curit\u00e9 et de la sant\u00e9 au travail - Save","isPartOf":{"@id":"https:\/\/news.save.ch\/de\/#website"},"primaryImageOfPage":{"@id":"https:\/\/news.save.ch\/welttag-fuer-sicherheit-und-gesundheit-bei-der-arbeit\/#primaryimage"},"image":{"@id":"https:\/\/news.save.ch\/welttag-fuer-sicherheit-und-gesundheit-bei-der-arbeit\/#primaryimage"},"thumbnailUrl":"https:\/\/news.save.ch\/wp-content\/uploads\/2016\/12\/Welttag-fuer-Sicherheit-und-Gesundheit-bei-der-Arbeit_safety-plus-scaled-1.jpg","datePublished":"2015-04-18T09:05:55+00:00","dateModified":"2023-03-14T08:01:13+00:00","description":"La journ\u00e9e annuelle de la s\u00e9curit\u00e9 et de la sant\u00e9 au travail a lieu le 28 avril dans le monde entier.","breadcrumb":{"@id":"https:\/\/news.save.ch\/welttag-fuer-sicherheit-und-gesundheit-bei-der-arbeit\/#breadcrumb"},"inLanguage":"fr-FR","potentialAction":[{"@type":"ReadAction","target":["https:\/\/news.save.ch\/welttag-fuer-sicherheit-und-gesundheit-bei-der-arbeit\/"]}]},{"@type":"ImageObject","inLanguage":"fr-FR","@id":"https:\/\/news.save.ch\/welttag-fuer-sicherheit-und-gesundheit-bei-der-arbeit\/#primaryimage","url":"https:\/\/news.save.ch\/wp-content\/uploads\/2016\/12\/Welttag-fuer-Sicherheit-und-Gesundheit-bei-der-Arbeit_safety-plus-scaled-1.jpg","contentUrl":"https:\/\/news.save.ch\/wp-content\/uploads\/2016\/12\/Welttag-fuer-Sicherheit-und-Gesundheit-bei-der-Arbeit_safety-plus-scaled-1.jpg","width":1200,"height":801,"caption":"Die ILA ruft Unternehmen weltweit dazu auf, eine Kultur der Sicherheit und des Gesundheitsschutzes aufzubauen."},{"@type":"BreadcrumbList","@id":"https:\/\/news.save.ch\/welttag-fuer-sicherheit-und-gesundheit-bei-der-arbeit\/#breadcrumb","itemListElement":[{"@type":"ListItem","position":1,"name":"Home","item":"https:\/\/news.save.ch\/de\/"},{"@type":"ListItem","position":2,"name":"Welttag f\u00fcr Sicherheit und Gesundheit bei der Arbeit"}]},{"@type":"WebSite","@id":"https:\/\/news.save.ch\/de\/#website","url":"https:\/\/news.save.ch\/de\/","name":"Save","description":"Revue suisse sp\u00e9cialis\u00e9e dans la s\u00e9curit\u00e9","publisher":{"@id":"https:\/\/news.save.ch\/de\/#organization"},"potentialAction":[{"@type":"SearchAction","target":{"@type":"EntryPoint","urlTemplate":"https:\/\/news.save.ch\/de\/?s={search_term_string}"},"query-input":{"@type":"PropertyValueSpecification","valueRequired":true,"valueName":"search_term_string"}}],"inLanguage":"fr-FR"},{"@type":"Organization","@id":"https:\/\/news.save.ch\/de\/#organization","name":"Forum sur la s\u00e9curit\u00e9","url":"https:\/\/news.save.ch\/de\/","logo":{"@type":"ImageObject","inLanguage":"fr-FR","@id":"https:\/\/news.save.ch\/de\/#\/schema\/logo\/image\/","url":"https:\/\/news.save.ch\/wp-content\/uploads\/2022\/06\/Logo_SF_2012.png","contentUrl":"https:\/\/news.save.ch\/wp-content\/uploads\/2022\/06\/Logo_SF_2012.png","width":1100,"height":91,"caption":"Sicherheitsforum"},"image":{"@id":"https:\/\/news.save.ch\/de\/#\/schema\/logo\/image\/"}},{"@type":"Person","@id":"https:\/\/news.save.ch\/de\/#\/schema\/person\/d49e199490bad7c70d64b9ab51142f2b","name":"admin","image":{"@type":"ImageObject","inLanguage":"fr-FR","@id":"https:\/\/secure.gravatar.com\/avatar\/ae2f4d718e6c49043e314ce431e7e645d646302a24a5ef5a8bc8e3f5a032e319?s=96&d=mm&r=g","url":"https:\/\/secure.gravatar.com\/avatar\/ae2f4d718e6c49043e314ce431e7e645d646302a24a5ef5a8bc8e3f5a032e319?s=96&d=mm&r=g","contentUrl":"https:\/\/secure.gravatar.com\/avatar\/ae2f4d718e6c49043e314ce431e7e645d646302a24a5ef5a8bc8e3f5a032e319?s=96&d=mm&r=g","caption":"admin"},"sameAs":["https:\/\/develop.organisator.galledia.ch"],"url":"https:\/\/news.save.ch\/fr\/author\/admin\/"}]}},"_links":{"self":[{"href":"https:\/\/news.save.ch\/fr\/wp-json\/wp\/v2\/posts\/316","targetHints":{"allow":["GET"]}}],"collection":[{"href":"https:\/\/news.save.ch\/fr\/wp-json\/wp\/v2\/posts"}],"about":[{"href":"https:\/\/news.save.ch\/fr\/wp-json\/wp\/v2\/types\/post"}],"author":[{"embeddable":true,"href":"https:\/\/news.save.ch\/fr\/wp-json\/wp\/v2\/users\/1"}],"replies":[{"embeddable":true,"href":"https:\/\/news.save.ch\/fr\/wp-json\/wp\/v2\/comments?post=316"}],"version-history":[{"count":1,"href":"https:\/\/news.save.ch\/fr\/wp-json\/wp\/v2\/posts\/316\/revisions"}],"predecessor-version":[{"id":18410,"href":"https:\/\/news.save.ch\/fr\/wp-json\/wp\/v2\/posts\/316\/revisions\/18410"}],"wp:featuredmedia":[{"embeddable":true,"href":"https:\/\/news.save.ch\/fr\/wp-json\/wp\/v2\/media\/320"}],"wp:attachment":[{"href":"https:\/\/news.save.ch\/fr\/wp-json\/wp\/v2\/media?parent=316"}],"wp:term":[{"taxonomy":"category","embeddable":true,"href":"https:\/\/news.save.ch\/fr\/wp-json\/wp\/v2\/categories?post=316"},{"taxonomy":"post_tag","embeddable":true,"href":"https:\/\/news.save.ch\/fr\/wp-json\/wp\/v2\/tags?post=316"}],"curies":[{"name":"wp","href":"https:\/\/api.w.org\/{rel}","templated":true}]}}