{"id":3178,"date":"2016-03-17T20:40:01","date_gmt":"2016-03-17T19:40:01","guid":{"rendered":"https:\/\/dev.sicherheitsforum.ch\/?p=3178"},"modified":"2016-03-17T20:40:01","modified_gmt":"2016-03-17T19:40:01","slug":"hat-die-schweiz-zu-viele-einsatzzentralen","status":null,"type":"post","link":"https:\/\/news.save.ch\/fr\/hat-die-schweiz-zu-viele-einsatzzentralen\/","title":{"rendered":"La Suisse a-t-elle trop de centres d'intervention ?"},"content":{"rendered":"<figure id=\"attachment_3179\" aria-describedby=\"caption-attachment-3179\" style=\"width: 680px\" class=\"wp-caption alignnone\"><img loading=\"lazy\" decoding=\"async\" class=\"size-medium wp-image-3179\" src=\"https:\/\/news.save.ch\/wp-content\/uploads\/2016\/12\/56eb09e00505c_spik_Sicherhietsforum.jpg\" alt=\"\" width=\"680\" height=\"478\" srcset=\"https:\/\/news.save.ch\/wp-content\/uploads\/2016\/12\/56eb09e00505c_spik_Sicherhietsforum.jpg 1113w, https:\/\/news.save.ch\/wp-content\/uploads\/2016\/12\/56eb09e00505c_spik_Sicherhietsforum-375x264.jpg 375w\" sizes=\"auto, (max-width: 680px) 100vw, 680px\" \/><figcaption id=\"caption-attachment-3179\" class=\"wp-caption-text\">Franti\u0161ek Habada, chef du centre op\u00e9rationnel de la pr\u00e9fecture de police de la R\u00e9publique tch\u00e8que. (Photos : Sascha H\u00e4hni, Swiss Police ICT)<\/figcaption><\/figure>\n<p>Cette ann\u00e9e, le Congr\u00e8s suisse sur l'informatique dans la police (<a href=\"https:\/\/www.spik.ch\" target=\"_blank\" data-cke-saved-href=\"https:\/\/www.spik.ch\" rel=\"noopener\">SPIK<\/a>) \u00e0 Berne a \u00e9t\u00e9 inaugur\u00e9e par un officier de haut rang de la police tch\u00e8que : Franti\u0161ek Habada est le directeur du centre op\u00e9rationnel de la pr\u00e9fecture de police de la R\u00e9publique tch\u00e8que. Dans sa pr\u00e9sentation, il a mis l'accent sur l'int\u00e9gration des centres d'intervention : \"Nous sommes pass\u00e9s de 90 \u00e0 15 centres\". Habada souligne qu'au vu de la situation actuelle en mati\u00e8re de s\u00e9curit\u00e9 en Europe, il est tr\u00e8s important de centraliser les centres d'intervention (CI) et de permettre \u00e9galement les \u00e9changes transfrontaliers.<\/p>\n<p>Selon le SPIK, une comparaison avec la Suisse s'impose, o\u00f9 il existe actuellement 35 centres d'intervention de la police - parfois r\u00e9partis sur plusieurs sites. Alors que la R\u00e9publique tch\u00e8que compte 15 CE pour 10,5 millions d'habitants (2014), la Suisse en a plus du double pour 8,3 millions de personnes (2015).<\/p>\n<p><strong>CI sous-utilis\u00e9 en temps normal<\/strong><\/p>\n<p>\"D'un point de vue technique et op\u00e9rationnel, il n'y a aucune raison de ne pas int\u00e9grer la CI. Ce sont des arguments politiques qui ont jusqu'\u00e0 pr\u00e9sent fait obstacle \u00e0 la r\u00e9duction\", laisse entendre un repr\u00e9sentant de l'\u00e9tat-major d'un corps de police suisse. Le fait est que les petites CI sont inefficaces en termes de personnel, car elles ont besoin de plus de ressources pour fournir leurs prestations. Or, le personnel repr\u00e9sente justement 85% des co\u00fbts (15% des co\u00fbts d'infrastructure) d'une CI, comme l'\u00e9crit le SPIK dans son communiqu\u00e9 de presse \u00e0 l'occasion du congr\u00e8s. A cela s'ajoute le fait qu'en temps normal, une CI ne fonctionne pas \u00e0 plein r\u00e9gime, car des r\u00e9serves de personnel sont n\u00e9cessaires en cas d'urgence. Selon le SPIK, il faut penser \u00e0 l'int\u00e9gration des CI au plus tard lorsque la pression des \u00e9conomies augmente. Cette int\u00e9gration n'est pas seulement souhaitable pour les centrales d'intervention, mais constitue \u00e9galement un d\u00e9fi dans d'autres domaines de l'informatique polici\u00e8re.<\/p>\n<p><strong>La coop\u00e9ration est de mise<\/strong><\/p>\n<p>Stefan Bl\u00e4ttler, pr\u00e9sident de la CCPCS et commandant de la police cantonale bernoise, souligne dans son expos\u00e9 final : \"Les moyens doivent \u00eatre mis en commun afin de mettre sur pied des projets \u00e0 long terme et d'ex\u00e9cuter ainsi un surcro\u00eet de t\u00e2ches de mani\u00e8re encore plus efficace\". Et il a \u00e9galement soulign\u00e9 : \"Seule la coop\u00e9ration peut, \u00e0 long terme, att\u00e9nuer la hausse des co\u00fbts \u00e0 laquelle on peut s'attendre\".<\/p>\n<p>Pr\u00e8s de 700 repr\u00e9sentants de la police et de l'\u00e9conomie, des experts en informatique de diff\u00e9rentes branches ainsi que des participants du monde politique ont pris part au 9e Congr\u00e8s suisse d'informatique de police. Cet \u00e9v\u00e9nement annuel est la plate-forme nationale d'\u00e9change d'exp\u00e9riences sur les th\u00e8mes de l'informatique polici\u00e8re et de la lutte contre la cybercriminalit\u00e9. Outre les expos\u00e9s pr\u00e9sent\u00e9s dans le cadre de sept symposiums, les participants ont pu se rendre compte de l'utilit\u00e9 pratique des solutions pr\u00e9sent\u00e9es sur plus de 30 stands d'exposition.<\/p>\n<p><em>(SPIK)<\/em><\/p>","protected":false},"excerpt":{"rendered":"<p>Der diesj\u00e4hrige Schweizer Polizei Informatik Kongress (SPIK) in Bern wurde von einem hochrangigen Offizier der Tschechischen Polizei er\u00f6ffnet: Franti\u0161ek Habada ist Leiter der Einsatzzentrale des Polizeipr\u00e4sidiums der Tschechischen Republik. In seiner Pr\u00e4sentation setzte er den Schwerpunkt auf die Integration von Einsatzzentralen: \u00abWir haben von 90 auf 15 Zentralen reduziert\u00bb. Habada unterstreicht, dass es in Anbetracht [&hellip;]<\/p>\n","protected":false},"author":1,"featured_media":3179,"comment_status":"open","ping_status":"open","sticky":false,"template":"","format":"standard","meta":{"_acf_changed":false,"pgc_sgb_lightbox_settings":"","footnotes":""},"categories":[1],"tags":[306,307,69,309,310,308],"class_list":["post-3178","post","type-post","status-publish","format-standard","has-post-thumbnail","hentry","category-allgemein","tag-einsatzzentralen","tag-infrastruktur","tag-justiz-polizei","tag-schweizer-polizei-informatik-kongress","tag-sicherheit","tag-spik-2016"],"acf":[],"hkrextid":null,"publication":null,"issue":null,"workflow":null,"startPage":null,"spitzmarke":null,"_posts_by_tag_page_fields":{"widget_title":"","widget_tags":""},"_at_widget":"1","_yoast_wpseo_primary_category":"","_yoast_wpseo_focuskw_text_input":"Einsatzzentralen","_yoast_wpseo_opengraph-image":"https:\/\/news.save.ch\/wp-content\/uploads\/2016\/12\/56eb09e00505c_spik_Sicherhietsforum.jpg","_yoast_wpseo_opengraph-description":"Am Schweizer Polizei Informatik Kongress wurden heute Donnerstag L\u00f6sungsans\u00e4tze der Tschechischen Republik heiss diskutiert. Ein Vergleich mit der Schweiz l\u00e4sst Skepsis aufkommen, ob die aktuelle Anzahl an Einsatzzentralen hierzulande noch vertretbar ist.","_yoast_wpseo_opengraph-title":"Hat die Schweiz zu viele Einsatzzentralen?","enclosure":null,"_yoast_wpseo_twitter-title":null,"_yoast_wpseo_twitter-description":null,"_yoast_wpseo_twitter-image":null,"_wp_old_slug":null,"_yoast_wpseo_title":null,"_yoast_wpseo_canonical":null,"yoast_head":"<!-- This site is optimized with the Yoast SEO plugin v27.5 - https:\/\/yoast.com\/product\/yoast-seo-wordpress\/ -->\n<title>Hat die Schweiz zu viele Einsatzzentralen? - Save<\/title>\n<meta name=\"description\" content=\"Einsatzzentralen: Am Schweizer Polizei Informatik Kongress wurden heute Donnerstag L\u00f6sungsans\u00e4tze der Tschechischen Republik heiss diskutiert.\" \/>\n<meta name=\"robots\" content=\"index, follow, max-snippet:-1, max-image-preview:large, max-video-preview:-1\" \/>\n<link rel=\"canonical\" href=\"https:\/\/news.save.ch\/fr\/hat-die-schweiz-zu-viele-einsatzzentralen\/\" \/>\n<meta property=\"og:locale\" content=\"fr_FR\" \/>\n<meta property=\"og:type\" content=\"article\" \/>\n<meta property=\"og:title\" content=\"Hat die Schweiz zu viele Einsatzzentralen?\" \/>\n<meta property=\"og:description\" content=\"Am Schweizer Polizei Informatik Kongress wurden heute Donnerstag L\u00f6sungsans\u00e4tze der Tschechischen Republik heiss diskutiert. Ein Vergleich mit der Schweiz l\u00e4sst Skepsis aufkommen, ob die aktuelle Anzahl an Einsatzzentralen hierzulande noch vertretbar ist.\" \/>\n<meta property=\"og:url\" content=\"https:\/\/news.save.ch\/fr\/hat-die-schweiz-zu-viele-einsatzzentralen\/\" \/>\n<meta property=\"og:site_name\" content=\"Save\" \/>\n<meta property=\"article:published_time\" content=\"2016-03-17T19:40:01+00:00\" \/>\n<meta property=\"og:image\" content=\"https:\/\/news.save.ch\/wp-content\/uploads\/2016\/12\/56eb09e00505c_spik_Sicherhietsforum.jpg\" \/>\n<meta name=\"author\" content=\"admin\" \/>\n<meta name=\"twitter:card\" content=\"summary_large_image\" \/>\n<meta name=\"twitter:label1\" content=\"\u00c9crit par\" \/>\n\t<meta name=\"twitter:data1\" content=\"admin\" \/>\n\t<meta name=\"twitter:label2\" content=\"Dur\u00e9e de lecture estim\u00e9e\" \/>\n\t<meta name=\"twitter:data2\" content=\"2 minutes\" \/>\n<script type=\"application\/ld+json\" class=\"yoast-schema-graph\">{\"@context\":\"https:\\\/\\\/schema.org\",\"@graph\":[{\"@type\":\"Article\",\"@id\":\"https:\\\/\\\/news.save.ch\\\/hat-die-schweiz-zu-viele-einsatzzentralen\\\/#article\",\"isPartOf\":{\"@id\":\"https:\\\/\\\/news.save.ch\\\/hat-die-schweiz-zu-viele-einsatzzentralen\\\/\"},\"author\":{\"name\":\"admin\",\"@id\":\"https:\\\/\\\/news.save.ch\\\/de\\\/#\\\/schema\\\/person\\\/d49e199490bad7c70d64b9ab51142f2b\"},\"headline\":\"Hat die Schweiz zu viele Einsatzzentralen?\",\"datePublished\":\"2016-03-17T19:40:01+00:00\",\"mainEntityOfPage\":{\"@id\":\"https:\\\/\\\/news.save.ch\\\/hat-die-schweiz-zu-viele-einsatzzentralen\\\/\"},\"wordCount\":419,\"commentCount\":0,\"publisher\":{\"@id\":\"https:\\\/\\\/news.save.ch\\\/de\\\/#organization\"},\"image\":{\"@id\":\"https:\\\/\\\/news.save.ch\\\/hat-die-schweiz-zu-viele-einsatzzentralen\\\/#primaryimage\"},\"thumbnailUrl\":\"https:\\\/\\\/news.save.ch\\\/wp-content\\\/uploads\\\/2016\\\/12\\\/56eb09e00505c_spik_Sicherhietsforum.jpg\",\"keywords\":[\"Einsatzzentralen\",\"Infrastruktur\",\"Justiz &amp; Polizei\",\"Schweizer Polizei Informatik Kongress\",\"Sicherheit\",\"SPIK 2016\"],\"articleSection\":[\"ALLGEMEIN\"],\"inLanguage\":\"fr-FR\"},{\"@type\":\"WebPage\",\"@id\":\"https:\\\/\\\/news.save.ch\\\/hat-die-schweiz-zu-viele-einsatzzentralen\\\/\",\"url\":\"https:\\\/\\\/news.save.ch\\\/hat-die-schweiz-zu-viele-einsatzzentralen\\\/\",\"name\":\"Hat die Schweiz zu viele Einsatzzentralen? - Save\",\"isPartOf\":{\"@id\":\"https:\\\/\\\/news.save.ch\\\/de\\\/#website\"},\"primaryImageOfPage\":{\"@id\":\"https:\\\/\\\/news.save.ch\\\/hat-die-schweiz-zu-viele-einsatzzentralen\\\/#primaryimage\"},\"image\":{\"@id\":\"https:\\\/\\\/news.save.ch\\\/hat-die-schweiz-zu-viele-einsatzzentralen\\\/#primaryimage\"},\"thumbnailUrl\":\"https:\\\/\\\/news.save.ch\\\/wp-content\\\/uploads\\\/2016\\\/12\\\/56eb09e00505c_spik_Sicherhietsforum.jpg\",\"datePublished\":\"2016-03-17T19:40:01+00:00\",\"description\":\"Einsatzzentralen: Am Schweizer Polizei Informatik Kongress wurden heute Donnerstag L\u00f6sungsans\u00e4tze der Tschechischen Republik heiss diskutiert.\",\"breadcrumb\":{\"@id\":\"https:\\\/\\\/news.save.ch\\\/hat-die-schweiz-zu-viele-einsatzzentralen\\\/#breadcrumb\"},\"inLanguage\":\"fr-FR\",\"potentialAction\":[{\"@type\":\"ReadAction\",\"target\":[\"https:\\\/\\\/news.save.ch\\\/hat-die-schweiz-zu-viele-einsatzzentralen\\\/\"]}]},{\"@type\":\"ImageObject\",\"inLanguage\":\"fr-FR\",\"@id\":\"https:\\\/\\\/news.save.ch\\\/hat-die-schweiz-zu-viele-einsatzzentralen\\\/#primaryimage\",\"url\":\"https:\\\/\\\/news.save.ch\\\/wp-content\\\/uploads\\\/2016\\\/12\\\/56eb09e00505c_spik_Sicherhietsforum.jpg\",\"contentUrl\":\"https:\\\/\\\/news.save.ch\\\/wp-content\\\/uploads\\\/2016\\\/12\\\/56eb09e00505c_spik_Sicherhietsforum.jpg\",\"width\":1113,\"height\":783,\"caption\":\"Franti\u0161ek Habada, Leiter der Einsatzzentrale des Polizeipr\u00e4sidiums der Tschechischen Republik. (Fotos: Sascha H\u00e4hni, Swiss Police ICT)\"},{\"@type\":\"BreadcrumbList\",\"@id\":\"https:\\\/\\\/news.save.ch\\\/hat-die-schweiz-zu-viele-einsatzzentralen\\\/#breadcrumb\",\"itemListElement\":[{\"@type\":\"ListItem\",\"position\":1,\"name\":\"Home\",\"item\":\"https:\\\/\\\/news.save.ch\\\/de\\\/\"},{\"@type\":\"ListItem\",\"position\":2,\"name\":\"Hat die Schweiz zu viele Einsatzzentralen?\"}]},{\"@type\":\"WebSite\",\"@id\":\"https:\\\/\\\/news.save.ch\\\/de\\\/#website\",\"url\":\"https:\\\/\\\/news.save.ch\\\/de\\\/\",\"name\":\"Save\",\"description\":\"Schweizer Fachzeitschrift f\u00fcr Sicherheit\",\"publisher\":{\"@id\":\"https:\\\/\\\/news.save.ch\\\/de\\\/#organization\"},\"potentialAction\":[{\"@type\":\"SearchAction\",\"target\":{\"@type\":\"EntryPoint\",\"urlTemplate\":\"https:\\\/\\\/news.save.ch\\\/de\\\/?s={search_term_string}\"},\"query-input\":{\"@type\":\"PropertyValueSpecification\",\"valueRequired\":true,\"valueName\":\"search_term_string\"}}],\"inLanguage\":\"fr-FR\"},{\"@type\":\"Organization\",\"@id\":\"https:\\\/\\\/news.save.ch\\\/de\\\/#organization\",\"name\":\"Sicherheitsforum\",\"url\":\"https:\\\/\\\/news.save.ch\\\/de\\\/\",\"logo\":{\"@type\":\"ImageObject\",\"inLanguage\":\"fr-FR\",\"@id\":\"https:\\\/\\\/news.save.ch\\\/de\\\/#\\\/schema\\\/logo\\\/image\\\/\",\"url\":\"https:\\\/\\\/news.save.ch\\\/wp-content\\\/uploads\\\/2022\\\/06\\\/Logo_SF_2012.png\",\"contentUrl\":\"https:\\\/\\\/news.save.ch\\\/wp-content\\\/uploads\\\/2022\\\/06\\\/Logo_SF_2012.png\",\"width\":1100,\"height\":91,\"caption\":\"Sicherheitsforum\"},\"image\":{\"@id\":\"https:\\\/\\\/news.save.ch\\\/de\\\/#\\\/schema\\\/logo\\\/image\\\/\"}},{\"@type\":\"Person\",\"@id\":\"https:\\\/\\\/news.save.ch\\\/de\\\/#\\\/schema\\\/person\\\/d49e199490bad7c70d64b9ab51142f2b\",\"name\":\"admin\",\"image\":{\"@type\":\"ImageObject\",\"inLanguage\":\"fr-FR\",\"@id\":\"https:\\\/\\\/secure.gravatar.com\\\/avatar\\\/ae2f4d718e6c49043e314ce431e7e645d646302a24a5ef5a8bc8e3f5a032e319?s=96&d=mm&r=g\",\"url\":\"https:\\\/\\\/secure.gravatar.com\\\/avatar\\\/ae2f4d718e6c49043e314ce431e7e645d646302a24a5ef5a8bc8e3f5a032e319?s=96&d=mm&r=g\",\"contentUrl\":\"https:\\\/\\\/secure.gravatar.com\\\/avatar\\\/ae2f4d718e6c49043e314ce431e7e645d646302a24a5ef5a8bc8e3f5a032e319?s=96&d=mm&r=g\",\"caption\":\"admin\"},\"sameAs\":[\"https:\\\/\\\/develop.organisator.galledia.ch\"],\"url\":\"https:\\\/\\\/news.save.ch\\\/fr\\\/author\\\/admin\\\/\"}]}<\/script>\n<!-- \/ Yoast SEO plugin. -->","yoast_head_json":{"title":"La Suisse a-t-elle trop de centrales d'intervention ? - Save","description":"Les centrales d'intervention : Lors du Congr\u00e8s suisse sur l'informatique dans la police, les solutions propos\u00e9es par la R\u00e9publique tch\u00e8que ont fait l'objet de discussions passionn\u00e9es ce jeudi.","robots":{"index":"index","follow":"follow","max-snippet":"max-snippet:-1","max-image-preview":"max-image-preview:large","max-video-preview":"max-video-preview:-1"},"canonical":"https:\/\/news.save.ch\/fr\/hat-die-schweiz-zu-viele-einsatzzentralen\/","og_locale":"fr_FR","og_type":"article","og_title":"Hat die Schweiz zu viele Einsatzzentralen?","og_description":"Am Schweizer Polizei Informatik Kongress wurden heute Donnerstag L\u00f6sungsans\u00e4tze der Tschechischen Republik heiss diskutiert. Ein Vergleich mit der Schweiz l\u00e4sst Skepsis aufkommen, ob die aktuelle Anzahl an Einsatzzentralen hierzulande noch vertretbar ist.","og_url":"https:\/\/news.save.ch\/fr\/hat-die-schweiz-zu-viele-einsatzzentralen\/","og_site_name":"Save","article_published_time":"2016-03-17T19:40:01+00:00","og_image":[{"url":"https:\/\/news.save.ch\/wp-content\/uploads\/2016\/12\/56eb09e00505c_spik_Sicherhietsforum.jpg","type":"","width":"","height":""}],"author":"admin","twitter_card":"summary_large_image","twitter_misc":{"\u00c9crit par":"admin","Dur\u00e9e de lecture estim\u00e9e":"2 minutes"},"schema":{"@context":"https:\/\/schema.org","@graph":[{"@type":"Article","@id":"https:\/\/news.save.ch\/hat-die-schweiz-zu-viele-einsatzzentralen\/#article","isPartOf":{"@id":"https:\/\/news.save.ch\/hat-die-schweiz-zu-viele-einsatzzentralen\/"},"author":{"name":"admin","@id":"https:\/\/news.save.ch\/de\/#\/schema\/person\/d49e199490bad7c70d64b9ab51142f2b"},"headline":"Hat die Schweiz zu viele Einsatzzentralen?","datePublished":"2016-03-17T19:40:01+00:00","mainEntityOfPage":{"@id":"https:\/\/news.save.ch\/hat-die-schweiz-zu-viele-einsatzzentralen\/"},"wordCount":419,"commentCount":0,"publisher":{"@id":"https:\/\/news.save.ch\/de\/#organization"},"image":{"@id":"https:\/\/news.save.ch\/hat-die-schweiz-zu-viele-einsatzzentralen\/#primaryimage"},"thumbnailUrl":"https:\/\/news.save.ch\/wp-content\/uploads\/2016\/12\/56eb09e00505c_spik_Sicherhietsforum.jpg","keywords":["Einsatzzentralen","Infrastruktur","Justiz &amp; Polizei","Schweizer Polizei Informatik Kongress","Sicherheit","SPIK 2016"],"articleSection":["ALLGEMEIN"],"inLanguage":"fr-FR"},{"@type":"WebPage","@id":"https:\/\/news.save.ch\/hat-die-schweiz-zu-viele-einsatzzentralen\/","url":"https:\/\/news.save.ch\/hat-die-schweiz-zu-viele-einsatzzentralen\/","name":"La Suisse a-t-elle trop de centrales d'intervention ? - Save","isPartOf":{"@id":"https:\/\/news.save.ch\/de\/#website"},"primaryImageOfPage":{"@id":"https:\/\/news.save.ch\/hat-die-schweiz-zu-viele-einsatzzentralen\/#primaryimage"},"image":{"@id":"https:\/\/news.save.ch\/hat-die-schweiz-zu-viele-einsatzzentralen\/#primaryimage"},"thumbnailUrl":"https:\/\/news.save.ch\/wp-content\/uploads\/2016\/12\/56eb09e00505c_spik_Sicherhietsforum.jpg","datePublished":"2016-03-17T19:40:01+00:00","description":"Les centrales d'intervention : Lors du Congr\u00e8s suisse sur l'informatique dans la police, les solutions propos\u00e9es par la R\u00e9publique tch\u00e8que ont fait l'objet de discussions passionn\u00e9es ce jeudi.","breadcrumb":{"@id":"https:\/\/news.save.ch\/hat-die-schweiz-zu-viele-einsatzzentralen\/#breadcrumb"},"inLanguage":"fr-FR","potentialAction":[{"@type":"ReadAction","target":["https:\/\/news.save.ch\/hat-die-schweiz-zu-viele-einsatzzentralen\/"]}]},{"@type":"ImageObject","inLanguage":"fr-FR","@id":"https:\/\/news.save.ch\/hat-die-schweiz-zu-viele-einsatzzentralen\/#primaryimage","url":"https:\/\/news.save.ch\/wp-content\/uploads\/2016\/12\/56eb09e00505c_spik_Sicherhietsforum.jpg","contentUrl":"https:\/\/news.save.ch\/wp-content\/uploads\/2016\/12\/56eb09e00505c_spik_Sicherhietsforum.jpg","width":1113,"height":783,"caption":"Franti\u0161ek Habada, Leiter der Einsatzzentrale des Polizeipr\u00e4sidiums der Tschechischen Republik. (Fotos: Sascha H\u00e4hni, Swiss Police ICT)"},{"@type":"BreadcrumbList","@id":"https:\/\/news.save.ch\/hat-die-schweiz-zu-viele-einsatzzentralen\/#breadcrumb","itemListElement":[{"@type":"ListItem","position":1,"name":"Home","item":"https:\/\/news.save.ch\/de\/"},{"@type":"ListItem","position":2,"name":"Hat die Schweiz zu viele Einsatzzentralen?"}]},{"@type":"WebSite","@id":"https:\/\/news.save.ch\/de\/#website","url":"https:\/\/news.save.ch\/de\/","name":"Save","description":"Revue suisse sp\u00e9cialis\u00e9e dans la s\u00e9curit\u00e9","publisher":{"@id":"https:\/\/news.save.ch\/de\/#organization"},"potentialAction":[{"@type":"SearchAction","target":{"@type":"EntryPoint","urlTemplate":"https:\/\/news.save.ch\/de\/?s={search_term_string}"},"query-input":{"@type":"PropertyValueSpecification","valueRequired":true,"valueName":"search_term_string"}}],"inLanguage":"fr-FR"},{"@type":"Organization","@id":"https:\/\/news.save.ch\/de\/#organization","name":"Forum sur la s\u00e9curit\u00e9","url":"https:\/\/news.save.ch\/de\/","logo":{"@type":"ImageObject","inLanguage":"fr-FR","@id":"https:\/\/news.save.ch\/de\/#\/schema\/logo\/image\/","url":"https:\/\/news.save.ch\/wp-content\/uploads\/2022\/06\/Logo_SF_2012.png","contentUrl":"https:\/\/news.save.ch\/wp-content\/uploads\/2022\/06\/Logo_SF_2012.png","width":1100,"height":91,"caption":"Sicherheitsforum"},"image":{"@id":"https:\/\/news.save.ch\/de\/#\/schema\/logo\/image\/"}},{"@type":"Person","@id":"https:\/\/news.save.ch\/de\/#\/schema\/person\/d49e199490bad7c70d64b9ab51142f2b","name":"admin","image":{"@type":"ImageObject","inLanguage":"fr-FR","@id":"https:\/\/secure.gravatar.com\/avatar\/ae2f4d718e6c49043e314ce431e7e645d646302a24a5ef5a8bc8e3f5a032e319?s=96&d=mm&r=g","url":"https:\/\/secure.gravatar.com\/avatar\/ae2f4d718e6c49043e314ce431e7e645d646302a24a5ef5a8bc8e3f5a032e319?s=96&d=mm&r=g","contentUrl":"https:\/\/secure.gravatar.com\/avatar\/ae2f4d718e6c49043e314ce431e7e645d646302a24a5ef5a8bc8e3f5a032e319?s=96&d=mm&r=g","caption":"admin"},"sameAs":["https:\/\/develop.organisator.galledia.ch"],"url":"https:\/\/news.save.ch\/fr\/author\/admin\/"}]}},"_links":{"self":[{"href":"https:\/\/news.save.ch\/fr\/wp-json\/wp\/v2\/posts\/3178","targetHints":{"allow":["GET"]}}],"collection":[{"href":"https:\/\/news.save.ch\/fr\/wp-json\/wp\/v2\/posts"}],"about":[{"href":"https:\/\/news.save.ch\/fr\/wp-json\/wp\/v2\/types\/post"}],"author":[{"embeddable":true,"href":"https:\/\/news.save.ch\/fr\/wp-json\/wp\/v2\/users\/1"}],"replies":[{"embeddable":true,"href":"https:\/\/news.save.ch\/fr\/wp-json\/wp\/v2\/comments?post=3178"}],"version-history":[{"count":0,"href":"https:\/\/news.save.ch\/fr\/wp-json\/wp\/v2\/posts\/3178\/revisions"}],"wp:featuredmedia":[{"embeddable":true,"href":"https:\/\/news.save.ch\/fr\/wp-json\/wp\/v2\/media\/3179"}],"wp:attachment":[{"href":"https:\/\/news.save.ch\/fr\/wp-json\/wp\/v2\/media?parent=3178"}],"wp:term":[{"taxonomy":"category","embeddable":true,"href":"https:\/\/news.save.ch\/fr\/wp-json\/wp\/v2\/categories?post=3178"},{"taxonomy":"post_tag","embeddable":true,"href":"https:\/\/news.save.ch\/fr\/wp-json\/wp\/v2\/tags?post=3178"}],"curies":[{"name":"wp","href":"https:\/\/api.w.org\/{rel}","templated":true}]}}