{"id":3182,"date":"2016-03-21T10:39:59","date_gmt":"2016-03-21T09:39:59","guid":{"rendered":"https:\/\/dev.sicherheitsforum.ch\/?p=3182"},"modified":"2016-03-21T10:39:59","modified_gmt":"2016-03-21T09:39:59","slug":"straftaten-erstmals-unter-500000","status":null,"type":"post","link":"https:\/\/news.save.ch\/fr\/straftaten-erstmals-unter-500000\/","title":{"rendered":"Les d\u00e9lits passent pour la premi\u00e8re fois sous la barre des 500 000"},"content":{"rendered":"<p><img loading=\"lazy\" decoding=\"async\" class=\"alignnone wp-image-3861 size-medium\" src=\"https:\/\/news.save.ch\/wp-content\/uploads\/2016\/03\/straftaten-erstmals-unter-500000_Sicherheitsforum.jpg\" width=\"668\" height=\"1000\" srcset=\"https:\/\/news.save.ch\/wp-content\/uploads\/2016\/03\/straftaten-erstmals-unter-500000_Sicherheitsforum.jpg 668w, https:\/\/news.save.ch\/wp-content\/uploads\/2016\/03\/straftaten-erstmals-unter-500000_Sicherheitsforum-200x300.jpg 200w\" sizes=\"auto, (max-width: 668px) 100vw, 668px\" \/><\/p>\n<p>Le nombre total d'infractions, c'est-\u00e0-dire de violations du code p\u00e9nal, a diminu\u00e9 de 7% dans toute la Suisse par rapport \u00e0 l'ann\u00e9e pr\u00e9c\u00e9dente et a atteint, selon l'Office f\u00e9d\u00e9ral de la statistique, un nouveau niveau bas depuis 2009 avec 487 611 d\u00e9lits. Un recul des infractions dans la statistique polici\u00e8re de la criminalit\u00e9 est observ\u00e9 depuis 2013 et peut \u00eatre justifi\u00e9 par la diminution constante des infractions contre le patrimoine, qui repr\u00e9sentent plus de deux tiers des infractions au code p\u00e9nal, comme l'\u00e9crit le pr\u00e9sident de la Conf\u00e9rence des commandants des polices cantonales de Suisse (CCPCS), Stefan Bl\u00e4ttler.<\/p>\n<p><strong>19% de moins de cambriolages <\/strong><\/p>\n<p>En ce qui concerne les infractions contre le patrimoine de l'ann\u00e9e 2015, la baisse \u00e0 deux chiffres de presque tous les types de vol est frappante. Trois exemples :<\/p>\n<ul>\n<li>Le nombre de cambriolages a diminu\u00e9 de 19 pour cent par rapport \u00e0 l'ann\u00e9e pr\u00e9c\u00e9dente, pour atteindre 42 416. Cela repr\u00e9sente une baisse de pr\u00e8s de 10'000 cas.<\/li>\n<li>En ce qui concerne les vols \u00e0 la tire, le nombre de d\u00e9lits a baiss\u00e9 de 18 %.<\/li>\n<li>En ce qui concerne le vol par effraction de v\u00e9hicules, on a enregistr\u00e9 une baisse de 13 % des d\u00e9lits.<\/li>\n<\/ul>\n<p>Ces r\u00e9sultats r\u00e9jouissants sont notamment dus aux efforts importants des corps de police qui sensibilisent la population et s'engagent pour la protection des citoyens et de leurs biens par une pr\u00e9sence visible, des campagnes de pr\u00e9vention et des mesures r\u00e9pressives, comme l'indique le communiqu\u00e9 de presse de la CCPCS. Toutefois, toutes les infractions contre le patrimoine ne sont pas en recul, comme le montre l'augmentation de 24% des escroqueries et des abus de confiance.<\/p>\n<p><strong>Augmentation de la violence domestique <\/strong><\/p>\n<p>Comme les ann\u00e9es pr\u00e9c\u00e9dentes, les d\u00e9lits contre la vie et l'int\u00e9grit\u00e9 corporelle ont diminu\u00e9 en 2015 (-102 d\u00e9lits). Alors que les d\u00e9lits de violence graves sont rest\u00e9s constants, les d\u00e9lits de violence moins graves ont diminu\u00e9, comme le montre un coup d'\u0153il sur les statistiques. Il s'agit par exemple des l\u00e9sions corporelles simples (-5%) ainsi que des d\u00e9lits de brigandage, qui ont baiss\u00e9 d'environ 20 pour cent par rapport \u00e0 l'ann\u00e9e pr\u00e9c\u00e9dente. Les actes li\u00e9s \u00e0 la violence domestique ont en revanche augment\u00e9 de 11 pour cent pour atteindre 17 297 d\u00e9lits. Selon la CCPCS, cette forte augmentation est notamment due \u00e0 une modification du syst\u00e8me de rapport.<\/p>\n<p><strong>Augmentation de la violence et des menaces contre les fonctionnaires <\/strong><\/p>\n<p>Les d\u00e9nonciations pour violence et menaces contre des fonctionnaires, qui concernent entre autres des membres de la police, ont augment\u00e9 de 9% (+241 infractions) par rapport \u00e0 l'ann\u00e9e pr\u00e9c\u00e9dente. Il s'agit l\u00e0 d'une \u00e9volution que la CCPCS suit avec inqui\u00e9tude. En outre, les \u00e9volutions pass\u00e9es indiquent que la violence devient de plus en plus grave.<\/p>\n<p><strong>Bilan mitig\u00e9 pour les d\u00e9lits sexuels <\/strong><\/p>\n<p>On constate une l\u00e9g\u00e8re augmentation des infractions contre l'int\u00e9grit\u00e9 sexuelle (+4%) en raison d'une augmentation des d\u00e9nonciations pour exhibitionnisme (de 514 \u00e0 591 infractions) et d'autres infractions contre l'int\u00e9grit\u00e9 sexuelle (+28%). Ces derni\u00e8res s'expliqueraient surtout par une augmentation de l'exercice ill\u00e9gal de la prostitution (+24%). En revanche, le nombre de viols (-4%), d'actes sexuels avec des enfants (-6%) et de pornographie (-8%) a l\u00e9g\u00e8rement diminu\u00e9.<\/p>\n<p><strong>Importation et exportation ill\u00e9gales de produits \u00e0 base de chanvre <\/strong><\/p>\n<p>En 2015, la majorit\u00e9 des infractions \u00e0 la loi sur les stup\u00e9fiants concernait \u00e0 nouveau la consommation (44%) et la possession\/s\u00e9curit\u00e9 (39%) de substances ill\u00e9gales, la majorit\u00e9 d'entre elles \u00e9tant des produits \u00e0 base de chanvre (60%). En outre, selon la CCPCS, l'augmentation de 139% des cas l\u00e9gers d'importation, d'exportation et de transit dans le domaine de la contrebande est frappante. Ce changement s'explique par l'augmentation des saisies de graines de chanvre \u00e0 la douane.<\/p>\n<p><strong>Augmentation des violations des conditions d'entr\u00e9e <\/strong><\/p>\n<p>Les infractions \u00e0 la loi sur les \u00e9trangers ont augment\u00e9 de 7% par rapport \u00e0 l'ann\u00e9e pr\u00e9c\u00e9dente pour atteindre 42 184. Les raisons principales sont l'entr\u00e9e\/sortie et le s\u00e9jour ill\u00e9gaux (+11%). Dans cette cat\u00e9gorie, l'augmentation des infractions aux dispositions d'entr\u00e9e (+31%) serait particuli\u00e8rement importante.<\/p>\n<p><strong>Moins de pr\u00e9venus dans le domaine de l'asile <\/strong><\/p>\n<p>Depuis 2009, le nombre de mineurs mis en cause pour des infractions au code p\u00e9nal est en baisse constante et a atteint son niveau le plus bas en 2015. Chez les jeunes de 18 \u00e0 24 ans \u00e9galement, on a enregistr\u00e9 un nouveau plancher avec 14 157 pr\u00e9venus. En outre, il convient de noter que malgr\u00e9 l'augmentation des demandes d'asile, le nombre de pr\u00e9venus issus du domaine de l'asile a de nouveau baiss\u00e9 (-19%), comme le souligne la CCPCS dans son communiqu\u00e9.<\/p>\n<p>&nbsp;<\/p>","protected":false},"excerpt":{"rendered":"<p>Die Gesamtzahl der Straftaten, also Verst\u00f6sse gegen das Strafgesetzbuch, ist schweizweit gegen\u00fcber dem Vorjahr um 7 Prozent gesunken und hat gem\u00e4ss dem Bundesamt f\u00fcr Statistik mit 487&#8217;611 Delikten einen neuen Tiefstand seit 2009 erreicht. Ein\u00a0R\u00fcckgang der Straftaten in der polizeilichen Kriminalstatistik wird seit 2013 beobachtet und l\u00e4sst sich mit der steten Abnahme an Verm\u00f6gensdelikten, welche [&hellip;]<\/p>\n","protected":false},"author":1,"featured_media":3861,"comment_status":"open","ping_status":"open","sticky":false,"template":"","format":"standard","meta":{"_acf_changed":false,"pgc_sgb_lightbox_settings":"","footnotes":""},"categories":[1],"tags":[311,312,313],"class_list":["post-3182","post","type-post","status-publish","format-standard","has-post-thumbnail","hentry","category-allgemein","tag-einbruchdiebstahl","tag-schweizerische-kriminalstatistik","tag-strafgesetzbuch"],"acf":[],"hkrextid":null,"publication":null,"issue":null,"workflow":null,"startPage":null,"spitzmarke":null,"_posts_by_tag_page_fields":{"widget_title":"","widget_tags":""},"_at_widget":"1","_yoast_wpseo_primary_category":"","_yoast_wpseo_focuskw_text_input":"Straftaten","_yoast_wpseo_opengraph-image":"https:\/\/news.save.ch\/wp-content\/uploads\/2016\/03\/straftaten-erstmals-unter-500000_Sicherheitsforum.jpg","_yoast_wpseo_opengraph-description":"Mit 487'611 erfassten Straftaten wird in der Schweizerischen Kriminalstatistik 2015 erstmals die 500'000-Grenze unterschritten. Das ist der tiefste Wert seit der Revision der Statistik im Jahr 2009. Insbesondere die Zahl der Einbruchdiebst\u00e4hle (-19%) und der Raube (-21%) hat massiv abgenommen.","_yoast_wpseo_opengraph-title":"Straftaten erstmals unter 500'000","enclosure":null,"_yoast_wpseo_twitter-title":null,"_yoast_wpseo_twitter-description":null,"_yoast_wpseo_twitter-image":null,"_wp_old_slug":null,"_yoast_wpseo_title":null,"_yoast_wpseo_canonical":null,"yoast_head":"<!-- This site is optimized with the Yoast SEO plugin v27.5 - https:\/\/yoast.com\/product\/yoast-seo-wordpress\/ -->\n<title>Straftaten erstmals unter 500&#039;000 - Save<\/title>\n<meta name=\"description\" content=\"Mit 487&#039;611 erfassten Straftaten wird in der Schweizerischen Kriminalstatistik 2015 erstmals die 500&#039;000-Grenze unterschritten.\" \/>\n<meta name=\"robots\" content=\"index, follow, max-snippet:-1, max-image-preview:large, max-video-preview:-1\" \/>\n<link rel=\"canonical\" href=\"https:\/\/news.save.ch\/fr\/straftaten-erstmals-unter-500000\/\" \/>\n<meta property=\"og:locale\" content=\"fr_FR\" \/>\n<meta property=\"og:type\" content=\"article\" \/>\n<meta property=\"og:title\" content=\"Straftaten erstmals unter 500&#039;000\" \/>\n<meta property=\"og:description\" content=\"Mit 487&#039;611 erfassten Straftaten wird in der Schweizerischen Kriminalstatistik 2015 erstmals die 500&#039;000-Grenze unterschritten. Das ist der tiefste Wert seit der Revision der Statistik im Jahr 2009. Insbesondere die Zahl der Einbruchdiebst\u00e4hle (-19%) und der Raube (-21%) hat massiv abgenommen.\" \/>\n<meta property=\"og:url\" content=\"https:\/\/news.save.ch\/fr\/straftaten-erstmals-unter-500000\/\" \/>\n<meta property=\"og:site_name\" content=\"Save\" \/>\n<meta property=\"article:published_time\" content=\"2016-03-21T09:39:59+00:00\" \/>\n<meta property=\"og:image\" content=\"https:\/\/news.save.ch\/wp-content\/uploads\/2016\/03\/straftaten-erstmals-unter-500000_Sicherheitsforum.jpg\" \/>\n<meta name=\"author\" content=\"admin\" \/>\n<meta name=\"twitter:card\" content=\"summary_large_image\" \/>\n<meta name=\"twitter:label1\" content=\"\u00c9crit par\" \/>\n\t<meta name=\"twitter:data1\" content=\"admin\" \/>\n\t<meta name=\"twitter:label2\" content=\"Dur\u00e9e de lecture estim\u00e9e\" \/>\n\t<meta name=\"twitter:data2\" content=\"3 minutes\" \/>\n<script type=\"application\/ld+json\" class=\"yoast-schema-graph\">{\"@context\":\"https:\\\/\\\/schema.org\",\"@graph\":[{\"@type\":\"Article\",\"@id\":\"https:\\\/\\\/news.save.ch\\\/straftaten-erstmals-unter-500000\\\/#article\",\"isPartOf\":{\"@id\":\"https:\\\/\\\/news.save.ch\\\/straftaten-erstmals-unter-500000\\\/\"},\"author\":{\"name\":\"admin\",\"@id\":\"https:\\\/\\\/news.save.ch\\\/de\\\/#\\\/schema\\\/person\\\/d49e199490bad7c70d64b9ab51142f2b\"},\"headline\":\"Straftaten erstmals unter 500&#8217;000\",\"datePublished\":\"2016-03-21T09:39:59+00:00\",\"mainEntityOfPage\":{\"@id\":\"https:\\\/\\\/news.save.ch\\\/straftaten-erstmals-unter-500000\\\/\"},\"wordCount\":619,\"commentCount\":0,\"publisher\":{\"@id\":\"https:\\\/\\\/news.save.ch\\\/de\\\/#organization\"},\"image\":{\"@id\":\"https:\\\/\\\/news.save.ch\\\/straftaten-erstmals-unter-500000\\\/#primaryimage\"},\"thumbnailUrl\":\"https:\\\/\\\/news.save.ch\\\/wp-content\\\/uploads\\\/2016\\\/03\\\/straftaten-erstmals-unter-500000_Sicherheitsforum.jpg\",\"keywords\":[\"Einbruchdiebstahl\",\"Schweizerische Kriminalstatistik\",\"Strafgesetzbuch\"],\"articleSection\":[\"ALLGEMEIN\"],\"inLanguage\":\"fr-FR\"},{\"@type\":\"WebPage\",\"@id\":\"https:\\\/\\\/news.save.ch\\\/straftaten-erstmals-unter-500000\\\/\",\"url\":\"https:\\\/\\\/news.save.ch\\\/straftaten-erstmals-unter-500000\\\/\",\"name\":\"Straftaten erstmals unter 500'000 - Save\",\"isPartOf\":{\"@id\":\"https:\\\/\\\/news.save.ch\\\/de\\\/#website\"},\"primaryImageOfPage\":{\"@id\":\"https:\\\/\\\/news.save.ch\\\/straftaten-erstmals-unter-500000\\\/#primaryimage\"},\"image\":{\"@id\":\"https:\\\/\\\/news.save.ch\\\/straftaten-erstmals-unter-500000\\\/#primaryimage\"},\"thumbnailUrl\":\"https:\\\/\\\/news.save.ch\\\/wp-content\\\/uploads\\\/2016\\\/03\\\/straftaten-erstmals-unter-500000_Sicherheitsforum.jpg\",\"datePublished\":\"2016-03-21T09:39:59+00:00\",\"description\":\"Mit 487'611 erfassten Straftaten wird in der Schweizerischen Kriminalstatistik 2015 erstmals die 500'000-Grenze unterschritten.\",\"breadcrumb\":{\"@id\":\"https:\\\/\\\/news.save.ch\\\/straftaten-erstmals-unter-500000\\\/#breadcrumb\"},\"inLanguage\":\"fr-FR\",\"potentialAction\":[{\"@type\":\"ReadAction\",\"target\":[\"https:\\\/\\\/news.save.ch\\\/straftaten-erstmals-unter-500000\\\/\"]}]},{\"@type\":\"ImageObject\",\"inLanguage\":\"fr-FR\",\"@id\":\"https:\\\/\\\/news.save.ch\\\/straftaten-erstmals-unter-500000\\\/#primaryimage\",\"url\":\"https:\\\/\\\/news.save.ch\\\/wp-content\\\/uploads\\\/2016\\\/03\\\/straftaten-erstmals-unter-500000_Sicherheitsforum.jpg\",\"contentUrl\":\"https:\\\/\\\/news.save.ch\\\/wp-content\\\/uploads\\\/2016\\\/03\\\/straftaten-erstmals-unter-500000_Sicherheitsforum.jpg\",\"width\":668,\"height\":1000},{\"@type\":\"BreadcrumbList\",\"@id\":\"https:\\\/\\\/news.save.ch\\\/straftaten-erstmals-unter-500000\\\/#breadcrumb\",\"itemListElement\":[{\"@type\":\"ListItem\",\"position\":1,\"name\":\"Home\",\"item\":\"https:\\\/\\\/news.save.ch\\\/de\\\/\"},{\"@type\":\"ListItem\",\"position\":2,\"name\":\"Straftaten erstmals unter 500&#8217;000\"}]},{\"@type\":\"WebSite\",\"@id\":\"https:\\\/\\\/news.save.ch\\\/de\\\/#website\",\"url\":\"https:\\\/\\\/news.save.ch\\\/de\\\/\",\"name\":\"Save\",\"description\":\"Schweizer Fachzeitschrift f\u00fcr Sicherheit\",\"publisher\":{\"@id\":\"https:\\\/\\\/news.save.ch\\\/de\\\/#organization\"},\"potentialAction\":[{\"@type\":\"SearchAction\",\"target\":{\"@type\":\"EntryPoint\",\"urlTemplate\":\"https:\\\/\\\/news.save.ch\\\/de\\\/?s={search_term_string}\"},\"query-input\":{\"@type\":\"PropertyValueSpecification\",\"valueRequired\":true,\"valueName\":\"search_term_string\"}}],\"inLanguage\":\"fr-FR\"},{\"@type\":\"Organization\",\"@id\":\"https:\\\/\\\/news.save.ch\\\/de\\\/#organization\",\"name\":\"Sicherheitsforum\",\"url\":\"https:\\\/\\\/news.save.ch\\\/de\\\/\",\"logo\":{\"@type\":\"ImageObject\",\"inLanguage\":\"fr-FR\",\"@id\":\"https:\\\/\\\/news.save.ch\\\/de\\\/#\\\/schema\\\/logo\\\/image\\\/\",\"url\":\"https:\\\/\\\/news.save.ch\\\/wp-content\\\/uploads\\\/2022\\\/06\\\/Logo_SF_2012.png\",\"contentUrl\":\"https:\\\/\\\/news.save.ch\\\/wp-content\\\/uploads\\\/2022\\\/06\\\/Logo_SF_2012.png\",\"width\":1100,\"height\":91,\"caption\":\"Sicherheitsforum\"},\"image\":{\"@id\":\"https:\\\/\\\/news.save.ch\\\/de\\\/#\\\/schema\\\/logo\\\/image\\\/\"}},{\"@type\":\"Person\",\"@id\":\"https:\\\/\\\/news.save.ch\\\/de\\\/#\\\/schema\\\/person\\\/d49e199490bad7c70d64b9ab51142f2b\",\"name\":\"admin\",\"image\":{\"@type\":\"ImageObject\",\"inLanguage\":\"fr-FR\",\"@id\":\"https:\\\/\\\/secure.gravatar.com\\\/avatar\\\/ae2f4d718e6c49043e314ce431e7e645d646302a24a5ef5a8bc8e3f5a032e319?s=96&d=mm&r=g\",\"url\":\"https:\\\/\\\/secure.gravatar.com\\\/avatar\\\/ae2f4d718e6c49043e314ce431e7e645d646302a24a5ef5a8bc8e3f5a032e319?s=96&d=mm&r=g\",\"contentUrl\":\"https:\\\/\\\/secure.gravatar.com\\\/avatar\\\/ae2f4d718e6c49043e314ce431e7e645d646302a24a5ef5a8bc8e3f5a032e319?s=96&d=mm&r=g\",\"caption\":\"admin\"},\"sameAs\":[\"https:\\\/\\\/develop.organisator.galledia.ch\"],\"url\":\"https:\\\/\\\/news.save.ch\\\/fr\\\/author\\\/admin\\\/\"}]}<\/script>\n<!-- \/ Yoast SEO plugin. -->","yoast_head_json":{"title":"Les d\u00e9lits passent pour la premi\u00e8re fois sous la barre des 500 000 - Save","description":"Avec 487'611 infractions recens\u00e9es, la statistique suisse de la criminalit\u00e9 2015 passe pour la premi\u00e8re fois sous la barre des 500'000.","robots":{"index":"index","follow":"follow","max-snippet":"max-snippet:-1","max-image-preview":"max-image-preview:large","max-video-preview":"max-video-preview:-1"},"canonical":"https:\/\/news.save.ch\/fr\/straftaten-erstmals-unter-500000\/","og_locale":"fr_FR","og_type":"article","og_title":"Straftaten erstmals unter 500'000","og_description":"Mit 487'611 erfassten Straftaten wird in der Schweizerischen Kriminalstatistik 2015 erstmals die 500'000-Grenze unterschritten. Das ist der tiefste Wert seit der Revision der Statistik im Jahr 2009. Insbesondere die Zahl der Einbruchdiebst\u00e4hle (-19%) und der Raube (-21%) hat massiv abgenommen.","og_url":"https:\/\/news.save.ch\/fr\/straftaten-erstmals-unter-500000\/","og_site_name":"Save","article_published_time":"2016-03-21T09:39:59+00:00","og_image":[{"url":"https:\/\/news.save.ch\/wp-content\/uploads\/2016\/03\/straftaten-erstmals-unter-500000_Sicherheitsforum.jpg","type":"","width":"","height":""}],"author":"admin","twitter_card":"summary_large_image","twitter_misc":{"\u00c9crit par":"admin","Dur\u00e9e de lecture estim\u00e9e":"3 minutes"},"schema":{"@context":"https:\/\/schema.org","@graph":[{"@type":"Article","@id":"https:\/\/news.save.ch\/straftaten-erstmals-unter-500000\/#article","isPartOf":{"@id":"https:\/\/news.save.ch\/straftaten-erstmals-unter-500000\/"},"author":{"name":"admin","@id":"https:\/\/news.save.ch\/de\/#\/schema\/person\/d49e199490bad7c70d64b9ab51142f2b"},"headline":"Straftaten erstmals unter 500&#8217;000","datePublished":"2016-03-21T09:39:59+00:00","mainEntityOfPage":{"@id":"https:\/\/news.save.ch\/straftaten-erstmals-unter-500000\/"},"wordCount":619,"commentCount":0,"publisher":{"@id":"https:\/\/news.save.ch\/de\/#organization"},"image":{"@id":"https:\/\/news.save.ch\/straftaten-erstmals-unter-500000\/#primaryimage"},"thumbnailUrl":"https:\/\/news.save.ch\/wp-content\/uploads\/2016\/03\/straftaten-erstmals-unter-500000_Sicherheitsforum.jpg","keywords":["Einbruchdiebstahl","Schweizerische Kriminalstatistik","Strafgesetzbuch"],"articleSection":["ALLGEMEIN"],"inLanguage":"fr-FR"},{"@type":"WebPage","@id":"https:\/\/news.save.ch\/straftaten-erstmals-unter-500000\/","url":"https:\/\/news.save.ch\/straftaten-erstmals-unter-500000\/","name":"Les d\u00e9lits passent pour la premi\u00e8re fois sous la barre des 500 000 - Save","isPartOf":{"@id":"https:\/\/news.save.ch\/de\/#website"},"primaryImageOfPage":{"@id":"https:\/\/news.save.ch\/straftaten-erstmals-unter-500000\/#primaryimage"},"image":{"@id":"https:\/\/news.save.ch\/straftaten-erstmals-unter-500000\/#primaryimage"},"thumbnailUrl":"https:\/\/news.save.ch\/wp-content\/uploads\/2016\/03\/straftaten-erstmals-unter-500000_Sicherheitsforum.jpg","datePublished":"2016-03-21T09:39:59+00:00","description":"Avec 487'611 infractions recens\u00e9es, la statistique suisse de la criminalit\u00e9 2015 passe pour la premi\u00e8re fois sous la barre des 500'000.","breadcrumb":{"@id":"https:\/\/news.save.ch\/straftaten-erstmals-unter-500000\/#breadcrumb"},"inLanguage":"fr-FR","potentialAction":[{"@type":"ReadAction","target":["https:\/\/news.save.ch\/straftaten-erstmals-unter-500000\/"]}]},{"@type":"ImageObject","inLanguage":"fr-FR","@id":"https:\/\/news.save.ch\/straftaten-erstmals-unter-500000\/#primaryimage","url":"https:\/\/news.save.ch\/wp-content\/uploads\/2016\/03\/straftaten-erstmals-unter-500000_Sicherheitsforum.jpg","contentUrl":"https:\/\/news.save.ch\/wp-content\/uploads\/2016\/03\/straftaten-erstmals-unter-500000_Sicherheitsforum.jpg","width":668,"height":1000},{"@type":"BreadcrumbList","@id":"https:\/\/news.save.ch\/straftaten-erstmals-unter-500000\/#breadcrumb","itemListElement":[{"@type":"ListItem","position":1,"name":"Home","item":"https:\/\/news.save.ch\/de\/"},{"@type":"ListItem","position":2,"name":"Straftaten erstmals unter 500&#8217;000"}]},{"@type":"WebSite","@id":"https:\/\/news.save.ch\/de\/#website","url":"https:\/\/news.save.ch\/de\/","name":"Save","description":"Revue suisse sp\u00e9cialis\u00e9e dans la s\u00e9curit\u00e9","publisher":{"@id":"https:\/\/news.save.ch\/de\/#organization"},"potentialAction":[{"@type":"SearchAction","target":{"@type":"EntryPoint","urlTemplate":"https:\/\/news.save.ch\/de\/?s={search_term_string}"},"query-input":{"@type":"PropertyValueSpecification","valueRequired":true,"valueName":"search_term_string"}}],"inLanguage":"fr-FR"},{"@type":"Organization","@id":"https:\/\/news.save.ch\/de\/#organization","name":"Forum sur la s\u00e9curit\u00e9","url":"https:\/\/news.save.ch\/de\/","logo":{"@type":"ImageObject","inLanguage":"fr-FR","@id":"https:\/\/news.save.ch\/de\/#\/schema\/logo\/image\/","url":"https:\/\/news.save.ch\/wp-content\/uploads\/2022\/06\/Logo_SF_2012.png","contentUrl":"https:\/\/news.save.ch\/wp-content\/uploads\/2022\/06\/Logo_SF_2012.png","width":1100,"height":91,"caption":"Sicherheitsforum"},"image":{"@id":"https:\/\/news.save.ch\/de\/#\/schema\/logo\/image\/"}},{"@type":"Person","@id":"https:\/\/news.save.ch\/de\/#\/schema\/person\/d49e199490bad7c70d64b9ab51142f2b","name":"admin","image":{"@type":"ImageObject","inLanguage":"fr-FR","@id":"https:\/\/secure.gravatar.com\/avatar\/ae2f4d718e6c49043e314ce431e7e645d646302a24a5ef5a8bc8e3f5a032e319?s=96&d=mm&r=g","url":"https:\/\/secure.gravatar.com\/avatar\/ae2f4d718e6c49043e314ce431e7e645d646302a24a5ef5a8bc8e3f5a032e319?s=96&d=mm&r=g","contentUrl":"https:\/\/secure.gravatar.com\/avatar\/ae2f4d718e6c49043e314ce431e7e645d646302a24a5ef5a8bc8e3f5a032e319?s=96&d=mm&r=g","caption":"admin"},"sameAs":["https:\/\/develop.organisator.galledia.ch"],"url":"https:\/\/news.save.ch\/fr\/author\/admin\/"}]}},"_links":{"self":[{"href":"https:\/\/news.save.ch\/fr\/wp-json\/wp\/v2\/posts\/3182","targetHints":{"allow":["GET"]}}],"collection":[{"href":"https:\/\/news.save.ch\/fr\/wp-json\/wp\/v2\/posts"}],"about":[{"href":"https:\/\/news.save.ch\/fr\/wp-json\/wp\/v2\/types\/post"}],"author":[{"embeddable":true,"href":"https:\/\/news.save.ch\/fr\/wp-json\/wp\/v2\/users\/1"}],"replies":[{"embeddable":true,"href":"https:\/\/news.save.ch\/fr\/wp-json\/wp\/v2\/comments?post=3182"}],"version-history":[{"count":0,"href":"https:\/\/news.save.ch\/fr\/wp-json\/wp\/v2\/posts\/3182\/revisions"}],"wp:featuredmedia":[{"embeddable":true,"href":"https:\/\/news.save.ch\/fr\/wp-json\/wp\/v2\/media\/3861"}],"wp:attachment":[{"href":"https:\/\/news.save.ch\/fr\/wp-json\/wp\/v2\/media?parent=3182"}],"wp:term":[{"taxonomy":"category","embeddable":true,"href":"https:\/\/news.save.ch\/fr\/wp-json\/wp\/v2\/categories?post=3182"},{"taxonomy":"post_tag","embeddable":true,"href":"https:\/\/news.save.ch\/fr\/wp-json\/wp\/v2\/tags?post=3182"}],"curies":[{"name":"wp","href":"https:\/\/api.w.org\/{rel}","templated":true}]}}