{"id":321,"date":"2015-04-22T09:16:09","date_gmt":"2015-04-22T07:16:09","guid":{"rendered":"https:\/\/dev.sicherheitsforum.ch\/?p=321"},"modified":"2023-03-14T08:57:42","modified_gmt":"2023-03-14T07:57:42","slug":"geistiges-eigentum-nicht-auf-dem-praesentierteller-servieren","status":null,"type":"post","link":"https:\/\/news.save.ch\/fr\/geistiges-eigentum-nicht-auf-dem-praesentierteller-servieren\/","title":{"rendered":"Propri\u00e9t\u00e9 intellectuelle : ne pas servir sur un plateau d'argent"},"content":{"rendered":"<figure id=\"attachment_322\" aria-describedby=\"caption-attachment-322\" style=\"width: 680px\" class=\"wp-caption alignnone\"><img loading=\"lazy\" decoding=\"async\" class=\"size-medium wp-image-322\" src=\"https:\/\/sicherheitsforum.ch\/wp-content\/uploads\/2016\/12\/Geistiges-Eigentum-Nicht-auf-dem-Pr\u00e4sentierteller-servieren-it-security.jpg\" alt=\"Mieux prot\u00e9ger la propri\u00e9t\u00e9 intellectuelle\" width=\"680\" height=\"680\" \/><figcaption id=\"caption-attachment-322\" class=\"wp-caption-text\">Mieux prot\u00e9ger la propri\u00e9t\u00e9 intellectuelle<\/figcaption><\/figure>\n<p>Dans la plupart des entreprises, ce probl\u00e8me n'est toutefois pas pris tr\u00e8s au s\u00e9rieux. C'est ce que montre une \u00e9tude r\u00e9cente de Deutsche Messe Interactive command\u00e9e par <a title=\"Lien vers l&#039;entreprise\" href=\"https:\/\/www.brainloop.com\" target=\"_blank\" data-cke-saved-href=\"https:\/\/www.brainloop.com\" rel=\"noopener\">Brainloop<\/a>. Selon cette \u00e9tude, seuls 52% des personnes interrog\u00e9es estiment que l'existence de leur entreprise est menac\u00e9e par le vol de propri\u00e9t\u00e9 intellectuelle. 142 d\u00e9cideurs d'Allemagne, d'Autriche et de Suisse ont \u00e9t\u00e9 interrog\u00e9s sur la mani\u00e8re dont ils \u00e9valuent la protection des donn\u00e9es de leur entreprise. Les entreprises participantes sont des acteurs importants de l'\u00e9conomie qui, sans mesures de s\u00e9curit\u00e9 ad\u00e9quates, constituent une cible attrayante pour les attaques. Environ 56% des entreprises emploient entre 1001 et 10 000 collaborateurs. Pour 301 autres TP2T, le nombre de collaborateurs est sup\u00e9rieur \u00e0 10 000.<\/p>\n<p>Un plagiat d\u00fb \u00e0 une faille de s\u00e9curit\u00e9 ruine le travail d'innombrables ann\u00e9es et met en danger l'existence de l'entreprise. Pourtant, de nombreuses entreprises passent \u00e0 c\u00f4t\u00e9 de la question de la s\u00e9curit\u00e9. Pourtant, un fort cryptage des informations est essentiel, en particulier dans la collaboration avec les membres internes et externes du projet. Les secteurs industriels de l'\u00e9lectronique et de l'\u00e9lectrotechnique ainsi que de la construction de machines et d'installations font preuve d'une compr\u00e9hension comparativement \u00e9lev\u00e9e. Dans ces secteurs, plus de 60% ont r\u00e9pondu que la perte de la propri\u00e9t\u00e9 intellectuelle pourrait menacer l'existence de l'entreprise. Tout le contraire du secteur de l'\u00e9nergie, o\u00f9 seul un tiers environ des participants est de cet avis.<\/p>\n<p>Tous secteurs confondus, 94% des personnes interrog\u00e9es indiquent qu'elles accordent g\u00e9n\u00e9ralement une grande importance \u00e0 la protection du savoir-faire (priorit\u00e9 \u00e9lev\u00e9e 33%, importance tr\u00e8s \u00e9lev\u00e9e 61%). Il est d'autant plus surprenant de constater que les entreprises ne prot\u00e8gent pourtant pas suffisamment leurs informations. Selon l'enqu\u00eate, seules 63% des personnes interrog\u00e9es disposent d'un transfert de donn\u00e9es crypt\u00e9 \u00e0 l'int\u00e9rieur et \u00e0 l'ext\u00e9rieur de l'entreprise.<\/p>\n<p>De plus, tous les processus d'entreprise ne sont pas per\u00e7us comme \u00e9tant aussi sensibles les uns que les autres. Ainsi, les d\u00e9cideurs interrog\u00e9s consid\u00e8rent par exemple que le mat\u00e9riel relatif aux brevets et aux partenariats de d\u00e9veloppement doit \u00eatre prot\u00e9g\u00e9, avec respectivement 66% et 57%. Cependant, seuls 38% des personnes interrog\u00e9es estiment que la communication avec les fournisseurs contient \u00e9galement des donn\u00e9es sensibles. Or, c'est pr\u00e9cis\u00e9ment dans ce domaine que de nombreuses informations pr\u00e9cieuses quittent l'entreprise.<\/p>\n<p>En analysant les r\u00e9sultats, certains liens internes et causes de probl\u00e8mes de s\u00e9curit\u00e9 apparaissent plus clairement. Ainsi, environ 61% des personnes interrog\u00e9es r\u00e9pondent que les d\u00e9partements informatiques sont responsables de la protection des informations confidentielles. En revanche, seuls 4% des d\u00e9cideurs interrog\u00e9s consid\u00e8rent que leurs propres collaborateurs sont responsables. Pourtant, 56% des entreprises indiquent que les donn\u00e9es sensibles sont stock\u00e9es de mani\u00e8re centralis\u00e9e sur le serveur de l'entreprise. Mais en r\u00e8gle g\u00e9n\u00e9rale, chaque employ\u00e9 y a acc\u00e8s.<\/p>\n<p>\"L'enqu\u00eate montre clairement le probl\u00e8me de base dans de nombreuses entreprises : Les employ\u00e9s et les d\u00e9cideurs ne sont pas suffisamment impliqu\u00e9s dans les concepts de s\u00e9curit\u00e9\", explique Thomas Deutschmann, CEO de Brainloop. \"Seuls 60% des personnes interrog\u00e9es ont pu indiquer si leur entreprise avait d\u00e9j\u00e0 subi des dommages dans le pass\u00e9. De m\u00eame, 62% des d\u00e9cideurs n'ont aucune id\u00e9e si l'utilisation de logiciels sp\u00e9cialis\u00e9s pour la protection des informations confidentielles est pr\u00e9vue dans leur entreprise\".<\/p>","protected":false},"excerpt":{"rendered":"<p>In den meisten Unternehmen wird dieses Problem allerdings nicht sonderlich ernst genommen. Das zeigt eine aktuelle Studie der Deutschen Messe Interactive im Auftrag von Brainloop. Demnach sind nur 52% der Befragten der Meinung, dass ihre Unternehmensexistenz durch den Diebstahl von geistigem Eigentum gef\u00e4hrdet ist. Befragt wurden 142 Entscheider aus Deutschland, \u00d6sterreich und der Schweiz, wie [&hellip;]<\/p>\n","protected":false},"author":1,"featured_media":322,"comment_status":"open","ping_status":"open","sticky":false,"template":"","format":"standard","meta":{"_acf_changed":false,"pgc_sgb_lightbox_settings":"","footnotes":""},"categories":[3313],"tags":[62,63],"class_list":["post-321","post","type-post","status-publish","format-standard","has-post-thumbnail","hentry","category-digitalisierung","tag-ict-sicherheit","tag-it-security"],"acf":[],"hkrextid":null,"publication":null,"issue":null,"workflow":null,"startPage":null,"spitzmarke":null,"_posts_by_tag_page_fields":{"widget_title":"","widget_tags":""},"_at_widget":"1","_yoast_wpseo_primary_category":"2","_yoast_wpseo_focuskw_text_input":"Geistiges Eigentum","_yoast_wpseo_opengraph-image":"https:\/\/sicherheitsforum.ch\/wp-content\/uploads\/2016\/12\/Geistiges-Eigentum-Nicht-auf-dem-Pr\u00e4sentierteller-servieren-it-security.jpg","_yoast_wpseo_opengraph-description":"Finanzkennzahlen, Konstruktionsdaten und Vertr\u00e4ge \u2013 noch immer werden sensible Daten schutzlos per E-Mail \u00fcbermittelt. Dabei geh\u00f6rt das Ausspionieren von solchen Nachrichten f\u00fcr Hacker mittlerweile zu den leichtesten \u00dcbungen.","_yoast_wpseo_opengraph-title":"Geistiges Eigentum: Nicht auf dem Pr\u00e4sentierteller servieren","enclosure":null,"_yoast_wpseo_twitter-title":null,"_yoast_wpseo_twitter-description":null,"_yoast_wpseo_twitter-image":null,"_wp_old_slug":null,"_yoast_wpseo_title":null,"_yoast_wpseo_canonical":null,"yoast_head":"<!-- This site is optimized with the Yoast SEO plugin v27.5 - https:\/\/yoast.com\/product\/yoast-seo-wordpress\/ -->\n<title>Geistiges Eigentum: Nicht auf dem Pr\u00e4sentierteller servieren - Save<\/title>\n<meta name=\"description\" content=\"Noch immer werden sensible Daten schutzlos per E-Mail \u00fcbermittelt. Das Ausspionieren von solchen Nachrichten geh\u00f6rt f\u00fcr Hacker zu den leichtesten \u00dcbungen.\" \/>\n<meta name=\"robots\" content=\"index, follow, max-snippet:-1, max-image-preview:large, max-video-preview:-1\" \/>\n<link rel=\"canonical\" href=\"https:\/\/news.save.ch\/fr\/geistiges-eigentum-nicht-auf-dem-praesentierteller-servieren\/\" \/>\n<meta property=\"og:locale\" content=\"fr_FR\" \/>\n<meta property=\"og:type\" content=\"article\" \/>\n<meta property=\"og:title\" content=\"Geistiges Eigentum: Nicht auf dem Pr\u00e4sentierteller servieren\" \/>\n<meta property=\"og:description\" content=\"Finanzkennzahlen, Konstruktionsdaten und Vertr\u00e4ge \u2013 noch immer werden sensible Daten schutzlos per E-Mail \u00fcbermittelt. Dabei geh\u00f6rt das Ausspionieren von solchen Nachrichten f\u00fcr Hacker mittlerweile zu den leichtesten \u00dcbungen.\" \/>\n<meta property=\"og:url\" content=\"https:\/\/news.save.ch\/fr\/geistiges-eigentum-nicht-auf-dem-praesentierteller-servieren\/\" \/>\n<meta property=\"og:site_name\" content=\"Save\" \/>\n<meta property=\"article:published_time\" content=\"2015-04-22T07:16:09+00:00\" \/>\n<meta property=\"article:modified_time\" content=\"2023-03-14T07:57:42+00:00\" \/>\n<meta property=\"og:image\" content=\"https:\/\/sicherheitsforum.ch\/wp-content\/uploads\/2016\/12\/Geistiges-Eigentum-Nicht-auf-dem-Pr\u00e4sentierteller-servieren-it-security.jpg\" \/>\n<meta name=\"author\" content=\"admin\" \/>\n<meta name=\"twitter:card\" content=\"summary_large_image\" \/>\n<meta name=\"twitter:label1\" content=\"\u00c9crit par\" \/>\n\t<meta name=\"twitter:data1\" content=\"admin\" \/>\n\t<meta name=\"twitter:label2\" content=\"Dur\u00e9e de lecture estim\u00e9e\" \/>\n\t<meta name=\"twitter:data2\" content=\"2 minutes\" \/>\n<script type=\"application\/ld+json\" class=\"yoast-schema-graph\">{\"@context\":\"https:\\\/\\\/schema.org\",\"@graph\":[{\"@type\":\"Article\",\"@id\":\"https:\\\/\\\/news.save.ch\\\/geistiges-eigentum-nicht-auf-dem-praesentierteller-servieren\\\/#article\",\"isPartOf\":{\"@id\":\"https:\\\/\\\/news.save.ch\\\/geistiges-eigentum-nicht-auf-dem-praesentierteller-servieren\\\/\"},\"author\":{\"name\":\"admin\",\"@id\":\"https:\\\/\\\/news.save.ch\\\/de\\\/#\\\/schema\\\/person\\\/d49e199490bad7c70d64b9ab51142f2b\"},\"headline\":\"Geistiges Eigentum: Nicht auf dem Pr\u00e4sentierteller servieren\",\"datePublished\":\"2015-04-22T07:16:09+00:00\",\"dateModified\":\"2023-03-14T07:57:42+00:00\",\"mainEntityOfPage\":{\"@id\":\"https:\\\/\\\/news.save.ch\\\/geistiges-eigentum-nicht-auf-dem-praesentierteller-servieren\\\/\"},\"wordCount\":446,\"commentCount\":0,\"publisher\":{\"@id\":\"https:\\\/\\\/news.save.ch\\\/de\\\/#organization\"},\"image\":{\"@id\":\"https:\\\/\\\/news.save.ch\\\/geistiges-eigentum-nicht-auf-dem-praesentierteller-servieren\\\/#primaryimage\"},\"thumbnailUrl\":\"https:\\\/\\\/news.save.ch\\\/wp-content\\\/uploads\\\/2016\\\/12\\\/Geistiges-Eigentum-Nicht-auf-dem-Praesentierteller-servieren-it-security-scaled.jpg\",\"keywords\":[\"ICT-Sicherheit\",\"IT-SECURITY\"],\"articleSection\":[\"DIGITALISIERUNG\"],\"inLanguage\":\"fr-FR\"},{\"@type\":\"WebPage\",\"@id\":\"https:\\\/\\\/news.save.ch\\\/geistiges-eigentum-nicht-auf-dem-praesentierteller-servieren\\\/\",\"url\":\"https:\\\/\\\/news.save.ch\\\/geistiges-eigentum-nicht-auf-dem-praesentierteller-servieren\\\/\",\"name\":\"Geistiges Eigentum: Nicht auf dem Pr\u00e4sentierteller servieren - Save\",\"isPartOf\":{\"@id\":\"https:\\\/\\\/news.save.ch\\\/de\\\/#website\"},\"primaryImageOfPage\":{\"@id\":\"https:\\\/\\\/news.save.ch\\\/geistiges-eigentum-nicht-auf-dem-praesentierteller-servieren\\\/#primaryimage\"},\"image\":{\"@id\":\"https:\\\/\\\/news.save.ch\\\/geistiges-eigentum-nicht-auf-dem-praesentierteller-servieren\\\/#primaryimage\"},\"thumbnailUrl\":\"https:\\\/\\\/news.save.ch\\\/wp-content\\\/uploads\\\/2016\\\/12\\\/Geistiges-Eigentum-Nicht-auf-dem-Praesentierteller-servieren-it-security-scaled.jpg\",\"datePublished\":\"2015-04-22T07:16:09+00:00\",\"dateModified\":\"2023-03-14T07:57:42+00:00\",\"description\":\"Noch immer werden sensible Daten schutzlos per E-Mail \u00fcbermittelt. Das Ausspionieren von solchen Nachrichten geh\u00f6rt f\u00fcr Hacker zu den leichtesten \u00dcbungen.\",\"breadcrumb\":{\"@id\":\"https:\\\/\\\/news.save.ch\\\/geistiges-eigentum-nicht-auf-dem-praesentierteller-servieren\\\/#breadcrumb\"},\"inLanguage\":\"fr-FR\",\"potentialAction\":[{\"@type\":\"ReadAction\",\"target\":[\"https:\\\/\\\/news.save.ch\\\/geistiges-eigentum-nicht-auf-dem-praesentierteller-servieren\\\/\"]}]},{\"@type\":\"ImageObject\",\"inLanguage\":\"fr-FR\",\"@id\":\"https:\\\/\\\/news.save.ch\\\/geistiges-eigentum-nicht-auf-dem-praesentierteller-servieren\\\/#primaryimage\",\"url\":\"https:\\\/\\\/news.save.ch\\\/wp-content\\\/uploads\\\/2016\\\/12\\\/Geistiges-Eigentum-Nicht-auf-dem-Praesentierteller-servieren-it-security-scaled.jpg\",\"contentUrl\":\"https:\\\/\\\/news.save.ch\\\/wp-content\\\/uploads\\\/2016\\\/12\\\/Geistiges-Eigentum-Nicht-auf-dem-Praesentierteller-servieren-it-security-scaled.jpg\",\"width\":1400,\"height\":1400,\"caption\":\"Geistiges Eigentum besser sch\u00fctzen\"},{\"@type\":\"BreadcrumbList\",\"@id\":\"https:\\\/\\\/news.save.ch\\\/geistiges-eigentum-nicht-auf-dem-praesentierteller-servieren\\\/#breadcrumb\",\"itemListElement\":[{\"@type\":\"ListItem\",\"position\":1,\"name\":\"Home\",\"item\":\"https:\\\/\\\/news.save.ch\\\/de\\\/\"},{\"@type\":\"ListItem\",\"position\":2,\"name\":\"Geistiges Eigentum: Nicht auf dem Pr\u00e4sentierteller servieren\"}]},{\"@type\":\"WebSite\",\"@id\":\"https:\\\/\\\/news.save.ch\\\/de\\\/#website\",\"url\":\"https:\\\/\\\/news.save.ch\\\/de\\\/\",\"name\":\"Save\",\"description\":\"Schweizer Fachzeitschrift f\u00fcr Sicherheit\",\"publisher\":{\"@id\":\"https:\\\/\\\/news.save.ch\\\/de\\\/#organization\"},\"potentialAction\":[{\"@type\":\"SearchAction\",\"target\":{\"@type\":\"EntryPoint\",\"urlTemplate\":\"https:\\\/\\\/news.save.ch\\\/de\\\/?s={search_term_string}\"},\"query-input\":{\"@type\":\"PropertyValueSpecification\",\"valueRequired\":true,\"valueName\":\"search_term_string\"}}],\"inLanguage\":\"fr-FR\"},{\"@type\":\"Organization\",\"@id\":\"https:\\\/\\\/news.save.ch\\\/de\\\/#organization\",\"name\":\"Sicherheitsforum\",\"url\":\"https:\\\/\\\/news.save.ch\\\/de\\\/\",\"logo\":{\"@type\":\"ImageObject\",\"inLanguage\":\"fr-FR\",\"@id\":\"https:\\\/\\\/news.save.ch\\\/de\\\/#\\\/schema\\\/logo\\\/image\\\/\",\"url\":\"https:\\\/\\\/news.save.ch\\\/wp-content\\\/uploads\\\/2022\\\/06\\\/Logo_SF_2012.png\",\"contentUrl\":\"https:\\\/\\\/news.save.ch\\\/wp-content\\\/uploads\\\/2022\\\/06\\\/Logo_SF_2012.png\",\"width\":1100,\"height\":91,\"caption\":\"Sicherheitsforum\"},\"image\":{\"@id\":\"https:\\\/\\\/news.save.ch\\\/de\\\/#\\\/schema\\\/logo\\\/image\\\/\"}},{\"@type\":\"Person\",\"@id\":\"https:\\\/\\\/news.save.ch\\\/de\\\/#\\\/schema\\\/person\\\/d49e199490bad7c70d64b9ab51142f2b\",\"name\":\"admin\",\"image\":{\"@type\":\"ImageObject\",\"inLanguage\":\"fr-FR\",\"@id\":\"https:\\\/\\\/secure.gravatar.com\\\/avatar\\\/ae2f4d718e6c49043e314ce431e7e645d646302a24a5ef5a8bc8e3f5a032e319?s=96&d=mm&r=g\",\"url\":\"https:\\\/\\\/secure.gravatar.com\\\/avatar\\\/ae2f4d718e6c49043e314ce431e7e645d646302a24a5ef5a8bc8e3f5a032e319?s=96&d=mm&r=g\",\"contentUrl\":\"https:\\\/\\\/secure.gravatar.com\\\/avatar\\\/ae2f4d718e6c49043e314ce431e7e645d646302a24a5ef5a8bc8e3f5a032e319?s=96&d=mm&r=g\",\"caption\":\"admin\"},\"sameAs\":[\"https:\\\/\\\/develop.organisator.galledia.ch\"],\"url\":\"https:\\\/\\\/news.save.ch\\\/fr\\\/author\\\/admin\\\/\"}]}<\/script>\n<!-- \/ Yoast SEO plugin. -->","yoast_head_json":{"title":"Propri\u00e9t\u00e9 intellectuelle : ne pas servir sur un plateau - Save","description":"Aujourd'hui encore, des donn\u00e9es sensibles sont transmises par e-mail sans aucune protection. L'espionnage de tels messages fait partie des exercices les plus faciles pour les pirates informatiques.","robots":{"index":"index","follow":"follow","max-snippet":"max-snippet:-1","max-image-preview":"max-image-preview:large","max-video-preview":"max-video-preview:-1"},"canonical":"https:\/\/news.save.ch\/fr\/geistiges-eigentum-nicht-auf-dem-praesentierteller-servieren\/","og_locale":"fr_FR","og_type":"article","og_title":"Geistiges Eigentum: Nicht auf dem Pr\u00e4sentierteller servieren","og_description":"Finanzkennzahlen, Konstruktionsdaten und Vertr\u00e4ge \u2013 noch immer werden sensible Daten schutzlos per E-Mail \u00fcbermittelt. Dabei geh\u00f6rt das Ausspionieren von solchen Nachrichten f\u00fcr Hacker mittlerweile zu den leichtesten \u00dcbungen.","og_url":"https:\/\/news.save.ch\/fr\/geistiges-eigentum-nicht-auf-dem-praesentierteller-servieren\/","og_site_name":"Save","article_published_time":"2015-04-22T07:16:09+00:00","article_modified_time":"2023-03-14T07:57:42+00:00","og_image":[{"url":"https:\/\/sicherheitsforum.ch\/wp-content\/uploads\/2016\/12\/Geistiges-Eigentum-Nicht-auf-dem-Pr\u00e4sentierteller-servieren-it-security.jpg","type":"","width":"","height":""}],"author":"admin","twitter_card":"summary_large_image","twitter_misc":{"\u00c9crit par":"admin","Dur\u00e9e de lecture estim\u00e9e":"2 minutes"},"schema":{"@context":"https:\/\/schema.org","@graph":[{"@type":"Article","@id":"https:\/\/news.save.ch\/geistiges-eigentum-nicht-auf-dem-praesentierteller-servieren\/#article","isPartOf":{"@id":"https:\/\/news.save.ch\/geistiges-eigentum-nicht-auf-dem-praesentierteller-servieren\/"},"author":{"name":"admin","@id":"https:\/\/news.save.ch\/de\/#\/schema\/person\/d49e199490bad7c70d64b9ab51142f2b"},"headline":"Geistiges Eigentum: Nicht auf dem Pr\u00e4sentierteller servieren","datePublished":"2015-04-22T07:16:09+00:00","dateModified":"2023-03-14T07:57:42+00:00","mainEntityOfPage":{"@id":"https:\/\/news.save.ch\/geistiges-eigentum-nicht-auf-dem-praesentierteller-servieren\/"},"wordCount":446,"commentCount":0,"publisher":{"@id":"https:\/\/news.save.ch\/de\/#organization"},"image":{"@id":"https:\/\/news.save.ch\/geistiges-eigentum-nicht-auf-dem-praesentierteller-servieren\/#primaryimage"},"thumbnailUrl":"https:\/\/news.save.ch\/wp-content\/uploads\/2016\/12\/Geistiges-Eigentum-Nicht-auf-dem-Praesentierteller-servieren-it-security-scaled.jpg","keywords":["ICT-Sicherheit","IT-SECURITY"],"articleSection":["DIGITALISIERUNG"],"inLanguage":"fr-FR"},{"@type":"WebPage","@id":"https:\/\/news.save.ch\/geistiges-eigentum-nicht-auf-dem-praesentierteller-servieren\/","url":"https:\/\/news.save.ch\/geistiges-eigentum-nicht-auf-dem-praesentierteller-servieren\/","name":"Propri\u00e9t\u00e9 intellectuelle : ne pas servir sur un plateau - Save","isPartOf":{"@id":"https:\/\/news.save.ch\/de\/#website"},"primaryImageOfPage":{"@id":"https:\/\/news.save.ch\/geistiges-eigentum-nicht-auf-dem-praesentierteller-servieren\/#primaryimage"},"image":{"@id":"https:\/\/news.save.ch\/geistiges-eigentum-nicht-auf-dem-praesentierteller-servieren\/#primaryimage"},"thumbnailUrl":"https:\/\/news.save.ch\/wp-content\/uploads\/2016\/12\/Geistiges-Eigentum-Nicht-auf-dem-Praesentierteller-servieren-it-security-scaled.jpg","datePublished":"2015-04-22T07:16:09+00:00","dateModified":"2023-03-14T07:57:42+00:00","description":"Aujourd'hui encore, des donn\u00e9es sensibles sont transmises par e-mail sans aucune protection. L'espionnage de tels messages fait partie des exercices les plus faciles pour les pirates informatiques.","breadcrumb":{"@id":"https:\/\/news.save.ch\/geistiges-eigentum-nicht-auf-dem-praesentierteller-servieren\/#breadcrumb"},"inLanguage":"fr-FR","potentialAction":[{"@type":"ReadAction","target":["https:\/\/news.save.ch\/geistiges-eigentum-nicht-auf-dem-praesentierteller-servieren\/"]}]},{"@type":"ImageObject","inLanguage":"fr-FR","@id":"https:\/\/news.save.ch\/geistiges-eigentum-nicht-auf-dem-praesentierteller-servieren\/#primaryimage","url":"https:\/\/news.save.ch\/wp-content\/uploads\/2016\/12\/Geistiges-Eigentum-Nicht-auf-dem-Praesentierteller-servieren-it-security-scaled.jpg","contentUrl":"https:\/\/news.save.ch\/wp-content\/uploads\/2016\/12\/Geistiges-Eigentum-Nicht-auf-dem-Praesentierteller-servieren-it-security-scaled.jpg","width":1400,"height":1400,"caption":"Geistiges Eigentum besser sch\u00fctzen"},{"@type":"BreadcrumbList","@id":"https:\/\/news.save.ch\/geistiges-eigentum-nicht-auf-dem-praesentierteller-servieren\/#breadcrumb","itemListElement":[{"@type":"ListItem","position":1,"name":"Home","item":"https:\/\/news.save.ch\/de\/"},{"@type":"ListItem","position":2,"name":"Geistiges Eigentum: Nicht auf dem Pr\u00e4sentierteller servieren"}]},{"@type":"WebSite","@id":"https:\/\/news.save.ch\/de\/#website","url":"https:\/\/news.save.ch\/de\/","name":"Save","description":"Revue suisse sp\u00e9cialis\u00e9e dans la s\u00e9curit\u00e9","publisher":{"@id":"https:\/\/news.save.ch\/de\/#organization"},"potentialAction":[{"@type":"SearchAction","target":{"@type":"EntryPoint","urlTemplate":"https:\/\/news.save.ch\/de\/?s={search_term_string}"},"query-input":{"@type":"PropertyValueSpecification","valueRequired":true,"valueName":"search_term_string"}}],"inLanguage":"fr-FR"},{"@type":"Organization","@id":"https:\/\/news.save.ch\/de\/#organization","name":"Forum sur la s\u00e9curit\u00e9","url":"https:\/\/news.save.ch\/de\/","logo":{"@type":"ImageObject","inLanguage":"fr-FR","@id":"https:\/\/news.save.ch\/de\/#\/schema\/logo\/image\/","url":"https:\/\/news.save.ch\/wp-content\/uploads\/2022\/06\/Logo_SF_2012.png","contentUrl":"https:\/\/news.save.ch\/wp-content\/uploads\/2022\/06\/Logo_SF_2012.png","width":1100,"height":91,"caption":"Sicherheitsforum"},"image":{"@id":"https:\/\/news.save.ch\/de\/#\/schema\/logo\/image\/"}},{"@type":"Person","@id":"https:\/\/news.save.ch\/de\/#\/schema\/person\/d49e199490bad7c70d64b9ab51142f2b","name":"admin","image":{"@type":"ImageObject","inLanguage":"fr-FR","@id":"https:\/\/secure.gravatar.com\/avatar\/ae2f4d718e6c49043e314ce431e7e645d646302a24a5ef5a8bc8e3f5a032e319?s=96&d=mm&r=g","url":"https:\/\/secure.gravatar.com\/avatar\/ae2f4d718e6c49043e314ce431e7e645d646302a24a5ef5a8bc8e3f5a032e319?s=96&d=mm&r=g","contentUrl":"https:\/\/secure.gravatar.com\/avatar\/ae2f4d718e6c49043e314ce431e7e645d646302a24a5ef5a8bc8e3f5a032e319?s=96&d=mm&r=g","caption":"admin"},"sameAs":["https:\/\/develop.organisator.galledia.ch"],"url":"https:\/\/news.save.ch\/fr\/author\/admin\/"}]}},"_links":{"self":[{"href":"https:\/\/news.save.ch\/fr\/wp-json\/wp\/v2\/posts\/321","targetHints":{"allow":["GET"]}}],"collection":[{"href":"https:\/\/news.save.ch\/fr\/wp-json\/wp\/v2\/posts"}],"about":[{"href":"https:\/\/news.save.ch\/fr\/wp-json\/wp\/v2\/types\/post"}],"author":[{"embeddable":true,"href":"https:\/\/news.save.ch\/fr\/wp-json\/wp\/v2\/users\/1"}],"replies":[{"embeddable":true,"href":"https:\/\/news.save.ch\/fr\/wp-json\/wp\/v2\/comments?post=321"}],"version-history":[{"count":1,"href":"https:\/\/news.save.ch\/fr\/wp-json\/wp\/v2\/posts\/321\/revisions"}],"predecessor-version":[{"id":17806,"href":"https:\/\/news.save.ch\/fr\/wp-json\/wp\/v2\/posts\/321\/revisions\/17806"}],"wp:featuredmedia":[{"embeddable":true,"href":"https:\/\/news.save.ch\/fr\/wp-json\/wp\/v2\/media\/322"}],"wp:attachment":[{"href":"https:\/\/news.save.ch\/fr\/wp-json\/wp\/v2\/media?parent=321"}],"wp:term":[{"taxonomy":"category","embeddable":true,"href":"https:\/\/news.save.ch\/fr\/wp-json\/wp\/v2\/categories?post=321"},{"taxonomy":"post_tag","embeddable":true,"href":"https:\/\/news.save.ch\/fr\/wp-json\/wp\/v2\/tags?post=321"}],"curies":[{"name":"wp","href":"https:\/\/api.w.org\/{rel}","templated":true}]}}