{"id":3219,"date":"2015-06-09T11:42:03","date_gmt":"2015-06-09T09:42:03","guid":{"rendered":"https:\/\/dev.sicherheitsforum.ch\/?p=3219"},"modified":"2015-06-09T11:42:03","modified_gmt":"2015-06-09T09:42:03","slug":"weniger-strafurteile-bei-jugendlichen","status":null,"type":"post","link":"https:\/\/news.save.ch\/fr\/weniger-strafurteile-bei-jugendlichen\/","title":{"rendered":"Moins de condamnations p\u00e9nales chez les jeunes"},"content":{"rendered":"<p><img loading=\"lazy\" decoding=\"async\" class=\"alignnone wp-image-3221 size-medium\" src=\"https:\/\/news.save.ch\/wp-content\/uploads\/2016\/12\/Weniger-Strafurteile-bei-Jugendlichen_sicherheitsforum.jpg\" width=\"680\" height=\"453\" \/><\/p>\n<p>Alors que les jugements de mineurs pour infraction au code p\u00e9nal ont diminu\u00e9 de 6% et ceux pour consommation de stup\u00e9fiants de 1%, le trafic de stup\u00e9fiants a enregistr\u00e9 une hausse de 21%, selon l'Office f\u00e9d\u00e9ral de la statistique (OFS).<\/p>\n<p>Au total, un peu plus de 6'600 jugements de mineurs ont \u00e9t\u00e9 prononc\u00e9s sur la base d'une infraction au code p\u00e9nal. Cela repr\u00e9sente un recul de 6% par rapport \u00e0 2013. Ce recul se manifeste aussi bien pour les infractions contre le patrimoine, qui sont quantitativement importantes (-7%), que pour les infractions violentes, plus rares (-16%).<\/p>\n<p><strong>Jugements des adultes : stagnation \u00e0 un niveau \u00e9lev\u00e9<\/strong><\/p>\n<p>En ce qui concerne les condamnations d'adultes, le nombre de condamnations stagne \u00e0 un maximum d'un peu plus de 110'100 condamnations selon les nouveaux r\u00e9sultats de l'OFS. A cet \u00e9gard, le recul des condamnations d'adultes sur la base du code p\u00e9nal (-7%) est compens\u00e9 par une augmentation des infractions au code de la route (+6%) et du trafic de stup\u00e9fiants (+2%).<\/p>\n<p>En ce qui concerne les adultes, l'ann\u00e9e 2014 a \u00e9t\u00e9 marqu\u00e9e par un recul des jugements p\u00e9naux fond\u00e9s sur le code p\u00e9nal (-7%). Au total, pr\u00e8s de 36 600 jugements d'adultes ont \u00e9t\u00e9 prononc\u00e9s. Cette \u00e9volution est tr\u00e8s fortement influenc\u00e9e par les condamnations pour des infractions contre le patrimoine - le plus souvent des vols. Ceux-ci repr\u00e9sentent une bonne moiti\u00e9 de tous les jugements prononc\u00e9s sur la base du code p\u00e9nal. Pour le vol, la baisse est de 14% pour l'ann\u00e9e 2014, apr\u00e8s une hausse totale de 73% au cours des cinq ann\u00e9es pr\u00e9c\u00e9dentes. Tant la hausse que la baisse de l'ann\u00e9e derni\u00e8re peuvent \u00eatre attribu\u00e9es dans une large mesure aux condamnations de personnes qui ne r\u00e9sident pas durablement en Suisse (hausse de +173% entre 2008 et 2013, baisse de -15% entre 2013 et 2014).<\/p>\n<p><em>Les statistiques d\u00e9taill\u00e9es sont\u00a0<a title=\"Statistiques d\u00e9taill\u00e9es\" href=\"https:\/\/www.bfs.admin.ch\/bfs\/portal\/de\/index\/themen\/19\/01\/new\/nip_detail.html?gnpID=2015-241\" target=\"_blank\" data-cke-saved-href=\"https:\/\/www.bfs.admin.ch\/bfs\/portal\/de\/index\/themen\/19\/01\/new\/nip_detail.html?gnpID=2015-241\" rel=\"noopener\">ici<\/a> consultable.<\/em><\/p>","protected":false},"excerpt":{"rendered":"<p>W\u00e4hrend die Jugendurteile aufgrund von Straftaten gegen das Strafgesetzbuch um 6% und wegen Bet\u00e4ubungsmittelkonsums um 1% zur\u00fcckgingen, verzeichnet der Handel mit Bet\u00e4ubungsmitteln einen Anstieg von 21%, wie das Bundesamts f\u00fcr Statistik (BFS) schreibt. Insgesamt wurden gut 6\u2018600 Jugendurteile aufgrund einer Straftat des Strafgesetzbuches ausgesprochen. Dies bedeutet einen R\u00fcckgang von 6% im Vergleich zu 2013. Der [&hellip;]<\/p>\n","protected":false},"author":1,"featured_media":3221,"comment_status":"open","ping_status":"open","sticky":false,"template":"","format":"standard","meta":{"_acf_changed":false,"pgc_sgb_lightbox_settings":"","footnotes":""},"categories":[1],"tags":[120],"class_list":["post-3219","post","type-post","status-publish","format-standard","has-post-thumbnail","hentry","category-allgemein","tag-bundesamt"],"acf":[],"hkrextid":null,"publication":null,"issue":null,"workflow":null,"startPage":null,"spitzmarke":null,"_posts_by_tag_page_fields":{"widget_title":"","widget_tags":""},"_at_widget":"1","_yoast_wpseo_primary_category":"","_yoast_wpseo_focuskw_text_input":"Strafurteile","_yoast_wpseo_opengraph-image":"https:\/\/news.save.ch\/wp-content\/uploads\/2016\/12\/Weniger-Strafurteile-bei-Jugendlichen_sicherheitsforum.jpg","_yoast_wpseo_opengraph-description":"F\u00fcr das Jahr 2014 ist ein r\u00fcckl\u00e4ufiger Trend bei den Jugendurteilen festzustellen (gut 12\u2018800 Jugendurteile; -4% im Vergleich zu 2013). Dies schreibt das gem\u00e4ss Bundesamt f\u00fcr Statistik.","_yoast_wpseo_opengraph-title":"Weniger Strafurteile bei Jugendlichen","enclosure":null,"_yoast_wpseo_twitter-title":null,"_yoast_wpseo_twitter-description":null,"_yoast_wpseo_twitter-image":null,"_wp_old_slug":null,"_yoast_wpseo_title":null,"_yoast_wpseo_canonical":null,"yoast_head":"<!-- This site is optimized with the Yoast SEO plugin v27.5 - https:\/\/yoast.com\/product\/yoast-seo-wordpress\/ -->\n<title>Weniger Strafurteile bei Jugendlichen - Save<\/title>\n<meta name=\"description\" content=\"Strafurteile: F\u00fcr das Jahr 2014 ist ein r\u00fcckl\u00e4ufiger Trend bei den Jugendurteilen festzustellen (gut 12\u2018800 Jugendurteile; -4% im Vergleich zu 2013).\" \/>\n<meta name=\"robots\" content=\"index, follow, max-snippet:-1, max-image-preview:large, max-video-preview:-1\" \/>\n<link rel=\"canonical\" href=\"https:\/\/news.save.ch\/fr\/weniger-strafurteile-bei-jugendlichen\/\" \/>\n<meta property=\"og:locale\" content=\"fr_FR\" \/>\n<meta property=\"og:type\" content=\"article\" \/>\n<meta property=\"og:title\" content=\"Weniger Strafurteile bei Jugendlichen\" \/>\n<meta property=\"og:description\" content=\"F\u00fcr das Jahr 2014 ist ein r\u00fcckl\u00e4ufiger Trend bei den Jugendurteilen festzustellen (gut 12\u2018800 Jugendurteile; -4% im Vergleich zu 2013). Dies schreibt das gem\u00e4ss Bundesamt f\u00fcr Statistik.\" \/>\n<meta property=\"og:url\" content=\"https:\/\/news.save.ch\/fr\/weniger-strafurteile-bei-jugendlichen\/\" \/>\n<meta property=\"og:site_name\" content=\"Save\" \/>\n<meta property=\"article:published_time\" content=\"2015-06-09T09:42:03+00:00\" \/>\n<meta property=\"og:image\" content=\"https:\/\/news.save.ch\/wp-content\/uploads\/2016\/12\/Weniger-Strafurteile-bei-Jugendlichen_sicherheitsforum.jpg\" \/>\n<meta name=\"author\" content=\"admin\" \/>\n<meta name=\"twitter:card\" content=\"summary_large_image\" \/>\n<meta name=\"twitter:label1\" content=\"\u00c9crit par\" \/>\n\t<meta name=\"twitter:data1\" content=\"admin\" \/>\n\t<meta name=\"twitter:label2\" content=\"Dur\u00e9e de lecture estim\u00e9e\" \/>\n\t<meta name=\"twitter:data2\" content=\"1 minute\" \/>\n<script type=\"application\/ld+json\" class=\"yoast-schema-graph\">{\"@context\":\"https:\\\/\\\/schema.org\",\"@graph\":[{\"@type\":\"Article\",\"@id\":\"https:\\\/\\\/news.save.ch\\\/weniger-strafurteile-bei-jugendlichen\\\/#article\",\"isPartOf\":{\"@id\":\"https:\\\/\\\/news.save.ch\\\/weniger-strafurteile-bei-jugendlichen\\\/\"},\"author\":{\"name\":\"admin\",\"@id\":\"https:\\\/\\\/news.save.ch\\\/de\\\/#\\\/schema\\\/person\\\/d49e199490bad7c70d64b9ab51142f2b\"},\"headline\":\"Weniger Strafurteile bei Jugendlichen\",\"datePublished\":\"2015-06-09T09:42:03+00:00\",\"mainEntityOfPage\":{\"@id\":\"https:\\\/\\\/news.save.ch\\\/weniger-strafurteile-bei-jugendlichen\\\/\"},\"wordCount\":263,\"commentCount\":0,\"publisher\":{\"@id\":\"https:\\\/\\\/news.save.ch\\\/de\\\/#organization\"},\"image\":{\"@id\":\"https:\\\/\\\/news.save.ch\\\/weniger-strafurteile-bei-jugendlichen\\\/#primaryimage\"},\"thumbnailUrl\":\"https:\\\/\\\/news.save.ch\\\/wp-content\\\/uploads\\\/2016\\\/12\\\/Weniger-Strafurteile-bei-Jugendlichen_sicherheitsforum-scaled.jpg\",\"keywords\":[\"Bundesamt\"],\"articleSection\":[\"ALLGEMEIN\"],\"inLanguage\":\"fr-FR\"},{\"@type\":\"WebPage\",\"@id\":\"https:\\\/\\\/news.save.ch\\\/weniger-strafurteile-bei-jugendlichen\\\/\",\"url\":\"https:\\\/\\\/news.save.ch\\\/weniger-strafurteile-bei-jugendlichen\\\/\",\"name\":\"Weniger Strafurteile bei Jugendlichen - Save\",\"isPartOf\":{\"@id\":\"https:\\\/\\\/news.save.ch\\\/de\\\/#website\"},\"primaryImageOfPage\":{\"@id\":\"https:\\\/\\\/news.save.ch\\\/weniger-strafurteile-bei-jugendlichen\\\/#primaryimage\"},\"image\":{\"@id\":\"https:\\\/\\\/news.save.ch\\\/weniger-strafurteile-bei-jugendlichen\\\/#primaryimage\"},\"thumbnailUrl\":\"https:\\\/\\\/news.save.ch\\\/wp-content\\\/uploads\\\/2016\\\/12\\\/Weniger-Strafurteile-bei-Jugendlichen_sicherheitsforum-scaled.jpg\",\"datePublished\":\"2015-06-09T09:42:03+00:00\",\"description\":\"Strafurteile: F\u00fcr das Jahr 2014 ist ein r\u00fcckl\u00e4ufiger Trend bei den Jugendurteilen festzustellen (gut 12\u2018800 Jugendurteile; -4% im Vergleich zu 2013).\",\"breadcrumb\":{\"@id\":\"https:\\\/\\\/news.save.ch\\\/weniger-strafurteile-bei-jugendlichen\\\/#breadcrumb\"},\"inLanguage\":\"fr-FR\",\"potentialAction\":[{\"@type\":\"ReadAction\",\"target\":[\"https:\\\/\\\/news.save.ch\\\/weniger-strafurteile-bei-jugendlichen\\\/\"]}]},{\"@type\":\"ImageObject\",\"inLanguage\":\"fr-FR\",\"@id\":\"https:\\\/\\\/news.save.ch\\\/weniger-strafurteile-bei-jugendlichen\\\/#primaryimage\",\"url\":\"https:\\\/\\\/news.save.ch\\\/wp-content\\\/uploads\\\/2016\\\/12\\\/Weniger-Strafurteile-bei-Jugendlichen_sicherheitsforum-scaled.jpg\",\"contentUrl\":\"https:\\\/\\\/news.save.ch\\\/wp-content\\\/uploads\\\/2016\\\/12\\\/Weniger-Strafurteile-bei-Jugendlichen_sicherheitsforum-scaled.jpg\",\"width\":1400,\"height\":934},{\"@type\":\"BreadcrumbList\",\"@id\":\"https:\\\/\\\/news.save.ch\\\/weniger-strafurteile-bei-jugendlichen\\\/#breadcrumb\",\"itemListElement\":[{\"@type\":\"ListItem\",\"position\":1,\"name\":\"Home\",\"item\":\"https:\\\/\\\/news.save.ch\\\/de\\\/\"},{\"@type\":\"ListItem\",\"position\":2,\"name\":\"Weniger Strafurteile bei Jugendlichen\"}]},{\"@type\":\"WebSite\",\"@id\":\"https:\\\/\\\/news.save.ch\\\/de\\\/#website\",\"url\":\"https:\\\/\\\/news.save.ch\\\/de\\\/\",\"name\":\"Save\",\"description\":\"Schweizer Fachzeitschrift f\u00fcr Sicherheit\",\"publisher\":{\"@id\":\"https:\\\/\\\/news.save.ch\\\/de\\\/#organization\"},\"potentialAction\":[{\"@type\":\"SearchAction\",\"target\":{\"@type\":\"EntryPoint\",\"urlTemplate\":\"https:\\\/\\\/news.save.ch\\\/de\\\/?s={search_term_string}\"},\"query-input\":{\"@type\":\"PropertyValueSpecification\",\"valueRequired\":true,\"valueName\":\"search_term_string\"}}],\"inLanguage\":\"fr-FR\"},{\"@type\":\"Organization\",\"@id\":\"https:\\\/\\\/news.save.ch\\\/de\\\/#organization\",\"name\":\"Sicherheitsforum\",\"url\":\"https:\\\/\\\/news.save.ch\\\/de\\\/\",\"logo\":{\"@type\":\"ImageObject\",\"inLanguage\":\"fr-FR\",\"@id\":\"https:\\\/\\\/news.save.ch\\\/de\\\/#\\\/schema\\\/logo\\\/image\\\/\",\"url\":\"https:\\\/\\\/news.save.ch\\\/wp-content\\\/uploads\\\/2022\\\/06\\\/Logo_SF_2012.png\",\"contentUrl\":\"https:\\\/\\\/news.save.ch\\\/wp-content\\\/uploads\\\/2022\\\/06\\\/Logo_SF_2012.png\",\"width\":1100,\"height\":91,\"caption\":\"Sicherheitsforum\"},\"image\":{\"@id\":\"https:\\\/\\\/news.save.ch\\\/de\\\/#\\\/schema\\\/logo\\\/image\\\/\"}},{\"@type\":\"Person\",\"@id\":\"https:\\\/\\\/news.save.ch\\\/de\\\/#\\\/schema\\\/person\\\/d49e199490bad7c70d64b9ab51142f2b\",\"name\":\"admin\",\"image\":{\"@type\":\"ImageObject\",\"inLanguage\":\"fr-FR\",\"@id\":\"https:\\\/\\\/secure.gravatar.com\\\/avatar\\\/ae2f4d718e6c49043e314ce431e7e645d646302a24a5ef5a8bc8e3f5a032e319?s=96&d=mm&r=g\",\"url\":\"https:\\\/\\\/secure.gravatar.com\\\/avatar\\\/ae2f4d718e6c49043e314ce431e7e645d646302a24a5ef5a8bc8e3f5a032e319?s=96&d=mm&r=g\",\"contentUrl\":\"https:\\\/\\\/secure.gravatar.com\\\/avatar\\\/ae2f4d718e6c49043e314ce431e7e645d646302a24a5ef5a8bc8e3f5a032e319?s=96&d=mm&r=g\",\"caption\":\"admin\"},\"sameAs\":[\"https:\\\/\\\/develop.organisator.galledia.ch\"],\"url\":\"https:\\\/\\\/news.save.ch\\\/fr\\\/author\\\/admin\\\/\"}]}<\/script>\n<!-- \/ Yoast SEO plugin. -->","yoast_head_json":{"title":"Moins de condamnations p\u00e9nales chez les jeunes - Save","description":"Les jugements p\u00e9naux : Pour l'ann\u00e9e 2014, on constate une tendance \u00e0 la baisse des jugements de mineurs (un peu plus de 12 800 jugements de mineurs ; -4% par rapport \u00e0 2013).","robots":{"index":"index","follow":"follow","max-snippet":"max-snippet:-1","max-image-preview":"max-image-preview:large","max-video-preview":"max-video-preview:-1"},"canonical":"https:\/\/news.save.ch\/fr\/weniger-strafurteile-bei-jugendlichen\/","og_locale":"fr_FR","og_type":"article","og_title":"Weniger Strafurteile bei Jugendlichen","og_description":"F\u00fcr das Jahr 2014 ist ein r\u00fcckl\u00e4ufiger Trend bei den Jugendurteilen festzustellen (gut 12\u2018800 Jugendurteile; -4% im Vergleich zu 2013). Dies schreibt das gem\u00e4ss Bundesamt f\u00fcr Statistik.","og_url":"https:\/\/news.save.ch\/fr\/weniger-strafurteile-bei-jugendlichen\/","og_site_name":"Save","article_published_time":"2015-06-09T09:42:03+00:00","og_image":[{"url":"https:\/\/news.save.ch\/wp-content\/uploads\/2016\/12\/Weniger-Strafurteile-bei-Jugendlichen_sicherheitsforum.jpg","type":"","width":"","height":""}],"author":"admin","twitter_card":"summary_large_image","twitter_misc":{"\u00c9crit par":"admin","Dur\u00e9e de lecture estim\u00e9e":"1 minute"},"schema":{"@context":"https:\/\/schema.org","@graph":[{"@type":"Article","@id":"https:\/\/news.save.ch\/weniger-strafurteile-bei-jugendlichen\/#article","isPartOf":{"@id":"https:\/\/news.save.ch\/weniger-strafurteile-bei-jugendlichen\/"},"author":{"name":"admin","@id":"https:\/\/news.save.ch\/de\/#\/schema\/person\/d49e199490bad7c70d64b9ab51142f2b"},"headline":"Weniger Strafurteile bei Jugendlichen","datePublished":"2015-06-09T09:42:03+00:00","mainEntityOfPage":{"@id":"https:\/\/news.save.ch\/weniger-strafurteile-bei-jugendlichen\/"},"wordCount":263,"commentCount":0,"publisher":{"@id":"https:\/\/news.save.ch\/de\/#organization"},"image":{"@id":"https:\/\/news.save.ch\/weniger-strafurteile-bei-jugendlichen\/#primaryimage"},"thumbnailUrl":"https:\/\/news.save.ch\/wp-content\/uploads\/2016\/12\/Weniger-Strafurteile-bei-Jugendlichen_sicherheitsforum-scaled.jpg","keywords":["Bundesamt"],"articleSection":["ALLGEMEIN"],"inLanguage":"fr-FR"},{"@type":"WebPage","@id":"https:\/\/news.save.ch\/weniger-strafurteile-bei-jugendlichen\/","url":"https:\/\/news.save.ch\/weniger-strafurteile-bei-jugendlichen\/","name":"Moins de condamnations p\u00e9nales chez les jeunes - Save","isPartOf":{"@id":"https:\/\/news.save.ch\/de\/#website"},"primaryImageOfPage":{"@id":"https:\/\/news.save.ch\/weniger-strafurteile-bei-jugendlichen\/#primaryimage"},"image":{"@id":"https:\/\/news.save.ch\/weniger-strafurteile-bei-jugendlichen\/#primaryimage"},"thumbnailUrl":"https:\/\/news.save.ch\/wp-content\/uploads\/2016\/12\/Weniger-Strafurteile-bei-Jugendlichen_sicherheitsforum-scaled.jpg","datePublished":"2015-06-09T09:42:03+00:00","description":"Les jugements p\u00e9naux : Pour l'ann\u00e9e 2014, on constate une tendance \u00e0 la baisse des jugements de mineurs (un peu plus de 12 800 jugements de mineurs ; -4% par rapport \u00e0 2013).","breadcrumb":{"@id":"https:\/\/news.save.ch\/weniger-strafurteile-bei-jugendlichen\/#breadcrumb"},"inLanguage":"fr-FR","potentialAction":[{"@type":"ReadAction","target":["https:\/\/news.save.ch\/weniger-strafurteile-bei-jugendlichen\/"]}]},{"@type":"ImageObject","inLanguage":"fr-FR","@id":"https:\/\/news.save.ch\/weniger-strafurteile-bei-jugendlichen\/#primaryimage","url":"https:\/\/news.save.ch\/wp-content\/uploads\/2016\/12\/Weniger-Strafurteile-bei-Jugendlichen_sicherheitsforum-scaled.jpg","contentUrl":"https:\/\/news.save.ch\/wp-content\/uploads\/2016\/12\/Weniger-Strafurteile-bei-Jugendlichen_sicherheitsforum-scaled.jpg","width":1400,"height":934},{"@type":"BreadcrumbList","@id":"https:\/\/news.save.ch\/weniger-strafurteile-bei-jugendlichen\/#breadcrumb","itemListElement":[{"@type":"ListItem","position":1,"name":"Home","item":"https:\/\/news.save.ch\/de\/"},{"@type":"ListItem","position":2,"name":"Weniger Strafurteile bei Jugendlichen"}]},{"@type":"WebSite","@id":"https:\/\/news.save.ch\/de\/#website","url":"https:\/\/news.save.ch\/de\/","name":"Save","description":"Revue suisse sp\u00e9cialis\u00e9e dans la s\u00e9curit\u00e9","publisher":{"@id":"https:\/\/news.save.ch\/de\/#organization"},"potentialAction":[{"@type":"SearchAction","target":{"@type":"EntryPoint","urlTemplate":"https:\/\/news.save.ch\/de\/?s={search_term_string}"},"query-input":{"@type":"PropertyValueSpecification","valueRequired":true,"valueName":"search_term_string"}}],"inLanguage":"fr-FR"},{"@type":"Organization","@id":"https:\/\/news.save.ch\/de\/#organization","name":"Forum sur la s\u00e9curit\u00e9","url":"https:\/\/news.save.ch\/de\/","logo":{"@type":"ImageObject","inLanguage":"fr-FR","@id":"https:\/\/news.save.ch\/de\/#\/schema\/logo\/image\/","url":"https:\/\/news.save.ch\/wp-content\/uploads\/2022\/06\/Logo_SF_2012.png","contentUrl":"https:\/\/news.save.ch\/wp-content\/uploads\/2022\/06\/Logo_SF_2012.png","width":1100,"height":91,"caption":"Sicherheitsforum"},"image":{"@id":"https:\/\/news.save.ch\/de\/#\/schema\/logo\/image\/"}},{"@type":"Person","@id":"https:\/\/news.save.ch\/de\/#\/schema\/person\/d49e199490bad7c70d64b9ab51142f2b","name":"admin","image":{"@type":"ImageObject","inLanguage":"fr-FR","@id":"https:\/\/secure.gravatar.com\/avatar\/ae2f4d718e6c49043e314ce431e7e645d646302a24a5ef5a8bc8e3f5a032e319?s=96&d=mm&r=g","url":"https:\/\/secure.gravatar.com\/avatar\/ae2f4d718e6c49043e314ce431e7e645d646302a24a5ef5a8bc8e3f5a032e319?s=96&d=mm&r=g","contentUrl":"https:\/\/secure.gravatar.com\/avatar\/ae2f4d718e6c49043e314ce431e7e645d646302a24a5ef5a8bc8e3f5a032e319?s=96&d=mm&r=g","caption":"admin"},"sameAs":["https:\/\/develop.organisator.galledia.ch"],"url":"https:\/\/news.save.ch\/fr\/author\/admin\/"}]}},"_links":{"self":[{"href":"https:\/\/news.save.ch\/fr\/wp-json\/wp\/v2\/posts\/3219","targetHints":{"allow":["GET"]}}],"collection":[{"href":"https:\/\/news.save.ch\/fr\/wp-json\/wp\/v2\/posts"}],"about":[{"href":"https:\/\/news.save.ch\/fr\/wp-json\/wp\/v2\/types\/post"}],"author":[{"embeddable":true,"href":"https:\/\/news.save.ch\/fr\/wp-json\/wp\/v2\/users\/1"}],"replies":[{"embeddable":true,"href":"https:\/\/news.save.ch\/fr\/wp-json\/wp\/v2\/comments?post=3219"}],"version-history":[{"count":0,"href":"https:\/\/news.save.ch\/fr\/wp-json\/wp\/v2\/posts\/3219\/revisions"}],"wp:featuredmedia":[{"embeddable":true,"href":"https:\/\/news.save.ch\/fr\/wp-json\/wp\/v2\/media\/3221"}],"wp:attachment":[{"href":"https:\/\/news.save.ch\/fr\/wp-json\/wp\/v2\/media?parent=3219"}],"wp:term":[{"taxonomy":"category","embeddable":true,"href":"https:\/\/news.save.ch\/fr\/wp-json\/wp\/v2\/categories?post=3219"},{"taxonomy":"post_tag","embeddable":true,"href":"https:\/\/news.save.ch\/fr\/wp-json\/wp\/v2\/tags?post=3219"}],"curies":[{"name":"wp","href":"https:\/\/api.w.org\/{rel}","templated":true}]}}