{"id":3286,"date":"2016-09-19T19:17:02","date_gmt":"2016-09-19T17:17:02","guid":{"rendered":"https:\/\/dev.sicherheitsforum.ch\/?p=3286"},"modified":"2023-03-14T08:59:00","modified_gmt":"2023-03-14T07:59:00","slug":"ein-hagelschutzsystem-soll-es-richten","status":null,"type":"post","link":"https:\/\/news.save.ch\/fr\/ein-hagelschutzsystem-soll-es-richten\/","title":{"rendered":"Un syst\u00e8me de protection contre la gr\u00eale pour y rem\u00e9dier"},"content":{"rendered":"<p><img loading=\"lazy\" decoding=\"async\" class=\"aligncenter size-full wp-image-3292\" src=\"https:\/\/news.save.ch\/wp-content\/uploads\/2016\/09\/Ein-Hagelschutzsystem-soll-es-richten-sf-sicherheitsforum-1.jpg\" alt=\"\" width=\"481\" height=\"335\" srcset=\"https:\/\/news.save.ch\/wp-content\/uploads\/2016\/09\/Ein-Hagelschutzsystem-soll-es-richten-sf-sicherheitsforum-1.jpg 481w, https:\/\/news.save.ch\/wp-content\/uploads\/2016\/09\/Ein-Hagelschutzsystem-soll-es-richten-sf-sicherheitsforum-1-375x261.jpg 375w\" sizes=\"auto, (max-width: 481px) 100vw, 481px\" \/><\/p>\n<p>Cliquez ici pour lire l'article :\u00a0<a href=\"https:\/\/news.save.ch\/wp-content\/uploads\/2016\/09\/Ein-Hagelschutzsystem-soll-es-richten-sf-sicherheitsforum.pdf\">Un syst\u00e8me de protection contre la gr\u00eale pour y rem\u00e9dier-sf-sicherheitsforum<\/a><\/p>","protected":false},"excerpt":{"rendered":"<p>Cliquez ici pour lire l'article : Un syst\u00e8me de protection contre la gr\u00eale pour y rem\u00e9dier-sf-sicherheitsforum<\/p>","protected":false},"author":10,"featured_media":3292,"comment_status":"open","ping_status":"open","sticky":false,"template":"","format":"standard","meta":{"_acf_changed":false,"pgc_sgb_lightbox_settings":"","footnotes":""},"categories":[3312],"tags":[286,170,108],"class_list":["post-3286","post","type-post","status-publish","format-standard","has-post-thumbnail","hentry","category-sicherheit","tag-fachinformationen","tag-naturgefahren","tag-vkf"],"acf":[],"hkrextid":null,"publication":null,"issue":null,"workflow":null,"startPage":null,"spitzmarke":null,"_posts_by_tag_page_fields":{"widget_title":"","widget_tags":""},"_at_widget":"1","_yoast_wpseo_primary_category":"5","_yoast_wpseo_focuskw_text_input":"Hagelschutzsystem","_yoast_wpseo_opengraph-image":"https:\/\/dev.sicherheitsforum.ch\/wp-content\/uploads\/2016\/09\/Ein-Hagelschutzsystem-soll-es-richten-sf-sicherheitsforum.jpg","_yoast_wpseo_opengraph-description":"Ein Blick in die Statistik der Geb\u00e4udeversicherungen zeigt, dass Hagelsch\u00e4den mit j\u00e4hrlich rund 100 Millionen Franken zu Buche schlagen. Ein Hagelschutzsystem soll Abhilfe schaffen.","_yoast_wpseo_opengraph-title":"Ein Hagelschutzsystem soll es richten","enclosure":null,"_yoast_wpseo_twitter-title":"Ein Hagelschutzsystem soll es richten","_yoast_wpseo_twitter-description":"Ein Blick in die Statistik der Geb\u00e4udeversicherungen zeigt, dass Hagelsch\u00e4den mit j\u00e4hrlich rund 100 Millionen Franken zu Buche schlagen. Ein Hagelschutzsystem soll Abhilfe schaffen.","_yoast_wpseo_twitter-image":"https:\/\/dev.sicherheitsforum.ch\/wp-content\/uploads\/2016\/09\/Ein-Hagelschutzsystem-soll-es-richten-sf-sicherheitsforum.jpg","_wp_old_slug":null,"_yoast_wpseo_title":null,"_yoast_wpseo_canonical":null,"yoast_head":"<!-- This site is optimized with the Yoast SEO plugin v27.5 - https:\/\/yoast.com\/product\/yoast-seo-wordpress\/ -->\n<title>Ein Hagelschutzsystem soll es richten - Save<\/title>\n<meta name=\"description\" content=\"Ein Blick in die Statistik der Geb\u00e4udeversicherungen zeigt, dass Hagelsch\u00e4den mit j\u00e4hrlich rund 100 Millionen Franken zu Buche schlagen. Ein Hagelschutzsystem soll Abhilfe schaffen.\" \/>\n<meta name=\"robots\" content=\"index, follow, max-snippet:-1, max-image-preview:large, max-video-preview:-1\" \/>\n<link rel=\"canonical\" href=\"https:\/\/news.save.ch\/fr\/ein-hagelschutzsystem-soll-es-richten\/\" \/>\n<meta property=\"og:locale\" content=\"fr_FR\" \/>\n<meta property=\"og:type\" content=\"article\" \/>\n<meta property=\"og:title\" content=\"Ein Hagelschutzsystem soll es richten\" \/>\n<meta property=\"og:description\" content=\"Ein Blick in die Statistik der Geb\u00e4udeversicherungen zeigt, dass Hagelsch\u00e4den mit j\u00e4hrlich rund 100 Millionen Franken zu Buche schlagen. Ein Hagelschutzsystem soll Abhilfe schaffen.\" \/>\n<meta property=\"og:url\" content=\"https:\/\/news.save.ch\/fr\/ein-hagelschutzsystem-soll-es-richten\/\" \/>\n<meta property=\"og:site_name\" content=\"Save\" \/>\n<meta property=\"article:published_time\" content=\"2016-09-19T17:17:02+00:00\" \/>\n<meta property=\"article:modified_time\" content=\"2023-03-14T07:59:00+00:00\" \/>\n<meta property=\"og:image\" content=\"https:\/\/dev.sicherheitsforum.ch\/wp-content\/uploads\/2016\/09\/Ein-Hagelschutzsystem-soll-es-richten-sf-sicherheitsforum.jpg\" \/>\n<meta name=\"author\" content=\"galledia\" \/>\n<meta name=\"twitter:card\" content=\"summary_large_image\" \/>\n<meta name=\"twitter:title\" content=\"Ein Hagelschutzsystem soll es richten\" \/>\n<meta name=\"twitter:description\" content=\"Ein Blick in die Statistik der Geb\u00e4udeversicherungen zeigt, dass Hagelsch\u00e4den mit j\u00e4hrlich rund 100 Millionen Franken zu Buche schlagen. Ein Hagelschutzsystem soll Abhilfe schaffen.\" \/>\n<meta name=\"twitter:image\" content=\"https:\/\/dev.sicherheitsforum.ch\/wp-content\/uploads\/2016\/09\/Ein-Hagelschutzsystem-soll-es-richten-sf-sicherheitsforum.jpg\" \/>\n<meta name=\"twitter:label1\" content=\"\u00c9crit par\" \/>\n\t<meta name=\"twitter:data1\" content=\"galledia\" \/>\n<script type=\"application\/ld+json\" class=\"yoast-schema-graph\">{\"@context\":\"https:\\\/\\\/schema.org\",\"@graph\":[{\"@type\":\"Article\",\"@id\":\"https:\\\/\\\/news.save.ch\\\/ein-hagelschutzsystem-soll-es-richten\\\/#article\",\"isPartOf\":{\"@id\":\"https:\\\/\\\/news.save.ch\\\/ein-hagelschutzsystem-soll-es-richten\\\/\"},\"author\":{\"name\":\"galledia\",\"@id\":\"https:\\\/\\\/news.save.ch\\\/de\\\/#\\\/schema\\\/person\\\/af1b2481d0ee02dd880e616f4534d788\"},\"headline\":\"Ein Hagelschutzsystem soll es richten\",\"datePublished\":\"2016-09-19T17:17:02+00:00\",\"dateModified\":\"2023-03-14T07:59:00+00:00\",\"mainEntityOfPage\":{\"@id\":\"https:\\\/\\\/news.save.ch\\\/ein-hagelschutzsystem-soll-es-richten\\\/\"},\"wordCount\":15,\"commentCount\":0,\"publisher\":{\"@id\":\"https:\\\/\\\/news.save.ch\\\/de\\\/#organization\"},\"image\":{\"@id\":\"https:\\\/\\\/news.save.ch\\\/ein-hagelschutzsystem-soll-es-richten\\\/#primaryimage\"},\"thumbnailUrl\":\"https:\\\/\\\/news.save.ch\\\/wp-content\\\/uploads\\\/2016\\\/09\\\/Ein-Hagelschutzsystem-soll-es-richten-sf-sicherheitsforum-1.jpg\",\"keywords\":[\"Fachinformationen\",\"Naturgefahren\",\"VKF\"],\"articleSection\":[\"SICHERHEIT\"],\"inLanguage\":\"fr-FR\"},{\"@type\":\"WebPage\",\"@id\":\"https:\\\/\\\/news.save.ch\\\/ein-hagelschutzsystem-soll-es-richten\\\/\",\"url\":\"https:\\\/\\\/news.save.ch\\\/ein-hagelschutzsystem-soll-es-richten\\\/\",\"name\":\"Ein Hagelschutzsystem soll es richten - Save\",\"isPartOf\":{\"@id\":\"https:\\\/\\\/news.save.ch\\\/de\\\/#website\"},\"primaryImageOfPage\":{\"@id\":\"https:\\\/\\\/news.save.ch\\\/ein-hagelschutzsystem-soll-es-richten\\\/#primaryimage\"},\"image\":{\"@id\":\"https:\\\/\\\/news.save.ch\\\/ein-hagelschutzsystem-soll-es-richten\\\/#primaryimage\"},\"thumbnailUrl\":\"https:\\\/\\\/news.save.ch\\\/wp-content\\\/uploads\\\/2016\\\/09\\\/Ein-Hagelschutzsystem-soll-es-richten-sf-sicherheitsforum-1.jpg\",\"datePublished\":\"2016-09-19T17:17:02+00:00\",\"dateModified\":\"2023-03-14T07:59:00+00:00\",\"description\":\"Ein Blick in die Statistik der Geb\u00e4udeversicherungen zeigt, dass Hagelsch\u00e4den mit j\u00e4hrlich rund 100 Millionen Franken zu Buche schlagen. Ein Hagelschutzsystem soll Abhilfe schaffen.\",\"breadcrumb\":{\"@id\":\"https:\\\/\\\/news.save.ch\\\/ein-hagelschutzsystem-soll-es-richten\\\/#breadcrumb\"},\"inLanguage\":\"fr-FR\",\"potentialAction\":[{\"@type\":\"ReadAction\",\"target\":[\"https:\\\/\\\/news.save.ch\\\/ein-hagelschutzsystem-soll-es-richten\\\/\"]}]},{\"@type\":\"ImageObject\",\"inLanguage\":\"fr-FR\",\"@id\":\"https:\\\/\\\/news.save.ch\\\/ein-hagelschutzsystem-soll-es-richten\\\/#primaryimage\",\"url\":\"https:\\\/\\\/news.save.ch\\\/wp-content\\\/uploads\\\/2016\\\/09\\\/Ein-Hagelschutzsystem-soll-es-richten-sf-sicherheitsforum-1.jpg\",\"contentUrl\":\"https:\\\/\\\/news.save.ch\\\/wp-content\\\/uploads\\\/2016\\\/09\\\/Ein-Hagelschutzsystem-soll-es-richten-sf-sicherheitsforum-1.jpg\",\"width\":481,\"height\":335},{\"@type\":\"BreadcrumbList\",\"@id\":\"https:\\\/\\\/news.save.ch\\\/ein-hagelschutzsystem-soll-es-richten\\\/#breadcrumb\",\"itemListElement\":[{\"@type\":\"ListItem\",\"position\":1,\"name\":\"Home\",\"item\":\"https:\\\/\\\/news.save.ch\\\/de\\\/\"},{\"@type\":\"ListItem\",\"position\":2,\"name\":\"Ein Hagelschutzsystem soll es richten\"}]},{\"@type\":\"WebSite\",\"@id\":\"https:\\\/\\\/news.save.ch\\\/de\\\/#website\",\"url\":\"https:\\\/\\\/news.save.ch\\\/de\\\/\",\"name\":\"Save\",\"description\":\"Schweizer Fachzeitschrift f\u00fcr Sicherheit\",\"publisher\":{\"@id\":\"https:\\\/\\\/news.save.ch\\\/de\\\/#organization\"},\"potentialAction\":[{\"@type\":\"SearchAction\",\"target\":{\"@type\":\"EntryPoint\",\"urlTemplate\":\"https:\\\/\\\/news.save.ch\\\/de\\\/?s={search_term_string}\"},\"query-input\":{\"@type\":\"PropertyValueSpecification\",\"valueRequired\":true,\"valueName\":\"search_term_string\"}}],\"inLanguage\":\"fr-FR\"},{\"@type\":\"Organization\",\"@id\":\"https:\\\/\\\/news.save.ch\\\/de\\\/#organization\",\"name\":\"Sicherheitsforum\",\"url\":\"https:\\\/\\\/news.save.ch\\\/de\\\/\",\"logo\":{\"@type\":\"ImageObject\",\"inLanguage\":\"fr-FR\",\"@id\":\"https:\\\/\\\/news.save.ch\\\/de\\\/#\\\/schema\\\/logo\\\/image\\\/\",\"url\":\"https:\\\/\\\/news.save.ch\\\/wp-content\\\/uploads\\\/2022\\\/06\\\/Logo_SF_2012.png\",\"contentUrl\":\"https:\\\/\\\/news.save.ch\\\/wp-content\\\/uploads\\\/2022\\\/06\\\/Logo_SF_2012.png\",\"width\":1100,\"height\":91,\"caption\":\"Sicherheitsforum\"},\"image\":{\"@id\":\"https:\\\/\\\/news.save.ch\\\/de\\\/#\\\/schema\\\/logo\\\/image\\\/\"}},{\"@type\":\"Person\",\"@id\":\"https:\\\/\\\/news.save.ch\\\/de\\\/#\\\/schema\\\/person\\\/af1b2481d0ee02dd880e616f4534d788\",\"name\":\"galledia\",\"image\":{\"@type\":\"ImageObject\",\"inLanguage\":\"fr-FR\",\"@id\":\"https:\\\/\\\/secure.gravatar.com\\\/avatar\\\/9baa80b63641d54c66fff920086eecab2c9e64c67a448c886b8c6c946e57f4c4?s=96&d=mm&r=g\",\"url\":\"https:\\\/\\\/secure.gravatar.com\\\/avatar\\\/9baa80b63641d54c66fff920086eecab2c9e64c67a448c886b8c6c946e57f4c4?s=96&d=mm&r=g\",\"contentUrl\":\"https:\\\/\\\/secure.gravatar.com\\\/avatar\\\/9baa80b63641d54c66fff920086eecab2c9e64c67a448c886b8c6c946e57f4c4?s=96&d=mm&r=g\",\"caption\":\"galledia\"},\"url\":\"https:\\\/\\\/news.save.ch\\\/fr\\\/author\\\/galledia\\\/\"}]}<\/script>\n<!-- \/ Yoast SEO plugin. -->","yoast_head_json":{"title":"Un syst\u00e8me de protection contre la gr\u00eale doit y rem\u00e9dier - Save","description":"Un coup d'\u0153il sur les statistiques des assurances immobili\u00e8res montre que les dommages caus\u00e9s par la gr\u00eale co\u00fbtent environ 100 millions de francs par an. Un syst\u00e8me de protection contre la gr\u00eale doit permettre d'y rem\u00e9dier.","robots":{"index":"index","follow":"follow","max-snippet":"max-snippet:-1","max-image-preview":"max-image-preview:large","max-video-preview":"max-video-preview:-1"},"canonical":"https:\/\/news.save.ch\/fr\/ein-hagelschutzsystem-soll-es-richten\/","og_locale":"fr_FR","og_type":"article","og_title":"Ein Hagelschutzsystem soll es richten","og_description":"Ein Blick in die Statistik der Geb\u00e4udeversicherungen zeigt, dass Hagelsch\u00e4den mit j\u00e4hrlich rund 100 Millionen Franken zu Buche schlagen. Ein Hagelschutzsystem soll Abhilfe schaffen.","og_url":"https:\/\/news.save.ch\/fr\/ein-hagelschutzsystem-soll-es-richten\/","og_site_name":"Save","article_published_time":"2016-09-19T17:17:02+00:00","article_modified_time":"2023-03-14T07:59:00+00:00","og_image":[{"url":"https:\/\/dev.sicherheitsforum.ch\/wp-content\/uploads\/2016\/09\/Ein-Hagelschutzsystem-soll-es-richten-sf-sicherheitsforum.jpg","type":"","width":"","height":""}],"author":"galledia","twitter_card":"summary_large_image","twitter_title":"Ein Hagelschutzsystem soll es richten","twitter_description":"Ein Blick in die Statistik der Geb\u00e4udeversicherungen zeigt, dass Hagelsch\u00e4den mit j\u00e4hrlich rund 100 Millionen Franken zu Buche schlagen. Ein Hagelschutzsystem soll Abhilfe schaffen.","twitter_image":"https:\/\/dev.sicherheitsforum.ch\/wp-content\/uploads\/2016\/09\/Ein-Hagelschutzsystem-soll-es-richten-sf-sicherheitsforum.jpg","twitter_misc":{"\u00c9crit par":"galledia"},"schema":{"@context":"https:\/\/schema.org","@graph":[{"@type":"Article","@id":"https:\/\/news.save.ch\/ein-hagelschutzsystem-soll-es-richten\/#article","isPartOf":{"@id":"https:\/\/news.save.ch\/ein-hagelschutzsystem-soll-es-richten\/"},"author":{"name":"galledia","@id":"https:\/\/news.save.ch\/de\/#\/schema\/person\/af1b2481d0ee02dd880e616f4534d788"},"headline":"Ein Hagelschutzsystem soll es richten","datePublished":"2016-09-19T17:17:02+00:00","dateModified":"2023-03-14T07:59:00+00:00","mainEntityOfPage":{"@id":"https:\/\/news.save.ch\/ein-hagelschutzsystem-soll-es-richten\/"},"wordCount":15,"commentCount":0,"publisher":{"@id":"https:\/\/news.save.ch\/de\/#organization"},"image":{"@id":"https:\/\/news.save.ch\/ein-hagelschutzsystem-soll-es-richten\/#primaryimage"},"thumbnailUrl":"https:\/\/news.save.ch\/wp-content\/uploads\/2016\/09\/Ein-Hagelschutzsystem-soll-es-richten-sf-sicherheitsforum-1.jpg","keywords":["Fachinformationen","Naturgefahren","VKF"],"articleSection":["SICHERHEIT"],"inLanguage":"fr-FR"},{"@type":"WebPage","@id":"https:\/\/news.save.ch\/ein-hagelschutzsystem-soll-es-richten\/","url":"https:\/\/news.save.ch\/ein-hagelschutzsystem-soll-es-richten\/","name":"Un syst\u00e8me de protection contre la gr\u00eale doit y rem\u00e9dier - Save","isPartOf":{"@id":"https:\/\/news.save.ch\/de\/#website"},"primaryImageOfPage":{"@id":"https:\/\/news.save.ch\/ein-hagelschutzsystem-soll-es-richten\/#primaryimage"},"image":{"@id":"https:\/\/news.save.ch\/ein-hagelschutzsystem-soll-es-richten\/#primaryimage"},"thumbnailUrl":"https:\/\/news.save.ch\/wp-content\/uploads\/2016\/09\/Ein-Hagelschutzsystem-soll-es-richten-sf-sicherheitsforum-1.jpg","datePublished":"2016-09-19T17:17:02+00:00","dateModified":"2023-03-14T07:59:00+00:00","description":"Un coup d'\u0153il sur les statistiques des assurances immobili\u00e8res montre que les dommages caus\u00e9s par la gr\u00eale co\u00fbtent environ 100 millions de francs par an. Un syst\u00e8me de protection contre la gr\u00eale doit permettre d'y rem\u00e9dier.","breadcrumb":{"@id":"https:\/\/news.save.ch\/ein-hagelschutzsystem-soll-es-richten\/#breadcrumb"},"inLanguage":"fr-FR","potentialAction":[{"@type":"ReadAction","target":["https:\/\/news.save.ch\/ein-hagelschutzsystem-soll-es-richten\/"]}]},{"@type":"ImageObject","inLanguage":"fr-FR","@id":"https:\/\/news.save.ch\/ein-hagelschutzsystem-soll-es-richten\/#primaryimage","url":"https:\/\/news.save.ch\/wp-content\/uploads\/2016\/09\/Ein-Hagelschutzsystem-soll-es-richten-sf-sicherheitsforum-1.jpg","contentUrl":"https:\/\/news.save.ch\/wp-content\/uploads\/2016\/09\/Ein-Hagelschutzsystem-soll-es-richten-sf-sicherheitsforum-1.jpg","width":481,"height":335},{"@type":"BreadcrumbList","@id":"https:\/\/news.save.ch\/ein-hagelschutzsystem-soll-es-richten\/#breadcrumb","itemListElement":[{"@type":"ListItem","position":1,"name":"Home","item":"https:\/\/news.save.ch\/de\/"},{"@type":"ListItem","position":2,"name":"Ein Hagelschutzsystem soll es richten"}]},{"@type":"WebSite","@id":"https:\/\/news.save.ch\/de\/#website","url":"https:\/\/news.save.ch\/de\/","name":"Save","description":"Revue suisse sp\u00e9cialis\u00e9e dans la s\u00e9curit\u00e9","publisher":{"@id":"https:\/\/news.save.ch\/de\/#organization"},"potentialAction":[{"@type":"SearchAction","target":{"@type":"EntryPoint","urlTemplate":"https:\/\/news.save.ch\/de\/?s={search_term_string}"},"query-input":{"@type":"PropertyValueSpecification","valueRequired":true,"valueName":"search_term_string"}}],"inLanguage":"fr-FR"},{"@type":"Organization","@id":"https:\/\/news.save.ch\/de\/#organization","name":"Forum sur la s\u00e9curit\u00e9","url":"https:\/\/news.save.ch\/de\/","logo":{"@type":"ImageObject","inLanguage":"fr-FR","@id":"https:\/\/news.save.ch\/de\/#\/schema\/logo\/image\/","url":"https:\/\/news.save.ch\/wp-content\/uploads\/2022\/06\/Logo_SF_2012.png","contentUrl":"https:\/\/news.save.ch\/wp-content\/uploads\/2022\/06\/Logo_SF_2012.png","width":1100,"height":91,"caption":"Sicherheitsforum"},"image":{"@id":"https:\/\/news.save.ch\/de\/#\/schema\/logo\/image\/"}},{"@type":"Person","@id":"https:\/\/news.save.ch\/de\/#\/schema\/person\/af1b2481d0ee02dd880e616f4534d788","name":"galledia","image":{"@type":"ImageObject","inLanguage":"fr-FR","@id":"https:\/\/secure.gravatar.com\/avatar\/9baa80b63641d54c66fff920086eecab2c9e64c67a448c886b8c6c946e57f4c4?s=96&d=mm&r=g","url":"https:\/\/secure.gravatar.com\/avatar\/9baa80b63641d54c66fff920086eecab2c9e64c67a448c886b8c6c946e57f4c4?s=96&d=mm&r=g","contentUrl":"https:\/\/secure.gravatar.com\/avatar\/9baa80b63641d54c66fff920086eecab2c9e64c67a448c886b8c6c946e57f4c4?s=96&d=mm&r=g","caption":"galledia"},"url":"https:\/\/news.save.ch\/fr\/author\/galledia\/"}]}},"_links":{"self":[{"href":"https:\/\/news.save.ch\/fr\/wp-json\/wp\/v2\/posts\/3286","targetHints":{"allow":["GET"]}}],"collection":[{"href":"https:\/\/news.save.ch\/fr\/wp-json\/wp\/v2\/posts"}],"about":[{"href":"https:\/\/news.save.ch\/fr\/wp-json\/wp\/v2\/types\/post"}],"author":[{"embeddable":true,"href":"https:\/\/news.save.ch\/fr\/wp-json\/wp\/v2\/users\/10"}],"replies":[{"embeddable":true,"href":"https:\/\/news.save.ch\/fr\/wp-json\/wp\/v2\/comments?post=3286"}],"version-history":[{"count":1,"href":"https:\/\/news.save.ch\/fr\/wp-json\/wp\/v2\/posts\/3286\/revisions"}],"predecessor-version":[{"id":17877,"href":"https:\/\/news.save.ch\/fr\/wp-json\/wp\/v2\/posts\/3286\/revisions\/17877"}],"wp:featuredmedia":[{"embeddable":true,"href":"https:\/\/news.save.ch\/fr\/wp-json\/wp\/v2\/media\/3292"}],"wp:attachment":[{"href":"https:\/\/news.save.ch\/fr\/wp-json\/wp\/v2\/media?parent=3286"}],"wp:term":[{"taxonomy":"category","embeddable":true,"href":"https:\/\/news.save.ch\/fr\/wp-json\/wp\/v2\/categories?post=3286"},{"taxonomy":"post_tag","embeddable":true,"href":"https:\/\/news.save.ch\/fr\/wp-json\/wp\/v2\/tags?post=3286"}],"curies":[{"name":"wp","href":"https:\/\/api.w.org\/{rel}","templated":true}]}}