{"id":3390,"date":"2016-03-10T12:24:19","date_gmt":"2016-03-10T11:24:19","guid":{"rendered":"https:\/\/dev.sicherheitsforum.ch\/?p=3390"},"modified":"2023-03-14T08:57:24","modified_gmt":"2023-03-14T07:57:24","slug":"digitale-schweiz","status":null,"type":"post","link":"https:\/\/news.save.ch\/fr\/digitale-schweiz\/","title":{"rendered":"Suisse num\u00e9rique"},"content":{"rendered":"<figure id=\"attachment_3391\" aria-describedby=\"caption-attachment-3391\" style=\"width: 680px\" class=\"wp-caption alignnone\"><a href=\"https:\/\/news.save.ch\/wp-content\/uploads\/2016\/12\/Digitale-Schweiz-sf-sicherheitsforum.jpg\"><img loading=\"lazy\" decoding=\"async\" class=\"size-medium wp-image-3391\" src=\"https:\/\/news.save.ch\/wp-content\/uploads\/2016\/12\/Digitale-Schweiz-sf-sicherheitsforum.jpg\" alt=\"\" width=\"680\" height=\"627\" srcset=\"https:\/\/news.save.ch\/wp-content\/uploads\/2016\/12\/Digitale-Schweiz-sf-sicherheitsforum.jpg 1000w, https:\/\/news.save.ch\/wp-content\/uploads\/2016\/12\/Digitale-Schweiz-sf-sicherheitsforum-325x300.jpg 325w\" sizes=\"auto, (max-width: 680px) 100vw, 680px\" \/><\/a><figcaption id=\"caption-attachment-3391\" class=\"wp-caption-text\">Avec des capteurs dans les voitures, les t\u00e9l\u00e9viseurs, les montres, les tablettes, les smartphones et m\u00eame les r\u00e9frig\u00e9rateurs : nous pourrions \u00eatre connect\u00e9s \u00e0 Internet en permanence et 24 heures sur 24.<\/figcaption><\/figure>\n<blockquote>\n<p>\"Le cloud semble simplement \u00eatre l\u00e0 et n'est m\u00eame plus per\u00e7u comme tel\". Roger E. Gisi, fondateur de Cloud Finder Suisse<\/p>\n<\/blockquote>\n<p><em>Tout d'abord, la question du facteur cl\u00e9 : le cloud computing est-il vraiment un facteur cl\u00e9 des paysages informatiques de demain ?<\/em><\/p>\n<p><em>Roger E. Gisi :<\/em> Oui, mais aussi non. Le cloud computing exerce une forte influence sur d'autres facteurs, mais il est lui-m\u00eame tributaire de certains facteurs. Parmi ceux-ci figurent des r\u00e9seaux et des voies de transmission particuli\u00e8rement performants, des appareils d'\u00e9mission et de r\u00e9ception disponibles, des normes communes et l'interop\u00e9rabilit\u00e9. Sans un \u00e9cosyst\u00e8me compact, le cloud se retrouve seul - mais les avantages du cloud sont si importants que l'ensemble du syst\u00e8me va se d\u00e9velopper rapidement. C'est donc un oui franc et massif. Le cloud computing est pass\u00e9 de l'engouement \u00e0 la r\u00e9alit\u00e9 quotidienne - pour les utilisateurs priv\u00e9s comme pour les entreprises. Le cloud semble simplement \u00eatre l\u00e0 et n'est m\u00eame plus per\u00e7u comme tel, mais il nous concerne tous.<\/p>\n<p><em>Cela signifie que nous devons tous nous int\u00e9resser au cloud computing et que nous ne pourrons probablement plus \u00e9viter les services de cloud computing. Comment les entreprises peuvent-elles s\u00e9lectionner leurs fournisseurs de services informatiques en nuage afin de prendre la bonne d\u00e9cision ?<\/em><\/p>\n<p>Ni plus ni moins que lors de la s\u00e9lection de fournisseurs informatiques \"classiques\" ! Mais il faut d'abord commencer de mani\u00e8re fond\u00e9e et s\u00e9rieuse par ses propres processus commerciaux, leurs exigences concr\u00e8tes, jusqu'\u00e0 la gestion exacte des services cloud et la gouvernance du cloud. Du point de vue de la s\u00e9curit\u00e9, les questions suivantes devraient d\u00e9j\u00e0 \u00eatre clarifi\u00e9es au pr\u00e9alable lors du choix d'un fournisseur :<\/p>\n<ul>\n<li>O\u00f9 se trouvent les donn\u00e9es ?<\/li>\n<li>Comment les utilisateurs sont-ils autoris\u00e9s ?<\/li>\n<li>L'autorisation est-elle compar\u00e9e en temps r\u00e9el avec les droits actuels de l'utilisateur ?<\/li>\n<li>Existe-t-il une authentification stricte ?<\/li>\n<li>Les donn\u00e9es sont-elles automatiquement crypt\u00e9es chez le fournisseur de cloud ?<\/li>\n<li>Le fournisseur de cloud suit-il les normes habituelles ?<\/li>\n<li>Et : dispose-t-il de certifications importantes comme ISO 27001 et ISO 27002 ?<\/li>\n<\/ul>\n<p><em>Tout cela est bien beau. Mais comment l'entreprise peut-elle r\u00e9ellement \u00e9valuer les services du fournisseur de cloud ?<\/em><\/p>\n<p>Si nous consid\u00e9rons par exemple la qualit\u00e9 du service, il s'agit certainement de la formulation de SLAs simples et bien structur\u00e9s, contenant tous les d\u00e9tails importants et facilement compr\u00e9hensibles pour le client. Les certifications des processus commerciaux, des centres de calcul et des collaborateurs peuvent \u00e9galement signaler au client que l'entreprise travaille de mani\u00e8re fiable et de haute qualit\u00e9.<\/p>\n<p><em>Restons encore un peu sur le th\u00e8me de la s\u00e9curit\u00e9 et de la protection des donn\u00e9es. Une voie s\u00fbre vers le cloud implique que les donn\u00e9es soient trait\u00e9es avec soin. Comment \u00e9valuez-vous la situation actuelle ?<\/em><\/p>\n<p>Pour les entreprises, le besoin de s\u00e9curit\u00e9 va encore plus loin : les secrets d'entreprise doivent par exemple \u00eatre prot\u00e9g\u00e9s contre l'espionnage industriel. Le non-respect de la s\u00e9curit\u00e9 de l'information et des donn\u00e9es peut donc avoir de graves cons\u00e9quences. Entre-temps, la sensibilisation \u00e0 la protection des donn\u00e9es et \u00e0 la s\u00e9curit\u00e9 de l'information a progress\u00e9 - heureusement. La protection et la s\u00e9curit\u00e9 des donn\u00e9es ont toujours \u00e9t\u00e9 un sujet de pr\u00e9occupation. Mais ce n'est qu'avec le cloud computing qu'il est revenu \u00e0 l'ordre du jour. Une informatique bien g\u00e9r\u00e9e et transf\u00e9r\u00e9e dans le \"nuage\" offre une s\u00e9curit\u00e9 des donn\u00e9es, des informations et de l'exploitation bien sup\u00e9rieure \u00e0 celle des infrastructures informatiques traditionnelles dans de nombreuses entreprises, et pas seulement dans les PME. A cela s'ajoute le fait que la classification des donn\u00e9es fait d\u00e9faut dans de nombreuses organisations. On n'est pas conscient de la valeur que repr\u00e9sentent certaines donn\u00e9es pour l'entreprise. Les donn\u00e9es comptables sont externalis\u00e9es, mais pas les donn\u00e9es clients - ou inversement. De telles d\u00e9cisions sont malheureusement souvent arbitraires. Heureusement, il peut en \u00eatre autrement, comme le montrent les responsables informatiques qui savent exactement \u00e0 quoi ils doivent veiller en mati\u00e8re de s\u00e9curit\u00e9 et de protection des donn\u00e9es. Ils sont en mesure de poser les bonnes exigences et les bonnes questions \u00e0 leur futur fournisseur de cloud. Ce sont eux qui assument la responsabilit\u00e9 lors de la mise en \u0153uvre du projet dans l'entreprise et qui accordent \u00e0 ces th\u00e8mes l'attention qu'ils m\u00e9ritent.<\/p>\n<p><em>Mais avons-nous plus de b\u00e9n\u00e9fices ou plus de risques ?<\/em><\/p>\n<p>Des entreprises suisses exp\u00e9riment\u00e9es en mati\u00e8re de gouvernance du cloud, telles que <a href=\"https:\/\/www.glenfis.ch\/de\" target=\"_blank\" data-cke-saved-href=\"https:\/\/www.glenfis.ch\/de\" rel=\"noopener\">glenfis AG<\/a>Nous constatons que de nombreux projets r\u00e9alis\u00e9s sont d\u00e9sormais des solutions cloud bien \u00e9quilibr\u00e9es en termes de risque et de valeur ajout\u00e9e, surtout dans les domaines et les processus commerciaux qui pr\u00e9sentent un degr\u00e9 \u00e9lev\u00e9 de standardisation, m\u00eame dans toutes les industries et branches. Cela permet de r\u00e9duire les risques et d'augmenter massivement les avantages des applications commerciales du cloud. Outre les \"commodities\" traditionnelles de services informatiques, comme le courrier \u00e9lectronique, la gestion des documents et des contenus, il s'agit surtout de processus commerciaux dans la vente et le marketing, dans les RH et d\u00e9j\u00e0 dans le domaine ERP. Les PME disposent d'alternatives int\u00e9ressantes et les risques et les co\u00fbts d'une telle migration vers des offres en nuage sont g\u00e9rables. Du c\u00f4t\u00e9 des fournisseurs, il existe d\u00e9sormais de bonnes exp\u00e9riences et des normes pour les chemins de migration. Il est donc clair qu'il y a beaucoup plus d'avantages que de risques !<\/p>\n<p><em>Comment le voyage va-t-il se poursuivre avec le cloud et les nouvelles technologies ?<\/em><\/p>\n<p>Comparons le cloud \u00e0 une voiture : la voiture personnelle est l'environnement informatique propre - la voiture de location est l'externalisation informatique classique. Mais le cloud computing est comme un service de taxi. On l'utilise quand on en a besoin, on paie un certain service et on ne doit plus rien payer quand on descend, c'est-\u00e0-dire quand on arr\u00eate de l'utiliser. Des voitures pour le cloud - c'est une tr\u00e8s grande histoire. Leur avenir avec les nouvelles technologies est d\u00e9j\u00e0 plus actuel que jamais. Avec des capteurs dans les voitures, les t\u00e9l\u00e9viseurs intelligents, les montres intelligentes, les tablettes, les smartphones et m\u00eame les r\u00e9frig\u00e9rateurs : nous pourrions \u00eatre connect\u00e9s \u00e0 Internet en permanence et 24 heures sur 24 - si nous voulons le permettre. Tous les nouveaux produits ont d\u00e9j\u00e0 un capteur int\u00e9gr\u00e9 qui collecte des donn\u00e9es. Et avec l'Apple Watch, cette tendance atteint un nouveau niveau, qui va bien au-del\u00e0 de l'utilisation BYOD de ces derni\u00e8res ann\u00e9es. M\u00eame si cela risque d'\u00eatre un peu compliqu\u00e9, le cloud computing nous facilite d\u00e9finitivement la t\u00e2che : un meilleur confort d'utilisation et d'application, un monde du travail plus flexible et plus agile, une plus grande libert\u00e9 d'innovation, un service complet pour tous les appareils d'application et bien plus encore. \u00c0 condition que nous, les hommes, nous nous mettions en route pour anticiper ces th\u00e8mes de mani\u00e8re rapide, efficace et profitable.<\/p>\n<p>digitalsuisse\u00a0<a href=\"https:\/\/digitaleschweiz.ch\" target=\"_blank\" rel=\"noopener\">https:\/\/digitaleschweiz.ch<\/a><\/p>\n<p>Cloud Finder Suisse\u00a0<a href=\"https:\/\/www.cloud-finder.ch\" target=\"_blank\" rel=\"noopener\">https:\/\/www.cloud-finder.ch<\/a><\/p>\n<p>glenfis\u00a0<a href=\"https:\/\/www.glenfis.ch\/de\" target=\"_blank\" rel=\"noopener\">https:\/\/www.glenfis.ch\/de<\/a><\/p>","protected":false},"excerpt":{"rendered":"<p>\u00abDie Cloud scheint einfach da zu sein und wird als solche gar nicht mehr wahrgenommen.\u00bb Roger E. Gisi, Gr\u00fcnder von Cloud Finder Schweiz Zuerst die Frage nach dem Schl\u00fcsselfaktor: Ist Cloud Computing wirklich ein Schl\u00fcsselfaktor der k\u00fcnftigen Informatik-Landschaften? Roger E. Gisi: Ja und auch nein. Cloud Computing \u00fcbt einen starken Einfluss auf andere Faktoren aus, [&hellip;]<\/p>\n","protected":false},"author":10,"featured_media":3391,"comment_status":"open","ping_status":"open","sticky":false,"template":"","format":"standard","meta":{"_acf_changed":false,"pgc_sgb_lightbox_settings":"","footnotes":""},"categories":[3313],"tags":[63,140],"class_list":["post-3390","post","type-post","status-publish","format-standard","has-post-thumbnail","hentry","category-digitalisierung","tag-it-security","tag-physische-it-sicherheit"],"acf":[],"hkrextid":null,"publication":null,"issue":null,"workflow":null,"startPage":null,"spitzmarke":null,"_posts_by_tag_page_fields":{"widget_title":"","widget_tags":""},"_at_widget":"1","_yoast_wpseo_primary_category":"2","_yoast_wpseo_focuskw_text_input":"Digitale Schweiz","_yoast_wpseo_opengraph-image":"https:\/\/dev.sicherheitsforum.ch\/wp-content\/uploads\/2016\/12\/Digitale-Schweiz-sf-sicherheitsforum.jpg","_yoast_wpseo_opengraph-description":"Die Digitalisierung schreitet weiter voran. Dennoch pr\u00e4sentiert sich die Entwicklung zuweilen noch schwer absch\u00e4tzbar. An vorderster Front f\u00fcr mehr Transparenz und Information ist Roger E. Gisi t\u00e4tig. Auf der von ihm gegr\u00fcndeten Plattform Cloud Finder Schweiz wird laufend auf neue Dienstleistungen und Nachrichten rund um Cloud Computing hingewiesen, das immer mehr als Schl\u00fcsselfaktor f\u00fcr die Informatik gesehen wird.","_yoast_wpseo_opengraph-title":"Digitale Schweiz","enclosure":null,"_yoast_wpseo_twitter-title":"Digitale Schweiz","_yoast_wpseo_twitter-description":"Die Digitalisierung schreitet weiter voran. Dennoch pr\u00e4sentiert sich die Entwicklung zuweilen noch schwer absch\u00e4tzbar. An vorderster Front f\u00fcr mehr Transparenz und Information ist Roger E. Gisi t\u00e4tig. Auf der von ihm gegr\u00fcndeten Plattform Cloud Finder Schweiz wird laufend auf neue Dienstleistungen und Nachrichten rund um Cloud Computing hingewiesen, das immer mehr als Schl\u00fcsselfaktor f\u00fcr die Informatik gesehen wird.","_yoast_wpseo_twitter-image":"https:\/\/dev.sicherheitsforum.ch\/wp-content\/uploads\/2016\/12\/Digitale-Schweiz-sf-sicherheitsforum.jpg","_wp_old_slug":null,"_yoast_wpseo_title":null,"_yoast_wpseo_canonical":null,"yoast_head":"<!-- This site is optimized with the Yoast SEO plugin v27.4 - https:\/\/yoast.com\/product\/yoast-seo-wordpress\/ -->\n<title>Digitale Schweiz - Save<\/title>\n<meta name=\"description\" content=\"Die Digitalisierung schreitet weiter voran. Dennoch pr\u00e4sentiert sich die Entwicklung zuweilen noch schwer absch\u00e4tzbar. An vorderster Front f\u00fcr mehr Transparenz und Information ist Roger E. Gisi t\u00e4tig. Auf der von ihm gegr\u00fcndeten Plattform Cloud Finder Schweiz wird laufend auf neue Dienstleistungen und Nachrichten rund um Cloud Computing hingewiesen, das immer mehr als Schl\u00fcsselfaktor f\u00fcr die Informatik gesehen wird.\" \/>\n<meta name=\"robots\" content=\"index, follow, max-snippet:-1, max-image-preview:large, max-video-preview:-1\" \/>\n<link rel=\"canonical\" href=\"https:\/\/news.save.ch\/fr\/digitale-schweiz\/\" \/>\n<meta property=\"og:locale\" content=\"fr_FR\" \/>\n<meta property=\"og:type\" content=\"article\" \/>\n<meta property=\"og:title\" content=\"Digitale Schweiz\" \/>\n<meta property=\"og:description\" content=\"Die Digitalisierung schreitet weiter voran. Dennoch pr\u00e4sentiert sich die Entwicklung zuweilen noch schwer absch\u00e4tzbar. An vorderster Front f\u00fcr mehr Transparenz und Information ist Roger E. Gisi t\u00e4tig. Auf der von ihm gegr\u00fcndeten Plattform Cloud Finder Schweiz wird laufend auf neue Dienstleistungen und Nachrichten rund um Cloud Computing hingewiesen, das immer mehr als Schl\u00fcsselfaktor f\u00fcr die Informatik gesehen wird.\" \/>\n<meta property=\"og:url\" content=\"https:\/\/news.save.ch\/fr\/digitale-schweiz\/\" \/>\n<meta property=\"og:site_name\" content=\"Save\" \/>\n<meta property=\"article:published_time\" content=\"2016-03-10T11:24:19+00:00\" \/>\n<meta property=\"article:modified_time\" content=\"2023-03-14T07:57:24+00:00\" \/>\n<meta property=\"og:image\" content=\"https:\/\/dev.sicherheitsforum.ch\/wp-content\/uploads\/2016\/12\/Digitale-Schweiz-sf-sicherheitsforum.jpg\" \/>\n<meta name=\"author\" content=\"galledia\" \/>\n<meta name=\"twitter:card\" content=\"summary_large_image\" \/>\n<meta name=\"twitter:title\" content=\"Digitale Schweiz\" \/>\n<meta name=\"twitter:description\" content=\"Die Digitalisierung schreitet weiter voran. Dennoch pr\u00e4sentiert sich die Entwicklung zuweilen noch schwer absch\u00e4tzbar. An vorderster Front f\u00fcr mehr Transparenz und Information ist Roger E. Gisi t\u00e4tig. Auf der von ihm gegr\u00fcndeten Plattform Cloud Finder Schweiz wird laufend auf neue Dienstleistungen und Nachrichten rund um Cloud Computing hingewiesen, das immer mehr als Schl\u00fcsselfaktor f\u00fcr die Informatik gesehen wird.\" \/>\n<meta name=\"twitter:image\" content=\"https:\/\/dev.sicherheitsforum.ch\/wp-content\/uploads\/2016\/12\/Digitale-Schweiz-sf-sicherheitsforum.jpg\" \/>\n<meta name=\"twitter:label1\" content=\"\u00c9crit par\" \/>\n\t<meta name=\"twitter:data1\" content=\"galledia\" \/>\n\t<meta name=\"twitter:label2\" content=\"Dur\u00e9e de lecture estim\u00e9e\" \/>\n\t<meta name=\"twitter:data2\" content=\"5 minutes\" \/>\n<script type=\"application\/ld+json\" class=\"yoast-schema-graph\">{\"@context\":\"https:\\\/\\\/schema.org\",\"@graph\":[{\"@type\":\"Article\",\"@id\":\"https:\\\/\\\/news.save.ch\\\/digitale-schweiz\\\/#article\",\"isPartOf\":{\"@id\":\"https:\\\/\\\/news.save.ch\\\/digitale-schweiz\\\/\"},\"author\":{\"name\":\"galledia\",\"@id\":\"https:\\\/\\\/news.save.ch\\\/de\\\/#\\\/schema\\\/person\\\/af1b2481d0ee02dd880e616f4534d788\"},\"headline\":\"Digitale Schweiz\",\"datePublished\":\"2016-03-10T11:24:19+00:00\",\"dateModified\":\"2023-03-14T07:57:24+00:00\",\"mainEntityOfPage\":{\"@id\":\"https:\\\/\\\/news.save.ch\\\/digitale-schweiz\\\/\"},\"wordCount\":1006,\"commentCount\":0,\"publisher\":{\"@id\":\"https:\\\/\\\/news.save.ch\\\/de\\\/#organization\"},\"image\":{\"@id\":\"https:\\\/\\\/news.save.ch\\\/digitale-schweiz\\\/#primaryimage\"},\"thumbnailUrl\":\"https:\\\/\\\/news.save.ch\\\/wp-content\\\/uploads\\\/2016\\\/12\\\/Digitale-Schweiz-sf-sicherheitsforum.jpg\",\"keywords\":[\"IT-SECURITY\",\"Physische IT-Sicherheit\"],\"articleSection\":[\"DIGITALISIERUNG\"],\"inLanguage\":\"fr-FR\"},{\"@type\":\"WebPage\",\"@id\":\"https:\\\/\\\/news.save.ch\\\/digitale-schweiz\\\/\",\"url\":\"https:\\\/\\\/news.save.ch\\\/digitale-schweiz\\\/\",\"name\":\"Digitale Schweiz - Save\",\"isPartOf\":{\"@id\":\"https:\\\/\\\/news.save.ch\\\/de\\\/#website\"},\"primaryImageOfPage\":{\"@id\":\"https:\\\/\\\/news.save.ch\\\/digitale-schweiz\\\/#primaryimage\"},\"image\":{\"@id\":\"https:\\\/\\\/news.save.ch\\\/digitale-schweiz\\\/#primaryimage\"},\"thumbnailUrl\":\"https:\\\/\\\/news.save.ch\\\/wp-content\\\/uploads\\\/2016\\\/12\\\/Digitale-Schweiz-sf-sicherheitsforum.jpg\",\"datePublished\":\"2016-03-10T11:24:19+00:00\",\"dateModified\":\"2023-03-14T07:57:24+00:00\",\"description\":\"Die Digitalisierung schreitet weiter voran. Dennoch pr\u00e4sentiert sich die Entwicklung zuweilen noch schwer absch\u00e4tzbar. An vorderster Front f\u00fcr mehr Transparenz und Information ist Roger E. Gisi t\u00e4tig. Auf der von ihm gegr\u00fcndeten Plattform Cloud Finder Schweiz wird laufend auf neue Dienstleistungen und Nachrichten rund um Cloud Computing hingewiesen, das immer mehr als Schl\u00fcsselfaktor f\u00fcr die Informatik gesehen wird.\",\"breadcrumb\":{\"@id\":\"https:\\\/\\\/news.save.ch\\\/digitale-schweiz\\\/#breadcrumb\"},\"inLanguage\":\"fr-FR\",\"potentialAction\":[{\"@type\":\"ReadAction\",\"target\":[\"https:\\\/\\\/news.save.ch\\\/digitale-schweiz\\\/\"]}]},{\"@type\":\"ImageObject\",\"inLanguage\":\"fr-FR\",\"@id\":\"https:\\\/\\\/news.save.ch\\\/digitale-schweiz\\\/#primaryimage\",\"url\":\"https:\\\/\\\/news.save.ch\\\/wp-content\\\/uploads\\\/2016\\\/12\\\/Digitale-Schweiz-sf-sicherheitsforum.jpg\",\"contentUrl\":\"https:\\\/\\\/news.save.ch\\\/wp-content\\\/uploads\\\/2016\\\/12\\\/Digitale-Schweiz-sf-sicherheitsforum.jpg\",\"width\":1000,\"height\":922,\"caption\":\"Mit Sensoren in Autos, TVs, Uhren, Tablets, Smartphones bis hin zum K\u00fchlschrank: St\u00e4ndig und rund um die Uhr k\u00f6nnten wir mit dem Internet verbunden sein.\"},{\"@type\":\"BreadcrumbList\",\"@id\":\"https:\\\/\\\/news.save.ch\\\/digitale-schweiz\\\/#breadcrumb\",\"itemListElement\":[{\"@type\":\"ListItem\",\"position\":1,\"name\":\"Home\",\"item\":\"https:\\\/\\\/news.save.ch\\\/de\\\/\"},{\"@type\":\"ListItem\",\"position\":2,\"name\":\"Digitale Schweiz\"}]},{\"@type\":\"WebSite\",\"@id\":\"https:\\\/\\\/news.save.ch\\\/de\\\/#website\",\"url\":\"https:\\\/\\\/news.save.ch\\\/de\\\/\",\"name\":\"Save\",\"description\":\"Schweizer Fachzeitschrift f\u00fcr Sicherheit\",\"publisher\":{\"@id\":\"https:\\\/\\\/news.save.ch\\\/de\\\/#organization\"},\"potentialAction\":[{\"@type\":\"SearchAction\",\"target\":{\"@type\":\"EntryPoint\",\"urlTemplate\":\"https:\\\/\\\/news.save.ch\\\/de\\\/?s={search_term_string}\"},\"query-input\":{\"@type\":\"PropertyValueSpecification\",\"valueRequired\":true,\"valueName\":\"search_term_string\"}}],\"inLanguage\":\"fr-FR\"},{\"@type\":\"Organization\",\"@id\":\"https:\\\/\\\/news.save.ch\\\/de\\\/#organization\",\"name\":\"Sicherheitsforum\",\"url\":\"https:\\\/\\\/news.save.ch\\\/de\\\/\",\"logo\":{\"@type\":\"ImageObject\",\"inLanguage\":\"fr-FR\",\"@id\":\"https:\\\/\\\/news.save.ch\\\/de\\\/#\\\/schema\\\/logo\\\/image\\\/\",\"url\":\"https:\\\/\\\/news.save.ch\\\/wp-content\\\/uploads\\\/2022\\\/06\\\/Logo_SF_2012.png\",\"contentUrl\":\"https:\\\/\\\/news.save.ch\\\/wp-content\\\/uploads\\\/2022\\\/06\\\/Logo_SF_2012.png\",\"width\":1100,\"height\":91,\"caption\":\"Sicherheitsforum\"},\"image\":{\"@id\":\"https:\\\/\\\/news.save.ch\\\/de\\\/#\\\/schema\\\/logo\\\/image\\\/\"}},{\"@type\":\"Person\",\"@id\":\"https:\\\/\\\/news.save.ch\\\/de\\\/#\\\/schema\\\/person\\\/af1b2481d0ee02dd880e616f4534d788\",\"name\":\"galledia\",\"image\":{\"@type\":\"ImageObject\",\"inLanguage\":\"fr-FR\",\"@id\":\"https:\\\/\\\/secure.gravatar.com\\\/avatar\\\/9baa80b63641d54c66fff920086eecab2c9e64c67a448c886b8c6c946e57f4c4?s=96&d=mm&r=g\",\"url\":\"https:\\\/\\\/secure.gravatar.com\\\/avatar\\\/9baa80b63641d54c66fff920086eecab2c9e64c67a448c886b8c6c946e57f4c4?s=96&d=mm&r=g\",\"contentUrl\":\"https:\\\/\\\/secure.gravatar.com\\\/avatar\\\/9baa80b63641d54c66fff920086eecab2c9e64c67a448c886b8c6c946e57f4c4?s=96&d=mm&r=g\",\"caption\":\"galledia\"},\"url\":\"https:\\\/\\\/news.save.ch\\\/fr\\\/author\\\/galledia\\\/\"}]}<\/script>\n<!-- \/ Yoast SEO plugin. -->","yoast_head_json":{"title":"La Suisse num\u00e9rique - Save","description":"La num\u00e9risation continue de progresser. Pourtant, il est encore parfois difficile d'en \u00e9valuer l'\u00e9volution. Roger E. Gisi est en premi\u00e8re ligne pour am\u00e9liorer la transparence et l'information. Sur la plate-forme Cloud Finder Suisse qu'il a fond\u00e9e, il signale en permanence les nouveaux services et les nouvelles concernant le cloud computing, qui est de plus en plus consid\u00e9r\u00e9 comme un facteur cl\u00e9 pour l'informatique.","robots":{"index":"index","follow":"follow","max-snippet":"max-snippet:-1","max-image-preview":"max-image-preview:large","max-video-preview":"max-video-preview:-1"},"canonical":"https:\/\/news.save.ch\/fr\/digitale-schweiz\/","og_locale":"fr_FR","og_type":"article","og_title":"Digitale Schweiz","og_description":"Die Digitalisierung schreitet weiter voran. Dennoch pr\u00e4sentiert sich die Entwicklung zuweilen noch schwer absch\u00e4tzbar. An vorderster Front f\u00fcr mehr Transparenz und Information ist Roger E. Gisi t\u00e4tig. Auf der von ihm gegr\u00fcndeten Plattform Cloud Finder Schweiz wird laufend auf neue Dienstleistungen und Nachrichten rund um Cloud Computing hingewiesen, das immer mehr als Schl\u00fcsselfaktor f\u00fcr die Informatik gesehen wird.","og_url":"https:\/\/news.save.ch\/fr\/digitale-schweiz\/","og_site_name":"Save","article_published_time":"2016-03-10T11:24:19+00:00","article_modified_time":"2023-03-14T07:57:24+00:00","og_image":[{"url":"https:\/\/dev.sicherheitsforum.ch\/wp-content\/uploads\/2016\/12\/Digitale-Schweiz-sf-sicherheitsforum.jpg","type":"","width":"","height":""}],"author":"galledia","twitter_card":"summary_large_image","twitter_title":"Digitale Schweiz","twitter_description":"Die Digitalisierung schreitet weiter voran. Dennoch pr\u00e4sentiert sich die Entwicklung zuweilen noch schwer absch\u00e4tzbar. An vorderster Front f\u00fcr mehr Transparenz und Information ist Roger E. Gisi t\u00e4tig. Auf der von ihm gegr\u00fcndeten Plattform Cloud Finder Schweiz wird laufend auf neue Dienstleistungen und Nachrichten rund um Cloud Computing hingewiesen, das immer mehr als Schl\u00fcsselfaktor f\u00fcr die Informatik gesehen wird.","twitter_image":"https:\/\/dev.sicherheitsforum.ch\/wp-content\/uploads\/2016\/12\/Digitale-Schweiz-sf-sicherheitsforum.jpg","twitter_misc":{"\u00c9crit par":"galledia","Dur\u00e9e de lecture estim\u00e9e":"5 minutes"},"schema":{"@context":"https:\/\/schema.org","@graph":[{"@type":"Article","@id":"https:\/\/news.save.ch\/digitale-schweiz\/#article","isPartOf":{"@id":"https:\/\/news.save.ch\/digitale-schweiz\/"},"author":{"name":"galledia","@id":"https:\/\/news.save.ch\/de\/#\/schema\/person\/af1b2481d0ee02dd880e616f4534d788"},"headline":"Digitale Schweiz","datePublished":"2016-03-10T11:24:19+00:00","dateModified":"2023-03-14T07:57:24+00:00","mainEntityOfPage":{"@id":"https:\/\/news.save.ch\/digitale-schweiz\/"},"wordCount":1006,"commentCount":0,"publisher":{"@id":"https:\/\/news.save.ch\/de\/#organization"},"image":{"@id":"https:\/\/news.save.ch\/digitale-schweiz\/#primaryimage"},"thumbnailUrl":"https:\/\/news.save.ch\/wp-content\/uploads\/2016\/12\/Digitale-Schweiz-sf-sicherheitsforum.jpg","keywords":["IT-SECURITY","Physische IT-Sicherheit"],"articleSection":["DIGITALISIERUNG"],"inLanguage":"fr-FR"},{"@type":"WebPage","@id":"https:\/\/news.save.ch\/digitale-schweiz\/","url":"https:\/\/news.save.ch\/digitale-schweiz\/","name":"La Suisse num\u00e9rique - Save","isPartOf":{"@id":"https:\/\/news.save.ch\/de\/#website"},"primaryImageOfPage":{"@id":"https:\/\/news.save.ch\/digitale-schweiz\/#primaryimage"},"image":{"@id":"https:\/\/news.save.ch\/digitale-schweiz\/#primaryimage"},"thumbnailUrl":"https:\/\/news.save.ch\/wp-content\/uploads\/2016\/12\/Digitale-Schweiz-sf-sicherheitsforum.jpg","datePublished":"2016-03-10T11:24:19+00:00","dateModified":"2023-03-14T07:57:24+00:00","description":"La num\u00e9risation continue de progresser. Pourtant, il est encore parfois difficile d'en \u00e9valuer l'\u00e9volution. Roger E. Gisi est en premi\u00e8re ligne pour am\u00e9liorer la transparence et l'information. Sur la plate-forme Cloud Finder Suisse qu'il a fond\u00e9e, il signale en permanence les nouveaux services et les nouvelles concernant le cloud computing, qui est de plus en plus consid\u00e9r\u00e9 comme un facteur cl\u00e9 pour l'informatique.","breadcrumb":{"@id":"https:\/\/news.save.ch\/digitale-schweiz\/#breadcrumb"},"inLanguage":"fr-FR","potentialAction":[{"@type":"ReadAction","target":["https:\/\/news.save.ch\/digitale-schweiz\/"]}]},{"@type":"ImageObject","inLanguage":"fr-FR","@id":"https:\/\/news.save.ch\/digitale-schweiz\/#primaryimage","url":"https:\/\/news.save.ch\/wp-content\/uploads\/2016\/12\/Digitale-Schweiz-sf-sicherheitsforum.jpg","contentUrl":"https:\/\/news.save.ch\/wp-content\/uploads\/2016\/12\/Digitale-Schweiz-sf-sicherheitsforum.jpg","width":1000,"height":922,"caption":"Mit Sensoren in Autos, TVs, Uhren, Tablets, Smartphones bis hin zum K\u00fchlschrank: St\u00e4ndig und rund um die Uhr k\u00f6nnten wir mit dem Internet verbunden sein."},{"@type":"BreadcrumbList","@id":"https:\/\/news.save.ch\/digitale-schweiz\/#breadcrumb","itemListElement":[{"@type":"ListItem","position":1,"name":"Home","item":"https:\/\/news.save.ch\/de\/"},{"@type":"ListItem","position":2,"name":"Digitale Schweiz"}]},{"@type":"WebSite","@id":"https:\/\/news.save.ch\/de\/#website","url":"https:\/\/news.save.ch\/de\/","name":"Save","description":"Revue suisse sp\u00e9cialis\u00e9e dans la s\u00e9curit\u00e9","publisher":{"@id":"https:\/\/news.save.ch\/de\/#organization"},"potentialAction":[{"@type":"SearchAction","target":{"@type":"EntryPoint","urlTemplate":"https:\/\/news.save.ch\/de\/?s={search_term_string}"},"query-input":{"@type":"PropertyValueSpecification","valueRequired":true,"valueName":"search_term_string"}}],"inLanguage":"fr-FR"},{"@type":"Organization","@id":"https:\/\/news.save.ch\/de\/#organization","name":"Forum sur la s\u00e9curit\u00e9","url":"https:\/\/news.save.ch\/de\/","logo":{"@type":"ImageObject","inLanguage":"fr-FR","@id":"https:\/\/news.save.ch\/de\/#\/schema\/logo\/image\/","url":"https:\/\/news.save.ch\/wp-content\/uploads\/2022\/06\/Logo_SF_2012.png","contentUrl":"https:\/\/news.save.ch\/wp-content\/uploads\/2022\/06\/Logo_SF_2012.png","width":1100,"height":91,"caption":"Sicherheitsforum"},"image":{"@id":"https:\/\/news.save.ch\/de\/#\/schema\/logo\/image\/"}},{"@type":"Person","@id":"https:\/\/news.save.ch\/de\/#\/schema\/person\/af1b2481d0ee02dd880e616f4534d788","name":"galledia","image":{"@type":"ImageObject","inLanguage":"fr-FR","@id":"https:\/\/secure.gravatar.com\/avatar\/9baa80b63641d54c66fff920086eecab2c9e64c67a448c886b8c6c946e57f4c4?s=96&d=mm&r=g","url":"https:\/\/secure.gravatar.com\/avatar\/9baa80b63641d54c66fff920086eecab2c9e64c67a448c886b8c6c946e57f4c4?s=96&d=mm&r=g","contentUrl":"https:\/\/secure.gravatar.com\/avatar\/9baa80b63641d54c66fff920086eecab2c9e64c67a448c886b8c6c946e57f4c4?s=96&d=mm&r=g","caption":"galledia"},"url":"https:\/\/news.save.ch\/fr\/author\/galledia\/"}]}},"_links":{"self":[{"href":"https:\/\/news.save.ch\/fr\/wp-json\/wp\/v2\/posts\/3390","targetHints":{"allow":["GET"]}}],"collection":[{"href":"https:\/\/news.save.ch\/fr\/wp-json\/wp\/v2\/posts"}],"about":[{"href":"https:\/\/news.save.ch\/fr\/wp-json\/wp\/v2\/types\/post"}],"author":[{"embeddable":true,"href":"https:\/\/news.save.ch\/fr\/wp-json\/wp\/v2\/users\/10"}],"replies":[{"embeddable":true,"href":"https:\/\/news.save.ch\/fr\/wp-json\/wp\/v2\/comments?post=3390"}],"version-history":[{"count":1,"href":"https:\/\/news.save.ch\/fr\/wp-json\/wp\/v2\/posts\/3390\/revisions"}],"predecessor-version":[{"id":17656,"href":"https:\/\/news.save.ch\/fr\/wp-json\/wp\/v2\/posts\/3390\/revisions\/17656"}],"wp:featuredmedia":[{"embeddable":true,"href":"https:\/\/news.save.ch\/fr\/wp-json\/wp\/v2\/media\/3391"}],"wp:attachment":[{"href":"https:\/\/news.save.ch\/fr\/wp-json\/wp\/v2\/media?parent=3390"}],"wp:term":[{"taxonomy":"category","embeddable":true,"href":"https:\/\/news.save.ch\/fr\/wp-json\/wp\/v2\/categories?post=3390"},{"taxonomy":"post_tag","embeddable":true,"href":"https:\/\/news.save.ch\/fr\/wp-json\/wp\/v2\/tags?post=3390"}],"curies":[{"name":"wp","href":"https:\/\/api.w.org\/{rel}","templated":true}]}}