{"id":349,"date":"2015-04-30T09:44:06","date_gmt":"2015-04-30T07:44:06","guid":{"rendered":"https:\/\/dev.sicherheitsforum.ch\/?p=349"},"modified":"2023-03-14T08:57:41","modified_gmt":"2023-03-14T07:57:41","slug":"10-jahre-melani","status":null,"type":"post","link":"https:\/\/news.save.ch\/fr\/10-jahre-melani\/","title":{"rendered":"10 ans de MELANI"},"content":{"rendered":"<p><img loading=\"lazy\" decoding=\"async\" class=\"alignnone size-full wp-image-350\" src=\"https:\/\/sicherheitsforum.ch\/wp-content\/uploads\/2016\/12\/10-Jahre-MELANI-it-security.jpg\" alt=\"10-ans-melani-it-security\" width=\"488\" height=\"473\" srcset=\"https:\/\/news.save.ch\/wp-content\/uploads\/2016\/12\/10-Jahre-MELANI-it-security.jpg 488w, https:\/\/news.save.ch\/wp-content\/uploads\/2016\/12\/10-Jahre-MELANI-it-security-310x300.jpg 310w\" sizes=\"auto, (max-width: 488px) 100vw, 488px\" \/><\/p>\n<p>Au cours des dix derni\u00e8res ann\u00e9es, le nombre d'utilisateurs d'Internet, mais aussi le nombre de plates-formes et de services ont consid\u00e9rablement augment\u00e9. Les nouveaux services et applications ont cr\u00e9\u00e9 des occasions suppl\u00e9mentaires de trouver des points faibles et de les exploiter. Cela a \u00e9galement eu des r\u00e9percussions sur les structures criminelles et a \u00e9t\u00e9 exploit\u00e9 en cons\u00e9quence. Un v\u00e9ritable march\u00e9 souterrain s'est ainsi d\u00e9velopp\u00e9 ces derni\u00e8res ann\u00e9es, sur lequel il est possible de se procurer tout ce dont on a besoin pour mener une attaque. De m\u00eame, diff\u00e9rents Etats ont aujourd'hui tout int\u00e9r\u00eat \u00e0 utiliser Internet pour des m\u00e9thodes d'espionnage et de surveillance. Par rapport au premier <a href=\"https:\/\/www.news.admin.ch\/NSBSubscriber\/message\/attachments\/39214.pdf\" target=\"_blank\" data-cke-saved-href=\"https:\/\/www.news.admin.ch\/NSBSubscriber\/message\/attachments\/39214.pdf\" rel=\"noopener\">Rapport semestriel MELANI <\/a>de l'ann\u00e9e 2005, on constate toutefois que les th\u00e8mes sont en grande partie les m\u00eames : A l'\u00e9poque d\u00e9j\u00e0, les attaques d'espionnage cibl\u00e9es, le phishing, les DDoS, les d\u00e9facements et l'ing\u00e9nierie sociale \u00e9taient au centre des pr\u00e9occupations.<\/p>\n<p><strong>Nouveau logiciel malveillant de chantage<\/strong><\/p>\n<p>Au cours du second semestre de l'ann\u00e9e derni\u00e8re, le paysage des logiciels malveillants faisant du chantage s'est encore diversifi\u00e9. Apr\u00e8s le cheval de Troie de cryptage Cryptolocker, un nouveau logiciel malveillant baptis\u00e9 Synolocker a fait son apparition. Ce qui caract\u00e9rise Synolocker, c'est qu'il suffisait aux pirates d'exploiter une faille de s\u00e9curit\u00e9 dans un serveur de fichiers sp\u00e9cifique pour d\u00e9clencher une infection. L'infection de Cryptolocker \u00e9tait plus complexe, car seule l'interaction de l'utilisateur permettait d'introduire le cheval de Troie. Le cheval de Troie permet aux pirates de s'introduire dans les syst\u00e8mes et de crypter les donn\u00e9es afin d'extorquer de l'argent aux victimes.<\/p>\n<p>Une nouvelle tendance du chantage consiste en outre \u00e0 ce que les pirates informatiques obtiennent l'acc\u00e8s \u00e0 des donn\u00e9es sensibles et menacent l'entreprise concern\u00e9e de les publier si un certain montant n'est pas pay\u00e9. Dans d'autres cas, c'est m\u00eame toute la base de donn\u00e9es d'un site Internet qui est crypt\u00e9e, ce qui rend le site inutilisable jusqu'\u00e0 ce que le montant extorqu\u00e9 soit vers\u00e9.<\/p>\n<p><strong>Syst\u00e8mes mal prot\u00e9g\u00e9s<\/strong><\/p>\n<p>\u00c0 premi\u00e8re vue, les attaques contre des syst\u00e8mes mal prot\u00e9g\u00e9s tels que les webcams, les r\u00e9seaux sans fil ou les syst\u00e8mes de gestion de contenu pour la cr\u00e9ation de sites Web ne laissent qu'un pr\u00e9judice \u00e0 l'exploitant ou au responsable du contenu. On oublie souvent que les syst\u00e8mes compromis peuvent \u00eatre utilis\u00e9s abusivement pour des attaques de phishing, la distribution de logiciels malveillants ou l'envoi de spams, y compris avec des pi\u00e8ces jointes contamin\u00e9es ou des liens vers des sites web malveillants. Le pr\u00e9sent rapport semestriel cite des exemples concrets et donne des recommandations sur la mani\u00e8re de pr\u00e9venir les dangers imminents.<\/p>\n<p><strong>Intelligent et s\u00fbr ?<\/strong><\/p>\n<p>La tendance \u00e0 commander \u00e0 distance des objets usuels, des voitures et des maisons au moyen d'un smartphone ne cesse de cro\u00eetre. M\u00eame les \u00e9tats d'\u00e2me des personnes sont transmis sur Internet gr\u00e2ce \u00e0 l'utilisation d'applications de sant\u00e9. Mais toutes ces commodit\u00e9s s'accompagnent d'une exposition aux dangers et aux risques d'Internet, et il convient de se prot\u00e9ger en cons\u00e9quence. Le deuxi\u00e8me rapport semestriel pour l'ann\u00e9e 2014 MELANI donne un aper\u00e7u des menaces possibles dans le nouveau monde intelligent.<\/p>\n<p><em>Communiqu\u00e9 de presse <a href=\"https:\/\/www.melani.admin.ch\" target=\"_blank\" data-cke-saved-href=\"https:\/\/www.melani.admin.ch\" rel=\"noopener\">MELANI<\/a><\/em><\/p>\n<p>&nbsp;<\/p>\n<blockquote>\n<p>Les th\u00e8mes sont rest\u00e9s en grande partie les m\u00eames : attaques d'espionnage, hame\u00e7onnage, DDoS, d\u00e9facements, ing\u00e9nierie sociale.<br \/>\n(MELANI)<\/p>\n<\/blockquote>\n<p>&nbsp;<\/p>","protected":false},"excerpt":{"rendered":"<p>In den letzten zehn Jahren ist die Zahl der Internetnutzer, aber auch die Anzahl an Plattformen und Diensten enorm gestiegen. Neue Dienste und Anwendungen schufen zus\u00e4tzliche Gelegenheiten, Schwachstellen zu finden und auch auszunutzen. Dies wirkte sich auch auf die kriminellen Strukturen aus und wurde entsprechend ausgenutzt. So hat sich in den letzten Jahren ein wahrer [&hellip;]<\/p>\n","protected":false},"author":1,"featured_media":350,"comment_status":"open","ping_status":"open","sticky":false,"template":"","format":"standard","meta":{"_acf_changed":false,"pgc_sgb_lightbox_settings":"","footnotes":""},"categories":[3313],"tags":[96,62,63],"class_list":["post-349","post","type-post","status-publish","format-standard","has-post-thumbnail","hentry","category-digitalisierung","tag-cyber-crime","tag-ict-sicherheit","tag-it-security"],"acf":[],"hkrextid":null,"publication":null,"issue":null,"workflow":null,"startPage":null,"spitzmarke":null,"_posts_by_tag_page_fields":{"widget_title":"","widget_tags":""},"_at_widget":"1","_yoast_wpseo_primary_category":"2","_yoast_wpseo_focuskw_text_input":"MELANI","_yoast_wpseo_opengraph-image":"https:\/\/sicherheitsforum.ch\/wp-content\/uploads\/2016\/12\/10-Jahre-MELANI-it-security.jpg","_yoast_wpseo_opengraph-description":"Die Melde- und Analysestelle MELANI ist zehn Jahre alt und hat ihren 20. Halbjahresbericht ver\u00f6ffentlicht: Er zeigt nicht nur die wichtigsten Ereignisse der letzten Monate auf, sondern wirft auch einen Blick auf die Entwicklung der Internetkriminalit\u00e4t des letzten Jahrzehnts.","_yoast_wpseo_opengraph-title":"10 Jahre MELANI","enclosure":null,"_yoast_wpseo_twitter-title":null,"_yoast_wpseo_twitter-description":null,"_yoast_wpseo_twitter-image":null,"_wp_old_slug":null,"_yoast_wpseo_title":null,"_yoast_wpseo_canonical":null,"yoast_head":"<!-- This site is optimized with the Yoast SEO plugin v27.4 - https:\/\/yoast.com\/product\/yoast-seo-wordpress\/ -->\n<title>10 Jahre MELANI - Save<\/title>\n<meta name=\"description\" content=\"MELANI ist zehn Jahre alt und wirft in ihrem 20. Halbjahresbericht einen Blick auf die Entwicklung der Internetkriminalit\u00e4t des letzten Jahrzehnts.\" \/>\n<meta name=\"robots\" content=\"index, follow, max-snippet:-1, max-image-preview:large, max-video-preview:-1\" \/>\n<link rel=\"canonical\" href=\"https:\/\/news.save.ch\/fr\/10-jahre-melani\/\" \/>\n<meta property=\"og:locale\" content=\"fr_FR\" \/>\n<meta property=\"og:type\" content=\"article\" \/>\n<meta property=\"og:title\" content=\"10 Jahre MELANI\" \/>\n<meta property=\"og:description\" content=\"Die Melde- und Analysestelle MELANI ist zehn Jahre alt und hat ihren 20. Halbjahresbericht ver\u00f6ffentlicht: Er zeigt nicht nur die wichtigsten Ereignisse der letzten Monate auf, sondern wirft auch einen Blick auf die Entwicklung der Internetkriminalit\u00e4t des letzten Jahrzehnts.\" \/>\n<meta property=\"og:url\" content=\"https:\/\/news.save.ch\/fr\/10-jahre-melani\/\" \/>\n<meta property=\"og:site_name\" content=\"Save\" \/>\n<meta property=\"article:published_time\" content=\"2015-04-30T07:44:06+00:00\" \/>\n<meta property=\"article:modified_time\" content=\"2023-03-14T07:57:41+00:00\" \/>\n<meta property=\"og:image\" content=\"https:\/\/sicherheitsforum.ch\/wp-content\/uploads\/2016\/12\/10-Jahre-MELANI-it-security.jpg\" \/>\n<meta name=\"author\" content=\"admin\" \/>\n<meta name=\"twitter:card\" content=\"summary_large_image\" \/>\n<meta name=\"twitter:label1\" content=\"\u00c9crit par\" \/>\n\t<meta name=\"twitter:data1\" content=\"admin\" \/>\n\t<meta name=\"twitter:label2\" content=\"Dur\u00e9e de lecture estim\u00e9e\" \/>\n\t<meta name=\"twitter:data2\" content=\"2 minutes\" \/>\n<script type=\"application\/ld+json\" class=\"yoast-schema-graph\">{\"@context\":\"https:\\\/\\\/schema.org\",\"@graph\":[{\"@type\":\"Article\",\"@id\":\"https:\\\/\\\/news.save.ch\\\/10-jahre-melani\\\/#article\",\"isPartOf\":{\"@id\":\"https:\\\/\\\/news.save.ch\\\/10-jahre-melani\\\/\"},\"author\":{\"name\":\"admin\",\"@id\":\"https:\\\/\\\/news.save.ch\\\/de\\\/#\\\/schema\\\/person\\\/d49e199490bad7c70d64b9ab51142f2b\"},\"headline\":\"10 Jahre MELANI\",\"datePublished\":\"2015-04-30T07:44:06+00:00\",\"dateModified\":\"2023-03-14T07:57:41+00:00\",\"mainEntityOfPage\":{\"@id\":\"https:\\\/\\\/news.save.ch\\\/10-jahre-melani\\\/\"},\"wordCount\":454,\"commentCount\":0,\"publisher\":{\"@id\":\"https:\\\/\\\/news.save.ch\\\/de\\\/#organization\"},\"image\":{\"@id\":\"https:\\\/\\\/news.save.ch\\\/10-jahre-melani\\\/#primaryimage\"},\"thumbnailUrl\":\"https:\\\/\\\/news.save.ch\\\/wp-content\\\/uploads\\\/2016\\\/12\\\/10-Jahre-MELANI-it-security.jpg\",\"keywords\":[\"Cyber-Crime\",\"ICT-Sicherheit\",\"IT-SECURITY\"],\"articleSection\":[\"DIGITALISIERUNG\"],\"inLanguage\":\"fr-FR\"},{\"@type\":\"WebPage\",\"@id\":\"https:\\\/\\\/news.save.ch\\\/10-jahre-melani\\\/\",\"url\":\"https:\\\/\\\/news.save.ch\\\/10-jahre-melani\\\/\",\"name\":\"10 Jahre MELANI - Save\",\"isPartOf\":{\"@id\":\"https:\\\/\\\/news.save.ch\\\/de\\\/#website\"},\"primaryImageOfPage\":{\"@id\":\"https:\\\/\\\/news.save.ch\\\/10-jahre-melani\\\/#primaryimage\"},\"image\":{\"@id\":\"https:\\\/\\\/news.save.ch\\\/10-jahre-melani\\\/#primaryimage\"},\"thumbnailUrl\":\"https:\\\/\\\/news.save.ch\\\/wp-content\\\/uploads\\\/2016\\\/12\\\/10-Jahre-MELANI-it-security.jpg\",\"datePublished\":\"2015-04-30T07:44:06+00:00\",\"dateModified\":\"2023-03-14T07:57:41+00:00\",\"description\":\"MELANI ist zehn Jahre alt und wirft in ihrem 20. Halbjahresbericht einen Blick auf die Entwicklung der Internetkriminalit\u00e4t des letzten Jahrzehnts.\",\"breadcrumb\":{\"@id\":\"https:\\\/\\\/news.save.ch\\\/10-jahre-melani\\\/#breadcrumb\"},\"inLanguage\":\"fr-FR\",\"potentialAction\":[{\"@type\":\"ReadAction\",\"target\":[\"https:\\\/\\\/news.save.ch\\\/10-jahre-melani\\\/\"]}]},{\"@type\":\"ImageObject\",\"inLanguage\":\"fr-FR\",\"@id\":\"https:\\\/\\\/news.save.ch\\\/10-jahre-melani\\\/#primaryimage\",\"url\":\"https:\\\/\\\/news.save.ch\\\/wp-content\\\/uploads\\\/2016\\\/12\\\/10-Jahre-MELANI-it-security.jpg\",\"contentUrl\":\"https:\\\/\\\/news.save.ch\\\/wp-content\\\/uploads\\\/2016\\\/12\\\/10-Jahre-MELANI-it-security.jpg\",\"width\":488,\"height\":473},{\"@type\":\"BreadcrumbList\",\"@id\":\"https:\\\/\\\/news.save.ch\\\/10-jahre-melani\\\/#breadcrumb\",\"itemListElement\":[{\"@type\":\"ListItem\",\"position\":1,\"name\":\"Home\",\"item\":\"https:\\\/\\\/news.save.ch\\\/de\\\/\"},{\"@type\":\"ListItem\",\"position\":2,\"name\":\"10 Jahre MELANI\"}]},{\"@type\":\"WebSite\",\"@id\":\"https:\\\/\\\/news.save.ch\\\/de\\\/#website\",\"url\":\"https:\\\/\\\/news.save.ch\\\/de\\\/\",\"name\":\"Save\",\"description\":\"Schweizer Fachzeitschrift f\u00fcr Sicherheit\",\"publisher\":{\"@id\":\"https:\\\/\\\/news.save.ch\\\/de\\\/#organization\"},\"potentialAction\":[{\"@type\":\"SearchAction\",\"target\":{\"@type\":\"EntryPoint\",\"urlTemplate\":\"https:\\\/\\\/news.save.ch\\\/de\\\/?s={search_term_string}\"},\"query-input\":{\"@type\":\"PropertyValueSpecification\",\"valueRequired\":true,\"valueName\":\"search_term_string\"}}],\"inLanguage\":\"fr-FR\"},{\"@type\":\"Organization\",\"@id\":\"https:\\\/\\\/news.save.ch\\\/de\\\/#organization\",\"name\":\"Sicherheitsforum\",\"url\":\"https:\\\/\\\/news.save.ch\\\/de\\\/\",\"logo\":{\"@type\":\"ImageObject\",\"inLanguage\":\"fr-FR\",\"@id\":\"https:\\\/\\\/news.save.ch\\\/de\\\/#\\\/schema\\\/logo\\\/image\\\/\",\"url\":\"https:\\\/\\\/news.save.ch\\\/wp-content\\\/uploads\\\/2022\\\/06\\\/Logo_SF_2012.png\",\"contentUrl\":\"https:\\\/\\\/news.save.ch\\\/wp-content\\\/uploads\\\/2022\\\/06\\\/Logo_SF_2012.png\",\"width\":1100,\"height\":91,\"caption\":\"Sicherheitsforum\"},\"image\":{\"@id\":\"https:\\\/\\\/news.save.ch\\\/de\\\/#\\\/schema\\\/logo\\\/image\\\/\"}},{\"@type\":\"Person\",\"@id\":\"https:\\\/\\\/news.save.ch\\\/de\\\/#\\\/schema\\\/person\\\/d49e199490bad7c70d64b9ab51142f2b\",\"name\":\"admin\",\"image\":{\"@type\":\"ImageObject\",\"inLanguage\":\"fr-FR\",\"@id\":\"https:\\\/\\\/secure.gravatar.com\\\/avatar\\\/ae2f4d718e6c49043e314ce431e7e645d646302a24a5ef5a8bc8e3f5a032e319?s=96&d=mm&r=g\",\"url\":\"https:\\\/\\\/secure.gravatar.com\\\/avatar\\\/ae2f4d718e6c49043e314ce431e7e645d646302a24a5ef5a8bc8e3f5a032e319?s=96&d=mm&r=g\",\"contentUrl\":\"https:\\\/\\\/secure.gravatar.com\\\/avatar\\\/ae2f4d718e6c49043e314ce431e7e645d646302a24a5ef5a8bc8e3f5a032e319?s=96&d=mm&r=g\",\"caption\":\"admin\"},\"sameAs\":[\"https:\\\/\\\/develop.organisator.galledia.ch\"],\"url\":\"https:\\\/\\\/news.save.ch\\\/fr\\\/author\\\/admin\\\/\"}]}<\/script>\n<!-- \/ Yoast SEO plugin. -->","yoast_head_json":{"title":"10 ans de MELANI - Save","description":"MELANI a dix ans et jette un regard sur l'\u00e9volution de la cybercriminalit\u00e9 au cours de la derni\u00e8re d\u00e9cennie dans son 20e rapport semestriel.","robots":{"index":"index","follow":"follow","max-snippet":"max-snippet:-1","max-image-preview":"max-image-preview:large","max-video-preview":"max-video-preview:-1"},"canonical":"https:\/\/news.save.ch\/fr\/10-jahre-melani\/","og_locale":"fr_FR","og_type":"article","og_title":"10 Jahre MELANI","og_description":"Die Melde- und Analysestelle MELANI ist zehn Jahre alt und hat ihren 20. Halbjahresbericht ver\u00f6ffentlicht: Er zeigt nicht nur die wichtigsten Ereignisse der letzten Monate auf, sondern wirft auch einen Blick auf die Entwicklung der Internetkriminalit\u00e4t des letzten Jahrzehnts.","og_url":"https:\/\/news.save.ch\/fr\/10-jahre-melani\/","og_site_name":"Save","article_published_time":"2015-04-30T07:44:06+00:00","article_modified_time":"2023-03-14T07:57:41+00:00","og_image":[{"url":"https:\/\/sicherheitsforum.ch\/wp-content\/uploads\/2016\/12\/10-Jahre-MELANI-it-security.jpg","type":"","width":"","height":""}],"author":"admin","twitter_card":"summary_large_image","twitter_misc":{"\u00c9crit par":"admin","Dur\u00e9e de lecture estim\u00e9e":"2 minutes"},"schema":{"@context":"https:\/\/schema.org","@graph":[{"@type":"Article","@id":"https:\/\/news.save.ch\/10-jahre-melani\/#article","isPartOf":{"@id":"https:\/\/news.save.ch\/10-jahre-melani\/"},"author":{"name":"admin","@id":"https:\/\/news.save.ch\/de\/#\/schema\/person\/d49e199490bad7c70d64b9ab51142f2b"},"headline":"10 Jahre MELANI","datePublished":"2015-04-30T07:44:06+00:00","dateModified":"2023-03-14T07:57:41+00:00","mainEntityOfPage":{"@id":"https:\/\/news.save.ch\/10-jahre-melani\/"},"wordCount":454,"commentCount":0,"publisher":{"@id":"https:\/\/news.save.ch\/de\/#organization"},"image":{"@id":"https:\/\/news.save.ch\/10-jahre-melani\/#primaryimage"},"thumbnailUrl":"https:\/\/news.save.ch\/wp-content\/uploads\/2016\/12\/10-Jahre-MELANI-it-security.jpg","keywords":["Cyber-Crime","ICT-Sicherheit","IT-SECURITY"],"articleSection":["DIGITALISIERUNG"],"inLanguage":"fr-FR"},{"@type":"WebPage","@id":"https:\/\/news.save.ch\/10-jahre-melani\/","url":"https:\/\/news.save.ch\/10-jahre-melani\/","name":"10 ans de MELANI - Save","isPartOf":{"@id":"https:\/\/news.save.ch\/de\/#website"},"primaryImageOfPage":{"@id":"https:\/\/news.save.ch\/10-jahre-melani\/#primaryimage"},"image":{"@id":"https:\/\/news.save.ch\/10-jahre-melani\/#primaryimage"},"thumbnailUrl":"https:\/\/news.save.ch\/wp-content\/uploads\/2016\/12\/10-Jahre-MELANI-it-security.jpg","datePublished":"2015-04-30T07:44:06+00:00","dateModified":"2023-03-14T07:57:41+00:00","description":"MELANI a dix ans et jette un regard sur l'\u00e9volution de la cybercriminalit\u00e9 au cours de la derni\u00e8re d\u00e9cennie dans son 20e rapport semestriel.","breadcrumb":{"@id":"https:\/\/news.save.ch\/10-jahre-melani\/#breadcrumb"},"inLanguage":"fr-FR","potentialAction":[{"@type":"ReadAction","target":["https:\/\/news.save.ch\/10-jahre-melani\/"]}]},{"@type":"ImageObject","inLanguage":"fr-FR","@id":"https:\/\/news.save.ch\/10-jahre-melani\/#primaryimage","url":"https:\/\/news.save.ch\/wp-content\/uploads\/2016\/12\/10-Jahre-MELANI-it-security.jpg","contentUrl":"https:\/\/news.save.ch\/wp-content\/uploads\/2016\/12\/10-Jahre-MELANI-it-security.jpg","width":488,"height":473},{"@type":"BreadcrumbList","@id":"https:\/\/news.save.ch\/10-jahre-melani\/#breadcrumb","itemListElement":[{"@type":"ListItem","position":1,"name":"Home","item":"https:\/\/news.save.ch\/de\/"},{"@type":"ListItem","position":2,"name":"10 Jahre MELANI"}]},{"@type":"WebSite","@id":"https:\/\/news.save.ch\/de\/#website","url":"https:\/\/news.save.ch\/de\/","name":"Save","description":"Revue suisse sp\u00e9cialis\u00e9e dans la s\u00e9curit\u00e9","publisher":{"@id":"https:\/\/news.save.ch\/de\/#organization"},"potentialAction":[{"@type":"SearchAction","target":{"@type":"EntryPoint","urlTemplate":"https:\/\/news.save.ch\/de\/?s={search_term_string}"},"query-input":{"@type":"PropertyValueSpecification","valueRequired":true,"valueName":"search_term_string"}}],"inLanguage":"fr-FR"},{"@type":"Organization","@id":"https:\/\/news.save.ch\/de\/#organization","name":"Forum sur la s\u00e9curit\u00e9","url":"https:\/\/news.save.ch\/de\/","logo":{"@type":"ImageObject","inLanguage":"fr-FR","@id":"https:\/\/news.save.ch\/de\/#\/schema\/logo\/image\/","url":"https:\/\/news.save.ch\/wp-content\/uploads\/2022\/06\/Logo_SF_2012.png","contentUrl":"https:\/\/news.save.ch\/wp-content\/uploads\/2022\/06\/Logo_SF_2012.png","width":1100,"height":91,"caption":"Sicherheitsforum"},"image":{"@id":"https:\/\/news.save.ch\/de\/#\/schema\/logo\/image\/"}},{"@type":"Person","@id":"https:\/\/news.save.ch\/de\/#\/schema\/person\/d49e199490bad7c70d64b9ab51142f2b","name":"admin","image":{"@type":"ImageObject","inLanguage":"fr-FR","@id":"https:\/\/secure.gravatar.com\/avatar\/ae2f4d718e6c49043e314ce431e7e645d646302a24a5ef5a8bc8e3f5a032e319?s=96&d=mm&r=g","url":"https:\/\/secure.gravatar.com\/avatar\/ae2f4d718e6c49043e314ce431e7e645d646302a24a5ef5a8bc8e3f5a032e319?s=96&d=mm&r=g","contentUrl":"https:\/\/secure.gravatar.com\/avatar\/ae2f4d718e6c49043e314ce431e7e645d646302a24a5ef5a8bc8e3f5a032e319?s=96&d=mm&r=g","caption":"admin"},"sameAs":["https:\/\/develop.organisator.galledia.ch"],"url":"https:\/\/news.save.ch\/fr\/author\/admin\/"}]}},"_links":{"self":[{"href":"https:\/\/news.save.ch\/fr\/wp-json\/wp\/v2\/posts\/349","targetHints":{"allow":["GET"]}}],"collection":[{"href":"https:\/\/news.save.ch\/fr\/wp-json\/wp\/v2\/posts"}],"about":[{"href":"https:\/\/news.save.ch\/fr\/wp-json\/wp\/v2\/types\/post"}],"author":[{"embeddable":true,"href":"https:\/\/news.save.ch\/fr\/wp-json\/wp\/v2\/users\/1"}],"replies":[{"embeddable":true,"href":"https:\/\/news.save.ch\/fr\/wp-json\/wp\/v2\/comments?post=349"}],"version-history":[{"count":1,"href":"https:\/\/news.save.ch\/fr\/wp-json\/wp\/v2\/posts\/349\/revisions"}],"predecessor-version":[{"id":17799,"href":"https:\/\/news.save.ch\/fr\/wp-json\/wp\/v2\/posts\/349\/revisions\/17799"}],"wp:featuredmedia":[{"embeddable":true,"href":"https:\/\/news.save.ch\/fr\/wp-json\/wp\/v2\/media\/350"}],"wp:attachment":[{"href":"https:\/\/news.save.ch\/fr\/wp-json\/wp\/v2\/media?parent=349"}],"wp:term":[{"taxonomy":"category","embeddable":true,"href":"https:\/\/news.save.ch\/fr\/wp-json\/wp\/v2\/categories?post=349"},{"taxonomy":"post_tag","embeddable":true,"href":"https:\/\/news.save.ch\/fr\/wp-json\/wp\/v2\/tags?post=349"}],"curies":[{"name":"wp","href":"https:\/\/api.w.org\/{rel}","templated":true}]}}