{"id":358,"date":"2015-05-07T10:17:01","date_gmt":"2015-05-07T08:17:01","guid":{"rendered":"https:\/\/dev.sicherheitsforum.ch\/?p=358"},"modified":"2023-03-14T08:57:41","modified_gmt":"2023-03-14T07:57:41","slug":"partnerschaft-vereinbart","status":null,"type":"post","link":"https:\/\/news.save.ch\/fr\/partnerschaft-vereinbart\/","title":{"rendered":"Accord de partenariat"},"content":{"rendered":"<p><img loading=\"lazy\" decoding=\"async\" class=\"alignnone wp-image-359 size-medium\" src=\"https:\/\/news.save.ch\/wp-content\/uploads\/2016\/12\/Partnerschaft-vereinbart-it-security.jpg\" alt=\"partenariat-accord-it-s\u00e9curit\u00e9\" width=\"680\" height=\"453\" \/><\/p>\n<p>Les certificats num\u00e9riques jouent un r\u00f4le de plus en plus important dans la mise en \u0153uvre d'une s\u00e9curit\u00e9 informatique \u00e9lev\u00e9e. De plus en plus d'entreprises mettent en \u0153uvre leur propre infrastructure \u00e0 cl\u00e9 publique (PKI) pour soutenir une authentification s\u00e9curis\u00e9e \u00e0 deux facteurs ou le cryptage de donn\u00e9es critiques pour l'entreprise, telles que les donn\u00e9es de facturation, de facturation et de paiement. <a title=\"Lien vers l&#039;entreprise\" href=\"https:\/\/www.hidglobal.de\" target=\"_blank\" data-cke-saved-href=\"https:\/\/www.hidglobal.de\" rel=\"noopener\">HID Global <\/a>\u00e9crit-il. Mais si les certificats doivent \u00eatre utilisables au-del\u00e0 des fronti\u00e8res de l'entreprise (p. ex. \u00e9change d'e-mails crypt\u00e9s, signature num\u00e9rique), une PKI locale est d\u00e9pass\u00e9e. Pour de telles fins, le fournisseur de certificats met \u00e0 disposition <a href=\"https:\/\/www.swisssign.com\" target=\"_blank\" data-cke-saved-href=\"https:\/\/www.swisssign.com\" rel=\"noopener\">SwissSign<\/a>, une entreprise de la Poste suisse, met \u00e0 disposition son savoir-faire et son infrastructure.<\/p>\n<p>HID, active dans le domaine des identit\u00e9s s\u00e9curis\u00e9es et du contr\u00f4le d'acc\u00e8s, et SwissSign ont conclu un partenariat pour l'Allemagne, l'Autriche et la Suisse. Selon les deux fournisseurs, la combinaison des certificats de SwissSign et du Card Management System (CMS) de HID permet d'obtenir une solution coh\u00e9rente et fiable pour l'authentification dans le cadre d'une communication interentreprises. Lors de l'\u00e9mission de cartes \u00e0 puce, les services de certificats de SwissSign sont int\u00e9gr\u00e9s de mani\u00e8re aussi transparente qu'une PKI propre \u00e0 l'entreprise. Ainsi, le CMS g\u00e9n\u00e9rerait aussi bien les certificats de l'autorit\u00e9 de certification locale que ceux de SwissSign, les enregistrerait sur la carte \u00e0 puce et les g\u00e9rerait de mani\u00e8re centralis\u00e9e et s\u00e9curis\u00e9e.<\/p>","protected":false},"excerpt":{"rendered":"<p>Digitale Zertifikate spielen bei der Umsetzung einer hohen IT-Sicherheit eine immer gr\u00f6ssere Rolle. Immer mehr Unternehmen implementieren dabei ihre eigene Public-Key-Infrastruktur (PKI) zur Unterst\u00fctzung einer sicheren Zwei-Faktoren-Authentifizierung oder der Verschl\u00fcsselung unternehmenskritischer Daten, wie HID Global schreibt. Wenn Zertifikate jedoch \u00fcber die Unternehmensgrenzen hinaus anwendbar sein sollen (z.B. Austausch verschl\u00fcsselter E-Mails, digitale Signierung), sei eine lokale [&hellip;]<\/p>\n","protected":false},"author":1,"featured_media":359,"comment_status":"open","ping_status":"open","sticky":false,"template":"","format":"standard","meta":{"_acf_changed":false,"pgc_sgb_lightbox_settings":"","footnotes":""},"categories":[3313],"tags":[62,63],"class_list":["post-358","post","type-post","status-publish","format-standard","has-post-thumbnail","hentry","category-digitalisierung","tag-ict-sicherheit","tag-it-security"],"acf":[],"hkrextid":null,"publication":null,"issue":null,"workflow":null,"startPage":null,"spitzmarke":null,"_posts_by_tag_page_fields":{"widget_title":"","widget_tags":""},"_at_widget":"1","_yoast_wpseo_primary_category":"2","_yoast_wpseo_focuskw_text_input":"Partnerschaft","_yoast_wpseo_opengraph-image":"https:\/\/news.save.ch\/wp-content\/uploads\/2016\/12\/Partnerschaft-vereinbart-it-security.jpg","_yoast_wpseo_opengraph-description":"HID Global und die Posttochter SwissSign gehen f\u00fcr die DACH-Region eine Partnerschaft ein.","_yoast_wpseo_opengraph-title":"Partnerschaft vereinbart","enclosure":null,"_yoast_wpseo_twitter-title":null,"_yoast_wpseo_twitter-description":null,"_yoast_wpseo_twitter-image":null,"_wp_old_slug":null,"_yoast_wpseo_title":null,"_yoast_wpseo_canonical":null,"yoast_head":"<!-- This site is optimized with the Yoast SEO plugin v27.5 - https:\/\/yoast.com\/product\/yoast-seo-wordpress\/ -->\n<title>Partnerschaft vereinbart - Save<\/title>\n<meta name=\"description\" content=\"HID Global und die Posttochter SwissSign gehen f\u00fcr die DACH-Region eine Partnerschaft ein.\" \/>\n<meta name=\"robots\" content=\"index, follow, max-snippet:-1, max-image-preview:large, max-video-preview:-1\" \/>\n<link rel=\"canonical\" href=\"https:\/\/news.save.ch\/fr\/partnerschaft-vereinbart\/\" \/>\n<meta property=\"og:locale\" content=\"fr_FR\" \/>\n<meta property=\"og:type\" content=\"article\" \/>\n<meta property=\"og:title\" content=\"Partnerschaft vereinbart\" \/>\n<meta property=\"og:description\" content=\"HID Global und die Posttochter SwissSign gehen f\u00fcr die DACH-Region eine Partnerschaft ein.\" \/>\n<meta property=\"og:url\" content=\"https:\/\/news.save.ch\/fr\/partnerschaft-vereinbart\/\" \/>\n<meta property=\"og:site_name\" content=\"Save\" \/>\n<meta property=\"article:published_time\" content=\"2015-05-07T08:17:01+00:00\" \/>\n<meta property=\"article:modified_time\" content=\"2023-03-14T07:57:41+00:00\" \/>\n<meta property=\"og:image\" content=\"https:\/\/news.save.ch\/wp-content\/uploads\/2016\/12\/Partnerschaft-vereinbart-it-security.jpg\" \/>\n<meta name=\"author\" content=\"admin\" \/>\n<meta name=\"twitter:card\" content=\"summary_large_image\" \/>\n<meta name=\"twitter:label1\" content=\"\u00c9crit par\" \/>\n\t<meta name=\"twitter:data1\" content=\"admin\" \/>\n\t<meta name=\"twitter:label2\" content=\"Dur\u00e9e de lecture estim\u00e9e\" \/>\n\t<meta name=\"twitter:data2\" content=\"1 minute\" \/>\n<script type=\"application\/ld+json\" class=\"yoast-schema-graph\">{\"@context\":\"https:\\\/\\\/schema.org\",\"@graph\":[{\"@type\":\"Article\",\"@id\":\"https:\\\/\\\/news.save.ch\\\/partnerschaft-vereinbart\\\/#article\",\"isPartOf\":{\"@id\":\"https:\\\/\\\/news.save.ch\\\/partnerschaft-vereinbart\\\/\"},\"author\":{\"name\":\"admin\",\"@id\":\"https:\\\/\\\/news.save.ch\\\/de\\\/#\\\/schema\\\/person\\\/d49e199490bad7c70d64b9ab51142f2b\"},\"headline\":\"Partnerschaft vereinbart\",\"datePublished\":\"2015-05-07T08:17:01+00:00\",\"dateModified\":\"2023-03-14T07:57:41+00:00\",\"mainEntityOfPage\":{\"@id\":\"https:\\\/\\\/news.save.ch\\\/partnerschaft-vereinbart\\\/\"},\"wordCount\":195,\"commentCount\":0,\"publisher\":{\"@id\":\"https:\\\/\\\/news.save.ch\\\/de\\\/#organization\"},\"image\":{\"@id\":\"https:\\\/\\\/news.save.ch\\\/partnerschaft-vereinbart\\\/#primaryimage\"},\"thumbnailUrl\":\"https:\\\/\\\/news.save.ch\\\/wp-content\\\/uploads\\\/2016\\\/12\\\/Partnerschaft-vereinbart-it-security-scaled.jpg\",\"keywords\":[\"ICT-Sicherheit\",\"IT-SECURITY\"],\"articleSection\":[\"DIGITALISIERUNG\"],\"inLanguage\":\"fr-FR\"},{\"@type\":\"WebPage\",\"@id\":\"https:\\\/\\\/news.save.ch\\\/partnerschaft-vereinbart\\\/\",\"url\":\"https:\\\/\\\/news.save.ch\\\/partnerschaft-vereinbart\\\/\",\"name\":\"Partnerschaft vereinbart - Save\",\"isPartOf\":{\"@id\":\"https:\\\/\\\/news.save.ch\\\/de\\\/#website\"},\"primaryImageOfPage\":{\"@id\":\"https:\\\/\\\/news.save.ch\\\/partnerschaft-vereinbart\\\/#primaryimage\"},\"image\":{\"@id\":\"https:\\\/\\\/news.save.ch\\\/partnerschaft-vereinbart\\\/#primaryimage\"},\"thumbnailUrl\":\"https:\\\/\\\/news.save.ch\\\/wp-content\\\/uploads\\\/2016\\\/12\\\/Partnerschaft-vereinbart-it-security-scaled.jpg\",\"datePublished\":\"2015-05-07T08:17:01+00:00\",\"dateModified\":\"2023-03-14T07:57:41+00:00\",\"description\":\"HID Global und die Posttochter SwissSign gehen f\u00fcr die DACH-Region eine Partnerschaft ein.\",\"breadcrumb\":{\"@id\":\"https:\\\/\\\/news.save.ch\\\/partnerschaft-vereinbart\\\/#breadcrumb\"},\"inLanguage\":\"fr-FR\",\"potentialAction\":[{\"@type\":\"ReadAction\",\"target\":[\"https:\\\/\\\/news.save.ch\\\/partnerschaft-vereinbart\\\/\"]}]},{\"@type\":\"ImageObject\",\"inLanguage\":\"fr-FR\",\"@id\":\"https:\\\/\\\/news.save.ch\\\/partnerschaft-vereinbart\\\/#primaryimage\",\"url\":\"https:\\\/\\\/news.save.ch\\\/wp-content\\\/uploads\\\/2016\\\/12\\\/Partnerschaft-vereinbart-it-security-scaled.jpg\",\"contentUrl\":\"https:\\\/\\\/news.save.ch\\\/wp-content\\\/uploads\\\/2016\\\/12\\\/Partnerschaft-vereinbart-it-security-scaled.jpg\",\"width\":1400,\"height\":934},{\"@type\":\"BreadcrumbList\",\"@id\":\"https:\\\/\\\/news.save.ch\\\/partnerschaft-vereinbart\\\/#breadcrumb\",\"itemListElement\":[{\"@type\":\"ListItem\",\"position\":1,\"name\":\"Home\",\"item\":\"https:\\\/\\\/news.save.ch\\\/de\\\/\"},{\"@type\":\"ListItem\",\"position\":2,\"name\":\"Partnerschaft vereinbart\"}]},{\"@type\":\"WebSite\",\"@id\":\"https:\\\/\\\/news.save.ch\\\/de\\\/#website\",\"url\":\"https:\\\/\\\/news.save.ch\\\/de\\\/\",\"name\":\"Save\",\"description\":\"Schweizer Fachzeitschrift f\u00fcr Sicherheit\",\"publisher\":{\"@id\":\"https:\\\/\\\/news.save.ch\\\/de\\\/#organization\"},\"potentialAction\":[{\"@type\":\"SearchAction\",\"target\":{\"@type\":\"EntryPoint\",\"urlTemplate\":\"https:\\\/\\\/news.save.ch\\\/de\\\/?s={search_term_string}\"},\"query-input\":{\"@type\":\"PropertyValueSpecification\",\"valueRequired\":true,\"valueName\":\"search_term_string\"}}],\"inLanguage\":\"fr-FR\"},{\"@type\":\"Organization\",\"@id\":\"https:\\\/\\\/news.save.ch\\\/de\\\/#organization\",\"name\":\"Sicherheitsforum\",\"url\":\"https:\\\/\\\/news.save.ch\\\/de\\\/\",\"logo\":{\"@type\":\"ImageObject\",\"inLanguage\":\"fr-FR\",\"@id\":\"https:\\\/\\\/news.save.ch\\\/de\\\/#\\\/schema\\\/logo\\\/image\\\/\",\"url\":\"https:\\\/\\\/news.save.ch\\\/wp-content\\\/uploads\\\/2022\\\/06\\\/Logo_SF_2012.png\",\"contentUrl\":\"https:\\\/\\\/news.save.ch\\\/wp-content\\\/uploads\\\/2022\\\/06\\\/Logo_SF_2012.png\",\"width\":1100,\"height\":91,\"caption\":\"Sicherheitsforum\"},\"image\":{\"@id\":\"https:\\\/\\\/news.save.ch\\\/de\\\/#\\\/schema\\\/logo\\\/image\\\/\"}},{\"@type\":\"Person\",\"@id\":\"https:\\\/\\\/news.save.ch\\\/de\\\/#\\\/schema\\\/person\\\/d49e199490bad7c70d64b9ab51142f2b\",\"name\":\"admin\",\"image\":{\"@type\":\"ImageObject\",\"inLanguage\":\"fr-FR\",\"@id\":\"https:\\\/\\\/secure.gravatar.com\\\/avatar\\\/ae2f4d718e6c49043e314ce431e7e645d646302a24a5ef5a8bc8e3f5a032e319?s=96&d=mm&r=g\",\"url\":\"https:\\\/\\\/secure.gravatar.com\\\/avatar\\\/ae2f4d718e6c49043e314ce431e7e645d646302a24a5ef5a8bc8e3f5a032e319?s=96&d=mm&r=g\",\"contentUrl\":\"https:\\\/\\\/secure.gravatar.com\\\/avatar\\\/ae2f4d718e6c49043e314ce431e7e645d646302a24a5ef5a8bc8e3f5a032e319?s=96&d=mm&r=g\",\"caption\":\"admin\"},\"sameAs\":[\"https:\\\/\\\/develop.organisator.galledia.ch\"],\"url\":\"https:\\\/\\\/news.save.ch\\\/fr\\\/author\\\/admin\\\/\"}]}<\/script>\n<!-- \/ Yoast SEO plugin. -->","yoast_head_json":{"title":"Accord de partenariat - Save","description":"HID Global et la filiale de la Poste SwissSign concluent un partenariat pour la r\u00e9gion DACH.","robots":{"index":"index","follow":"follow","max-snippet":"max-snippet:-1","max-image-preview":"max-image-preview:large","max-video-preview":"max-video-preview:-1"},"canonical":"https:\/\/news.save.ch\/fr\/partnerschaft-vereinbart\/","og_locale":"fr_FR","og_type":"article","og_title":"Partnerschaft vereinbart","og_description":"HID Global und die Posttochter SwissSign gehen f\u00fcr die DACH-Region eine Partnerschaft ein.","og_url":"https:\/\/news.save.ch\/fr\/partnerschaft-vereinbart\/","og_site_name":"Save","article_published_time":"2015-05-07T08:17:01+00:00","article_modified_time":"2023-03-14T07:57:41+00:00","og_image":[{"url":"https:\/\/news.save.ch\/wp-content\/uploads\/2016\/12\/Partnerschaft-vereinbart-it-security.jpg","type":"","width":"","height":""}],"author":"admin","twitter_card":"summary_large_image","twitter_misc":{"\u00c9crit par":"admin","Dur\u00e9e de lecture estim\u00e9e":"1 minute"},"schema":{"@context":"https:\/\/schema.org","@graph":[{"@type":"Article","@id":"https:\/\/news.save.ch\/partnerschaft-vereinbart\/#article","isPartOf":{"@id":"https:\/\/news.save.ch\/partnerschaft-vereinbart\/"},"author":{"name":"admin","@id":"https:\/\/news.save.ch\/de\/#\/schema\/person\/d49e199490bad7c70d64b9ab51142f2b"},"headline":"Partnerschaft vereinbart","datePublished":"2015-05-07T08:17:01+00:00","dateModified":"2023-03-14T07:57:41+00:00","mainEntityOfPage":{"@id":"https:\/\/news.save.ch\/partnerschaft-vereinbart\/"},"wordCount":195,"commentCount":0,"publisher":{"@id":"https:\/\/news.save.ch\/de\/#organization"},"image":{"@id":"https:\/\/news.save.ch\/partnerschaft-vereinbart\/#primaryimage"},"thumbnailUrl":"https:\/\/news.save.ch\/wp-content\/uploads\/2016\/12\/Partnerschaft-vereinbart-it-security-scaled.jpg","keywords":["ICT-Sicherheit","IT-SECURITY"],"articleSection":["DIGITALISIERUNG"],"inLanguage":"fr-FR"},{"@type":"WebPage","@id":"https:\/\/news.save.ch\/partnerschaft-vereinbart\/","url":"https:\/\/news.save.ch\/partnerschaft-vereinbart\/","name":"Accord de partenariat - Save","isPartOf":{"@id":"https:\/\/news.save.ch\/de\/#website"},"primaryImageOfPage":{"@id":"https:\/\/news.save.ch\/partnerschaft-vereinbart\/#primaryimage"},"image":{"@id":"https:\/\/news.save.ch\/partnerschaft-vereinbart\/#primaryimage"},"thumbnailUrl":"https:\/\/news.save.ch\/wp-content\/uploads\/2016\/12\/Partnerschaft-vereinbart-it-security-scaled.jpg","datePublished":"2015-05-07T08:17:01+00:00","dateModified":"2023-03-14T07:57:41+00:00","description":"HID Global et la filiale de la Poste SwissSign concluent un partenariat pour la r\u00e9gion DACH.","breadcrumb":{"@id":"https:\/\/news.save.ch\/partnerschaft-vereinbart\/#breadcrumb"},"inLanguage":"fr-FR","potentialAction":[{"@type":"ReadAction","target":["https:\/\/news.save.ch\/partnerschaft-vereinbart\/"]}]},{"@type":"ImageObject","inLanguage":"fr-FR","@id":"https:\/\/news.save.ch\/partnerschaft-vereinbart\/#primaryimage","url":"https:\/\/news.save.ch\/wp-content\/uploads\/2016\/12\/Partnerschaft-vereinbart-it-security-scaled.jpg","contentUrl":"https:\/\/news.save.ch\/wp-content\/uploads\/2016\/12\/Partnerschaft-vereinbart-it-security-scaled.jpg","width":1400,"height":934},{"@type":"BreadcrumbList","@id":"https:\/\/news.save.ch\/partnerschaft-vereinbart\/#breadcrumb","itemListElement":[{"@type":"ListItem","position":1,"name":"Home","item":"https:\/\/news.save.ch\/de\/"},{"@type":"ListItem","position":2,"name":"Partnerschaft vereinbart"}]},{"@type":"WebSite","@id":"https:\/\/news.save.ch\/de\/#website","url":"https:\/\/news.save.ch\/de\/","name":"Save","description":"Revue suisse sp\u00e9cialis\u00e9e dans la s\u00e9curit\u00e9","publisher":{"@id":"https:\/\/news.save.ch\/de\/#organization"},"potentialAction":[{"@type":"SearchAction","target":{"@type":"EntryPoint","urlTemplate":"https:\/\/news.save.ch\/de\/?s={search_term_string}"},"query-input":{"@type":"PropertyValueSpecification","valueRequired":true,"valueName":"search_term_string"}}],"inLanguage":"fr-FR"},{"@type":"Organization","@id":"https:\/\/news.save.ch\/de\/#organization","name":"Forum sur la s\u00e9curit\u00e9","url":"https:\/\/news.save.ch\/de\/","logo":{"@type":"ImageObject","inLanguage":"fr-FR","@id":"https:\/\/news.save.ch\/de\/#\/schema\/logo\/image\/","url":"https:\/\/news.save.ch\/wp-content\/uploads\/2022\/06\/Logo_SF_2012.png","contentUrl":"https:\/\/news.save.ch\/wp-content\/uploads\/2022\/06\/Logo_SF_2012.png","width":1100,"height":91,"caption":"Sicherheitsforum"},"image":{"@id":"https:\/\/news.save.ch\/de\/#\/schema\/logo\/image\/"}},{"@type":"Person","@id":"https:\/\/news.save.ch\/de\/#\/schema\/person\/d49e199490bad7c70d64b9ab51142f2b","name":"admin","image":{"@type":"ImageObject","inLanguage":"fr-FR","@id":"https:\/\/secure.gravatar.com\/avatar\/ae2f4d718e6c49043e314ce431e7e645d646302a24a5ef5a8bc8e3f5a032e319?s=96&d=mm&r=g","url":"https:\/\/secure.gravatar.com\/avatar\/ae2f4d718e6c49043e314ce431e7e645d646302a24a5ef5a8bc8e3f5a032e319?s=96&d=mm&r=g","contentUrl":"https:\/\/secure.gravatar.com\/avatar\/ae2f4d718e6c49043e314ce431e7e645d646302a24a5ef5a8bc8e3f5a032e319?s=96&d=mm&r=g","caption":"admin"},"sameAs":["https:\/\/develop.organisator.galledia.ch"],"url":"https:\/\/news.save.ch\/fr\/author\/admin\/"}]}},"_links":{"self":[{"href":"https:\/\/news.save.ch\/fr\/wp-json\/wp\/v2\/posts\/358","targetHints":{"allow":["GET"]}}],"collection":[{"href":"https:\/\/news.save.ch\/fr\/wp-json\/wp\/v2\/posts"}],"about":[{"href":"https:\/\/news.save.ch\/fr\/wp-json\/wp\/v2\/types\/post"}],"author":[{"embeddable":true,"href":"https:\/\/news.save.ch\/fr\/wp-json\/wp\/v2\/users\/1"}],"replies":[{"embeddable":true,"href":"https:\/\/news.save.ch\/fr\/wp-json\/wp\/v2\/comments?post=358"}],"version-history":[{"count":1,"href":"https:\/\/news.save.ch\/fr\/wp-json\/wp\/v2\/posts\/358\/revisions"}],"predecessor-version":[{"id":17797,"href":"https:\/\/news.save.ch\/fr\/wp-json\/wp\/v2\/posts\/358\/revisions\/17797"}],"wp:featuredmedia":[{"embeddable":true,"href":"https:\/\/news.save.ch\/fr\/wp-json\/wp\/v2\/media\/359"}],"wp:attachment":[{"href":"https:\/\/news.save.ch\/fr\/wp-json\/wp\/v2\/media?parent=358"}],"wp:term":[{"taxonomy":"category","embeddable":true,"href":"https:\/\/news.save.ch\/fr\/wp-json\/wp\/v2\/categories?post=358"},{"taxonomy":"post_tag","embeddable":true,"href":"https:\/\/news.save.ch\/fr\/wp-json\/wp\/v2\/tags?post=358"}],"curies":[{"name":"wp","href":"https:\/\/api.w.org\/{rel}","templated":true}]}}