{"id":3634,"date":"2018-12-10T14:00:49","date_gmt":"2018-12-10T13:00:49","guid":{"rendered":"https:\/\/news.save.ch\/?p=3634"},"modified":"2023-08-05T01:59:32","modified_gmt":"2023-08-04T23:59:32","slug":"tag-der-menschenrechte","status":null,"type":"post","link":"https:\/\/news.save.ch\/fr\/tag-der-menschenrechte\/","title":{"rendered":"Journ\u00e9e des droits de l'homme"},"content":{"rendered":"<figure id=\"attachment_3636\" aria-describedby=\"caption-attachment-3636\" style=\"width: 680px\" class=\"wp-caption alignnone\"><img loading=\"lazy\" decoding=\"async\" class=\"wp-image-3636 size-medium\" src=\"https:\/\/news.save.ch\/wp-content\/uploads\/2018\/12\/Depositphotos_Rawpixel-scaled-1-680x496.jpg\" alt=\"Droits de l&#039;homme\" width=\"680\" height=\"496\" srcset=\"https:\/\/news.save.ch\/wp-content\/uploads\/2018\/12\/Depositphotos_Rawpixel-scaled-1-680x496.jpg 680w, https:\/\/news.save.ch\/wp-content\/uploads\/2018\/12\/Depositphotos_Rawpixel-scaled-1-1024x747.jpg 1024w, https:\/\/news.save.ch\/wp-content\/uploads\/2018\/12\/Depositphotos_Rawpixel-scaled-1-768x560.jpg 768w, https:\/\/news.save.ch\/wp-content\/uploads\/2018\/12\/Depositphotos_Rawpixel-scaled-1-16x12.jpg 16w, https:\/\/news.save.ch\/wp-content\/uploads\/2018\/12\/Depositphotos_Rawpixel-scaled-1-375x273.jpg 375w, https:\/\/news.save.ch\/wp-content\/uploads\/2018\/12\/Depositphotos_Rawpixel-scaled-1-480x350.jpg 480w, https:\/\/news.save.ch\/wp-content\/uploads\/2018\/12\/Depositphotos_Rawpixel-scaled-1-1000x729.jpg 1000w, https:\/\/news.save.ch\/wp-content\/uploads\/2018\/12\/Depositphotos_Rawpixel-scaled-1.jpg 1200w\" sizes=\"auto, (max-width: 680px) 100vw, 680px\" \/><figcaption id=\"caption-attachment-3636\" class=\"wp-caption-text\">La D\u00e9claration des droits de l'homme est un long chemin que nous devrions tous parcourir et prendre comme base dans nos actions quotidiennes et notre comportement respectueux. C'est la seule fa\u00e7on de parvenir \u00e0 une v\u00e9ritable d\u00e9mocratie et \u00e0 la paix. \u00a9 Depositphotos\/Rawpixel<\/figcaption><\/figure>\n<p>En 1966, le Pacte international relatif aux droits \u00e9conomiques, sociaux et culturels (Pacte ONU I) et le Pacte international relatif aux droits civils et politiques (Pacte ONU II) sont entr\u00e9s en vigueur. La DUDH, le Pacte ONU I et le Pacte ONU II constituent la Charte internationale des droits de l'homme.<\/p>\n<div class=\"listingText eight columns omega\">\n<blockquote><p>\"La v\u00e9rit\u00e9, dit-on, est la premi\u00e8re victime de la guerre\".<\/p><\/blockquote>\n<p>Philip Snowden (1864-1937), est un homme politique britannique et le premier chancelier de l'\u00e9chiquier britannique du parti travailliste. (<a href=\"https:\/\/www.siper.ch\/frieden\/zitate\/\" target=\"_blank\" rel=\"noopener\">Source<\/a>)<\/p>\n<\/div>\n<p>Ci-dessous, les articles pour m\u00e9moire :<\/p>\n<h4>Article premier<\/h4>\n<p>Tous les \u00eatres humains naissent libres et \u00e9gaux en dignit\u00e9 et en droits. Ils sont dou\u00e9s de raison et de conscience et doivent se rencontrer dans un esprit de fraternit\u00e9.<\/p>\n<h4>Article 2<\/h4>\n<p>Chacun peut se pr\u00e9valoir de tous les droits et de toutes les libert\u00e9s proclam\u00e9s dans la pr\u00e9sente D\u00e9claration, sans distinction aucune, notamment de race, de couleur, de sexe, de langue, de religion, d'opinion politique ou de toute autre opinion, d'origine nationale ou sociale, de fortune, de naissance ou de toute autre situation.<\/p>\n<p>En outre, il ne sera fait aucune distinction fond\u00e9e sur le statut politique, juridique ou international du pays ou du territoire dont une personne est ressortissante, que ce pays ou territoire soit ind\u00e9pendant, sous tutelle, non autonome ou soumis \u00e0 une limitation quelconque de sa souverainet\u00e9.<\/p>\n<h4>Article 3<\/h4>\n<p>Toute personne a droit \u00e0 la vie, \u00e0 la libert\u00e9 et \u00e0 la s\u00e9curit\u00e9 de sa personne.<\/p>\n<h4>Article 4<\/h4>\n<p>Nul ne peut \u00eatre tenu en esclavage ni en servitude ; l'esclavage et la traite des esclaves sont interdits sous toutes leurs formes.<\/p>\n<h4>Article 5<\/h4>\n<p>Nul ne peut \u00eatre soumis \u00e0 la torture ni \u00e0 des peines ou traitements cruels, inhumains ou d\u00e9gradants.<\/p>\n<h4>Article 6<\/h4>\n<p>Toute personne a le droit d'\u00eatre reconnue partout comme ayant une capacit\u00e9 juridique.<\/p>\n<h4>Article 7<\/h4>\n<p>Toutes les personnes sont \u00e9gales devant la loi et ont droit sans distinction \u00e0 une \u00e9gale protection de la loi. Tous ont droit \u00e0 une protection \u00e9gale contre toute discrimination qui violerait la pr\u00e9sente D\u00e9claration et contre toute incitation \u00e0 une telle discrimination.<\/p>\n<h4>Article 8<\/h4>\n<p>Toute personne a droit \u00e0 un recours effectif devant les juridictions nationales comp\u00e9tentes contre les actes violant les droits fondamentaux dont elle jouit en vertu de la Constitution ou de la loi.<\/p>\n<h4>Article 9<\/h4>\n<p>Nul ne peut \u00eatre arbitrairement arr\u00eat\u00e9, d\u00e9tenu ou expuls\u00e9 du pays.<\/p>\n<h4>Article 10<\/h4>\n<p>Toute personne a droit, en pleine \u00e9galit\u00e9, \u00e0 ce que sa cause soit entendue \u00e9quitablement et publiquement par un tribunal ind\u00e9pendant et impartial, pour la d\u00e9termination de ses droits et obligations et en cas d'accusation en mati\u00e8re p\u00e9nale dirig\u00e9e contre elle.<\/p>\n<h4>Article 11<\/h4>\n<ol>\n<li>Toute personne accus\u00e9e d'un acte d\u00e9lictueux a le droit d'\u00eatre pr\u00e9sum\u00e9e innocente tant que sa culpabilit\u00e9 n'a pas \u00e9t\u00e9 \u00e9tablie au cours d'un proc\u00e8s public o\u00f9 elle a b\u00e9n\u00e9fici\u00e9 de toutes les garanties n\u00e9cessaires \u00e0 sa d\u00e9fense, conform\u00e9ment \u00e0 la loi.<\/li>\n<li>Nul ne peut \u00eatre condamn\u00e9 pour une action ou une omission qui, au moment o\u00f9 elle a \u00e9t\u00e9 commise, ne constituait pas une infraction d'apr\u00e8s le droit national ou international. De m\u00eame, aucune peine plus s\u00e9v\u00e8re que celle qui \u00e9tait encourue au moment o\u00f9 l'acte punissable a \u00e9t\u00e9 commis ne peut \u00eatre inflig\u00e9e.<\/li>\n<\/ol>\n<h4>Article 12<\/h4>\n<p>Nul ne fera l'objet d'immixtions arbitraires dans sa vie priv\u00e9e, sa famille, son domicile ou sa correspondance, ni d'atteintes \u00e0 son honneur et \u00e0 sa r\u00e9putation. Toute personne a droit \u00e0 la protection de la loi contre de telles immixtions ou de telles atteintes.<\/p>\n<h4>Article 13<\/h4>\n<ol>\n<li>Toute personne a le droit de circuler librement \u00e0 l'int\u00e9rieur d'un \u00c9tat et de choisir son lieu de r\u00e9sidence.<\/li>\n<li>Toute personne a le droit de quitter tout pays, y compris le sien, et de revenir dans son pays.<\/li>\n<\/ol>\n<h4>Article 14<\/h4>\n<ol>\n<li>Toute personne a le droit de demander l'asile et d'en b\u00e9n\u00e9ficier dans d'autres pays pour \u00e9chapper \u00e0 la pers\u00e9cution.<\/li>\n<li>Ce droit ne peut \u00eatre invoqu\u00e9 en cas de poursuites p\u00e9nales effectivement engag\u00e9es pour des crimes de nature non politique ou pour des actes contraires aux buts et aux principes des Nations unies.<\/li>\n<\/ol>\n<h4>Article 15<\/h4>\n<ol>\n<li>Toute personne a droit \u00e0 une nationalit\u00e9.<\/li>\n<li>Nul ne peut \u00eatre arbitrairement priv\u00e9 de sa nationalit\u00e9 ni du droit de changer de nationalit\u00e9.<\/li>\n<\/ol>\n<h4>Article 16<\/h4>\n<ol>\n<li>Les femmes et les hommes en \u00e2ge de se marier ont le droit de se marier et de fonder une famille sans aucune restriction fond\u00e9e sur la race, la nationalit\u00e9 ou la religion. Ils ont des droits \u00e9gaux lors de la conclusion du mariage, pendant le mariage et lors de sa dissolution.<\/li>\n<li>Un mariage ne peut \u00eatre conclu qu'avec l'accord libre et inconditionnel des futurs \u00e9poux.<\/li>\n<li>La famille est la cellule de base naturelle de la soci\u00e9t\u00e9 et a droit \u00e0 la protection de la soci\u00e9t\u00e9 et de l'\u00c9tat.<\/li>\n<\/ol>\n<h4>Article 17<\/h4>\n<ol>\n<li>Toute personne a le droit de poss\u00e9der des biens, tant individuellement qu'en association avec d'autres.<\/li>\n<li>Nul ne peut \u00eatre arbitrairement priv\u00e9 de sa propri\u00e9t\u00e9.<\/li>\n<\/ol>\n<h4>Article 18<\/h4>\n<p>Toute personne a droit \u00e0 la libert\u00e9 de pens\u00e9e, de conscience et de religion ; ce droit implique la libert\u00e9 de changer de religion ou de conviction ainsi que la libert\u00e9 de manifester sa religion ou sa conviction seule ou en commun, tant en public qu'en priv\u00e9, par l'enseignement, les pratiques, le culte et l'accomplissement des rites.<\/p>\n<h4>Article 19<\/h4>\n<p>Toute personne a droit \u00e0 la libert\u00e9 d'opinion et d'expression, ce qui implique le droit de ne pas \u00eatre inqui\u00e9t\u00e9 pour ses opinions et celui de chercher, de recevoir et de r\u00e9pandre, sans consid\u00e9rations de fronti\u00e8res, les informations et les id\u00e9es par quelque moyen d'expression que ce soit.<\/p>\n<h4>Article 20<\/h4>\n<ol>\n<li>Tous les \u00eatres humains ont le droit de se r\u00e9unir pacifiquement et de se regrouper en associations.<\/li>\n<li>Nul ne peut \u00eatre contraint d'appartenir \u00e0 une association.<\/li>\n<\/ol>\n<h4>Article 21<\/h4>\n<ol>\n<li>Toute personne a le droit de prendre part \u00e0 la direction des affaires publiques de son pays, soit directement, soit par l'interm\u00e9diaire de repr\u00e9sentants librement choisis.<\/li>\n<li>Toute personne a le droit d'acc\u00e9der, dans des conditions d'\u00e9galit\u00e9, aux fonctions publiques de son pays.<\/li>\n<li>La volont\u00e9 du peuple est le fondement de l'autorit\u00e9 des pouvoirs publics ; cette volont\u00e9 doit s'exprimer par des \u00e9lections r\u00e9guli\u00e8res, sinc\u00e8res, universelles et \u00e9gales, au scrutin secret ou suivant une proc\u00e9dure \u00e9quivalente de vote libre.<\/li>\n<\/ol>\n<h4>Article 22<\/h4>\n<p>Toute personne, en tant que membre de la soci\u00e9t\u00e9, a droit \u00e0 la s\u00e9curit\u00e9 sociale et peut pr\u00e9tendre \u00e0 la jouissance des droits \u00e9conomiques, sociaux et culturels indispensables \u00e0 sa dignit\u00e9 et au libre d\u00e9veloppement de sa personnalit\u00e9, gr\u00e2ce \u00e0 l'application de mesures nationales et \u00e0 la coop\u00e9ration internationale, compte tenu de l'organisation et des ressources de chaque Etat.<\/p>\n<h4>Article 23<\/h4>\n<ol>\n<li>Toute personne a le droit de travailler, de choisir librement sa profession, de b\u00e9n\u00e9ficier de conditions de travail \u00e9quitables et satisfaisantes et d'\u00eatre prot\u00e9g\u00e9e contre le ch\u00f4mage.<\/li>\n<li>Chacun, sans distinction, a droit \u00e0 un salaire \u00e9gal pour un travail \u00e9gal.<\/li>\n<li>Toute personne qui travaille a droit \u00e0 une r\u00e9mun\u00e9ration \u00e9quitable et satisfaisante lui assurant ainsi qu'\u00e0 sa famille une existence conforme \u00e0 la dignit\u00e9 humaine, compl\u00e9t\u00e9e, le cas \u00e9ch\u00e9ant, par d'autres mesures de protection sociale.<\/li>\n<li>Toute personne a le droit de former des syndicats et d'y adh\u00e9rer pour la d\u00e9fense de ses int\u00e9r\u00eats.<\/li>\n<\/ol>\n<h4>Article 24<\/h4>\n<p>Chacun a droit au repos et aux loisirs, et notamment \u00e0 une limitation raisonnable du temps de travail et \u00e0 des cong\u00e9s pay\u00e9s r\u00e9guliers.<\/p>\n<h4>Article 25<\/h4>\n<ol>\n<li>Toute personne a droit \u00e0 un niveau de vie suffisant pour assurer sa sant\u00e9, son bien-\u00eatre et ceux de sa famille, notamment pour l'alimentation, l'habillement, le logement, les soins m\u00e9dicaux ainsi que pour les services sociaux n\u00e9cessaires, et a droit \u00e0 la s\u00e9curit\u00e9 en cas de ch\u00f4mage, de maladie, d'invalidit\u00e9, de veuvage, de vieillesse ou de toute autre perte de ses moyens de subsistance r\u00e9sultant de circonstances ind\u00e9pendantes de sa volont\u00e9.<\/li>\n<li>Les m\u00e8res et les enfants ont droit \u00e0 une assistance et \u00e0 un soutien particuliers. Tous les enfants, qu'ils soient n\u00e9s dans le mariage ou hors mariage, b\u00e9n\u00e9ficient de la m\u00eame protection sociale.<\/li>\n<\/ol>\n<h4>Article 26<\/h4>\n<ol>\n<li>Tout le monde a droit \u00e0 l'\u00e9ducation. L'enseignement est gratuit, au moins l'enseignement primaire et l'enseignement de base. L'enseignement primaire est obligatoire. L'enseignement technique et professionnel doit \u00eatre g\u00e9n\u00e9ralis\u00e9 et l'enseignement sup\u00e9rieur doit \u00eatre ouvert \u00e0 tous de mani\u00e8re \u00e9gale en fonction de leurs capacit\u00e9s.<\/li>\n<li>L'\u00e9ducation doit viser au plein \u00e9panouissement de la personnalit\u00e9 humaine et au renforcement du respect des droits de l'homme et des libert\u00e9s fondamentales. Elle doit contribuer \u00e0 la compr\u00e9hension, \u00e0 la tol\u00e9rance et \u00e0 l'amiti\u00e9 entre toutes les nations et tous les groupes raciaux ou religieux, et favoriser l'action des Nations Unies en faveur du maintien de la paix.<\/li>\n<li>Les parents ont un droit prioritaire de choisir le type d'\u00e9ducation qu'ils souhaitent donner \u00e0 leurs enfants.<\/li>\n<\/ol>\n<h4>Article 27<\/h4>\n<ol>\n<li>Toute personne a le droit de prendre part librement \u00e0 la vie culturelle de la communaut\u00e9, de jouir des arts et de participer au progr\u00e8s scientifique et \u00e0 ses r\u00e9alisations.<\/li>\n<li>Toute personne a droit \u00e0 la protection des int\u00e9r\u00eats intellectuels et mat\u00e9riels qu'elle tire de sa qualit\u00e9 d'auteur d'\u0153uvres scientifiques, litt\u00e9raires ou artistiques.<\/li>\n<\/ol>\n<h4>Article 28<\/h4>\n<p>Toute personne a droit \u00e0 ce que r\u00e8gne, sur le plan social et sur le plan international, un ordre tel que les droits et libert\u00e9s \u00e9nonc\u00e9s dans la pr\u00e9sente D\u00e9claration puissent y \u00eatre pleinement r\u00e9alis\u00e9s.<\/p>\n<h4>Article 29<\/h4>\n<ol>\n<li>Chacun a des devoirs envers la communaut\u00e9, qui seule permet le libre et plein \u00e9panouissement de sa personnalit\u00e9.<\/li>\n<li>Dans l'exercice de ses droits et libert\u00e9s, chacun n'est soumis qu'aux limitations \u00e9tablies par la loi exclusivement en vue d'assurer la reconnaissance et le respect des droits et libert\u00e9s d'autrui et de satisfaire aux justes exigences de la morale, de l'ordre public et du bien-\u00eatre g\u00e9n\u00e9ral dans une soci\u00e9t\u00e9 d\u00e9mocratique.<\/li>\n<li>Ces droits et libert\u00e9s ne peuvent en aucun cas \u00eatre exerc\u00e9s en contradiction avec les buts et principes des Nations unies.<\/li>\n<\/ol>\n<h4>Article 30<\/h4>\n<p>Aucune disposition de la pr\u00e9sente D\u00e9claration ne peut \u00eatre interpr\u00e9t\u00e9e comme impliquant pour un \u00c9tat, un groupement ou un individu un droit quelconque de se livrer \u00e0 une activit\u00e9 ou d'accomplir un acte visant \u00e0 la destruction des droits et libert\u00e9s qui y sont \u00e9nonc\u00e9s.<\/p>\n<p>Source de la traduction allemande : <a href=\"https:\/\/www.ohchr.org\/EN\/NewsEvents\/Pages\/DisplayNews.aspx?NewsID=23983&amp;LangID=E\" target=\"_blank\" rel=\"noopener\">www.humanrights.ch<\/a><\/p>\n<p><a href=\"https:\/\/www.edi.admin.ch\/edi\/de\/home\/fachstellen\/ebgb\/recht\/international0\/menschenrechte.html\" target=\"_blank\" rel=\"noopener\">Informations de la Conf\u00e9d\u00e9ration<\/a><\/p>\n<p><a href=\"http:\/\/www.standup4humanrights.org\/en\/index.html\" target=\"_blank\" rel=\"noopener\">Manifestations et \u00e9v\u00e9nements<\/a> pour le 70e anniversaire de la Convention des droits de l'homme<\/p>\n<p>D\u00e9claration sur le <a href=\"https:\/\/www.ohchr.org\/EN\/NewsEvents\/Pages\/DisplayNews.aspx?NewsID=23983&amp;LangID=E\" target=\"_blank\" rel=\"noopener\">70e anniversaire des droits de l'homme<\/a> et <a href=\"https:\/\/www.youtube.com\/watch?v=tktW_6Pwoh0&amp;feature=youtu.be\" target=\"_blank\" rel=\"noopener\">Message vid\u00e9o<\/a><\/p>\n<p><a href=\"https:\/\/www.siper.ch\/\" target=\"_blank\" rel=\"noopener\">Institut suisse de recherche sur la paix et l'\u00e9nergie (SIPER)<\/a><\/p>\n<p>Combien d'\u00c9tats ont <a href=\"https:\/\/www.institut-fuer-menschenrechte.de\/themen\/entwicklungspolitik\/oft-gestellte-fragen\/wie-viele-staaten-haben-die-menschenrechtsabkommen-ratifiziert\/\" target=\"_blank\" rel=\"noopener\">Convention sur les droits de l'homme ratifi\u00e9e<\/a>?<\/p>","protected":false},"excerpt":{"rendered":"<p>1966 traten dann der Internationale Pakt \u00fcber wirtschaftliche, soziale und kulturelle Rechte (Pakt UNO I) und der Internationale Pakt \u00fcber b\u00fcrgerliche und politische Rechte (UNO Pakt II) in Kraft. Die AEMR, der UNO Pakt I und der UNO Pakt II bilden die Internationale Charta der Menschenrechte. \u00abDie Wahrheit, so sagt man, ist das erste Opfer [&hellip;]<\/p>\n","protected":false},"author":1,"featured_media":3637,"comment_status":"closed","ping_status":"closed","sticky":false,"template":"","format":"standard","meta":{"_acf_changed":false,"pgc_sgb_lightbox_settings":"","footnotes":""},"categories":[1,3314],"tags":[1600,1926,2080,1438,6017,2317,6016,2689,3758,2864,2929,1493],"class_list":["post-3634","post","type-post","status-publish","format-standard","has-post-thumbnail","hentry","category-allgemein","category-health-safety","tag-aemr","tag-diskriminierung","tag-folter","tag-freiheit","tag-gleichheit","tag-internationale-charta-der-menschenrechte","tag-menschenrechte","tag-philip-snowden","tag-rechtsstaatlichkeit","tag-schutz","tag-sklaverei","tag-uno"],"acf":[],"hkrextid":null,"publication":null,"issue":null,"workflow":null,"startPage":null,"spitzmarke":null,"_posts_by_tag_page_fields":{"widget_title":"","widget_tags":""},"_at_widget":"1","_yoast_wpseo_primary_category":"1","_yoast_wpseo_focuskw_text_input":null,"_yoast_wpseo_opengraph-image":null,"_yoast_wpseo_opengraph-description":null,"_yoast_wpseo_opengraph-title":null,"enclosure":null,"_yoast_wpseo_twitter-title":null,"_yoast_wpseo_twitter-description":null,"_yoast_wpseo_twitter-image":null,"_wp_old_slug":null,"_yoast_wpseo_title":null,"_yoast_wpseo_canonical":null,"yoast_head":"<!-- This site is optimized with the Yoast SEO plugin v27.4 - https:\/\/yoast.com\/product\/yoast-seo-wordpress\/ -->\n<title>Tag der Menschenrechte - Save<\/title>\n<meta name=\"description\" content=\"Die Allgemeine Erkl\u00e4rung der Menschenrechte (AEMR) wurde von der Generalversammlung der UNO am 10. Dezember 1948 verabschiedet. Sie gilt als Grundlage des internationalen Rechts in Belangen der Menschenrechte. Leider ist die Umsetzung bei vielen Punkten bis zum heutigen Tag nur ein Wunschtraum und wird vor allem auch von den L\u00e4ndern mit F\u00fcssen getreten, die sie vor 70 Jahren proklamiert hatten.\" \/>\n<meta name=\"robots\" content=\"index, follow, max-snippet:-1, max-image-preview:large, max-video-preview:-1\" \/>\n<link rel=\"canonical\" href=\"https:\/\/news.save.ch\/fr\/tag-der-menschenrechte\/\" \/>\n<meta property=\"og:locale\" content=\"fr_FR\" \/>\n<meta property=\"og:type\" content=\"article\" \/>\n<meta property=\"og:title\" content=\"Tag der Menschenrechte - Save\" \/>\n<meta property=\"og:description\" content=\"Die Allgemeine Erkl\u00e4rung der Menschenrechte (AEMR) wurde von der Generalversammlung der UNO am 10. Dezember 1948 verabschiedet. Sie gilt als Grundlage des internationalen Rechts in Belangen der Menschenrechte. Leider ist die Umsetzung bei vielen Punkten bis zum heutigen Tag nur ein Wunschtraum und wird vor allem auch von den L\u00e4ndern mit F\u00fcssen getreten, die sie vor 70 Jahren proklamiert hatten.\" \/>\n<meta property=\"og:url\" content=\"https:\/\/news.save.ch\/fr\/tag-der-menschenrechte\/\" \/>\n<meta property=\"og:site_name\" content=\"Save\" \/>\n<meta property=\"article:published_time\" content=\"2018-12-10T13:00:49+00:00\" \/>\n<meta property=\"article:modified_time\" content=\"2023-08-04T23:59:32+00:00\" \/>\n<meta property=\"og:image\" content=\"https:\/\/news.save.ch\/wp-content\/uploads\/2018\/12\/Depositphotos_vladek-scaled-1.jpg\" \/>\n\t<meta property=\"og:image:width\" content=\"1200\" \/>\n\t<meta property=\"og:image:height\" content=\"795\" \/>\n\t<meta property=\"og:image:type\" content=\"image\/jpeg\" \/>\n<meta name=\"author\" content=\"admin\" \/>\n<meta name=\"twitter:card\" content=\"summary_large_image\" \/>\n<meta name=\"twitter:label1\" content=\"\u00c9crit par\" \/>\n\t<meta name=\"twitter:data1\" content=\"admin\" \/>\n\t<meta name=\"twitter:label2\" content=\"Dur\u00e9e de lecture estim\u00e9e\" \/>\n\t<meta name=\"twitter:data2\" content=\"9 minutes\" \/>\n<script type=\"application\/ld+json\" class=\"yoast-schema-graph\">{\"@context\":\"https:\\\/\\\/schema.org\",\"@graph\":[{\"@type\":\"Article\",\"@id\":\"https:\\\/\\\/news.save.ch\\\/tag-der-menschenrechte\\\/#article\",\"isPartOf\":{\"@id\":\"https:\\\/\\\/news.save.ch\\\/tag-der-menschenrechte\\\/\"},\"author\":{\"name\":\"admin\",\"@id\":\"https:\\\/\\\/news.save.ch\\\/de\\\/#\\\/schema\\\/person\\\/d49e199490bad7c70d64b9ab51142f2b\"},\"headline\":\"Tag der Menschenrechte\",\"datePublished\":\"2018-12-10T13:00:49+00:00\",\"dateModified\":\"2023-08-04T23:59:32+00:00\",\"mainEntityOfPage\":{\"@id\":\"https:\\\/\\\/news.save.ch\\\/tag-der-menschenrechte\\\/\"},\"wordCount\":1571,\"publisher\":{\"@id\":\"https:\\\/\\\/news.save.ch\\\/de\\\/#organization\"},\"image\":{\"@id\":\"https:\\\/\\\/news.save.ch\\\/tag-der-menschenrechte\\\/#primaryimage\"},\"thumbnailUrl\":\"https:\\\/\\\/news.save.ch\\\/wp-content\\\/uploads\\\/2018\\\/12\\\/Depositphotos_vladek-scaled-1.jpg\",\"keywords\":[\"AEMR\",\"Diskriminierung\",\"Folter\",\"Freiheit\",\"Gleichheit\",\"Internationale Charta der Menschenrechte\",\"Menschenrechte\",\"Philip Snowden\",\"Rechtsstaatlichkeit\",\"Schutz\",\"Sklaverei\",\"UNO\"],\"articleSection\":[\"ALLGEMEIN\",\"HEALTH &amp; SAFETY\"],\"inLanguage\":\"fr-FR\"},{\"@type\":\"WebPage\",\"@id\":\"https:\\\/\\\/news.save.ch\\\/tag-der-menschenrechte\\\/\",\"url\":\"https:\\\/\\\/news.save.ch\\\/tag-der-menschenrechte\\\/\",\"name\":\"Tag der Menschenrechte - Save\",\"isPartOf\":{\"@id\":\"https:\\\/\\\/news.save.ch\\\/de\\\/#website\"},\"primaryImageOfPage\":{\"@id\":\"https:\\\/\\\/news.save.ch\\\/tag-der-menschenrechte\\\/#primaryimage\"},\"image\":{\"@id\":\"https:\\\/\\\/news.save.ch\\\/tag-der-menschenrechte\\\/#primaryimage\"},\"thumbnailUrl\":\"https:\\\/\\\/news.save.ch\\\/wp-content\\\/uploads\\\/2018\\\/12\\\/Depositphotos_vladek-scaled-1.jpg\",\"datePublished\":\"2018-12-10T13:00:49+00:00\",\"dateModified\":\"2023-08-04T23:59:32+00:00\",\"description\":\"Die Allgemeine Erkl\u00e4rung der Menschenrechte (AEMR) wurde von der Generalversammlung der UNO am 10. Dezember 1948 verabschiedet. Sie gilt als Grundlage des internationalen Rechts in Belangen der Menschenrechte. Leider ist die Umsetzung bei vielen Punkten bis zum heutigen Tag nur ein Wunschtraum und wird vor allem auch von den L\u00e4ndern mit F\u00fcssen getreten, die sie vor 70 Jahren proklamiert hatten.\",\"breadcrumb\":{\"@id\":\"https:\\\/\\\/news.save.ch\\\/tag-der-menschenrechte\\\/#breadcrumb\"},\"inLanguage\":\"fr-FR\",\"potentialAction\":[{\"@type\":\"ReadAction\",\"target\":[\"https:\\\/\\\/news.save.ch\\\/tag-der-menschenrechte\\\/\"]}]},{\"@type\":\"ImageObject\",\"inLanguage\":\"fr-FR\",\"@id\":\"https:\\\/\\\/news.save.ch\\\/tag-der-menschenrechte\\\/#primaryimage\",\"url\":\"https:\\\/\\\/news.save.ch\\\/wp-content\\\/uploads\\\/2018\\\/12\\\/Depositphotos_vladek-scaled-1.jpg\",\"contentUrl\":\"https:\\\/\\\/news.save.ch\\\/wp-content\\\/uploads\\\/2018\\\/12\\\/Depositphotos_vladek-scaled-1.jpg\",\"width\":1200,\"height\":795},{\"@type\":\"BreadcrumbList\",\"@id\":\"https:\\\/\\\/news.save.ch\\\/tag-der-menschenrechte\\\/#breadcrumb\",\"itemListElement\":[{\"@type\":\"ListItem\",\"position\":1,\"name\":\"Home\",\"item\":\"https:\\\/\\\/news.save.ch\\\/de\\\/\"},{\"@type\":\"ListItem\",\"position\":2,\"name\":\"Tag der Menschenrechte\"}]},{\"@type\":\"WebSite\",\"@id\":\"https:\\\/\\\/news.save.ch\\\/de\\\/#website\",\"url\":\"https:\\\/\\\/news.save.ch\\\/de\\\/\",\"name\":\"Save\",\"description\":\"Schweizer Fachzeitschrift f\u00fcr Sicherheit\",\"publisher\":{\"@id\":\"https:\\\/\\\/news.save.ch\\\/de\\\/#organization\"},\"potentialAction\":[{\"@type\":\"SearchAction\",\"target\":{\"@type\":\"EntryPoint\",\"urlTemplate\":\"https:\\\/\\\/news.save.ch\\\/de\\\/?s={search_term_string}\"},\"query-input\":{\"@type\":\"PropertyValueSpecification\",\"valueRequired\":true,\"valueName\":\"search_term_string\"}}],\"inLanguage\":\"fr-FR\"},{\"@type\":\"Organization\",\"@id\":\"https:\\\/\\\/news.save.ch\\\/de\\\/#organization\",\"name\":\"Sicherheitsforum\",\"url\":\"https:\\\/\\\/news.save.ch\\\/de\\\/\",\"logo\":{\"@type\":\"ImageObject\",\"inLanguage\":\"fr-FR\",\"@id\":\"https:\\\/\\\/news.save.ch\\\/de\\\/#\\\/schema\\\/logo\\\/image\\\/\",\"url\":\"https:\\\/\\\/news.save.ch\\\/wp-content\\\/uploads\\\/2022\\\/06\\\/Logo_SF_2012.png\",\"contentUrl\":\"https:\\\/\\\/news.save.ch\\\/wp-content\\\/uploads\\\/2022\\\/06\\\/Logo_SF_2012.png\",\"width\":1100,\"height\":91,\"caption\":\"Sicherheitsforum\"},\"image\":{\"@id\":\"https:\\\/\\\/news.save.ch\\\/de\\\/#\\\/schema\\\/logo\\\/image\\\/\"}},{\"@type\":\"Person\",\"@id\":\"https:\\\/\\\/news.save.ch\\\/de\\\/#\\\/schema\\\/person\\\/d49e199490bad7c70d64b9ab51142f2b\",\"name\":\"admin\",\"image\":{\"@type\":\"ImageObject\",\"inLanguage\":\"fr-FR\",\"@id\":\"https:\\\/\\\/secure.gravatar.com\\\/avatar\\\/ae2f4d718e6c49043e314ce431e7e645d646302a24a5ef5a8bc8e3f5a032e319?s=96&d=mm&r=g\",\"url\":\"https:\\\/\\\/secure.gravatar.com\\\/avatar\\\/ae2f4d718e6c49043e314ce431e7e645d646302a24a5ef5a8bc8e3f5a032e319?s=96&d=mm&r=g\",\"contentUrl\":\"https:\\\/\\\/secure.gravatar.com\\\/avatar\\\/ae2f4d718e6c49043e314ce431e7e645d646302a24a5ef5a8bc8e3f5a032e319?s=96&d=mm&r=g\",\"caption\":\"admin\"},\"sameAs\":[\"https:\\\/\\\/develop.organisator.galledia.ch\"],\"url\":\"https:\\\/\\\/news.save.ch\\\/fr\\\/author\\\/admin\\\/\"}]}<\/script>\n<!-- \/ Yoast SEO plugin. -->","yoast_head_json":{"title":"Journ\u00e9e des droits de l'homme - Save","description":"La D\u00e9claration universelle des droits de l'homme (DUDH) a \u00e9t\u00e9 adopt\u00e9e par l'Assembl\u00e9e g\u00e9n\u00e9rale de l'ONU le 10 d\u00e9cembre 1948. Elle est consid\u00e9r\u00e9e comme la base du droit international en mati\u00e8re de droits de l'homme. Malheureusement, la mise en \u0153uvre de nombreux points n'est \u00e0 ce jour qu'un v\u0153u pieux et est surtout foul\u00e9e aux pieds par les pays qui l'ont proclam\u00e9e il y a 70 ans.","robots":{"index":"index","follow":"follow","max-snippet":"max-snippet:-1","max-image-preview":"max-image-preview:large","max-video-preview":"max-video-preview:-1"},"canonical":"https:\/\/news.save.ch\/fr\/tag-der-menschenrechte\/","og_locale":"fr_FR","og_type":"article","og_title":"Tag der Menschenrechte - Save","og_description":"Die Allgemeine Erkl\u00e4rung der Menschenrechte (AEMR) wurde von der Generalversammlung der UNO am 10. Dezember 1948 verabschiedet. Sie gilt als Grundlage des internationalen Rechts in Belangen der Menschenrechte. Leider ist die Umsetzung bei vielen Punkten bis zum heutigen Tag nur ein Wunschtraum und wird vor allem auch von den L\u00e4ndern mit F\u00fcssen getreten, die sie vor 70 Jahren proklamiert hatten.","og_url":"https:\/\/news.save.ch\/fr\/tag-der-menschenrechte\/","og_site_name":"Save","article_published_time":"2018-12-10T13:00:49+00:00","article_modified_time":"2023-08-04T23:59:32+00:00","og_image":[{"width":1200,"height":795,"url":"https:\/\/news.save.ch\/wp-content\/uploads\/2018\/12\/Depositphotos_vladek-scaled-1.jpg","type":"image\/jpeg"}],"author":"admin","twitter_card":"summary_large_image","twitter_misc":{"\u00c9crit par":"admin","Dur\u00e9e de lecture estim\u00e9e":"9 minutes"},"schema":{"@context":"https:\/\/schema.org","@graph":[{"@type":"Article","@id":"https:\/\/news.save.ch\/tag-der-menschenrechte\/#article","isPartOf":{"@id":"https:\/\/news.save.ch\/tag-der-menschenrechte\/"},"author":{"name":"admin","@id":"https:\/\/news.save.ch\/de\/#\/schema\/person\/d49e199490bad7c70d64b9ab51142f2b"},"headline":"Tag der Menschenrechte","datePublished":"2018-12-10T13:00:49+00:00","dateModified":"2023-08-04T23:59:32+00:00","mainEntityOfPage":{"@id":"https:\/\/news.save.ch\/tag-der-menschenrechte\/"},"wordCount":1571,"publisher":{"@id":"https:\/\/news.save.ch\/de\/#organization"},"image":{"@id":"https:\/\/news.save.ch\/tag-der-menschenrechte\/#primaryimage"},"thumbnailUrl":"https:\/\/news.save.ch\/wp-content\/uploads\/2018\/12\/Depositphotos_vladek-scaled-1.jpg","keywords":["AEMR","Diskriminierung","Folter","Freiheit","Gleichheit","Internationale Charta der Menschenrechte","Menschenrechte","Philip Snowden","Rechtsstaatlichkeit","Schutz","Sklaverei","UNO"],"articleSection":["ALLGEMEIN","HEALTH &amp; SAFETY"],"inLanguage":"fr-FR"},{"@type":"WebPage","@id":"https:\/\/news.save.ch\/tag-der-menschenrechte\/","url":"https:\/\/news.save.ch\/tag-der-menschenrechte\/","name":"Journ\u00e9e des droits de l'homme - Save","isPartOf":{"@id":"https:\/\/news.save.ch\/de\/#website"},"primaryImageOfPage":{"@id":"https:\/\/news.save.ch\/tag-der-menschenrechte\/#primaryimage"},"image":{"@id":"https:\/\/news.save.ch\/tag-der-menschenrechte\/#primaryimage"},"thumbnailUrl":"https:\/\/news.save.ch\/wp-content\/uploads\/2018\/12\/Depositphotos_vladek-scaled-1.jpg","datePublished":"2018-12-10T13:00:49+00:00","dateModified":"2023-08-04T23:59:32+00:00","description":"La D\u00e9claration universelle des droits de l'homme (DUDH) a \u00e9t\u00e9 adopt\u00e9e par l'Assembl\u00e9e g\u00e9n\u00e9rale de l'ONU le 10 d\u00e9cembre 1948. Elle est consid\u00e9r\u00e9e comme la base du droit international en mati\u00e8re de droits de l'homme. Malheureusement, la mise en \u0153uvre de nombreux points n'est \u00e0 ce jour qu'un v\u0153u pieux et est surtout foul\u00e9e aux pieds par les pays qui l'ont proclam\u00e9e il y a 70 ans.","breadcrumb":{"@id":"https:\/\/news.save.ch\/tag-der-menschenrechte\/#breadcrumb"},"inLanguage":"fr-FR","potentialAction":[{"@type":"ReadAction","target":["https:\/\/news.save.ch\/tag-der-menschenrechte\/"]}]},{"@type":"ImageObject","inLanguage":"fr-FR","@id":"https:\/\/news.save.ch\/tag-der-menschenrechte\/#primaryimage","url":"https:\/\/news.save.ch\/wp-content\/uploads\/2018\/12\/Depositphotos_vladek-scaled-1.jpg","contentUrl":"https:\/\/news.save.ch\/wp-content\/uploads\/2018\/12\/Depositphotos_vladek-scaled-1.jpg","width":1200,"height":795},{"@type":"BreadcrumbList","@id":"https:\/\/news.save.ch\/tag-der-menschenrechte\/#breadcrumb","itemListElement":[{"@type":"ListItem","position":1,"name":"Home","item":"https:\/\/news.save.ch\/de\/"},{"@type":"ListItem","position":2,"name":"Tag der Menschenrechte"}]},{"@type":"WebSite","@id":"https:\/\/news.save.ch\/de\/#website","url":"https:\/\/news.save.ch\/de\/","name":"Save","description":"Revue suisse sp\u00e9cialis\u00e9e dans la s\u00e9curit\u00e9","publisher":{"@id":"https:\/\/news.save.ch\/de\/#organization"},"potentialAction":[{"@type":"SearchAction","target":{"@type":"EntryPoint","urlTemplate":"https:\/\/news.save.ch\/de\/?s={search_term_string}"},"query-input":{"@type":"PropertyValueSpecification","valueRequired":true,"valueName":"search_term_string"}}],"inLanguage":"fr-FR"},{"@type":"Organization","@id":"https:\/\/news.save.ch\/de\/#organization","name":"Forum sur la s\u00e9curit\u00e9","url":"https:\/\/news.save.ch\/de\/","logo":{"@type":"ImageObject","inLanguage":"fr-FR","@id":"https:\/\/news.save.ch\/de\/#\/schema\/logo\/image\/","url":"https:\/\/news.save.ch\/wp-content\/uploads\/2022\/06\/Logo_SF_2012.png","contentUrl":"https:\/\/news.save.ch\/wp-content\/uploads\/2022\/06\/Logo_SF_2012.png","width":1100,"height":91,"caption":"Sicherheitsforum"},"image":{"@id":"https:\/\/news.save.ch\/de\/#\/schema\/logo\/image\/"}},{"@type":"Person","@id":"https:\/\/news.save.ch\/de\/#\/schema\/person\/d49e199490bad7c70d64b9ab51142f2b","name":"admin","image":{"@type":"ImageObject","inLanguage":"fr-FR","@id":"https:\/\/secure.gravatar.com\/avatar\/ae2f4d718e6c49043e314ce431e7e645d646302a24a5ef5a8bc8e3f5a032e319?s=96&d=mm&r=g","url":"https:\/\/secure.gravatar.com\/avatar\/ae2f4d718e6c49043e314ce431e7e645d646302a24a5ef5a8bc8e3f5a032e319?s=96&d=mm&r=g","contentUrl":"https:\/\/secure.gravatar.com\/avatar\/ae2f4d718e6c49043e314ce431e7e645d646302a24a5ef5a8bc8e3f5a032e319?s=96&d=mm&r=g","caption":"admin"},"sameAs":["https:\/\/develop.organisator.galledia.ch"],"url":"https:\/\/news.save.ch\/fr\/author\/admin\/"}]}},"_links":{"self":[{"href":"https:\/\/news.save.ch\/fr\/wp-json\/wp\/v2\/posts\/3634","targetHints":{"allow":["GET"]}}],"collection":[{"href":"https:\/\/news.save.ch\/fr\/wp-json\/wp\/v2\/posts"}],"about":[{"href":"https:\/\/news.save.ch\/fr\/wp-json\/wp\/v2\/types\/post"}],"author":[{"embeddable":true,"href":"https:\/\/news.save.ch\/fr\/wp-json\/wp\/v2\/users\/1"}],"replies":[{"embeddable":true,"href":"https:\/\/news.save.ch\/fr\/wp-json\/wp\/v2\/comments?post=3634"}],"version-history":[{"count":4,"href":"https:\/\/news.save.ch\/fr\/wp-json\/wp\/v2\/posts\/3634\/revisions"}],"predecessor-version":[{"id":21492,"href":"https:\/\/news.save.ch\/fr\/wp-json\/wp\/v2\/posts\/3634\/revisions\/21492"}],"wp:featuredmedia":[{"embeddable":true,"href":"https:\/\/news.save.ch\/fr\/wp-json\/wp\/v2\/media\/3637"}],"wp:attachment":[{"href":"https:\/\/news.save.ch\/fr\/wp-json\/wp\/v2\/media?parent=3634"}],"wp:term":[{"taxonomy":"category","embeddable":true,"href":"https:\/\/news.save.ch\/fr\/wp-json\/wp\/v2\/categories?post=3634"},{"taxonomy":"post_tag","embeddable":true,"href":"https:\/\/news.save.ch\/fr\/wp-json\/wp\/v2\/tags?post=3634"}],"curies":[{"name":"wp","href":"https:\/\/api.w.org\/{rel}","templated":true}]}}