{"id":3658,"date":"2017-01-09T12:57:50","date_gmt":"2017-01-09T11:57:50","guid":{"rendered":"https:\/\/sicherheitsforum.ch\/?p=3658"},"modified":"2017-01-09T12:57:50","modified_gmt":"2017-01-09T11:57:50","slug":"einheitliche-brandschutz-und-feuerwehrplaene","status":null,"type":"post","link":"https:\/\/news.save.ch\/fr\/einheitliche-brandschutz-und-feuerwehrplaene\/","title":{"rendered":"Plans uniformes de protection incendie et de lutte contre les incendies"},"content":{"rendered":"<figure id=\"attachment_3660\" aria-describedby=\"caption-attachment-3660\" style=\"width: 680px\" class=\"wp-caption aligncenter\"><img loading=\"lazy\" decoding=\"async\" class=\"size-medium wp-image-3660\" src=\"https:\/\/sicherheitsforum.ch\/wp-content\/uploads\/2017\/01\/Depositphotos_feuerwehr.jpg\" alt=\"\" width=\"680\" height=\"453\" \/><figcaption id=\"caption-attachment-3660\" class=\"wp-caption-text\">\u00a9 depositphotos<\/figcaption><\/figure>\n<p>Le nouvel aide-m\u00e9moire Association des \u00e9tablissements cantonaux d'assurance incendie (<a href=\"https:\/\/www.vkf.ch\/\">AEAI<\/a>) pr\u00e9cise quand, comment et dans quelle mesure les plans de protection incendie, les plans d'\u00e9vacuation et de sauvetage ainsi que les plans d'incendie doivent \u00eatre \u00e9tablis. Les explications compl\u00e9mentaires r\u00e8glent les exigences, les n\u00e9cessit\u00e9s ainsi que les domaines de validit\u00e9 pour deux cat\u00e9gories principales de b\u00e2timents. La nouvelle fiche technique s'adresse aussi bien aux architectes, ing\u00e9nieurs et planificateurs qu'aux ma\u00eetres d'ouvrage. Il contient des exemples de plans d\u00e9taill\u00e9s et des outils de CAO.<\/p>\n<p><strong>Les diff\u00e9rences cantonales appartiennent au pass\u00e9<\/strong><\/p>\n<p>Jusqu'\u00e0 pr\u00e9sent, il existait des diff\u00e9rences cantonales pour les instances de protection incendie respectives, notamment en ce qui concerne les plans de protection incendie et les plans des sapeurs-pompiers. Par exemple, un bureau d'architectes travaillant dans plusieurs cantons devait tenir compte de mod\u00e8les de plans structur\u00e9s diff\u00e9remment au-del\u00e0 des fronti\u00e8res cantonales. D\u00e9sormais, les architectes et les planificateurs sp\u00e9cialis\u00e9s peuvent s'appuyer sur une base uniforme dans toute la Suisse.<\/p>\n<p><strong>La taille et le risque d'incendie sont d\u00e9terminants<\/strong><\/p>\n<p>L'\u00e9tendue et la nature des plans de protection incendie et des plans de lutte contre les incendies d\u00e9pendent de la taille, de la complexit\u00e9 et du risque d'incendie de chaque b\u00e2timent. La plupart des b\u00e2timents s'orientent vers les exigences de la cat\u00e9gorie \"plans de protection incendie simples\". En revanche, la cat\u00e9gorie \"plans de protection incendie d\u00e9taill\u00e9s\" exige des indications suppl\u00e9mentaires. A la demande des autorit\u00e9s de protection incendie, des concepts de protection incendie doivent \u00eatre \u00e9tablis pour les b\u00e2timents de grande taille. Ceux-ci s'orientent vers l'assurance qualit\u00e9, qui a gagn\u00e9 en importance avec l'introduction des prescriptions de protection incendie en 2015. La nouvelle notice de protection incendie fournit aux propri\u00e9taires et aux utilisateurs les bases n\u00e9cessaires pour pr\u00e9senter les mesures de protection incendie d\u00e9finies. Les exemples de plans et les outils de CAO sont disponibles exclusivement sous forme num\u00e9rique sur <a href=\"https:\/\/www.praever.ch\">www.praever.ch<\/a> publi\u00e9e.<\/p>\n<p><em>Source : VKF<\/em><\/p>","protected":false},"excerpt":{"rendered":"<p>Das neue Merkblatt Vereinigung Kantonaler Feuerversicherungen (VKF) f\u00fchrt aus, wann, wie und in welchem Umfang Brandschutz-, Flucht- und Rettungswegpl\u00e4ne sowie Feuerwehrpl\u00e4ne zu erstellen sind. Die erg\u00e4nzenden Ausf\u00fchrungen regeln die Anforderungen, Notwendigkeiten sowie G\u00fcltigkeitsbereiche f\u00fcr zwei Haupt-Geb\u00e4udekategorien. Das neue Merkblatt richtet sich sowohl an Architekten, Ingenieure und Planer als auch an Bauherren. Es beinhaltet detaillierte Beispielpl\u00e4ne [&hellip;]<\/p>\n","protected":false},"author":8,"featured_media":3660,"comment_status":"open","ping_status":"open","sticky":false,"template":"","format":"standard","meta":{"_acf_changed":false,"pgc_sgb_lightbox_settings":"","footnotes":""},"categories":[1,67],"tags":[68],"class_list":["post-3658","post","type-post","status-publish","format-standard","has-post-thumbnail","hentry","category-allgemein","category-brandschutz","tag-tipps-und-tricks"],"acf":[],"hkrextid":null,"publication":null,"issue":null,"workflow":null,"startPage":null,"spitzmarke":null,"_posts_by_tag_page_fields":{"widget_title":"","widget_tags":""},"_at_widget":"1","_yoast_wpseo_primary_category":"1","_yoast_wpseo_focuskw_text_input":"VKF","_yoast_wpseo_opengraph-image":null,"_yoast_wpseo_opengraph-description":null,"_yoast_wpseo_opengraph-title":null,"enclosure":null,"_yoast_wpseo_twitter-title":null,"_yoast_wpseo_twitter-description":null,"_yoast_wpseo_twitter-image":null,"_wp_old_slug":null,"_yoast_wpseo_title":null,"_yoast_wpseo_canonical":null,"yoast_head":"<!-- This site is optimized with the Yoast SEO plugin v27.4 - https:\/\/yoast.com\/product\/yoast-seo-wordpress\/ -->\n<title>Einheitliche Brandschutz- und Feuerwehrpl\u00e4ne - Save<\/title>\n<meta name=\"description\" content=\"Die Vereinigung Kantonaler Feuerversicherungen hat ein f\u00fcr die ganze Schweiz anwendbares Brandschutzmerkblatt ver\u00f6ffentlicht.\" \/>\n<meta name=\"robots\" content=\"index, follow, max-snippet:-1, max-image-preview:large, max-video-preview:-1\" \/>\n<link rel=\"canonical\" href=\"https:\/\/news.save.ch\/fr\/einheitliche-brandschutz-und-feuerwehrplaene\/\" \/>\n<meta property=\"og:locale\" content=\"fr_FR\" \/>\n<meta property=\"og:type\" content=\"article\" \/>\n<meta property=\"og:title\" content=\"Einheitliche Brandschutz- und Feuerwehrpl\u00e4ne - Save\" \/>\n<meta property=\"og:description\" content=\"Die Vereinigung Kantonaler Feuerversicherungen hat ein f\u00fcr die ganze Schweiz anwendbares Brandschutzmerkblatt ver\u00f6ffentlicht.\" \/>\n<meta property=\"og:url\" content=\"https:\/\/news.save.ch\/fr\/einheitliche-brandschutz-und-feuerwehrplaene\/\" \/>\n<meta property=\"og:site_name\" content=\"Save\" \/>\n<meta property=\"article:published_time\" content=\"2017-01-09T11:57:50+00:00\" \/>\n<meta property=\"og:image\" content=\"https:\/\/news.save.ch\/wp-content\/uploads\/2017\/01\/Depositphotos_feuerwehr-scaled.jpg\" \/>\n\t<meta property=\"og:image:width\" content=\"1400\" \/>\n\t<meta property=\"og:image:height\" content=\"933\" \/>\n\t<meta property=\"og:image:type\" content=\"image\/jpeg\" \/>\n<meta name=\"author\" content=\"Roger Str\u00e4ssle\" \/>\n<meta name=\"twitter:card\" content=\"summary_large_image\" \/>\n<meta name=\"twitter:label1\" content=\"\u00c9crit par\" \/>\n\t<meta name=\"twitter:data1\" content=\"Roger Str\u00e4ssle\" \/>\n\t<meta name=\"twitter:label2\" content=\"Dur\u00e9e de lecture estim\u00e9e\" \/>\n\t<meta name=\"twitter:data2\" content=\"1 minute\" \/>\n<script type=\"application\/ld+json\" class=\"yoast-schema-graph\">{\"@context\":\"https:\\\/\\\/schema.org\",\"@graph\":[{\"@type\":\"Article\",\"@id\":\"https:\\\/\\\/news.save.ch\\\/einheitliche-brandschutz-und-feuerwehrplaene\\\/#article\",\"isPartOf\":{\"@id\":\"https:\\\/\\\/news.save.ch\\\/einheitliche-brandschutz-und-feuerwehrplaene\\\/\"},\"author\":{\"name\":\"Roger Str\u00e4ssle\",\"@id\":\"https:\\\/\\\/news.save.ch\\\/de\\\/#\\\/schema\\\/person\\\/d5022db048e0e2b9785c50e5b24da5aa\"},\"headline\":\"Einheitliche Brandschutz- und Feuerwehrpl\u00e4ne\",\"datePublished\":\"2017-01-09T11:57:50+00:00\",\"mainEntityOfPage\":{\"@id\":\"https:\\\/\\\/news.save.ch\\\/einheitliche-brandschutz-und-feuerwehrplaene\\\/\"},\"wordCount\":252,\"commentCount\":0,\"publisher\":{\"@id\":\"https:\\\/\\\/news.save.ch\\\/de\\\/#organization\"},\"image\":{\"@id\":\"https:\\\/\\\/news.save.ch\\\/einheitliche-brandschutz-und-feuerwehrplaene\\\/#primaryimage\"},\"thumbnailUrl\":\"https:\\\/\\\/news.save.ch\\\/wp-content\\\/uploads\\\/2017\\\/01\\\/Depositphotos_feuerwehr-scaled.jpg\",\"keywords\":[\"Tipps und Tricks\"],\"articleSection\":[\"ALLGEMEIN\",\"BRANDSCHUTZ\"],\"inLanguage\":\"fr-FR\"},{\"@type\":\"WebPage\",\"@id\":\"https:\\\/\\\/news.save.ch\\\/einheitliche-brandschutz-und-feuerwehrplaene\\\/\",\"url\":\"https:\\\/\\\/news.save.ch\\\/einheitliche-brandschutz-und-feuerwehrplaene\\\/\",\"name\":\"Einheitliche Brandschutz- und Feuerwehrpl\u00e4ne - Save\",\"isPartOf\":{\"@id\":\"https:\\\/\\\/news.save.ch\\\/de\\\/#website\"},\"primaryImageOfPage\":{\"@id\":\"https:\\\/\\\/news.save.ch\\\/einheitliche-brandschutz-und-feuerwehrplaene\\\/#primaryimage\"},\"image\":{\"@id\":\"https:\\\/\\\/news.save.ch\\\/einheitliche-brandschutz-und-feuerwehrplaene\\\/#primaryimage\"},\"thumbnailUrl\":\"https:\\\/\\\/news.save.ch\\\/wp-content\\\/uploads\\\/2017\\\/01\\\/Depositphotos_feuerwehr-scaled.jpg\",\"datePublished\":\"2017-01-09T11:57:50+00:00\",\"description\":\"Die Vereinigung Kantonaler Feuerversicherungen hat ein f\u00fcr die ganze Schweiz anwendbares Brandschutzmerkblatt ver\u00f6ffentlicht.\",\"breadcrumb\":{\"@id\":\"https:\\\/\\\/news.save.ch\\\/einheitliche-brandschutz-und-feuerwehrplaene\\\/#breadcrumb\"},\"inLanguage\":\"fr-FR\",\"potentialAction\":[{\"@type\":\"ReadAction\",\"target\":[\"https:\\\/\\\/news.save.ch\\\/einheitliche-brandschutz-und-feuerwehrplaene\\\/\"]}]},{\"@type\":\"ImageObject\",\"inLanguage\":\"fr-FR\",\"@id\":\"https:\\\/\\\/news.save.ch\\\/einheitliche-brandschutz-und-feuerwehrplaene\\\/#primaryimage\",\"url\":\"https:\\\/\\\/news.save.ch\\\/wp-content\\\/uploads\\\/2017\\\/01\\\/Depositphotos_feuerwehr-scaled.jpg\",\"contentUrl\":\"https:\\\/\\\/news.save.ch\\\/wp-content\\\/uploads\\\/2017\\\/01\\\/Depositphotos_feuerwehr-scaled.jpg\",\"width\":1400,\"height\":933,\"caption\":\"\u00a9 depositphotos\"},{\"@type\":\"BreadcrumbList\",\"@id\":\"https:\\\/\\\/news.save.ch\\\/einheitliche-brandschutz-und-feuerwehrplaene\\\/#breadcrumb\",\"itemListElement\":[{\"@type\":\"ListItem\",\"position\":1,\"name\":\"Home\",\"item\":\"https:\\\/\\\/news.save.ch\\\/de\\\/\"},{\"@type\":\"ListItem\",\"position\":2,\"name\":\"Einheitliche Brandschutz- und Feuerwehrpl\u00e4ne\"}]},{\"@type\":\"WebSite\",\"@id\":\"https:\\\/\\\/news.save.ch\\\/de\\\/#website\",\"url\":\"https:\\\/\\\/news.save.ch\\\/de\\\/\",\"name\":\"Save\",\"description\":\"Schweizer Fachzeitschrift f\u00fcr Sicherheit\",\"publisher\":{\"@id\":\"https:\\\/\\\/news.save.ch\\\/de\\\/#organization\"},\"potentialAction\":[{\"@type\":\"SearchAction\",\"target\":{\"@type\":\"EntryPoint\",\"urlTemplate\":\"https:\\\/\\\/news.save.ch\\\/de\\\/?s={search_term_string}\"},\"query-input\":{\"@type\":\"PropertyValueSpecification\",\"valueRequired\":true,\"valueName\":\"search_term_string\"}}],\"inLanguage\":\"fr-FR\"},{\"@type\":\"Organization\",\"@id\":\"https:\\\/\\\/news.save.ch\\\/de\\\/#organization\",\"name\":\"Sicherheitsforum\",\"url\":\"https:\\\/\\\/news.save.ch\\\/de\\\/\",\"logo\":{\"@type\":\"ImageObject\",\"inLanguage\":\"fr-FR\",\"@id\":\"https:\\\/\\\/news.save.ch\\\/de\\\/#\\\/schema\\\/logo\\\/image\\\/\",\"url\":\"https:\\\/\\\/news.save.ch\\\/wp-content\\\/uploads\\\/2022\\\/06\\\/Logo_SF_2012.png\",\"contentUrl\":\"https:\\\/\\\/news.save.ch\\\/wp-content\\\/uploads\\\/2022\\\/06\\\/Logo_SF_2012.png\",\"width\":1100,\"height\":91,\"caption\":\"Sicherheitsforum\"},\"image\":{\"@id\":\"https:\\\/\\\/news.save.ch\\\/de\\\/#\\\/schema\\\/logo\\\/image\\\/\"}},{\"@type\":\"Person\",\"@id\":\"https:\\\/\\\/news.save.ch\\\/de\\\/#\\\/schema\\\/person\\\/d5022db048e0e2b9785c50e5b24da5aa\",\"name\":\"Roger Str\u00e4ssle\",\"image\":{\"@type\":\"ImageObject\",\"inLanguage\":\"fr-FR\",\"@id\":\"https:\\\/\\\/secure.gravatar.com\\\/avatar\\\/862a5569d087de48e5856e32f45d719a03804c891d6deb8d4f71a660e79e4a47?s=96&d=mm&r=g\",\"url\":\"https:\\\/\\\/secure.gravatar.com\\\/avatar\\\/862a5569d087de48e5856e32f45d719a03804c891d6deb8d4f71a660e79e4a47?s=96&d=mm&r=g\",\"contentUrl\":\"https:\\\/\\\/secure.gravatar.com\\\/avatar\\\/862a5569d087de48e5856e32f45d719a03804c891d6deb8d4f71a660e79e4a47?s=96&d=mm&r=g\",\"caption\":\"Roger Str\u00e4ssle\"},\"url\":\"https:\\\/\\\/news.save.ch\\\/fr\\\/author\\\/roger-straessle\\\/\"}]}<\/script>\n<!-- \/ Yoast SEO plugin. -->","yoast_head_json":{"title":"Plans uniformes de protection incendie et de lutte contre les incendies - Save","description":"L'Association des \u00e9tablissements cantonaux d'assurance incendie a publi\u00e9 une notice de protection incendie applicable \u00e0 toute la Suisse.","robots":{"index":"index","follow":"follow","max-snippet":"max-snippet:-1","max-image-preview":"max-image-preview:large","max-video-preview":"max-video-preview:-1"},"canonical":"https:\/\/news.save.ch\/fr\/einheitliche-brandschutz-und-feuerwehrplaene\/","og_locale":"fr_FR","og_type":"article","og_title":"Einheitliche Brandschutz- und Feuerwehrpl\u00e4ne - Save","og_description":"Die Vereinigung Kantonaler Feuerversicherungen hat ein f\u00fcr die ganze Schweiz anwendbares Brandschutzmerkblatt ver\u00f6ffentlicht.","og_url":"https:\/\/news.save.ch\/fr\/einheitliche-brandschutz-und-feuerwehrplaene\/","og_site_name":"Save","article_published_time":"2017-01-09T11:57:50+00:00","og_image":[{"width":1400,"height":933,"url":"https:\/\/news.save.ch\/wp-content\/uploads\/2017\/01\/Depositphotos_feuerwehr-scaled.jpg","type":"image\/jpeg"}],"author":"Roger Str\u00e4ssle","twitter_card":"summary_large_image","twitter_misc":{"\u00c9crit par":"Roger Str\u00e4ssle","Dur\u00e9e de lecture estim\u00e9e":"1 minute"},"schema":{"@context":"https:\/\/schema.org","@graph":[{"@type":"Article","@id":"https:\/\/news.save.ch\/einheitliche-brandschutz-und-feuerwehrplaene\/#article","isPartOf":{"@id":"https:\/\/news.save.ch\/einheitliche-brandschutz-und-feuerwehrplaene\/"},"author":{"name":"Roger Str\u00e4ssle","@id":"https:\/\/news.save.ch\/de\/#\/schema\/person\/d5022db048e0e2b9785c50e5b24da5aa"},"headline":"Einheitliche Brandschutz- und Feuerwehrpl\u00e4ne","datePublished":"2017-01-09T11:57:50+00:00","mainEntityOfPage":{"@id":"https:\/\/news.save.ch\/einheitliche-brandschutz-und-feuerwehrplaene\/"},"wordCount":252,"commentCount":0,"publisher":{"@id":"https:\/\/news.save.ch\/de\/#organization"},"image":{"@id":"https:\/\/news.save.ch\/einheitliche-brandschutz-und-feuerwehrplaene\/#primaryimage"},"thumbnailUrl":"https:\/\/news.save.ch\/wp-content\/uploads\/2017\/01\/Depositphotos_feuerwehr-scaled.jpg","keywords":["Tipps und Tricks"],"articleSection":["ALLGEMEIN","BRANDSCHUTZ"],"inLanguage":"fr-FR"},{"@type":"WebPage","@id":"https:\/\/news.save.ch\/einheitliche-brandschutz-und-feuerwehrplaene\/","url":"https:\/\/news.save.ch\/einheitliche-brandschutz-und-feuerwehrplaene\/","name":"Plans uniformes de protection incendie et de lutte contre les incendies - Save","isPartOf":{"@id":"https:\/\/news.save.ch\/de\/#website"},"primaryImageOfPage":{"@id":"https:\/\/news.save.ch\/einheitliche-brandschutz-und-feuerwehrplaene\/#primaryimage"},"image":{"@id":"https:\/\/news.save.ch\/einheitliche-brandschutz-und-feuerwehrplaene\/#primaryimage"},"thumbnailUrl":"https:\/\/news.save.ch\/wp-content\/uploads\/2017\/01\/Depositphotos_feuerwehr-scaled.jpg","datePublished":"2017-01-09T11:57:50+00:00","description":"L'Association des \u00e9tablissements cantonaux d'assurance incendie a publi\u00e9 une notice de protection incendie applicable \u00e0 toute la Suisse.","breadcrumb":{"@id":"https:\/\/news.save.ch\/einheitliche-brandschutz-und-feuerwehrplaene\/#breadcrumb"},"inLanguage":"fr-FR","potentialAction":[{"@type":"ReadAction","target":["https:\/\/news.save.ch\/einheitliche-brandschutz-und-feuerwehrplaene\/"]}]},{"@type":"ImageObject","inLanguage":"fr-FR","@id":"https:\/\/news.save.ch\/einheitliche-brandschutz-und-feuerwehrplaene\/#primaryimage","url":"https:\/\/news.save.ch\/wp-content\/uploads\/2017\/01\/Depositphotos_feuerwehr-scaled.jpg","contentUrl":"https:\/\/news.save.ch\/wp-content\/uploads\/2017\/01\/Depositphotos_feuerwehr-scaled.jpg","width":1400,"height":933,"caption":"\u00a9 depositphotos"},{"@type":"BreadcrumbList","@id":"https:\/\/news.save.ch\/einheitliche-brandschutz-und-feuerwehrplaene\/#breadcrumb","itemListElement":[{"@type":"ListItem","position":1,"name":"Home","item":"https:\/\/news.save.ch\/de\/"},{"@type":"ListItem","position":2,"name":"Einheitliche Brandschutz- und Feuerwehrpl\u00e4ne"}]},{"@type":"WebSite","@id":"https:\/\/news.save.ch\/de\/#website","url":"https:\/\/news.save.ch\/de\/","name":"Save","description":"Revue suisse sp\u00e9cialis\u00e9e dans la s\u00e9curit\u00e9","publisher":{"@id":"https:\/\/news.save.ch\/de\/#organization"},"potentialAction":[{"@type":"SearchAction","target":{"@type":"EntryPoint","urlTemplate":"https:\/\/news.save.ch\/de\/?s={search_term_string}"},"query-input":{"@type":"PropertyValueSpecification","valueRequired":true,"valueName":"search_term_string"}}],"inLanguage":"fr-FR"},{"@type":"Organization","@id":"https:\/\/news.save.ch\/de\/#organization","name":"Forum sur la s\u00e9curit\u00e9","url":"https:\/\/news.save.ch\/de\/","logo":{"@type":"ImageObject","inLanguage":"fr-FR","@id":"https:\/\/news.save.ch\/de\/#\/schema\/logo\/image\/","url":"https:\/\/news.save.ch\/wp-content\/uploads\/2022\/06\/Logo_SF_2012.png","contentUrl":"https:\/\/news.save.ch\/wp-content\/uploads\/2022\/06\/Logo_SF_2012.png","width":1100,"height":91,"caption":"Sicherheitsforum"},"image":{"@id":"https:\/\/news.save.ch\/de\/#\/schema\/logo\/image\/"}},{"@type":"Person","@id":"https:\/\/news.save.ch\/de\/#\/schema\/person\/d5022db048e0e2b9785c50e5b24da5aa","name":"Roger Str\u00e4ssle","image":{"@type":"ImageObject","inLanguage":"fr-FR","@id":"https:\/\/secure.gravatar.com\/avatar\/862a5569d087de48e5856e32f45d719a03804c891d6deb8d4f71a660e79e4a47?s=96&d=mm&r=g","url":"https:\/\/secure.gravatar.com\/avatar\/862a5569d087de48e5856e32f45d719a03804c891d6deb8d4f71a660e79e4a47?s=96&d=mm&r=g","contentUrl":"https:\/\/secure.gravatar.com\/avatar\/862a5569d087de48e5856e32f45d719a03804c891d6deb8d4f71a660e79e4a47?s=96&d=mm&r=g","caption":"Roger Str\u00e4ssle"},"url":"https:\/\/news.save.ch\/fr\/author\/roger-straessle\/"}]}},"_links":{"self":[{"href":"https:\/\/news.save.ch\/fr\/wp-json\/wp\/v2\/posts\/3658","targetHints":{"allow":["GET"]}}],"collection":[{"href":"https:\/\/news.save.ch\/fr\/wp-json\/wp\/v2\/posts"}],"about":[{"href":"https:\/\/news.save.ch\/fr\/wp-json\/wp\/v2\/types\/post"}],"author":[{"embeddable":true,"href":"https:\/\/news.save.ch\/fr\/wp-json\/wp\/v2\/users\/8"}],"replies":[{"embeddable":true,"href":"https:\/\/news.save.ch\/fr\/wp-json\/wp\/v2\/comments?post=3658"}],"version-history":[{"count":0,"href":"https:\/\/news.save.ch\/fr\/wp-json\/wp\/v2\/posts\/3658\/revisions"}],"wp:featuredmedia":[{"embeddable":true,"href":"https:\/\/news.save.ch\/fr\/wp-json\/wp\/v2\/media\/3660"}],"wp:attachment":[{"href":"https:\/\/news.save.ch\/fr\/wp-json\/wp\/v2\/media?parent=3658"}],"wp:term":[{"taxonomy":"category","embeddable":true,"href":"https:\/\/news.save.ch\/fr\/wp-json\/wp\/v2\/categories?post=3658"},{"taxonomy":"post_tag","embeddable":true,"href":"https:\/\/news.save.ch\/fr\/wp-json\/wp\/v2\/tags?post=3658"}],"curies":[{"name":"wp","href":"https:\/\/api.w.org\/{rel}","templated":true}]}}