{"id":366,"date":"2015-06-03T11:27:10","date_gmt":"2015-06-03T09:27:10","guid":{"rendered":"http:\/\/dev.safety-plus.ch\/?p=366"},"modified":"2015-06-03T11:27:10","modified_gmt":"2015-06-03T09:27:10","slug":"erster-friendly-workspace-im-tessin","status":null,"type":"post","link":"https:\/\/news.save.ch\/fr\/erster-friendly-workspace-im-tessin\/","title":{"rendered":"Premier \"Friendly Workspace\" au Tessin"},"content":{"rendered":"<figure id=\"attachment_368\" aria-describedby=\"caption-attachment-368\" style=\"width: 680px\" class=\"wp-caption alignnone\"><img loading=\"lazy\" decoding=\"async\" class=\"wp-image-368 size-medium\" src=\"http:\/\/develop.safety-plus.ch\/wp-content\/uploads\/2016\/12\/Erster-Friendly-Workspace-im-Tessin_safety-plus.jpeg\" alt=\"Des collaborateurs en bonne sant\u00e9 et motiv\u00e9s sont payants pour les entreprises.\" width=\"680\" height=\"411\" \/><figcaption id=\"caption-attachment-368\" class=\"wp-caption-text\">Des collaborateurs en bonne sant\u00e9 et motiv\u00e9s sont payants pour les entreprises.<\/figcaption><\/figure>\n<p>Depuis 2009, Promotion Sant\u00e9 Suisse d\u00e9cerne le label \"Sant\u00e9 en entreprise\" aux entreprises qui r\u00e9ussissent un assessment sur le th\u00e8me des exigences en mati\u00e8re de sant\u00e9 en entreprise. <a href=\"http:\/\/www.friendlyworkspace.ch\" target=\"_blank\" data-cke-saved-href=\"http:\/\/www.friendlyworkspace.ch\" rel=\"noopener\">Espace de travail convivial<\/a> de.<\/p>\n<p>Pour la premi\u00e8re fois, une entreprise du canton du Tessin a \u00e9t\u00e9 distingu\u00e9e : La Cooperativa Migros Ticino est ainsi la 58e entreprise \u00e0 obtenir le label en Suisse. Au total, pr\u00e8s de 190'000 collaborateurs travaillent dans toutes les entreprises distingu\u00e9es.<\/p>\n<p>Lors de l'\u00e9valuation, les entreprises sont jug\u00e9es sur la base de six crit\u00e8res principaux de la GSE, qui doivent montrer la voie vers une entreprise favorable \u00e0 la sant\u00e9 et offrir une orientation pour la conception d'une gestion moderne de la sant\u00e9 en entreprise.<\/p>","protected":false},"excerpt":{"rendered":"<p>Gesundheitsf\u00f6rderung Schweiz zeichnet seit 2009 Unternehmen, die ein Assessment zum Thema betriebliche Gesundheitsforderung bestehen, mit dem Label Friendly Workspace aus. Zum ersten Mal wurde nun auch ein Unternehmen aus dem Kanton Tessin ausgezeichnet: Die Cooperativa Migros Ticino ist damit das 58. Unternehmen, dass in der Schweiz das Label erhalten hat. Insgesamt arbeiten in allen ausgezeichneten [&hellip;]<\/p>\n","protected":false},"author":1,"featured_media":16001,"comment_status":"open","ping_status":"open","sticky":false,"template":"","format":"standard","meta":{"_acf_changed":false,"pgc_sgb_lightbox_settings":"","footnotes":""},"categories":[1],"tags":[183,1775],"class_list":["post-366","post","type-post","status-publish","format-standard","has-post-thumbnail","hentry","category-allgemein","tag-arbeitsplatzgestaltung","tag-betriebliches-gesundheitsmanagement"],"acf":[],"hkrextid":null,"publication":null,"issue":null,"workflow":null,"startPage":null,"spitzmarke":null,"_posts_by_tag_page_fields":{"widget_title":"","widget_tags":""},"_at_widget":"1","_yoast_wpseo_primary_category":"1","_yoast_wpseo_focuskw_text_input":"Friendly Workspace","_yoast_wpseo_opengraph-image":null,"_yoast_wpseo_opengraph-description":null,"_yoast_wpseo_opengraph-title":null,"enclosure":null,"_yoast_wpseo_twitter-title":null,"_yoast_wpseo_twitter-description":null,"_yoast_wpseo_twitter-image":null,"_wp_old_slug":null,"_yoast_wpseo_title":null,"_yoast_wpseo_canonical":null,"yoast_head":"<!-- This site is optimized with the Yoast SEO plugin v27.5 - https:\/\/yoast.com\/product\/yoast-seo-wordpress\/ -->\n<title>Erster &quot;Friendly Workspace&quot; im Tessin - Save<\/title>\n<meta name=\"description\" content=\"Mit der Cooperative Migros Ticino ist das 58. Unternehmen in der Schweiz mit dem Label Friendly Workspace ausgezeichnet worden.\" \/>\n<meta name=\"robots\" content=\"index, follow, max-snippet:-1, max-image-preview:large, max-video-preview:-1\" \/>\n<link rel=\"canonical\" href=\"https:\/\/news.save.ch\/fr\/erster-friendly-workspace-im-tessin\/\" \/>\n<meta property=\"og:locale\" content=\"fr_FR\" \/>\n<meta property=\"og:type\" content=\"article\" \/>\n<meta property=\"og:title\" content=\"Erster &quot;Friendly Workspace&quot; im Tessin - Save\" \/>\n<meta property=\"og:description\" content=\"Mit der Cooperative Migros Ticino ist das 58. Unternehmen in der Schweiz mit dem Label Friendly Workspace ausgezeichnet worden.\" \/>\n<meta property=\"og:url\" content=\"https:\/\/news.save.ch\/fr\/erster-friendly-workspace-im-tessin\/\" \/>\n<meta property=\"og:site_name\" content=\"Save\" \/>\n<meta property=\"article:published_time\" content=\"2015-06-03T09:27:10+00:00\" \/>\n<meta property=\"og:image\" content=\"https:\/\/news.save.ch\/wp-content\/uploads\/2016\/12\/Erster-Friendly-Workspace-im-Tessin_safety-plus-scaled-1.jpeg\" \/>\n\t<meta property=\"og:image:width\" content=\"1200\" \/>\n\t<meta property=\"og:image:height\" content=\"725\" \/>\n\t<meta property=\"og:image:type\" content=\"image\/jpeg\" \/>\n<meta name=\"author\" content=\"admin\" \/>\n<meta name=\"twitter:card\" content=\"summary_large_image\" \/>\n<meta name=\"twitter:label1\" content=\"\u00c9crit par\" \/>\n\t<meta name=\"twitter:data1\" content=\"admin\" \/>\n\t<meta name=\"twitter:label2\" content=\"Dur\u00e9e de lecture estim\u00e9e\" \/>\n\t<meta name=\"twitter:data2\" content=\"1 minute\" \/>\n<script type=\"application\/ld+json\" class=\"yoast-schema-graph\">{\"@context\":\"https:\\\/\\\/schema.org\",\"@graph\":[{\"@type\":\"Article\",\"@id\":\"https:\\\/\\\/news.save.ch\\\/erster-friendly-workspace-im-tessin\\\/#article\",\"isPartOf\":{\"@id\":\"https:\\\/\\\/news.save.ch\\\/erster-friendly-workspace-im-tessin\\\/\"},\"author\":{\"name\":\"admin\",\"@id\":\"https:\\\/\\\/news.save.ch\\\/de\\\/#\\\/schema\\\/person\\\/d49e199490bad7c70d64b9ab51142f2b\"},\"headline\":\"Erster &#8222;Friendly Workspace&#8220; im Tessin\",\"datePublished\":\"2015-06-03T09:27:10+00:00\",\"mainEntityOfPage\":{\"@id\":\"https:\\\/\\\/news.save.ch\\\/erster-friendly-workspace-im-tessin\\\/\"},\"wordCount\":110,\"commentCount\":0,\"publisher\":{\"@id\":\"https:\\\/\\\/news.save.ch\\\/de\\\/#organization\"},\"image\":{\"@id\":\"https:\\\/\\\/news.save.ch\\\/erster-friendly-workspace-im-tessin\\\/#primaryimage\"},\"thumbnailUrl\":\"https:\\\/\\\/news.save.ch\\\/wp-content\\\/uploads\\\/2016\\\/12\\\/Erster-Friendly-Workspace-im-Tessin_safety-plus-scaled-1.jpeg\",\"keywords\":[\"Arbeitsplatzgestaltung\",\"Betriebliches Gesundheitsmanagement\"],\"articleSection\":[\"ALLGEMEIN\"],\"inLanguage\":\"fr-FR\"},{\"@type\":\"WebPage\",\"@id\":\"https:\\\/\\\/news.save.ch\\\/erster-friendly-workspace-im-tessin\\\/\",\"url\":\"https:\\\/\\\/news.save.ch\\\/erster-friendly-workspace-im-tessin\\\/\",\"name\":\"Erster \\\"Friendly Workspace\\\" im Tessin - Save\",\"isPartOf\":{\"@id\":\"https:\\\/\\\/news.save.ch\\\/de\\\/#website\"},\"primaryImageOfPage\":{\"@id\":\"https:\\\/\\\/news.save.ch\\\/erster-friendly-workspace-im-tessin\\\/#primaryimage\"},\"image\":{\"@id\":\"https:\\\/\\\/news.save.ch\\\/erster-friendly-workspace-im-tessin\\\/#primaryimage\"},\"thumbnailUrl\":\"https:\\\/\\\/news.save.ch\\\/wp-content\\\/uploads\\\/2016\\\/12\\\/Erster-Friendly-Workspace-im-Tessin_safety-plus-scaled-1.jpeg\",\"datePublished\":\"2015-06-03T09:27:10+00:00\",\"description\":\"Mit der Cooperative Migros Ticino ist das 58. Unternehmen in der Schweiz mit dem Label Friendly Workspace ausgezeichnet worden.\",\"breadcrumb\":{\"@id\":\"https:\\\/\\\/news.save.ch\\\/erster-friendly-workspace-im-tessin\\\/#breadcrumb\"},\"inLanguage\":\"fr-FR\",\"potentialAction\":[{\"@type\":\"ReadAction\",\"target\":[\"https:\\\/\\\/news.save.ch\\\/erster-friendly-workspace-im-tessin\\\/\"]}]},{\"@type\":\"ImageObject\",\"inLanguage\":\"fr-FR\",\"@id\":\"https:\\\/\\\/news.save.ch\\\/erster-friendly-workspace-im-tessin\\\/#primaryimage\",\"url\":\"https:\\\/\\\/news.save.ch\\\/wp-content\\\/uploads\\\/2016\\\/12\\\/Erster-Friendly-Workspace-im-Tessin_safety-plus-scaled-1.jpeg\",\"contentUrl\":\"https:\\\/\\\/news.save.ch\\\/wp-content\\\/uploads\\\/2016\\\/12\\\/Erster-Friendly-Workspace-im-Tessin_safety-plus-scaled-1.jpeg\",\"width\":1200,\"height\":725,\"caption\":\"Gesunde und motivierte Mitarbeiter zahlen sich aus f\u00fcr Unternehmen.\"},{\"@type\":\"BreadcrumbList\",\"@id\":\"https:\\\/\\\/news.save.ch\\\/erster-friendly-workspace-im-tessin\\\/#breadcrumb\",\"itemListElement\":[{\"@type\":\"ListItem\",\"position\":1,\"name\":\"Home\",\"item\":\"https:\\\/\\\/news.save.ch\\\/de\\\/\"},{\"@type\":\"ListItem\",\"position\":2,\"name\":\"Erster &#8222;Friendly Workspace&#8220; im Tessin\"}]},{\"@type\":\"WebSite\",\"@id\":\"https:\\\/\\\/news.save.ch\\\/de\\\/#website\",\"url\":\"https:\\\/\\\/news.save.ch\\\/de\\\/\",\"name\":\"Save\",\"description\":\"Schweizer Fachzeitschrift f\u00fcr Sicherheit\",\"publisher\":{\"@id\":\"https:\\\/\\\/news.save.ch\\\/de\\\/#organization\"},\"potentialAction\":[{\"@type\":\"SearchAction\",\"target\":{\"@type\":\"EntryPoint\",\"urlTemplate\":\"https:\\\/\\\/news.save.ch\\\/de\\\/?s={search_term_string}\"},\"query-input\":{\"@type\":\"PropertyValueSpecification\",\"valueRequired\":true,\"valueName\":\"search_term_string\"}}],\"inLanguage\":\"fr-FR\"},{\"@type\":\"Organization\",\"@id\":\"https:\\\/\\\/news.save.ch\\\/de\\\/#organization\",\"name\":\"Sicherheitsforum\",\"url\":\"https:\\\/\\\/news.save.ch\\\/de\\\/\",\"logo\":{\"@type\":\"ImageObject\",\"inLanguage\":\"fr-FR\",\"@id\":\"https:\\\/\\\/news.save.ch\\\/de\\\/#\\\/schema\\\/logo\\\/image\\\/\",\"url\":\"https:\\\/\\\/news.save.ch\\\/wp-content\\\/uploads\\\/2022\\\/06\\\/Logo_SF_2012.png\",\"contentUrl\":\"https:\\\/\\\/news.save.ch\\\/wp-content\\\/uploads\\\/2022\\\/06\\\/Logo_SF_2012.png\",\"width\":1100,\"height\":91,\"caption\":\"Sicherheitsforum\"},\"image\":{\"@id\":\"https:\\\/\\\/news.save.ch\\\/de\\\/#\\\/schema\\\/logo\\\/image\\\/\"}},{\"@type\":\"Person\",\"@id\":\"https:\\\/\\\/news.save.ch\\\/de\\\/#\\\/schema\\\/person\\\/d49e199490bad7c70d64b9ab51142f2b\",\"name\":\"admin\",\"image\":{\"@type\":\"ImageObject\",\"inLanguage\":\"fr-FR\",\"@id\":\"https:\\\/\\\/secure.gravatar.com\\\/avatar\\\/ae2f4d718e6c49043e314ce431e7e645d646302a24a5ef5a8bc8e3f5a032e319?s=96&d=mm&r=g\",\"url\":\"https:\\\/\\\/secure.gravatar.com\\\/avatar\\\/ae2f4d718e6c49043e314ce431e7e645d646302a24a5ef5a8bc8e3f5a032e319?s=96&d=mm&r=g\",\"contentUrl\":\"https:\\\/\\\/secure.gravatar.com\\\/avatar\\\/ae2f4d718e6c49043e314ce431e7e645d646302a24a5ef5a8bc8e3f5a032e319?s=96&d=mm&r=g\",\"caption\":\"admin\"},\"sameAs\":[\"https:\\\/\\\/develop.organisator.galledia.ch\"],\"url\":\"https:\\\/\\\/news.save.ch\\\/fr\\\/author\\\/admin\\\/\"}]}<\/script>\n<!-- \/ Yoast SEO plugin. -->","yoast_head_json":{"title":"Premier \"Friendly Workspace\" au Tessin - Save","description":"Avec la Cooperative Migros Ticino, c'est la 58e entreprise de Suisse \u00e0 recevoir le label Friendly Workspace.","robots":{"index":"index","follow":"follow","max-snippet":"max-snippet:-1","max-image-preview":"max-image-preview:large","max-video-preview":"max-video-preview:-1"},"canonical":"https:\/\/news.save.ch\/fr\/erster-friendly-workspace-im-tessin\/","og_locale":"fr_FR","og_type":"article","og_title":"Erster \"Friendly Workspace\" im Tessin - Save","og_description":"Mit der Cooperative Migros Ticino ist das 58. Unternehmen in der Schweiz mit dem Label Friendly Workspace ausgezeichnet worden.","og_url":"https:\/\/news.save.ch\/fr\/erster-friendly-workspace-im-tessin\/","og_site_name":"Save","article_published_time":"2015-06-03T09:27:10+00:00","og_image":[{"width":1200,"height":725,"url":"https:\/\/news.save.ch\/wp-content\/uploads\/2016\/12\/Erster-Friendly-Workspace-im-Tessin_safety-plus-scaled-1.jpeg","type":"image\/jpeg"}],"author":"admin","twitter_card":"summary_large_image","twitter_misc":{"\u00c9crit par":"admin","Dur\u00e9e de lecture estim\u00e9e":"1 minute"},"schema":{"@context":"https:\/\/schema.org","@graph":[{"@type":"Article","@id":"https:\/\/news.save.ch\/erster-friendly-workspace-im-tessin\/#article","isPartOf":{"@id":"https:\/\/news.save.ch\/erster-friendly-workspace-im-tessin\/"},"author":{"name":"admin","@id":"https:\/\/news.save.ch\/de\/#\/schema\/person\/d49e199490bad7c70d64b9ab51142f2b"},"headline":"Erster &#8222;Friendly Workspace&#8220; im Tessin","datePublished":"2015-06-03T09:27:10+00:00","mainEntityOfPage":{"@id":"https:\/\/news.save.ch\/erster-friendly-workspace-im-tessin\/"},"wordCount":110,"commentCount":0,"publisher":{"@id":"https:\/\/news.save.ch\/de\/#organization"},"image":{"@id":"https:\/\/news.save.ch\/erster-friendly-workspace-im-tessin\/#primaryimage"},"thumbnailUrl":"https:\/\/news.save.ch\/wp-content\/uploads\/2016\/12\/Erster-Friendly-Workspace-im-Tessin_safety-plus-scaled-1.jpeg","keywords":["Arbeitsplatzgestaltung","Betriebliches Gesundheitsmanagement"],"articleSection":["ALLGEMEIN"],"inLanguage":"fr-FR"},{"@type":"WebPage","@id":"https:\/\/news.save.ch\/erster-friendly-workspace-im-tessin\/","url":"https:\/\/news.save.ch\/erster-friendly-workspace-im-tessin\/","name":"Premier \"Friendly Workspace\" au Tessin - Save","isPartOf":{"@id":"https:\/\/news.save.ch\/de\/#website"},"primaryImageOfPage":{"@id":"https:\/\/news.save.ch\/erster-friendly-workspace-im-tessin\/#primaryimage"},"image":{"@id":"https:\/\/news.save.ch\/erster-friendly-workspace-im-tessin\/#primaryimage"},"thumbnailUrl":"https:\/\/news.save.ch\/wp-content\/uploads\/2016\/12\/Erster-Friendly-Workspace-im-Tessin_safety-plus-scaled-1.jpeg","datePublished":"2015-06-03T09:27:10+00:00","description":"Avec la Cooperative Migros Ticino, c'est la 58e entreprise de Suisse \u00e0 recevoir le label Friendly Workspace.","breadcrumb":{"@id":"https:\/\/news.save.ch\/erster-friendly-workspace-im-tessin\/#breadcrumb"},"inLanguage":"fr-FR","potentialAction":[{"@type":"ReadAction","target":["https:\/\/news.save.ch\/erster-friendly-workspace-im-tessin\/"]}]},{"@type":"ImageObject","inLanguage":"fr-FR","@id":"https:\/\/news.save.ch\/erster-friendly-workspace-im-tessin\/#primaryimage","url":"https:\/\/news.save.ch\/wp-content\/uploads\/2016\/12\/Erster-Friendly-Workspace-im-Tessin_safety-plus-scaled-1.jpeg","contentUrl":"https:\/\/news.save.ch\/wp-content\/uploads\/2016\/12\/Erster-Friendly-Workspace-im-Tessin_safety-plus-scaled-1.jpeg","width":1200,"height":725,"caption":"Gesunde und motivierte Mitarbeiter zahlen sich aus f\u00fcr Unternehmen."},{"@type":"BreadcrumbList","@id":"https:\/\/news.save.ch\/erster-friendly-workspace-im-tessin\/#breadcrumb","itemListElement":[{"@type":"ListItem","position":1,"name":"Home","item":"https:\/\/news.save.ch\/de\/"},{"@type":"ListItem","position":2,"name":"Erster &#8222;Friendly Workspace&#8220; im Tessin"}]},{"@type":"WebSite","@id":"https:\/\/news.save.ch\/de\/#website","url":"https:\/\/news.save.ch\/de\/","name":"Save","description":"Revue suisse sp\u00e9cialis\u00e9e dans la s\u00e9curit\u00e9","publisher":{"@id":"https:\/\/news.save.ch\/de\/#organization"},"potentialAction":[{"@type":"SearchAction","target":{"@type":"EntryPoint","urlTemplate":"https:\/\/news.save.ch\/de\/?s={search_term_string}"},"query-input":{"@type":"PropertyValueSpecification","valueRequired":true,"valueName":"search_term_string"}}],"inLanguage":"fr-FR"},{"@type":"Organization","@id":"https:\/\/news.save.ch\/de\/#organization","name":"Forum sur la s\u00e9curit\u00e9","url":"https:\/\/news.save.ch\/de\/","logo":{"@type":"ImageObject","inLanguage":"fr-FR","@id":"https:\/\/news.save.ch\/de\/#\/schema\/logo\/image\/","url":"https:\/\/news.save.ch\/wp-content\/uploads\/2022\/06\/Logo_SF_2012.png","contentUrl":"https:\/\/news.save.ch\/wp-content\/uploads\/2022\/06\/Logo_SF_2012.png","width":1100,"height":91,"caption":"Sicherheitsforum"},"image":{"@id":"https:\/\/news.save.ch\/de\/#\/schema\/logo\/image\/"}},{"@type":"Person","@id":"https:\/\/news.save.ch\/de\/#\/schema\/person\/d49e199490bad7c70d64b9ab51142f2b","name":"admin","image":{"@type":"ImageObject","inLanguage":"fr-FR","@id":"https:\/\/secure.gravatar.com\/avatar\/ae2f4d718e6c49043e314ce431e7e645d646302a24a5ef5a8bc8e3f5a032e319?s=96&d=mm&r=g","url":"https:\/\/secure.gravatar.com\/avatar\/ae2f4d718e6c49043e314ce431e7e645d646302a24a5ef5a8bc8e3f5a032e319?s=96&d=mm&r=g","contentUrl":"https:\/\/secure.gravatar.com\/avatar\/ae2f4d718e6c49043e314ce431e7e645d646302a24a5ef5a8bc8e3f5a032e319?s=96&d=mm&r=g","caption":"admin"},"sameAs":["https:\/\/develop.organisator.galledia.ch"],"url":"https:\/\/news.save.ch\/fr\/author\/admin\/"}]}},"_links":{"self":[{"href":"https:\/\/news.save.ch\/fr\/wp-json\/wp\/v2\/posts\/366","targetHints":{"allow":["GET"]}}],"collection":[{"href":"https:\/\/news.save.ch\/fr\/wp-json\/wp\/v2\/posts"}],"about":[{"href":"https:\/\/news.save.ch\/fr\/wp-json\/wp\/v2\/types\/post"}],"author":[{"embeddable":true,"href":"https:\/\/news.save.ch\/fr\/wp-json\/wp\/v2\/users\/1"}],"replies":[{"embeddable":true,"href":"https:\/\/news.save.ch\/fr\/wp-json\/wp\/v2\/comments?post=366"}],"version-history":[{"count":0,"href":"https:\/\/news.save.ch\/fr\/wp-json\/wp\/v2\/posts\/366\/revisions"}],"wp:featuredmedia":[{"embeddable":true,"href":"https:\/\/news.save.ch\/fr\/wp-json\/wp\/v2\/media\/16001"}],"wp:attachment":[{"href":"https:\/\/news.save.ch\/fr\/wp-json\/wp\/v2\/media?parent=366"}],"wp:term":[{"taxonomy":"category","embeddable":true,"href":"https:\/\/news.save.ch\/fr\/wp-json\/wp\/v2\/categories?post=366"},{"taxonomy":"post_tag","embeddable":true,"href":"https:\/\/news.save.ch\/fr\/wp-json\/wp\/v2\/tags?post=366"}],"curies":[{"name":"wp","href":"https:\/\/api.w.org\/{rel}","templated":true}]}}