{"id":3683,"date":"2019-01-04T08:33:40","date_gmt":"2019-01-04T07:33:40","guid":{"rendered":"https:\/\/news.save.ch\/?p=3683"},"modified":"2023-03-14T09:05:33","modified_gmt":"2023-03-14T08:05:33","slug":"der-depression-eine-stimme-geben","status":null,"type":"post","link":"https:\/\/news.save.ch\/fr\/der-depression-eine-stimme-geben\/","title":{"rendered":"Donner une voix \u00e0 la d\u00e9pression"},"content":{"rendered":"<figure id=\"attachment_3685\" aria-describedby=\"caption-attachment-3685\" style=\"width: 680px\" class=\"wp-caption alignnone\"><img loading=\"lazy\" decoding=\"async\" class=\"size-medium wp-image-3685\" src=\"http:\/\/develop.safety-plus.ch\/wp-content\/uploads\/2019\/01\/Depositphotos_monkeybusiness.jpg\" alt=\"\" width=\"680\" height=\"453\" \/><figcaption id=\"caption-attachment-3685\" class=\"wp-caption-text\">Un nouveau site web multim\u00e9dia interactif donne la parole aux personnes souffrant de d\u00e9pression - des clips d'experts informent sur la maladie. \u00a9 Depositphotos\/monkeybusiness<\/figcaption><\/figure>\n<p>Les personnes concern\u00e9es peuvent soumettre des t\u00e9moignages \u00e9crits ou des fichiers audio et vid\u00e9o pour le site web. \"Nous voulons une approche ouverte <a href=\"https:\/\/news.save.ch\/fr\/?s=Depression\" target=\"_blank\" rel=\"noopener\">D\u00e9pression<\/a> et \u00e9veiller ainsi la compr\u00e9hension pour cette maladie souvent difficile \u00e0 appr\u00e9hender pour les personnes ext\u00e9rieures\", expliquent les initiateurs du projet Michaela Kirst et Axel Schmidt. Ces aper\u00e7us tr\u00e8s personnels sont compl\u00e9t\u00e9s par de courtes vid\u00e9os d'experts. Celles-ci contiennent les informations les plus importantes sur les sympt\u00f4mes, les causes et les possibilit\u00e9s de traitement de la d\u00e9pression. \"L'utilisateur peut ainsi s'informer sur la d\u00e9pression sans avoir \u00e0 lire de longs textes\", explique l'agence Knick Design, qui a con\u00e7u et r\u00e9alis\u00e9 le site. Des personnalit\u00e9s se mobilisent \u00e9galement sur le site pour informer sur la d\u00e9pression. Outre l'animateur Harald Schmidt, la pr\u00e9sentatrice et actrice Nova Meierhenrich et la blogueuse Victoria van Violence y prennent la parole. \"Ce site est une plate-forme d'information unique sur la d\u00e9pression. Il n'y a rien de comparable sur Internet\" souligne encore le cin\u00e9aste et psychiatre Axel Schmidt.<\/p>\n<p><strong>Une ann\u00e9e dans la vie de personnes souffrant de d\u00e9pression - Un documentaire a donn\u00e9 l'impulsion pour un site web d'information<\/strong><\/p>\n<p>Le site web est n\u00e9 du projet de film \"Le milieu de la nuit est le d\u00e9but du jour\". Pour ce documentaire, Michaela Kirst et Axel Schmidt ont accompagn\u00e9 pendant un an deux femmes atteintes de d\u00e9pression et une famille concern\u00e9e. Le film a \u00e9t\u00e9 pr\u00e9sent\u00e9 en premi\u00e8re en 2016 et a depuis \u00e9t\u00e9 projet\u00e9 au cin\u00e9ma dans plus de 90 endroits. Le documentaire peut \u00eatre command\u00e9 en DVD pour la maison. \"Pendant la recherche de protagonistes pour notre documentaire, de nombreuses personnes nous ont confi\u00e9 leurs exp\u00e9riences. Nous n'avons pas pu les inclure toutes dans le film. Mais nous avons eu le sentiment qu'il \u00e9tait vraiment important de donner un foyer \u00e0 toutes ces histoires diff\u00e9rentes\", explique la r\u00e9alisatrice et productrice Michaela Kirst de sagamedia \u00e0 propos de l'id\u00e9e du projet.<\/p>\n<p><strong>Encore beaucoup de pr\u00e9jug\u00e9s et de lacunes dans les connaissances sur la maladie<\/strong><\/p>\n<p>Chaque ann\u00e9e, 5,3 millions de personnes en Allemagne souffrent d'une d\u00e9pression n\u00e9cessitant un traitement. Cette maladie populaire se caract\u00e9rise entre autres par une humeur d\u00e9prim\u00e9e, un manque d'int\u00e9r\u00eat et de joie, des troubles du sommeil persistants et un sentiment d'impasse. Le professeur Ulrich Hegerl, pr\u00e9sident du conseil d'administration de la fondation allemande d'aide aux personnes souffrant de d\u00e9pression, estime qu'il y a encore un grand besoin d'information : \"Nous savons, gr\u00e2ce \u00e0 nos enqu\u00eates men\u00e9es dans toute l'Allemagne, qu'il existe encore de grandes lacunes dans les connaissances et les pr\u00e9jug\u00e9s sur la d\u00e9pression au sein de la population allemande. De nombreuses personnes ne comprennent pas que la d\u00e9pression est une maladie \u00e0 prendre au s\u00e9rieux, qui peut toucher n'importe qui et qui n\u00e9cessite un traitement professionnel. Ils confondent la d\u00e9pression avec des soucis ou <a href=\"https:\/\/news.save.ch\/fr\/stress-in-schweizer-betrieben\/\" target=\"_blank\" rel=\"noopener\">Surmenage<\/a>Tout le monde en fait l'exp\u00e9rience dans sa vie quotidienne\". Le site web donne donc un aper\u00e7u tr\u00e8s personnel et authentique de ce que l'on ressent face \u00e0 la maladie et apporte ainsi une contribution importante \u00e0 l'information.<\/p>\n<p><strong>Plus d'infos<\/strong><\/p>\n<p>Vous trouverez les t\u00e9moignages des personnes concern\u00e9es et les clips des experts sous <a href=\"http:\/\/www.die-mitte-der-nacht.de\" target=\"_blank\" rel=\"noopener\">www.die-mitte-der-nacht.de<\/a>.<br \/>\nLe documentaire \"Le milieu de la nuit est le d\u00e9but du jour\" est disponible en DVD sur <a href=\"http:\/\/www.deutsche-depressionshilfe.de\/infomaterial\" target=\"_blank\" rel=\"noopener\">www.deutsche-depressionshilfe.de\/infomaterial<\/a> disponible.<\/p>","protected":false},"excerpt":{"rendered":"<p>Die Betroffenen k\u00f6nnen f\u00fcr die Website schriftliche Erfahrungsberichte oder Audio- und Video-Dateien einreichen. \u201eWir wollen einen offenen Umgang mit Depression f\u00f6rdern und so Verst\u00e4ndnis wecken f\u00fcr die Erkrankung, die f\u00fcr Aussenstehende oft schwer greifbar ist\u201c erkl\u00e4ren die Initiatoren des Projekts Michaela Kirst und Axel Schmidt. Erg\u00e4nzt werden die sehr pers\u00f6nlichen Einblicke durch kurze Experten-Videos. Diese [&hellip;]<\/p>\n","protected":false},"author":1,"featured_media":3685,"comment_status":"open","ping_status":"open","sticky":false,"template":"","format":"standard","meta":{"_acf_changed":false,"pgc_sgb_lightbox_settings":"","footnotes":""},"categories":[1,3314],"tags":[1702,1775,1893,1986,1990,2165,149,146,2729,2954],"class_list":["post-3683","post","type-post","status-publish","format-standard","has-post-thumbnail","hentry","category-allgemein","category-health-safety","tag-aufklaerung","tag-betriebliches-gesundheitsmanagement","tag-depression","tag-erfahrungen","tag-erkrankung","tag-gesundheitsfoerderung","tag-gesundheitsschutz","tag-medikamente","tag-psychische-gesundheit","tag-sorgen"],"acf":[],"hkrextid":null,"publication":null,"issue":null,"workflow":null,"startPage":null,"spitzmarke":null,"_posts_by_tag_page_fields":{"widget_title":"","widget_tags":""},"_at_widget":"1","_yoast_wpseo_primary_category":"3303","_yoast_wpseo_focuskw_text_input":"Depression","_yoast_wpseo_opengraph-image":null,"_yoast_wpseo_opengraph-description":null,"_yoast_wpseo_opengraph-title":null,"enclosure":null,"_yoast_wpseo_twitter-title":null,"_yoast_wpseo_twitter-description":null,"_yoast_wpseo_twitter-image":null,"_wp_old_slug":null,"_yoast_wpseo_title":null,"_yoast_wpseo_canonical":null,"yoast_head":"<!-- This site is optimized with the Yoast SEO plugin v27.4 - https:\/\/yoast.com\/product\/yoast-seo-wordpress\/ -->\n<title>Der Depression eine Stimme geben - Save<\/title>\n<meta name=\"description\" content=\"Betroffene und Angeh\u00f6rige k\u00f6nnen unter eine Aufkl\u00e4rungs-Webseite der Depression eine Stimme geben.\" \/>\n<meta name=\"robots\" content=\"index, follow, max-snippet:-1, max-image-preview:large, max-video-preview:-1\" \/>\n<link rel=\"canonical\" href=\"https:\/\/news.save.ch\/fr\/der-depression-eine-stimme-geben\/\" \/>\n<meta property=\"og:locale\" content=\"fr_FR\" \/>\n<meta property=\"og:type\" content=\"article\" \/>\n<meta property=\"og:title\" content=\"Der Depression eine Stimme geben - Save\" \/>\n<meta property=\"og:description\" content=\"Betroffene und Angeh\u00f6rige k\u00f6nnen unter eine Aufkl\u00e4rungs-Webseite der Depression eine Stimme geben.\" \/>\n<meta property=\"og:url\" content=\"https:\/\/news.save.ch\/fr\/der-depression-eine-stimme-geben\/\" \/>\n<meta property=\"og:site_name\" content=\"Save\" \/>\n<meta property=\"article:published_time\" content=\"2019-01-04T07:33:40+00:00\" \/>\n<meta property=\"article:modified_time\" content=\"2023-03-14T08:05:33+00:00\" \/>\n<meta property=\"og:image\" content=\"https:\/\/news.save.ch\/wp-content\/uploads\/2019\/01\/Depositphotos_monkeybusiness-scaled-1.jpg\" \/>\n\t<meta property=\"og:image:width\" content=\"1200\" \/>\n\t<meta property=\"og:image:height\" content=\"800\" \/>\n\t<meta property=\"og:image:type\" content=\"image\/jpeg\" \/>\n<meta name=\"author\" content=\"admin\" \/>\n<meta name=\"twitter:card\" content=\"summary_large_image\" \/>\n<meta name=\"twitter:label1\" content=\"\u00c9crit par\" \/>\n\t<meta name=\"twitter:data1\" content=\"admin\" \/>\n\t<meta name=\"twitter:label2\" content=\"Dur\u00e9e de lecture estim\u00e9e\" \/>\n\t<meta name=\"twitter:data2\" content=\"3 minutes\" \/>\n<script type=\"application\/ld+json\" class=\"yoast-schema-graph\">{\"@context\":\"https:\\\/\\\/schema.org\",\"@graph\":[{\"@type\":\"Article\",\"@id\":\"https:\\\/\\\/news.save.ch\\\/der-depression-eine-stimme-geben\\\/#article\",\"isPartOf\":{\"@id\":\"https:\\\/\\\/news.save.ch\\\/der-depression-eine-stimme-geben\\\/\"},\"author\":{\"name\":\"admin\",\"@id\":\"https:\\\/\\\/news.save.ch\\\/de\\\/#\\\/schema\\\/person\\\/d49e199490bad7c70d64b9ab51142f2b\"},\"headline\":\"Der Depression eine Stimme geben\",\"datePublished\":\"2019-01-04T07:33:40+00:00\",\"dateModified\":\"2023-03-14T08:05:33+00:00\",\"mainEntityOfPage\":{\"@id\":\"https:\\\/\\\/news.save.ch\\\/der-depression-eine-stimme-geben\\\/\"},\"wordCount\":505,\"commentCount\":0,\"publisher\":{\"@id\":\"https:\\\/\\\/news.save.ch\\\/de\\\/#organization\"},\"image\":{\"@id\":\"https:\\\/\\\/news.save.ch\\\/der-depression-eine-stimme-geben\\\/#primaryimage\"},\"thumbnailUrl\":\"https:\\\/\\\/news.save.ch\\\/wp-content\\\/uploads\\\/2019\\\/01\\\/Depositphotos_monkeybusiness-scaled-1.jpg\",\"keywords\":[\"Aufkl\u00e4rung\",\"Betriebliches Gesundheitsmanagement\",\"Depression\",\"Erfahrungen\",\"Erkrankung\",\"Gesundheitsf\u00f6rderung\",\"Gesundheitsschutz\",\"Medikamente\",\"Psychische Gesundheit\",\"Sorgen\"],\"articleSection\":[\"ALLGEMEIN\",\"HEALTH &amp; SAFETY\"],\"inLanguage\":\"fr-FR\"},{\"@type\":\"WebPage\",\"@id\":\"https:\\\/\\\/news.save.ch\\\/der-depression-eine-stimme-geben\\\/\",\"url\":\"https:\\\/\\\/news.save.ch\\\/der-depression-eine-stimme-geben\\\/\",\"name\":\"Der Depression eine Stimme geben - Save\",\"isPartOf\":{\"@id\":\"https:\\\/\\\/news.save.ch\\\/de\\\/#website\"},\"primaryImageOfPage\":{\"@id\":\"https:\\\/\\\/news.save.ch\\\/der-depression-eine-stimme-geben\\\/#primaryimage\"},\"image\":{\"@id\":\"https:\\\/\\\/news.save.ch\\\/der-depression-eine-stimme-geben\\\/#primaryimage\"},\"thumbnailUrl\":\"https:\\\/\\\/news.save.ch\\\/wp-content\\\/uploads\\\/2019\\\/01\\\/Depositphotos_monkeybusiness-scaled-1.jpg\",\"datePublished\":\"2019-01-04T07:33:40+00:00\",\"dateModified\":\"2023-03-14T08:05:33+00:00\",\"description\":\"Betroffene und Angeh\u00f6rige k\u00f6nnen unter eine Aufkl\u00e4rungs-Webseite der Depression eine Stimme geben.\",\"breadcrumb\":{\"@id\":\"https:\\\/\\\/news.save.ch\\\/der-depression-eine-stimme-geben\\\/#breadcrumb\"},\"inLanguage\":\"fr-FR\",\"potentialAction\":[{\"@type\":\"ReadAction\",\"target\":[\"https:\\\/\\\/news.save.ch\\\/der-depression-eine-stimme-geben\\\/\"]}]},{\"@type\":\"ImageObject\",\"inLanguage\":\"fr-FR\",\"@id\":\"https:\\\/\\\/news.save.ch\\\/der-depression-eine-stimme-geben\\\/#primaryimage\",\"url\":\"https:\\\/\\\/news.save.ch\\\/wp-content\\\/uploads\\\/2019\\\/01\\\/Depositphotos_monkeybusiness-scaled-1.jpg\",\"contentUrl\":\"https:\\\/\\\/news.save.ch\\\/wp-content\\\/uploads\\\/2019\\\/01\\\/Depositphotos_monkeybusiness-scaled-1.jpg\",\"width\":1200,\"height\":800,\"caption\":\"Neue multimediale interaktive Website l\u00e4sst an Depression erkrankte Menschen zu Wort kommen \u2013 Experten-Clips informieren \u00fcber Erkrankung \u00a9 Depositphotos\\\/monkeybusiness\"},{\"@type\":\"BreadcrumbList\",\"@id\":\"https:\\\/\\\/news.save.ch\\\/der-depression-eine-stimme-geben\\\/#breadcrumb\",\"itemListElement\":[{\"@type\":\"ListItem\",\"position\":1,\"name\":\"Home\",\"item\":\"https:\\\/\\\/news.save.ch\\\/de\\\/\"},{\"@type\":\"ListItem\",\"position\":2,\"name\":\"Der Depression eine Stimme geben\"}]},{\"@type\":\"WebSite\",\"@id\":\"https:\\\/\\\/news.save.ch\\\/de\\\/#website\",\"url\":\"https:\\\/\\\/news.save.ch\\\/de\\\/\",\"name\":\"Save\",\"description\":\"Schweizer Fachzeitschrift f\u00fcr Sicherheit\",\"publisher\":{\"@id\":\"https:\\\/\\\/news.save.ch\\\/de\\\/#organization\"},\"potentialAction\":[{\"@type\":\"SearchAction\",\"target\":{\"@type\":\"EntryPoint\",\"urlTemplate\":\"https:\\\/\\\/news.save.ch\\\/de\\\/?s={search_term_string}\"},\"query-input\":{\"@type\":\"PropertyValueSpecification\",\"valueRequired\":true,\"valueName\":\"search_term_string\"}}],\"inLanguage\":\"fr-FR\"},{\"@type\":\"Organization\",\"@id\":\"https:\\\/\\\/news.save.ch\\\/de\\\/#organization\",\"name\":\"Sicherheitsforum\",\"url\":\"https:\\\/\\\/news.save.ch\\\/de\\\/\",\"logo\":{\"@type\":\"ImageObject\",\"inLanguage\":\"fr-FR\",\"@id\":\"https:\\\/\\\/news.save.ch\\\/de\\\/#\\\/schema\\\/logo\\\/image\\\/\",\"url\":\"https:\\\/\\\/news.save.ch\\\/wp-content\\\/uploads\\\/2022\\\/06\\\/Logo_SF_2012.png\",\"contentUrl\":\"https:\\\/\\\/news.save.ch\\\/wp-content\\\/uploads\\\/2022\\\/06\\\/Logo_SF_2012.png\",\"width\":1100,\"height\":91,\"caption\":\"Sicherheitsforum\"},\"image\":{\"@id\":\"https:\\\/\\\/news.save.ch\\\/de\\\/#\\\/schema\\\/logo\\\/image\\\/\"}},{\"@type\":\"Person\",\"@id\":\"https:\\\/\\\/news.save.ch\\\/de\\\/#\\\/schema\\\/person\\\/d49e199490bad7c70d64b9ab51142f2b\",\"name\":\"admin\",\"image\":{\"@type\":\"ImageObject\",\"inLanguage\":\"fr-FR\",\"@id\":\"https:\\\/\\\/secure.gravatar.com\\\/avatar\\\/ae2f4d718e6c49043e314ce431e7e645d646302a24a5ef5a8bc8e3f5a032e319?s=96&d=mm&r=g\",\"url\":\"https:\\\/\\\/secure.gravatar.com\\\/avatar\\\/ae2f4d718e6c49043e314ce431e7e645d646302a24a5ef5a8bc8e3f5a032e319?s=96&d=mm&r=g\",\"contentUrl\":\"https:\\\/\\\/secure.gravatar.com\\\/avatar\\\/ae2f4d718e6c49043e314ce431e7e645d646302a24a5ef5a8bc8e3f5a032e319?s=96&d=mm&r=g\",\"caption\":\"admin\"},\"sameAs\":[\"https:\\\/\\\/develop.organisator.galledia.ch\"],\"url\":\"https:\\\/\\\/news.save.ch\\\/fr\\\/author\\\/admin\\\/\"}]}<\/script>\n<!-- \/ Yoast SEO plugin. -->","yoast_head_json":{"title":"Donner une voix \u00e0 la d\u00e9pression - Save","description":"Les personnes concern\u00e9es et leurs proches peuvent donner une voix \u00e0 la d\u00e9pression sur un site web d'information.","robots":{"index":"index","follow":"follow","max-snippet":"max-snippet:-1","max-image-preview":"max-image-preview:large","max-video-preview":"max-video-preview:-1"},"canonical":"https:\/\/news.save.ch\/fr\/der-depression-eine-stimme-geben\/","og_locale":"fr_FR","og_type":"article","og_title":"Der Depression eine Stimme geben - Save","og_description":"Betroffene und Angeh\u00f6rige k\u00f6nnen unter eine Aufkl\u00e4rungs-Webseite der Depression eine Stimme geben.","og_url":"https:\/\/news.save.ch\/fr\/der-depression-eine-stimme-geben\/","og_site_name":"Save","article_published_time":"2019-01-04T07:33:40+00:00","article_modified_time":"2023-03-14T08:05:33+00:00","og_image":[{"width":1200,"height":800,"url":"https:\/\/news.save.ch\/wp-content\/uploads\/2019\/01\/Depositphotos_monkeybusiness-scaled-1.jpg","type":"image\/jpeg"}],"author":"admin","twitter_card":"summary_large_image","twitter_misc":{"\u00c9crit par":"admin","Dur\u00e9e de lecture estim\u00e9e":"3 minutes"},"schema":{"@context":"https:\/\/schema.org","@graph":[{"@type":"Article","@id":"https:\/\/news.save.ch\/der-depression-eine-stimme-geben\/#article","isPartOf":{"@id":"https:\/\/news.save.ch\/der-depression-eine-stimme-geben\/"},"author":{"name":"admin","@id":"https:\/\/news.save.ch\/de\/#\/schema\/person\/d49e199490bad7c70d64b9ab51142f2b"},"headline":"Der Depression eine Stimme geben","datePublished":"2019-01-04T07:33:40+00:00","dateModified":"2023-03-14T08:05:33+00:00","mainEntityOfPage":{"@id":"https:\/\/news.save.ch\/der-depression-eine-stimme-geben\/"},"wordCount":505,"commentCount":0,"publisher":{"@id":"https:\/\/news.save.ch\/de\/#organization"},"image":{"@id":"https:\/\/news.save.ch\/der-depression-eine-stimme-geben\/#primaryimage"},"thumbnailUrl":"https:\/\/news.save.ch\/wp-content\/uploads\/2019\/01\/Depositphotos_monkeybusiness-scaled-1.jpg","keywords":["Aufkl\u00e4rung","Betriebliches Gesundheitsmanagement","Depression","Erfahrungen","Erkrankung","Gesundheitsf\u00f6rderung","Gesundheitsschutz","Medikamente","Psychische Gesundheit","Sorgen"],"articleSection":["ALLGEMEIN","HEALTH &amp; SAFETY"],"inLanguage":"fr-FR"},{"@type":"WebPage","@id":"https:\/\/news.save.ch\/der-depression-eine-stimme-geben\/","url":"https:\/\/news.save.ch\/der-depression-eine-stimme-geben\/","name":"Donner une voix \u00e0 la d\u00e9pression - Save","isPartOf":{"@id":"https:\/\/news.save.ch\/de\/#website"},"primaryImageOfPage":{"@id":"https:\/\/news.save.ch\/der-depression-eine-stimme-geben\/#primaryimage"},"image":{"@id":"https:\/\/news.save.ch\/der-depression-eine-stimme-geben\/#primaryimage"},"thumbnailUrl":"https:\/\/news.save.ch\/wp-content\/uploads\/2019\/01\/Depositphotos_monkeybusiness-scaled-1.jpg","datePublished":"2019-01-04T07:33:40+00:00","dateModified":"2023-03-14T08:05:33+00:00","description":"Les personnes concern\u00e9es et leurs proches peuvent donner une voix \u00e0 la d\u00e9pression sur un site web d'information.","breadcrumb":{"@id":"https:\/\/news.save.ch\/der-depression-eine-stimme-geben\/#breadcrumb"},"inLanguage":"fr-FR","potentialAction":[{"@type":"ReadAction","target":["https:\/\/news.save.ch\/der-depression-eine-stimme-geben\/"]}]},{"@type":"ImageObject","inLanguage":"fr-FR","@id":"https:\/\/news.save.ch\/der-depression-eine-stimme-geben\/#primaryimage","url":"https:\/\/news.save.ch\/wp-content\/uploads\/2019\/01\/Depositphotos_monkeybusiness-scaled-1.jpg","contentUrl":"https:\/\/news.save.ch\/wp-content\/uploads\/2019\/01\/Depositphotos_monkeybusiness-scaled-1.jpg","width":1200,"height":800,"caption":"Neue multimediale interaktive Website l\u00e4sst an Depression erkrankte Menschen zu Wort kommen \u2013 Experten-Clips informieren \u00fcber Erkrankung \u00a9 Depositphotos\/monkeybusiness"},{"@type":"BreadcrumbList","@id":"https:\/\/news.save.ch\/der-depression-eine-stimme-geben\/#breadcrumb","itemListElement":[{"@type":"ListItem","position":1,"name":"Home","item":"https:\/\/news.save.ch\/de\/"},{"@type":"ListItem","position":2,"name":"Der Depression eine Stimme geben"}]},{"@type":"WebSite","@id":"https:\/\/news.save.ch\/de\/#website","url":"https:\/\/news.save.ch\/de\/","name":"Save","description":"Revue suisse sp\u00e9cialis\u00e9e dans la s\u00e9curit\u00e9","publisher":{"@id":"https:\/\/news.save.ch\/de\/#organization"},"potentialAction":[{"@type":"SearchAction","target":{"@type":"EntryPoint","urlTemplate":"https:\/\/news.save.ch\/de\/?s={search_term_string}"},"query-input":{"@type":"PropertyValueSpecification","valueRequired":true,"valueName":"search_term_string"}}],"inLanguage":"fr-FR"},{"@type":"Organization","@id":"https:\/\/news.save.ch\/de\/#organization","name":"Forum sur la s\u00e9curit\u00e9","url":"https:\/\/news.save.ch\/de\/","logo":{"@type":"ImageObject","inLanguage":"fr-FR","@id":"https:\/\/news.save.ch\/de\/#\/schema\/logo\/image\/","url":"https:\/\/news.save.ch\/wp-content\/uploads\/2022\/06\/Logo_SF_2012.png","contentUrl":"https:\/\/news.save.ch\/wp-content\/uploads\/2022\/06\/Logo_SF_2012.png","width":1100,"height":91,"caption":"Sicherheitsforum"},"image":{"@id":"https:\/\/news.save.ch\/de\/#\/schema\/logo\/image\/"}},{"@type":"Person","@id":"https:\/\/news.save.ch\/de\/#\/schema\/person\/d49e199490bad7c70d64b9ab51142f2b","name":"admin","image":{"@type":"ImageObject","inLanguage":"fr-FR","@id":"https:\/\/secure.gravatar.com\/avatar\/ae2f4d718e6c49043e314ce431e7e645d646302a24a5ef5a8bc8e3f5a032e319?s=96&d=mm&r=g","url":"https:\/\/secure.gravatar.com\/avatar\/ae2f4d718e6c49043e314ce431e7e645d646302a24a5ef5a8bc8e3f5a032e319?s=96&d=mm&r=g","contentUrl":"https:\/\/secure.gravatar.com\/avatar\/ae2f4d718e6c49043e314ce431e7e645d646302a24a5ef5a8bc8e3f5a032e319?s=96&d=mm&r=g","caption":"admin"},"sameAs":["https:\/\/develop.organisator.galledia.ch"],"url":"https:\/\/news.save.ch\/fr\/author\/admin\/"}]}},"_links":{"self":[{"href":"https:\/\/news.save.ch\/fr\/wp-json\/wp\/v2\/posts\/3683","targetHints":{"allow":["GET"]}}],"collection":[{"href":"https:\/\/news.save.ch\/fr\/wp-json\/wp\/v2\/posts"}],"about":[{"href":"https:\/\/news.save.ch\/fr\/wp-json\/wp\/v2\/types\/post"}],"author":[{"embeddable":true,"href":"https:\/\/news.save.ch\/fr\/wp-json\/wp\/v2\/users\/1"}],"replies":[{"embeddable":true,"href":"https:\/\/news.save.ch\/fr\/wp-json\/wp\/v2\/comments?post=3683"}],"version-history":[{"count":1,"href":"https:\/\/news.save.ch\/fr\/wp-json\/wp\/v2\/posts\/3683\/revisions"}],"predecessor-version":[{"id":18277,"href":"https:\/\/news.save.ch\/fr\/wp-json\/wp\/v2\/posts\/3683\/revisions\/18277"}],"wp:featuredmedia":[{"embeddable":true,"href":"https:\/\/news.save.ch\/fr\/wp-json\/wp\/v2\/media\/3685"}],"wp:attachment":[{"href":"https:\/\/news.save.ch\/fr\/wp-json\/wp\/v2\/media?parent=3683"}],"wp:term":[{"taxonomy":"category","embeddable":true,"href":"https:\/\/news.save.ch\/fr\/wp-json\/wp\/v2\/categories?post=3683"},{"taxonomy":"post_tag","embeddable":true,"href":"https:\/\/news.save.ch\/fr\/wp-json\/wp\/v2\/tags?post=3683"}],"curies":[{"name":"wp","href":"https:\/\/api.w.org\/{rel}","templated":true}]}}