{"id":3786,"date":"2019-02-19T08:00:25","date_gmt":"2019-02-19T07:00:25","guid":{"rendered":"https:\/\/news.save.ch\/?p=3786"},"modified":"2023-03-14T09:04:04","modified_gmt":"2023-03-14T08:04:04","slug":"neue-vorbilder-in-sachen-sicherheit-und-gesundheit-bei-der-arbeit-gesucht","status":null,"type":"post","link":"https:\/\/news.save.ch\/fr\/neue-vorbilder-in-sachen-sicherheit-und-gesundheit-bei-der-arbeit-gesucht\/","title":{"rendered":"Recherche de nouveaux mod\u00e8les en mati\u00e8re de s\u00e9curit\u00e9 et de sant\u00e9 au travail"},"content":{"rendered":"<figure id=\"attachment_3789\" aria-describedby=\"caption-attachment-3789\" style=\"width: 680px\" class=\"wp-caption alignnone\"><img loading=\"lazy\" decoding=\"async\" class=\"size-medium wp-image-3789\" src=\"http:\/\/develop.safety-plus.ch\/wp-content\/uploads\/2019\/02\/Depositphotos_Kuzmafoto.jpg\" alt=\"\" width=\"680\" height=\"453\" \/><figcaption id=\"caption-attachment-3789\" class=\"wp-caption-text\">Le prix montre des moyens d'anticiper et d'aborder efficacement les d\u00e9fis li\u00e9s \u00e0 la s\u00e9curit\u00e9 et \u00e0 la sant\u00e9 au travail. \u00a9Depositphotos\/Kuzmafoto<\/figcaption><\/figure>\n<p>Le prix allemand de la s\u00e9curit\u00e9 et de la sant\u00e9 au travail r\u00e9compense des entreprises de toutes tailles et de tous secteurs \u00e9tablies en Allemagne ainsi que des personnes individuelles qui s'engagent de mani\u00e8re particuli\u00e8re en faveur de la s\u00e9curit\u00e9 et de la sant\u00e9 au travail. Le prix montre des moyens de faire face de mani\u00e8re pr\u00e9voyante et efficace aux d\u00e9fis li\u00e9s \u00e0 <a href=\"https:\/\/news.save.ch\/fr\/arbeitssicherheit-und-gesundheitsschutz-in-betrieben-der-fleischwirtschaft\/\" target=\"_blank\" rel=\"noopener\">S\u00e9curit\u00e9 et sant\u00e9<\/a> au travail. Le message central est que la s\u00e9curit\u00e9 au travail et la protection de la sant\u00e9 avec syst\u00e8me sont payantes. Elles prot\u00e8gent les salari\u00e9s et assurent ainsi la comp\u00e9titivit\u00e9 de l'entreprise. En 2019, des solutions d\u00e9velopp\u00e9es et v\u00e9cues de mani\u00e8re exemplaire seront r\u00e9compens\u00e9es dans cinq cat\u00e9gories : Des solutions de gestion de grande envergure aux solutions cr\u00e9atives et innovantes au niveau de l'entreprise, des mesures visant \u00e0 modifier les comportements et les rapports aux mesures concernant la protection, la s\u00e9curit\u00e9 et la sant\u00e9 des individus. Une entreprise en d\u00e9marrage sera r\u00e9compens\u00e9e par un prix suppl\u00e9mentaire de la fondation de Messe D\u00fcsseldorf.<\/p>\n<p>Le Prix allemand de la s\u00e9curit\u00e9 et de la sant\u00e9 au travail 2019 sera d\u00e9cern\u00e9 le 5 novembre 2019 lors d'une c\u00e9r\u00e9monie de remise des prix qui se tiendra \u00e0 l'occasion du salon de la s\u00e9curit\u00e9 et de la sant\u00e9 au travail. <a href=\"https:\/\/news.save.ch\/fr\/von-profi-zu-profi\/\" target=\"_blank\" rel=\"noopener\">Salon professionnel<\/a> A+A \u00e0 D\u00fcsseldorf (Allemagne), le prix sera remis publiquement. Les contributions soumises seront \u00e9valu\u00e9es par un jury d'experts ind\u00e9pendants compos\u00e9 de personnalit\u00e9s du monde \u00e9conomique, politique, associatif et scientifique. Au total, 50 000 euros de prix sont \u00e0 gagner.<\/p>\n<p>Le prix allemand de la s\u00e9curit\u00e9 et de la sant\u00e9 au travail fait partie de la strat\u00e9gie allemande commune en mati\u00e8re de s\u00e9curit\u00e9 et de sant\u00e9 au travail. <a href=\"http:\/\/www.gda-portal.de\/DE\/Home\/Home_node.html\" target=\"_blank\" rel=\"noopener\">(GDA)<\/a>. Au sein de la GDA, le minist\u00e8re f\u00e9d\u00e9ral du Travail et des Affaires sociales <a href=\"https:\/\/www.bmas.de\/DE\/Startseite\/start.html\" target=\"_blank\" rel=\"noopener\">(BMAS)<\/a>le Comit\u00e9 des L\u00e4nder pour la s\u00e9curit\u00e9 et la sant\u00e9 au travail et la technique de s\u00e9curit\u00e9 <a href=\"https:\/\/www.lasi-info.com\/start\/?no_cache=1\" target=\"_blank\" rel=\"noopener\">(LASI)<\/a> et l'assurance l\u00e9gale allemande contre les accidents <a href=\"https:\/\/www.dguv.de\/de\/index.jsp\" target=\"_blank\" rel=\"noopener\">(DGUV)<\/a> regroupent leurs activit\u00e9s autour de la s\u00e9curit\u00e9 et de la sant\u00e9 au travail en entreprise. Ils organisent ensemble le Prix allemand de la s\u00e9curit\u00e9 et de la sant\u00e9 au travail.<\/p>\n<p>Le partenaire m\u00e9dia officiel du Prix allemand de la s\u00e9curit\u00e9 et de la sant\u00e9 au travail est la Messe D\u00fcsseldorf. En tant qu'organisateur de longue date de l'A+A, Messe D\u00fcsseldorf soutient dans le domaine de la communication du prix et de l'\u00e9v\u00e9nement les objectifs des organisateurs autour du th\u00e8me de la s\u00e9curit\u00e9 et de la sant\u00e9 au travail.<\/p>\n<p>&nbsp;<\/p>\n<p><strong>Plus d'infos<\/strong><\/p>\n<p><a href=\"http:\/\/www.deutscher-arbeitsschutzpreis.de\/\">www.deutscher-arbeitsschutzpreis.de<\/a><\/p>","protected":false},"excerpt":{"rendered":"<p>Der Deutsche Arbeitsschutzpreis zeichnet in Deutschland ans\u00e4ssige Unternehmen aller Gr\u00f6ssen und Branchen sowie Einzelpersonen aus, die sich in besonderem Masse f\u00fcr Sicherheit und Gesundheit bei der Arbeit engagieren. Der Preis zeigt Wege auf, vorausschauend und effektiv mit den Herausforderungen rund um Sicherheit und Gesundheit bei der Arbeit umzugehen. Im Mittelpunkt steht die Botschaft, dass sich [&hellip;]<\/p>\n","protected":false},"author":1,"featured_media":3789,"comment_status":"open","ping_status":"open","sticky":false,"template":"","format":"standard","meta":{"_acf_changed":false,"pgc_sgb_lightbox_settings":"","footnotes":""},"categories":[1,3314],"tags":[1664,172,1678,759,2159,2710,65,160,3248],"class_list":["post-3786","post","type-post","status-publish","format-standard","has-post-thumbnail","hentry","category-allgemein","category-health-safety","tag-arbeitsschutz","tag-arbeitssicherheit","tag-arbeitszeit","tag-fachmesse","tag-gesundheit","tag-preisverleihungszeremonie","tag-unternehmen","tag-veranstaltungen","tag-wettbewerb"],"acf":[],"hkrextid":null,"publication":null,"issue":null,"workflow":null,"startPage":null,"spitzmarke":null,"_posts_by_tag_page_fields":{"widget_title":"","widget_tags":""},"_at_widget":"1","_yoast_wpseo_primary_category":"1","_yoast_wpseo_focuskw_text_input":"Der Deutsche Arbeitsschutzpreis 2019","_yoast_wpseo_opengraph-image":null,"_yoast_wpseo_opengraph-description":null,"_yoast_wpseo_opengraph-title":null,"enclosure":null,"_yoast_wpseo_twitter-title":null,"_yoast_wpseo_twitter-description":null,"_yoast_wpseo_twitter-image":null,"_wp_old_slug":null,"_yoast_wpseo_title":null,"_yoast_wpseo_canonical":null,"yoast_head":"<!-- This site is optimized with the Yoast SEO plugin v27.5 - https:\/\/yoast.com\/product\/yoast-seo-wordpress\/ -->\n<title>Neue Vorbilder in Sachen Sicherheit und Gesundheit bei der Arbeit gesucht - Save<\/title>\n<meta name=\"description\" content=\"Der Preis zeigt Wege auf, vorausschauend und effektiv mit den Herausforderungen rund um Sicherheit und Gesundheit bei der Arbeit umzugehen.\" \/>\n<meta name=\"robots\" content=\"index, follow, max-snippet:-1, max-image-preview:large, max-video-preview:-1\" \/>\n<link rel=\"canonical\" href=\"https:\/\/news.save.ch\/fr\/neue-vorbilder-in-sachen-sicherheit-und-gesundheit-bei-der-arbeit-gesucht\/\" \/>\n<meta property=\"og:locale\" content=\"fr_FR\" \/>\n<meta property=\"og:type\" content=\"article\" \/>\n<meta property=\"og:title\" content=\"Neue Vorbilder in Sachen Sicherheit und Gesundheit bei der Arbeit gesucht - Save\" \/>\n<meta property=\"og:description\" content=\"Der Preis zeigt Wege auf, vorausschauend und effektiv mit den Herausforderungen rund um Sicherheit und Gesundheit bei der Arbeit umzugehen.\" \/>\n<meta property=\"og:url\" content=\"https:\/\/news.save.ch\/fr\/neue-vorbilder-in-sachen-sicherheit-und-gesundheit-bei-der-arbeit-gesucht\/\" \/>\n<meta property=\"og:site_name\" content=\"Save\" \/>\n<meta property=\"article:published_time\" content=\"2019-02-19T07:00:25+00:00\" \/>\n<meta property=\"article:modified_time\" content=\"2023-03-14T08:04:04+00:00\" \/>\n<meta property=\"og:image\" content=\"https:\/\/news.save.ch\/wp-content\/uploads\/2019\/02\/Depositphotos_Kuzmafoto-scaled-1.jpg\" \/>\n\t<meta property=\"og:image:width\" content=\"1200\" \/>\n\t<meta property=\"og:image:height\" content=\"800\" \/>\n\t<meta property=\"og:image:type\" content=\"image\/jpeg\" \/>\n<meta name=\"author\" content=\"admin\" \/>\n<meta name=\"twitter:card\" content=\"summary_large_image\" \/>\n<meta name=\"twitter:label1\" content=\"\u00c9crit par\" \/>\n\t<meta name=\"twitter:data1\" content=\"admin\" \/>\n\t<meta name=\"twitter:label2\" content=\"Dur\u00e9e de lecture estim\u00e9e\" \/>\n\t<meta name=\"twitter:data2\" content=\"2 minutes\" \/>\n<script type=\"application\/ld+json\" class=\"yoast-schema-graph\">{\"@context\":\"https:\\\/\\\/schema.org\",\"@graph\":[{\"@type\":\"Article\",\"@id\":\"https:\\\/\\\/news.save.ch\\\/neue-vorbilder-in-sachen-sicherheit-und-gesundheit-bei-der-arbeit-gesucht\\\/#article\",\"isPartOf\":{\"@id\":\"https:\\\/\\\/news.save.ch\\\/neue-vorbilder-in-sachen-sicherheit-und-gesundheit-bei-der-arbeit-gesucht\\\/\"},\"author\":{\"name\":\"admin\",\"@id\":\"https:\\\/\\\/news.save.ch\\\/de\\\/#\\\/schema\\\/person\\\/d49e199490bad7c70d64b9ab51142f2b\"},\"headline\":\"Neue Vorbilder in Sachen Sicherheit und Gesundheit bei der Arbeit gesucht\",\"datePublished\":\"2019-02-19T07:00:25+00:00\",\"dateModified\":\"2023-03-14T08:04:04+00:00\",\"mainEntityOfPage\":{\"@id\":\"https:\\\/\\\/news.save.ch\\\/neue-vorbilder-in-sachen-sicherheit-und-gesundheit-bei-der-arbeit-gesucht\\\/\"},\"wordCount\":334,\"commentCount\":0,\"publisher\":{\"@id\":\"https:\\\/\\\/news.save.ch\\\/de\\\/#organization\"},\"image\":{\"@id\":\"https:\\\/\\\/news.save.ch\\\/neue-vorbilder-in-sachen-sicherheit-und-gesundheit-bei-der-arbeit-gesucht\\\/#primaryimage\"},\"thumbnailUrl\":\"https:\\\/\\\/news.save.ch\\\/wp-content\\\/uploads\\\/2019\\\/02\\\/Depositphotos_Kuzmafoto-scaled-1.jpg\",\"keywords\":[\"Arbeitsschutz\",\"Arbeitssicherheit\",\"Arbeitszeit\",\"Fachmesse\",\"Gesundheit\",\"Preisverleihungszeremonie\",\"Unternehmen\",\"Veranstaltungen\",\"Wettbewerb\"],\"articleSection\":[\"ALLGEMEIN\",\"HEALTH &amp; SAFETY\"],\"inLanguage\":\"fr-FR\"},{\"@type\":\"WebPage\",\"@id\":\"https:\\\/\\\/news.save.ch\\\/neue-vorbilder-in-sachen-sicherheit-und-gesundheit-bei-der-arbeit-gesucht\\\/\",\"url\":\"https:\\\/\\\/news.save.ch\\\/neue-vorbilder-in-sachen-sicherheit-und-gesundheit-bei-der-arbeit-gesucht\\\/\",\"name\":\"Neue Vorbilder in Sachen Sicherheit und Gesundheit bei der Arbeit gesucht - Save\",\"isPartOf\":{\"@id\":\"https:\\\/\\\/news.save.ch\\\/de\\\/#website\"},\"primaryImageOfPage\":{\"@id\":\"https:\\\/\\\/news.save.ch\\\/neue-vorbilder-in-sachen-sicherheit-und-gesundheit-bei-der-arbeit-gesucht\\\/#primaryimage\"},\"image\":{\"@id\":\"https:\\\/\\\/news.save.ch\\\/neue-vorbilder-in-sachen-sicherheit-und-gesundheit-bei-der-arbeit-gesucht\\\/#primaryimage\"},\"thumbnailUrl\":\"https:\\\/\\\/news.save.ch\\\/wp-content\\\/uploads\\\/2019\\\/02\\\/Depositphotos_Kuzmafoto-scaled-1.jpg\",\"datePublished\":\"2019-02-19T07:00:25+00:00\",\"dateModified\":\"2023-03-14T08:04:04+00:00\",\"description\":\"Der Preis zeigt Wege auf, vorausschauend und effektiv mit den Herausforderungen rund um Sicherheit und Gesundheit bei der Arbeit umzugehen.\",\"breadcrumb\":{\"@id\":\"https:\\\/\\\/news.save.ch\\\/neue-vorbilder-in-sachen-sicherheit-und-gesundheit-bei-der-arbeit-gesucht\\\/#breadcrumb\"},\"inLanguage\":\"fr-FR\",\"potentialAction\":[{\"@type\":\"ReadAction\",\"target\":[\"https:\\\/\\\/news.save.ch\\\/neue-vorbilder-in-sachen-sicherheit-und-gesundheit-bei-der-arbeit-gesucht\\\/\"]}]},{\"@type\":\"ImageObject\",\"inLanguage\":\"fr-FR\",\"@id\":\"https:\\\/\\\/news.save.ch\\\/neue-vorbilder-in-sachen-sicherheit-und-gesundheit-bei-der-arbeit-gesucht\\\/#primaryimage\",\"url\":\"https:\\\/\\\/news.save.ch\\\/wp-content\\\/uploads\\\/2019\\\/02\\\/Depositphotos_Kuzmafoto-scaled-1.jpg\",\"contentUrl\":\"https:\\\/\\\/news.save.ch\\\/wp-content\\\/uploads\\\/2019\\\/02\\\/Depositphotos_Kuzmafoto-scaled-1.jpg\",\"width\":1200,\"height\":800,\"caption\":\"Der Preis zeigt Wege auf, vorausschauend und effektiv mit den Herausforderungen rund um Sicherheit und Gesundheit bei der Arbeit umzugehen. \u00a9Depositphotos\\\/Kuzmafoto\"},{\"@type\":\"BreadcrumbList\",\"@id\":\"https:\\\/\\\/news.save.ch\\\/neue-vorbilder-in-sachen-sicherheit-und-gesundheit-bei-der-arbeit-gesucht\\\/#breadcrumb\",\"itemListElement\":[{\"@type\":\"ListItem\",\"position\":1,\"name\":\"Home\",\"item\":\"https:\\\/\\\/news.save.ch\\\/de\\\/\"},{\"@type\":\"ListItem\",\"position\":2,\"name\":\"Neue Vorbilder in Sachen Sicherheit und Gesundheit bei der Arbeit gesucht\"}]},{\"@type\":\"WebSite\",\"@id\":\"https:\\\/\\\/news.save.ch\\\/de\\\/#website\",\"url\":\"https:\\\/\\\/news.save.ch\\\/de\\\/\",\"name\":\"Save\",\"description\":\"Schweizer Fachzeitschrift f\u00fcr Sicherheit\",\"publisher\":{\"@id\":\"https:\\\/\\\/news.save.ch\\\/de\\\/#organization\"},\"potentialAction\":[{\"@type\":\"SearchAction\",\"target\":{\"@type\":\"EntryPoint\",\"urlTemplate\":\"https:\\\/\\\/news.save.ch\\\/de\\\/?s={search_term_string}\"},\"query-input\":{\"@type\":\"PropertyValueSpecification\",\"valueRequired\":true,\"valueName\":\"search_term_string\"}}],\"inLanguage\":\"fr-FR\"},{\"@type\":\"Organization\",\"@id\":\"https:\\\/\\\/news.save.ch\\\/de\\\/#organization\",\"name\":\"Sicherheitsforum\",\"url\":\"https:\\\/\\\/news.save.ch\\\/de\\\/\",\"logo\":{\"@type\":\"ImageObject\",\"inLanguage\":\"fr-FR\",\"@id\":\"https:\\\/\\\/news.save.ch\\\/de\\\/#\\\/schema\\\/logo\\\/image\\\/\",\"url\":\"https:\\\/\\\/news.save.ch\\\/wp-content\\\/uploads\\\/2022\\\/06\\\/Logo_SF_2012.png\",\"contentUrl\":\"https:\\\/\\\/news.save.ch\\\/wp-content\\\/uploads\\\/2022\\\/06\\\/Logo_SF_2012.png\",\"width\":1100,\"height\":91,\"caption\":\"Sicherheitsforum\"},\"image\":{\"@id\":\"https:\\\/\\\/news.save.ch\\\/de\\\/#\\\/schema\\\/logo\\\/image\\\/\"}},{\"@type\":\"Person\",\"@id\":\"https:\\\/\\\/news.save.ch\\\/de\\\/#\\\/schema\\\/person\\\/d49e199490bad7c70d64b9ab51142f2b\",\"name\":\"admin\",\"image\":{\"@type\":\"ImageObject\",\"inLanguage\":\"fr-FR\",\"@id\":\"https:\\\/\\\/secure.gravatar.com\\\/avatar\\\/ae2f4d718e6c49043e314ce431e7e645d646302a24a5ef5a8bc8e3f5a032e319?s=96&d=mm&r=g\",\"url\":\"https:\\\/\\\/secure.gravatar.com\\\/avatar\\\/ae2f4d718e6c49043e314ce431e7e645d646302a24a5ef5a8bc8e3f5a032e319?s=96&d=mm&r=g\",\"contentUrl\":\"https:\\\/\\\/secure.gravatar.com\\\/avatar\\\/ae2f4d718e6c49043e314ce431e7e645d646302a24a5ef5a8bc8e3f5a032e319?s=96&d=mm&r=g\",\"caption\":\"admin\"},\"sameAs\":[\"https:\\\/\\\/develop.organisator.galledia.ch\"],\"url\":\"https:\\\/\\\/news.save.ch\\\/fr\\\/author\\\/admin\\\/\"}]}<\/script>\n<!-- \/ Yoast SEO plugin. -->","yoast_head_json":{"title":"Recherche de nouveaux mod\u00e8les en mati\u00e8re de s\u00e9curit\u00e9 et de sant\u00e9 au travail - Save","description":"Le prix montre des moyens d'anticiper et d'aborder efficacement les d\u00e9fis li\u00e9s \u00e0 la s\u00e9curit\u00e9 et \u00e0 la sant\u00e9 au travail.","robots":{"index":"index","follow":"follow","max-snippet":"max-snippet:-1","max-image-preview":"max-image-preview:large","max-video-preview":"max-video-preview:-1"},"canonical":"https:\/\/news.save.ch\/fr\/neue-vorbilder-in-sachen-sicherheit-und-gesundheit-bei-der-arbeit-gesucht\/","og_locale":"fr_FR","og_type":"article","og_title":"Neue Vorbilder in Sachen Sicherheit und Gesundheit bei der Arbeit gesucht - Save","og_description":"Der Preis zeigt Wege auf, vorausschauend und effektiv mit den Herausforderungen rund um Sicherheit und Gesundheit bei der Arbeit umzugehen.","og_url":"https:\/\/news.save.ch\/fr\/neue-vorbilder-in-sachen-sicherheit-und-gesundheit-bei-der-arbeit-gesucht\/","og_site_name":"Save","article_published_time":"2019-02-19T07:00:25+00:00","article_modified_time":"2023-03-14T08:04:04+00:00","og_image":[{"width":1200,"height":800,"url":"https:\/\/news.save.ch\/wp-content\/uploads\/2019\/02\/Depositphotos_Kuzmafoto-scaled-1.jpg","type":"image\/jpeg"}],"author":"admin","twitter_card":"summary_large_image","twitter_misc":{"\u00c9crit par":"admin","Dur\u00e9e de lecture estim\u00e9e":"2 minutes"},"schema":{"@context":"https:\/\/schema.org","@graph":[{"@type":"Article","@id":"https:\/\/news.save.ch\/neue-vorbilder-in-sachen-sicherheit-und-gesundheit-bei-der-arbeit-gesucht\/#article","isPartOf":{"@id":"https:\/\/news.save.ch\/neue-vorbilder-in-sachen-sicherheit-und-gesundheit-bei-der-arbeit-gesucht\/"},"author":{"name":"admin","@id":"https:\/\/news.save.ch\/de\/#\/schema\/person\/d49e199490bad7c70d64b9ab51142f2b"},"headline":"Neue Vorbilder in Sachen Sicherheit und Gesundheit bei der Arbeit gesucht","datePublished":"2019-02-19T07:00:25+00:00","dateModified":"2023-03-14T08:04:04+00:00","mainEntityOfPage":{"@id":"https:\/\/news.save.ch\/neue-vorbilder-in-sachen-sicherheit-und-gesundheit-bei-der-arbeit-gesucht\/"},"wordCount":334,"commentCount":0,"publisher":{"@id":"https:\/\/news.save.ch\/de\/#organization"},"image":{"@id":"https:\/\/news.save.ch\/neue-vorbilder-in-sachen-sicherheit-und-gesundheit-bei-der-arbeit-gesucht\/#primaryimage"},"thumbnailUrl":"https:\/\/news.save.ch\/wp-content\/uploads\/2019\/02\/Depositphotos_Kuzmafoto-scaled-1.jpg","keywords":["Arbeitsschutz","Arbeitssicherheit","Arbeitszeit","Fachmesse","Gesundheit","Preisverleihungszeremonie","Unternehmen","Veranstaltungen","Wettbewerb"],"articleSection":["ALLGEMEIN","HEALTH &amp; SAFETY"],"inLanguage":"fr-FR"},{"@type":"WebPage","@id":"https:\/\/news.save.ch\/neue-vorbilder-in-sachen-sicherheit-und-gesundheit-bei-der-arbeit-gesucht\/","url":"https:\/\/news.save.ch\/neue-vorbilder-in-sachen-sicherheit-und-gesundheit-bei-der-arbeit-gesucht\/","name":"Recherche de nouveaux mod\u00e8les en mati\u00e8re de s\u00e9curit\u00e9 et de sant\u00e9 au travail - Save","isPartOf":{"@id":"https:\/\/news.save.ch\/de\/#website"},"primaryImageOfPage":{"@id":"https:\/\/news.save.ch\/neue-vorbilder-in-sachen-sicherheit-und-gesundheit-bei-der-arbeit-gesucht\/#primaryimage"},"image":{"@id":"https:\/\/news.save.ch\/neue-vorbilder-in-sachen-sicherheit-und-gesundheit-bei-der-arbeit-gesucht\/#primaryimage"},"thumbnailUrl":"https:\/\/news.save.ch\/wp-content\/uploads\/2019\/02\/Depositphotos_Kuzmafoto-scaled-1.jpg","datePublished":"2019-02-19T07:00:25+00:00","dateModified":"2023-03-14T08:04:04+00:00","description":"Le prix montre des moyens d'anticiper et d'aborder efficacement les d\u00e9fis li\u00e9s \u00e0 la s\u00e9curit\u00e9 et \u00e0 la sant\u00e9 au travail.","breadcrumb":{"@id":"https:\/\/news.save.ch\/neue-vorbilder-in-sachen-sicherheit-und-gesundheit-bei-der-arbeit-gesucht\/#breadcrumb"},"inLanguage":"fr-FR","potentialAction":[{"@type":"ReadAction","target":["https:\/\/news.save.ch\/neue-vorbilder-in-sachen-sicherheit-und-gesundheit-bei-der-arbeit-gesucht\/"]}]},{"@type":"ImageObject","inLanguage":"fr-FR","@id":"https:\/\/news.save.ch\/neue-vorbilder-in-sachen-sicherheit-und-gesundheit-bei-der-arbeit-gesucht\/#primaryimage","url":"https:\/\/news.save.ch\/wp-content\/uploads\/2019\/02\/Depositphotos_Kuzmafoto-scaled-1.jpg","contentUrl":"https:\/\/news.save.ch\/wp-content\/uploads\/2019\/02\/Depositphotos_Kuzmafoto-scaled-1.jpg","width":1200,"height":800,"caption":"Der Preis zeigt Wege auf, vorausschauend und effektiv mit den Herausforderungen rund um Sicherheit und Gesundheit bei der Arbeit umzugehen. \u00a9Depositphotos\/Kuzmafoto"},{"@type":"BreadcrumbList","@id":"https:\/\/news.save.ch\/neue-vorbilder-in-sachen-sicherheit-und-gesundheit-bei-der-arbeit-gesucht\/#breadcrumb","itemListElement":[{"@type":"ListItem","position":1,"name":"Home","item":"https:\/\/news.save.ch\/de\/"},{"@type":"ListItem","position":2,"name":"Neue Vorbilder in Sachen Sicherheit und Gesundheit bei der Arbeit gesucht"}]},{"@type":"WebSite","@id":"https:\/\/news.save.ch\/de\/#website","url":"https:\/\/news.save.ch\/de\/","name":"Save","description":"Revue suisse sp\u00e9cialis\u00e9e dans la s\u00e9curit\u00e9","publisher":{"@id":"https:\/\/news.save.ch\/de\/#organization"},"potentialAction":[{"@type":"SearchAction","target":{"@type":"EntryPoint","urlTemplate":"https:\/\/news.save.ch\/de\/?s={search_term_string}"},"query-input":{"@type":"PropertyValueSpecification","valueRequired":true,"valueName":"search_term_string"}}],"inLanguage":"fr-FR"},{"@type":"Organization","@id":"https:\/\/news.save.ch\/de\/#organization","name":"Forum sur la s\u00e9curit\u00e9","url":"https:\/\/news.save.ch\/de\/","logo":{"@type":"ImageObject","inLanguage":"fr-FR","@id":"https:\/\/news.save.ch\/de\/#\/schema\/logo\/image\/","url":"https:\/\/news.save.ch\/wp-content\/uploads\/2022\/06\/Logo_SF_2012.png","contentUrl":"https:\/\/news.save.ch\/wp-content\/uploads\/2022\/06\/Logo_SF_2012.png","width":1100,"height":91,"caption":"Sicherheitsforum"},"image":{"@id":"https:\/\/news.save.ch\/de\/#\/schema\/logo\/image\/"}},{"@type":"Person","@id":"https:\/\/news.save.ch\/de\/#\/schema\/person\/d49e199490bad7c70d64b9ab51142f2b","name":"admin","image":{"@type":"ImageObject","inLanguage":"fr-FR","@id":"https:\/\/secure.gravatar.com\/avatar\/ae2f4d718e6c49043e314ce431e7e645d646302a24a5ef5a8bc8e3f5a032e319?s=96&d=mm&r=g","url":"https:\/\/secure.gravatar.com\/avatar\/ae2f4d718e6c49043e314ce431e7e645d646302a24a5ef5a8bc8e3f5a032e319?s=96&d=mm&r=g","contentUrl":"https:\/\/secure.gravatar.com\/avatar\/ae2f4d718e6c49043e314ce431e7e645d646302a24a5ef5a8bc8e3f5a032e319?s=96&d=mm&r=g","caption":"admin"},"sameAs":["https:\/\/develop.organisator.galledia.ch"],"url":"https:\/\/news.save.ch\/fr\/author\/admin\/"}]}},"_links":{"self":[{"href":"https:\/\/news.save.ch\/fr\/wp-json\/wp\/v2\/posts\/3786","targetHints":{"allow":["GET"]}}],"collection":[{"href":"https:\/\/news.save.ch\/fr\/wp-json\/wp\/v2\/posts"}],"about":[{"href":"https:\/\/news.save.ch\/fr\/wp-json\/wp\/v2\/types\/post"}],"author":[{"embeddable":true,"href":"https:\/\/news.save.ch\/fr\/wp-json\/wp\/v2\/users\/1"}],"replies":[{"embeddable":true,"href":"https:\/\/news.save.ch\/fr\/wp-json\/wp\/v2\/comments?post=3786"}],"version-history":[{"count":1,"href":"https:\/\/news.save.ch\/fr\/wp-json\/wp\/v2\/posts\/3786\/revisions"}],"predecessor-version":[{"id":18272,"href":"https:\/\/news.save.ch\/fr\/wp-json\/wp\/v2\/posts\/3786\/revisions\/18272"}],"wp:featuredmedia":[{"embeddable":true,"href":"https:\/\/news.save.ch\/fr\/wp-json\/wp\/v2\/media\/3789"}],"wp:attachment":[{"href":"https:\/\/news.save.ch\/fr\/wp-json\/wp\/v2\/media?parent=3786"}],"wp:term":[{"taxonomy":"category","embeddable":true,"href":"https:\/\/news.save.ch\/fr\/wp-json\/wp\/v2\/categories?post=3786"},{"taxonomy":"post_tag","embeddable":true,"href":"https:\/\/news.save.ch\/fr\/wp-json\/wp\/v2\/tags?post=3786"}],"curies":[{"name":"wp","href":"https:\/\/api.w.org\/{rel}","templated":true}]}}