{"id":3796,"date":"2017-01-30T14:31:03","date_gmt":"2017-01-30T13:31:03","guid":{"rendered":"https:\/\/sicherheitsforum.ch\/?p=3796"},"modified":"2023-03-14T08:57:08","modified_gmt":"2023-03-14T07:57:08","slug":"bueroangestellten-haben-keine-ahnung-von-risiken","status":null,"type":"post","link":"https:\/\/news.save.ch\/fr\/bueroangestellten-haben-keine-ahnung-von-risiken\/","title":{"rendered":"Les employ\u00e9s de bureau n'ont aucune id\u00e9e des cyber-risques"},"content":{"rendered":"<figure id=\"attachment_3797\" aria-describedby=\"caption-attachment-3797\" style=\"width: 680px\" class=\"wp-caption aligncenter\"><img loading=\"lazy\" decoding=\"async\" class=\"size-medium wp-image-3797\" src=\"https:\/\/sicherheitsforum.ch\/wp-content\/uploads\/2017\/01\/Depositphotos_61533555.jpg\" alt=\"\" width=\"680\" height=\"454\" srcset=\"https:\/\/news.save.ch\/wp-content\/uploads\/2017\/01\/Depositphotos_61533555.jpg 999w, https:\/\/news.save.ch\/wp-content\/uploads\/2017\/01\/Depositphotos_61533555-375x250.jpg 375w\" sizes=\"auto, (max-width: 680px) 100vw, 680px\" \/><figcaption id=\"caption-attachment-3797\" class=\"wp-caption-text\">\u00a9 depositphotos<\/figcaption><\/figure>\n<p>Plus de 1000 employ\u00e9s de bureau ont particip\u00e9 \u00e0 une enqu\u00eate de <a href=\"https:\/\/www.avecto.com\">Avecto <\/a>ont particip\u00e9 \u00e0 l'enqu\u00eate. L'objectif \u00e9tait d'\u00e9valuer dans quelle mesure les collaborateurs sont conscients des dangers dans leur domaine d'activit\u00e9. Mais aussi dans quelle mesure ils connaissent fondamentalement les questions de s\u00e9curit\u00e9.<\/p>\n<p><strong>58% sont r\u00e9guli\u00e8rement inform\u00e9s des dangers<\/strong><\/p>\n<p>39% des personnes interrog\u00e9es ont indiqu\u00e9 qu'elles n'\u00e9taient pas convaincues que leur employeur avait pris des mesures pour se prot\u00e9ger contre les cyberattaques. Ou ils ne savaient pas quelles mesures leur employeur prenait pour assurer la s\u00e9curit\u00e9 en ligne.<\/p>\n<p>58% des personnes interrog\u00e9es ont d\u00e9clar\u00e9 que leur employeur les informait r\u00e9guli\u00e8rement des nouveaux dangers du cyberespace. Toutefois, un quart d'entre eux ont d\u00e9clar\u00e9 que les formations en mati\u00e8re de s\u00e9curit\u00e9 \u00e9taient rares. Souvent, les formations ne seraient propos\u00e9es qu'apr\u00e8s qu'un incident de s\u00e9curit\u00e9 se soit produit.<\/p>\n<p>Les ransomwares se sont largement r\u00e9pandus ces derni\u00e8res ann\u00e9es. Entre-temps, les attaques ont de graves r\u00e9percussions sur le monde des affaires, comme l'\u00e9crit Avecto. Selon les rapports, il y a 4000 attaques de ransomware par jour <a href=\"https:\/\/email.prnewswire.com\/wf\/click?upn=7VDqtAz2AW-2FeY7XnbvsasUt5UcMRPTnClhJhQsk20IgpzJVYyEmX51B7TISED9k8SpB-2FhghyBKSf2nuygt-2FawvJUUJh1qny9pL68oImZZUc-3D_uI8NcpIXQKjRY9F38i0UjnmSml8JAqYPVq86xbGW75JpoXib8vK-2Bg3wzmyknH7KblueT8jsbMc9UNjvtpcE1OAyyx2FK8CiGtusyyg0ghUUzApEaIrUcAE5k2rX-2BfUg2cJVoPv16K-2BUPU-2FadRtFK1QLSnnHAwOWLP3pnt5L1jgT9-2BFatb0IdQfzQj9OgcUjk08d1Si8o5hvxVUdpZONO-2FRSGZT5WLbXwZl6-2F1MkU4MKtZ5cPp-2Bh-2BmUSHkFYlcX3b8QbcUP2-2FJAWt7aHvPGPL0MITCQvU-2BdKfdW2p2qa8w5dodj5yxqbJdboPWGEg-2BsETi10EkQtmzjTVpraTC2zaKipF8W4FB0pECuPbI1C3zaI-3D\">(1)<\/a>. Selon les statistiques, 43% des victimes de ransomware sont des employ\u00e9s d'une entreprise <a href=\"https:\/\/email.prnewswire.com\/wf\/click?upn=TwIh0OIjG8BOSB67uKqqj5URmFe4-2FzW6sS31nReoP3MiRRczOwbOnmTjTWLiI7hT-2FACSqz8JulotG31-2BajCz-2Ftsgp0PCMnHp-2FiJIA1xFUnFQiQ2wTYT0vji7tv2QH1LGtqeTSYb7UmikpDm5AlWbE7-2FquvNeYeKnvTw-2BCkfKCh93nXDcqQm0d0oNvlhgNex3_uI8NcpIXQKjRY9F38i0UjnmSml8JAqYPVq86xbGW75JpoXib8vK-2Bg3wzmyknH7KblueT8jsbMc9UNjvtpcE1OAyyx2FK8CiGtusyyg0ghUUzApEaIrUcAE5k2rX-2BfUg2cJVoPv16K-2BUPU-2FadRtFK1QLSnnHAwOWLP3pnt5L1jgT9-2BFatb0IdQfzQj9OgcUjkTPVAbWs94Jdw0V1wKiRyNBa1iLjCbddnLjrJ7e2oN6M6zaq9T8lC0x2GfjeSCbHf1qbU7-2BeTspUY-2FZrH7HhizexwgDpnLw07D2AbZ9stMyjpTyP6j-2F203gPQZSFY5cB63aU9r-2FUxQnXrRwO-2F0m2411N3oY-2F8OBbV5-2BPFklTGH4w-3D\">(3)<\/a>.<\/p>\n<p><strong>Mieux vaut pr\u00e9venir que gu\u00e9rir<\/strong><\/p>\n<p>Paul Kenyon, co-CEO chez Avecto, consid\u00e8re les r\u00e9sultats de l'enqu\u00eate comme un appel au r\u00e9veil pour la communaut\u00e9 des affaires :<\/p>\n<p>\"Les employ\u00e9s sont \u00e0 la fois la plus grande ressource d'une entreprise et son plus grand risque. Les ransomwares sont un danger tr\u00e8s r\u00e9el pour les entreprises. Nous devons faire tout ce qui est en notre pouvoir pour informer les collaborateurs sur les attaques potentielles provenant d'Internet. En effet, les collaborateurs doivent conna\u00eetre les dangers que repr\u00e9sentent les applications professionnelles qu'ils utilisent quotidiennement. Il faut savoir qu'il vaut mieux pr\u00e9venir que gu\u00e9rir. En effet, pour parer \u00e0 ces dangers, il est indispensable de mettre en place des mesures de s\u00e9curit\u00e9 proactives et de ne pas se contenter de faire le m\u00e9nage \u00e0 chaque fois qu'une attaque se produit.<\/p>\n<p>Un bon concept de s\u00e9curit\u00e9 s'appuie sur une protection solide des terminaux. Nous constatons que dans de nombreuses organisations, c'est le domaine dans lequel il y a des lacunes. Les responsables doivent d'abord mettre en place correctement les syst\u00e8mes de s\u00e9curit\u00e9 de base. Ensuite, ils doivent tenir le personnel constamment inform\u00e9 des dangers et des attaques possibles. Ce sont les fondements de la d\u00e9fense. La cybers\u00e9curit\u00e9 est une t\u00e2che commune et nous devons travailler ensemble pour contrer les cybercriminels\".<\/p>\n<p>Pour plus d'informations sur les ransomwares et leur d\u00e9fense, consultez Avectos <a href=\"https:\/\/email.prnewswire.com\/wf\/click?upn=kG2Ql3krz9dUAXyM-2F-2BZPpHqaEUg9ezrsY71DwWGWYCo-3D_uI8NcpIXQKjRY9F38i0UjnmSml8JAqYPVq86xbGW75JpoXib8vK-2Bg3wzmyknH7KblueT8jsbMc9UNjvtpcE1OAyyx2FK8CiGtusyyg0ghUUzApEaIrUcAE5k2rX-2BfUg2cJVoPv16K-2BUPU-2FadRtFK1QLSnnHAwOWLP3pnt5L1jgT9-2BFatb0IdQfzQj9OgcUjkcA-2FSQSicGG3EbKnSEL6nq6ZWjd78NwN-2B5HTTxuffcpnCdCtK3L6GXLIBNo4TznjI-2FgwuqdVV7WS6KrlvCsrvvargfcfmIocekw1FAICRPcT-2FuvmsSzvbUwj2WQvkQf3soB9Bf1e8GT2Y0Mdcuy3iGWZF3oohJeGZ5x2lgs3gZ2Y-3D\">Ransomware Uncovered<\/a>.<\/p>\n<p><em>Source : Avecto<\/em><\/p>\n<p>&nbsp;<\/p>","protected":false},"excerpt":{"rendered":"<p>Mehr als 1000 B\u00fcromitarbeitende haben an einer Umfrage von Avecto teilgenommen. Ziel war es abzusch\u00e4tzen, in wieweit sich die Mitarbeitenden der Gefahren in ihrem Arbeitsbereich bewusst sind. Aber auch, wie gut sie sich mit Sicherheitsfragen grunds\u00e4tzlich auskennen. 58% werden regelm\u00e4ssig \u00fcber Gefahren informiert 39% der Befragten gaben an, nicht davon \u00fcberzeugt zu sein, dass ihr [&hellip;]<\/p>\n","protected":false},"author":8,"featured_media":3797,"comment_status":"open","ping_status":"open","sticky":false,"template":"","format":"standard","meta":{"_acf_changed":false,"pgc_sgb_lightbox_settings":"","footnotes":""},"categories":[3313],"tags":[96],"class_list":["post-3796","post","type-post","status-publish","format-standard","has-post-thumbnail","hentry","category-digitalisierung","tag-cyber-crime"],"acf":[],"hkrextid":null,"publication":null,"issue":null,"workflow":null,"startPage":null,"spitzmarke":null,"_posts_by_tag_page_fields":{"widget_title":"","widget_tags":""},"_at_widget":"1","_yoast_wpseo_primary_category":"2","_yoast_wpseo_focuskw_text_input":"Ransomeware","_yoast_wpseo_opengraph-image":null,"_yoast_wpseo_opengraph-description":null,"_yoast_wpseo_opengraph-title":"B\u00fcroangestellten haben keine Ahnung von Cyber-Risiken.","enclosure":null,"_yoast_wpseo_twitter-title":"B\u00fcroangestellten haben keine Ahnung von Cyber-Risiken.","_yoast_wpseo_twitter-description":null,"_yoast_wpseo_twitter-image":null,"_wp_old_slug":null,"_yoast_wpseo_title":null,"_yoast_wpseo_canonical":null,"yoast_head":"<!-- This site is optimized with the Yoast SEO plugin v27.5 - https:\/\/yoast.com\/product\/yoast-seo-wordpress\/ -->\n<title>B\u00fcroangestellten haben keine Ahnung von Cyber-Risiken - Save<\/title>\n<meta name=\"description\" content=\"Ziel einer Umfrage war es abzusch\u00e4tzen, in wieweit sich Mitarbeitenden der Cyber-Gefahren in ihrem Arbeitsbereich bewusst sind.\" \/>\n<meta name=\"robots\" content=\"index, follow, max-snippet:-1, max-image-preview:large, max-video-preview:-1\" \/>\n<link rel=\"canonical\" href=\"https:\/\/news.save.ch\/fr\/bueroangestellten-haben-keine-ahnung-von-risiken\/\" \/>\n<meta property=\"og:locale\" content=\"fr_FR\" \/>\n<meta property=\"og:type\" content=\"article\" \/>\n<meta property=\"og:title\" content=\"B\u00fcroangestellten haben keine Ahnung von Cyber-Risiken.\" \/>\n<meta property=\"og:description\" content=\"Ziel einer Umfrage war es abzusch\u00e4tzen, in wieweit sich Mitarbeitenden der Cyber-Gefahren in ihrem Arbeitsbereich bewusst sind.\" \/>\n<meta property=\"og:url\" content=\"https:\/\/news.save.ch\/fr\/bueroangestellten-haben-keine-ahnung-von-risiken\/\" \/>\n<meta property=\"og:site_name\" content=\"Save\" \/>\n<meta property=\"article:published_time\" content=\"2017-01-30T13:31:03+00:00\" \/>\n<meta property=\"article:modified_time\" content=\"2023-03-14T07:57:08+00:00\" \/>\n<meta property=\"og:image\" content=\"https:\/\/news.save.ch\/wp-content\/uploads\/2017\/01\/Depositphotos_61533555.jpg\" \/>\n\t<meta property=\"og:image:width\" content=\"999\" \/>\n\t<meta property=\"og:image:height\" content=\"667\" \/>\n\t<meta property=\"og:image:type\" content=\"image\/jpeg\" \/>\n<meta name=\"author\" content=\"Roger Str\u00e4ssle\" \/>\n<meta name=\"twitter:card\" content=\"summary_large_image\" \/>\n<meta name=\"twitter:title\" content=\"B\u00fcroangestellten haben keine Ahnung von Cyber-Risiken.\" \/>\n<meta name=\"twitter:label1\" content=\"\u00c9crit par\" \/>\n\t<meta name=\"twitter:data1\" content=\"Roger Str\u00e4ssle\" \/>\n\t<meta name=\"twitter:label2\" content=\"Dur\u00e9e de lecture estim\u00e9e\" \/>\n\t<meta name=\"twitter:data2\" content=\"2 minutes\" \/>\n<script type=\"application\/ld+json\" class=\"yoast-schema-graph\">{\"@context\":\"https:\\\/\\\/schema.org\",\"@graph\":[{\"@type\":\"Article\",\"@id\":\"https:\\\/\\\/news.save.ch\\\/bueroangestellten-haben-keine-ahnung-von-risiken\\\/#article\",\"isPartOf\":{\"@id\":\"https:\\\/\\\/news.save.ch\\\/bueroangestellten-haben-keine-ahnung-von-risiken\\\/\"},\"author\":{\"name\":\"Roger Str\u00e4ssle\",\"@id\":\"https:\\\/\\\/news.save.ch\\\/de\\\/#\\\/schema\\\/person\\\/d5022db048e0e2b9785c50e5b24da5aa\"},\"headline\":\"B\u00fcroangestellten haben keine Ahnung von Cyber-Risiken\",\"datePublished\":\"2017-01-30T13:31:03+00:00\",\"dateModified\":\"2023-03-14T07:57:08+00:00\",\"mainEntityOfPage\":{\"@id\":\"https:\\\/\\\/news.save.ch\\\/bueroangestellten-haben-keine-ahnung-von-risiken\\\/\"},\"wordCount\":371,\"commentCount\":0,\"publisher\":{\"@id\":\"https:\\\/\\\/news.save.ch\\\/de\\\/#organization\"},\"image\":{\"@id\":\"https:\\\/\\\/news.save.ch\\\/bueroangestellten-haben-keine-ahnung-von-risiken\\\/#primaryimage\"},\"thumbnailUrl\":\"https:\\\/\\\/news.save.ch\\\/wp-content\\\/uploads\\\/2017\\\/01\\\/Depositphotos_61533555.jpg\",\"keywords\":[\"Cyber-Crime\"],\"articleSection\":[\"DIGITALISIERUNG\"],\"inLanguage\":\"fr-FR\"},{\"@type\":\"WebPage\",\"@id\":\"https:\\\/\\\/news.save.ch\\\/bueroangestellten-haben-keine-ahnung-von-risiken\\\/\",\"url\":\"https:\\\/\\\/news.save.ch\\\/bueroangestellten-haben-keine-ahnung-von-risiken\\\/\",\"name\":\"B\u00fcroangestellten haben keine Ahnung von Cyber-Risiken - Save\",\"isPartOf\":{\"@id\":\"https:\\\/\\\/news.save.ch\\\/de\\\/#website\"},\"primaryImageOfPage\":{\"@id\":\"https:\\\/\\\/news.save.ch\\\/bueroangestellten-haben-keine-ahnung-von-risiken\\\/#primaryimage\"},\"image\":{\"@id\":\"https:\\\/\\\/news.save.ch\\\/bueroangestellten-haben-keine-ahnung-von-risiken\\\/#primaryimage\"},\"thumbnailUrl\":\"https:\\\/\\\/news.save.ch\\\/wp-content\\\/uploads\\\/2017\\\/01\\\/Depositphotos_61533555.jpg\",\"datePublished\":\"2017-01-30T13:31:03+00:00\",\"dateModified\":\"2023-03-14T07:57:08+00:00\",\"description\":\"Ziel einer Umfrage war es abzusch\u00e4tzen, in wieweit sich Mitarbeitenden der Cyber-Gefahren in ihrem Arbeitsbereich bewusst sind.\",\"breadcrumb\":{\"@id\":\"https:\\\/\\\/news.save.ch\\\/bueroangestellten-haben-keine-ahnung-von-risiken\\\/#breadcrumb\"},\"inLanguage\":\"fr-FR\",\"potentialAction\":[{\"@type\":\"ReadAction\",\"target\":[\"https:\\\/\\\/news.save.ch\\\/bueroangestellten-haben-keine-ahnung-von-risiken\\\/\"]}]},{\"@type\":\"ImageObject\",\"inLanguage\":\"fr-FR\",\"@id\":\"https:\\\/\\\/news.save.ch\\\/bueroangestellten-haben-keine-ahnung-von-risiken\\\/#primaryimage\",\"url\":\"https:\\\/\\\/news.save.ch\\\/wp-content\\\/uploads\\\/2017\\\/01\\\/Depositphotos_61533555.jpg\",\"contentUrl\":\"https:\\\/\\\/news.save.ch\\\/wp-content\\\/uploads\\\/2017\\\/01\\\/Depositphotos_61533555.jpg\",\"width\":999,\"height\":667,\"caption\":\"\u00a9 depositphotos\"},{\"@type\":\"BreadcrumbList\",\"@id\":\"https:\\\/\\\/news.save.ch\\\/bueroangestellten-haben-keine-ahnung-von-risiken\\\/#breadcrumb\",\"itemListElement\":[{\"@type\":\"ListItem\",\"position\":1,\"name\":\"Home\",\"item\":\"https:\\\/\\\/news.save.ch\\\/de\\\/\"},{\"@type\":\"ListItem\",\"position\":2,\"name\":\"B\u00fcroangestellten haben keine Ahnung von Cyber-Risiken\"}]},{\"@type\":\"WebSite\",\"@id\":\"https:\\\/\\\/news.save.ch\\\/de\\\/#website\",\"url\":\"https:\\\/\\\/news.save.ch\\\/de\\\/\",\"name\":\"Save\",\"description\":\"Schweizer Fachzeitschrift f\u00fcr Sicherheit\",\"publisher\":{\"@id\":\"https:\\\/\\\/news.save.ch\\\/de\\\/#organization\"},\"potentialAction\":[{\"@type\":\"SearchAction\",\"target\":{\"@type\":\"EntryPoint\",\"urlTemplate\":\"https:\\\/\\\/news.save.ch\\\/de\\\/?s={search_term_string}\"},\"query-input\":{\"@type\":\"PropertyValueSpecification\",\"valueRequired\":true,\"valueName\":\"search_term_string\"}}],\"inLanguage\":\"fr-FR\"},{\"@type\":\"Organization\",\"@id\":\"https:\\\/\\\/news.save.ch\\\/de\\\/#organization\",\"name\":\"Sicherheitsforum\",\"url\":\"https:\\\/\\\/news.save.ch\\\/de\\\/\",\"logo\":{\"@type\":\"ImageObject\",\"inLanguage\":\"fr-FR\",\"@id\":\"https:\\\/\\\/news.save.ch\\\/de\\\/#\\\/schema\\\/logo\\\/image\\\/\",\"url\":\"https:\\\/\\\/news.save.ch\\\/wp-content\\\/uploads\\\/2022\\\/06\\\/Logo_SF_2012.png\",\"contentUrl\":\"https:\\\/\\\/news.save.ch\\\/wp-content\\\/uploads\\\/2022\\\/06\\\/Logo_SF_2012.png\",\"width\":1100,\"height\":91,\"caption\":\"Sicherheitsforum\"},\"image\":{\"@id\":\"https:\\\/\\\/news.save.ch\\\/de\\\/#\\\/schema\\\/logo\\\/image\\\/\"}},{\"@type\":\"Person\",\"@id\":\"https:\\\/\\\/news.save.ch\\\/de\\\/#\\\/schema\\\/person\\\/d5022db048e0e2b9785c50e5b24da5aa\",\"name\":\"Roger Str\u00e4ssle\",\"image\":{\"@type\":\"ImageObject\",\"inLanguage\":\"fr-FR\",\"@id\":\"https:\\\/\\\/secure.gravatar.com\\\/avatar\\\/862a5569d087de48e5856e32f45d719a03804c891d6deb8d4f71a660e79e4a47?s=96&d=mm&r=g\",\"url\":\"https:\\\/\\\/secure.gravatar.com\\\/avatar\\\/862a5569d087de48e5856e32f45d719a03804c891d6deb8d4f71a660e79e4a47?s=96&d=mm&r=g\",\"contentUrl\":\"https:\\\/\\\/secure.gravatar.com\\\/avatar\\\/862a5569d087de48e5856e32f45d719a03804c891d6deb8d4f71a660e79e4a47?s=96&d=mm&r=g\",\"caption\":\"Roger Str\u00e4ssle\"},\"url\":\"https:\\\/\\\/news.save.ch\\\/fr\\\/author\\\/roger-straessle\\\/\"}]}<\/script>\n<!-- \/ Yoast SEO plugin. -->","yoast_head_json":{"title":"Les employ\u00e9s de bureau ignorent les cyber-risques - Save","description":"L'objectif d'une enqu\u00eate \u00e9tait d'\u00e9valuer dans quelle mesure les collaborateurs sont conscients des cyber-risques dans leur domaine d'activit\u00e9.","robots":{"index":"index","follow":"follow","max-snippet":"max-snippet:-1","max-image-preview":"max-image-preview:large","max-video-preview":"max-video-preview:-1"},"canonical":"https:\/\/news.save.ch\/fr\/bueroangestellten-haben-keine-ahnung-von-risiken\/","og_locale":"fr_FR","og_type":"article","og_title":"B\u00fcroangestellten haben keine Ahnung von Cyber-Risiken.","og_description":"Ziel einer Umfrage war es abzusch\u00e4tzen, in wieweit sich Mitarbeitenden der Cyber-Gefahren in ihrem Arbeitsbereich bewusst sind.","og_url":"https:\/\/news.save.ch\/fr\/bueroangestellten-haben-keine-ahnung-von-risiken\/","og_site_name":"Save","article_published_time":"2017-01-30T13:31:03+00:00","article_modified_time":"2023-03-14T07:57:08+00:00","og_image":[{"width":999,"height":667,"url":"https:\/\/news.save.ch\/wp-content\/uploads\/2017\/01\/Depositphotos_61533555.jpg","type":"image\/jpeg"}],"author":"Roger Str\u00e4ssle","twitter_card":"summary_large_image","twitter_title":"B\u00fcroangestellten haben keine Ahnung von Cyber-Risiken.","twitter_misc":{"\u00c9crit par":"Roger Str\u00e4ssle","Dur\u00e9e de lecture estim\u00e9e":"2 minutes"},"schema":{"@context":"https:\/\/schema.org","@graph":[{"@type":"Article","@id":"https:\/\/news.save.ch\/bueroangestellten-haben-keine-ahnung-von-risiken\/#article","isPartOf":{"@id":"https:\/\/news.save.ch\/bueroangestellten-haben-keine-ahnung-von-risiken\/"},"author":{"name":"Roger Str\u00e4ssle","@id":"https:\/\/news.save.ch\/de\/#\/schema\/person\/d5022db048e0e2b9785c50e5b24da5aa"},"headline":"B\u00fcroangestellten haben keine Ahnung von Cyber-Risiken","datePublished":"2017-01-30T13:31:03+00:00","dateModified":"2023-03-14T07:57:08+00:00","mainEntityOfPage":{"@id":"https:\/\/news.save.ch\/bueroangestellten-haben-keine-ahnung-von-risiken\/"},"wordCount":371,"commentCount":0,"publisher":{"@id":"https:\/\/news.save.ch\/de\/#organization"},"image":{"@id":"https:\/\/news.save.ch\/bueroangestellten-haben-keine-ahnung-von-risiken\/#primaryimage"},"thumbnailUrl":"https:\/\/news.save.ch\/wp-content\/uploads\/2017\/01\/Depositphotos_61533555.jpg","keywords":["Cyber-Crime"],"articleSection":["DIGITALISIERUNG"],"inLanguage":"fr-FR"},{"@type":"WebPage","@id":"https:\/\/news.save.ch\/bueroangestellten-haben-keine-ahnung-von-risiken\/","url":"https:\/\/news.save.ch\/bueroangestellten-haben-keine-ahnung-von-risiken\/","name":"Les employ\u00e9s de bureau ignorent les cyber-risques - Save","isPartOf":{"@id":"https:\/\/news.save.ch\/de\/#website"},"primaryImageOfPage":{"@id":"https:\/\/news.save.ch\/bueroangestellten-haben-keine-ahnung-von-risiken\/#primaryimage"},"image":{"@id":"https:\/\/news.save.ch\/bueroangestellten-haben-keine-ahnung-von-risiken\/#primaryimage"},"thumbnailUrl":"https:\/\/news.save.ch\/wp-content\/uploads\/2017\/01\/Depositphotos_61533555.jpg","datePublished":"2017-01-30T13:31:03+00:00","dateModified":"2023-03-14T07:57:08+00:00","description":"L'objectif d'une enqu\u00eate \u00e9tait d'\u00e9valuer dans quelle mesure les collaborateurs sont conscients des cyber-risques dans leur domaine d'activit\u00e9.","breadcrumb":{"@id":"https:\/\/news.save.ch\/bueroangestellten-haben-keine-ahnung-von-risiken\/#breadcrumb"},"inLanguage":"fr-FR","potentialAction":[{"@type":"ReadAction","target":["https:\/\/news.save.ch\/bueroangestellten-haben-keine-ahnung-von-risiken\/"]}]},{"@type":"ImageObject","inLanguage":"fr-FR","@id":"https:\/\/news.save.ch\/bueroangestellten-haben-keine-ahnung-von-risiken\/#primaryimage","url":"https:\/\/news.save.ch\/wp-content\/uploads\/2017\/01\/Depositphotos_61533555.jpg","contentUrl":"https:\/\/news.save.ch\/wp-content\/uploads\/2017\/01\/Depositphotos_61533555.jpg","width":999,"height":667,"caption":"\u00a9 depositphotos"},{"@type":"BreadcrumbList","@id":"https:\/\/news.save.ch\/bueroangestellten-haben-keine-ahnung-von-risiken\/#breadcrumb","itemListElement":[{"@type":"ListItem","position":1,"name":"Home","item":"https:\/\/news.save.ch\/de\/"},{"@type":"ListItem","position":2,"name":"B\u00fcroangestellten haben keine Ahnung von Cyber-Risiken"}]},{"@type":"WebSite","@id":"https:\/\/news.save.ch\/de\/#website","url":"https:\/\/news.save.ch\/de\/","name":"Save","description":"Revue suisse sp\u00e9cialis\u00e9e dans la s\u00e9curit\u00e9","publisher":{"@id":"https:\/\/news.save.ch\/de\/#organization"},"potentialAction":[{"@type":"SearchAction","target":{"@type":"EntryPoint","urlTemplate":"https:\/\/news.save.ch\/de\/?s={search_term_string}"},"query-input":{"@type":"PropertyValueSpecification","valueRequired":true,"valueName":"search_term_string"}}],"inLanguage":"fr-FR"},{"@type":"Organization","@id":"https:\/\/news.save.ch\/de\/#organization","name":"Forum sur la s\u00e9curit\u00e9","url":"https:\/\/news.save.ch\/de\/","logo":{"@type":"ImageObject","inLanguage":"fr-FR","@id":"https:\/\/news.save.ch\/de\/#\/schema\/logo\/image\/","url":"https:\/\/news.save.ch\/wp-content\/uploads\/2022\/06\/Logo_SF_2012.png","contentUrl":"https:\/\/news.save.ch\/wp-content\/uploads\/2022\/06\/Logo_SF_2012.png","width":1100,"height":91,"caption":"Sicherheitsforum"},"image":{"@id":"https:\/\/news.save.ch\/de\/#\/schema\/logo\/image\/"}},{"@type":"Person","@id":"https:\/\/news.save.ch\/de\/#\/schema\/person\/d5022db048e0e2b9785c50e5b24da5aa","name":"Roger Str\u00e4ssle","image":{"@type":"ImageObject","inLanguage":"fr-FR","@id":"https:\/\/secure.gravatar.com\/avatar\/862a5569d087de48e5856e32f45d719a03804c891d6deb8d4f71a660e79e4a47?s=96&d=mm&r=g","url":"https:\/\/secure.gravatar.com\/avatar\/862a5569d087de48e5856e32f45d719a03804c891d6deb8d4f71a660e79e4a47?s=96&d=mm&r=g","contentUrl":"https:\/\/secure.gravatar.com\/avatar\/862a5569d087de48e5856e32f45d719a03804c891d6deb8d4f71a660e79e4a47?s=96&d=mm&r=g","caption":"Roger Str\u00e4ssle"},"url":"https:\/\/news.save.ch\/fr\/author\/roger-straessle\/"}]}},"_links":{"self":[{"href":"https:\/\/news.save.ch\/fr\/wp-json\/wp\/v2\/posts\/3796","targetHints":{"allow":["GET"]}}],"collection":[{"href":"https:\/\/news.save.ch\/fr\/wp-json\/wp\/v2\/posts"}],"about":[{"href":"https:\/\/news.save.ch\/fr\/wp-json\/wp\/v2\/types\/post"}],"author":[{"embeddable":true,"href":"https:\/\/news.save.ch\/fr\/wp-json\/wp\/v2\/users\/8"}],"replies":[{"embeddable":true,"href":"https:\/\/news.save.ch\/fr\/wp-json\/wp\/v2\/comments?post=3796"}],"version-history":[{"count":1,"href":"https:\/\/news.save.ch\/fr\/wp-json\/wp\/v2\/posts\/3796\/revisions"}],"predecessor-version":[{"id":17536,"href":"https:\/\/news.save.ch\/fr\/wp-json\/wp\/v2\/posts\/3796\/revisions\/17536"}],"wp:featuredmedia":[{"embeddable":true,"href":"https:\/\/news.save.ch\/fr\/wp-json\/wp\/v2\/media\/3797"}],"wp:attachment":[{"href":"https:\/\/news.save.ch\/fr\/wp-json\/wp\/v2\/media?parent=3796"}],"wp:term":[{"taxonomy":"category","embeddable":true,"href":"https:\/\/news.save.ch\/fr\/wp-json\/wp\/v2\/categories?post=3796"},{"taxonomy":"post_tag","embeddable":true,"href":"https:\/\/news.save.ch\/fr\/wp-json\/wp\/v2\/tags?post=3796"}],"curies":[{"name":"wp","href":"https:\/\/api.w.org\/{rel}","templated":true}]}}