{"id":387,"date":"2015-05-15T10:46:06","date_gmt":"2015-05-15T08:46:06","guid":{"rendered":"https:\/\/dev.sicherheitsforum.ch\/?p=387"},"modified":"2023-03-14T08:57:40","modified_gmt":"2023-03-14T07:57:40","slug":"neuausrichtung-der-it-business-stoesst-auf-zustimmung","status":null,"type":"post","link":"https:\/\/news.save.ch\/fr\/neuausrichtung-der-it-business-stoesst-auf-zustimmung\/","title":{"rendered":"La r\u00e9orientation du salon IT &amp; Business rencontre l'approbation de tous"},"content":{"rendered":"<p><img loading=\"lazy\" decoding=\"async\" class=\"alignnone size-full wp-image-388\" src=\"https:\/\/sicherheitsforum.ch\/wp-content\/uploads\/2016\/12\/Neuausrichtung-der-IT-Business-st\u00f6sst-auf-Zustimmung-it-security.jpg\" alt=\"r\u00e9-orientation-du-business-it-est-approuv\u00e9-it-security\" width=\"600\" height=\"400\" \/><\/p>\n<p>Selon le communiqu\u00e9, les personnes interrog\u00e9es voient les avantages dans l'affinement du profil, la simplification de la communication et les possibilit\u00e9s am\u00e9lior\u00e9es de repr\u00e9senter les avantages de Business-IT. Pour cela, il y aura cette ann\u00e9e encore un programme cadre complet pour lequel l'organisateur du salon a d\u00e9j\u00e0 d\u00e9fini des th\u00e8mes avec ses partenaires. Le salon IT &amp; Business aura lieu du 29 septembre au 1er octobre 2015.<\/p>\n<p>\"Les r\u00e9actions positives que nous avons re\u00e7ues des exposants nous confortent dans la conception du nouveau salon IT &amp; Business\", d\u00e9clare Gunnar Mey, chef du d\u00e9partement Industrie \u00e0 la Messe Stuttgart. \"Dans les semaines \u00e0 venir, nous allons travailler \u00e0 mettre en \u0153uvre le concept de mani\u00e8re coh\u00e9rente et ainsi cr\u00e9er les bases d'un salon r\u00e9ussi pour nos visiteurs et nos exposants\".<\/p>","protected":false},"excerpt":{"rendered":"<p>Gem\u00e4ss Mitteilung sehen die Befragten die\u00a0Vorteile in der Sch\u00e4rfung des Profils, der Vereinfachung der Kommunikation und den verbesserten M\u00f6glichkeiten, den Nutzen von Business-IT abzubilden. Dazu wird es auch in diesem Jahr ein umfassendes Rahmenprogramm geben, f\u00fcr das der Messeveranstalter bereits Themen mit seinen Partnern definiert hat. Die IT &amp; Business findet vom 29. September bis [&hellip;]<\/p>\n","protected":false},"author":1,"featured_media":388,"comment_status":"open","ping_status":"open","sticky":false,"template":"","format":"standard","meta":{"_acf_changed":false,"pgc_sgb_lightbox_settings":"","footnotes":""},"categories":[3313],"tags":[62,63],"class_list":["post-387","post","type-post","status-publish","format-standard","has-post-thumbnail","hentry","category-digitalisierung","tag-ict-sicherheit","tag-it-security"],"acf":[],"hkrextid":null,"publication":null,"issue":null,"workflow":null,"startPage":null,"spitzmarke":null,"_posts_by_tag_page_fields":{"widget_title":"","widget_tags":""},"_at_widget":"1","_yoast_wpseo_primary_category":"2","_yoast_wpseo_focuskw_text_input":"Neuausrichtung","_yoast_wpseo_opengraph-image":"https:\/\/news.save.ch\/wp-content\/uploads\/2016\/12\/Neuausrichtung-der-IT-Business-st\u00f6sst-auf-Zustimmung-it-security.jpg","_yoast_wpseo_opengraph-description":"Zahlreiche IT-Anbieter bef\u00fcrworten die Entscheidung der Messe Stuttgart, die IT & Business, DMS EXPO und CRM-expo unter dem Namen \u201eIT & Business \u2013 Fachmesse f\u00fcr digitale Prozesse und L\u00f6sungen\u201c im L-Bank Forum zusammenzuf\u00fchren.","_yoast_wpseo_opengraph-title":"Neuausrichtung","enclosure":null,"_yoast_wpseo_twitter-title":null,"_yoast_wpseo_twitter-description":null,"_yoast_wpseo_twitter-image":null,"_wp_old_slug":null,"_yoast_wpseo_title":null,"_yoast_wpseo_canonical":null,"yoast_head":"<!-- This site is optimized with the Yoast SEO plugin v27.4 - https:\/\/yoast.com\/product\/yoast-seo-wordpress\/ -->\n<title>Neuausrichtung der IT &amp; Business st\u00f6sst auf Zustimmung - Save<\/title>\n<meta name=\"description\" content=\"IT &amp; Business, DMS EXPO &amp; CRM-expo unter dem Namen \u201eIT &amp; Business \u2013 Fachmesse f\u00fcr digitale Prozesse &amp; L\u00f6sungen\u201c im L-Bank Forum zusammenf\u00fchren\" \/>\n<meta name=\"robots\" content=\"index, follow, max-snippet:-1, max-image-preview:large, max-video-preview:-1\" \/>\n<link rel=\"canonical\" href=\"https:\/\/news.save.ch\/fr\/neuausrichtung-der-it-business-stoesst-auf-zustimmung\/\" \/>\n<meta property=\"og:locale\" content=\"fr_FR\" \/>\n<meta property=\"og:type\" content=\"article\" \/>\n<meta property=\"og:title\" content=\"Neuausrichtung\" \/>\n<meta property=\"og:description\" content=\"Zahlreiche IT-Anbieter bef\u00fcrworten die Entscheidung der Messe Stuttgart, die IT &amp; Business, DMS EXPO und CRM-expo unter dem Namen \u201eIT &amp; Business \u2013 Fachmesse f\u00fcr digitale Prozesse und L\u00f6sungen\u201c im L-Bank Forum zusammenzuf\u00fchren.\" \/>\n<meta property=\"og:url\" content=\"https:\/\/news.save.ch\/fr\/neuausrichtung-der-it-business-stoesst-auf-zustimmung\/\" \/>\n<meta property=\"og:site_name\" content=\"Save\" \/>\n<meta property=\"article:published_time\" content=\"2015-05-15T08:46:06+00:00\" \/>\n<meta property=\"article:modified_time\" content=\"2023-03-14T07:57:40+00:00\" \/>\n<meta property=\"og:image\" content=\"https:\/\/news.save.ch\/wp-content\/uploads\/2016\/12\/Neuausrichtung-der-IT-Business-st\u00f6sst-auf-Zustimmung-it-security.jpg\" \/>\n<meta name=\"author\" content=\"admin\" \/>\n<meta name=\"twitter:card\" content=\"summary_large_image\" \/>\n<meta name=\"twitter:label1\" content=\"\u00c9crit par\" \/>\n\t<meta name=\"twitter:data1\" content=\"admin\" \/>\n\t<meta name=\"twitter:label2\" content=\"Dur\u00e9e de lecture estim\u00e9e\" \/>\n\t<meta name=\"twitter:data2\" content=\"1 minute\" \/>\n<script type=\"application\/ld+json\" class=\"yoast-schema-graph\">{\"@context\":\"https:\\\/\\\/schema.org\",\"@graph\":[{\"@type\":\"Article\",\"@id\":\"https:\\\/\\\/news.save.ch\\\/neuausrichtung-der-it-business-stoesst-auf-zustimmung\\\/#article\",\"isPartOf\":{\"@id\":\"https:\\\/\\\/news.save.ch\\\/neuausrichtung-der-it-business-stoesst-auf-zustimmung\\\/\"},\"author\":{\"name\":\"admin\",\"@id\":\"https:\\\/\\\/news.save.ch\\\/de\\\/#\\\/schema\\\/person\\\/d49e199490bad7c70d64b9ab51142f2b\"},\"headline\":\"Neuausrichtung der IT &#038; Business st\u00f6sst auf Zustimmung\",\"datePublished\":\"2015-05-15T08:46:06+00:00\",\"dateModified\":\"2023-03-14T07:57:40+00:00\",\"mainEntityOfPage\":{\"@id\":\"https:\\\/\\\/news.save.ch\\\/neuausrichtung-der-it-business-stoesst-auf-zustimmung\\\/\"},\"wordCount\":128,\"commentCount\":0,\"publisher\":{\"@id\":\"https:\\\/\\\/news.save.ch\\\/de\\\/#organization\"},\"image\":{\"@id\":\"https:\\\/\\\/news.save.ch\\\/neuausrichtung-der-it-business-stoesst-auf-zustimmung\\\/#primaryimage\"},\"thumbnailUrl\":\"https:\\\/\\\/news.save.ch\\\/wp-content\\\/uploads\\\/2016\\\/12\\\/Neuausrichtung-der-IT-Business-stoesst-auf-Zustimmung-it-security.jpg\",\"keywords\":[\"ICT-Sicherheit\",\"IT-SECURITY\"],\"articleSection\":[\"DIGITALISIERUNG\"],\"inLanguage\":\"fr-FR\"},{\"@type\":\"WebPage\",\"@id\":\"https:\\\/\\\/news.save.ch\\\/neuausrichtung-der-it-business-stoesst-auf-zustimmung\\\/\",\"url\":\"https:\\\/\\\/news.save.ch\\\/neuausrichtung-der-it-business-stoesst-auf-zustimmung\\\/\",\"name\":\"Neuausrichtung der IT & Business st\u00f6sst auf Zustimmung - Save\",\"isPartOf\":{\"@id\":\"https:\\\/\\\/news.save.ch\\\/de\\\/#website\"},\"primaryImageOfPage\":{\"@id\":\"https:\\\/\\\/news.save.ch\\\/neuausrichtung-der-it-business-stoesst-auf-zustimmung\\\/#primaryimage\"},\"image\":{\"@id\":\"https:\\\/\\\/news.save.ch\\\/neuausrichtung-der-it-business-stoesst-auf-zustimmung\\\/#primaryimage\"},\"thumbnailUrl\":\"https:\\\/\\\/news.save.ch\\\/wp-content\\\/uploads\\\/2016\\\/12\\\/Neuausrichtung-der-IT-Business-stoesst-auf-Zustimmung-it-security.jpg\",\"datePublished\":\"2015-05-15T08:46:06+00:00\",\"dateModified\":\"2023-03-14T07:57:40+00:00\",\"description\":\"IT & Business, DMS EXPO & CRM-expo unter dem Namen \u201eIT & Business \u2013 Fachmesse f\u00fcr digitale Prozesse & L\u00f6sungen\u201c im L-Bank Forum zusammenf\u00fchren\",\"breadcrumb\":{\"@id\":\"https:\\\/\\\/news.save.ch\\\/neuausrichtung-der-it-business-stoesst-auf-zustimmung\\\/#breadcrumb\"},\"inLanguage\":\"fr-FR\",\"potentialAction\":[{\"@type\":\"ReadAction\",\"target\":[\"https:\\\/\\\/news.save.ch\\\/neuausrichtung-der-it-business-stoesst-auf-zustimmung\\\/\"]}]},{\"@type\":\"ImageObject\",\"inLanguage\":\"fr-FR\",\"@id\":\"https:\\\/\\\/news.save.ch\\\/neuausrichtung-der-it-business-stoesst-auf-zustimmung\\\/#primaryimage\",\"url\":\"https:\\\/\\\/news.save.ch\\\/wp-content\\\/uploads\\\/2016\\\/12\\\/Neuausrichtung-der-IT-Business-stoesst-auf-Zustimmung-it-security.jpg\",\"contentUrl\":\"https:\\\/\\\/news.save.ch\\\/wp-content\\\/uploads\\\/2016\\\/12\\\/Neuausrichtung-der-IT-Business-stoesst-auf-Zustimmung-it-security.jpg\",\"width\":600,\"height\":400},{\"@type\":\"BreadcrumbList\",\"@id\":\"https:\\\/\\\/news.save.ch\\\/neuausrichtung-der-it-business-stoesst-auf-zustimmung\\\/#breadcrumb\",\"itemListElement\":[{\"@type\":\"ListItem\",\"position\":1,\"name\":\"Home\",\"item\":\"https:\\\/\\\/news.save.ch\\\/de\\\/\"},{\"@type\":\"ListItem\",\"position\":2,\"name\":\"Neuausrichtung der IT &#038; Business st\u00f6sst auf Zustimmung\"}]},{\"@type\":\"WebSite\",\"@id\":\"https:\\\/\\\/news.save.ch\\\/de\\\/#website\",\"url\":\"https:\\\/\\\/news.save.ch\\\/de\\\/\",\"name\":\"Save\",\"description\":\"Schweizer Fachzeitschrift f\u00fcr Sicherheit\",\"publisher\":{\"@id\":\"https:\\\/\\\/news.save.ch\\\/de\\\/#organization\"},\"potentialAction\":[{\"@type\":\"SearchAction\",\"target\":{\"@type\":\"EntryPoint\",\"urlTemplate\":\"https:\\\/\\\/news.save.ch\\\/de\\\/?s={search_term_string}\"},\"query-input\":{\"@type\":\"PropertyValueSpecification\",\"valueRequired\":true,\"valueName\":\"search_term_string\"}}],\"inLanguage\":\"fr-FR\"},{\"@type\":\"Organization\",\"@id\":\"https:\\\/\\\/news.save.ch\\\/de\\\/#organization\",\"name\":\"Sicherheitsforum\",\"url\":\"https:\\\/\\\/news.save.ch\\\/de\\\/\",\"logo\":{\"@type\":\"ImageObject\",\"inLanguage\":\"fr-FR\",\"@id\":\"https:\\\/\\\/news.save.ch\\\/de\\\/#\\\/schema\\\/logo\\\/image\\\/\",\"url\":\"https:\\\/\\\/news.save.ch\\\/wp-content\\\/uploads\\\/2022\\\/06\\\/Logo_SF_2012.png\",\"contentUrl\":\"https:\\\/\\\/news.save.ch\\\/wp-content\\\/uploads\\\/2022\\\/06\\\/Logo_SF_2012.png\",\"width\":1100,\"height\":91,\"caption\":\"Sicherheitsforum\"},\"image\":{\"@id\":\"https:\\\/\\\/news.save.ch\\\/de\\\/#\\\/schema\\\/logo\\\/image\\\/\"}},{\"@type\":\"Person\",\"@id\":\"https:\\\/\\\/news.save.ch\\\/de\\\/#\\\/schema\\\/person\\\/d49e199490bad7c70d64b9ab51142f2b\",\"name\":\"admin\",\"image\":{\"@type\":\"ImageObject\",\"inLanguage\":\"fr-FR\",\"@id\":\"https:\\\/\\\/secure.gravatar.com\\\/avatar\\\/ae2f4d718e6c49043e314ce431e7e645d646302a24a5ef5a8bc8e3f5a032e319?s=96&d=mm&r=g\",\"url\":\"https:\\\/\\\/secure.gravatar.com\\\/avatar\\\/ae2f4d718e6c49043e314ce431e7e645d646302a24a5ef5a8bc8e3f5a032e319?s=96&d=mm&r=g\",\"contentUrl\":\"https:\\\/\\\/secure.gravatar.com\\\/avatar\\\/ae2f4d718e6c49043e314ce431e7e645d646302a24a5ef5a8bc8e3f5a032e319?s=96&d=mm&r=g\",\"caption\":\"admin\"},\"sameAs\":[\"https:\\\/\\\/develop.organisator.galledia.ch\"],\"url\":\"https:\\\/\\\/news.save.ch\\\/fr\\\/author\\\/admin\\\/\"}]}<\/script>\n<!-- \/ Yoast SEO plugin. -->","yoast_head_json":{"title":"La r\u00e9orientation de IT &amp; Business suscite l'approbation - Save","description":"R\u00e9unir IT &amp; Business, DMS EXPO &amp; CRM-expo sous le nom \"IT &amp; Business - Salon des processus et solutions num\u00e9riques\" au L-Bank Forum","robots":{"index":"index","follow":"follow","max-snippet":"max-snippet:-1","max-image-preview":"max-image-preview:large","max-video-preview":"max-video-preview:-1"},"canonical":"https:\/\/news.save.ch\/fr\/neuausrichtung-der-it-business-stoesst-auf-zustimmung\/","og_locale":"fr_FR","og_type":"article","og_title":"Neuausrichtung","og_description":"Zahlreiche IT-Anbieter bef\u00fcrworten die Entscheidung der Messe Stuttgart, die IT & Business, DMS EXPO und CRM-expo unter dem Namen \u201eIT & Business \u2013 Fachmesse f\u00fcr digitale Prozesse und L\u00f6sungen\u201c im L-Bank Forum zusammenzuf\u00fchren.","og_url":"https:\/\/news.save.ch\/fr\/neuausrichtung-der-it-business-stoesst-auf-zustimmung\/","og_site_name":"Save","article_published_time":"2015-05-15T08:46:06+00:00","article_modified_time":"2023-03-14T07:57:40+00:00","og_image":[{"url":"https:\/\/news.save.ch\/wp-content\/uploads\/2016\/12\/Neuausrichtung-der-IT-Business-st\u00f6sst-auf-Zustimmung-it-security.jpg","type":"","width":"","height":""}],"author":"admin","twitter_card":"summary_large_image","twitter_misc":{"\u00c9crit par":"admin","Dur\u00e9e de lecture estim\u00e9e":"1 minute"},"schema":{"@context":"https:\/\/schema.org","@graph":[{"@type":"Article","@id":"https:\/\/news.save.ch\/neuausrichtung-der-it-business-stoesst-auf-zustimmung\/#article","isPartOf":{"@id":"https:\/\/news.save.ch\/neuausrichtung-der-it-business-stoesst-auf-zustimmung\/"},"author":{"name":"admin","@id":"https:\/\/news.save.ch\/de\/#\/schema\/person\/d49e199490bad7c70d64b9ab51142f2b"},"headline":"Neuausrichtung der IT &#038; Business st\u00f6sst auf Zustimmung","datePublished":"2015-05-15T08:46:06+00:00","dateModified":"2023-03-14T07:57:40+00:00","mainEntityOfPage":{"@id":"https:\/\/news.save.ch\/neuausrichtung-der-it-business-stoesst-auf-zustimmung\/"},"wordCount":128,"commentCount":0,"publisher":{"@id":"https:\/\/news.save.ch\/de\/#organization"},"image":{"@id":"https:\/\/news.save.ch\/neuausrichtung-der-it-business-stoesst-auf-zustimmung\/#primaryimage"},"thumbnailUrl":"https:\/\/news.save.ch\/wp-content\/uploads\/2016\/12\/Neuausrichtung-der-IT-Business-stoesst-auf-Zustimmung-it-security.jpg","keywords":["ICT-Sicherheit","IT-SECURITY"],"articleSection":["DIGITALISIERUNG"],"inLanguage":"fr-FR"},{"@type":"WebPage","@id":"https:\/\/news.save.ch\/neuausrichtung-der-it-business-stoesst-auf-zustimmung\/","url":"https:\/\/news.save.ch\/neuausrichtung-der-it-business-stoesst-auf-zustimmung\/","name":"La r\u00e9orientation de IT &amp; Business suscite l'approbation - Save","isPartOf":{"@id":"https:\/\/news.save.ch\/de\/#website"},"primaryImageOfPage":{"@id":"https:\/\/news.save.ch\/neuausrichtung-der-it-business-stoesst-auf-zustimmung\/#primaryimage"},"image":{"@id":"https:\/\/news.save.ch\/neuausrichtung-der-it-business-stoesst-auf-zustimmung\/#primaryimage"},"thumbnailUrl":"https:\/\/news.save.ch\/wp-content\/uploads\/2016\/12\/Neuausrichtung-der-IT-Business-stoesst-auf-Zustimmung-it-security.jpg","datePublished":"2015-05-15T08:46:06+00:00","dateModified":"2023-03-14T07:57:40+00:00","description":"R\u00e9unir IT &amp; Business, DMS EXPO &amp; CRM-expo sous le nom \"IT &amp; Business - Salon des processus et solutions num\u00e9riques\" au L-Bank Forum","breadcrumb":{"@id":"https:\/\/news.save.ch\/neuausrichtung-der-it-business-stoesst-auf-zustimmung\/#breadcrumb"},"inLanguage":"fr-FR","potentialAction":[{"@type":"ReadAction","target":["https:\/\/news.save.ch\/neuausrichtung-der-it-business-stoesst-auf-zustimmung\/"]}]},{"@type":"ImageObject","inLanguage":"fr-FR","@id":"https:\/\/news.save.ch\/neuausrichtung-der-it-business-stoesst-auf-zustimmung\/#primaryimage","url":"https:\/\/news.save.ch\/wp-content\/uploads\/2016\/12\/Neuausrichtung-der-IT-Business-stoesst-auf-Zustimmung-it-security.jpg","contentUrl":"https:\/\/news.save.ch\/wp-content\/uploads\/2016\/12\/Neuausrichtung-der-IT-Business-stoesst-auf-Zustimmung-it-security.jpg","width":600,"height":400},{"@type":"BreadcrumbList","@id":"https:\/\/news.save.ch\/neuausrichtung-der-it-business-stoesst-auf-zustimmung\/#breadcrumb","itemListElement":[{"@type":"ListItem","position":1,"name":"Home","item":"https:\/\/news.save.ch\/de\/"},{"@type":"ListItem","position":2,"name":"Neuausrichtung der IT &#038; Business st\u00f6sst auf Zustimmung"}]},{"@type":"WebSite","@id":"https:\/\/news.save.ch\/de\/#website","url":"https:\/\/news.save.ch\/de\/","name":"Save","description":"Revue suisse sp\u00e9cialis\u00e9e dans la s\u00e9curit\u00e9","publisher":{"@id":"https:\/\/news.save.ch\/de\/#organization"},"potentialAction":[{"@type":"SearchAction","target":{"@type":"EntryPoint","urlTemplate":"https:\/\/news.save.ch\/de\/?s={search_term_string}"},"query-input":{"@type":"PropertyValueSpecification","valueRequired":true,"valueName":"search_term_string"}}],"inLanguage":"fr-FR"},{"@type":"Organization","@id":"https:\/\/news.save.ch\/de\/#organization","name":"Forum sur la s\u00e9curit\u00e9","url":"https:\/\/news.save.ch\/de\/","logo":{"@type":"ImageObject","inLanguage":"fr-FR","@id":"https:\/\/news.save.ch\/de\/#\/schema\/logo\/image\/","url":"https:\/\/news.save.ch\/wp-content\/uploads\/2022\/06\/Logo_SF_2012.png","contentUrl":"https:\/\/news.save.ch\/wp-content\/uploads\/2022\/06\/Logo_SF_2012.png","width":1100,"height":91,"caption":"Sicherheitsforum"},"image":{"@id":"https:\/\/news.save.ch\/de\/#\/schema\/logo\/image\/"}},{"@type":"Person","@id":"https:\/\/news.save.ch\/de\/#\/schema\/person\/d49e199490bad7c70d64b9ab51142f2b","name":"admin","image":{"@type":"ImageObject","inLanguage":"fr-FR","@id":"https:\/\/secure.gravatar.com\/avatar\/ae2f4d718e6c49043e314ce431e7e645d646302a24a5ef5a8bc8e3f5a032e319?s=96&d=mm&r=g","url":"https:\/\/secure.gravatar.com\/avatar\/ae2f4d718e6c49043e314ce431e7e645d646302a24a5ef5a8bc8e3f5a032e319?s=96&d=mm&r=g","contentUrl":"https:\/\/secure.gravatar.com\/avatar\/ae2f4d718e6c49043e314ce431e7e645d646302a24a5ef5a8bc8e3f5a032e319?s=96&d=mm&r=g","caption":"admin"},"sameAs":["https:\/\/develop.organisator.galledia.ch"],"url":"https:\/\/news.save.ch\/fr\/author\/admin\/"}]}},"_links":{"self":[{"href":"https:\/\/news.save.ch\/fr\/wp-json\/wp\/v2\/posts\/387","targetHints":{"allow":["GET"]}}],"collection":[{"href":"https:\/\/news.save.ch\/fr\/wp-json\/wp\/v2\/posts"}],"about":[{"href":"https:\/\/news.save.ch\/fr\/wp-json\/wp\/v2\/types\/post"}],"author":[{"embeddable":true,"href":"https:\/\/news.save.ch\/fr\/wp-json\/wp\/v2\/users\/1"}],"replies":[{"embeddable":true,"href":"https:\/\/news.save.ch\/fr\/wp-json\/wp\/v2\/comments?post=387"}],"version-history":[{"count":1,"href":"https:\/\/news.save.ch\/fr\/wp-json\/wp\/v2\/posts\/387\/revisions"}],"predecessor-version":[{"id":17791,"href":"https:\/\/news.save.ch\/fr\/wp-json\/wp\/v2\/posts\/387\/revisions\/17791"}],"wp:featuredmedia":[{"embeddable":true,"href":"https:\/\/news.save.ch\/fr\/wp-json\/wp\/v2\/media\/388"}],"wp:attachment":[{"href":"https:\/\/news.save.ch\/fr\/wp-json\/wp\/v2\/media?parent=387"}],"wp:term":[{"taxonomy":"category","embeddable":true,"href":"https:\/\/news.save.ch\/fr\/wp-json\/wp\/v2\/categories?post=387"},{"taxonomy":"post_tag","embeddable":true,"href":"https:\/\/news.save.ch\/fr\/wp-json\/wp\/v2\/tags?post=387"}],"curies":[{"name":"wp","href":"https:\/\/api.w.org\/{rel}","templated":true}]}}