{"id":3906,"date":"2019-03-21T08:10:40","date_gmt":"2019-03-21T07:10:40","guid":{"rendered":"https:\/\/news.save.ch\/?p=3906"},"modified":"2023-03-14T09:00:57","modified_gmt":"2023-03-14T08:00:57","slug":"der-neue-trend-gig-economy","status":null,"type":"post","link":"https:\/\/news.save.ch\/fr\/der-neue-trend-gig-economy\/","title":{"rendered":"La nouvelle tendance : la gig economy !"},"content":{"rendered":"<figure id=\"attachment_3908\" aria-describedby=\"caption-attachment-3908\" style=\"width: 680px\" class=\"wp-caption alignnone\"><img loading=\"lazy\" decoding=\"async\" class=\"size-medium wp-image-3908\" src=\"http:\/\/develop.safety-plus.ch\/wp-content\/uploads\/2019\/03\/Depositphotos_DragonImages.jpg\" alt=\"\" width=\"680\" height=\"454\" \/><figcaption id=\"caption-attachment-3908\" class=\"wp-caption-text\">Dans le climat d'incertitude actuel, les collaborateurs recherchent la stabilit\u00e9.<br \/>Depositphotos\/DragonImages<\/figcaption><\/figure>\n<p>Pr\u00e8s des trois quarts (73%) des cadres sup\u00e9rieurs dans le monde pr\u00e9voient des disruptions importantes pour leur entreprise au cours des trois prochaines ann\u00e9es. <a href=\"https:\/\/news.save.ch\/fr\/gesundheitscheck-fuer-kleinunternehmen\/\" target=\"_blank\" rel=\"noopener\">Entreprise<\/a>. En 2018, seuls 26 % pr\u00e9disaient des \u00e9volutions disruptives. En r\u00e9ponse aux bouleversements \u00e0 venir, des processus de transformation sont lanc\u00e9s, qui comportent toutefois des risques significatifs pour la gestion du personnel. Cependant, seule une personne sur trois dans le monde pense que les <a href=\"https:\/\/news.save.ch\/fr\/fach-und-fuehrungskraefte-sind-oft-ueberfordert\/\" target=\"_blank\" rel=\"noopener\">Cadre sup\u00e9rieur<\/a>Les entreprises qui ont mis en place des syst\u00e8mes de gestion de la performance ont montr\u00e9 qu'elles \u00e9taient en mesure de minimiser ces risques, par exemple en r\u00e9duisant efficacement les d\u00e9ficits de comp\u00e9tences ou en surmontant durablement la lassitude des collaborateurs face au changement.<\/p>\n<p>\"Ces derni\u00e8res ann\u00e9es, l'approche et la pr\u00e9paration des entreprises \u00e0 l'avenir du travail ont \u00e9volu\u00e9 : on est pass\u00e9 de l'anticipation \u00e0 une approche proactive. Toutefois, les organisations risquent de d\u00e9sorienter leurs collaborateurs avec trop de changements. On n'accorde pas assez d'attention aux valeurs traditionnellement valoris\u00e9es, telles que le travail utile, la responsabilit\u00e9, la reconnaissance ou le droit \u00e0 la parole, et les travailleurs sont submerg\u00e9s par des processus sans fin\", explique Sebastian Karwautz, responsable de la division Career Central &amp; Eastern Europe chez Mercer.<\/p>\n<p>Dans le climat d'ins\u00e9curit\u00e9 actuel, chercher <a href=\"https:\/\/news.save.ch\/fr\/muede-mitarbeiter-kommen-unternehmen-teuer-zu-stehen\/\" target=\"_blank\" rel=\"noopener\">Collaborateurs<\/a> La stabilit\u00e9. L'\u00e9tude conclut que la s\u00e9curit\u00e9 de l'emploi est l'une des principales raisons pour lesquelles les collaborateurs ont rejoint leur entreprise dans le monde entier et la principale raison pour laquelle ils y restent. Cependant, une personne sur trois craint que l'intelligence artificielle et l'automatisation ne remplacent son propre emploi.<\/p>\n<p><strong>Plus d'infos<\/strong><\/p>\n<p><a href=\"https:\/\/www.mercer.ch\/newsroom\/global-talent-trends-2019\/\" target=\"_blank\" rel=\"noopener\">www.mercer.ch<\/a><\/p>","protected":false},"excerpt":{"rendered":"<p>Fast drei Viertel (73 Prozent) der F\u00fchrungskr\u00e4fte weltweit prognostizieren f\u00fcr die n\u00e4chsten drei Jahre erhebliche Disruptionen f\u00fcr ihre Unternehmen. 2018 sagten lediglich 26 Prozent disruptive Entwicklungen voraus. Als Antwort auf die anstehenden Umw\u00e4lzungen werden Transformationsprozesse angestossen, die allerdings signifikante personalwirtschaftliche Risiken bergen. Jedoch glaubt global nur jede dritte F\u00fchrungskraft, dass ihr Unternehmen in der Lage [&hellip;]<\/p>\n","protected":false},"author":1,"featured_media":3908,"comment_status":"open","ping_status":"open","sticky":false,"template":"","format":"standard","meta":{"_acf_changed":false,"pgc_sgb_lightbox_settings":"","footnotes":""},"categories":[1,3314],"tags":[183,172,1678,2183,2500,2984,64,3148,65,3308],"class_list":["post-3906","post","type-post","status-publish","format-standard","has-post-thumbnail","hentry","category-allgemein","category-health-safety","tag-arbeitsplatzgestaltung","tag-arbeitssicherheit","tag-arbeitszeit","tag-gig-economy","tag-management-und-unternehmensfuehrung","tag-stabilitaet","tag-studie","tag-unsicherheit","tag-unternehmen","tag-zukunft"],"acf":[],"hkrextid":null,"publication":null,"issue":null,"workflow":null,"startPage":null,"spitzmarke":null,"_posts_by_tag_page_fields":{"widget_title":"","widget_tags":""},"_at_widget":"1","_yoast_wpseo_primary_category":"1","_yoast_wpseo_focuskw_text_input":"Gig Economy","_yoast_wpseo_opengraph-image":null,"_yoast_wpseo_opengraph-description":null,"_yoast_wpseo_opengraph-title":null,"enclosure":null,"_yoast_wpseo_twitter-title":null,"_yoast_wpseo_twitter-description":null,"_yoast_wpseo_twitter-image":null,"_wp_old_slug":null,"_yoast_wpseo_title":null,"_yoast_wpseo_canonical":null,"yoast_head":"<!-- This site is optimized with the Yoast SEO plugin v27.5 - https:\/\/yoast.com\/product\/yoast-seo-wordpress\/ -->\n<title>Der neue Trend: Gig Economy! - Save<\/title>\n<meta name=\"description\" content=\"Fast drei Viertel der F\u00fchrungskr\u00e4fte weltweit prognostizieren f\u00fcr die n\u00e4chsten drei Jahre erhebliche Disruptionen f\u00fcr ihre Unternehmen.\" \/>\n<meta name=\"robots\" content=\"index, follow, max-snippet:-1, max-image-preview:large, max-video-preview:-1\" \/>\n<link rel=\"canonical\" href=\"https:\/\/news.save.ch\/fr\/der-neue-trend-gig-economy\/\" \/>\n<meta property=\"og:locale\" content=\"fr_FR\" \/>\n<meta property=\"og:type\" content=\"article\" \/>\n<meta property=\"og:title\" content=\"Der neue Trend: Gig Economy! - Save\" \/>\n<meta property=\"og:description\" content=\"Fast drei Viertel der F\u00fchrungskr\u00e4fte weltweit prognostizieren f\u00fcr die n\u00e4chsten drei Jahre erhebliche Disruptionen f\u00fcr ihre Unternehmen.\" \/>\n<meta property=\"og:url\" content=\"https:\/\/news.save.ch\/fr\/der-neue-trend-gig-economy\/\" \/>\n<meta property=\"og:site_name\" content=\"Save\" \/>\n<meta property=\"article:published_time\" content=\"2019-03-21T07:10:40+00:00\" \/>\n<meta property=\"article:modified_time\" content=\"2023-03-14T08:00:57+00:00\" \/>\n<meta property=\"og:image\" content=\"https:\/\/news.save.ch\/wp-content\/uploads\/2019\/03\/Depositphotos_DragonImages-scaled-1.jpg\" \/>\n\t<meta property=\"og:image:width\" content=\"1200\" \/>\n\t<meta property=\"og:image:height\" content=\"801\" \/>\n\t<meta property=\"og:image:type\" content=\"image\/jpeg\" \/>\n<meta name=\"author\" content=\"admin\" \/>\n<meta name=\"twitter:card\" content=\"summary_large_image\" \/>\n<meta name=\"twitter:label1\" content=\"\u00c9crit par\" \/>\n\t<meta name=\"twitter:data1\" content=\"admin\" \/>\n\t<meta name=\"twitter:label2\" content=\"Dur\u00e9e de lecture estim\u00e9e\" \/>\n\t<meta name=\"twitter:data2\" content=\"1 minute\" \/>\n<script type=\"application\/ld+json\" class=\"yoast-schema-graph\">{\"@context\":\"https:\\\/\\\/schema.org\",\"@graph\":[{\"@type\":\"Article\",\"@id\":\"https:\\\/\\\/news.save.ch\\\/der-neue-trend-gig-economy\\\/#article\",\"isPartOf\":{\"@id\":\"https:\\\/\\\/news.save.ch\\\/der-neue-trend-gig-economy\\\/\"},\"author\":{\"name\":\"admin\",\"@id\":\"https:\\\/\\\/news.save.ch\\\/de\\\/#\\\/schema\\\/person\\\/d49e199490bad7c70d64b9ab51142f2b\"},\"headline\":\"Der neue Trend: Gig Economy!\",\"datePublished\":\"2019-03-21T07:10:40+00:00\",\"dateModified\":\"2023-03-14T08:00:57+00:00\",\"mainEntityOfPage\":{\"@id\":\"https:\\\/\\\/news.save.ch\\\/der-neue-trend-gig-economy\\\/\"},\"wordCount\":240,\"commentCount\":0,\"publisher\":{\"@id\":\"https:\\\/\\\/news.save.ch\\\/de\\\/#organization\"},\"image\":{\"@id\":\"https:\\\/\\\/news.save.ch\\\/der-neue-trend-gig-economy\\\/#primaryimage\"},\"thumbnailUrl\":\"https:\\\/\\\/news.save.ch\\\/wp-content\\\/uploads\\\/2019\\\/03\\\/Depositphotos_DragonImages-scaled-1.jpg\",\"keywords\":[\"Arbeitsplatzgestaltung\",\"Arbeitssicherheit\",\"Arbeitszeit\",\"Gig Economy\",\"Management und Unternehmensf\u00fchrung\",\"Stabilit\u00e4t\",\"Studie\",\"Unsicherheit\",\"Unternehmen\",\"Zukunft\"],\"articleSection\":[\"ALLGEMEIN\",\"HEALTH &amp; SAFETY\"],\"inLanguage\":\"fr-FR\"},{\"@type\":\"WebPage\",\"@id\":\"https:\\\/\\\/news.save.ch\\\/der-neue-trend-gig-economy\\\/\",\"url\":\"https:\\\/\\\/news.save.ch\\\/der-neue-trend-gig-economy\\\/\",\"name\":\"Der neue Trend: Gig Economy! - Save\",\"isPartOf\":{\"@id\":\"https:\\\/\\\/news.save.ch\\\/de\\\/#website\"},\"primaryImageOfPage\":{\"@id\":\"https:\\\/\\\/news.save.ch\\\/der-neue-trend-gig-economy\\\/#primaryimage\"},\"image\":{\"@id\":\"https:\\\/\\\/news.save.ch\\\/der-neue-trend-gig-economy\\\/#primaryimage\"},\"thumbnailUrl\":\"https:\\\/\\\/news.save.ch\\\/wp-content\\\/uploads\\\/2019\\\/03\\\/Depositphotos_DragonImages-scaled-1.jpg\",\"datePublished\":\"2019-03-21T07:10:40+00:00\",\"dateModified\":\"2023-03-14T08:00:57+00:00\",\"description\":\"Fast drei Viertel der F\u00fchrungskr\u00e4fte weltweit prognostizieren f\u00fcr die n\u00e4chsten drei Jahre erhebliche Disruptionen f\u00fcr ihre Unternehmen.\",\"breadcrumb\":{\"@id\":\"https:\\\/\\\/news.save.ch\\\/der-neue-trend-gig-economy\\\/#breadcrumb\"},\"inLanguage\":\"fr-FR\",\"potentialAction\":[{\"@type\":\"ReadAction\",\"target\":[\"https:\\\/\\\/news.save.ch\\\/der-neue-trend-gig-economy\\\/\"]}]},{\"@type\":\"ImageObject\",\"inLanguage\":\"fr-FR\",\"@id\":\"https:\\\/\\\/news.save.ch\\\/der-neue-trend-gig-economy\\\/#primaryimage\",\"url\":\"https:\\\/\\\/news.save.ch\\\/wp-content\\\/uploads\\\/2019\\\/03\\\/Depositphotos_DragonImages-scaled-1.jpg\",\"contentUrl\":\"https:\\\/\\\/news.save.ch\\\/wp-content\\\/uploads\\\/2019\\\/03\\\/Depositphotos_DragonImages-scaled-1.jpg\",\"width\":1200,\"height\":801,\"caption\":\"Im heutigen Klima der Unsicherheit suchen Mitarbeiter Stabilit\u00e4t. \u00a9 Depositphotos\\\/DragonImages\"},{\"@type\":\"BreadcrumbList\",\"@id\":\"https:\\\/\\\/news.save.ch\\\/der-neue-trend-gig-economy\\\/#breadcrumb\",\"itemListElement\":[{\"@type\":\"ListItem\",\"position\":1,\"name\":\"Home\",\"item\":\"https:\\\/\\\/news.save.ch\\\/de\\\/\"},{\"@type\":\"ListItem\",\"position\":2,\"name\":\"Der neue Trend: Gig Economy!\"}]},{\"@type\":\"WebSite\",\"@id\":\"https:\\\/\\\/news.save.ch\\\/de\\\/#website\",\"url\":\"https:\\\/\\\/news.save.ch\\\/de\\\/\",\"name\":\"Save\",\"description\":\"Schweizer Fachzeitschrift f\u00fcr Sicherheit\",\"publisher\":{\"@id\":\"https:\\\/\\\/news.save.ch\\\/de\\\/#organization\"},\"potentialAction\":[{\"@type\":\"SearchAction\",\"target\":{\"@type\":\"EntryPoint\",\"urlTemplate\":\"https:\\\/\\\/news.save.ch\\\/de\\\/?s={search_term_string}\"},\"query-input\":{\"@type\":\"PropertyValueSpecification\",\"valueRequired\":true,\"valueName\":\"search_term_string\"}}],\"inLanguage\":\"fr-FR\"},{\"@type\":\"Organization\",\"@id\":\"https:\\\/\\\/news.save.ch\\\/de\\\/#organization\",\"name\":\"Sicherheitsforum\",\"url\":\"https:\\\/\\\/news.save.ch\\\/de\\\/\",\"logo\":{\"@type\":\"ImageObject\",\"inLanguage\":\"fr-FR\",\"@id\":\"https:\\\/\\\/news.save.ch\\\/de\\\/#\\\/schema\\\/logo\\\/image\\\/\",\"url\":\"https:\\\/\\\/news.save.ch\\\/wp-content\\\/uploads\\\/2022\\\/06\\\/Logo_SF_2012.png\",\"contentUrl\":\"https:\\\/\\\/news.save.ch\\\/wp-content\\\/uploads\\\/2022\\\/06\\\/Logo_SF_2012.png\",\"width\":1100,\"height\":91,\"caption\":\"Sicherheitsforum\"},\"image\":{\"@id\":\"https:\\\/\\\/news.save.ch\\\/de\\\/#\\\/schema\\\/logo\\\/image\\\/\"}},{\"@type\":\"Person\",\"@id\":\"https:\\\/\\\/news.save.ch\\\/de\\\/#\\\/schema\\\/person\\\/d49e199490bad7c70d64b9ab51142f2b\",\"name\":\"admin\",\"image\":{\"@type\":\"ImageObject\",\"inLanguage\":\"fr-FR\",\"@id\":\"https:\\\/\\\/secure.gravatar.com\\\/avatar\\\/ae2f4d718e6c49043e314ce431e7e645d646302a24a5ef5a8bc8e3f5a032e319?s=96&d=mm&r=g\",\"url\":\"https:\\\/\\\/secure.gravatar.com\\\/avatar\\\/ae2f4d718e6c49043e314ce431e7e645d646302a24a5ef5a8bc8e3f5a032e319?s=96&d=mm&r=g\",\"contentUrl\":\"https:\\\/\\\/secure.gravatar.com\\\/avatar\\\/ae2f4d718e6c49043e314ce431e7e645d646302a24a5ef5a8bc8e3f5a032e319?s=96&d=mm&r=g\",\"caption\":\"admin\"},\"sameAs\":[\"https:\\\/\\\/develop.organisator.galledia.ch\"],\"url\":\"https:\\\/\\\/news.save.ch\\\/fr\\\/author\\\/admin\\\/\"}]}<\/script>\n<!-- \/ Yoast SEO plugin. -->","yoast_head_json":{"title":"La nouvelle tendance : la Gig Economy ! - Sauver","description":"Pr\u00e8s des trois quarts des dirigeants mondiaux pr\u00e9voient des disruptions importantes pour leur entreprise au cours des trois prochaines ann\u00e9es.","robots":{"index":"index","follow":"follow","max-snippet":"max-snippet:-1","max-image-preview":"max-image-preview:large","max-video-preview":"max-video-preview:-1"},"canonical":"https:\/\/news.save.ch\/fr\/der-neue-trend-gig-economy\/","og_locale":"fr_FR","og_type":"article","og_title":"Der neue Trend: Gig Economy! - Save","og_description":"Fast drei Viertel der F\u00fchrungskr\u00e4fte weltweit prognostizieren f\u00fcr die n\u00e4chsten drei Jahre erhebliche Disruptionen f\u00fcr ihre Unternehmen.","og_url":"https:\/\/news.save.ch\/fr\/der-neue-trend-gig-economy\/","og_site_name":"Save","article_published_time":"2019-03-21T07:10:40+00:00","article_modified_time":"2023-03-14T08:00:57+00:00","og_image":[{"width":1200,"height":801,"url":"https:\/\/news.save.ch\/wp-content\/uploads\/2019\/03\/Depositphotos_DragonImages-scaled-1.jpg","type":"image\/jpeg"}],"author":"admin","twitter_card":"summary_large_image","twitter_misc":{"\u00c9crit par":"admin","Dur\u00e9e de lecture estim\u00e9e":"1 minute"},"schema":{"@context":"https:\/\/schema.org","@graph":[{"@type":"Article","@id":"https:\/\/news.save.ch\/der-neue-trend-gig-economy\/#article","isPartOf":{"@id":"https:\/\/news.save.ch\/der-neue-trend-gig-economy\/"},"author":{"name":"admin","@id":"https:\/\/news.save.ch\/de\/#\/schema\/person\/d49e199490bad7c70d64b9ab51142f2b"},"headline":"Der neue Trend: Gig Economy!","datePublished":"2019-03-21T07:10:40+00:00","dateModified":"2023-03-14T08:00:57+00:00","mainEntityOfPage":{"@id":"https:\/\/news.save.ch\/der-neue-trend-gig-economy\/"},"wordCount":240,"commentCount":0,"publisher":{"@id":"https:\/\/news.save.ch\/de\/#organization"},"image":{"@id":"https:\/\/news.save.ch\/der-neue-trend-gig-economy\/#primaryimage"},"thumbnailUrl":"https:\/\/news.save.ch\/wp-content\/uploads\/2019\/03\/Depositphotos_DragonImages-scaled-1.jpg","keywords":["Arbeitsplatzgestaltung","Arbeitssicherheit","Arbeitszeit","Gig Economy","Management und Unternehmensf\u00fchrung","Stabilit\u00e4t","Studie","Unsicherheit","Unternehmen","Zukunft"],"articleSection":["ALLGEMEIN","HEALTH &amp; SAFETY"],"inLanguage":"fr-FR"},{"@type":"WebPage","@id":"https:\/\/news.save.ch\/der-neue-trend-gig-economy\/","url":"https:\/\/news.save.ch\/der-neue-trend-gig-economy\/","name":"La nouvelle tendance : la Gig Economy ! - Sauver","isPartOf":{"@id":"https:\/\/news.save.ch\/de\/#website"},"primaryImageOfPage":{"@id":"https:\/\/news.save.ch\/der-neue-trend-gig-economy\/#primaryimage"},"image":{"@id":"https:\/\/news.save.ch\/der-neue-trend-gig-economy\/#primaryimage"},"thumbnailUrl":"https:\/\/news.save.ch\/wp-content\/uploads\/2019\/03\/Depositphotos_DragonImages-scaled-1.jpg","datePublished":"2019-03-21T07:10:40+00:00","dateModified":"2023-03-14T08:00:57+00:00","description":"Pr\u00e8s des trois quarts des dirigeants mondiaux pr\u00e9voient des disruptions importantes pour leur entreprise au cours des trois prochaines ann\u00e9es.","breadcrumb":{"@id":"https:\/\/news.save.ch\/der-neue-trend-gig-economy\/#breadcrumb"},"inLanguage":"fr-FR","potentialAction":[{"@type":"ReadAction","target":["https:\/\/news.save.ch\/der-neue-trend-gig-economy\/"]}]},{"@type":"ImageObject","inLanguage":"fr-FR","@id":"https:\/\/news.save.ch\/der-neue-trend-gig-economy\/#primaryimage","url":"https:\/\/news.save.ch\/wp-content\/uploads\/2019\/03\/Depositphotos_DragonImages-scaled-1.jpg","contentUrl":"https:\/\/news.save.ch\/wp-content\/uploads\/2019\/03\/Depositphotos_DragonImages-scaled-1.jpg","width":1200,"height":801,"caption":"Im heutigen Klima der Unsicherheit suchen Mitarbeiter Stabilit\u00e4t. \u00a9 Depositphotos\/DragonImages"},{"@type":"BreadcrumbList","@id":"https:\/\/news.save.ch\/der-neue-trend-gig-economy\/#breadcrumb","itemListElement":[{"@type":"ListItem","position":1,"name":"Home","item":"https:\/\/news.save.ch\/de\/"},{"@type":"ListItem","position":2,"name":"Der neue Trend: Gig Economy!"}]},{"@type":"WebSite","@id":"https:\/\/news.save.ch\/de\/#website","url":"https:\/\/news.save.ch\/de\/","name":"Save","description":"Revue suisse sp\u00e9cialis\u00e9e dans la s\u00e9curit\u00e9","publisher":{"@id":"https:\/\/news.save.ch\/de\/#organization"},"potentialAction":[{"@type":"SearchAction","target":{"@type":"EntryPoint","urlTemplate":"https:\/\/news.save.ch\/de\/?s={search_term_string}"},"query-input":{"@type":"PropertyValueSpecification","valueRequired":true,"valueName":"search_term_string"}}],"inLanguage":"fr-FR"},{"@type":"Organization","@id":"https:\/\/news.save.ch\/de\/#organization","name":"Forum sur la s\u00e9curit\u00e9","url":"https:\/\/news.save.ch\/de\/","logo":{"@type":"ImageObject","inLanguage":"fr-FR","@id":"https:\/\/news.save.ch\/de\/#\/schema\/logo\/image\/","url":"https:\/\/news.save.ch\/wp-content\/uploads\/2022\/06\/Logo_SF_2012.png","contentUrl":"https:\/\/news.save.ch\/wp-content\/uploads\/2022\/06\/Logo_SF_2012.png","width":1100,"height":91,"caption":"Sicherheitsforum"},"image":{"@id":"https:\/\/news.save.ch\/de\/#\/schema\/logo\/image\/"}},{"@type":"Person","@id":"https:\/\/news.save.ch\/de\/#\/schema\/person\/d49e199490bad7c70d64b9ab51142f2b","name":"admin","image":{"@type":"ImageObject","inLanguage":"fr-FR","@id":"https:\/\/secure.gravatar.com\/avatar\/ae2f4d718e6c49043e314ce431e7e645d646302a24a5ef5a8bc8e3f5a032e319?s=96&d=mm&r=g","url":"https:\/\/secure.gravatar.com\/avatar\/ae2f4d718e6c49043e314ce431e7e645d646302a24a5ef5a8bc8e3f5a032e319?s=96&d=mm&r=g","contentUrl":"https:\/\/secure.gravatar.com\/avatar\/ae2f4d718e6c49043e314ce431e7e645d646302a24a5ef5a8bc8e3f5a032e319?s=96&d=mm&r=g","caption":"admin"},"sameAs":["https:\/\/develop.organisator.galledia.ch"],"url":"https:\/\/news.save.ch\/fr\/author\/admin\/"}]}},"_links":{"self":[{"href":"https:\/\/news.save.ch\/fr\/wp-json\/wp\/v2\/posts\/3906","targetHints":{"allow":["GET"]}}],"collection":[{"href":"https:\/\/news.save.ch\/fr\/wp-json\/wp\/v2\/posts"}],"about":[{"href":"https:\/\/news.save.ch\/fr\/wp-json\/wp\/v2\/types\/post"}],"author":[{"embeddable":true,"href":"https:\/\/news.save.ch\/fr\/wp-json\/wp\/v2\/users\/1"}],"replies":[{"embeddable":true,"href":"https:\/\/news.save.ch\/fr\/wp-json\/wp\/v2\/comments?post=3906"}],"version-history":[{"count":1,"href":"https:\/\/news.save.ch\/fr\/wp-json\/wp\/v2\/posts\/3906\/revisions"}],"predecessor-version":[{"id":18266,"href":"https:\/\/news.save.ch\/fr\/wp-json\/wp\/v2\/posts\/3906\/revisions\/18266"}],"wp:featuredmedia":[{"embeddable":true,"href":"https:\/\/news.save.ch\/fr\/wp-json\/wp\/v2\/media\/3908"}],"wp:attachment":[{"href":"https:\/\/news.save.ch\/fr\/wp-json\/wp\/v2\/media?parent=3906"}],"wp:term":[{"taxonomy":"category","embeddable":true,"href":"https:\/\/news.save.ch\/fr\/wp-json\/wp\/v2\/categories?post=3906"},{"taxonomy":"post_tag","embeddable":true,"href":"https:\/\/news.save.ch\/fr\/wp-json\/wp\/v2\/tags?post=3906"}],"curies":[{"name":"wp","href":"https:\/\/api.w.org\/{rel}","templated":true}]}}