{"id":3914,"date":"2019-03-25T08:00:00","date_gmt":"2019-03-25T07:00:00","guid":{"rendered":"https:\/\/news.save.ch\/?p=3914"},"modified":"2023-03-14T09:04:03","modified_gmt":"2023-03-14T08:04:03","slug":"fm-perspektiven-fm-innovationen-in-health-care-digital","status":null,"type":"post","link":"https:\/\/news.save.ch\/fr\/fm-perspektiven-fm-innovationen-in-health-care-digital\/","title":{"rendered":"Perspectives FM : Innovations FM dans le domaine de la sant\u00e9 num\u00e9rique"},"content":{"rendered":"<figure id=\"attachment_3916\" aria-describedby=\"caption-attachment-3916\" style=\"width: 680px\" class=\"wp-caption alignnone\"><img loading=\"lazy\" decoding=\"async\" class=\"size-medium wp-image-3916\" src=\"http:\/\/develop.safety-plus.ch\/wp-content\/uploads\/2019\/03\/Depositphotos_everythingposs.jpg\" alt=\"\" width=\"680\" height=\"453\" \/><figcaption id=\"caption-attachment-3916\" class=\"wp-caption-text\">L'objectif est de promouvoir l'\u00e9change entre la pratique et la recherche.<br \/>\u00a9 Depositphotos\/everythingposs<\/figcaption><\/figure>\n<p>La manifestation de l'Institut de Facility Management donne un aper\u00e7u de nombreux travaux de recherche sur des questions de recherche br\u00fblantes dans les domaines de l'optimisation des processus, de l'am\u00e9lioration de l'efficacit\u00e9 et de la qualit\u00e9 dans le secteur de la construction. <a href=\"https:\/\/news.save.ch\/fr\/neue-high-tech-elektroden\/\" target=\"_blank\" rel=\"noopener\">Secteur de la sant\u00e9<\/a>. Le conf\u00e9rencier est, outre des sp\u00e9cialistes du FM de <a href=\"https:\/\/news.save.ch\/fr\/neues-forschungsprogramm-zu-chronischen-erkrankungen-lanciert\/\" target=\"_blank\" rel=\"noopener\">Recherche<\/a> et la pratique, David Bosshart du GDI \u00e0 R\u00fcschlikon a \u00e9galement fait un \u00e9tat des lieux de la \"jungle num\u00e9rique\". Les h\u00f4pitaux, les institutions pour personnes \u00e2g\u00e9es et les \u00e9tablissements de soins ainsi que les fournisseurs de toutes sortes profitent des connaissances et des r\u00e9sultats.<\/p>\n<p><strong>rendez-vous :<\/strong> Vendredi 5 avril 2019, de 8h30 \u00e0 16h30<\/p>\n<p><strong>Lieu<\/strong> Seestrasse 55, W\u00e4denswil<\/p>\n<p><a href=\"https:\/\/www.zhaw.ch\/de\/lsfm\/weiterbildung\/fachtagungen\/fm-perspektiven\/\" target=\"_blank\" rel=\"noopener\"><strong>Acc\u00e8s direct au programme<\/strong><\/a><\/p>","protected":false},"excerpt":{"rendered":"<p>Die Veranstaltung des Instituts f\u00fcr Facility Management gibt Einblicke in zahlreiche Forschungsarbeiten zu brisanten Forschungsfragen rund um die Bereiche Prozess-Optimierung, Effizienz- und Qualit\u00e4tssteigerung im Gesundheitssektor. Referent ist nebst FM-Fachleuten aus Forschung und Praxis auch David Bosshart vom GDI in R\u00fcschlikon mit einer Standortbestimmung zum \u201edigitalen Dschungel\u201c. Spit\u00e4ler, Alters- und Pflegeeinrichtungen sowie Zulieferanten aller Arten profitieren [&hellip;]<\/p>\n","protected":false},"author":1,"featured_media":3916,"comment_status":"open","ping_status":"open","sticky":false,"template":"","format":"standard","meta":{"_acf_changed":false,"pgc_sgb_lightbox_settings":"","footnotes":""},"categories":[1,3314],"tags":[1775,1507,2087,2165,149,2175,2224,141,160,1160],"class_list":["post-3914","post","type-post","status-publish","format-standard","has-post-thumbnail","hentry","category-allgemein","category-health-safety","tag-betriebliches-gesundheitsmanagement","tag-facility-management","tag-forschungsprogramm","tag-gesundheitsfoerderung","tag-gesundheitsschutz","tag-gesundheitssektor","tag-health-care-digital","tag-praevention","tag-veranstaltungen","tag-zhaw"],"acf":[],"hkrextid":null,"publication":null,"issue":null,"workflow":null,"startPage":null,"spitzmarke":null,"_posts_by_tag_page_fields":{"widget_title":"","widget_tags":""},"_at_widget":"1","_yoast_wpseo_primary_category":"1","_yoast_wpseo_focuskw_text_input":"Health Care","_yoast_wpseo_opengraph-image":null,"_yoast_wpseo_opengraph-description":null,"_yoast_wpseo_opengraph-title":null,"enclosure":null,"_yoast_wpseo_twitter-title":null,"_yoast_wpseo_twitter-description":null,"_yoast_wpseo_twitter-image":null,"_wp_old_slug":null,"_yoast_wpseo_title":null,"_yoast_wpseo_canonical":null,"yoast_head":"<!-- This site is optimized with the Yoast SEO plugin v27.5 - https:\/\/yoast.com\/product\/yoast-seo-wordpress\/ -->\n<title>FM Perspektiven: FM Innovationen in Health Care digital - Save<\/title>\n<meta name=\"description\" content=\"Die FM Perspektiven 2019 stehen unter dem Motto digitale Kommunikationsinnovationen. Das Ziel ist den Austausch zwischen Praxis und Forschung zu f\u00f6rdern.\" \/>\n<meta name=\"robots\" content=\"index, follow, max-snippet:-1, max-image-preview:large, max-video-preview:-1\" \/>\n<link rel=\"canonical\" href=\"https:\/\/news.save.ch\/fr\/fm-perspektiven-fm-innovationen-in-health-care-digital\/\" \/>\n<meta property=\"og:locale\" content=\"fr_FR\" \/>\n<meta property=\"og:type\" content=\"article\" \/>\n<meta property=\"og:title\" content=\"FM Perspektiven: FM Innovationen in Health Care digital - Save\" \/>\n<meta property=\"og:description\" content=\"Die FM Perspektiven 2019 stehen unter dem Motto digitale Kommunikationsinnovationen. Das Ziel ist den Austausch zwischen Praxis und Forschung zu f\u00f6rdern.\" \/>\n<meta property=\"og:url\" content=\"https:\/\/news.save.ch\/fr\/fm-perspektiven-fm-innovationen-in-health-care-digital\/\" \/>\n<meta property=\"og:site_name\" content=\"Save\" \/>\n<meta property=\"article:published_time\" content=\"2019-03-25T07:00:00+00:00\" \/>\n<meta property=\"article:modified_time\" content=\"2023-03-14T08:04:03+00:00\" \/>\n<meta property=\"og:image\" content=\"https:\/\/news.save.ch\/wp-content\/uploads\/2019\/03\/Depositphotos_everythingposs-scaled-1.jpg\" \/>\n\t<meta property=\"og:image:width\" content=\"1200\" \/>\n\t<meta property=\"og:image:height\" content=\"800\" \/>\n\t<meta property=\"og:image:type\" content=\"image\/jpeg\" \/>\n<meta name=\"author\" content=\"admin\" \/>\n<meta name=\"twitter:card\" content=\"summary_large_image\" \/>\n<meta name=\"twitter:label1\" content=\"\u00c9crit par\" \/>\n\t<meta name=\"twitter:data1\" content=\"admin\" \/>\n<script type=\"application\/ld+json\" class=\"yoast-schema-graph\">{\"@context\":\"https:\\\/\\\/schema.org\",\"@graph\":[{\"@type\":\"Article\",\"@id\":\"https:\\\/\\\/news.save.ch\\\/fm-perspektiven-fm-innovationen-in-health-care-digital\\\/#article\",\"isPartOf\":{\"@id\":\"https:\\\/\\\/news.save.ch\\\/fm-perspektiven-fm-innovationen-in-health-care-digital\\\/\"},\"author\":{\"name\":\"admin\",\"@id\":\"https:\\\/\\\/news.save.ch\\\/de\\\/#\\\/schema\\\/person\\\/d49e199490bad7c70d64b9ab51142f2b\"},\"headline\":\"FM Perspektiven: FM Innovationen in Health Care digital\",\"datePublished\":\"2019-03-25T07:00:00+00:00\",\"dateModified\":\"2023-03-14T08:04:03+00:00\",\"mainEntityOfPage\":{\"@id\":\"https:\\\/\\\/news.save.ch\\\/fm-perspektiven-fm-innovationen-in-health-care-digital\\\/\"},\"wordCount\":105,\"commentCount\":0,\"publisher\":{\"@id\":\"https:\\\/\\\/news.save.ch\\\/de\\\/#organization\"},\"image\":{\"@id\":\"https:\\\/\\\/news.save.ch\\\/fm-perspektiven-fm-innovationen-in-health-care-digital\\\/#primaryimage\"},\"thumbnailUrl\":\"https:\\\/\\\/news.save.ch\\\/wp-content\\\/uploads\\\/2019\\\/03\\\/Depositphotos_everythingposs-scaled-1.jpg\",\"keywords\":[\"Betriebliches Gesundheitsmanagement\",\"Facility Management\",\"Forschungsprogramm\",\"Gesundheitsf\u00f6rderung\",\"Gesundheitsschutz\",\"Gesundheitssektor\",\"Health Care digital\",\"Pr\u00e4vention\",\"Veranstaltungen\",\"ZHAW\"],\"articleSection\":[\"ALLGEMEIN\",\"HEALTH &amp; SAFETY\"],\"inLanguage\":\"fr-FR\"},{\"@type\":\"WebPage\",\"@id\":\"https:\\\/\\\/news.save.ch\\\/fm-perspektiven-fm-innovationen-in-health-care-digital\\\/\",\"url\":\"https:\\\/\\\/news.save.ch\\\/fm-perspektiven-fm-innovationen-in-health-care-digital\\\/\",\"name\":\"FM Perspektiven: FM Innovationen in Health Care digital - Save\",\"isPartOf\":{\"@id\":\"https:\\\/\\\/news.save.ch\\\/de\\\/#website\"},\"primaryImageOfPage\":{\"@id\":\"https:\\\/\\\/news.save.ch\\\/fm-perspektiven-fm-innovationen-in-health-care-digital\\\/#primaryimage\"},\"image\":{\"@id\":\"https:\\\/\\\/news.save.ch\\\/fm-perspektiven-fm-innovationen-in-health-care-digital\\\/#primaryimage\"},\"thumbnailUrl\":\"https:\\\/\\\/news.save.ch\\\/wp-content\\\/uploads\\\/2019\\\/03\\\/Depositphotos_everythingposs-scaled-1.jpg\",\"datePublished\":\"2019-03-25T07:00:00+00:00\",\"dateModified\":\"2023-03-14T08:04:03+00:00\",\"description\":\"Die FM Perspektiven 2019 stehen unter dem Motto digitale Kommunikationsinnovationen. Das Ziel ist den Austausch zwischen Praxis und Forschung zu f\u00f6rdern.\",\"breadcrumb\":{\"@id\":\"https:\\\/\\\/news.save.ch\\\/fm-perspektiven-fm-innovationen-in-health-care-digital\\\/#breadcrumb\"},\"inLanguage\":\"fr-FR\",\"potentialAction\":[{\"@type\":\"ReadAction\",\"target\":[\"https:\\\/\\\/news.save.ch\\\/fm-perspektiven-fm-innovationen-in-health-care-digital\\\/\"]}]},{\"@type\":\"ImageObject\",\"inLanguage\":\"fr-FR\",\"@id\":\"https:\\\/\\\/news.save.ch\\\/fm-perspektiven-fm-innovationen-in-health-care-digital\\\/#primaryimage\",\"url\":\"https:\\\/\\\/news.save.ch\\\/wp-content\\\/uploads\\\/2019\\\/03\\\/Depositphotos_everythingposs-scaled-1.jpg\",\"contentUrl\":\"https:\\\/\\\/news.save.ch\\\/wp-content\\\/uploads\\\/2019\\\/03\\\/Depositphotos_everythingposs-scaled-1.jpg\",\"width\":1200,\"height\":800,\"caption\":\"Das Ziel ist den Austausch zwischen Praxis und Forschung zu f\u00f6rdern. \u00a9 Depositphotos\\\/everythingposs\"},{\"@type\":\"BreadcrumbList\",\"@id\":\"https:\\\/\\\/news.save.ch\\\/fm-perspektiven-fm-innovationen-in-health-care-digital\\\/#breadcrumb\",\"itemListElement\":[{\"@type\":\"ListItem\",\"position\":1,\"name\":\"Home\",\"item\":\"https:\\\/\\\/news.save.ch\\\/de\\\/\"},{\"@type\":\"ListItem\",\"position\":2,\"name\":\"FM Perspektiven: FM Innovationen in Health Care digital\"}]},{\"@type\":\"WebSite\",\"@id\":\"https:\\\/\\\/news.save.ch\\\/de\\\/#website\",\"url\":\"https:\\\/\\\/news.save.ch\\\/de\\\/\",\"name\":\"Save\",\"description\":\"Schweizer Fachzeitschrift f\u00fcr Sicherheit\",\"publisher\":{\"@id\":\"https:\\\/\\\/news.save.ch\\\/de\\\/#organization\"},\"potentialAction\":[{\"@type\":\"SearchAction\",\"target\":{\"@type\":\"EntryPoint\",\"urlTemplate\":\"https:\\\/\\\/news.save.ch\\\/de\\\/?s={search_term_string}\"},\"query-input\":{\"@type\":\"PropertyValueSpecification\",\"valueRequired\":true,\"valueName\":\"search_term_string\"}}],\"inLanguage\":\"fr-FR\"},{\"@type\":\"Organization\",\"@id\":\"https:\\\/\\\/news.save.ch\\\/de\\\/#organization\",\"name\":\"Sicherheitsforum\",\"url\":\"https:\\\/\\\/news.save.ch\\\/de\\\/\",\"logo\":{\"@type\":\"ImageObject\",\"inLanguage\":\"fr-FR\",\"@id\":\"https:\\\/\\\/news.save.ch\\\/de\\\/#\\\/schema\\\/logo\\\/image\\\/\",\"url\":\"https:\\\/\\\/news.save.ch\\\/wp-content\\\/uploads\\\/2022\\\/06\\\/Logo_SF_2012.png\",\"contentUrl\":\"https:\\\/\\\/news.save.ch\\\/wp-content\\\/uploads\\\/2022\\\/06\\\/Logo_SF_2012.png\",\"width\":1100,\"height\":91,\"caption\":\"Sicherheitsforum\"},\"image\":{\"@id\":\"https:\\\/\\\/news.save.ch\\\/de\\\/#\\\/schema\\\/logo\\\/image\\\/\"}},{\"@type\":\"Person\",\"@id\":\"https:\\\/\\\/news.save.ch\\\/de\\\/#\\\/schema\\\/person\\\/d49e199490bad7c70d64b9ab51142f2b\",\"name\":\"admin\",\"image\":{\"@type\":\"ImageObject\",\"inLanguage\":\"fr-FR\",\"@id\":\"https:\\\/\\\/secure.gravatar.com\\\/avatar\\\/ae2f4d718e6c49043e314ce431e7e645d646302a24a5ef5a8bc8e3f5a032e319?s=96&d=mm&r=g\",\"url\":\"https:\\\/\\\/secure.gravatar.com\\\/avatar\\\/ae2f4d718e6c49043e314ce431e7e645d646302a24a5ef5a8bc8e3f5a032e319?s=96&d=mm&r=g\",\"contentUrl\":\"https:\\\/\\\/secure.gravatar.com\\\/avatar\\\/ae2f4d718e6c49043e314ce431e7e645d646302a24a5ef5a8bc8e3f5a032e319?s=96&d=mm&r=g\",\"caption\":\"admin\"},\"sameAs\":[\"https:\\\/\\\/develop.organisator.galledia.ch\"],\"url\":\"https:\\\/\\\/news.save.ch\\\/fr\\\/author\\\/admin\\\/\"}]}<\/script>\n<!-- \/ Yoast SEO plugin. -->","yoast_head_json":{"title":"Perspectives FM : Innovations FM dans le domaine de la sant\u00e9 num\u00e9rique - Save","description":"Les perspectives FM 2019 sont plac\u00e9es sous le signe des innovations num\u00e9riques en mati\u00e8re de communication. L'objectif est d'encourager les \u00e9changes entre la pratique et la recherche.","robots":{"index":"index","follow":"follow","max-snippet":"max-snippet:-1","max-image-preview":"max-image-preview:large","max-video-preview":"max-video-preview:-1"},"canonical":"https:\/\/news.save.ch\/fr\/fm-perspektiven-fm-innovationen-in-health-care-digital\/","og_locale":"fr_FR","og_type":"article","og_title":"FM Perspektiven: FM Innovationen in Health Care digital - Save","og_description":"Die FM Perspektiven 2019 stehen unter dem Motto digitale Kommunikationsinnovationen. Das Ziel ist den Austausch zwischen Praxis und Forschung zu f\u00f6rdern.","og_url":"https:\/\/news.save.ch\/fr\/fm-perspektiven-fm-innovationen-in-health-care-digital\/","og_site_name":"Save","article_published_time":"2019-03-25T07:00:00+00:00","article_modified_time":"2023-03-14T08:04:03+00:00","og_image":[{"width":1200,"height":800,"url":"https:\/\/news.save.ch\/wp-content\/uploads\/2019\/03\/Depositphotos_everythingposs-scaled-1.jpg","type":"image\/jpeg"}],"author":"admin","twitter_card":"summary_large_image","twitter_misc":{"\u00c9crit par":"admin"},"schema":{"@context":"https:\/\/schema.org","@graph":[{"@type":"Article","@id":"https:\/\/news.save.ch\/fm-perspektiven-fm-innovationen-in-health-care-digital\/#article","isPartOf":{"@id":"https:\/\/news.save.ch\/fm-perspektiven-fm-innovationen-in-health-care-digital\/"},"author":{"name":"admin","@id":"https:\/\/news.save.ch\/de\/#\/schema\/person\/d49e199490bad7c70d64b9ab51142f2b"},"headline":"FM Perspektiven: FM Innovationen in Health Care digital","datePublished":"2019-03-25T07:00:00+00:00","dateModified":"2023-03-14T08:04:03+00:00","mainEntityOfPage":{"@id":"https:\/\/news.save.ch\/fm-perspektiven-fm-innovationen-in-health-care-digital\/"},"wordCount":105,"commentCount":0,"publisher":{"@id":"https:\/\/news.save.ch\/de\/#organization"},"image":{"@id":"https:\/\/news.save.ch\/fm-perspektiven-fm-innovationen-in-health-care-digital\/#primaryimage"},"thumbnailUrl":"https:\/\/news.save.ch\/wp-content\/uploads\/2019\/03\/Depositphotos_everythingposs-scaled-1.jpg","keywords":["Betriebliches Gesundheitsmanagement","Facility Management","Forschungsprogramm","Gesundheitsf\u00f6rderung","Gesundheitsschutz","Gesundheitssektor","Health Care digital","Pr\u00e4vention","Veranstaltungen","ZHAW"],"articleSection":["ALLGEMEIN","HEALTH &amp; SAFETY"],"inLanguage":"fr-FR"},{"@type":"WebPage","@id":"https:\/\/news.save.ch\/fm-perspektiven-fm-innovationen-in-health-care-digital\/","url":"https:\/\/news.save.ch\/fm-perspektiven-fm-innovationen-in-health-care-digital\/","name":"Perspectives FM : Innovations FM dans le domaine de la sant\u00e9 num\u00e9rique - Save","isPartOf":{"@id":"https:\/\/news.save.ch\/de\/#website"},"primaryImageOfPage":{"@id":"https:\/\/news.save.ch\/fm-perspektiven-fm-innovationen-in-health-care-digital\/#primaryimage"},"image":{"@id":"https:\/\/news.save.ch\/fm-perspektiven-fm-innovationen-in-health-care-digital\/#primaryimage"},"thumbnailUrl":"https:\/\/news.save.ch\/wp-content\/uploads\/2019\/03\/Depositphotos_everythingposs-scaled-1.jpg","datePublished":"2019-03-25T07:00:00+00:00","dateModified":"2023-03-14T08:04:03+00:00","description":"Les perspectives FM 2019 sont plac\u00e9es sous le signe des innovations num\u00e9riques en mati\u00e8re de communication. L'objectif est d'encourager les \u00e9changes entre la pratique et la recherche.","breadcrumb":{"@id":"https:\/\/news.save.ch\/fm-perspektiven-fm-innovationen-in-health-care-digital\/#breadcrumb"},"inLanguage":"fr-FR","potentialAction":[{"@type":"ReadAction","target":["https:\/\/news.save.ch\/fm-perspektiven-fm-innovationen-in-health-care-digital\/"]}]},{"@type":"ImageObject","inLanguage":"fr-FR","@id":"https:\/\/news.save.ch\/fm-perspektiven-fm-innovationen-in-health-care-digital\/#primaryimage","url":"https:\/\/news.save.ch\/wp-content\/uploads\/2019\/03\/Depositphotos_everythingposs-scaled-1.jpg","contentUrl":"https:\/\/news.save.ch\/wp-content\/uploads\/2019\/03\/Depositphotos_everythingposs-scaled-1.jpg","width":1200,"height":800,"caption":"Das Ziel ist den Austausch zwischen Praxis und Forschung zu f\u00f6rdern. \u00a9 Depositphotos\/everythingposs"},{"@type":"BreadcrumbList","@id":"https:\/\/news.save.ch\/fm-perspektiven-fm-innovationen-in-health-care-digital\/#breadcrumb","itemListElement":[{"@type":"ListItem","position":1,"name":"Home","item":"https:\/\/news.save.ch\/de\/"},{"@type":"ListItem","position":2,"name":"FM Perspektiven: FM Innovationen in Health Care digital"}]},{"@type":"WebSite","@id":"https:\/\/news.save.ch\/de\/#website","url":"https:\/\/news.save.ch\/de\/","name":"Save","description":"Revue suisse sp\u00e9cialis\u00e9e dans la s\u00e9curit\u00e9","publisher":{"@id":"https:\/\/news.save.ch\/de\/#organization"},"potentialAction":[{"@type":"SearchAction","target":{"@type":"EntryPoint","urlTemplate":"https:\/\/news.save.ch\/de\/?s={search_term_string}"},"query-input":{"@type":"PropertyValueSpecification","valueRequired":true,"valueName":"search_term_string"}}],"inLanguage":"fr-FR"},{"@type":"Organization","@id":"https:\/\/news.save.ch\/de\/#organization","name":"Forum sur la s\u00e9curit\u00e9","url":"https:\/\/news.save.ch\/de\/","logo":{"@type":"ImageObject","inLanguage":"fr-FR","@id":"https:\/\/news.save.ch\/de\/#\/schema\/logo\/image\/","url":"https:\/\/news.save.ch\/wp-content\/uploads\/2022\/06\/Logo_SF_2012.png","contentUrl":"https:\/\/news.save.ch\/wp-content\/uploads\/2022\/06\/Logo_SF_2012.png","width":1100,"height":91,"caption":"Sicherheitsforum"},"image":{"@id":"https:\/\/news.save.ch\/de\/#\/schema\/logo\/image\/"}},{"@type":"Person","@id":"https:\/\/news.save.ch\/de\/#\/schema\/person\/d49e199490bad7c70d64b9ab51142f2b","name":"admin","image":{"@type":"ImageObject","inLanguage":"fr-FR","@id":"https:\/\/secure.gravatar.com\/avatar\/ae2f4d718e6c49043e314ce431e7e645d646302a24a5ef5a8bc8e3f5a032e319?s=96&d=mm&r=g","url":"https:\/\/secure.gravatar.com\/avatar\/ae2f4d718e6c49043e314ce431e7e645d646302a24a5ef5a8bc8e3f5a032e319?s=96&d=mm&r=g","contentUrl":"https:\/\/secure.gravatar.com\/avatar\/ae2f4d718e6c49043e314ce431e7e645d646302a24a5ef5a8bc8e3f5a032e319?s=96&d=mm&r=g","caption":"admin"},"sameAs":["https:\/\/develop.organisator.galledia.ch"],"url":"https:\/\/news.save.ch\/fr\/author\/admin\/"}]}},"_links":{"self":[{"href":"https:\/\/news.save.ch\/fr\/wp-json\/wp\/v2\/posts\/3914","targetHints":{"allow":["GET"]}}],"collection":[{"href":"https:\/\/news.save.ch\/fr\/wp-json\/wp\/v2\/posts"}],"about":[{"href":"https:\/\/news.save.ch\/fr\/wp-json\/wp\/v2\/types\/post"}],"author":[{"embeddable":true,"href":"https:\/\/news.save.ch\/fr\/wp-json\/wp\/v2\/users\/1"}],"replies":[{"embeddable":true,"href":"https:\/\/news.save.ch\/fr\/wp-json\/wp\/v2\/comments?post=3914"}],"version-history":[{"count":1,"href":"https:\/\/news.save.ch\/fr\/wp-json\/wp\/v2\/posts\/3914\/revisions"}],"predecessor-version":[{"id":18671,"href":"https:\/\/news.save.ch\/fr\/wp-json\/wp\/v2\/posts\/3914\/revisions\/18671"}],"wp:featuredmedia":[{"embeddable":true,"href":"https:\/\/news.save.ch\/fr\/wp-json\/wp\/v2\/media\/3916"}],"wp:attachment":[{"href":"https:\/\/news.save.ch\/fr\/wp-json\/wp\/v2\/media?parent=3914"}],"wp:term":[{"taxonomy":"category","embeddable":true,"href":"https:\/\/news.save.ch\/fr\/wp-json\/wp\/v2\/categories?post=3914"},{"taxonomy":"post_tag","embeddable":true,"href":"https:\/\/news.save.ch\/fr\/wp-json\/wp\/v2\/tags?post=3914"}],"curies":[{"name":"wp","href":"https:\/\/api.w.org\/{rel}","templated":true}]}}