{"id":3933,"date":"2019-04-02T08:00:05","date_gmt":"2019-04-02T06:00:05","guid":{"rendered":"https:\/\/news.save.ch\/?p=3933"},"modified":"2019-04-02T08:00:05","modified_gmt":"2019-04-02T06:00:05","slug":"einkommen-von-aerztinnen-und-aerzten-in-der-schweiz-neue-studie-bringt-transparenz","status":null,"type":"post","link":"https:\/\/news.save.ch\/fr\/einkommen-von-aerztinnen-und-aerzten-in-der-schweiz-neue-studie-bringt-transparenz\/","title":{"rendered":"Une nouvelle \u00e9tude sur les revenus apporte de la transparence"},"content":{"rendered":"<figure id=\"attachment_3935\" aria-describedby=\"caption-attachment-3935\" style=\"width: 680px\" class=\"wp-caption alignnone\"><img loading=\"lazy\" decoding=\"async\" class=\"size-medium wp-image-3935\" src=\"http:\/\/develop.safety-plus.ch\/wp-content\/uploads\/2019\/04\/Depositphotos_31650061_l-2015.jpg\" alt=\"\" width=\"680\" height=\"453\" \/><figcaption id=\"caption-attachment-3935\" class=\"wp-caption-text\">Les revenus m\u00e9dians les plus \u00e9lev\u00e9s sont obtenus en neurochirurgie (697`000 francs) et en gastroent\u00e9rologie (627`000 francs). \u00a9 Depositphotos\/Syda_Productions<\/figcaption><\/figure>\n<p>Les informations fournies par le <a href=\"https:\/\/www.bag.admin.ch\/bag\/de\/home.html\" target=\"_blank\" rel=\"noopener\">BAG<\/a> L'\u00e9tude mandat\u00e9e par l'OFSP pr\u00e9sente un vaste ensemble de donn\u00e9es sur la situation des revenus des m\u00e9decins sp\u00e9cialistes ind\u00e9pendants et salari\u00e9s entre 2009 et 2014. Elle se base sur les revenus soumis \u00e0 l'AVS et atteint une couverture \u00e9lev\u00e9e d'environ 90 pour cent. Les revenus ont en outre \u00e9t\u00e9 standardis\u00e9s sur des postes \u00e0 temps plein, ce qui est important pour une comparaison pertinente en raison de l'augmentation du travail \u00e0 temps partiel.<\/p>\n<p>Parmi les m\u00e9decins ind\u00e9pendants, on constate de grandes diff\u00e9rences de revenus selon la sp\u00e9cialit\u00e9. Les revenus m\u00e9dians les plus \u00e9lev\u00e9s sont obtenus en neurochirurgie (697`000 francs) et en gastroent\u00e9rologie (627`000 francs). Le revenu m\u00e9dian signifie qu'une moiti\u00e9 du groupe mentionn\u00e9 a un revenu inf\u00e9rieur et l'autre moiti\u00e9 un revenu sup\u00e9rieur. <a href=\"https:\/\/news.save.ch\/fr\/einkommen-beeinflusst-gesundheitsverhalten\/\" target=\"_blank\" rel=\"noopener\">Revenu<\/a> est atteint. Pour les m\u00e9decins de premier recours, le revenu m\u00e9dian est de 237'000 francs. Les revenus les plus bas sont enregistr\u00e9s dans les domaines de la p\u00e9dopsychiatrie (183'000 francs) et de la psychiatrie et psychoth\u00e9rapie (195'000 francs). Les revenus des m\u00e9decins ind\u00e9pendants sont sans doute plut\u00f4t sous-estim\u00e9s, car les rachats des ind\u00e9pendants dans la caisse de pension, mais aussi les versements de dividendes dans les soci\u00e9t\u00e9s de capitaux ne sont pas soumis \u00e0 l'AVS.<\/p>\n<p>Les revenus moyens sont nettement plus \u00e9lev\u00e9s que les revenus m\u00e9dians : Les m\u00e9decins ind\u00e9pendants ont en <a href=\"https:\/\/news.save.ch\/fr\/praezisionschirurgie-von-morgen\/\" target=\"_blank\" rel=\"noopener\">Neurochirurgie<\/a> un revenu moyen de 818'000 francs, en gastroent\u00e9rologie de 684'000 francs et en oncologie de 600'000 francs. Les m\u00e9decins de premier recours gagnent en moyenne 264'000 francs, les psychiatres 219'000 et les p\u00e9dopsychiatres 187'000. De grandes diff\u00e9rences entre le revenu m\u00e9dian et le revenu moyen peuvent appara\u00eetre lorsque de nombreux revenus bas \u00e0 moyens sont contrebalanc\u00e9s par quelques revenus tr\u00e8s \u00e9lev\u00e9s qui tirent la moyenne vers le haut.<\/p>\n<p>On constate \u00e9galement de grandes diff\u00e9rences selon les sp\u00e9cialit\u00e9s parmi les m\u00e9decins sp\u00e9cialistes employ\u00e9s. Les sp\u00e9cialistes en chirurgie de la main, radiologie, gastroent\u00e9rologie et chirurgie cardiaque ont les revenus m\u00e9dians les plus \u00e9lev\u00e9s, avec plus de 300 000 francs. Dix pour cent de ces sp\u00e9cialistes gagnent plus d'un demi-million de francs par an.<\/p>\n<p><strong>Les femmes m\u00e9decins gagnent moins<\/strong><\/p>\n<p>Ce qui frappe dans l'analyse des donn\u00e9es, ce sont les diff\u00e9rences syst\u00e9matiques de revenus entre les hommes et les femmes. Les revenus des m\u00e9decins sont substantiellement plus \u00e9lev\u00e9s que ceux des femmes m\u00e9decins (+29%). Cette diff\u00e9rence persiste m\u00eame si l'on tient compte de l'exp\u00e9rience professionnelle, de la sp\u00e9cialit\u00e9 et du secteur d'activit\u00e9. D'autres facteurs jouent \u00e9ventuellement un r\u00f4le dans cette diff\u00e9rence.<\/p>\n<p>Entre 2009 et 2014, les m\u00e9decins ind\u00e9pendants ont vu leurs revenus augmenter dans presque tous les groupes de sp\u00e9cialit\u00e9s. En moyenne, elle s'\u00e9l\u00e8ve \u00e0 2,5 pour cent. En revanche, les revenus des m\u00e9decins salari\u00e9s ont baiss\u00e9 en moyenne de 5 pour cent entre 2009 et 2014. La proportion de femmes a particuli\u00e8rement augment\u00e9 chez les employ\u00e9s, ce qui peut expliquer, du moins en partie, l'\u00e9volution des salaires.<\/p>\n<p><strong>Plus d'infos<\/strong><\/p>\n<p><a href=\"https:\/\/www.admin.ch\/gov\/de\/start\/dokumentation\/medienmitteilungen.msg-id-72699.html\" target=\"_blank\" rel=\"noopener\">www.admin.ch<\/a><\/p>","protected":false},"excerpt":{"rendered":"<p>Die vom BAG in Auftrag gegebene Studie pr\u00e4sentiert umfangreiches Datenmaterial zur Einkommenssituation der selbst\u00e4ndigen und der angestellten Fach\u00e4rztinnen und -\u00e4rzte in den Jahren 2009 \u2013 2014. Sie basiert auf den AHV-pflichtigen Einkommen und erreicht eine hohe Abdeckung von rund 90 Prozent. Die Einkommen wurden zudem auf Vollzeitstellen standardisiert, was wegen der zunehmenden Teilzeitarbeit f\u00fcr einen [&hellip;]<\/p>\n","protected":false},"author":1,"featured_media":3935,"comment_status":"open","ping_status":"open","sticky":false,"template":"","format":"standard","meta":{"_acf_changed":false,"pgc_sgb_lightbox_settings":"","footnotes":""},"categories":[1],"tags":[1678,700,1775,120,1953,2022,149],"class_list":["post-3933","post","type-post","status-publish","format-standard","has-post-thumbnail","hentry","category-allgemein","tag-arbeitszeit","tag-bag","tag-betriebliches-gesundheitsmanagement","tag-bundesamt","tag-einkommenssituation","tag-fachaerztinnen-und-aerzte","tag-gesundheitsschutz"],"acf":[],"hkrextid":null,"publication":null,"issue":null,"workflow":null,"startPage":null,"spitzmarke":null,"_posts_by_tag_page_fields":{"widget_title":"","widget_tags":""},"_at_widget":"1","_yoast_wpseo_primary_category":"","_yoast_wpseo_focuskw_text_input":"Einkommens-Studie","_yoast_wpseo_opengraph-image":null,"_yoast_wpseo_opengraph-description":null,"_yoast_wpseo_opengraph-title":null,"enclosure":null,"_yoast_wpseo_twitter-title":null,"_yoast_wpseo_twitter-description":null,"_yoast_wpseo_twitter-image":null,"_wp_old_slug":null,"_yoast_wpseo_title":null,"_yoast_wpseo_canonical":null,"yoast_head":"<!-- This site is optimized with the Yoast SEO plugin v27.5 - https:\/\/yoast.com\/product\/yoast-seo-wordpress\/ -->\n<title>Neue Einkommens-Studie bringt Transparenz - Save<\/title>\n<meta name=\"description\" content=\"Die Einkommen der \u00c4rztinnen und \u00c4rzte in der Schweiz sind bedeutend h\u00f6her, als es bisherige Erhebungen vermuten liessen.\" \/>\n<meta name=\"robots\" content=\"index, follow, max-snippet:-1, max-image-preview:large, max-video-preview:-1\" \/>\n<link rel=\"canonical\" href=\"https:\/\/news.save.ch\/fr\/einkommen-von-aerztinnen-und-aerzten-in-der-schweiz-neue-studie-bringt-transparenz\/\" \/>\n<meta property=\"og:locale\" content=\"fr_FR\" \/>\n<meta property=\"og:type\" content=\"article\" \/>\n<meta property=\"og:title\" content=\"Neue Einkommens-Studie bringt Transparenz - Save\" \/>\n<meta property=\"og:description\" content=\"Die Einkommen der \u00c4rztinnen und \u00c4rzte in der Schweiz sind bedeutend h\u00f6her, als es bisherige Erhebungen vermuten liessen.\" \/>\n<meta property=\"og:url\" content=\"https:\/\/news.save.ch\/fr\/einkommen-von-aerztinnen-und-aerzten-in-der-schweiz-neue-studie-bringt-transparenz\/\" \/>\n<meta property=\"og:site_name\" content=\"Save\" \/>\n<meta property=\"article:published_time\" content=\"2019-04-02T06:00:05+00:00\" \/>\n<meta property=\"og:image\" content=\"https:\/\/news.save.ch\/wp-content\/uploads\/2019\/04\/Depositphotos_31650061_l-2015-scaled-1.jpg\" \/>\n\t<meta property=\"og:image:width\" content=\"1200\" \/>\n\t<meta property=\"og:image:height\" content=\"800\" \/>\n\t<meta property=\"og:image:type\" content=\"image\/jpeg\" \/>\n<meta name=\"author\" content=\"admin\" \/>\n<meta name=\"twitter:card\" content=\"summary_large_image\" \/>\n<meta name=\"twitter:label1\" content=\"\u00c9crit par\" \/>\n\t<meta name=\"twitter:data1\" content=\"admin\" \/>\n\t<meta name=\"twitter:label2\" content=\"Dur\u00e9e de lecture estim\u00e9e\" \/>\n\t<meta name=\"twitter:data2\" content=\"2 minutes\" \/>\n<script type=\"application\/ld+json\" class=\"yoast-schema-graph\">{\"@context\":\"https:\\\/\\\/schema.org\",\"@graph\":[{\"@type\":\"Article\",\"@id\":\"https:\\\/\\\/news.save.ch\\\/einkommen-von-aerztinnen-und-aerzten-in-der-schweiz-neue-studie-bringt-transparenz\\\/#article\",\"isPartOf\":{\"@id\":\"https:\\\/\\\/news.save.ch\\\/einkommen-von-aerztinnen-und-aerzten-in-der-schweiz-neue-studie-bringt-transparenz\\\/\"},\"author\":{\"name\":\"admin\",\"@id\":\"https:\\\/\\\/news.save.ch\\\/de\\\/#\\\/schema\\\/person\\\/d49e199490bad7c70d64b9ab51142f2b\"},\"headline\":\"Neue Einkommens-Studie bringt Transparenz\",\"datePublished\":\"2019-04-02T06:00:05+00:00\",\"mainEntityOfPage\":{\"@id\":\"https:\\\/\\\/news.save.ch\\\/einkommen-von-aerztinnen-und-aerzten-in-der-schweiz-neue-studie-bringt-transparenz\\\/\"},\"wordCount\":427,\"commentCount\":0,\"publisher\":{\"@id\":\"https:\\\/\\\/news.save.ch\\\/de\\\/#organization\"},\"image\":{\"@id\":\"https:\\\/\\\/news.save.ch\\\/einkommen-von-aerztinnen-und-aerzten-in-der-schweiz-neue-studie-bringt-transparenz\\\/#primaryimage\"},\"thumbnailUrl\":\"https:\\\/\\\/news.save.ch\\\/wp-content\\\/uploads\\\/2019\\\/04\\\/Depositphotos_31650061_l-2015-scaled-1.jpg\",\"keywords\":[\"Arbeitszeit\",\"BAG\",\"Betriebliches Gesundheitsmanagement\",\"Bundesamt\",\"Einkommenssituation\",\"Fach\u00e4rztinnen und -\u00e4rzte\",\"Gesundheitsschutz\"],\"articleSection\":[\"ALLGEMEIN\"],\"inLanguage\":\"fr-FR\"},{\"@type\":\"WebPage\",\"@id\":\"https:\\\/\\\/news.save.ch\\\/einkommen-von-aerztinnen-und-aerzten-in-der-schweiz-neue-studie-bringt-transparenz\\\/\",\"url\":\"https:\\\/\\\/news.save.ch\\\/einkommen-von-aerztinnen-und-aerzten-in-der-schweiz-neue-studie-bringt-transparenz\\\/\",\"name\":\"Neue Einkommens-Studie bringt Transparenz - Save\",\"isPartOf\":{\"@id\":\"https:\\\/\\\/news.save.ch\\\/de\\\/#website\"},\"primaryImageOfPage\":{\"@id\":\"https:\\\/\\\/news.save.ch\\\/einkommen-von-aerztinnen-und-aerzten-in-der-schweiz-neue-studie-bringt-transparenz\\\/#primaryimage\"},\"image\":{\"@id\":\"https:\\\/\\\/news.save.ch\\\/einkommen-von-aerztinnen-und-aerzten-in-der-schweiz-neue-studie-bringt-transparenz\\\/#primaryimage\"},\"thumbnailUrl\":\"https:\\\/\\\/news.save.ch\\\/wp-content\\\/uploads\\\/2019\\\/04\\\/Depositphotos_31650061_l-2015-scaled-1.jpg\",\"datePublished\":\"2019-04-02T06:00:05+00:00\",\"description\":\"Die Einkommen der \u00c4rztinnen und \u00c4rzte in der Schweiz sind bedeutend h\u00f6her, als es bisherige Erhebungen vermuten liessen.\",\"breadcrumb\":{\"@id\":\"https:\\\/\\\/news.save.ch\\\/einkommen-von-aerztinnen-und-aerzten-in-der-schweiz-neue-studie-bringt-transparenz\\\/#breadcrumb\"},\"inLanguage\":\"fr-FR\",\"potentialAction\":[{\"@type\":\"ReadAction\",\"target\":[\"https:\\\/\\\/news.save.ch\\\/einkommen-von-aerztinnen-und-aerzten-in-der-schweiz-neue-studie-bringt-transparenz\\\/\"]}]},{\"@type\":\"ImageObject\",\"inLanguage\":\"fr-FR\",\"@id\":\"https:\\\/\\\/news.save.ch\\\/einkommen-von-aerztinnen-und-aerzten-in-der-schweiz-neue-studie-bringt-transparenz\\\/#primaryimage\",\"url\":\"https:\\\/\\\/news.save.ch\\\/wp-content\\\/uploads\\\/2019\\\/04\\\/Depositphotos_31650061_l-2015-scaled-1.jpg\",\"contentUrl\":\"https:\\\/\\\/news.save.ch\\\/wp-content\\\/uploads\\\/2019\\\/04\\\/Depositphotos_31650061_l-2015-scaled-1.jpg\",\"width\":1200,\"height\":800,\"caption\":\"Die h\u00f6chsten Medianeinkommen werden in der Neurochirurgie (697`000 Franken) und Gastroenterologie (627`000 Franken) erzielt. \u00a9 Depositphotos\\\/Syda_Productions\"},{\"@type\":\"BreadcrumbList\",\"@id\":\"https:\\\/\\\/news.save.ch\\\/einkommen-von-aerztinnen-und-aerzten-in-der-schweiz-neue-studie-bringt-transparenz\\\/#breadcrumb\",\"itemListElement\":[{\"@type\":\"ListItem\",\"position\":1,\"name\":\"Home\",\"item\":\"https:\\\/\\\/news.save.ch\\\/de\\\/\"},{\"@type\":\"ListItem\",\"position\":2,\"name\":\"Neue Einkommens-Studie bringt Transparenz\"}]},{\"@type\":\"WebSite\",\"@id\":\"https:\\\/\\\/news.save.ch\\\/de\\\/#website\",\"url\":\"https:\\\/\\\/news.save.ch\\\/de\\\/\",\"name\":\"Save\",\"description\":\"Schweizer Fachzeitschrift f\u00fcr Sicherheit\",\"publisher\":{\"@id\":\"https:\\\/\\\/news.save.ch\\\/de\\\/#organization\"},\"potentialAction\":[{\"@type\":\"SearchAction\",\"target\":{\"@type\":\"EntryPoint\",\"urlTemplate\":\"https:\\\/\\\/news.save.ch\\\/de\\\/?s={search_term_string}\"},\"query-input\":{\"@type\":\"PropertyValueSpecification\",\"valueRequired\":true,\"valueName\":\"search_term_string\"}}],\"inLanguage\":\"fr-FR\"},{\"@type\":\"Organization\",\"@id\":\"https:\\\/\\\/news.save.ch\\\/de\\\/#organization\",\"name\":\"Sicherheitsforum\",\"url\":\"https:\\\/\\\/news.save.ch\\\/de\\\/\",\"logo\":{\"@type\":\"ImageObject\",\"inLanguage\":\"fr-FR\",\"@id\":\"https:\\\/\\\/news.save.ch\\\/de\\\/#\\\/schema\\\/logo\\\/image\\\/\",\"url\":\"https:\\\/\\\/news.save.ch\\\/wp-content\\\/uploads\\\/2022\\\/06\\\/Logo_SF_2012.png\",\"contentUrl\":\"https:\\\/\\\/news.save.ch\\\/wp-content\\\/uploads\\\/2022\\\/06\\\/Logo_SF_2012.png\",\"width\":1100,\"height\":91,\"caption\":\"Sicherheitsforum\"},\"image\":{\"@id\":\"https:\\\/\\\/news.save.ch\\\/de\\\/#\\\/schema\\\/logo\\\/image\\\/\"}},{\"@type\":\"Person\",\"@id\":\"https:\\\/\\\/news.save.ch\\\/de\\\/#\\\/schema\\\/person\\\/d49e199490bad7c70d64b9ab51142f2b\",\"name\":\"admin\",\"image\":{\"@type\":\"ImageObject\",\"inLanguage\":\"fr-FR\",\"@id\":\"https:\\\/\\\/secure.gravatar.com\\\/avatar\\\/ae2f4d718e6c49043e314ce431e7e645d646302a24a5ef5a8bc8e3f5a032e319?s=96&d=mm&r=g\",\"url\":\"https:\\\/\\\/secure.gravatar.com\\\/avatar\\\/ae2f4d718e6c49043e314ce431e7e645d646302a24a5ef5a8bc8e3f5a032e319?s=96&d=mm&r=g\",\"contentUrl\":\"https:\\\/\\\/secure.gravatar.com\\\/avatar\\\/ae2f4d718e6c49043e314ce431e7e645d646302a24a5ef5a8bc8e3f5a032e319?s=96&d=mm&r=g\",\"caption\":\"admin\"},\"sameAs\":[\"https:\\\/\\\/develop.organisator.galledia.ch\"],\"url\":\"https:\\\/\\\/news.save.ch\\\/fr\\\/author\\\/admin\\\/\"}]}<\/script>\n<!-- \/ Yoast SEO plugin. -->","yoast_head_json":{"title":"Une nouvelle \u00e9tude sur les revenus apporte de la transparence - Save","description":"Les revenus des m\u00e9decins en Suisse sont nettement plus \u00e9lev\u00e9s que ce que les enqu\u00eates pr\u00e9c\u00e9dentes laissaient supposer.","robots":{"index":"index","follow":"follow","max-snippet":"max-snippet:-1","max-image-preview":"max-image-preview:large","max-video-preview":"max-video-preview:-1"},"canonical":"https:\/\/news.save.ch\/fr\/einkommen-von-aerztinnen-und-aerzten-in-der-schweiz-neue-studie-bringt-transparenz\/","og_locale":"fr_FR","og_type":"article","og_title":"Neue Einkommens-Studie bringt Transparenz - Save","og_description":"Die Einkommen der \u00c4rztinnen und \u00c4rzte in der Schweiz sind bedeutend h\u00f6her, als es bisherige Erhebungen vermuten liessen.","og_url":"https:\/\/news.save.ch\/fr\/einkommen-von-aerztinnen-und-aerzten-in-der-schweiz-neue-studie-bringt-transparenz\/","og_site_name":"Save","article_published_time":"2019-04-02T06:00:05+00:00","og_image":[{"width":1200,"height":800,"url":"https:\/\/news.save.ch\/wp-content\/uploads\/2019\/04\/Depositphotos_31650061_l-2015-scaled-1.jpg","type":"image\/jpeg"}],"author":"admin","twitter_card":"summary_large_image","twitter_misc":{"\u00c9crit par":"admin","Dur\u00e9e de lecture estim\u00e9e":"2 minutes"},"schema":{"@context":"https:\/\/schema.org","@graph":[{"@type":"Article","@id":"https:\/\/news.save.ch\/einkommen-von-aerztinnen-und-aerzten-in-der-schweiz-neue-studie-bringt-transparenz\/#article","isPartOf":{"@id":"https:\/\/news.save.ch\/einkommen-von-aerztinnen-und-aerzten-in-der-schweiz-neue-studie-bringt-transparenz\/"},"author":{"name":"admin","@id":"https:\/\/news.save.ch\/de\/#\/schema\/person\/d49e199490bad7c70d64b9ab51142f2b"},"headline":"Neue Einkommens-Studie bringt Transparenz","datePublished":"2019-04-02T06:00:05+00:00","mainEntityOfPage":{"@id":"https:\/\/news.save.ch\/einkommen-von-aerztinnen-und-aerzten-in-der-schweiz-neue-studie-bringt-transparenz\/"},"wordCount":427,"commentCount":0,"publisher":{"@id":"https:\/\/news.save.ch\/de\/#organization"},"image":{"@id":"https:\/\/news.save.ch\/einkommen-von-aerztinnen-und-aerzten-in-der-schweiz-neue-studie-bringt-transparenz\/#primaryimage"},"thumbnailUrl":"https:\/\/news.save.ch\/wp-content\/uploads\/2019\/04\/Depositphotos_31650061_l-2015-scaled-1.jpg","keywords":["Arbeitszeit","BAG","Betriebliches Gesundheitsmanagement","Bundesamt","Einkommenssituation","Fach\u00e4rztinnen und -\u00e4rzte","Gesundheitsschutz"],"articleSection":["ALLGEMEIN"],"inLanguage":"fr-FR"},{"@type":"WebPage","@id":"https:\/\/news.save.ch\/einkommen-von-aerztinnen-und-aerzten-in-der-schweiz-neue-studie-bringt-transparenz\/","url":"https:\/\/news.save.ch\/einkommen-von-aerztinnen-und-aerzten-in-der-schweiz-neue-studie-bringt-transparenz\/","name":"Une nouvelle \u00e9tude sur les revenus apporte de la transparence - Save","isPartOf":{"@id":"https:\/\/news.save.ch\/de\/#website"},"primaryImageOfPage":{"@id":"https:\/\/news.save.ch\/einkommen-von-aerztinnen-und-aerzten-in-der-schweiz-neue-studie-bringt-transparenz\/#primaryimage"},"image":{"@id":"https:\/\/news.save.ch\/einkommen-von-aerztinnen-und-aerzten-in-der-schweiz-neue-studie-bringt-transparenz\/#primaryimage"},"thumbnailUrl":"https:\/\/news.save.ch\/wp-content\/uploads\/2019\/04\/Depositphotos_31650061_l-2015-scaled-1.jpg","datePublished":"2019-04-02T06:00:05+00:00","description":"Les revenus des m\u00e9decins en Suisse sont nettement plus \u00e9lev\u00e9s que ce que les enqu\u00eates pr\u00e9c\u00e9dentes laissaient supposer.","breadcrumb":{"@id":"https:\/\/news.save.ch\/einkommen-von-aerztinnen-und-aerzten-in-der-schweiz-neue-studie-bringt-transparenz\/#breadcrumb"},"inLanguage":"fr-FR","potentialAction":[{"@type":"ReadAction","target":["https:\/\/news.save.ch\/einkommen-von-aerztinnen-und-aerzten-in-der-schweiz-neue-studie-bringt-transparenz\/"]}]},{"@type":"ImageObject","inLanguage":"fr-FR","@id":"https:\/\/news.save.ch\/einkommen-von-aerztinnen-und-aerzten-in-der-schweiz-neue-studie-bringt-transparenz\/#primaryimage","url":"https:\/\/news.save.ch\/wp-content\/uploads\/2019\/04\/Depositphotos_31650061_l-2015-scaled-1.jpg","contentUrl":"https:\/\/news.save.ch\/wp-content\/uploads\/2019\/04\/Depositphotos_31650061_l-2015-scaled-1.jpg","width":1200,"height":800,"caption":"Die h\u00f6chsten Medianeinkommen werden in der Neurochirurgie (697`000 Franken) und Gastroenterologie (627`000 Franken) erzielt. \u00a9 Depositphotos\/Syda_Productions"},{"@type":"BreadcrumbList","@id":"https:\/\/news.save.ch\/einkommen-von-aerztinnen-und-aerzten-in-der-schweiz-neue-studie-bringt-transparenz\/#breadcrumb","itemListElement":[{"@type":"ListItem","position":1,"name":"Home","item":"https:\/\/news.save.ch\/de\/"},{"@type":"ListItem","position":2,"name":"Neue Einkommens-Studie bringt Transparenz"}]},{"@type":"WebSite","@id":"https:\/\/news.save.ch\/de\/#website","url":"https:\/\/news.save.ch\/de\/","name":"Save","description":"Revue suisse sp\u00e9cialis\u00e9e dans la s\u00e9curit\u00e9","publisher":{"@id":"https:\/\/news.save.ch\/de\/#organization"},"potentialAction":[{"@type":"SearchAction","target":{"@type":"EntryPoint","urlTemplate":"https:\/\/news.save.ch\/de\/?s={search_term_string}"},"query-input":{"@type":"PropertyValueSpecification","valueRequired":true,"valueName":"search_term_string"}}],"inLanguage":"fr-FR"},{"@type":"Organization","@id":"https:\/\/news.save.ch\/de\/#organization","name":"Forum sur la s\u00e9curit\u00e9","url":"https:\/\/news.save.ch\/de\/","logo":{"@type":"ImageObject","inLanguage":"fr-FR","@id":"https:\/\/news.save.ch\/de\/#\/schema\/logo\/image\/","url":"https:\/\/news.save.ch\/wp-content\/uploads\/2022\/06\/Logo_SF_2012.png","contentUrl":"https:\/\/news.save.ch\/wp-content\/uploads\/2022\/06\/Logo_SF_2012.png","width":1100,"height":91,"caption":"Sicherheitsforum"},"image":{"@id":"https:\/\/news.save.ch\/de\/#\/schema\/logo\/image\/"}},{"@type":"Person","@id":"https:\/\/news.save.ch\/de\/#\/schema\/person\/d49e199490bad7c70d64b9ab51142f2b","name":"admin","image":{"@type":"ImageObject","inLanguage":"fr-FR","@id":"https:\/\/secure.gravatar.com\/avatar\/ae2f4d718e6c49043e314ce431e7e645d646302a24a5ef5a8bc8e3f5a032e319?s=96&d=mm&r=g","url":"https:\/\/secure.gravatar.com\/avatar\/ae2f4d718e6c49043e314ce431e7e645d646302a24a5ef5a8bc8e3f5a032e319?s=96&d=mm&r=g","contentUrl":"https:\/\/secure.gravatar.com\/avatar\/ae2f4d718e6c49043e314ce431e7e645d646302a24a5ef5a8bc8e3f5a032e319?s=96&d=mm&r=g","caption":"admin"},"sameAs":["https:\/\/develop.organisator.galledia.ch"],"url":"https:\/\/news.save.ch\/fr\/author\/admin\/"}]}},"_links":{"self":[{"href":"https:\/\/news.save.ch\/fr\/wp-json\/wp\/v2\/posts\/3933","targetHints":{"allow":["GET"]}}],"collection":[{"href":"https:\/\/news.save.ch\/fr\/wp-json\/wp\/v2\/posts"}],"about":[{"href":"https:\/\/news.save.ch\/fr\/wp-json\/wp\/v2\/types\/post"}],"author":[{"embeddable":true,"href":"https:\/\/news.save.ch\/fr\/wp-json\/wp\/v2\/users\/1"}],"replies":[{"embeddable":true,"href":"https:\/\/news.save.ch\/fr\/wp-json\/wp\/v2\/comments?post=3933"}],"version-history":[{"count":0,"href":"https:\/\/news.save.ch\/fr\/wp-json\/wp\/v2\/posts\/3933\/revisions"}],"wp:featuredmedia":[{"embeddable":true,"href":"https:\/\/news.save.ch\/fr\/wp-json\/wp\/v2\/media\/3935"}],"wp:attachment":[{"href":"https:\/\/news.save.ch\/fr\/wp-json\/wp\/v2\/media?parent=3933"}],"wp:term":[{"taxonomy":"category","embeddable":true,"href":"https:\/\/news.save.ch\/fr\/wp-json\/wp\/v2\/categories?post=3933"},{"taxonomy":"post_tag","embeddable":true,"href":"https:\/\/news.save.ch\/fr\/wp-json\/wp\/v2\/tags?post=3933"}],"curies":[{"name":"wp","href":"https:\/\/api.w.org\/{rel}","templated":true}]}}