{"id":402,"date":"2015-05-20T10:53:25","date_gmt":"2015-05-20T08:53:25","guid":{"rendered":"https:\/\/dev.sicherheitsforum.ch\/?p=402"},"modified":"2023-03-14T08:57:40","modified_gmt":"2023-03-14T07:57:40","slug":"informationssicherheit-im-gesundheitswesen","status":null,"type":"post","link":"https:\/\/news.save.ch\/fr\/informationssicherheit-im-gesundheitswesen\/","title":{"rendered":"S\u00e9curit\u00e9 de l'information dans le secteur de la sant\u00e9"},"content":{"rendered":"<figure id=\"attachment_403\" aria-describedby=\"caption-attachment-403\" style=\"width: 680px\" class=\"wp-caption alignnone\"><img loading=\"lazy\" decoding=\"async\" class=\"size-medium wp-image-403\" src=\"https:\/\/sicherheitsforum.ch\/wp-content\/uploads\/2016\/12\/Informationssicherheit-im-Gesundheitswesen-it-security.jpg\" alt=\"Protection des donn\u00e9es dans le secteur de la sant\u00e9\" width=\"680\" height=\"453\" \/><figcaption id=\"caption-attachment-403\" class=\"wp-caption-text\">Protection des donn\u00e9es dans le secteur de la sant\u00e9<\/figcaption><\/figure>\n<p>Sur le site <a title=\"Lien vers le congr\u00e8s\" href=\"https:\/\/www.hslu.ch\/infosec-health\" target=\"_blank\" data-cke-saved-href=\"https:\/\/www.hslu.ch\/infosec-health\" rel=\"noopener\">Les 22 et 23 juin 2015, des sp\u00e9cialistes de la Haute \u00e9cole de Lucerne discuteront <\/a>avec des experts des domaines de la m\u00e9decine et de l'informatique ainsi que des politiciens de la sant\u00e9, entre autres, les risques de s\u00e9curit\u00e9 lors de la transmission et de la conservation des donn\u00e9es des patients.<\/p>\n<p>Les donn\u00e9es personnelles - notamment m\u00e9dicales - doivent \u00eatre s\u00e9curis\u00e9es. Les politiques et le public sont d'accord sur ce point. Mais la pression croissante sur les co\u00fbts dans le secteur m\u00e9dical oblige les prestataires de services tels que les m\u00e9decins, les h\u00f4pitaux ou les caisses d'assurance maladie \u00e0 traiter de plus en plus de donn\u00e9es et de plus en plus rapidement. De nombreuses donn\u00e9es concernant les patients doivent en outre \u00eatre envoy\u00e9es d'une institution \u00e0 l'autre : un risque pour la s\u00e9curit\u00e9 ?<\/p>\n<p>\"Les diff\u00e9rentes techniques ont leurs avantages et leurs inconv\u00e9nients\", explique Peter E. Fischer, directeur du centre de comp\u00e9tences en s\u00e9curit\u00e9 de l'information de la Haute \u00e9cole de Lucerne. \"De nombreux m\u00e9decins pr\u00e9f\u00e8rent encore aujourd'hui envoyer les donn\u00e9es de leurs patients par fax plut\u00f4t que par e-mail, en pensant qu'une fois en route, un fax sera plus difficile \u00e0 intercepter qu'un e-mail\", explique-t-il. Pour que ce calcul soit juste, le fax du destinataire ne doit pas se trouver dans un bureau paysager. De plus, on peut vite se tromper en entrant un num\u00e9ro de fax. \"Une plate-forme Internet s\u00e9curis\u00e9e pour l'\u00e9change, un cryptage fiable des e-mails ou l'anonymisation stricte des donn\u00e9es peuvent donc \u00eatre une meilleure solution\".<\/p>\n<p>C'est pourquoi la protection des donn\u00e9es est un th\u00e8me central de la premi\u00e8re conf\u00e9rence suisse \"Information Security in Health\" \u00e0 la Haute \u00e9cole de Lucerne \u00e0 Rotkreuz. Des fournisseurs de solutions, des utilisateurs et des d\u00e9cideurs s'y rencontrent et discutent de la meilleure mani\u00e8re de r\u00e9aliser une saisie, une transmission et une conservation des donn\u00e9es \u00e0 la fois efficaces et s\u00fbres.<\/p>\n<p><em>(Communiqu\u00e9 de presse HSLU)<\/em><\/p>","protected":false},"excerpt":{"rendered":"<p>Am 23. Juni 2015 diskutieren Fachleute der Hochschule Luzern mit Expertinnen und Experten aus den Bereichen Medizin und Informatik sowie Gesundheitspolitikern u.a. Sicherheitsrisiken bei der \u00dcbermittlung und Aufbewahrung von Patientendaten. Pers\u00f6nliche Daten \u2013 besonders medizinische \u2013 m\u00fcssen sicher sein. Darin sind sich Politik und \u00d6ffentlichkeit einig. Der zunehmende Kostendruck im Medizinsektor zwingt aber Leistungserbringende wie [&hellip;]<\/p>\n","protected":false},"author":1,"featured_media":403,"comment_status":"open","ping_status":"open","sticky":false,"template":"","format":"standard","meta":{"_acf_changed":false,"pgc_sgb_lightbox_settings":"","footnotes":""},"categories":[3313],"tags":[62,63],"class_list":["post-402","post","type-post","status-publish","format-standard","has-post-thumbnail","hentry","category-digitalisierung","tag-ict-sicherheit","tag-it-security"],"acf":[],"hkrextid":null,"publication":null,"issue":null,"workflow":null,"startPage":null,"spitzmarke":null,"_posts_by_tag_page_fields":{"widget_title":"","widget_tags":""},"_at_widget":"1","_yoast_wpseo_primary_category":"2","_yoast_wpseo_focuskw_text_input":"Informationssicherheit","_yoast_wpseo_opengraph-image":"https:\/\/sicherheitsforum.ch\/wp-content\/uploads\/2016\/12\/Informationssicherheit-im-Gesundheitswesen-it-security.jpg","_yoast_wpseo_opengraph-description":"Im Juni findet in der Schweiz erstmals eine Konferenz statt, die sich dem Thema Informationssicherheit im Gesundheitswesen widmet.","_yoast_wpseo_opengraph-title":"Informationssicherheit im Gesundheitswesen","enclosure":null,"_yoast_wpseo_twitter-title":null,"_yoast_wpseo_twitter-description":null,"_yoast_wpseo_twitter-image":null,"_wp_old_slug":null,"_yoast_wpseo_title":null,"_yoast_wpseo_canonical":null,"yoast_head":"<!-- This site is optimized with the Yoast SEO plugin v27.4 - https:\/\/yoast.com\/product\/yoast-seo-wordpress\/ -->\n<title>Informationssicherheit im Gesundheitswesen - Save<\/title>\n<meta name=\"description\" content=\"Im Juni findet in der Schweiz erstmals eine Konferenz statt, die sich dem Thema Informationssicherheit im Gesundheitswesen widmet.\" \/>\n<meta name=\"robots\" content=\"index, follow, max-snippet:-1, max-image-preview:large, max-video-preview:-1\" \/>\n<link rel=\"canonical\" href=\"https:\/\/news.save.ch\/fr\/informationssicherheit-im-gesundheitswesen\/\" \/>\n<meta property=\"og:locale\" content=\"fr_FR\" \/>\n<meta property=\"og:type\" content=\"article\" \/>\n<meta property=\"og:title\" content=\"Informationssicherheit im Gesundheitswesen\" \/>\n<meta property=\"og:description\" content=\"Im Juni findet in der Schweiz erstmals eine Konferenz statt, die sich dem Thema Informationssicherheit im Gesundheitswesen widmet.\" \/>\n<meta property=\"og:url\" content=\"https:\/\/news.save.ch\/fr\/informationssicherheit-im-gesundheitswesen\/\" \/>\n<meta property=\"og:site_name\" content=\"Save\" \/>\n<meta property=\"article:published_time\" content=\"2015-05-20T08:53:25+00:00\" \/>\n<meta property=\"article:modified_time\" content=\"2023-03-14T07:57:40+00:00\" \/>\n<meta property=\"og:image\" content=\"https:\/\/sicherheitsforum.ch\/wp-content\/uploads\/2016\/12\/Informationssicherheit-im-Gesundheitswesen-it-security.jpg\" \/>\n<meta name=\"author\" content=\"admin\" \/>\n<meta name=\"twitter:card\" content=\"summary_large_image\" \/>\n<meta name=\"twitter:label1\" content=\"\u00c9crit par\" \/>\n\t<meta name=\"twitter:data1\" content=\"admin\" \/>\n\t<meta name=\"twitter:label2\" content=\"Dur\u00e9e de lecture estim\u00e9e\" \/>\n\t<meta name=\"twitter:data2\" content=\"1 minute\" \/>\n<script type=\"application\/ld+json\" class=\"yoast-schema-graph\">{\"@context\":\"https:\\\/\\\/schema.org\",\"@graph\":[{\"@type\":\"Article\",\"@id\":\"https:\\\/\\\/news.save.ch\\\/informationssicherheit-im-gesundheitswesen\\\/#article\",\"isPartOf\":{\"@id\":\"https:\\\/\\\/news.save.ch\\\/informationssicherheit-im-gesundheitswesen\\\/\"},\"author\":{\"name\":\"admin\",\"@id\":\"https:\\\/\\\/news.save.ch\\\/de\\\/#\\\/schema\\\/person\\\/d49e199490bad7c70d64b9ab51142f2b\"},\"headline\":\"Informationssicherheit im Gesundheitswesen\",\"datePublished\":\"2015-05-20T08:53:25+00:00\",\"dateModified\":\"2023-03-14T07:57:40+00:00\",\"mainEntityOfPage\":{\"@id\":\"https:\\\/\\\/news.save.ch\\\/informationssicherheit-im-gesundheitswesen\\\/\"},\"wordCount\":255,\"commentCount\":0,\"publisher\":{\"@id\":\"https:\\\/\\\/news.save.ch\\\/de\\\/#organization\"},\"image\":{\"@id\":\"https:\\\/\\\/news.save.ch\\\/informationssicherheit-im-gesundheitswesen\\\/#primaryimage\"},\"thumbnailUrl\":\"https:\\\/\\\/news.save.ch\\\/wp-content\\\/uploads\\\/2016\\\/12\\\/Informationssicherheit-im-Gesundheitswesen-it-security-scaled.jpg\",\"keywords\":[\"ICT-Sicherheit\",\"IT-SECURITY\"],\"articleSection\":[\"DIGITALISIERUNG\"],\"inLanguage\":\"fr-FR\"},{\"@type\":\"WebPage\",\"@id\":\"https:\\\/\\\/news.save.ch\\\/informationssicherheit-im-gesundheitswesen\\\/\",\"url\":\"https:\\\/\\\/news.save.ch\\\/informationssicherheit-im-gesundheitswesen\\\/\",\"name\":\"Informationssicherheit im Gesundheitswesen - Save\",\"isPartOf\":{\"@id\":\"https:\\\/\\\/news.save.ch\\\/de\\\/#website\"},\"primaryImageOfPage\":{\"@id\":\"https:\\\/\\\/news.save.ch\\\/informationssicherheit-im-gesundheitswesen\\\/#primaryimage\"},\"image\":{\"@id\":\"https:\\\/\\\/news.save.ch\\\/informationssicherheit-im-gesundheitswesen\\\/#primaryimage\"},\"thumbnailUrl\":\"https:\\\/\\\/news.save.ch\\\/wp-content\\\/uploads\\\/2016\\\/12\\\/Informationssicherheit-im-Gesundheitswesen-it-security-scaled.jpg\",\"datePublished\":\"2015-05-20T08:53:25+00:00\",\"dateModified\":\"2023-03-14T07:57:40+00:00\",\"description\":\"Im Juni findet in der Schweiz erstmals eine Konferenz statt, die sich dem Thema Informationssicherheit im Gesundheitswesen widmet.\",\"breadcrumb\":{\"@id\":\"https:\\\/\\\/news.save.ch\\\/informationssicherheit-im-gesundheitswesen\\\/#breadcrumb\"},\"inLanguage\":\"fr-FR\",\"potentialAction\":[{\"@type\":\"ReadAction\",\"target\":[\"https:\\\/\\\/news.save.ch\\\/informationssicherheit-im-gesundheitswesen\\\/\"]}]},{\"@type\":\"ImageObject\",\"inLanguage\":\"fr-FR\",\"@id\":\"https:\\\/\\\/news.save.ch\\\/informationssicherheit-im-gesundheitswesen\\\/#primaryimage\",\"url\":\"https:\\\/\\\/news.save.ch\\\/wp-content\\\/uploads\\\/2016\\\/12\\\/Informationssicherheit-im-Gesundheitswesen-it-security-scaled.jpg\",\"contentUrl\":\"https:\\\/\\\/news.save.ch\\\/wp-content\\\/uploads\\\/2016\\\/12\\\/Informationssicherheit-im-Gesundheitswesen-it-security-scaled.jpg\",\"width\":1400,\"height\":932,\"caption\":\"Datenschutz im Gesundheitswesen\"},{\"@type\":\"BreadcrumbList\",\"@id\":\"https:\\\/\\\/news.save.ch\\\/informationssicherheit-im-gesundheitswesen\\\/#breadcrumb\",\"itemListElement\":[{\"@type\":\"ListItem\",\"position\":1,\"name\":\"Home\",\"item\":\"https:\\\/\\\/news.save.ch\\\/de\\\/\"},{\"@type\":\"ListItem\",\"position\":2,\"name\":\"Informationssicherheit im Gesundheitswesen\"}]},{\"@type\":\"WebSite\",\"@id\":\"https:\\\/\\\/news.save.ch\\\/de\\\/#website\",\"url\":\"https:\\\/\\\/news.save.ch\\\/de\\\/\",\"name\":\"Save\",\"description\":\"Schweizer Fachzeitschrift f\u00fcr Sicherheit\",\"publisher\":{\"@id\":\"https:\\\/\\\/news.save.ch\\\/de\\\/#organization\"},\"potentialAction\":[{\"@type\":\"SearchAction\",\"target\":{\"@type\":\"EntryPoint\",\"urlTemplate\":\"https:\\\/\\\/news.save.ch\\\/de\\\/?s={search_term_string}\"},\"query-input\":{\"@type\":\"PropertyValueSpecification\",\"valueRequired\":true,\"valueName\":\"search_term_string\"}}],\"inLanguage\":\"fr-FR\"},{\"@type\":\"Organization\",\"@id\":\"https:\\\/\\\/news.save.ch\\\/de\\\/#organization\",\"name\":\"Sicherheitsforum\",\"url\":\"https:\\\/\\\/news.save.ch\\\/de\\\/\",\"logo\":{\"@type\":\"ImageObject\",\"inLanguage\":\"fr-FR\",\"@id\":\"https:\\\/\\\/news.save.ch\\\/de\\\/#\\\/schema\\\/logo\\\/image\\\/\",\"url\":\"https:\\\/\\\/news.save.ch\\\/wp-content\\\/uploads\\\/2022\\\/06\\\/Logo_SF_2012.png\",\"contentUrl\":\"https:\\\/\\\/news.save.ch\\\/wp-content\\\/uploads\\\/2022\\\/06\\\/Logo_SF_2012.png\",\"width\":1100,\"height\":91,\"caption\":\"Sicherheitsforum\"},\"image\":{\"@id\":\"https:\\\/\\\/news.save.ch\\\/de\\\/#\\\/schema\\\/logo\\\/image\\\/\"}},{\"@type\":\"Person\",\"@id\":\"https:\\\/\\\/news.save.ch\\\/de\\\/#\\\/schema\\\/person\\\/d49e199490bad7c70d64b9ab51142f2b\",\"name\":\"admin\",\"image\":{\"@type\":\"ImageObject\",\"inLanguage\":\"fr-FR\",\"@id\":\"https:\\\/\\\/secure.gravatar.com\\\/avatar\\\/ae2f4d718e6c49043e314ce431e7e645d646302a24a5ef5a8bc8e3f5a032e319?s=96&d=mm&r=g\",\"url\":\"https:\\\/\\\/secure.gravatar.com\\\/avatar\\\/ae2f4d718e6c49043e314ce431e7e645d646302a24a5ef5a8bc8e3f5a032e319?s=96&d=mm&r=g\",\"contentUrl\":\"https:\\\/\\\/secure.gravatar.com\\\/avatar\\\/ae2f4d718e6c49043e314ce431e7e645d646302a24a5ef5a8bc8e3f5a032e319?s=96&d=mm&r=g\",\"caption\":\"admin\"},\"sameAs\":[\"https:\\\/\\\/develop.organisator.galledia.ch\"],\"url\":\"https:\\\/\\\/news.save.ch\\\/fr\\\/author\\\/admin\\\/\"}]}<\/script>\n<!-- \/ Yoast SEO plugin. -->","yoast_head_json":{"title":"S\u00e9curit\u00e9 de l'information dans le secteur de la sant\u00e9 - Save","description":"En juin, la Suisse accueillera pour la premi\u00e8re fois une conf\u00e9rence consacr\u00e9e \u00e0 la s\u00e9curit\u00e9 de l'information dans le secteur de la sant\u00e9.","robots":{"index":"index","follow":"follow","max-snippet":"max-snippet:-1","max-image-preview":"max-image-preview:large","max-video-preview":"max-video-preview:-1"},"canonical":"https:\/\/news.save.ch\/fr\/informationssicherheit-im-gesundheitswesen\/","og_locale":"fr_FR","og_type":"article","og_title":"Informationssicherheit im Gesundheitswesen","og_description":"Im Juni findet in der Schweiz erstmals eine Konferenz statt, die sich dem Thema Informationssicherheit im Gesundheitswesen widmet.","og_url":"https:\/\/news.save.ch\/fr\/informationssicherheit-im-gesundheitswesen\/","og_site_name":"Save","article_published_time":"2015-05-20T08:53:25+00:00","article_modified_time":"2023-03-14T07:57:40+00:00","og_image":[{"url":"https:\/\/sicherheitsforum.ch\/wp-content\/uploads\/2016\/12\/Informationssicherheit-im-Gesundheitswesen-it-security.jpg","type":"","width":"","height":""}],"author":"admin","twitter_card":"summary_large_image","twitter_misc":{"\u00c9crit par":"admin","Dur\u00e9e de lecture estim\u00e9e":"1 minute"},"schema":{"@context":"https:\/\/schema.org","@graph":[{"@type":"Article","@id":"https:\/\/news.save.ch\/informationssicherheit-im-gesundheitswesen\/#article","isPartOf":{"@id":"https:\/\/news.save.ch\/informationssicherheit-im-gesundheitswesen\/"},"author":{"name":"admin","@id":"https:\/\/news.save.ch\/de\/#\/schema\/person\/d49e199490bad7c70d64b9ab51142f2b"},"headline":"Informationssicherheit im Gesundheitswesen","datePublished":"2015-05-20T08:53:25+00:00","dateModified":"2023-03-14T07:57:40+00:00","mainEntityOfPage":{"@id":"https:\/\/news.save.ch\/informationssicherheit-im-gesundheitswesen\/"},"wordCount":255,"commentCount":0,"publisher":{"@id":"https:\/\/news.save.ch\/de\/#organization"},"image":{"@id":"https:\/\/news.save.ch\/informationssicherheit-im-gesundheitswesen\/#primaryimage"},"thumbnailUrl":"https:\/\/news.save.ch\/wp-content\/uploads\/2016\/12\/Informationssicherheit-im-Gesundheitswesen-it-security-scaled.jpg","keywords":["ICT-Sicherheit","IT-SECURITY"],"articleSection":["DIGITALISIERUNG"],"inLanguage":"fr-FR"},{"@type":"WebPage","@id":"https:\/\/news.save.ch\/informationssicherheit-im-gesundheitswesen\/","url":"https:\/\/news.save.ch\/informationssicherheit-im-gesundheitswesen\/","name":"S\u00e9curit\u00e9 de l'information dans le secteur de la sant\u00e9 - Save","isPartOf":{"@id":"https:\/\/news.save.ch\/de\/#website"},"primaryImageOfPage":{"@id":"https:\/\/news.save.ch\/informationssicherheit-im-gesundheitswesen\/#primaryimage"},"image":{"@id":"https:\/\/news.save.ch\/informationssicherheit-im-gesundheitswesen\/#primaryimage"},"thumbnailUrl":"https:\/\/news.save.ch\/wp-content\/uploads\/2016\/12\/Informationssicherheit-im-Gesundheitswesen-it-security-scaled.jpg","datePublished":"2015-05-20T08:53:25+00:00","dateModified":"2023-03-14T07:57:40+00:00","description":"En juin, la Suisse accueillera pour la premi\u00e8re fois une conf\u00e9rence consacr\u00e9e \u00e0 la s\u00e9curit\u00e9 de l'information dans le secteur de la sant\u00e9.","breadcrumb":{"@id":"https:\/\/news.save.ch\/informationssicherheit-im-gesundheitswesen\/#breadcrumb"},"inLanguage":"fr-FR","potentialAction":[{"@type":"ReadAction","target":["https:\/\/news.save.ch\/informationssicherheit-im-gesundheitswesen\/"]}]},{"@type":"ImageObject","inLanguage":"fr-FR","@id":"https:\/\/news.save.ch\/informationssicherheit-im-gesundheitswesen\/#primaryimage","url":"https:\/\/news.save.ch\/wp-content\/uploads\/2016\/12\/Informationssicherheit-im-Gesundheitswesen-it-security-scaled.jpg","contentUrl":"https:\/\/news.save.ch\/wp-content\/uploads\/2016\/12\/Informationssicherheit-im-Gesundheitswesen-it-security-scaled.jpg","width":1400,"height":932,"caption":"Datenschutz im Gesundheitswesen"},{"@type":"BreadcrumbList","@id":"https:\/\/news.save.ch\/informationssicherheit-im-gesundheitswesen\/#breadcrumb","itemListElement":[{"@type":"ListItem","position":1,"name":"Home","item":"https:\/\/news.save.ch\/de\/"},{"@type":"ListItem","position":2,"name":"Informationssicherheit im Gesundheitswesen"}]},{"@type":"WebSite","@id":"https:\/\/news.save.ch\/de\/#website","url":"https:\/\/news.save.ch\/de\/","name":"Save","description":"Revue suisse sp\u00e9cialis\u00e9e dans la s\u00e9curit\u00e9","publisher":{"@id":"https:\/\/news.save.ch\/de\/#organization"},"potentialAction":[{"@type":"SearchAction","target":{"@type":"EntryPoint","urlTemplate":"https:\/\/news.save.ch\/de\/?s={search_term_string}"},"query-input":{"@type":"PropertyValueSpecification","valueRequired":true,"valueName":"search_term_string"}}],"inLanguage":"fr-FR"},{"@type":"Organization","@id":"https:\/\/news.save.ch\/de\/#organization","name":"Forum sur la s\u00e9curit\u00e9","url":"https:\/\/news.save.ch\/de\/","logo":{"@type":"ImageObject","inLanguage":"fr-FR","@id":"https:\/\/news.save.ch\/de\/#\/schema\/logo\/image\/","url":"https:\/\/news.save.ch\/wp-content\/uploads\/2022\/06\/Logo_SF_2012.png","contentUrl":"https:\/\/news.save.ch\/wp-content\/uploads\/2022\/06\/Logo_SF_2012.png","width":1100,"height":91,"caption":"Sicherheitsforum"},"image":{"@id":"https:\/\/news.save.ch\/de\/#\/schema\/logo\/image\/"}},{"@type":"Person","@id":"https:\/\/news.save.ch\/de\/#\/schema\/person\/d49e199490bad7c70d64b9ab51142f2b","name":"admin","image":{"@type":"ImageObject","inLanguage":"fr-FR","@id":"https:\/\/secure.gravatar.com\/avatar\/ae2f4d718e6c49043e314ce431e7e645d646302a24a5ef5a8bc8e3f5a032e319?s=96&d=mm&r=g","url":"https:\/\/secure.gravatar.com\/avatar\/ae2f4d718e6c49043e314ce431e7e645d646302a24a5ef5a8bc8e3f5a032e319?s=96&d=mm&r=g","contentUrl":"https:\/\/secure.gravatar.com\/avatar\/ae2f4d718e6c49043e314ce431e7e645d646302a24a5ef5a8bc8e3f5a032e319?s=96&d=mm&r=g","caption":"admin"},"sameAs":["https:\/\/develop.organisator.galledia.ch"],"url":"https:\/\/news.save.ch\/fr\/author\/admin\/"}]}},"_links":{"self":[{"href":"https:\/\/news.save.ch\/fr\/wp-json\/wp\/v2\/posts\/402","targetHints":{"allow":["GET"]}}],"collection":[{"href":"https:\/\/news.save.ch\/fr\/wp-json\/wp\/v2\/posts"}],"about":[{"href":"https:\/\/news.save.ch\/fr\/wp-json\/wp\/v2\/types\/post"}],"author":[{"embeddable":true,"href":"https:\/\/news.save.ch\/fr\/wp-json\/wp\/v2\/users\/1"}],"replies":[{"embeddable":true,"href":"https:\/\/news.save.ch\/fr\/wp-json\/wp\/v2\/comments?post=402"}],"version-history":[{"count":1,"href":"https:\/\/news.save.ch\/fr\/wp-json\/wp\/v2\/posts\/402\/revisions"}],"predecessor-version":[{"id":17788,"href":"https:\/\/news.save.ch\/fr\/wp-json\/wp\/v2\/posts\/402\/revisions\/17788"}],"wp:featuredmedia":[{"embeddable":true,"href":"https:\/\/news.save.ch\/fr\/wp-json\/wp\/v2\/media\/403"}],"wp:attachment":[{"href":"https:\/\/news.save.ch\/fr\/wp-json\/wp\/v2\/media?parent=402"}],"wp:term":[{"taxonomy":"category","embeddable":true,"href":"https:\/\/news.save.ch\/fr\/wp-json\/wp\/v2\/categories?post=402"},{"taxonomy":"post_tag","embeddable":true,"href":"https:\/\/news.save.ch\/fr\/wp-json\/wp\/v2\/tags?post=402"}],"curies":[{"name":"wp","href":"https:\/\/api.w.org\/{rel}","templated":true}]}}