{"id":406,"date":"2015-05-21T10:55:24","date_gmt":"2015-05-21T08:55:24","guid":{"rendered":"https:\/\/dev.sicherheitsforum.ch\/?p=406"},"modified":"2023-03-14T08:57:40","modified_gmt":"2023-03-14T07:57:40","slug":"es-droht-ein-wettbewerbsnachteil","status":null,"type":"post","link":"https:\/\/news.save.ch\/fr\/es-droht-ein-wettbewerbsnachteil\/","title":{"rendered":"La menace d'un d\u00e9savantage concurrentiel"},"content":{"rendered":"<figure id=\"attachment_407\" aria-describedby=\"caption-attachment-407\" style=\"width: 680px\" class=\"wp-caption alignnone\"><img loading=\"lazy\" decoding=\"async\" class=\"size-medium wp-image-407\" src=\"https:\/\/sicherheitsforum.ch\/wp-content\/uploads\/2016\/12\/Es-droht-ein-Wettbewerbsnachteil-it-security.jpg\" alt=\"On ne pourra bient\u00f4t plus se passer des solutions informatiques mobiles ?\" width=\"680\" height=\"655\" \/><figcaption id=\"caption-attachment-407\" class=\"wp-caption-text\">On ne pourra bient\u00f4t plus se passer des solutions informatiques mobiles ?<\/figcaption><\/figure>\n<p>Les solutions informatiques mobiles vont prendre de plus en plus d'importance pour les moyennes entreprises en Allemagne et marqueront de mani\u00e8re d\u00e9terminante le travail dans les entreprises au cours des prochaines ann\u00e9es. C'est ce qui ressort de l'enqu\u00eate actuelle men\u00e9e par les experts en informatique et en web de Francfort de <a title=\"Lien vers l&#039;entreprise\" href=\"https:\/\/www.diomega.de\" target=\"_blank\" data-cke-saved-href=\"https:\/\/www.diomega.de\" rel=\"noopener\">DiOmega<\/a>\u00a0a mis en \u00e9vidence. Deux tiers des professionnels interrog\u00e9s (69%) s'accordent \u00e0 dire que le \"mobile\" va fortement gagner en importance, comme le pr\u00e9cise le communiqu\u00e9 de presse. L'enqu\u00eate conclut en outre que, malgr\u00e9 les scandales des \u00e9coutes t\u00e9l\u00e9phoniques, la demande de solutions cloud ou hybrides continuera d'augmenter cette ann\u00e9e (57% d'accord). En effet, les PME qui ne misent pas \u00e0 moyen terme sur la \"troisi\u00e8me plateforme\" (cloud, big data, mobile) passent \u00e0 c\u00f4t\u00e9 d'un avantage concurrentiel d\u00e9cisif, c'est ce que pensent 58% des experts.<\/p>\n<p><strong>Les mod\u00e8les commerciaux classiques ont fait leur temps<\/strong><\/p>\n<p>54% des experts IT interrog\u00e9s sont convaincus que les SaaS (Software as a Service) et les services cloud remplaceront les mod\u00e8les commerciaux classiques d'ici 2020. M\u00eame si, selon une \u00e9tude de TecChannel, seul un tiers des PME utilisent actuellement des services en nuage, la tendance positive se poursuit. Une \u00e9tude r\u00e9cente de l'entreprise de conseil IDC montre ainsi que pour 60% des d\u00e9cideurs informatiques dans les PME, le th\u00e8me de la mobilit\u00e9 est en t\u00eate de liste. \"Les mod\u00e8les de licence classiques pour les logiciels deviennent de moins en moins attrayants pour un nombre croissant d'entreprises. Manque de flexibilit\u00e9, co\u00fbts \u00e9lev\u00e9s et souvent peu de transparence sont des caract\u00e9ristiques particuli\u00e8rement d\u00e9savantageuses\", souligne Dominique B\u00f6s, directeur de DiOmega.<\/p>\n<p><strong>Scandales des \u00e9coutes : un obstacle \u00e0 court terme<\/strong><\/p>\n<p>B\u00f6s consid\u00e8re les scandales des \u00e9coutes t\u00e9l\u00e9phoniques PRISM, Echelon et autres comme un obstacle s\u00e9rieux \u00e0 court terme \u00e0 une plus grande croissance des services SaaS et Cloud. Ainsi, une\u00a0<a href=\"https:\/\/www.digitalbusiness-cloud.de\/studie-der-nifis-deutsche-wirtschaft-ist-bei-cloud-unsicher\" target=\"_blank\" data-cke-saved-href=\"https:\/\/www.digitalbusiness-cloud.de\/studie-der-nifis-deutsche-wirtschaft-ist-bei-cloud-unsicher\" rel=\"noopener\">\u00e9tude actuelle <\/a>de l'Initiative nationale pour la s\u00e9curit\u00e9 de l'information et de l'Internet (NIFIS) conclut que 84% des entreprises en Allemagne sont tr\u00e8s incertaines quant \u00e0 la s\u00e9curit\u00e9 de leurs donn\u00e9es dans le \"nuage num\u00e9rique\". Selon ce rapport, la perte de contr\u00f4le sur ses propres donn\u00e9es (73%), les attaques de pirates internes et externes (71%) et sa propre ignorance des risques existants (89%) sont actuellement les principaux dangers du cloud computing pour l'\u00e9conomie allemande, comme l'\u00e9crit le fournisseur. \"Lorsque les PME seront plus s\u00fbres de ce qu'il advient de leurs donn\u00e9es dans le nuage informatique, elles seront de nouveau pr\u00eates \u00e0 adopter des solutions mobiles\", explique le directeur g\u00e9n\u00e9ral B\u00f6s.<\/p>","protected":false},"excerpt":{"rendered":"<p>Mobile IT-L\u00f6sungen werden f\u00fcr mittelst\u00e4ndische Unternehmen in Deutschland immer wichtiger und die Arbeit in den Betrieben in den n\u00e4chsten Jahren massgeblich pr\u00e4gen. Dies geht aus der aktuellen Umfrage der Frankfurter IT- und Web-Experten von DiOmega\u00a0hervor. Zwei Drittel der befragten Fachleute (69%) stimmen \u00fcberein, dass \u201eMobile\u201c stark an Bedeutung gewinnen wird, wie es in der Medienmitteilung [&hellip;]<\/p>\n","protected":false},"author":1,"featured_media":407,"comment_status":"open","ping_status":"open","sticky":false,"template":"","format":"standard","meta":{"_acf_changed":false,"pgc_sgb_lightbox_settings":"","footnotes":""},"categories":[3313],"tags":[62,63],"class_list":["post-406","post","type-post","status-publish","format-standard","has-post-thumbnail","hentry","category-digitalisierung","tag-ict-sicherheit","tag-it-security"],"acf":[],"hkrextid":null,"publication":null,"issue":null,"workflow":null,"startPage":null,"spitzmarke":null,"_posts_by_tag_page_fields":{"widget_title":"","widget_tags":""},"_at_widget":"1","_yoast_wpseo_primary_category":"2","_yoast_wpseo_focuskw_text_input":"IT-L\u00f6sungen","_yoast_wpseo_opengraph-image":"https:\/\/sicherheitsforum.ch\/wp-content\/uploads\/2016\/12\/Es-droht-ein-Wettbewerbsnachteil-it-security.jpg","_yoast_wpseo_opengraph-description":"Der Report \u201eCloud, SaaS und mobile IT-L\u00f6sungen im Mittelstand 2015\u201c zeigt, dass ohne mobile IT-L\u00f6sungen Wettbewerbsnachteile drohen.","_yoast_wpseo_opengraph-title":"Es droht ein Wettbewerbsnachteil","enclosure":null,"_yoast_wpseo_twitter-title":null,"_yoast_wpseo_twitter-description":null,"_yoast_wpseo_twitter-image":null,"_wp_old_slug":null,"_yoast_wpseo_title":null,"_yoast_wpseo_canonical":null,"yoast_head":"<!-- This site is optimized with the Yoast SEO plugin v27.5 - https:\/\/yoast.com\/product\/yoast-seo-wordpress\/ -->\n<title>Es droht ein Wettbewerbsnachteil - Save<\/title>\n<meta name=\"description\" content=\"Der Report \u201eCloud, SaaS und mobile IT-L\u00f6sungen im Mittelstand 2015\u201c zeigt, dass ohne mobile IT-L\u00f6sungen Wettbewerbsnachteile drohen.\" \/>\n<meta name=\"robots\" content=\"index, follow, max-snippet:-1, max-image-preview:large, max-video-preview:-1\" \/>\n<link rel=\"canonical\" href=\"https:\/\/news.save.ch\/fr\/es-droht-ein-wettbewerbsnachteil\/\" \/>\n<meta property=\"og:locale\" content=\"fr_FR\" \/>\n<meta property=\"og:type\" content=\"article\" \/>\n<meta property=\"og:title\" content=\"Es droht ein Wettbewerbsnachteil\" \/>\n<meta property=\"og:description\" content=\"Der Report \u201eCloud, SaaS und mobile IT-L\u00f6sungen im Mittelstand 2015\u201c zeigt, dass ohne mobile IT-L\u00f6sungen Wettbewerbsnachteile drohen.\" \/>\n<meta property=\"og:url\" content=\"https:\/\/news.save.ch\/fr\/es-droht-ein-wettbewerbsnachteil\/\" \/>\n<meta property=\"og:site_name\" content=\"Save\" \/>\n<meta property=\"article:published_time\" content=\"2015-05-21T08:55:24+00:00\" \/>\n<meta property=\"article:modified_time\" content=\"2023-03-14T07:57:40+00:00\" \/>\n<meta property=\"og:image\" content=\"https:\/\/sicherheitsforum.ch\/wp-content\/uploads\/2016\/12\/Es-droht-ein-Wettbewerbsnachteil-it-security.jpg\" \/>\n<meta name=\"author\" content=\"admin\" \/>\n<meta name=\"twitter:card\" content=\"summary_large_image\" \/>\n<meta name=\"twitter:label1\" content=\"\u00c9crit par\" \/>\n\t<meta name=\"twitter:data1\" content=\"admin\" \/>\n\t<meta name=\"twitter:label2\" content=\"Dur\u00e9e de lecture estim\u00e9e\" \/>\n\t<meta name=\"twitter:data2\" content=\"2 minutes\" \/>\n<script type=\"application\/ld+json\" class=\"yoast-schema-graph\">{\"@context\":\"https:\\\/\\\/schema.org\",\"@graph\":[{\"@type\":\"Article\",\"@id\":\"https:\\\/\\\/news.save.ch\\\/es-droht-ein-wettbewerbsnachteil\\\/#article\",\"isPartOf\":{\"@id\":\"https:\\\/\\\/news.save.ch\\\/es-droht-ein-wettbewerbsnachteil\\\/\"},\"author\":{\"name\":\"admin\",\"@id\":\"https:\\\/\\\/news.save.ch\\\/de\\\/#\\\/schema\\\/person\\\/d49e199490bad7c70d64b9ab51142f2b\"},\"headline\":\"Es droht ein Wettbewerbsnachteil\",\"datePublished\":\"2015-05-21T08:55:24+00:00\",\"dateModified\":\"2023-03-14T07:57:40+00:00\",\"mainEntityOfPage\":{\"@id\":\"https:\\\/\\\/news.save.ch\\\/es-droht-ein-wettbewerbsnachteil\\\/\"},\"wordCount\":373,\"commentCount\":0,\"publisher\":{\"@id\":\"https:\\\/\\\/news.save.ch\\\/de\\\/#organization\"},\"image\":{\"@id\":\"https:\\\/\\\/news.save.ch\\\/es-droht-ein-wettbewerbsnachteil\\\/#primaryimage\"},\"thumbnailUrl\":\"https:\\\/\\\/news.save.ch\\\/wp-content\\\/uploads\\\/2016\\\/12\\\/Es-droht-ein-Wettbewerbsnachteil-it-security-scaled-1-scaled.jpg\",\"keywords\":[\"ICT-Sicherheit\",\"IT-SECURITY\"],\"articleSection\":[\"DIGITALISIERUNG\"],\"inLanguage\":\"fr-FR\"},{\"@type\":\"WebPage\",\"@id\":\"https:\\\/\\\/news.save.ch\\\/es-droht-ein-wettbewerbsnachteil\\\/\",\"url\":\"https:\\\/\\\/news.save.ch\\\/es-droht-ein-wettbewerbsnachteil\\\/\",\"name\":\"Es droht ein Wettbewerbsnachteil - Save\",\"isPartOf\":{\"@id\":\"https:\\\/\\\/news.save.ch\\\/de\\\/#website\"},\"primaryImageOfPage\":{\"@id\":\"https:\\\/\\\/news.save.ch\\\/es-droht-ein-wettbewerbsnachteil\\\/#primaryimage\"},\"image\":{\"@id\":\"https:\\\/\\\/news.save.ch\\\/es-droht-ein-wettbewerbsnachteil\\\/#primaryimage\"},\"thumbnailUrl\":\"https:\\\/\\\/news.save.ch\\\/wp-content\\\/uploads\\\/2016\\\/12\\\/Es-droht-ein-Wettbewerbsnachteil-it-security-scaled-1-scaled.jpg\",\"datePublished\":\"2015-05-21T08:55:24+00:00\",\"dateModified\":\"2023-03-14T07:57:40+00:00\",\"description\":\"Der Report \u201eCloud, SaaS und mobile IT-L\u00f6sungen im Mittelstand 2015\u201c zeigt, dass ohne mobile IT-L\u00f6sungen Wettbewerbsnachteile drohen.\",\"breadcrumb\":{\"@id\":\"https:\\\/\\\/news.save.ch\\\/es-droht-ein-wettbewerbsnachteil\\\/#breadcrumb\"},\"inLanguage\":\"fr-FR\",\"potentialAction\":[{\"@type\":\"ReadAction\",\"target\":[\"https:\\\/\\\/news.save.ch\\\/es-droht-ein-wettbewerbsnachteil\\\/\"]}]},{\"@type\":\"ImageObject\",\"inLanguage\":\"fr-FR\",\"@id\":\"https:\\\/\\\/news.save.ch\\\/es-droht-ein-wettbewerbsnachteil\\\/#primaryimage\",\"url\":\"https:\\\/\\\/news.save.ch\\\/wp-content\\\/uploads\\\/2016\\\/12\\\/Es-droht-ein-Wettbewerbsnachteil-it-security-scaled-1-scaled.jpg\",\"contentUrl\":\"https:\\\/\\\/news.save.ch\\\/wp-content\\\/uploads\\\/2016\\\/12\\\/Es-droht-ein-Wettbewerbsnachteil-it-security-scaled-1-scaled.jpg\",\"width\":1400,\"height\":1350,\"caption\":\"Geht es bald nicht mehr ohne mobile IT-L\u00f6sungen?\"},{\"@type\":\"BreadcrumbList\",\"@id\":\"https:\\\/\\\/news.save.ch\\\/es-droht-ein-wettbewerbsnachteil\\\/#breadcrumb\",\"itemListElement\":[{\"@type\":\"ListItem\",\"position\":1,\"name\":\"Home\",\"item\":\"https:\\\/\\\/news.save.ch\\\/de\\\/\"},{\"@type\":\"ListItem\",\"position\":2,\"name\":\"Es droht ein Wettbewerbsnachteil\"}]},{\"@type\":\"WebSite\",\"@id\":\"https:\\\/\\\/news.save.ch\\\/de\\\/#website\",\"url\":\"https:\\\/\\\/news.save.ch\\\/de\\\/\",\"name\":\"Save\",\"description\":\"Schweizer Fachzeitschrift f\u00fcr Sicherheit\",\"publisher\":{\"@id\":\"https:\\\/\\\/news.save.ch\\\/de\\\/#organization\"},\"potentialAction\":[{\"@type\":\"SearchAction\",\"target\":{\"@type\":\"EntryPoint\",\"urlTemplate\":\"https:\\\/\\\/news.save.ch\\\/de\\\/?s={search_term_string}\"},\"query-input\":{\"@type\":\"PropertyValueSpecification\",\"valueRequired\":true,\"valueName\":\"search_term_string\"}}],\"inLanguage\":\"fr-FR\"},{\"@type\":\"Organization\",\"@id\":\"https:\\\/\\\/news.save.ch\\\/de\\\/#organization\",\"name\":\"Sicherheitsforum\",\"url\":\"https:\\\/\\\/news.save.ch\\\/de\\\/\",\"logo\":{\"@type\":\"ImageObject\",\"inLanguage\":\"fr-FR\",\"@id\":\"https:\\\/\\\/news.save.ch\\\/de\\\/#\\\/schema\\\/logo\\\/image\\\/\",\"url\":\"https:\\\/\\\/news.save.ch\\\/wp-content\\\/uploads\\\/2022\\\/06\\\/Logo_SF_2012.png\",\"contentUrl\":\"https:\\\/\\\/news.save.ch\\\/wp-content\\\/uploads\\\/2022\\\/06\\\/Logo_SF_2012.png\",\"width\":1100,\"height\":91,\"caption\":\"Sicherheitsforum\"},\"image\":{\"@id\":\"https:\\\/\\\/news.save.ch\\\/de\\\/#\\\/schema\\\/logo\\\/image\\\/\"}},{\"@type\":\"Person\",\"@id\":\"https:\\\/\\\/news.save.ch\\\/de\\\/#\\\/schema\\\/person\\\/d49e199490bad7c70d64b9ab51142f2b\",\"name\":\"admin\",\"image\":{\"@type\":\"ImageObject\",\"inLanguage\":\"fr-FR\",\"@id\":\"https:\\\/\\\/secure.gravatar.com\\\/avatar\\\/ae2f4d718e6c49043e314ce431e7e645d646302a24a5ef5a8bc8e3f5a032e319?s=96&d=mm&r=g\",\"url\":\"https:\\\/\\\/secure.gravatar.com\\\/avatar\\\/ae2f4d718e6c49043e314ce431e7e645d646302a24a5ef5a8bc8e3f5a032e319?s=96&d=mm&r=g\",\"contentUrl\":\"https:\\\/\\\/secure.gravatar.com\\\/avatar\\\/ae2f4d718e6c49043e314ce431e7e645d646302a24a5ef5a8bc8e3f5a032e319?s=96&d=mm&r=g\",\"caption\":\"admin\"},\"sameAs\":[\"https:\\\/\\\/develop.organisator.galledia.ch\"],\"url\":\"https:\\\/\\\/news.save.ch\\\/fr\\\/author\\\/admin\\\/\"}]}<\/script>\n<!-- \/ Yoast SEO plugin. -->","yoast_head_json":{"title":"Il y a un risque de d\u00e9savantage concurrentiel - Save","description":"Le rapport \"Cloud, SaaS et solutions informatiques mobiles dans les PME 2015\" montre que sans solutions informatiques mobiles, les entreprises risquent d'\u00eatre d\u00e9savantag\u00e9es par rapport \u00e0 la concurrence.","robots":{"index":"index","follow":"follow","max-snippet":"max-snippet:-1","max-image-preview":"max-image-preview:large","max-video-preview":"max-video-preview:-1"},"canonical":"https:\/\/news.save.ch\/fr\/es-droht-ein-wettbewerbsnachteil\/","og_locale":"fr_FR","og_type":"article","og_title":"Es droht ein Wettbewerbsnachteil","og_description":"Der Report \u201eCloud, SaaS und mobile IT-L\u00f6sungen im Mittelstand 2015\u201c zeigt, dass ohne mobile IT-L\u00f6sungen Wettbewerbsnachteile drohen.","og_url":"https:\/\/news.save.ch\/fr\/es-droht-ein-wettbewerbsnachteil\/","og_site_name":"Save","article_published_time":"2015-05-21T08:55:24+00:00","article_modified_time":"2023-03-14T07:57:40+00:00","og_image":[{"url":"https:\/\/sicherheitsforum.ch\/wp-content\/uploads\/2016\/12\/Es-droht-ein-Wettbewerbsnachteil-it-security.jpg","type":"","width":"","height":""}],"author":"admin","twitter_card":"summary_large_image","twitter_misc":{"\u00c9crit par":"admin","Dur\u00e9e de lecture estim\u00e9e":"2 minutes"},"schema":{"@context":"https:\/\/schema.org","@graph":[{"@type":"Article","@id":"https:\/\/news.save.ch\/es-droht-ein-wettbewerbsnachteil\/#article","isPartOf":{"@id":"https:\/\/news.save.ch\/es-droht-ein-wettbewerbsnachteil\/"},"author":{"name":"admin","@id":"https:\/\/news.save.ch\/de\/#\/schema\/person\/d49e199490bad7c70d64b9ab51142f2b"},"headline":"Es droht ein Wettbewerbsnachteil","datePublished":"2015-05-21T08:55:24+00:00","dateModified":"2023-03-14T07:57:40+00:00","mainEntityOfPage":{"@id":"https:\/\/news.save.ch\/es-droht-ein-wettbewerbsnachteil\/"},"wordCount":373,"commentCount":0,"publisher":{"@id":"https:\/\/news.save.ch\/de\/#organization"},"image":{"@id":"https:\/\/news.save.ch\/es-droht-ein-wettbewerbsnachteil\/#primaryimage"},"thumbnailUrl":"https:\/\/news.save.ch\/wp-content\/uploads\/2016\/12\/Es-droht-ein-Wettbewerbsnachteil-it-security-scaled-1-scaled.jpg","keywords":["ICT-Sicherheit","IT-SECURITY"],"articleSection":["DIGITALISIERUNG"],"inLanguage":"fr-FR"},{"@type":"WebPage","@id":"https:\/\/news.save.ch\/es-droht-ein-wettbewerbsnachteil\/","url":"https:\/\/news.save.ch\/es-droht-ein-wettbewerbsnachteil\/","name":"Il y a un risque de d\u00e9savantage concurrentiel - Save","isPartOf":{"@id":"https:\/\/news.save.ch\/de\/#website"},"primaryImageOfPage":{"@id":"https:\/\/news.save.ch\/es-droht-ein-wettbewerbsnachteil\/#primaryimage"},"image":{"@id":"https:\/\/news.save.ch\/es-droht-ein-wettbewerbsnachteil\/#primaryimage"},"thumbnailUrl":"https:\/\/news.save.ch\/wp-content\/uploads\/2016\/12\/Es-droht-ein-Wettbewerbsnachteil-it-security-scaled-1-scaled.jpg","datePublished":"2015-05-21T08:55:24+00:00","dateModified":"2023-03-14T07:57:40+00:00","description":"Le rapport \"Cloud, SaaS et solutions informatiques mobiles dans les PME 2015\" montre que sans solutions informatiques mobiles, les entreprises risquent d'\u00eatre d\u00e9savantag\u00e9es par rapport \u00e0 la concurrence.","breadcrumb":{"@id":"https:\/\/news.save.ch\/es-droht-ein-wettbewerbsnachteil\/#breadcrumb"},"inLanguage":"fr-FR","potentialAction":[{"@type":"ReadAction","target":["https:\/\/news.save.ch\/es-droht-ein-wettbewerbsnachteil\/"]}]},{"@type":"ImageObject","inLanguage":"fr-FR","@id":"https:\/\/news.save.ch\/es-droht-ein-wettbewerbsnachteil\/#primaryimage","url":"https:\/\/news.save.ch\/wp-content\/uploads\/2016\/12\/Es-droht-ein-Wettbewerbsnachteil-it-security-scaled-1-scaled.jpg","contentUrl":"https:\/\/news.save.ch\/wp-content\/uploads\/2016\/12\/Es-droht-ein-Wettbewerbsnachteil-it-security-scaled-1-scaled.jpg","width":1400,"height":1350,"caption":"Geht es bald nicht mehr ohne mobile IT-L\u00f6sungen?"},{"@type":"BreadcrumbList","@id":"https:\/\/news.save.ch\/es-droht-ein-wettbewerbsnachteil\/#breadcrumb","itemListElement":[{"@type":"ListItem","position":1,"name":"Home","item":"https:\/\/news.save.ch\/de\/"},{"@type":"ListItem","position":2,"name":"Es droht ein Wettbewerbsnachteil"}]},{"@type":"WebSite","@id":"https:\/\/news.save.ch\/de\/#website","url":"https:\/\/news.save.ch\/de\/","name":"Save","description":"Revue suisse sp\u00e9cialis\u00e9e dans la s\u00e9curit\u00e9","publisher":{"@id":"https:\/\/news.save.ch\/de\/#organization"},"potentialAction":[{"@type":"SearchAction","target":{"@type":"EntryPoint","urlTemplate":"https:\/\/news.save.ch\/de\/?s={search_term_string}"},"query-input":{"@type":"PropertyValueSpecification","valueRequired":true,"valueName":"search_term_string"}}],"inLanguage":"fr-FR"},{"@type":"Organization","@id":"https:\/\/news.save.ch\/de\/#organization","name":"Forum sur la s\u00e9curit\u00e9","url":"https:\/\/news.save.ch\/de\/","logo":{"@type":"ImageObject","inLanguage":"fr-FR","@id":"https:\/\/news.save.ch\/de\/#\/schema\/logo\/image\/","url":"https:\/\/news.save.ch\/wp-content\/uploads\/2022\/06\/Logo_SF_2012.png","contentUrl":"https:\/\/news.save.ch\/wp-content\/uploads\/2022\/06\/Logo_SF_2012.png","width":1100,"height":91,"caption":"Sicherheitsforum"},"image":{"@id":"https:\/\/news.save.ch\/de\/#\/schema\/logo\/image\/"}},{"@type":"Person","@id":"https:\/\/news.save.ch\/de\/#\/schema\/person\/d49e199490bad7c70d64b9ab51142f2b","name":"admin","image":{"@type":"ImageObject","inLanguage":"fr-FR","@id":"https:\/\/secure.gravatar.com\/avatar\/ae2f4d718e6c49043e314ce431e7e645d646302a24a5ef5a8bc8e3f5a032e319?s=96&d=mm&r=g","url":"https:\/\/secure.gravatar.com\/avatar\/ae2f4d718e6c49043e314ce431e7e645d646302a24a5ef5a8bc8e3f5a032e319?s=96&d=mm&r=g","contentUrl":"https:\/\/secure.gravatar.com\/avatar\/ae2f4d718e6c49043e314ce431e7e645d646302a24a5ef5a8bc8e3f5a032e319?s=96&d=mm&r=g","caption":"admin"},"sameAs":["https:\/\/develop.organisator.galledia.ch"],"url":"https:\/\/news.save.ch\/fr\/author\/admin\/"}]}},"_links":{"self":[{"href":"https:\/\/news.save.ch\/fr\/wp-json\/wp\/v2\/posts\/406","targetHints":{"allow":["GET"]}}],"collection":[{"href":"https:\/\/news.save.ch\/fr\/wp-json\/wp\/v2\/posts"}],"about":[{"href":"https:\/\/news.save.ch\/fr\/wp-json\/wp\/v2\/types\/post"}],"author":[{"embeddable":true,"href":"https:\/\/news.save.ch\/fr\/wp-json\/wp\/v2\/users\/1"}],"replies":[{"embeddable":true,"href":"https:\/\/news.save.ch\/fr\/wp-json\/wp\/v2\/comments?post=406"}],"version-history":[{"count":1,"href":"https:\/\/news.save.ch\/fr\/wp-json\/wp\/v2\/posts\/406\/revisions"}],"predecessor-version":[{"id":17787,"href":"https:\/\/news.save.ch\/fr\/wp-json\/wp\/v2\/posts\/406\/revisions\/17787"}],"wp:featuredmedia":[{"embeddable":true,"href":"https:\/\/news.save.ch\/fr\/wp-json\/wp\/v2\/media\/407"}],"wp:attachment":[{"href":"https:\/\/news.save.ch\/fr\/wp-json\/wp\/v2\/media?parent=406"}],"wp:term":[{"taxonomy":"category","embeddable":true,"href":"https:\/\/news.save.ch\/fr\/wp-json\/wp\/v2\/categories?post=406"},{"taxonomy":"post_tag","embeddable":true,"href":"https:\/\/news.save.ch\/fr\/wp-json\/wp\/v2\/tags?post=406"}],"curies":[{"name":"wp","href":"https:\/\/api.w.org\/{rel}","templated":true}]}}