{"id":413,"date":"2015-06-11T11:41:27","date_gmt":"2015-06-11T09:41:27","guid":{"rendered":"http:\/\/dev.safety-plus.ch\/?p=413"},"modified":"2015-06-11T11:41:27","modified_gmt":"2015-06-11T09:41:27","slug":"work-smart-initiative-gestartet","status":null,"type":"post","link":"https:\/\/news.save.ch\/fr\/work-smart-initiative-gestartet\/","title":{"rendered":"L'initiative \"Work Smart\" est lanc\u00e9e"},"content":{"rendered":"<figure id=\"attachment_414\" aria-describedby=\"caption-attachment-414\" style=\"width: 680px\" class=\"wp-caption alignnone\"><img loading=\"lazy\" decoding=\"async\" class=\"wp-image-414 size-medium\" src=\"http:\/\/develop.safety-plus.ch\/wp-content\/uploads\/2016\/12\/Work-Smart-Initiative-gestartet_safety-plus.jpeg\" alt=\"Les entreprises participantes veulent promouvoir des mod\u00e8les de temps de travail flexibles en Suisse.\" width=\"680\" height=\"274\" \/><figcaption id=\"caption-attachment-414\" class=\"wp-caption-text\">Les entreprises participantes veulent promouvoir des mod\u00e8les de temps de travail flexibles en Suisse.<\/figcaption><\/figure>\n<p>La tendance vers des mod\u00e8les de temps de travail flexibles est toujours en vigueur en Suisse. <a href=\"http:\/\/dev.safety-plus.ch\/immer-mehr-personen-arbeiten-flexibel\/\" target=\"_blank\" data-cke-saved-href=\"http:\/\/safety-plus.hamster.ch\/immer-mehr-personen-arbeiten-flexibel\" rel=\"noopener\">ininterrompue<\/a>\u00a0- Mais jusqu'\u00e0 pr\u00e9sent, la plupart des travailleurs continuent de travailler selon des mod\u00e8les fixes.<\/p>\n<p>Le site <a href=\"http:\/\/work-smart-initiative.ch\/\" target=\"_blank\" data-cke-saved-href=\"http:\/\/work-smart-initiative.ch\/\" rel=\"noopener\">\"Initiative \"Work Smart<\/a> veut aider les entreprises suisses \u00e0 flexibiliser leurs horaires de travail. Les sept initiateurs - dont Microsoft Suisse, la Poste Suisse, les CFF et Swisscom - veulent continuer \u00e0 promouvoir la forme de travail flexible dans leurs entreprises et, en m\u00eame temps, aider d'autres entreprises \u00e0 l'introduire.<\/p>\n<p>Pour ce faire, ils ont sign\u00e9 une charte afin de s'engager en faveur de ces objectifs. En outre, une conf\u00e9rence de presse aura lieu du 15 au 19 juin. <a href=\"http:\/\/work-smart-initiative.ch\/week\" target=\"_blank\" data-cke-saved-href=\"http:\/\/work-smart-initiative.ch\/week\" rel=\"noopener\">Semaine d'action<\/a> sur ce th\u00e8me, au cours de laquelle les d\u00e9cideurs et les travailleurs pourront s'informer et \u00e9changer leurs points de vue dans le cadre d'expos\u00e9s sp\u00e9cialis\u00e9s et d'ateliers.<\/p>\n<p>L'initiative est soutenue par la Haute \u00e9cole de psychologie appliqu\u00e9e de la FHNW avec une \u00e9tude qui a examin\u00e9 pour la premi\u00e8re fois o\u00f9 se situent les entreprises suisses en mati\u00e8re d'horaires de travail flexibles et quels sont les d\u00e9fis \u00e0 relever. Un guide pour les cadres a \u00e9t\u00e9 \u00e9labor\u00e9 sur cette base et peut \u00eatre t\u00e9l\u00e9charg\u00e9 gratuitement. <a href=\"http:\/\/work-smart-initiative.ch\/media\/36147\/work-smart_leitfaden-fuehrungskraefte_de.pdf\" target=\"_blank\" data-cke-saved-href=\"http:\/\/work-smart-initiative.ch\/media\/36147\/work-smart_leitfaden-fuehrungskraefte_de.pdf\" rel=\"noopener\">T\u00e9l\u00e9chargement<\/a> est pr\u00eat.<\/p>","protected":false},"excerpt":{"rendered":"<p>Der Trend hin zu flexiblen Arbeitszeitmodellen ist in der Schweiz nach wie vor ungebrochen\u00a0&#8211; bisher arbeiten aber immer noch die meisten Arbeitnehmer noch nach fixen Modellen. Die &#8222;Work Smart&#8220;-Initiative will Schweizer Unternehmen helfen, ihre Arbeitszeiten zu flexibilisieren. Die sieben Initianten\u00a0&#8211; darunter Microsoft Schweiz, die Schweizerische Post, die SBB und Swisscom &#8211; wollen die flexible Arbeitsform [&hellip;]<\/p>\n","protected":false},"author":1,"featured_media":414,"comment_status":"open","ping_status":"open","sticky":false,"template":"","format":"standard","meta":{"_acf_changed":false,"pgc_sgb_lightbox_settings":"","footnotes":""},"categories":[1],"tags":[1678],"class_list":["post-413","post","type-post","status-publish","format-standard","has-post-thumbnail","hentry","category-allgemein","tag-arbeitszeit"],"acf":[],"hkrextid":null,"publication":null,"issue":null,"workflow":null,"startPage":null,"spitzmarke":null,"_posts_by_tag_page_fields":{"widget_title":"","widget_tags":""},"_at_widget":"1","_yoast_wpseo_primary_category":"1","_yoast_wpseo_focuskw_text_input":"\"Work Smart\"-Initiative","_yoast_wpseo_opengraph-image":null,"_yoast_wpseo_opengraph-description":null,"_yoast_wpseo_opengraph-title":null,"enclosure":null,"_yoast_wpseo_twitter-title":null,"_yoast_wpseo_twitter-description":null,"_yoast_wpseo_twitter-image":null,"_wp_old_slug":null,"_yoast_wpseo_title":null,"_yoast_wpseo_canonical":null,"yoast_head":"<!-- This site is optimized with the Yoast SEO plugin v27.5 - https:\/\/yoast.com\/product\/yoast-seo-wordpress\/ -->\n<title>&quot;Work Smart&quot;-Initiative gestartet - Save<\/title>\n<meta name=\"description\" content=\"Flexible Arbeitszeiten f\u00f6rdern will die neue &quot;Work Smart&quot;-Initiative, deren Charta bereits von sieben Schweizer Unternehmen unterzeichnet wurde.\" \/>\n<meta name=\"robots\" content=\"index, follow, max-snippet:-1, max-image-preview:large, max-video-preview:-1\" \/>\n<link rel=\"canonical\" href=\"https:\/\/news.save.ch\/fr\/work-smart-initiative-gestartet\/\" \/>\n<meta property=\"og:locale\" content=\"fr_FR\" \/>\n<meta property=\"og:type\" content=\"article\" \/>\n<meta property=\"og:title\" content=\"&quot;Work Smart&quot;-Initiative gestartet - Save\" \/>\n<meta property=\"og:description\" content=\"Flexible Arbeitszeiten f\u00f6rdern will die neue &quot;Work Smart&quot;-Initiative, deren Charta bereits von sieben Schweizer Unternehmen unterzeichnet wurde.\" \/>\n<meta property=\"og:url\" content=\"https:\/\/news.save.ch\/fr\/work-smart-initiative-gestartet\/\" \/>\n<meta property=\"og:site_name\" content=\"Save\" \/>\n<meta property=\"article:published_time\" content=\"2015-06-11T09:41:27+00:00\" \/>\n<meta property=\"og:image\" content=\"https:\/\/news.save.ch\/wp-content\/uploads\/2016\/12\/Work-Smart-Initiative-gestartet_safety-plus-scaled-1.jpeg\" \/>\n\t<meta property=\"og:image:width\" content=\"1200\" \/>\n\t<meta property=\"og:image:height\" content=\"483\" \/>\n\t<meta property=\"og:image:type\" content=\"image\/jpeg\" \/>\n<meta name=\"author\" content=\"admin\" \/>\n<meta name=\"twitter:card\" content=\"summary_large_image\" \/>\n<meta name=\"twitter:label1\" content=\"\u00c9crit par\" \/>\n\t<meta name=\"twitter:data1\" content=\"admin\" \/>\n\t<meta name=\"twitter:label2\" content=\"Dur\u00e9e de lecture estim\u00e9e\" \/>\n\t<meta name=\"twitter:data2\" content=\"1 minute\" \/>\n<script type=\"application\/ld+json\" class=\"yoast-schema-graph\">{\"@context\":\"https:\\\/\\\/schema.org\",\"@graph\":[{\"@type\":\"Article\",\"@id\":\"https:\\\/\\\/news.save.ch\\\/work-smart-initiative-gestartet\\\/#article\",\"isPartOf\":{\"@id\":\"https:\\\/\\\/news.save.ch\\\/work-smart-initiative-gestartet\\\/\"},\"author\":{\"name\":\"admin\",\"@id\":\"https:\\\/\\\/news.save.ch\\\/de\\\/#\\\/schema\\\/person\\\/d49e199490bad7c70d64b9ab51142f2b\"},\"headline\":\"&#8222;Work Smart&#8220;-Initiative gestartet\",\"datePublished\":\"2015-06-11T09:41:27+00:00\",\"mainEntityOfPage\":{\"@id\":\"https:\\\/\\\/news.save.ch\\\/work-smart-initiative-gestartet\\\/\"},\"wordCount\":189,\"commentCount\":0,\"publisher\":{\"@id\":\"https:\\\/\\\/news.save.ch\\\/de\\\/#organization\"},\"image\":{\"@id\":\"https:\\\/\\\/news.save.ch\\\/work-smart-initiative-gestartet\\\/#primaryimage\"},\"thumbnailUrl\":\"https:\\\/\\\/news.save.ch\\\/wp-content\\\/uploads\\\/2016\\\/12\\\/Work-Smart-Initiative-gestartet_safety-plus-scaled-1.jpeg\",\"keywords\":[\"Arbeitszeit\"],\"articleSection\":[\"ALLGEMEIN\"],\"inLanguage\":\"fr-FR\"},{\"@type\":\"WebPage\",\"@id\":\"https:\\\/\\\/news.save.ch\\\/work-smart-initiative-gestartet\\\/\",\"url\":\"https:\\\/\\\/news.save.ch\\\/work-smart-initiative-gestartet\\\/\",\"name\":\"\\\"Work Smart\\\"-Initiative gestartet - Save\",\"isPartOf\":{\"@id\":\"https:\\\/\\\/news.save.ch\\\/de\\\/#website\"},\"primaryImageOfPage\":{\"@id\":\"https:\\\/\\\/news.save.ch\\\/work-smart-initiative-gestartet\\\/#primaryimage\"},\"image\":{\"@id\":\"https:\\\/\\\/news.save.ch\\\/work-smart-initiative-gestartet\\\/#primaryimage\"},\"thumbnailUrl\":\"https:\\\/\\\/news.save.ch\\\/wp-content\\\/uploads\\\/2016\\\/12\\\/Work-Smart-Initiative-gestartet_safety-plus-scaled-1.jpeg\",\"datePublished\":\"2015-06-11T09:41:27+00:00\",\"description\":\"Flexible Arbeitszeiten f\u00f6rdern will die neue \\\"Work Smart\\\"-Initiative, deren Charta bereits von sieben Schweizer Unternehmen unterzeichnet wurde.\",\"breadcrumb\":{\"@id\":\"https:\\\/\\\/news.save.ch\\\/work-smart-initiative-gestartet\\\/#breadcrumb\"},\"inLanguage\":\"fr-FR\",\"potentialAction\":[{\"@type\":\"ReadAction\",\"target\":[\"https:\\\/\\\/news.save.ch\\\/work-smart-initiative-gestartet\\\/\"]}]},{\"@type\":\"ImageObject\",\"inLanguage\":\"fr-FR\",\"@id\":\"https:\\\/\\\/news.save.ch\\\/work-smart-initiative-gestartet\\\/#primaryimage\",\"url\":\"https:\\\/\\\/news.save.ch\\\/wp-content\\\/uploads\\\/2016\\\/12\\\/Work-Smart-Initiative-gestartet_safety-plus-scaled-1.jpeg\",\"contentUrl\":\"https:\\\/\\\/news.save.ch\\\/wp-content\\\/uploads\\\/2016\\\/12\\\/Work-Smart-Initiative-gestartet_safety-plus-scaled-1.jpeg\",\"width\":1200,\"height\":483,\"caption\":\"Die teilnehmenden Unternehmen wollen flexible Arbeitszeitmodelle in der Schweiz f\u00f6rdern.\"},{\"@type\":\"BreadcrumbList\",\"@id\":\"https:\\\/\\\/news.save.ch\\\/work-smart-initiative-gestartet\\\/#breadcrumb\",\"itemListElement\":[{\"@type\":\"ListItem\",\"position\":1,\"name\":\"Home\",\"item\":\"https:\\\/\\\/news.save.ch\\\/de\\\/\"},{\"@type\":\"ListItem\",\"position\":2,\"name\":\"&#8222;Work Smart&#8220;-Initiative gestartet\"}]},{\"@type\":\"WebSite\",\"@id\":\"https:\\\/\\\/news.save.ch\\\/de\\\/#website\",\"url\":\"https:\\\/\\\/news.save.ch\\\/de\\\/\",\"name\":\"Save\",\"description\":\"Schweizer Fachzeitschrift f\u00fcr Sicherheit\",\"publisher\":{\"@id\":\"https:\\\/\\\/news.save.ch\\\/de\\\/#organization\"},\"potentialAction\":[{\"@type\":\"SearchAction\",\"target\":{\"@type\":\"EntryPoint\",\"urlTemplate\":\"https:\\\/\\\/news.save.ch\\\/de\\\/?s={search_term_string}\"},\"query-input\":{\"@type\":\"PropertyValueSpecification\",\"valueRequired\":true,\"valueName\":\"search_term_string\"}}],\"inLanguage\":\"fr-FR\"},{\"@type\":\"Organization\",\"@id\":\"https:\\\/\\\/news.save.ch\\\/de\\\/#organization\",\"name\":\"Sicherheitsforum\",\"url\":\"https:\\\/\\\/news.save.ch\\\/de\\\/\",\"logo\":{\"@type\":\"ImageObject\",\"inLanguage\":\"fr-FR\",\"@id\":\"https:\\\/\\\/news.save.ch\\\/de\\\/#\\\/schema\\\/logo\\\/image\\\/\",\"url\":\"https:\\\/\\\/news.save.ch\\\/wp-content\\\/uploads\\\/2022\\\/06\\\/Logo_SF_2012.png\",\"contentUrl\":\"https:\\\/\\\/news.save.ch\\\/wp-content\\\/uploads\\\/2022\\\/06\\\/Logo_SF_2012.png\",\"width\":1100,\"height\":91,\"caption\":\"Sicherheitsforum\"},\"image\":{\"@id\":\"https:\\\/\\\/news.save.ch\\\/de\\\/#\\\/schema\\\/logo\\\/image\\\/\"}},{\"@type\":\"Person\",\"@id\":\"https:\\\/\\\/news.save.ch\\\/de\\\/#\\\/schema\\\/person\\\/d49e199490bad7c70d64b9ab51142f2b\",\"name\":\"admin\",\"image\":{\"@type\":\"ImageObject\",\"inLanguage\":\"fr-FR\",\"@id\":\"https:\\\/\\\/secure.gravatar.com\\\/avatar\\\/ae2f4d718e6c49043e314ce431e7e645d646302a24a5ef5a8bc8e3f5a032e319?s=96&d=mm&r=g\",\"url\":\"https:\\\/\\\/secure.gravatar.com\\\/avatar\\\/ae2f4d718e6c49043e314ce431e7e645d646302a24a5ef5a8bc8e3f5a032e319?s=96&d=mm&r=g\",\"contentUrl\":\"https:\\\/\\\/secure.gravatar.com\\\/avatar\\\/ae2f4d718e6c49043e314ce431e7e645d646302a24a5ef5a8bc8e3f5a032e319?s=96&d=mm&r=g\",\"caption\":\"admin\"},\"sameAs\":[\"https:\\\/\\\/develop.organisator.galledia.ch\"],\"url\":\"https:\\\/\\\/news.save.ch\\\/fr\\\/author\\\/admin\\\/\"}]}<\/script>\n<!-- \/ Yoast SEO plugin. -->","yoast_head_json":{"title":"L'initiative \"Work Smart\" est lanc\u00e9e - Save","description":"La nouvelle initiative \"Work Smart\", dont la charte a d\u00e9j\u00e0 \u00e9t\u00e9 sign\u00e9e par sept entreprises suisses, vise \u00e0 promouvoir des horaires de travail flexibles.","robots":{"index":"index","follow":"follow","max-snippet":"max-snippet:-1","max-image-preview":"max-image-preview:large","max-video-preview":"max-video-preview:-1"},"canonical":"https:\/\/news.save.ch\/fr\/work-smart-initiative-gestartet\/","og_locale":"fr_FR","og_type":"article","og_title":"\"Work Smart\"-Initiative gestartet - Save","og_description":"Flexible Arbeitszeiten f\u00f6rdern will die neue \"Work Smart\"-Initiative, deren Charta bereits von sieben Schweizer Unternehmen unterzeichnet wurde.","og_url":"https:\/\/news.save.ch\/fr\/work-smart-initiative-gestartet\/","og_site_name":"Save","article_published_time":"2015-06-11T09:41:27+00:00","og_image":[{"width":1200,"height":483,"url":"https:\/\/news.save.ch\/wp-content\/uploads\/2016\/12\/Work-Smart-Initiative-gestartet_safety-plus-scaled-1.jpeg","type":"image\/jpeg"}],"author":"admin","twitter_card":"summary_large_image","twitter_misc":{"\u00c9crit par":"admin","Dur\u00e9e de lecture estim\u00e9e":"1 minute"},"schema":{"@context":"https:\/\/schema.org","@graph":[{"@type":"Article","@id":"https:\/\/news.save.ch\/work-smart-initiative-gestartet\/#article","isPartOf":{"@id":"https:\/\/news.save.ch\/work-smart-initiative-gestartet\/"},"author":{"name":"admin","@id":"https:\/\/news.save.ch\/de\/#\/schema\/person\/d49e199490bad7c70d64b9ab51142f2b"},"headline":"&#8222;Work Smart&#8220;-Initiative gestartet","datePublished":"2015-06-11T09:41:27+00:00","mainEntityOfPage":{"@id":"https:\/\/news.save.ch\/work-smart-initiative-gestartet\/"},"wordCount":189,"commentCount":0,"publisher":{"@id":"https:\/\/news.save.ch\/de\/#organization"},"image":{"@id":"https:\/\/news.save.ch\/work-smart-initiative-gestartet\/#primaryimage"},"thumbnailUrl":"https:\/\/news.save.ch\/wp-content\/uploads\/2016\/12\/Work-Smart-Initiative-gestartet_safety-plus-scaled-1.jpeg","keywords":["Arbeitszeit"],"articleSection":["ALLGEMEIN"],"inLanguage":"fr-FR"},{"@type":"WebPage","@id":"https:\/\/news.save.ch\/work-smart-initiative-gestartet\/","url":"https:\/\/news.save.ch\/work-smart-initiative-gestartet\/","name":"L'initiative \"Work Smart\" est lanc\u00e9e - Save","isPartOf":{"@id":"https:\/\/news.save.ch\/de\/#website"},"primaryImageOfPage":{"@id":"https:\/\/news.save.ch\/work-smart-initiative-gestartet\/#primaryimage"},"image":{"@id":"https:\/\/news.save.ch\/work-smart-initiative-gestartet\/#primaryimage"},"thumbnailUrl":"https:\/\/news.save.ch\/wp-content\/uploads\/2016\/12\/Work-Smart-Initiative-gestartet_safety-plus-scaled-1.jpeg","datePublished":"2015-06-11T09:41:27+00:00","description":"La nouvelle initiative \"Work Smart\", dont la charte a d\u00e9j\u00e0 \u00e9t\u00e9 sign\u00e9e par sept entreprises suisses, vise \u00e0 promouvoir des horaires de travail flexibles.","breadcrumb":{"@id":"https:\/\/news.save.ch\/work-smart-initiative-gestartet\/#breadcrumb"},"inLanguage":"fr-FR","potentialAction":[{"@type":"ReadAction","target":["https:\/\/news.save.ch\/work-smart-initiative-gestartet\/"]}]},{"@type":"ImageObject","inLanguage":"fr-FR","@id":"https:\/\/news.save.ch\/work-smart-initiative-gestartet\/#primaryimage","url":"https:\/\/news.save.ch\/wp-content\/uploads\/2016\/12\/Work-Smart-Initiative-gestartet_safety-plus-scaled-1.jpeg","contentUrl":"https:\/\/news.save.ch\/wp-content\/uploads\/2016\/12\/Work-Smart-Initiative-gestartet_safety-plus-scaled-1.jpeg","width":1200,"height":483,"caption":"Die teilnehmenden Unternehmen wollen flexible Arbeitszeitmodelle in der Schweiz f\u00f6rdern."},{"@type":"BreadcrumbList","@id":"https:\/\/news.save.ch\/work-smart-initiative-gestartet\/#breadcrumb","itemListElement":[{"@type":"ListItem","position":1,"name":"Home","item":"https:\/\/news.save.ch\/de\/"},{"@type":"ListItem","position":2,"name":"&#8222;Work Smart&#8220;-Initiative gestartet"}]},{"@type":"WebSite","@id":"https:\/\/news.save.ch\/de\/#website","url":"https:\/\/news.save.ch\/de\/","name":"Save","description":"Revue suisse sp\u00e9cialis\u00e9e dans la s\u00e9curit\u00e9","publisher":{"@id":"https:\/\/news.save.ch\/de\/#organization"},"potentialAction":[{"@type":"SearchAction","target":{"@type":"EntryPoint","urlTemplate":"https:\/\/news.save.ch\/de\/?s={search_term_string}"},"query-input":{"@type":"PropertyValueSpecification","valueRequired":true,"valueName":"search_term_string"}}],"inLanguage":"fr-FR"},{"@type":"Organization","@id":"https:\/\/news.save.ch\/de\/#organization","name":"Forum sur la s\u00e9curit\u00e9","url":"https:\/\/news.save.ch\/de\/","logo":{"@type":"ImageObject","inLanguage":"fr-FR","@id":"https:\/\/news.save.ch\/de\/#\/schema\/logo\/image\/","url":"https:\/\/news.save.ch\/wp-content\/uploads\/2022\/06\/Logo_SF_2012.png","contentUrl":"https:\/\/news.save.ch\/wp-content\/uploads\/2022\/06\/Logo_SF_2012.png","width":1100,"height":91,"caption":"Sicherheitsforum"},"image":{"@id":"https:\/\/news.save.ch\/de\/#\/schema\/logo\/image\/"}},{"@type":"Person","@id":"https:\/\/news.save.ch\/de\/#\/schema\/person\/d49e199490bad7c70d64b9ab51142f2b","name":"admin","image":{"@type":"ImageObject","inLanguage":"fr-FR","@id":"https:\/\/secure.gravatar.com\/avatar\/ae2f4d718e6c49043e314ce431e7e645d646302a24a5ef5a8bc8e3f5a032e319?s=96&d=mm&r=g","url":"https:\/\/secure.gravatar.com\/avatar\/ae2f4d718e6c49043e314ce431e7e645d646302a24a5ef5a8bc8e3f5a032e319?s=96&d=mm&r=g","contentUrl":"https:\/\/secure.gravatar.com\/avatar\/ae2f4d718e6c49043e314ce431e7e645d646302a24a5ef5a8bc8e3f5a032e319?s=96&d=mm&r=g","caption":"admin"},"sameAs":["https:\/\/develop.organisator.galledia.ch"],"url":"https:\/\/news.save.ch\/fr\/author\/admin\/"}]}},"_links":{"self":[{"href":"https:\/\/news.save.ch\/fr\/wp-json\/wp\/v2\/posts\/413","targetHints":{"allow":["GET"]}}],"collection":[{"href":"https:\/\/news.save.ch\/fr\/wp-json\/wp\/v2\/posts"}],"about":[{"href":"https:\/\/news.save.ch\/fr\/wp-json\/wp\/v2\/types\/post"}],"author":[{"embeddable":true,"href":"https:\/\/news.save.ch\/fr\/wp-json\/wp\/v2\/users\/1"}],"replies":[{"embeddable":true,"href":"https:\/\/news.save.ch\/fr\/wp-json\/wp\/v2\/comments?post=413"}],"version-history":[{"count":0,"href":"https:\/\/news.save.ch\/fr\/wp-json\/wp\/v2\/posts\/413\/revisions"}],"wp:featuredmedia":[{"embeddable":true,"href":"https:\/\/news.save.ch\/fr\/wp-json\/wp\/v2\/media\/414"}],"wp:attachment":[{"href":"https:\/\/news.save.ch\/fr\/wp-json\/wp\/v2\/media?parent=413"}],"wp:term":[{"taxonomy":"category","embeddable":true,"href":"https:\/\/news.save.ch\/fr\/wp-json\/wp\/v2\/categories?post=413"},{"taxonomy":"post_tag","embeddable":true,"href":"https:\/\/news.save.ch\/fr\/wp-json\/wp\/v2\/tags?post=413"}],"curies":[{"name":"wp","href":"https:\/\/api.w.org\/{rel}","templated":true}]}}