{"id":415,"date":"2015-05-27T10:59:36","date_gmt":"2015-05-27T08:59:36","guid":{"rendered":"https:\/\/dev.sicherheitsforum.ch\/?p=415"},"modified":"2023-03-14T08:57:40","modified_gmt":"2023-03-14T07:57:40","slug":"strengere-ausfuhr-fuer-ueberwachungsgueter","status":null,"type":"post","link":"https:\/\/news.save.ch\/fr\/strengere-ausfuhr-fuer-ueberwachungsgueter\/","title":{"rendered":"Exportation plus stricte pour les biens de surveillance"},"content":{"rendered":"<figure id=\"attachment_416\" aria-describedby=\"caption-attachment-416\" style=\"width: 680px\" class=\"wp-caption alignnone\"><img loading=\"lazy\" decoding=\"async\" class=\"size-medium wp-image-416\" src=\"https:\/\/sicherheitsforum.ch\/wp-content\/uploads\/2016\/12\/Strengere-Ausfuhr-f\u00fcr-\u00dcberwachungsg\u00fcter-it-security.jpg\" alt=\"Les biens export\u00e9s pour la surveillance d&#039;Internet et de la t\u00e9l\u00e9phonie mobile sont soumis \u00e0 des crit\u00e8res plus stricts.\" width=\"680\" height=\"510\" \/><figcaption id=\"caption-attachment-416\" class=\"wp-caption-text\">Les biens export\u00e9s pour la surveillance d'Internet et de la t\u00e9l\u00e9phonie mobile sont soumis \u00e0 des crit\u00e8res plus stricts.<\/figcaption><\/figure>\n<p>Les biens destin\u00e9s \u00e0 la surveillance d'Internet et de la t\u00e9l\u00e9phonie mobile sont des biens susceptibles d'\u00eatre utilis\u00e9s \u00e0 des fins civiles et militaires (biens dits \u00e0 double usage). L'exportation de tels biens depuis la Suisse est contr\u00f4l\u00e9e depuis 2012 sur la base d'accords internationaux. Pour l'exportation depuis la Suisse, il faut, sur la base de la l\u00e9gislation sur le contr\u00f4le des biens du <a title=\"Lien vers le Seco\" href=\"https:\/\/www.seco.admin.ch\" target=\"_blank\" data-cke-saved-href=\"https:\/\/www.seco.admin.ch\" rel=\"noopener\">Secr\u00e9tariat d'\u00c9tat \u00e0 l'\u00e9conomie<\/a> (Seco), une autorisation doit \u00eatre demand\u00e9e.<\/p>\n<p>La l\u00e9gislation sur le contr\u00f4le des biens ne pr\u00e9voit que des possibilit\u00e9s limit\u00e9es de refuser des demandes d'exportation ou de courtage de biens destin\u00e9s \u00e0 la surveillance d'Internet et de la t\u00e9l\u00e9phonie mobile. Le Conseil f\u00e9d\u00e9ral a d\u00e9cid\u00e9, par le biais d'une ordonnance non contraignante sur le plan constitutionnel et sur la base de l'article 184, alin\u00e9a 3, de la Constitution f\u00e9d\u00e9rale, de cr\u00e9er un nouveau crit\u00e8re de rejet des demandes correspondantes. Une autorisation individuelle pour l'exportation de biens destin\u00e9s \u00e0 la surveillance d'Internet et de la t\u00e9l\u00e9phonie mobile sera d\u00e9sormais refus\u00e9e s'il y a des raisons de penser que le bien \u00e0 exporter ou \u00e0 transmettre sera utilis\u00e9 par le destinataire final comme moyen de r\u00e9pression, comme l'indique le communiqu\u00e9 du Seco. Dans ce contexte, le transfert de biens immat\u00e9riels (y compris le savoir-faire et la concession de droits) concernant des biens destin\u00e9s \u00e0 la surveillance d'Internet et de la t\u00e9l\u00e9phonie mobile est d\u00e9sormais \u00e9galement soumis \u00e0 autorisation. Le site <a title=\"Lien vers le r\u00e8glement\" href=\"https:\/\/www.admin.ch\/gov\/de\/start\/bundesrecht\/amtliche-sammlung\/ausserordentliche-veroeffentlichungen\/2015.html\" target=\"_blank\" data-cke-saved-href=\"https:\/\/www.admin.ch\/gov\/de\/start\/bundesrecht\/amtliche-sammlung\/ausserordentliche-veroeffentlichungen\/2015.html\" rel=\"noopener\">r\u00e8glement \u00e0 valeur constitutionnelle<\/a> est entr\u00e9e en vigueur le 13 mai 2015. Elle est limit\u00e9e \u00e0 quatre ans.<\/p>","protected":false},"excerpt":{"rendered":"<p>G\u00fcter zur Internet- und Mobilfunk\u00fcberwachung sind G\u00fcter mit der M\u00f6glichkeit zur zivilen und milit\u00e4rischen Verwendung (sog. Dual-Use-G\u00fcter). Die Ausfuhr solcher G\u00fcter aus der Schweiz wird auf Grundlage internationaler Vereinbarungen seit 2012 kontrolliert. F\u00fcr die Ausfuhr aus der Schweiz muss gest\u00fctzt auf die G\u00fcterkontrollgesetzgebung vom Staatssekretariat f\u00fcr Wirtschaft (Seco) eine Bewilligung eingeholt werden. Die G\u00fcterkontrollgesetzgebung sieht [&hellip;]<\/p>\n","protected":false},"author":1,"featured_media":416,"comment_status":"open","ping_status":"open","sticky":false,"template":"","format":"standard","meta":{"_acf_changed":false,"pgc_sgb_lightbox_settings":"","footnotes":""},"categories":[3313],"tags":[63,145],"class_list":["post-415","post","type-post","status-publish","format-standard","has-post-thumbnail","hentry","category-digitalisierung","tag-it-security","tag-seco"],"acf":[],"hkrextid":null,"publication":null,"issue":null,"workflow":null,"startPage":null,"spitzmarke":null,"_posts_by_tag_page_fields":{"widget_title":"","widget_tags":""},"_at_widget":"1","_yoast_wpseo_primary_category":"2","_yoast_wpseo_focuskw_text_input":"\u00dcberwachungsg\u00fcter","_yoast_wpseo_opengraph-image":"https:\/\/sicherheitsforum.ch\/wp-content\/uploads\/2016\/12\/Strengere-Ausfuhr-f\u00fcr-\u00dcberwachungsg\u00fcter-it-security.jpg","_yoast_wpseo_opengraph-description":"Der Bundesrat hat k\u00fcrzlich ein zus\u00e4tzliches Kriterium f\u00fcr die Beurteilung der Ausfuhr und die Vermittlung von G\u00fctern zur Internet- und Mobilfunk\u00fcberwachung aus der Schweiz beschlossen.","_yoast_wpseo_opengraph-title":"Strengere Ausfuhr f\u00fcr \u00dcberwachungsg\u00fcter","enclosure":null,"_yoast_wpseo_twitter-title":null,"_yoast_wpseo_twitter-description":null,"_yoast_wpseo_twitter-image":null,"_wp_old_slug":null,"_yoast_wpseo_title":null,"_yoast_wpseo_canonical":null,"yoast_head":"<!-- This site is optimized with the Yoast SEO plugin v27.5 - https:\/\/yoast.com\/product\/yoast-seo-wordpress\/ -->\n<title>Strengere Ausfuhr f\u00fcr \u00dcberwachungsg\u00fcter - Save<\/title>\n<meta name=\"description\" content=\"Zus\u00e4tzliches Kriterium f\u00fcr die Beurteilung der Ausfuhr und die Vermittlung von G\u00fctern zur Internet- und Mobilfunk\u00fcberwachung aus der Schweiz.\" \/>\n<meta name=\"robots\" content=\"index, follow, max-snippet:-1, max-image-preview:large, max-video-preview:-1\" \/>\n<link rel=\"canonical\" href=\"https:\/\/news.save.ch\/fr\/strengere-ausfuhr-fuer-ueberwachungsgueter\/\" \/>\n<meta property=\"og:locale\" content=\"fr_FR\" \/>\n<meta property=\"og:type\" content=\"article\" \/>\n<meta property=\"og:title\" content=\"Strengere Ausfuhr f\u00fcr \u00dcberwachungsg\u00fcter\" \/>\n<meta property=\"og:description\" content=\"Der Bundesrat hat k\u00fcrzlich ein zus\u00e4tzliches Kriterium f\u00fcr die Beurteilung der Ausfuhr und die Vermittlung von G\u00fctern zur Internet- und Mobilfunk\u00fcberwachung aus der Schweiz beschlossen.\" \/>\n<meta property=\"og:url\" content=\"https:\/\/news.save.ch\/fr\/strengere-ausfuhr-fuer-ueberwachungsgueter\/\" \/>\n<meta property=\"og:site_name\" content=\"Save\" \/>\n<meta property=\"article:published_time\" content=\"2015-05-27T08:59:36+00:00\" \/>\n<meta property=\"article:modified_time\" content=\"2023-03-14T07:57:40+00:00\" \/>\n<meta property=\"og:image\" content=\"https:\/\/sicherheitsforum.ch\/wp-content\/uploads\/2016\/12\/Strengere-Ausfuhr-f\u00fcr-\u00dcberwachungsg\u00fcter-it-security.jpg\" \/>\n<meta name=\"author\" content=\"admin\" \/>\n<meta name=\"twitter:card\" content=\"summary_large_image\" \/>\n<meta name=\"twitter:label1\" content=\"\u00c9crit par\" \/>\n\t<meta name=\"twitter:data1\" content=\"admin\" \/>\n\t<meta name=\"twitter:label2\" content=\"Dur\u00e9e de lecture estim\u00e9e\" \/>\n\t<meta name=\"twitter:data2\" content=\"1 minute\" \/>\n<script type=\"application\/ld+json\" class=\"yoast-schema-graph\">{\"@context\":\"https:\\\/\\\/schema.org\",\"@graph\":[{\"@type\":\"Article\",\"@id\":\"https:\\\/\\\/news.save.ch\\\/strengere-ausfuhr-fuer-ueberwachungsgueter\\\/#article\",\"isPartOf\":{\"@id\":\"https:\\\/\\\/news.save.ch\\\/strengere-ausfuhr-fuer-ueberwachungsgueter\\\/\"},\"author\":{\"name\":\"admin\",\"@id\":\"https:\\\/\\\/news.save.ch\\\/de\\\/#\\\/schema\\\/person\\\/d49e199490bad7c70d64b9ab51142f2b\"},\"headline\":\"Strengere Ausfuhr f\u00fcr \u00dcberwachungsg\u00fcter\",\"datePublished\":\"2015-05-27T08:59:36+00:00\",\"dateModified\":\"2023-03-14T07:57:40+00:00\",\"mainEntityOfPage\":{\"@id\":\"https:\\\/\\\/news.save.ch\\\/strengere-ausfuhr-fuer-ueberwachungsgueter\\\/\"},\"wordCount\":227,\"commentCount\":0,\"publisher\":{\"@id\":\"https:\\\/\\\/news.save.ch\\\/de\\\/#organization\"},\"image\":{\"@id\":\"https:\\\/\\\/news.save.ch\\\/strengere-ausfuhr-fuer-ueberwachungsgueter\\\/#primaryimage\"},\"thumbnailUrl\":\"https:\\\/\\\/news.save.ch\\\/wp-content\\\/uploads\\\/2016\\\/12\\\/Strengere-Ausfuhr-fuer-Ueberwachungsgueter-it-security-scaled.jpg\",\"keywords\":[\"IT-SECURITY\",\"Seco\"],\"articleSection\":[\"DIGITALISIERUNG\"],\"inLanguage\":\"fr-FR\"},{\"@type\":\"WebPage\",\"@id\":\"https:\\\/\\\/news.save.ch\\\/strengere-ausfuhr-fuer-ueberwachungsgueter\\\/\",\"url\":\"https:\\\/\\\/news.save.ch\\\/strengere-ausfuhr-fuer-ueberwachungsgueter\\\/\",\"name\":\"Strengere Ausfuhr f\u00fcr \u00dcberwachungsg\u00fcter - Save\",\"isPartOf\":{\"@id\":\"https:\\\/\\\/news.save.ch\\\/de\\\/#website\"},\"primaryImageOfPage\":{\"@id\":\"https:\\\/\\\/news.save.ch\\\/strengere-ausfuhr-fuer-ueberwachungsgueter\\\/#primaryimage\"},\"image\":{\"@id\":\"https:\\\/\\\/news.save.ch\\\/strengere-ausfuhr-fuer-ueberwachungsgueter\\\/#primaryimage\"},\"thumbnailUrl\":\"https:\\\/\\\/news.save.ch\\\/wp-content\\\/uploads\\\/2016\\\/12\\\/Strengere-Ausfuhr-fuer-Ueberwachungsgueter-it-security-scaled.jpg\",\"datePublished\":\"2015-05-27T08:59:36+00:00\",\"dateModified\":\"2023-03-14T07:57:40+00:00\",\"description\":\"Zus\u00e4tzliches Kriterium f\u00fcr die Beurteilung der Ausfuhr und die Vermittlung von G\u00fctern zur Internet- und Mobilfunk\u00fcberwachung aus der Schweiz.\",\"breadcrumb\":{\"@id\":\"https:\\\/\\\/news.save.ch\\\/strengere-ausfuhr-fuer-ueberwachungsgueter\\\/#breadcrumb\"},\"inLanguage\":\"fr-FR\",\"potentialAction\":[{\"@type\":\"ReadAction\",\"target\":[\"https:\\\/\\\/news.save.ch\\\/strengere-ausfuhr-fuer-ueberwachungsgueter\\\/\"]}]},{\"@type\":\"ImageObject\",\"inLanguage\":\"fr-FR\",\"@id\":\"https:\\\/\\\/news.save.ch\\\/strengere-ausfuhr-fuer-ueberwachungsgueter\\\/#primaryimage\",\"url\":\"https:\\\/\\\/news.save.ch\\\/wp-content\\\/uploads\\\/2016\\\/12\\\/Strengere-Ausfuhr-fuer-Ueberwachungsgueter-it-security-scaled.jpg\",\"contentUrl\":\"https:\\\/\\\/news.save.ch\\\/wp-content\\\/uploads\\\/2016\\\/12\\\/Strengere-Ausfuhr-fuer-Ueberwachungsgueter-it-security-scaled.jpg\",\"width\":1400,\"height\":1050,\"caption\":\"Exportg\u00fcter zur Internet- und Mobilfunk\u00fcberwachung unterliegen strengeren Kriterien.\"},{\"@type\":\"BreadcrumbList\",\"@id\":\"https:\\\/\\\/news.save.ch\\\/strengere-ausfuhr-fuer-ueberwachungsgueter\\\/#breadcrumb\",\"itemListElement\":[{\"@type\":\"ListItem\",\"position\":1,\"name\":\"Home\",\"item\":\"https:\\\/\\\/news.save.ch\\\/de\\\/\"},{\"@type\":\"ListItem\",\"position\":2,\"name\":\"Strengere Ausfuhr f\u00fcr \u00dcberwachungsg\u00fcter\"}]},{\"@type\":\"WebSite\",\"@id\":\"https:\\\/\\\/news.save.ch\\\/de\\\/#website\",\"url\":\"https:\\\/\\\/news.save.ch\\\/de\\\/\",\"name\":\"Save\",\"description\":\"Schweizer Fachzeitschrift f\u00fcr Sicherheit\",\"publisher\":{\"@id\":\"https:\\\/\\\/news.save.ch\\\/de\\\/#organization\"},\"potentialAction\":[{\"@type\":\"SearchAction\",\"target\":{\"@type\":\"EntryPoint\",\"urlTemplate\":\"https:\\\/\\\/news.save.ch\\\/de\\\/?s={search_term_string}\"},\"query-input\":{\"@type\":\"PropertyValueSpecification\",\"valueRequired\":true,\"valueName\":\"search_term_string\"}}],\"inLanguage\":\"fr-FR\"},{\"@type\":\"Organization\",\"@id\":\"https:\\\/\\\/news.save.ch\\\/de\\\/#organization\",\"name\":\"Sicherheitsforum\",\"url\":\"https:\\\/\\\/news.save.ch\\\/de\\\/\",\"logo\":{\"@type\":\"ImageObject\",\"inLanguage\":\"fr-FR\",\"@id\":\"https:\\\/\\\/news.save.ch\\\/de\\\/#\\\/schema\\\/logo\\\/image\\\/\",\"url\":\"https:\\\/\\\/news.save.ch\\\/wp-content\\\/uploads\\\/2022\\\/06\\\/Logo_SF_2012.png\",\"contentUrl\":\"https:\\\/\\\/news.save.ch\\\/wp-content\\\/uploads\\\/2022\\\/06\\\/Logo_SF_2012.png\",\"width\":1100,\"height\":91,\"caption\":\"Sicherheitsforum\"},\"image\":{\"@id\":\"https:\\\/\\\/news.save.ch\\\/de\\\/#\\\/schema\\\/logo\\\/image\\\/\"}},{\"@type\":\"Person\",\"@id\":\"https:\\\/\\\/news.save.ch\\\/de\\\/#\\\/schema\\\/person\\\/d49e199490bad7c70d64b9ab51142f2b\",\"name\":\"admin\",\"image\":{\"@type\":\"ImageObject\",\"inLanguage\":\"fr-FR\",\"@id\":\"https:\\\/\\\/secure.gravatar.com\\\/avatar\\\/ae2f4d718e6c49043e314ce431e7e645d646302a24a5ef5a8bc8e3f5a032e319?s=96&d=mm&r=g\",\"url\":\"https:\\\/\\\/secure.gravatar.com\\\/avatar\\\/ae2f4d718e6c49043e314ce431e7e645d646302a24a5ef5a8bc8e3f5a032e319?s=96&d=mm&r=g\",\"contentUrl\":\"https:\\\/\\\/secure.gravatar.com\\\/avatar\\\/ae2f4d718e6c49043e314ce431e7e645d646302a24a5ef5a8bc8e3f5a032e319?s=96&d=mm&r=g\",\"caption\":\"admin\"},\"sameAs\":[\"https:\\\/\\\/develop.organisator.galledia.ch\"],\"url\":\"https:\\\/\\\/news.save.ch\\\/fr\\\/author\\\/admin\\\/\"}]}<\/script>\n<!-- \/ Yoast SEO plugin. -->","yoast_head_json":{"title":"Exportation plus stricte pour les biens de surveillance - Save","description":"Crit\u00e8re suppl\u00e9mentaire pour l'\u00e9valuation de l'exportation et du courtage de biens destin\u00e9s \u00e0 la surveillance d'Internet et de la t\u00e9l\u00e9phonie mobile \u00e0 partir de la Suisse.","robots":{"index":"index","follow":"follow","max-snippet":"max-snippet:-1","max-image-preview":"max-image-preview:large","max-video-preview":"max-video-preview:-1"},"canonical":"https:\/\/news.save.ch\/fr\/strengere-ausfuhr-fuer-ueberwachungsgueter\/","og_locale":"fr_FR","og_type":"article","og_title":"Strengere Ausfuhr f\u00fcr \u00dcberwachungsg\u00fcter","og_description":"Der Bundesrat hat k\u00fcrzlich ein zus\u00e4tzliches Kriterium f\u00fcr die Beurteilung der Ausfuhr und die Vermittlung von G\u00fctern zur Internet- und Mobilfunk\u00fcberwachung aus der Schweiz beschlossen.","og_url":"https:\/\/news.save.ch\/fr\/strengere-ausfuhr-fuer-ueberwachungsgueter\/","og_site_name":"Save","article_published_time":"2015-05-27T08:59:36+00:00","article_modified_time":"2023-03-14T07:57:40+00:00","og_image":[{"url":"https:\/\/sicherheitsforum.ch\/wp-content\/uploads\/2016\/12\/Strengere-Ausfuhr-f\u00fcr-\u00dcberwachungsg\u00fcter-it-security.jpg","type":"","width":"","height":""}],"author":"admin","twitter_card":"summary_large_image","twitter_misc":{"\u00c9crit par":"admin","Dur\u00e9e de lecture estim\u00e9e":"1 minute"},"schema":{"@context":"https:\/\/schema.org","@graph":[{"@type":"Article","@id":"https:\/\/news.save.ch\/strengere-ausfuhr-fuer-ueberwachungsgueter\/#article","isPartOf":{"@id":"https:\/\/news.save.ch\/strengere-ausfuhr-fuer-ueberwachungsgueter\/"},"author":{"name":"admin","@id":"https:\/\/news.save.ch\/de\/#\/schema\/person\/d49e199490bad7c70d64b9ab51142f2b"},"headline":"Strengere Ausfuhr f\u00fcr \u00dcberwachungsg\u00fcter","datePublished":"2015-05-27T08:59:36+00:00","dateModified":"2023-03-14T07:57:40+00:00","mainEntityOfPage":{"@id":"https:\/\/news.save.ch\/strengere-ausfuhr-fuer-ueberwachungsgueter\/"},"wordCount":227,"commentCount":0,"publisher":{"@id":"https:\/\/news.save.ch\/de\/#organization"},"image":{"@id":"https:\/\/news.save.ch\/strengere-ausfuhr-fuer-ueberwachungsgueter\/#primaryimage"},"thumbnailUrl":"https:\/\/news.save.ch\/wp-content\/uploads\/2016\/12\/Strengere-Ausfuhr-fuer-Ueberwachungsgueter-it-security-scaled.jpg","keywords":["IT-SECURITY","Seco"],"articleSection":["DIGITALISIERUNG"],"inLanguage":"fr-FR"},{"@type":"WebPage","@id":"https:\/\/news.save.ch\/strengere-ausfuhr-fuer-ueberwachungsgueter\/","url":"https:\/\/news.save.ch\/strengere-ausfuhr-fuer-ueberwachungsgueter\/","name":"Exportation plus stricte pour les biens de surveillance - Save","isPartOf":{"@id":"https:\/\/news.save.ch\/de\/#website"},"primaryImageOfPage":{"@id":"https:\/\/news.save.ch\/strengere-ausfuhr-fuer-ueberwachungsgueter\/#primaryimage"},"image":{"@id":"https:\/\/news.save.ch\/strengere-ausfuhr-fuer-ueberwachungsgueter\/#primaryimage"},"thumbnailUrl":"https:\/\/news.save.ch\/wp-content\/uploads\/2016\/12\/Strengere-Ausfuhr-fuer-Ueberwachungsgueter-it-security-scaled.jpg","datePublished":"2015-05-27T08:59:36+00:00","dateModified":"2023-03-14T07:57:40+00:00","description":"Crit\u00e8re suppl\u00e9mentaire pour l'\u00e9valuation de l'exportation et du courtage de biens destin\u00e9s \u00e0 la surveillance d'Internet et de la t\u00e9l\u00e9phonie mobile \u00e0 partir de la Suisse.","breadcrumb":{"@id":"https:\/\/news.save.ch\/strengere-ausfuhr-fuer-ueberwachungsgueter\/#breadcrumb"},"inLanguage":"fr-FR","potentialAction":[{"@type":"ReadAction","target":["https:\/\/news.save.ch\/strengere-ausfuhr-fuer-ueberwachungsgueter\/"]}]},{"@type":"ImageObject","inLanguage":"fr-FR","@id":"https:\/\/news.save.ch\/strengere-ausfuhr-fuer-ueberwachungsgueter\/#primaryimage","url":"https:\/\/news.save.ch\/wp-content\/uploads\/2016\/12\/Strengere-Ausfuhr-fuer-Ueberwachungsgueter-it-security-scaled.jpg","contentUrl":"https:\/\/news.save.ch\/wp-content\/uploads\/2016\/12\/Strengere-Ausfuhr-fuer-Ueberwachungsgueter-it-security-scaled.jpg","width":1400,"height":1050,"caption":"Exportg\u00fcter zur Internet- und Mobilfunk\u00fcberwachung unterliegen strengeren Kriterien."},{"@type":"BreadcrumbList","@id":"https:\/\/news.save.ch\/strengere-ausfuhr-fuer-ueberwachungsgueter\/#breadcrumb","itemListElement":[{"@type":"ListItem","position":1,"name":"Home","item":"https:\/\/news.save.ch\/de\/"},{"@type":"ListItem","position":2,"name":"Strengere Ausfuhr f\u00fcr \u00dcberwachungsg\u00fcter"}]},{"@type":"WebSite","@id":"https:\/\/news.save.ch\/de\/#website","url":"https:\/\/news.save.ch\/de\/","name":"Save","description":"Revue suisse sp\u00e9cialis\u00e9e dans la s\u00e9curit\u00e9","publisher":{"@id":"https:\/\/news.save.ch\/de\/#organization"},"potentialAction":[{"@type":"SearchAction","target":{"@type":"EntryPoint","urlTemplate":"https:\/\/news.save.ch\/de\/?s={search_term_string}"},"query-input":{"@type":"PropertyValueSpecification","valueRequired":true,"valueName":"search_term_string"}}],"inLanguage":"fr-FR"},{"@type":"Organization","@id":"https:\/\/news.save.ch\/de\/#organization","name":"Forum sur la s\u00e9curit\u00e9","url":"https:\/\/news.save.ch\/de\/","logo":{"@type":"ImageObject","inLanguage":"fr-FR","@id":"https:\/\/news.save.ch\/de\/#\/schema\/logo\/image\/","url":"https:\/\/news.save.ch\/wp-content\/uploads\/2022\/06\/Logo_SF_2012.png","contentUrl":"https:\/\/news.save.ch\/wp-content\/uploads\/2022\/06\/Logo_SF_2012.png","width":1100,"height":91,"caption":"Sicherheitsforum"},"image":{"@id":"https:\/\/news.save.ch\/de\/#\/schema\/logo\/image\/"}},{"@type":"Person","@id":"https:\/\/news.save.ch\/de\/#\/schema\/person\/d49e199490bad7c70d64b9ab51142f2b","name":"admin","image":{"@type":"ImageObject","inLanguage":"fr-FR","@id":"https:\/\/secure.gravatar.com\/avatar\/ae2f4d718e6c49043e314ce431e7e645d646302a24a5ef5a8bc8e3f5a032e319?s=96&d=mm&r=g","url":"https:\/\/secure.gravatar.com\/avatar\/ae2f4d718e6c49043e314ce431e7e645d646302a24a5ef5a8bc8e3f5a032e319?s=96&d=mm&r=g","contentUrl":"https:\/\/secure.gravatar.com\/avatar\/ae2f4d718e6c49043e314ce431e7e645d646302a24a5ef5a8bc8e3f5a032e319?s=96&d=mm&r=g","caption":"admin"},"sameAs":["https:\/\/develop.organisator.galledia.ch"],"url":"https:\/\/news.save.ch\/fr\/author\/admin\/"}]}},"_links":{"self":[{"href":"https:\/\/news.save.ch\/fr\/wp-json\/wp\/v2\/posts\/415","targetHints":{"allow":["GET"]}}],"collection":[{"href":"https:\/\/news.save.ch\/fr\/wp-json\/wp\/v2\/posts"}],"about":[{"href":"https:\/\/news.save.ch\/fr\/wp-json\/wp\/v2\/types\/post"}],"author":[{"embeddable":true,"href":"https:\/\/news.save.ch\/fr\/wp-json\/wp\/v2\/users\/1"}],"replies":[{"embeddable":true,"href":"https:\/\/news.save.ch\/fr\/wp-json\/wp\/v2\/comments?post=415"}],"version-history":[{"count":1,"href":"https:\/\/news.save.ch\/fr\/wp-json\/wp\/v2\/posts\/415\/revisions"}],"predecessor-version":[{"id":17785,"href":"https:\/\/news.save.ch\/fr\/wp-json\/wp\/v2\/posts\/415\/revisions\/17785"}],"wp:featuredmedia":[{"embeddable":true,"href":"https:\/\/news.save.ch\/fr\/wp-json\/wp\/v2\/media\/416"}],"wp:attachment":[{"href":"https:\/\/news.save.ch\/fr\/wp-json\/wp\/v2\/media?parent=415"}],"wp:term":[{"taxonomy":"category","embeddable":true,"href":"https:\/\/news.save.ch\/fr\/wp-json\/wp\/v2\/categories?post=415"},{"taxonomy":"post_tag","embeddable":true,"href":"https:\/\/news.save.ch\/fr\/wp-json\/wp\/v2\/tags?post=415"}],"curies":[{"name":"wp","href":"https:\/\/api.w.org\/{rel}","templated":true}]}}