{"id":4155,"date":"2017-02-09T10:54:57","date_gmt":"2017-02-09T09:54:57","guid":{"rendered":"https:\/\/news.save.ch\/?p=4155"},"modified":"2017-02-09T10:54:57","modified_gmt":"2017-02-09T09:54:57","slug":"sicherheitsfirmen-neue-anforderung-ab-2018-in-zuerich","status":null,"type":"post","link":"https:\/\/news.save.ch\/fr\/sicherheitsfirmen-neue-anforderung-ab-2018-in-zuerich\/","title":{"rendered":"Entreprises de s\u00e9curit\u00e9 : nouvelle exigence \u00e0 partir de 2018 \u00e0 Zurich"},"content":{"rendered":"<figure id=\"attachment_4161\" aria-describedby=\"caption-attachment-4161\" style=\"width: 680px\" class=\"wp-caption aligncenter\"><img loading=\"lazy\" decoding=\"async\" class=\"size-medium wp-image-4161\" src=\"https:\/\/news.save.ch\/wp-content\/uploads\/2017\/02\/security.jpg\" alt=\"\" width=\"680\" height=\"591\" srcset=\"https:\/\/news.save.ch\/wp-content\/uploads\/2017\/02\/security.jpg 818w, https:\/\/news.save.ch\/wp-content\/uploads\/2017\/02\/security-345x300.jpg 345w\" sizes=\"auto, (max-width: 680px) 100vw, 680px\" \/><figcaption id=\"caption-attachment-4161\" class=\"wp-caption-text\">\u00a9 depositphotos<\/figcaption><\/figure>\n<p>&nbsp;<\/p>\n<p>Le canton de Zurich ne disposait jusqu'\u00e0 pr\u00e9sent que de dispositions rudimentaires sur les entreprises de s\u00e9curit\u00e9 priv\u00e9es. Une proposition de la Conf\u00e9rence des directrices et directeurs des d\u00e9partements cantonaux de justice et police (<a href=\"https:\/\/www.kkjpd.ch\">KKJP<\/a>) d'adh\u00e9rer au concordat sur les prestations de s\u00e9curit\u00e9 priv\u00e9es (K\u00dcPS), le Grand Conseil zurichois a d\u00e9cid\u00e9, sur proposition de la Commission de la justice et de la s\u00e9curit\u00e9 publique (<a href=\"https:\/\/www.kantonsrat.zh.ch\/organisation\/Kommissionen.aspx?GruppeID=43af865f-0882-469b-a900-5392f72e13b6\">KJS<\/a>) et a adopt\u00e9 en avril 2016 une r\u00e9glementation autonome dans la \"loi sur les exigences relatives aux prestations de s\u00e9curit\u00e9 priv\u00e9es\". Celle-ci d\u00e9finit le cercle des activit\u00e9s r\u00e9glement\u00e9es de mani\u00e8re plus \u00e9troite que le concordat, renonce aux autorisations pour les employ\u00e9s individuels et responsabilise davantage les entreprises \u00e0 la place, comme le souligne le Conseil d'Etat.<\/p>\n<p>Pour l'entr\u00e9e en vigueur de la r\u00e9glementation adopt\u00e9e, le Conseil d'Etat fait maintenant entrer en vigueur les modifications correspondantes de la loi sur la police et de la loi sur l'h\u00f4tellerie et la restauration. Parall\u00e8lement, il a d\u00e9sign\u00e9 le d\u00e9partement des autorisations commerciales comme comp\u00e9tent pour d\u00e9livrer les autorisations et a fix\u00e9 le cadre du montant des taxes d'autorisation.<\/p>\n<p><strong>Les entreprises de s\u00e9curit\u00e9 doivent d\u00e9sormais obtenir une autorisation<\/strong><\/p>\n<p>Selon le Conseil d'Etat, les entreprises de s\u00e9curit\u00e9 priv\u00e9es doivent d\u00e9sormais obtenir une autorisation d'exploitation. En outre, les employ\u00e9s de ces entreprises ainsi que le personnel de s\u00e9curit\u00e9 des \u00e9tablissements d'h\u00f4tellerie et de restauration (en particulier les videurs) doivent r\u00e9pondre \u00e0 certaines exigences. Il s'agit notamment d'une formation pratique et th\u00e9orique correspondant aux t\u00e2ches \u00e0 accomplir ainsi que de formations continues r\u00e9guli\u00e8res. Les entreprises et les \u00e9tablissements d'h\u00f4tellerie et de restauration (titulaires de la patente) sont responsables du respect de ces conditions par leurs agents de s\u00e9curit\u00e9.<\/p>\n<p>Selon le communiqu\u00e9, toutes les dispositions mat\u00e9rielles de la nouvelle r\u00e9glementation, y compris les bar\u00e8mes d'\u00e9moluments correspondants, entreront en vigueur le 1er janvier 2018, en m\u00eame temps que la loi nouvellement adopt\u00e9e. L'obligation formelle d'obtenir une autorisation pour les entreprises de s\u00e9curit\u00e9 ne s'appliquera qu'\u00e0 partir du 1er janvier 2019, dans le sens d'une p\u00e9riode transitoire.<\/p>\n<p>&nbsp;<\/p>","protected":false},"excerpt":{"rendered":"<p>&nbsp; Der Kanton Z\u00fcrich verf\u00fcgte bisher nur \u00fcber rudiment\u00e4re Bestimmungen \u00fcber private Sicherheitsunternehmen. Einem Vorschlag der Konferenz der Kantonalen Justiz- und Polizeidirektorinnen (KKJP), dem Konkordat \u00fcber private Sicherheitsdienstleistungen (K\u00dcPS) beizutreten, hat der Z\u00fcrcher Kantonsrat auf Vorschlag der Kommission f\u00fcr Justiz und \u00f6ffentliche Sicherheit (KJS) eine Absage erteilt und im April 2016 eine eigenst\u00e4ndige Regelung im [&hellip;]<\/p>\n","protected":false},"author":8,"featured_media":4161,"comment_status":"open","ping_status":"open","sticky":false,"template":"","format":"standard","meta":{"_acf_changed":false,"pgc_sgb_lightbox_settings":"","footnotes":""},"categories":[1],"tags":[69],"class_list":["post-4155","post","type-post","status-publish","format-standard","has-post-thumbnail","hentry","category-allgemein","tag-justiz-polizei"],"acf":[],"hkrextid":null,"publication":null,"issue":null,"workflow":null,"startPage":null,"spitzmarke":null,"_posts_by_tag_page_fields":{"widget_title":"","widget_tags":""},"_at_widget":"1","_yoast_wpseo_primary_category":"1","_yoast_wpseo_focuskw_text_input":"Sicherheitsunternehmen","_yoast_wpseo_opengraph-image":null,"_yoast_wpseo_opengraph-description":null,"_yoast_wpseo_opengraph-title":null,"enclosure":null,"_yoast_wpseo_twitter-title":null,"_yoast_wpseo_twitter-description":null,"_yoast_wpseo_twitter-image":null,"_wp_old_slug":null,"_yoast_wpseo_title":null,"_yoast_wpseo_canonical":null,"yoast_head":"<!-- This site is optimized with the Yoast SEO plugin v27.5 - https:\/\/yoast.com\/product\/yoast-seo-wordpress\/ -->\n<title>Sicherheitsfirmen: neue Anforderung ab 2018 in Z\u00fcrich - Save<\/title>\n<meta name=\"description\" content=\"Private Sicherheitsdienstleister m\u00fcssen im Kanton Z\u00fcrich ab 2018 neuen Anforderungen gen\u00fcgen. Dies geht aus einem regierungsr\u00e4tlichen Entscheid hervor.\" \/>\n<meta name=\"robots\" content=\"index, follow, max-snippet:-1, max-image-preview:large, max-video-preview:-1\" \/>\n<link rel=\"canonical\" href=\"https:\/\/news.save.ch\/fr\/sicherheitsfirmen-neue-anforderung-ab-2018-in-zuerich\/\" \/>\n<meta property=\"og:locale\" content=\"fr_FR\" \/>\n<meta property=\"og:type\" content=\"article\" \/>\n<meta property=\"og:title\" content=\"Sicherheitsfirmen: neue Anforderung ab 2018 in Z\u00fcrich - Save\" \/>\n<meta property=\"og:description\" content=\"Private Sicherheitsdienstleister m\u00fcssen im Kanton Z\u00fcrich ab 2018 neuen Anforderungen gen\u00fcgen. Dies geht aus einem regierungsr\u00e4tlichen Entscheid hervor.\" \/>\n<meta property=\"og:url\" content=\"https:\/\/news.save.ch\/fr\/sicherheitsfirmen-neue-anforderung-ab-2018-in-zuerich\/\" \/>\n<meta property=\"og:site_name\" content=\"Save\" \/>\n<meta property=\"article:published_time\" content=\"2017-02-09T09:54:57+00:00\" \/>\n<meta property=\"og:image\" content=\"https:\/\/news.save.ch\/wp-content\/uploads\/2017\/02\/security.jpg\" \/>\n\t<meta property=\"og:image:width\" content=\"818\" \/>\n\t<meta property=\"og:image:height\" content=\"711\" \/>\n\t<meta property=\"og:image:type\" content=\"image\/jpeg\" \/>\n<meta name=\"author\" content=\"Roger Str\u00e4ssle\" \/>\n<meta name=\"twitter:card\" content=\"summary_large_image\" \/>\n<meta name=\"twitter:label1\" content=\"\u00c9crit par\" \/>\n\t<meta name=\"twitter:data1\" content=\"Roger Str\u00e4ssle\" \/>\n\t<meta name=\"twitter:label2\" content=\"Dur\u00e9e de lecture estim\u00e9e\" \/>\n\t<meta name=\"twitter:data2\" content=\"1 minute\" \/>\n<script type=\"application\/ld+json\" class=\"yoast-schema-graph\">{\"@context\":\"https:\\\/\\\/schema.org\",\"@graph\":[{\"@type\":\"Article\",\"@id\":\"https:\\\/\\\/news.save.ch\\\/sicherheitsfirmen-neue-anforderung-ab-2018-in-zuerich\\\/#article\",\"isPartOf\":{\"@id\":\"https:\\\/\\\/news.save.ch\\\/sicherheitsfirmen-neue-anforderung-ab-2018-in-zuerich\\\/\"},\"author\":{\"name\":\"Roger Str\u00e4ssle\",\"@id\":\"https:\\\/\\\/news.save.ch\\\/de\\\/#\\\/schema\\\/person\\\/d5022db048e0e2b9785c50e5b24da5aa\"},\"headline\":\"Sicherheitsfirmen: neue Anforderung ab 2018 in Z\u00fcrich\",\"datePublished\":\"2017-02-09T09:54:57+00:00\",\"mainEntityOfPage\":{\"@id\":\"https:\\\/\\\/news.save.ch\\\/sicherheitsfirmen-neue-anforderung-ab-2018-in-zuerich\\\/\"},\"wordCount\":278,\"commentCount\":0,\"publisher\":{\"@id\":\"https:\\\/\\\/news.save.ch\\\/de\\\/#organization\"},\"image\":{\"@id\":\"https:\\\/\\\/news.save.ch\\\/sicherheitsfirmen-neue-anforderung-ab-2018-in-zuerich\\\/#primaryimage\"},\"thumbnailUrl\":\"https:\\\/\\\/news.save.ch\\\/wp-content\\\/uploads\\\/2017\\\/02\\\/security.jpg\",\"keywords\":[\"Justiz &amp; Polizei\"],\"articleSection\":[\"ALLGEMEIN\"],\"inLanguage\":\"fr-FR\"},{\"@type\":\"WebPage\",\"@id\":\"https:\\\/\\\/news.save.ch\\\/sicherheitsfirmen-neue-anforderung-ab-2018-in-zuerich\\\/\",\"url\":\"https:\\\/\\\/news.save.ch\\\/sicherheitsfirmen-neue-anforderung-ab-2018-in-zuerich\\\/\",\"name\":\"Sicherheitsfirmen: neue Anforderung ab 2018 in Z\u00fcrich - Save\",\"isPartOf\":{\"@id\":\"https:\\\/\\\/news.save.ch\\\/de\\\/#website\"},\"primaryImageOfPage\":{\"@id\":\"https:\\\/\\\/news.save.ch\\\/sicherheitsfirmen-neue-anforderung-ab-2018-in-zuerich\\\/#primaryimage\"},\"image\":{\"@id\":\"https:\\\/\\\/news.save.ch\\\/sicherheitsfirmen-neue-anforderung-ab-2018-in-zuerich\\\/#primaryimage\"},\"thumbnailUrl\":\"https:\\\/\\\/news.save.ch\\\/wp-content\\\/uploads\\\/2017\\\/02\\\/security.jpg\",\"datePublished\":\"2017-02-09T09:54:57+00:00\",\"description\":\"Private Sicherheitsdienstleister m\u00fcssen im Kanton Z\u00fcrich ab 2018 neuen Anforderungen gen\u00fcgen. Dies geht aus einem regierungsr\u00e4tlichen Entscheid hervor.\",\"breadcrumb\":{\"@id\":\"https:\\\/\\\/news.save.ch\\\/sicherheitsfirmen-neue-anforderung-ab-2018-in-zuerich\\\/#breadcrumb\"},\"inLanguage\":\"fr-FR\",\"potentialAction\":[{\"@type\":\"ReadAction\",\"target\":[\"https:\\\/\\\/news.save.ch\\\/sicherheitsfirmen-neue-anforderung-ab-2018-in-zuerich\\\/\"]}]},{\"@type\":\"ImageObject\",\"inLanguage\":\"fr-FR\",\"@id\":\"https:\\\/\\\/news.save.ch\\\/sicherheitsfirmen-neue-anforderung-ab-2018-in-zuerich\\\/#primaryimage\",\"url\":\"https:\\\/\\\/news.save.ch\\\/wp-content\\\/uploads\\\/2017\\\/02\\\/security.jpg\",\"contentUrl\":\"https:\\\/\\\/news.save.ch\\\/wp-content\\\/uploads\\\/2017\\\/02\\\/security.jpg\",\"width\":818,\"height\":711,\"caption\":\"\u00a9 depositphotos\"},{\"@type\":\"BreadcrumbList\",\"@id\":\"https:\\\/\\\/news.save.ch\\\/sicherheitsfirmen-neue-anforderung-ab-2018-in-zuerich\\\/#breadcrumb\",\"itemListElement\":[{\"@type\":\"ListItem\",\"position\":1,\"name\":\"Home\",\"item\":\"https:\\\/\\\/news.save.ch\\\/de\\\/\"},{\"@type\":\"ListItem\",\"position\":2,\"name\":\"Sicherheitsfirmen: neue Anforderung ab 2018 in Z\u00fcrich\"}]},{\"@type\":\"WebSite\",\"@id\":\"https:\\\/\\\/news.save.ch\\\/de\\\/#website\",\"url\":\"https:\\\/\\\/news.save.ch\\\/de\\\/\",\"name\":\"Save\",\"description\":\"Schweizer Fachzeitschrift f\u00fcr Sicherheit\",\"publisher\":{\"@id\":\"https:\\\/\\\/news.save.ch\\\/de\\\/#organization\"},\"potentialAction\":[{\"@type\":\"SearchAction\",\"target\":{\"@type\":\"EntryPoint\",\"urlTemplate\":\"https:\\\/\\\/news.save.ch\\\/de\\\/?s={search_term_string}\"},\"query-input\":{\"@type\":\"PropertyValueSpecification\",\"valueRequired\":true,\"valueName\":\"search_term_string\"}}],\"inLanguage\":\"fr-FR\"},{\"@type\":\"Organization\",\"@id\":\"https:\\\/\\\/news.save.ch\\\/de\\\/#organization\",\"name\":\"Sicherheitsforum\",\"url\":\"https:\\\/\\\/news.save.ch\\\/de\\\/\",\"logo\":{\"@type\":\"ImageObject\",\"inLanguage\":\"fr-FR\",\"@id\":\"https:\\\/\\\/news.save.ch\\\/de\\\/#\\\/schema\\\/logo\\\/image\\\/\",\"url\":\"https:\\\/\\\/news.save.ch\\\/wp-content\\\/uploads\\\/2022\\\/06\\\/Logo_SF_2012.png\",\"contentUrl\":\"https:\\\/\\\/news.save.ch\\\/wp-content\\\/uploads\\\/2022\\\/06\\\/Logo_SF_2012.png\",\"width\":1100,\"height\":91,\"caption\":\"Sicherheitsforum\"},\"image\":{\"@id\":\"https:\\\/\\\/news.save.ch\\\/de\\\/#\\\/schema\\\/logo\\\/image\\\/\"}},{\"@type\":\"Person\",\"@id\":\"https:\\\/\\\/news.save.ch\\\/de\\\/#\\\/schema\\\/person\\\/d5022db048e0e2b9785c50e5b24da5aa\",\"name\":\"Roger Str\u00e4ssle\",\"image\":{\"@type\":\"ImageObject\",\"inLanguage\":\"fr-FR\",\"@id\":\"https:\\\/\\\/secure.gravatar.com\\\/avatar\\\/862a5569d087de48e5856e32f45d719a03804c891d6deb8d4f71a660e79e4a47?s=96&d=mm&r=g\",\"url\":\"https:\\\/\\\/secure.gravatar.com\\\/avatar\\\/862a5569d087de48e5856e32f45d719a03804c891d6deb8d4f71a660e79e4a47?s=96&d=mm&r=g\",\"contentUrl\":\"https:\\\/\\\/secure.gravatar.com\\\/avatar\\\/862a5569d087de48e5856e32f45d719a03804c891d6deb8d4f71a660e79e4a47?s=96&d=mm&r=g\",\"caption\":\"Roger Str\u00e4ssle\"},\"url\":\"https:\\\/\\\/news.save.ch\\\/fr\\\/author\\\/roger-straessle\\\/\"}]}<\/script>\n<!-- \/ Yoast SEO plugin. -->","yoast_head_json":{"title":"Entreprises de s\u00e9curit\u00e9 : nouvelle exigence \u00e0 partir de 2018 \u00e0 Zurich - Save","description":"Les prestataires de services de s\u00e9curit\u00e9 priv\u00e9s devront r\u00e9pondre \u00e0 de nouvelles exigences dans le canton de Zurich \u00e0 partir de 2018. C'est ce qui ressort d'une d\u00e9cision du Conseil d'Etat.","robots":{"index":"index","follow":"follow","max-snippet":"max-snippet:-1","max-image-preview":"max-image-preview:large","max-video-preview":"max-video-preview:-1"},"canonical":"https:\/\/news.save.ch\/fr\/sicherheitsfirmen-neue-anforderung-ab-2018-in-zuerich\/","og_locale":"fr_FR","og_type":"article","og_title":"Sicherheitsfirmen: neue Anforderung ab 2018 in Z\u00fcrich - Save","og_description":"Private Sicherheitsdienstleister m\u00fcssen im Kanton Z\u00fcrich ab 2018 neuen Anforderungen gen\u00fcgen. Dies geht aus einem regierungsr\u00e4tlichen Entscheid hervor.","og_url":"https:\/\/news.save.ch\/fr\/sicherheitsfirmen-neue-anforderung-ab-2018-in-zuerich\/","og_site_name":"Save","article_published_time":"2017-02-09T09:54:57+00:00","og_image":[{"width":818,"height":711,"url":"https:\/\/news.save.ch\/wp-content\/uploads\/2017\/02\/security.jpg","type":"image\/jpeg"}],"author":"Roger Str\u00e4ssle","twitter_card":"summary_large_image","twitter_misc":{"\u00c9crit par":"Roger Str\u00e4ssle","Dur\u00e9e de lecture estim\u00e9e":"1 minute"},"schema":{"@context":"https:\/\/schema.org","@graph":[{"@type":"Article","@id":"https:\/\/news.save.ch\/sicherheitsfirmen-neue-anforderung-ab-2018-in-zuerich\/#article","isPartOf":{"@id":"https:\/\/news.save.ch\/sicherheitsfirmen-neue-anforderung-ab-2018-in-zuerich\/"},"author":{"name":"Roger Str\u00e4ssle","@id":"https:\/\/news.save.ch\/de\/#\/schema\/person\/d5022db048e0e2b9785c50e5b24da5aa"},"headline":"Sicherheitsfirmen: neue Anforderung ab 2018 in Z\u00fcrich","datePublished":"2017-02-09T09:54:57+00:00","mainEntityOfPage":{"@id":"https:\/\/news.save.ch\/sicherheitsfirmen-neue-anforderung-ab-2018-in-zuerich\/"},"wordCount":278,"commentCount":0,"publisher":{"@id":"https:\/\/news.save.ch\/de\/#organization"},"image":{"@id":"https:\/\/news.save.ch\/sicherheitsfirmen-neue-anforderung-ab-2018-in-zuerich\/#primaryimage"},"thumbnailUrl":"https:\/\/news.save.ch\/wp-content\/uploads\/2017\/02\/security.jpg","keywords":["Justiz &amp; Polizei"],"articleSection":["ALLGEMEIN"],"inLanguage":"fr-FR"},{"@type":"WebPage","@id":"https:\/\/news.save.ch\/sicherheitsfirmen-neue-anforderung-ab-2018-in-zuerich\/","url":"https:\/\/news.save.ch\/sicherheitsfirmen-neue-anforderung-ab-2018-in-zuerich\/","name":"Entreprises de s\u00e9curit\u00e9 : nouvelle exigence \u00e0 partir de 2018 \u00e0 Zurich - Save","isPartOf":{"@id":"https:\/\/news.save.ch\/de\/#website"},"primaryImageOfPage":{"@id":"https:\/\/news.save.ch\/sicherheitsfirmen-neue-anforderung-ab-2018-in-zuerich\/#primaryimage"},"image":{"@id":"https:\/\/news.save.ch\/sicherheitsfirmen-neue-anforderung-ab-2018-in-zuerich\/#primaryimage"},"thumbnailUrl":"https:\/\/news.save.ch\/wp-content\/uploads\/2017\/02\/security.jpg","datePublished":"2017-02-09T09:54:57+00:00","description":"Les prestataires de services de s\u00e9curit\u00e9 priv\u00e9s devront r\u00e9pondre \u00e0 de nouvelles exigences dans le canton de Zurich \u00e0 partir de 2018. C'est ce qui ressort d'une d\u00e9cision du Conseil d'Etat.","breadcrumb":{"@id":"https:\/\/news.save.ch\/sicherheitsfirmen-neue-anforderung-ab-2018-in-zuerich\/#breadcrumb"},"inLanguage":"fr-FR","potentialAction":[{"@type":"ReadAction","target":["https:\/\/news.save.ch\/sicherheitsfirmen-neue-anforderung-ab-2018-in-zuerich\/"]}]},{"@type":"ImageObject","inLanguage":"fr-FR","@id":"https:\/\/news.save.ch\/sicherheitsfirmen-neue-anforderung-ab-2018-in-zuerich\/#primaryimage","url":"https:\/\/news.save.ch\/wp-content\/uploads\/2017\/02\/security.jpg","contentUrl":"https:\/\/news.save.ch\/wp-content\/uploads\/2017\/02\/security.jpg","width":818,"height":711,"caption":"\u00a9 depositphotos"},{"@type":"BreadcrumbList","@id":"https:\/\/news.save.ch\/sicherheitsfirmen-neue-anforderung-ab-2018-in-zuerich\/#breadcrumb","itemListElement":[{"@type":"ListItem","position":1,"name":"Home","item":"https:\/\/news.save.ch\/de\/"},{"@type":"ListItem","position":2,"name":"Sicherheitsfirmen: neue Anforderung ab 2018 in Z\u00fcrich"}]},{"@type":"WebSite","@id":"https:\/\/news.save.ch\/de\/#website","url":"https:\/\/news.save.ch\/de\/","name":"Save","description":"Revue suisse sp\u00e9cialis\u00e9e dans la s\u00e9curit\u00e9","publisher":{"@id":"https:\/\/news.save.ch\/de\/#organization"},"potentialAction":[{"@type":"SearchAction","target":{"@type":"EntryPoint","urlTemplate":"https:\/\/news.save.ch\/de\/?s={search_term_string}"},"query-input":{"@type":"PropertyValueSpecification","valueRequired":true,"valueName":"search_term_string"}}],"inLanguage":"fr-FR"},{"@type":"Organization","@id":"https:\/\/news.save.ch\/de\/#organization","name":"Forum sur la s\u00e9curit\u00e9","url":"https:\/\/news.save.ch\/de\/","logo":{"@type":"ImageObject","inLanguage":"fr-FR","@id":"https:\/\/news.save.ch\/de\/#\/schema\/logo\/image\/","url":"https:\/\/news.save.ch\/wp-content\/uploads\/2022\/06\/Logo_SF_2012.png","contentUrl":"https:\/\/news.save.ch\/wp-content\/uploads\/2022\/06\/Logo_SF_2012.png","width":1100,"height":91,"caption":"Sicherheitsforum"},"image":{"@id":"https:\/\/news.save.ch\/de\/#\/schema\/logo\/image\/"}},{"@type":"Person","@id":"https:\/\/news.save.ch\/de\/#\/schema\/person\/d5022db048e0e2b9785c50e5b24da5aa","name":"Roger Str\u00e4ssle","image":{"@type":"ImageObject","inLanguage":"fr-FR","@id":"https:\/\/secure.gravatar.com\/avatar\/862a5569d087de48e5856e32f45d719a03804c891d6deb8d4f71a660e79e4a47?s=96&d=mm&r=g","url":"https:\/\/secure.gravatar.com\/avatar\/862a5569d087de48e5856e32f45d719a03804c891d6deb8d4f71a660e79e4a47?s=96&d=mm&r=g","contentUrl":"https:\/\/secure.gravatar.com\/avatar\/862a5569d087de48e5856e32f45d719a03804c891d6deb8d4f71a660e79e4a47?s=96&d=mm&r=g","caption":"Roger Str\u00e4ssle"},"url":"https:\/\/news.save.ch\/fr\/author\/roger-straessle\/"}]}},"_links":{"self":[{"href":"https:\/\/news.save.ch\/fr\/wp-json\/wp\/v2\/posts\/4155","targetHints":{"allow":["GET"]}}],"collection":[{"href":"https:\/\/news.save.ch\/fr\/wp-json\/wp\/v2\/posts"}],"about":[{"href":"https:\/\/news.save.ch\/fr\/wp-json\/wp\/v2\/types\/post"}],"author":[{"embeddable":true,"href":"https:\/\/news.save.ch\/fr\/wp-json\/wp\/v2\/users\/8"}],"replies":[{"embeddable":true,"href":"https:\/\/news.save.ch\/fr\/wp-json\/wp\/v2\/comments?post=4155"}],"version-history":[{"count":0,"href":"https:\/\/news.save.ch\/fr\/wp-json\/wp\/v2\/posts\/4155\/revisions"}],"wp:featuredmedia":[{"embeddable":true,"href":"https:\/\/news.save.ch\/fr\/wp-json\/wp\/v2\/media\/4161"}],"wp:attachment":[{"href":"https:\/\/news.save.ch\/fr\/wp-json\/wp\/v2\/media?parent=4155"}],"wp:term":[{"taxonomy":"category","embeddable":true,"href":"https:\/\/news.save.ch\/fr\/wp-json\/wp\/v2\/categories?post=4155"},{"taxonomy":"post_tag","embeddable":true,"href":"https:\/\/news.save.ch\/fr\/wp-json\/wp\/v2\/tags?post=4155"}],"curies":[{"name":"wp","href":"https:\/\/api.w.org\/{rel}","templated":true}]}}