{"id":4194,"date":"2017-02-17T11:24:28","date_gmt":"2017-02-17T10:24:28","guid":{"rendered":"https:\/\/news.save.ch\/?p=4194"},"modified":"2023-03-14T09:00:01","modified_gmt":"2023-03-14T08:00:01","slug":"wenn-der-virtuelle-einbrecher-die-reale-tuer-versperrt","status":null,"type":"post","link":"https:\/\/news.save.ch\/fr\/wenn-der-virtuelle-einbrecher-die-reale-tuer-versperrt\/","title":{"rendered":"Quand le cambrioleur virtuel verrouille la porte"},"content":{"rendered":"<figure id=\"attachment_4195\" aria-describedby=\"caption-attachment-4195\" style=\"width: 680px\" class=\"wp-caption aligncenter\"><img loading=\"lazy\" decoding=\"async\" class=\"size-medium wp-image-4195\" src=\"https:\/\/news.save.ch\/wp-content\/uploads\/2017\/02\/Depositphotos-tuer-scaled-1.jpg\" alt=\"\" width=\"680\" height=\"461\" \/><figcaption id=\"caption-attachment-4195\" class=\"wp-caption-text\">\u00a9 depositphotos<\/figcaption><\/figure>\n<p>Fin janvier, la <a href=\"https:\/\/kaernten.orf.at\/news\/stories\/2821290\/\">Histoire d'une cyberattaque par les m\u00e9dias<\/a>Des criminels ont attaqu\u00e9 un h\u00f4tel autrichien et - le week-end d'ouverture de la saison d'hiver - ont non seulement paralys\u00e9 l'ordinateur de r\u00e9servation et le syst\u00e8me de caisse, mais ont \u00e9galement emp\u00each\u00e9 les clients et le personnel de l'h\u00f4tel d'acc\u00e9der aux chambres en attaquant le syst\u00e8me de cl\u00e9s. Les syst\u00e8mes n'ont \u00e9t\u00e9 d\u00e9bloqu\u00e9s qu'apr\u00e8s le paiement de 1500 euros. Selon les responsables, il s'agissait de la troisi\u00e8me attaque en peu de temps, la quatri\u00e8me ayant suivi peu de temps apr\u00e8s.<\/p>\n<p><strong>Cr\u00e9ativit\u00e9 croissante des criminels<\/strong><\/p>\n<p>Oliver Keizers, directeur r\u00e9gional DACH du sp\u00e9cialiste de la s\u00e9curit\u00e9 Fidelis Cybersecurity, y voit un mod\u00e8le pour les attaques auxquelles les grandes et petites entreprises doivent actuellement se pr\u00e9parer, mais met \u00e9galement en garde contre une panique pr\u00e9matur\u00e9e : \"Cette attaque montre la cr\u00e9ativit\u00e9 croissante des criminels lorsqu'il s'agit de leurs cibles. A une \u00e9poque o\u00f9 de nombreux syst\u00e8mes informatiques et de stockage importants sont externalis\u00e9s dans le cloud et prot\u00e9g\u00e9s par des sauvegardes, ils visent les domaines qui sont n\u00e9cessairement sur place physiquement - dans ce cas, le syst\u00e8me de cl\u00e9s. De nombreux m\u00e9canismes de s\u00e9curit\u00e9 sont ainsi mis en \u00e9chec\".<\/p>\n<p>Mais il y a deux autres choses remarquables dans cette histoire : d'une part, il y a eu quatre attaques en tr\u00e8s peu de temps, d'autre part, les criminels ont effectivement d\u00e9bloqu\u00e9 les syst\u00e8mes. Cela laisse supposer que quelqu'un s'est install\u00e9 dans le syst\u00e8me et que la porte par laquelle il entre toujours n'a pas encore \u00e9t\u00e9 trouv\u00e9e. Bien entendu, une telle personne lib\u00e9rera toujours le syst\u00e8me apr\u00e8s le paiement de la ran\u00e7on - elle souhaite en effet r\u00e9cidiver dans quelques semaines. Il serait donc important ici non seulement de mieux s\u00e9curiser l'ensemble du syst\u00e8me vers l'ext\u00e9rieur, mais aussi d'analyser les attaques d\u00e9j\u00e0 survenues, d'en tirer les le\u00e7ons et de fermer enfin la porte encore ouverte.<\/p>\n<p><strong>Pas de retour \u00e0 la technologie analogique<\/strong><\/p>\n<p>Enfin, un tel incident apporte de l'eau au moulin des d\u00e9tracteurs des syst\u00e8mes \"Smart Home\" ou IoT - l\u00e0 aussi, on parle de revenir \u00e0 la technique analogique des cl\u00e9s. Mais on oublie facilement que les syst\u00e8mes de fermeture technologiques n'ont pas \u00e9t\u00e9 introduits pour le plaisir, mais en raison d'un standard de s\u00e9curit\u00e9 plus \u00e9lev\u00e9. Et si, comme c'est le cas ici, on utilise \u00e0 nouveau des cl\u00e9s analogiques, les pirates chercheront simplement une nouvelle cible - le routeur du r\u00e9seau WLAN des invit\u00e9s, la machine \u00e0 caf\u00e9 command\u00e9e par une application ou le r\u00e9frig\u00e9rateur intelligent. Presque aucun entrepreneur ne peut se permettre de laisser de c\u00f4t\u00e9 cette technologie moderne, car elle est justement d\u00e9velopp\u00e9e pour faciliter le quotidien. Et ce n'est pas parce que cette nouvelle technologie est vuln\u00e9rable qu'il ne faut pas l'utiliser. Il suffit de mieux prot\u00e9ger les applications et de surveiller en permanence et efficacement aussi bien les appareils eux-m\u00eames que le r\u00e9seau dans lequel ils op\u00e8rent.<\/p>\n<p><em>Texte : <a href=\"https:\/\/www.fidelissecurity.com\">Fidelis Cybersecurity <\/a><\/em><\/p>\n<p>&nbsp;<\/p>","protected":false},"excerpt":{"rendered":"<p>Ende Januar ging die Geschichte einer Cyberattacke durch die Medien, die f\u00fcr besonderes Aufsehen sorgte: Kriminelle hatten ein \u00f6sterreichisches Hotel angegriffen und \u2013 am Er\u00f6ffnungswochenende der Wintersaison \u2013 nicht nur den Reservierungsrechner und das Kassensystem lahmgelegt, sondern auch durch einen Angriff auf das Schl\u00fcsselsystem daf\u00fcr gesorgt, dass G\u00e4ste und Hotelpersonal nicht mehr in die Zimmer [&hellip;]<\/p>\n","protected":false},"author":8,"featured_media":4195,"comment_status":"open","ping_status":"open","sticky":false,"template":"","format":"standard","meta":{"_acf_changed":false,"pgc_sgb_lightbox_settings":"","footnotes":""},"categories":[1,3312],"tags":[96,158],"class_list":["post-4194","post","type-post","status-publish","format-standard","has-post-thumbnail","hentry","category-allgemein","category-sicherheit","tag-cyber-crime","tag-zutrittskontrolle"],"acf":[],"hkrextid":null,"publication":null,"issue":null,"workflow":null,"startPage":null,"spitzmarke":null,"_posts_by_tag_page_fields":{"widget_title":"","widget_tags":""},"_at_widget":"1","_yoast_wpseo_primary_category":"1","_yoast_wpseo_focuskw_text_input":"Cyberangriff","_yoast_wpseo_opengraph-image":null,"_yoast_wpseo_opengraph-description":null,"_yoast_wpseo_opengraph-title":null,"enclosure":null,"_yoast_wpseo_twitter-title":null,"_yoast_wpseo_twitter-description":null,"_yoast_wpseo_twitter-image":null,"_wp_old_slug":null,"_yoast_wpseo_title":null,"_yoast_wpseo_canonical":null,"yoast_head":"<!-- This site is optimized with the Yoast SEO plugin v27.4 - https:\/\/yoast.com\/product\/yoast-seo-wordpress\/ -->\n<title>Wenn der virtuelle Einbrecher die T\u00fcre verriegelt - Save<\/title>\n<meta name=\"description\" content=\"Ein Cyberangriff kann unangenehme Folgen haben: zum Beispiel, wenn den Hotelg\u00e4sten der Zugang zu ihren Zimmern versperrt wird.\" \/>\n<meta name=\"robots\" content=\"index, follow, max-snippet:-1, max-image-preview:large, max-video-preview:-1\" \/>\n<link rel=\"canonical\" href=\"https:\/\/news.save.ch\/fr\/wenn-der-virtuelle-einbrecher-die-reale-tuer-versperrt\/\" \/>\n<meta property=\"og:locale\" content=\"fr_FR\" \/>\n<meta property=\"og:type\" content=\"article\" \/>\n<meta property=\"og:title\" content=\"Wenn der virtuelle Einbrecher die T\u00fcre verriegelt - Save\" \/>\n<meta property=\"og:description\" content=\"Ein Cyberangriff kann unangenehme Folgen haben: zum Beispiel, wenn den Hotelg\u00e4sten der Zugang zu ihren Zimmern versperrt wird.\" \/>\n<meta property=\"og:url\" content=\"https:\/\/news.save.ch\/fr\/wenn-der-virtuelle-einbrecher-die-reale-tuer-versperrt\/\" \/>\n<meta property=\"og:site_name\" content=\"Save\" \/>\n<meta property=\"article:published_time\" content=\"2017-02-17T10:24:28+00:00\" \/>\n<meta property=\"article:modified_time\" content=\"2023-03-14T08:00:01+00:00\" \/>\n<meta property=\"og:image\" content=\"https:\/\/news.save.ch\/wp-content\/uploads\/2017\/02\/Depositphotos-tuer-scaled-1-scaled.jpg\" \/>\n\t<meta property=\"og:image:width\" content=\"1400\" \/>\n\t<meta property=\"og:image:height\" content=\"949\" \/>\n\t<meta property=\"og:image:type\" content=\"image\/jpeg\" \/>\n<meta name=\"author\" content=\"Roger Str\u00e4ssle\" \/>\n<meta name=\"twitter:card\" content=\"summary_large_image\" \/>\n<meta name=\"twitter:label1\" content=\"\u00c9crit par\" \/>\n\t<meta name=\"twitter:data1\" content=\"Roger Str\u00e4ssle\" \/>\n\t<meta name=\"twitter:label2\" content=\"Dur\u00e9e de lecture estim\u00e9e\" \/>\n\t<meta name=\"twitter:data2\" content=\"2 minutes\" \/>\n<script type=\"application\/ld+json\" class=\"yoast-schema-graph\">{\"@context\":\"https:\\\/\\\/schema.org\",\"@graph\":[{\"@type\":\"Article\",\"@id\":\"https:\\\/\\\/news.save.ch\\\/wenn-der-virtuelle-einbrecher-die-reale-tuer-versperrt\\\/#article\",\"isPartOf\":{\"@id\":\"https:\\\/\\\/news.save.ch\\\/wenn-der-virtuelle-einbrecher-die-reale-tuer-versperrt\\\/\"},\"author\":{\"name\":\"Roger Str\u00e4ssle\",\"@id\":\"https:\\\/\\\/news.save.ch\\\/de\\\/#\\\/schema\\\/person\\\/d5022db048e0e2b9785c50e5b24da5aa\"},\"headline\":\"Wenn der virtuelle Einbrecher die T\u00fcre verriegelt\",\"datePublished\":\"2017-02-17T10:24:28+00:00\",\"dateModified\":\"2023-03-14T08:00:01+00:00\",\"mainEntityOfPage\":{\"@id\":\"https:\\\/\\\/news.save.ch\\\/wenn-der-virtuelle-einbrecher-die-reale-tuer-versperrt\\\/\"},\"wordCount\":493,\"commentCount\":0,\"publisher\":{\"@id\":\"https:\\\/\\\/news.save.ch\\\/de\\\/#organization\"},\"image\":{\"@id\":\"https:\\\/\\\/news.save.ch\\\/wenn-der-virtuelle-einbrecher-die-reale-tuer-versperrt\\\/#primaryimage\"},\"thumbnailUrl\":\"https:\\\/\\\/news.save.ch\\\/wp-content\\\/uploads\\\/2017\\\/02\\\/Depositphotos-tuer-scaled-1-scaled.jpg\",\"keywords\":[\"Cyber-Crime\",\"Zutrittskontrolle\"],\"articleSection\":[\"ALLGEMEIN\",\"SICHERHEIT\"],\"inLanguage\":\"fr-FR\"},{\"@type\":\"WebPage\",\"@id\":\"https:\\\/\\\/news.save.ch\\\/wenn-der-virtuelle-einbrecher-die-reale-tuer-versperrt\\\/\",\"url\":\"https:\\\/\\\/news.save.ch\\\/wenn-der-virtuelle-einbrecher-die-reale-tuer-versperrt\\\/\",\"name\":\"Wenn der virtuelle Einbrecher die T\u00fcre verriegelt - Save\",\"isPartOf\":{\"@id\":\"https:\\\/\\\/news.save.ch\\\/de\\\/#website\"},\"primaryImageOfPage\":{\"@id\":\"https:\\\/\\\/news.save.ch\\\/wenn-der-virtuelle-einbrecher-die-reale-tuer-versperrt\\\/#primaryimage\"},\"image\":{\"@id\":\"https:\\\/\\\/news.save.ch\\\/wenn-der-virtuelle-einbrecher-die-reale-tuer-versperrt\\\/#primaryimage\"},\"thumbnailUrl\":\"https:\\\/\\\/news.save.ch\\\/wp-content\\\/uploads\\\/2017\\\/02\\\/Depositphotos-tuer-scaled-1-scaled.jpg\",\"datePublished\":\"2017-02-17T10:24:28+00:00\",\"dateModified\":\"2023-03-14T08:00:01+00:00\",\"description\":\"Ein Cyberangriff kann unangenehme Folgen haben: zum Beispiel, wenn den Hotelg\u00e4sten der Zugang zu ihren Zimmern versperrt wird.\",\"breadcrumb\":{\"@id\":\"https:\\\/\\\/news.save.ch\\\/wenn-der-virtuelle-einbrecher-die-reale-tuer-versperrt\\\/#breadcrumb\"},\"inLanguage\":\"fr-FR\",\"potentialAction\":[{\"@type\":\"ReadAction\",\"target\":[\"https:\\\/\\\/news.save.ch\\\/wenn-der-virtuelle-einbrecher-die-reale-tuer-versperrt\\\/\"]}]},{\"@type\":\"ImageObject\",\"inLanguage\":\"fr-FR\",\"@id\":\"https:\\\/\\\/news.save.ch\\\/wenn-der-virtuelle-einbrecher-die-reale-tuer-versperrt\\\/#primaryimage\",\"url\":\"https:\\\/\\\/news.save.ch\\\/wp-content\\\/uploads\\\/2017\\\/02\\\/Depositphotos-tuer-scaled-1-scaled.jpg\",\"contentUrl\":\"https:\\\/\\\/news.save.ch\\\/wp-content\\\/uploads\\\/2017\\\/02\\\/Depositphotos-tuer-scaled-1-scaled.jpg\",\"width\":1400,\"height\":949,\"caption\":\"\u00a9 depositphotos\"},{\"@type\":\"BreadcrumbList\",\"@id\":\"https:\\\/\\\/news.save.ch\\\/wenn-der-virtuelle-einbrecher-die-reale-tuer-versperrt\\\/#breadcrumb\",\"itemListElement\":[{\"@type\":\"ListItem\",\"position\":1,\"name\":\"Home\",\"item\":\"https:\\\/\\\/news.save.ch\\\/de\\\/\"},{\"@type\":\"ListItem\",\"position\":2,\"name\":\"Wenn der virtuelle Einbrecher die T\u00fcre verriegelt\"}]},{\"@type\":\"WebSite\",\"@id\":\"https:\\\/\\\/news.save.ch\\\/de\\\/#website\",\"url\":\"https:\\\/\\\/news.save.ch\\\/de\\\/\",\"name\":\"Save\",\"description\":\"Schweizer Fachzeitschrift f\u00fcr Sicherheit\",\"publisher\":{\"@id\":\"https:\\\/\\\/news.save.ch\\\/de\\\/#organization\"},\"potentialAction\":[{\"@type\":\"SearchAction\",\"target\":{\"@type\":\"EntryPoint\",\"urlTemplate\":\"https:\\\/\\\/news.save.ch\\\/de\\\/?s={search_term_string}\"},\"query-input\":{\"@type\":\"PropertyValueSpecification\",\"valueRequired\":true,\"valueName\":\"search_term_string\"}}],\"inLanguage\":\"fr-FR\"},{\"@type\":\"Organization\",\"@id\":\"https:\\\/\\\/news.save.ch\\\/de\\\/#organization\",\"name\":\"Sicherheitsforum\",\"url\":\"https:\\\/\\\/news.save.ch\\\/de\\\/\",\"logo\":{\"@type\":\"ImageObject\",\"inLanguage\":\"fr-FR\",\"@id\":\"https:\\\/\\\/news.save.ch\\\/de\\\/#\\\/schema\\\/logo\\\/image\\\/\",\"url\":\"https:\\\/\\\/news.save.ch\\\/wp-content\\\/uploads\\\/2022\\\/06\\\/Logo_SF_2012.png\",\"contentUrl\":\"https:\\\/\\\/news.save.ch\\\/wp-content\\\/uploads\\\/2022\\\/06\\\/Logo_SF_2012.png\",\"width\":1100,\"height\":91,\"caption\":\"Sicherheitsforum\"},\"image\":{\"@id\":\"https:\\\/\\\/news.save.ch\\\/de\\\/#\\\/schema\\\/logo\\\/image\\\/\"}},{\"@type\":\"Person\",\"@id\":\"https:\\\/\\\/news.save.ch\\\/de\\\/#\\\/schema\\\/person\\\/d5022db048e0e2b9785c50e5b24da5aa\",\"name\":\"Roger Str\u00e4ssle\",\"image\":{\"@type\":\"ImageObject\",\"inLanguage\":\"fr-FR\",\"@id\":\"https:\\\/\\\/secure.gravatar.com\\\/avatar\\\/862a5569d087de48e5856e32f45d719a03804c891d6deb8d4f71a660e79e4a47?s=96&d=mm&r=g\",\"url\":\"https:\\\/\\\/secure.gravatar.com\\\/avatar\\\/862a5569d087de48e5856e32f45d719a03804c891d6deb8d4f71a660e79e4a47?s=96&d=mm&r=g\",\"contentUrl\":\"https:\\\/\\\/secure.gravatar.com\\\/avatar\\\/862a5569d087de48e5856e32f45d719a03804c891d6deb8d4f71a660e79e4a47?s=96&d=mm&r=g\",\"caption\":\"Roger Str\u00e4ssle\"},\"url\":\"https:\\\/\\\/news.save.ch\\\/fr\\\/author\\\/roger-straessle\\\/\"}]}<\/script>\n<!-- \/ Yoast SEO plugin. -->","yoast_head_json":{"title":"Quand le cambrioleur virtuel verrouille la porte - Save","description":"Une cyberattaque peut avoir des cons\u00e9quences d\u00e9sagr\u00e9ables : par exemple, si les clients de l'h\u00f4tel se voient bloquer l'acc\u00e8s \u00e0 leur chambre.","robots":{"index":"index","follow":"follow","max-snippet":"max-snippet:-1","max-image-preview":"max-image-preview:large","max-video-preview":"max-video-preview:-1"},"canonical":"https:\/\/news.save.ch\/fr\/wenn-der-virtuelle-einbrecher-die-reale-tuer-versperrt\/","og_locale":"fr_FR","og_type":"article","og_title":"Wenn der virtuelle Einbrecher die T\u00fcre verriegelt - Save","og_description":"Ein Cyberangriff kann unangenehme Folgen haben: zum Beispiel, wenn den Hotelg\u00e4sten der Zugang zu ihren Zimmern versperrt wird.","og_url":"https:\/\/news.save.ch\/fr\/wenn-der-virtuelle-einbrecher-die-reale-tuer-versperrt\/","og_site_name":"Save","article_published_time":"2017-02-17T10:24:28+00:00","article_modified_time":"2023-03-14T08:00:01+00:00","og_image":[{"width":1400,"height":949,"url":"https:\/\/news.save.ch\/wp-content\/uploads\/2017\/02\/Depositphotos-tuer-scaled-1-scaled.jpg","type":"image\/jpeg"}],"author":"Roger Str\u00e4ssle","twitter_card":"summary_large_image","twitter_misc":{"\u00c9crit par":"Roger Str\u00e4ssle","Dur\u00e9e de lecture estim\u00e9e":"2 minutes"},"schema":{"@context":"https:\/\/schema.org","@graph":[{"@type":"Article","@id":"https:\/\/news.save.ch\/wenn-der-virtuelle-einbrecher-die-reale-tuer-versperrt\/#article","isPartOf":{"@id":"https:\/\/news.save.ch\/wenn-der-virtuelle-einbrecher-die-reale-tuer-versperrt\/"},"author":{"name":"Roger Str\u00e4ssle","@id":"https:\/\/news.save.ch\/de\/#\/schema\/person\/d5022db048e0e2b9785c50e5b24da5aa"},"headline":"Wenn der virtuelle Einbrecher die T\u00fcre verriegelt","datePublished":"2017-02-17T10:24:28+00:00","dateModified":"2023-03-14T08:00:01+00:00","mainEntityOfPage":{"@id":"https:\/\/news.save.ch\/wenn-der-virtuelle-einbrecher-die-reale-tuer-versperrt\/"},"wordCount":493,"commentCount":0,"publisher":{"@id":"https:\/\/news.save.ch\/de\/#organization"},"image":{"@id":"https:\/\/news.save.ch\/wenn-der-virtuelle-einbrecher-die-reale-tuer-versperrt\/#primaryimage"},"thumbnailUrl":"https:\/\/news.save.ch\/wp-content\/uploads\/2017\/02\/Depositphotos-tuer-scaled-1-scaled.jpg","keywords":["Cyber-Crime","Zutrittskontrolle"],"articleSection":["ALLGEMEIN","SICHERHEIT"],"inLanguage":"fr-FR"},{"@type":"WebPage","@id":"https:\/\/news.save.ch\/wenn-der-virtuelle-einbrecher-die-reale-tuer-versperrt\/","url":"https:\/\/news.save.ch\/wenn-der-virtuelle-einbrecher-die-reale-tuer-versperrt\/","name":"Quand le cambrioleur virtuel verrouille la porte - Save","isPartOf":{"@id":"https:\/\/news.save.ch\/de\/#website"},"primaryImageOfPage":{"@id":"https:\/\/news.save.ch\/wenn-der-virtuelle-einbrecher-die-reale-tuer-versperrt\/#primaryimage"},"image":{"@id":"https:\/\/news.save.ch\/wenn-der-virtuelle-einbrecher-die-reale-tuer-versperrt\/#primaryimage"},"thumbnailUrl":"https:\/\/news.save.ch\/wp-content\/uploads\/2017\/02\/Depositphotos-tuer-scaled-1-scaled.jpg","datePublished":"2017-02-17T10:24:28+00:00","dateModified":"2023-03-14T08:00:01+00:00","description":"Une cyberattaque peut avoir des cons\u00e9quences d\u00e9sagr\u00e9ables : par exemple, si les clients de l'h\u00f4tel se voient bloquer l'acc\u00e8s \u00e0 leur chambre.","breadcrumb":{"@id":"https:\/\/news.save.ch\/wenn-der-virtuelle-einbrecher-die-reale-tuer-versperrt\/#breadcrumb"},"inLanguage":"fr-FR","potentialAction":[{"@type":"ReadAction","target":["https:\/\/news.save.ch\/wenn-der-virtuelle-einbrecher-die-reale-tuer-versperrt\/"]}]},{"@type":"ImageObject","inLanguage":"fr-FR","@id":"https:\/\/news.save.ch\/wenn-der-virtuelle-einbrecher-die-reale-tuer-versperrt\/#primaryimage","url":"https:\/\/news.save.ch\/wp-content\/uploads\/2017\/02\/Depositphotos-tuer-scaled-1-scaled.jpg","contentUrl":"https:\/\/news.save.ch\/wp-content\/uploads\/2017\/02\/Depositphotos-tuer-scaled-1-scaled.jpg","width":1400,"height":949,"caption":"\u00a9 depositphotos"},{"@type":"BreadcrumbList","@id":"https:\/\/news.save.ch\/wenn-der-virtuelle-einbrecher-die-reale-tuer-versperrt\/#breadcrumb","itemListElement":[{"@type":"ListItem","position":1,"name":"Home","item":"https:\/\/news.save.ch\/de\/"},{"@type":"ListItem","position":2,"name":"Wenn der virtuelle Einbrecher die T\u00fcre verriegelt"}]},{"@type":"WebSite","@id":"https:\/\/news.save.ch\/de\/#website","url":"https:\/\/news.save.ch\/de\/","name":"Save","description":"Revue suisse sp\u00e9cialis\u00e9e dans la s\u00e9curit\u00e9","publisher":{"@id":"https:\/\/news.save.ch\/de\/#organization"},"potentialAction":[{"@type":"SearchAction","target":{"@type":"EntryPoint","urlTemplate":"https:\/\/news.save.ch\/de\/?s={search_term_string}"},"query-input":{"@type":"PropertyValueSpecification","valueRequired":true,"valueName":"search_term_string"}}],"inLanguage":"fr-FR"},{"@type":"Organization","@id":"https:\/\/news.save.ch\/de\/#organization","name":"Forum sur la s\u00e9curit\u00e9","url":"https:\/\/news.save.ch\/de\/","logo":{"@type":"ImageObject","inLanguage":"fr-FR","@id":"https:\/\/news.save.ch\/de\/#\/schema\/logo\/image\/","url":"https:\/\/news.save.ch\/wp-content\/uploads\/2022\/06\/Logo_SF_2012.png","contentUrl":"https:\/\/news.save.ch\/wp-content\/uploads\/2022\/06\/Logo_SF_2012.png","width":1100,"height":91,"caption":"Sicherheitsforum"},"image":{"@id":"https:\/\/news.save.ch\/de\/#\/schema\/logo\/image\/"}},{"@type":"Person","@id":"https:\/\/news.save.ch\/de\/#\/schema\/person\/d5022db048e0e2b9785c50e5b24da5aa","name":"Roger Str\u00e4ssle","image":{"@type":"ImageObject","inLanguage":"fr-FR","@id":"https:\/\/secure.gravatar.com\/avatar\/862a5569d087de48e5856e32f45d719a03804c891d6deb8d4f71a660e79e4a47?s=96&d=mm&r=g","url":"https:\/\/secure.gravatar.com\/avatar\/862a5569d087de48e5856e32f45d719a03804c891d6deb8d4f71a660e79e4a47?s=96&d=mm&r=g","contentUrl":"https:\/\/secure.gravatar.com\/avatar\/862a5569d087de48e5856e32f45d719a03804c891d6deb8d4f71a660e79e4a47?s=96&d=mm&r=g","caption":"Roger Str\u00e4ssle"},"url":"https:\/\/news.save.ch\/fr\/author\/roger-straessle\/"}]}},"_links":{"self":[{"href":"https:\/\/news.save.ch\/fr\/wp-json\/wp\/v2\/posts\/4194","targetHints":{"allow":["GET"]}}],"collection":[{"href":"https:\/\/news.save.ch\/fr\/wp-json\/wp\/v2\/posts"}],"about":[{"href":"https:\/\/news.save.ch\/fr\/wp-json\/wp\/v2\/types\/post"}],"author":[{"embeddable":true,"href":"https:\/\/news.save.ch\/fr\/wp-json\/wp\/v2\/users\/8"}],"replies":[{"embeddable":true,"href":"https:\/\/news.save.ch\/fr\/wp-json\/wp\/v2\/comments?post=4194"}],"version-history":[{"count":1,"href":"https:\/\/news.save.ch\/fr\/wp-json\/wp\/v2\/posts\/4194\/revisions"}],"predecessor-version":[{"id":17994,"href":"https:\/\/news.save.ch\/fr\/wp-json\/wp\/v2\/posts\/4194\/revisions\/17994"}],"wp:featuredmedia":[{"embeddable":true,"href":"https:\/\/news.save.ch\/fr\/wp-json\/wp\/v2\/media\/4195"}],"wp:attachment":[{"href":"https:\/\/news.save.ch\/fr\/wp-json\/wp\/v2\/media?parent=4194"}],"wp:term":[{"taxonomy":"category","embeddable":true,"href":"https:\/\/news.save.ch\/fr\/wp-json\/wp\/v2\/categories?post=4194"},{"taxonomy":"post_tag","embeddable":true,"href":"https:\/\/news.save.ch\/fr\/wp-json\/wp\/v2\/tags?post=4194"}],"curies":[{"name":"wp","href":"https:\/\/api.w.org\/{rel}","templated":true}]}}