{"id":421,"date":"2015-06-12T11:48:22","date_gmt":"2015-06-12T09:48:22","guid":{"rendered":"http:\/\/dev.safety-plus.ch\/?p=421"},"modified":"2015-06-12T11:48:22","modified_gmt":"2015-06-12T09:48:22","slug":"nanomaterialien-welche-regulierungen-braucht-es","status":null,"type":"post","link":"https:\/\/news.save.ch\/fr\/nanomaterialien-welche-regulierungen-braucht-es\/","title":{"rendered":"Nanomat\u00e9riaux : quelles sont les r\u00e9glementations n\u00e9cessaires ?"},"content":{"rendered":"<figure id=\"attachment_422\" aria-describedby=\"caption-attachment-422\" style=\"width: 680px\" class=\"wp-caption alignnone\"><img loading=\"lazy\" decoding=\"async\" class=\"wp-image-422 size-medium\" src=\"http:\/\/develop.safety-plus.ch\/wp-content\/uploads\/2016\/12\/Nanomaterialien-Welche-Regulierungen-braucht-es_safety-plus.jpeg\" alt=\"Les nanomat\u00e9riaux sont de plus en plus omnipr\u00e9sents.\" width=\"680\" height=\"680\" \/><figcaption id=\"caption-attachment-422\" class=\"wp-caption-text\">Les nanomat\u00e9riaux sont de plus en plus omnipr\u00e9sents.<\/figcaption><\/figure>\n<p>Les nanomat\u00e9riaux ont de nombreuses applications int\u00e9ressantes, notamment dans le domaine des rev\u00eatements ou de la m\u00e9decine. Mais ils peuvent repr\u00e9senter un danger pour les hommes, les animaux et les plantes en raison de leurs propri\u00e9t\u00e9s sp\u00e9cifiques.<\/p>\n<p>Lors du 9e dialogue international des autorit\u00e9s sur les nanotechnologies \u00e0 Vaduz, des repr\u00e9sentants des autorit\u00e9s, des chercheurs et des entreprises d'Allemagne, d'Autriche, de Suisse et du Liechtenstein discuteront des r\u00e9glementations n\u00e9cessaires pour les nanomat\u00e9riaux afin de prot\u00e9ger l'homme et l'environnement des effets nocifs.<\/p>\n<p>Lors de la conf\u00e9rence, une \"feuille de route 2020\" pour la r\u00e9glementation des nanomat\u00e9riaux a \u00e9t\u00e9 esquiss\u00e9e. A cette occasion, les acteurs ont \u00e9valu\u00e9 diff\u00e9rentes mesures port\u00e9es conjointement pour une utilisation s\u00fbre et durable des nanomat\u00e9riaux.<\/p>\n<p>Les r\u00e9sultats du Dialogue Nano-Autorit\u00e9s servent de base \u00e0 la poursuite des discussions sur les mesures r\u00e9glementaires \u00e0 prendre au niveau national et europ\u00e9en. Le 10e Dialogue international des nano-autorit\u00e9s aura lieu au printemps 2016 en Suisse, \u00e0 l'invitation de l'Office f\u00e9d\u00e9ral de l'environnement (OFEV).<\/p>","protected":false},"excerpt":{"rendered":"<p>Nanomaterialen haben zahlreiche interessante Anwendung, etwa bei Beschichtungen oder in der Medizin. Doch sie k\u00f6nnen aufgrund ihrer speziellen Eigenschaften eine Gefahr f\u00fcr Menschen, Tiere und Pflanzen darstellen. Am 9. internationalen Nano-Beh\u00f6rdendialog in Vaduz diskutieren Beh\u00f6rdenvertreter, Forscher und Unternehmen aus Deutschland, \u00d6sterreich, der Schweiz und Liechtenstein, welche Regulierungen es f\u00fcr Nanomaterialien braucht, um Mensch und Umwelt [&hellip;]<\/p>\n","protected":false},"author":1,"featured_media":422,"comment_status":"open","ping_status":"open","sticky":false,"template":"","format":"standard","meta":{"_acf_changed":false,"pgc_sgb_lightbox_settings":"","footnotes":""},"categories":[1],"tags":[2024,759,127,128],"class_list":["post-421","post","type-post","status-publish","format-standard","has-post-thumbnail","hentry","category-allgemein","tag-fachkongress","tag-fachmesse","tag-gefaehrliche-stoffe","tag-gifte"],"acf":[],"hkrextid":null,"publication":null,"issue":null,"workflow":null,"startPage":null,"spitzmarke":null,"_posts_by_tag_page_fields":{"widget_title":"","widget_tags":""},"_at_widget":"1","_yoast_wpseo_primary_category":"1","_yoast_wpseo_focuskw_text_input":"Nanomaterialien","_yoast_wpseo_opengraph-image":null,"_yoast_wpseo_opengraph-description":null,"_yoast_wpseo_opengraph-title":null,"enclosure":null,"_yoast_wpseo_twitter-title":null,"_yoast_wpseo_twitter-description":null,"_yoast_wpseo_twitter-image":null,"_wp_old_slug":null,"_yoast_wpseo_title":null,"_yoast_wpseo_canonical":null,"yoast_head":"<!-- This site is optimized with the Yoast SEO plugin v27.4 - https:\/\/yoast.com\/product\/yoast-seo-wordpress\/ -->\n<title>Nanomaterialien: Welche Regulierungen braucht es? - Save<\/title>\n<meta name=\"description\" content=\"Welche Regulierungen sind in Bezug auf Nanomaterialien n\u00f6tig und sinnvoll?\" \/>\n<meta name=\"robots\" content=\"index, follow, max-snippet:-1, max-image-preview:large, max-video-preview:-1\" \/>\n<link rel=\"canonical\" href=\"https:\/\/news.save.ch\/fr\/nanomaterialien-welche-regulierungen-braucht-es\/\" \/>\n<meta property=\"og:locale\" content=\"fr_FR\" \/>\n<meta property=\"og:type\" content=\"article\" \/>\n<meta property=\"og:title\" content=\"Nanomaterialien: Welche Regulierungen braucht es? - Save\" \/>\n<meta property=\"og:description\" content=\"Welche Regulierungen sind in Bezug auf Nanomaterialien n\u00f6tig und sinnvoll?\" \/>\n<meta property=\"og:url\" content=\"https:\/\/news.save.ch\/fr\/nanomaterialien-welche-regulierungen-braucht-es\/\" \/>\n<meta property=\"og:site_name\" content=\"Save\" \/>\n<meta property=\"article:published_time\" content=\"2015-06-12T09:48:22+00:00\" \/>\n<meta property=\"og:image\" content=\"https:\/\/news.save.ch\/wp-content\/uploads\/2016\/12\/Nanomaterialien-Welche-Regulierungen-braucht-es_safety-plus-scaled-1.jpeg\" \/>\n\t<meta property=\"og:image:width\" content=\"1200\" \/>\n\t<meta property=\"og:image:height\" content=\"1200\" \/>\n\t<meta property=\"og:image:type\" content=\"image\/jpeg\" \/>\n<meta name=\"author\" content=\"admin\" \/>\n<meta name=\"twitter:card\" content=\"summary_large_image\" \/>\n<meta name=\"twitter:label1\" content=\"\u00c9crit par\" \/>\n\t<meta name=\"twitter:data1\" content=\"admin\" \/>\n\t<meta name=\"twitter:label2\" content=\"Dur\u00e9e de lecture estim\u00e9e\" \/>\n\t<meta name=\"twitter:data2\" content=\"1 minute\" \/>\n<script type=\"application\/ld+json\" class=\"yoast-schema-graph\">{\"@context\":\"https:\\\/\\\/schema.org\",\"@graph\":[{\"@type\":\"Article\",\"@id\":\"https:\\\/\\\/news.save.ch\\\/nanomaterialien-welche-regulierungen-braucht-es\\\/#article\",\"isPartOf\":{\"@id\":\"https:\\\/\\\/news.save.ch\\\/nanomaterialien-welche-regulierungen-braucht-es\\\/\"},\"author\":{\"name\":\"admin\",\"@id\":\"https:\\\/\\\/news.save.ch\\\/de\\\/#\\\/schema\\\/person\\\/d49e199490bad7c70d64b9ab51142f2b\"},\"headline\":\"Nanomaterialien: Welche Regulierungen braucht es?\",\"datePublished\":\"2015-06-12T09:48:22+00:00\",\"mainEntityOfPage\":{\"@id\":\"https:\\\/\\\/news.save.ch\\\/nanomaterialien-welche-regulierungen-braucht-es\\\/\"},\"wordCount\":156,\"commentCount\":1,\"publisher\":{\"@id\":\"https:\\\/\\\/news.save.ch\\\/de\\\/#organization\"},\"image\":{\"@id\":\"https:\\\/\\\/news.save.ch\\\/nanomaterialien-welche-regulierungen-braucht-es\\\/#primaryimage\"},\"thumbnailUrl\":\"https:\\\/\\\/news.save.ch\\\/wp-content\\\/uploads\\\/2016\\\/12\\\/Nanomaterialien-Welche-Regulierungen-braucht-es_safety-plus-scaled-1.jpeg\",\"keywords\":[\"Fachkongress\",\"Fachmesse\",\"Gef\u00e4hrliche Stoffe\",\"Gifte\"],\"articleSection\":[\"ALLGEMEIN\"],\"inLanguage\":\"fr-FR\"},{\"@type\":\"WebPage\",\"@id\":\"https:\\\/\\\/news.save.ch\\\/nanomaterialien-welche-regulierungen-braucht-es\\\/\",\"url\":\"https:\\\/\\\/news.save.ch\\\/nanomaterialien-welche-regulierungen-braucht-es\\\/\",\"name\":\"Nanomaterialien: Welche Regulierungen braucht es? - Save\",\"isPartOf\":{\"@id\":\"https:\\\/\\\/news.save.ch\\\/de\\\/#website\"},\"primaryImageOfPage\":{\"@id\":\"https:\\\/\\\/news.save.ch\\\/nanomaterialien-welche-regulierungen-braucht-es\\\/#primaryimage\"},\"image\":{\"@id\":\"https:\\\/\\\/news.save.ch\\\/nanomaterialien-welche-regulierungen-braucht-es\\\/#primaryimage\"},\"thumbnailUrl\":\"https:\\\/\\\/news.save.ch\\\/wp-content\\\/uploads\\\/2016\\\/12\\\/Nanomaterialien-Welche-Regulierungen-braucht-es_safety-plus-scaled-1.jpeg\",\"datePublished\":\"2015-06-12T09:48:22+00:00\",\"description\":\"Welche Regulierungen sind in Bezug auf Nanomaterialien n\u00f6tig und sinnvoll?\",\"breadcrumb\":{\"@id\":\"https:\\\/\\\/news.save.ch\\\/nanomaterialien-welche-regulierungen-braucht-es\\\/#breadcrumb\"},\"inLanguage\":\"fr-FR\",\"potentialAction\":[{\"@type\":\"ReadAction\",\"target\":[\"https:\\\/\\\/news.save.ch\\\/nanomaterialien-welche-regulierungen-braucht-es\\\/\"]}]},{\"@type\":\"ImageObject\",\"inLanguage\":\"fr-FR\",\"@id\":\"https:\\\/\\\/news.save.ch\\\/nanomaterialien-welche-regulierungen-braucht-es\\\/#primaryimage\",\"url\":\"https:\\\/\\\/news.save.ch\\\/wp-content\\\/uploads\\\/2016\\\/12\\\/Nanomaterialien-Welche-Regulierungen-braucht-es_safety-plus-scaled-1.jpeg\",\"contentUrl\":\"https:\\\/\\\/news.save.ch\\\/wp-content\\\/uploads\\\/2016\\\/12\\\/Nanomaterialien-Welche-Regulierungen-braucht-es_safety-plus-scaled-1.jpeg\",\"width\":1200,\"height\":1200,\"caption\":\"Nanomaterialien werden immer allgegenw\u00e4rtiger.\"},{\"@type\":\"BreadcrumbList\",\"@id\":\"https:\\\/\\\/news.save.ch\\\/nanomaterialien-welche-regulierungen-braucht-es\\\/#breadcrumb\",\"itemListElement\":[{\"@type\":\"ListItem\",\"position\":1,\"name\":\"Home\",\"item\":\"https:\\\/\\\/news.save.ch\\\/de\\\/\"},{\"@type\":\"ListItem\",\"position\":2,\"name\":\"Nanomaterialien: Welche Regulierungen braucht es?\"}]},{\"@type\":\"WebSite\",\"@id\":\"https:\\\/\\\/news.save.ch\\\/de\\\/#website\",\"url\":\"https:\\\/\\\/news.save.ch\\\/de\\\/\",\"name\":\"Save\",\"description\":\"Schweizer Fachzeitschrift f\u00fcr Sicherheit\",\"publisher\":{\"@id\":\"https:\\\/\\\/news.save.ch\\\/de\\\/#organization\"},\"potentialAction\":[{\"@type\":\"SearchAction\",\"target\":{\"@type\":\"EntryPoint\",\"urlTemplate\":\"https:\\\/\\\/news.save.ch\\\/de\\\/?s={search_term_string}\"},\"query-input\":{\"@type\":\"PropertyValueSpecification\",\"valueRequired\":true,\"valueName\":\"search_term_string\"}}],\"inLanguage\":\"fr-FR\"},{\"@type\":\"Organization\",\"@id\":\"https:\\\/\\\/news.save.ch\\\/de\\\/#organization\",\"name\":\"Sicherheitsforum\",\"url\":\"https:\\\/\\\/news.save.ch\\\/de\\\/\",\"logo\":{\"@type\":\"ImageObject\",\"inLanguage\":\"fr-FR\",\"@id\":\"https:\\\/\\\/news.save.ch\\\/de\\\/#\\\/schema\\\/logo\\\/image\\\/\",\"url\":\"https:\\\/\\\/news.save.ch\\\/wp-content\\\/uploads\\\/2022\\\/06\\\/Logo_SF_2012.png\",\"contentUrl\":\"https:\\\/\\\/news.save.ch\\\/wp-content\\\/uploads\\\/2022\\\/06\\\/Logo_SF_2012.png\",\"width\":1100,\"height\":91,\"caption\":\"Sicherheitsforum\"},\"image\":{\"@id\":\"https:\\\/\\\/news.save.ch\\\/de\\\/#\\\/schema\\\/logo\\\/image\\\/\"}},{\"@type\":\"Person\",\"@id\":\"https:\\\/\\\/news.save.ch\\\/de\\\/#\\\/schema\\\/person\\\/d49e199490bad7c70d64b9ab51142f2b\",\"name\":\"admin\",\"image\":{\"@type\":\"ImageObject\",\"inLanguage\":\"fr-FR\",\"@id\":\"https:\\\/\\\/secure.gravatar.com\\\/avatar\\\/ae2f4d718e6c49043e314ce431e7e645d646302a24a5ef5a8bc8e3f5a032e319?s=96&d=mm&r=g\",\"url\":\"https:\\\/\\\/secure.gravatar.com\\\/avatar\\\/ae2f4d718e6c49043e314ce431e7e645d646302a24a5ef5a8bc8e3f5a032e319?s=96&d=mm&r=g\",\"contentUrl\":\"https:\\\/\\\/secure.gravatar.com\\\/avatar\\\/ae2f4d718e6c49043e314ce431e7e645d646302a24a5ef5a8bc8e3f5a032e319?s=96&d=mm&r=g\",\"caption\":\"admin\"},\"sameAs\":[\"https:\\\/\\\/develop.organisator.galledia.ch\"],\"url\":\"https:\\\/\\\/news.save.ch\\\/fr\\\/author\\\/admin\\\/\"}]}<\/script>\n<!-- \/ Yoast SEO plugin. -->","yoast_head_json":{"title":"Nanomat\u00e9riaux : quelles sont les r\u00e9glementations n\u00e9cessaires ? - Save","description":"Quelles sont les r\u00e9glementations n\u00e9cessaires et utiles en ce qui concerne les nanomat\u00e9riaux ?","robots":{"index":"index","follow":"follow","max-snippet":"max-snippet:-1","max-image-preview":"max-image-preview:large","max-video-preview":"max-video-preview:-1"},"canonical":"https:\/\/news.save.ch\/fr\/nanomaterialien-welche-regulierungen-braucht-es\/","og_locale":"fr_FR","og_type":"article","og_title":"Nanomaterialien: Welche Regulierungen braucht es? - Save","og_description":"Welche Regulierungen sind in Bezug auf Nanomaterialien n\u00f6tig und sinnvoll?","og_url":"https:\/\/news.save.ch\/fr\/nanomaterialien-welche-regulierungen-braucht-es\/","og_site_name":"Save","article_published_time":"2015-06-12T09:48:22+00:00","og_image":[{"width":1200,"height":1200,"url":"https:\/\/news.save.ch\/wp-content\/uploads\/2016\/12\/Nanomaterialien-Welche-Regulierungen-braucht-es_safety-plus-scaled-1.jpeg","type":"image\/jpeg"}],"author":"admin","twitter_card":"summary_large_image","twitter_misc":{"\u00c9crit par":"admin","Dur\u00e9e de lecture estim\u00e9e":"1 minute"},"schema":{"@context":"https:\/\/schema.org","@graph":[{"@type":"Article","@id":"https:\/\/news.save.ch\/nanomaterialien-welche-regulierungen-braucht-es\/#article","isPartOf":{"@id":"https:\/\/news.save.ch\/nanomaterialien-welche-regulierungen-braucht-es\/"},"author":{"name":"admin","@id":"https:\/\/news.save.ch\/de\/#\/schema\/person\/d49e199490bad7c70d64b9ab51142f2b"},"headline":"Nanomaterialien: Welche Regulierungen braucht es?","datePublished":"2015-06-12T09:48:22+00:00","mainEntityOfPage":{"@id":"https:\/\/news.save.ch\/nanomaterialien-welche-regulierungen-braucht-es\/"},"wordCount":156,"commentCount":1,"publisher":{"@id":"https:\/\/news.save.ch\/de\/#organization"},"image":{"@id":"https:\/\/news.save.ch\/nanomaterialien-welche-regulierungen-braucht-es\/#primaryimage"},"thumbnailUrl":"https:\/\/news.save.ch\/wp-content\/uploads\/2016\/12\/Nanomaterialien-Welche-Regulierungen-braucht-es_safety-plus-scaled-1.jpeg","keywords":["Fachkongress","Fachmesse","Gef\u00e4hrliche Stoffe","Gifte"],"articleSection":["ALLGEMEIN"],"inLanguage":"fr-FR"},{"@type":"WebPage","@id":"https:\/\/news.save.ch\/nanomaterialien-welche-regulierungen-braucht-es\/","url":"https:\/\/news.save.ch\/nanomaterialien-welche-regulierungen-braucht-es\/","name":"Nanomat\u00e9riaux : quelles sont les r\u00e9glementations n\u00e9cessaires ? - Save","isPartOf":{"@id":"https:\/\/news.save.ch\/de\/#website"},"primaryImageOfPage":{"@id":"https:\/\/news.save.ch\/nanomaterialien-welche-regulierungen-braucht-es\/#primaryimage"},"image":{"@id":"https:\/\/news.save.ch\/nanomaterialien-welche-regulierungen-braucht-es\/#primaryimage"},"thumbnailUrl":"https:\/\/news.save.ch\/wp-content\/uploads\/2016\/12\/Nanomaterialien-Welche-Regulierungen-braucht-es_safety-plus-scaled-1.jpeg","datePublished":"2015-06-12T09:48:22+00:00","description":"Quelles sont les r\u00e9glementations n\u00e9cessaires et utiles en ce qui concerne les nanomat\u00e9riaux ?","breadcrumb":{"@id":"https:\/\/news.save.ch\/nanomaterialien-welche-regulierungen-braucht-es\/#breadcrumb"},"inLanguage":"fr-FR","potentialAction":[{"@type":"ReadAction","target":["https:\/\/news.save.ch\/nanomaterialien-welche-regulierungen-braucht-es\/"]}]},{"@type":"ImageObject","inLanguage":"fr-FR","@id":"https:\/\/news.save.ch\/nanomaterialien-welche-regulierungen-braucht-es\/#primaryimage","url":"https:\/\/news.save.ch\/wp-content\/uploads\/2016\/12\/Nanomaterialien-Welche-Regulierungen-braucht-es_safety-plus-scaled-1.jpeg","contentUrl":"https:\/\/news.save.ch\/wp-content\/uploads\/2016\/12\/Nanomaterialien-Welche-Regulierungen-braucht-es_safety-plus-scaled-1.jpeg","width":1200,"height":1200,"caption":"Nanomaterialien werden immer allgegenw\u00e4rtiger."},{"@type":"BreadcrumbList","@id":"https:\/\/news.save.ch\/nanomaterialien-welche-regulierungen-braucht-es\/#breadcrumb","itemListElement":[{"@type":"ListItem","position":1,"name":"Home","item":"https:\/\/news.save.ch\/de\/"},{"@type":"ListItem","position":2,"name":"Nanomaterialien: Welche Regulierungen braucht es?"}]},{"@type":"WebSite","@id":"https:\/\/news.save.ch\/de\/#website","url":"https:\/\/news.save.ch\/de\/","name":"Save","description":"Revue suisse sp\u00e9cialis\u00e9e dans la s\u00e9curit\u00e9","publisher":{"@id":"https:\/\/news.save.ch\/de\/#organization"},"potentialAction":[{"@type":"SearchAction","target":{"@type":"EntryPoint","urlTemplate":"https:\/\/news.save.ch\/de\/?s={search_term_string}"},"query-input":{"@type":"PropertyValueSpecification","valueRequired":true,"valueName":"search_term_string"}}],"inLanguage":"fr-FR"},{"@type":"Organization","@id":"https:\/\/news.save.ch\/de\/#organization","name":"Forum sur la s\u00e9curit\u00e9","url":"https:\/\/news.save.ch\/de\/","logo":{"@type":"ImageObject","inLanguage":"fr-FR","@id":"https:\/\/news.save.ch\/de\/#\/schema\/logo\/image\/","url":"https:\/\/news.save.ch\/wp-content\/uploads\/2022\/06\/Logo_SF_2012.png","contentUrl":"https:\/\/news.save.ch\/wp-content\/uploads\/2022\/06\/Logo_SF_2012.png","width":1100,"height":91,"caption":"Sicherheitsforum"},"image":{"@id":"https:\/\/news.save.ch\/de\/#\/schema\/logo\/image\/"}},{"@type":"Person","@id":"https:\/\/news.save.ch\/de\/#\/schema\/person\/d49e199490bad7c70d64b9ab51142f2b","name":"admin","image":{"@type":"ImageObject","inLanguage":"fr-FR","@id":"https:\/\/secure.gravatar.com\/avatar\/ae2f4d718e6c49043e314ce431e7e645d646302a24a5ef5a8bc8e3f5a032e319?s=96&d=mm&r=g","url":"https:\/\/secure.gravatar.com\/avatar\/ae2f4d718e6c49043e314ce431e7e645d646302a24a5ef5a8bc8e3f5a032e319?s=96&d=mm&r=g","contentUrl":"https:\/\/secure.gravatar.com\/avatar\/ae2f4d718e6c49043e314ce431e7e645d646302a24a5ef5a8bc8e3f5a032e319?s=96&d=mm&r=g","caption":"admin"},"sameAs":["https:\/\/develop.organisator.galledia.ch"],"url":"https:\/\/news.save.ch\/fr\/author\/admin\/"}]}},"_links":{"self":[{"href":"https:\/\/news.save.ch\/fr\/wp-json\/wp\/v2\/posts\/421","targetHints":{"allow":["GET"]}}],"collection":[{"href":"https:\/\/news.save.ch\/fr\/wp-json\/wp\/v2\/posts"}],"about":[{"href":"https:\/\/news.save.ch\/fr\/wp-json\/wp\/v2\/types\/post"}],"author":[{"embeddable":true,"href":"https:\/\/news.save.ch\/fr\/wp-json\/wp\/v2\/users\/1"}],"replies":[{"embeddable":true,"href":"https:\/\/news.save.ch\/fr\/wp-json\/wp\/v2\/comments?post=421"}],"version-history":[{"count":0,"href":"https:\/\/news.save.ch\/fr\/wp-json\/wp\/v2\/posts\/421\/revisions"}],"wp:featuredmedia":[{"embeddable":true,"href":"https:\/\/news.save.ch\/fr\/wp-json\/wp\/v2\/media\/422"}],"wp:attachment":[{"href":"https:\/\/news.save.ch\/fr\/wp-json\/wp\/v2\/media?parent=421"}],"wp:term":[{"taxonomy":"category","embeddable":true,"href":"https:\/\/news.save.ch\/fr\/wp-json\/wp\/v2\/categories?post=421"},{"taxonomy":"post_tag","embeddable":true,"href":"https:\/\/news.save.ch\/fr\/wp-json\/wp\/v2\/tags?post=421"}],"curies":[{"name":"wp","href":"https:\/\/api.w.org\/{rel}","templated":true}]}}