{"id":4305,"date":"2019-09-09T10:58:33","date_gmt":"2019-09-09T08:58:33","guid":{"rendered":"https:\/\/news.save.ch\/?p=4305"},"modified":"2023-03-14T09:03:57","modified_gmt":"2023-03-14T08:03:57","slug":"sgig-fachtagung-bei-regent","status":null,"type":"post","link":"https:\/\/news.save.ch\/fr\/sgig-fachtagung-bei-regent\/","title":{"rendered":"Journ\u00e9e d'\u00e9tude de la SSIG chez Regent"},"content":{"rendered":"<figure id=\"attachment_4306\" aria-describedby=\"caption-attachment-4306\" style=\"width: 680px\" class=\"wp-caption alignnone\"><img loading=\"lazy\" decoding=\"async\" class=\"size-medium wp-image-4306\" src=\"http:\/\/develop.safety-plus.ch\/wp-content\/uploads\/2019\/07\/REGENT.jpg\" alt=\"Gr\u00e2ce \u00e0 sa comp\u00e9tence globale, Regent offre une orientation sur le march\u00e9 des luminaires, qui offre de nombreuses opportunit\u00e9s gr\u00e2ce aux LED et \u00e0 l&#039;utilisation de technologies num\u00e9riques d&#039;avenir. \u00a9 REGENT\" width=\"680\" height=\"452\" \/><figcaption id=\"caption-attachment-4306\" class=\"wp-caption-text\">Gr\u00e2ce \u00e0 sa comp\u00e9tence globale, Regent offre une orientation sur le march\u00e9 des luminaires, qui offre de nombreuses opportunit\u00e9s gr\u00e2ce aux LED et \u00e0 l'utilisation de technologies num\u00e9riques d'avenir.<br \/>REGENT<\/figcaption><\/figure>\n<p>La soci\u00e9t\u00e9 Regent, dont le si\u00e8ge est \u00e0 B\u00e2le, emploie environ 600 personnes dans six pays. Elle est leader du march\u00e9 en Suisse et l'un des principaux fabricants de luminaires en Europe. Ses produits sont vendus au niveau international dans 35 pays par le biais de partenaires de distribution.<\/p>\n<p>Lors de cette journ\u00e9e d'\u00e9tude de la SSIGE, les participants pourront approfondir leurs connaissances sur le th\u00e8me de l'\u00e9ducation \u00e0 la sant\u00e9. <a href=\"https:\/\/www.regent.ch\/unternehmen\/regent-lighting-center\/basel\/\" target=\"_blank\" rel=\"noopener\">Lumi\u00e8re et \u00e9clairage<\/a> approfondir et on leur propose des solutions possibles pour les <a href=\"https:\/\/news.save.ch\/fr\/daemmerlicht-fuehrt-zur-verdummung\/\" target=\"_blank\" rel=\"noopener\">\u00c9clairage<\/a> dans l'industrie et l'artisanat, dans l'administration et dans la vente.<\/p>\n<p><strong>Programme<\/strong><\/p>\n<p>Apr\u00e8s le mot de bienvenue du pr\u00e9sident de la SSIGE et d'un repr\u00e9sentant de la direction de Regent Beleuchtungsk\u00f6rper AG, le d\u00e9roulement suivant de la journ\u00e9e est pr\u00e9vu :<\/p>\n<ul>\n<li>Pr\u00e9sentation de l'entreprise par Marcel Brodbeck, Lighting Consultant.<br \/>\nLes expos\u00e9s suivants sont ensuite pr\u00e9vus par des sp\u00e9cialistes de Regent Beleuchtungsk\u00f6rper AG :<\/li>\n<li>Expos\u00e9 technique par le responsable du laboratoire<\/li>\n<li>\u00c9clairage du lieu de travail \"TunableWhite\" par la gestion des produits<\/li>\n<li>Nouvelles technologies, comme \"Mydata Analysis\", \"Mydata Position\", \"LIFI<\/li>\n<\/ul>\n<p>Les points suivants sont pr\u00e9vus au programme de l'apr\u00e8s-midi :<\/p>\n<ul>\n<li>Visite de l'entreprise en alternance avec<\/li>\n<li>\u00c9tudes de cas et d\u00e9monstrations des domaines administration - industrie - vente dans les locaux de l'entreprise<\/li>\n<li>Expos\u00e9 technique \"L'\u00e9clairage artificiel dans le d\u00e9roulement de la journ\u00e9e\".<\/li>\n<\/ul>\n<p>Vous obtiendrez de plus amples informations ainsi que le formulaire d'inscription \u00e0 ce colloque directement sur le site de l'association. La date limite d'inscription est fix\u00e9e au vendredi 20 septembre 2019.<\/p>\n<p>Groupe d'\u00e9tude sur la protection de la sant\u00e9 dans l'industrie, les services et l'artisanat (SGIG)<\/p>\n<p><a href=\"http:\/\/www.sgig.ch\" target=\"_blank\" rel=\"noopener\">www.sgig.ch<\/a><\/p>","protected":false},"excerpt":{"rendered":"<p>Die Firma Regent mit Sitz in Basel besch\u00e4ftigt rund 600 Mitarbeiter in sechs L\u00e4ndern, ist Marktf\u00fchrer in der Schweiz und einer der f\u00fchrenden Leuchtenhersteller in Europa. \u00dcber Distributionspartner werden ihre Produkte international in 35 L\u00e4ndern vertrieben. An dieser SGIG Fachtagung k\u00f6nnen die Teilnehmenden ihr Wissen zum Thema Licht und Beleuchtung vertiefen und es werden ihnen [&hellip;]<\/p>\n","protected":false},"author":1,"featured_media":4306,"comment_status":"open","ping_status":"open","sticky":false,"template":"","format":"standard","meta":{"_acf_changed":false,"pgc_sgb_lightbox_settings":"","footnotes":""},"categories":[1,3314],"tags":[183,172,1779,2223,2417,2467,2775,2900,2901,3115,160],"class_list":["post-4305","post","type-post","status-publish","format-standard","has-post-thumbnail","hentry","category-allgemein","category-health-safety","tag-arbeitsplatzgestaltung","tag-arbeitssicherheit","tag-betriebsrundgang","tag-hcl","tag-kuenstliche-beleuchtung","tag-lifi","tag-regent","tag-sgig","tag-sgig-fachtagung","tag-tunable-white","tag-veranstaltungen"],"acf":[],"hkrextid":null,"publication":null,"issue":null,"workflow":null,"startPage":null,"spitzmarke":null,"_posts_by_tag_page_fields":{"widget_title":"","widget_tags":""},"_at_widget":"1","_yoast_wpseo_primary_category":"4","_yoast_wpseo_focuskw_text_input":"SGIG Fachtagung","_yoast_wpseo_opengraph-image":null,"_yoast_wpseo_opengraph-description":null,"_yoast_wpseo_opengraph-title":null,"enclosure":null,"_yoast_wpseo_twitter-title":null,"_yoast_wpseo_twitter-description":null,"_yoast_wpseo_twitter-image":null,"_wp_old_slug":null,"_yoast_wpseo_title":null,"_yoast_wpseo_canonical":null,"yoast_head":"<!-- This site is optimized with the Yoast SEO plugin v27.5 - https:\/\/yoast.com\/product\/yoast-seo-wordpress\/ -->\n<title>SGIG Fachtagung bei Regent - Save<\/title>\n<meta name=\"description\" content=\"SGIG-Fachtagung zum Thema Beleuchtung in Theorie und Praxis bei Regent Lighting.\" \/>\n<meta name=\"robots\" content=\"index, follow, max-snippet:-1, max-image-preview:large, max-video-preview:-1\" \/>\n<link rel=\"canonical\" href=\"https:\/\/news.save.ch\/fr\/sgig-fachtagung-bei-regent\/\" \/>\n<meta property=\"og:locale\" content=\"fr_FR\" \/>\n<meta property=\"og:type\" content=\"article\" \/>\n<meta property=\"og:title\" content=\"SGIG Fachtagung bei Regent - Save\" \/>\n<meta property=\"og:description\" content=\"SGIG-Fachtagung zum Thema Beleuchtung in Theorie und Praxis bei Regent Lighting.\" \/>\n<meta property=\"og:url\" content=\"https:\/\/news.save.ch\/fr\/sgig-fachtagung-bei-regent\/\" \/>\n<meta property=\"og:site_name\" content=\"Save\" \/>\n<meta property=\"article:published_time\" content=\"2019-09-09T08:58:33+00:00\" \/>\n<meta property=\"article:modified_time\" content=\"2023-03-14T08:03:57+00:00\" \/>\n<meta property=\"og:image\" content=\"https:\/\/news.save.ch\/wp-content\/uploads\/2019\/07\/REGENT-scaled-1.jpg\" \/>\n\t<meta property=\"og:image:width\" content=\"1200\" \/>\n\t<meta property=\"og:image:height\" content=\"799\" \/>\n\t<meta property=\"og:image:type\" content=\"image\/jpeg\" \/>\n<meta name=\"author\" content=\"admin\" \/>\n<meta name=\"twitter:card\" content=\"summary_large_image\" \/>\n<meta name=\"twitter:label1\" content=\"\u00c9crit par\" \/>\n\t<meta name=\"twitter:data1\" content=\"admin\" \/>\n\t<meta name=\"twitter:label2\" content=\"Dur\u00e9e de lecture estim\u00e9e\" \/>\n\t<meta name=\"twitter:data2\" content=\"1 minute\" \/>\n<script type=\"application\/ld+json\" class=\"yoast-schema-graph\">{\"@context\":\"https:\\\/\\\/schema.org\",\"@graph\":[{\"@type\":\"Article\",\"@id\":\"https:\\\/\\\/news.save.ch\\\/sgig-fachtagung-bei-regent\\\/#article\",\"isPartOf\":{\"@id\":\"https:\\\/\\\/news.save.ch\\\/sgig-fachtagung-bei-regent\\\/\"},\"author\":{\"name\":\"admin\",\"@id\":\"https:\\\/\\\/news.save.ch\\\/de\\\/#\\\/schema\\\/person\\\/d49e199490bad7c70d64b9ab51142f2b\"},\"headline\":\"SGIG Fachtagung bei Regent\",\"datePublished\":\"2019-09-09T08:58:33+00:00\",\"dateModified\":\"2023-03-14T08:03:57+00:00\",\"mainEntityOfPage\":{\"@id\":\"https:\\\/\\\/news.save.ch\\\/sgig-fachtagung-bei-regent\\\/\"},\"wordCount\":241,\"commentCount\":0,\"publisher\":{\"@id\":\"https:\\\/\\\/news.save.ch\\\/de\\\/#organization\"},\"image\":{\"@id\":\"https:\\\/\\\/news.save.ch\\\/sgig-fachtagung-bei-regent\\\/#primaryimage\"},\"thumbnailUrl\":\"https:\\\/\\\/news.save.ch\\\/wp-content\\\/uploads\\\/2019\\\/07\\\/REGENT-scaled-1.jpg\",\"keywords\":[\"Arbeitsplatzgestaltung\",\"Arbeitssicherheit\",\"Betriebsrundgang\",\"HCL\",\"K\u00fcnstliche Beleuchtung\",\"LIFI\",\"Regent\",\"SGIG\",\"SGIG Fachtagung\",\"tunable white\",\"Veranstaltungen\"],\"articleSection\":[\"ALLGEMEIN\",\"HEALTH &amp; SAFETY\"],\"inLanguage\":\"fr-FR\"},{\"@type\":\"WebPage\",\"@id\":\"https:\\\/\\\/news.save.ch\\\/sgig-fachtagung-bei-regent\\\/\",\"url\":\"https:\\\/\\\/news.save.ch\\\/sgig-fachtagung-bei-regent\\\/\",\"name\":\"SGIG Fachtagung bei Regent - Save\",\"isPartOf\":{\"@id\":\"https:\\\/\\\/news.save.ch\\\/de\\\/#website\"},\"primaryImageOfPage\":{\"@id\":\"https:\\\/\\\/news.save.ch\\\/sgig-fachtagung-bei-regent\\\/#primaryimage\"},\"image\":{\"@id\":\"https:\\\/\\\/news.save.ch\\\/sgig-fachtagung-bei-regent\\\/#primaryimage\"},\"thumbnailUrl\":\"https:\\\/\\\/news.save.ch\\\/wp-content\\\/uploads\\\/2019\\\/07\\\/REGENT-scaled-1.jpg\",\"datePublished\":\"2019-09-09T08:58:33+00:00\",\"dateModified\":\"2023-03-14T08:03:57+00:00\",\"description\":\"SGIG-Fachtagung zum Thema Beleuchtung in Theorie und Praxis bei Regent Lighting.\",\"breadcrumb\":{\"@id\":\"https:\\\/\\\/news.save.ch\\\/sgig-fachtagung-bei-regent\\\/#breadcrumb\"},\"inLanguage\":\"fr-FR\",\"potentialAction\":[{\"@type\":\"ReadAction\",\"target\":[\"https:\\\/\\\/news.save.ch\\\/sgig-fachtagung-bei-regent\\\/\"]}]},{\"@type\":\"ImageObject\",\"inLanguage\":\"fr-FR\",\"@id\":\"https:\\\/\\\/news.save.ch\\\/sgig-fachtagung-bei-regent\\\/#primaryimage\",\"url\":\"https:\\\/\\\/news.save.ch\\\/wp-content\\\/uploads\\\/2019\\\/07\\\/REGENT-scaled-1.jpg\",\"contentUrl\":\"https:\\\/\\\/news.save.ch\\\/wp-content\\\/uploads\\\/2019\\\/07\\\/REGENT-scaled-1.jpg\",\"width\":1200,\"height\":799,\"caption\":\"Durch ihre ganzheitliche Kompetenz bietet Regent Orientierung im Leuchtenmarkt, der durch LED und den Einsatz von zukunftsweisenden digitalen Technologien viele Chancen bietet. \u00a9 REGENT\"},{\"@type\":\"BreadcrumbList\",\"@id\":\"https:\\\/\\\/news.save.ch\\\/sgig-fachtagung-bei-regent\\\/#breadcrumb\",\"itemListElement\":[{\"@type\":\"ListItem\",\"position\":1,\"name\":\"Home\",\"item\":\"https:\\\/\\\/news.save.ch\\\/de\\\/\"},{\"@type\":\"ListItem\",\"position\":2,\"name\":\"SGIG Fachtagung bei Regent\"}]},{\"@type\":\"WebSite\",\"@id\":\"https:\\\/\\\/news.save.ch\\\/de\\\/#website\",\"url\":\"https:\\\/\\\/news.save.ch\\\/de\\\/\",\"name\":\"Save\",\"description\":\"Schweizer Fachzeitschrift f\u00fcr Sicherheit\",\"publisher\":{\"@id\":\"https:\\\/\\\/news.save.ch\\\/de\\\/#organization\"},\"potentialAction\":[{\"@type\":\"SearchAction\",\"target\":{\"@type\":\"EntryPoint\",\"urlTemplate\":\"https:\\\/\\\/news.save.ch\\\/de\\\/?s={search_term_string}\"},\"query-input\":{\"@type\":\"PropertyValueSpecification\",\"valueRequired\":true,\"valueName\":\"search_term_string\"}}],\"inLanguage\":\"fr-FR\"},{\"@type\":\"Organization\",\"@id\":\"https:\\\/\\\/news.save.ch\\\/de\\\/#organization\",\"name\":\"Sicherheitsforum\",\"url\":\"https:\\\/\\\/news.save.ch\\\/de\\\/\",\"logo\":{\"@type\":\"ImageObject\",\"inLanguage\":\"fr-FR\",\"@id\":\"https:\\\/\\\/news.save.ch\\\/de\\\/#\\\/schema\\\/logo\\\/image\\\/\",\"url\":\"https:\\\/\\\/news.save.ch\\\/wp-content\\\/uploads\\\/2022\\\/06\\\/Logo_SF_2012.png\",\"contentUrl\":\"https:\\\/\\\/news.save.ch\\\/wp-content\\\/uploads\\\/2022\\\/06\\\/Logo_SF_2012.png\",\"width\":1100,\"height\":91,\"caption\":\"Sicherheitsforum\"},\"image\":{\"@id\":\"https:\\\/\\\/news.save.ch\\\/de\\\/#\\\/schema\\\/logo\\\/image\\\/\"}},{\"@type\":\"Person\",\"@id\":\"https:\\\/\\\/news.save.ch\\\/de\\\/#\\\/schema\\\/person\\\/d49e199490bad7c70d64b9ab51142f2b\",\"name\":\"admin\",\"image\":{\"@type\":\"ImageObject\",\"inLanguage\":\"fr-FR\",\"@id\":\"https:\\\/\\\/secure.gravatar.com\\\/avatar\\\/ae2f4d718e6c49043e314ce431e7e645d646302a24a5ef5a8bc8e3f5a032e319?s=96&d=mm&r=g\",\"url\":\"https:\\\/\\\/secure.gravatar.com\\\/avatar\\\/ae2f4d718e6c49043e314ce431e7e645d646302a24a5ef5a8bc8e3f5a032e319?s=96&d=mm&r=g\",\"contentUrl\":\"https:\\\/\\\/secure.gravatar.com\\\/avatar\\\/ae2f4d718e6c49043e314ce431e7e645d646302a24a5ef5a8bc8e3f5a032e319?s=96&d=mm&r=g\",\"caption\":\"admin\"},\"sameAs\":[\"https:\\\/\\\/develop.organisator.galledia.ch\"],\"url\":\"https:\\\/\\\/news.save.ch\\\/fr\\\/author\\\/admin\\\/\"}]}<\/script>\n<!-- \/ Yoast SEO plugin. -->","yoast_head_json":{"title":"Journ\u00e9e d'\u00e9tude de la SSIG chez Regent - Save","description":"Journ\u00e9e d'\u00e9tude de la SSIG sur le th\u00e8me de l'\u00e9clairage en th\u00e9orie et en pratique chez Regent Lighting.","robots":{"index":"index","follow":"follow","max-snippet":"max-snippet:-1","max-image-preview":"max-image-preview:large","max-video-preview":"max-video-preview:-1"},"canonical":"https:\/\/news.save.ch\/fr\/sgig-fachtagung-bei-regent\/","og_locale":"fr_FR","og_type":"article","og_title":"SGIG Fachtagung bei Regent - Save","og_description":"SGIG-Fachtagung zum Thema Beleuchtung in Theorie und Praxis bei Regent Lighting.","og_url":"https:\/\/news.save.ch\/fr\/sgig-fachtagung-bei-regent\/","og_site_name":"Save","article_published_time":"2019-09-09T08:58:33+00:00","article_modified_time":"2023-03-14T08:03:57+00:00","og_image":[{"width":1200,"height":799,"url":"https:\/\/news.save.ch\/wp-content\/uploads\/2019\/07\/REGENT-scaled-1.jpg","type":"image\/jpeg"}],"author":"admin","twitter_card":"summary_large_image","twitter_misc":{"\u00c9crit par":"admin","Dur\u00e9e de lecture estim\u00e9e":"1 minute"},"schema":{"@context":"https:\/\/schema.org","@graph":[{"@type":"Article","@id":"https:\/\/news.save.ch\/sgig-fachtagung-bei-regent\/#article","isPartOf":{"@id":"https:\/\/news.save.ch\/sgig-fachtagung-bei-regent\/"},"author":{"name":"admin","@id":"https:\/\/news.save.ch\/de\/#\/schema\/person\/d49e199490bad7c70d64b9ab51142f2b"},"headline":"SGIG Fachtagung bei Regent","datePublished":"2019-09-09T08:58:33+00:00","dateModified":"2023-03-14T08:03:57+00:00","mainEntityOfPage":{"@id":"https:\/\/news.save.ch\/sgig-fachtagung-bei-regent\/"},"wordCount":241,"commentCount":0,"publisher":{"@id":"https:\/\/news.save.ch\/de\/#organization"},"image":{"@id":"https:\/\/news.save.ch\/sgig-fachtagung-bei-regent\/#primaryimage"},"thumbnailUrl":"https:\/\/news.save.ch\/wp-content\/uploads\/2019\/07\/REGENT-scaled-1.jpg","keywords":["Arbeitsplatzgestaltung","Arbeitssicherheit","Betriebsrundgang","HCL","K\u00fcnstliche Beleuchtung","LIFI","Regent","SGIG","SGIG Fachtagung","tunable white","Veranstaltungen"],"articleSection":["ALLGEMEIN","HEALTH &amp; SAFETY"],"inLanguage":"fr-FR"},{"@type":"WebPage","@id":"https:\/\/news.save.ch\/sgig-fachtagung-bei-regent\/","url":"https:\/\/news.save.ch\/sgig-fachtagung-bei-regent\/","name":"Journ\u00e9e d'\u00e9tude de la SSIG chez Regent - Save","isPartOf":{"@id":"https:\/\/news.save.ch\/de\/#website"},"primaryImageOfPage":{"@id":"https:\/\/news.save.ch\/sgig-fachtagung-bei-regent\/#primaryimage"},"image":{"@id":"https:\/\/news.save.ch\/sgig-fachtagung-bei-regent\/#primaryimage"},"thumbnailUrl":"https:\/\/news.save.ch\/wp-content\/uploads\/2019\/07\/REGENT-scaled-1.jpg","datePublished":"2019-09-09T08:58:33+00:00","dateModified":"2023-03-14T08:03:57+00:00","description":"Journ\u00e9e d'\u00e9tude de la SSIG sur le th\u00e8me de l'\u00e9clairage en th\u00e9orie et en pratique chez Regent Lighting.","breadcrumb":{"@id":"https:\/\/news.save.ch\/sgig-fachtagung-bei-regent\/#breadcrumb"},"inLanguage":"fr-FR","potentialAction":[{"@type":"ReadAction","target":["https:\/\/news.save.ch\/sgig-fachtagung-bei-regent\/"]}]},{"@type":"ImageObject","inLanguage":"fr-FR","@id":"https:\/\/news.save.ch\/sgig-fachtagung-bei-regent\/#primaryimage","url":"https:\/\/news.save.ch\/wp-content\/uploads\/2019\/07\/REGENT-scaled-1.jpg","contentUrl":"https:\/\/news.save.ch\/wp-content\/uploads\/2019\/07\/REGENT-scaled-1.jpg","width":1200,"height":799,"caption":"Durch ihre ganzheitliche Kompetenz bietet Regent Orientierung im Leuchtenmarkt, der durch LED und den Einsatz von zukunftsweisenden digitalen Technologien viele Chancen bietet. \u00a9 REGENT"},{"@type":"BreadcrumbList","@id":"https:\/\/news.save.ch\/sgig-fachtagung-bei-regent\/#breadcrumb","itemListElement":[{"@type":"ListItem","position":1,"name":"Home","item":"https:\/\/news.save.ch\/de\/"},{"@type":"ListItem","position":2,"name":"SGIG Fachtagung bei Regent"}]},{"@type":"WebSite","@id":"https:\/\/news.save.ch\/de\/#website","url":"https:\/\/news.save.ch\/de\/","name":"Save","description":"Revue suisse sp\u00e9cialis\u00e9e dans la s\u00e9curit\u00e9","publisher":{"@id":"https:\/\/news.save.ch\/de\/#organization"},"potentialAction":[{"@type":"SearchAction","target":{"@type":"EntryPoint","urlTemplate":"https:\/\/news.save.ch\/de\/?s={search_term_string}"},"query-input":{"@type":"PropertyValueSpecification","valueRequired":true,"valueName":"search_term_string"}}],"inLanguage":"fr-FR"},{"@type":"Organization","@id":"https:\/\/news.save.ch\/de\/#organization","name":"Forum sur la s\u00e9curit\u00e9","url":"https:\/\/news.save.ch\/de\/","logo":{"@type":"ImageObject","inLanguage":"fr-FR","@id":"https:\/\/news.save.ch\/de\/#\/schema\/logo\/image\/","url":"https:\/\/news.save.ch\/wp-content\/uploads\/2022\/06\/Logo_SF_2012.png","contentUrl":"https:\/\/news.save.ch\/wp-content\/uploads\/2022\/06\/Logo_SF_2012.png","width":1100,"height":91,"caption":"Sicherheitsforum"},"image":{"@id":"https:\/\/news.save.ch\/de\/#\/schema\/logo\/image\/"}},{"@type":"Person","@id":"https:\/\/news.save.ch\/de\/#\/schema\/person\/d49e199490bad7c70d64b9ab51142f2b","name":"admin","image":{"@type":"ImageObject","inLanguage":"fr-FR","@id":"https:\/\/secure.gravatar.com\/avatar\/ae2f4d718e6c49043e314ce431e7e645d646302a24a5ef5a8bc8e3f5a032e319?s=96&d=mm&r=g","url":"https:\/\/secure.gravatar.com\/avatar\/ae2f4d718e6c49043e314ce431e7e645d646302a24a5ef5a8bc8e3f5a032e319?s=96&d=mm&r=g","contentUrl":"https:\/\/secure.gravatar.com\/avatar\/ae2f4d718e6c49043e314ce431e7e645d646302a24a5ef5a8bc8e3f5a032e319?s=96&d=mm&r=g","caption":"admin"},"sameAs":["https:\/\/develop.organisator.galledia.ch"],"url":"https:\/\/news.save.ch\/fr\/author\/admin\/"}]}},"_links":{"self":[{"href":"https:\/\/news.save.ch\/fr\/wp-json\/wp\/v2\/posts\/4305","targetHints":{"allow":["GET"]}}],"collection":[{"href":"https:\/\/news.save.ch\/fr\/wp-json\/wp\/v2\/posts"}],"about":[{"href":"https:\/\/news.save.ch\/fr\/wp-json\/wp\/v2\/types\/post"}],"author":[{"embeddable":true,"href":"https:\/\/news.save.ch\/fr\/wp-json\/wp\/v2\/users\/1"}],"replies":[{"embeddable":true,"href":"https:\/\/news.save.ch\/fr\/wp-json\/wp\/v2\/comments?post=4305"}],"version-history":[{"count":1,"href":"https:\/\/news.save.ch\/fr\/wp-json\/wp\/v2\/posts\/4305\/revisions"}],"predecessor-version":[{"id":18639,"href":"https:\/\/news.save.ch\/fr\/wp-json\/wp\/v2\/posts\/4305\/revisions\/18639"}],"wp:featuredmedia":[{"embeddable":true,"href":"https:\/\/news.save.ch\/fr\/wp-json\/wp\/v2\/media\/4306"}],"wp:attachment":[{"href":"https:\/\/news.save.ch\/fr\/wp-json\/wp\/v2\/media?parent=4305"}],"wp:term":[{"taxonomy":"category","embeddable":true,"href":"https:\/\/news.save.ch\/fr\/wp-json\/wp\/v2\/categories?post=4305"},{"taxonomy":"post_tag","embeddable":true,"href":"https:\/\/news.save.ch\/fr\/wp-json\/wp\/v2\/tags?post=4305"}],"curies":[{"name":"wp","href":"https:\/\/api.w.org\/{rel}","templated":true}]}}