{"id":432,"date":"2015-06-05T11:13:59","date_gmt":"2015-06-05T09:13:59","guid":{"rendered":"https:\/\/dev.sicherheitsforum.ch\/?p=432"},"modified":"2023-03-14T08:57:39","modified_gmt":"2023-03-14T07:57:39","slug":"ncs-umsetzung-auf-kurs","status":null,"type":"post","link":"https:\/\/news.save.ch\/fr\/ncs-umsetzung-auf-kurs\/","title":{"rendered":"Mise en \u0153uvre NCS en bonne voie"},"content":{"rendered":"<p><img loading=\"lazy\" decoding=\"async\" class=\"alignnone wp-image-433 size-medium\" src=\"https:\/\/news.save.ch\/wp-content\/uploads\/2016\/12\/NCS-Umsetzung-auf-Kurs-it-security.jpg\" alt=\"Poign\u00e9es de main sur le clavier de l&#039;ordinateur portable\" width=\"680\" height=\"453\" \/><\/p>\n<p>Les 16 mesures doivent \u00eatre achev\u00e9es d'ici fin 2017. Chaque ann\u00e9e, le comit\u00e9 de pilotage soumet <a href=\"https:\/\/www.isb.admin.ch\/themen\/01709\/01710\/index.html?lang=de\" target=\"_blank\" data-cke-saved-href=\"https:\/\/www.isb.admin.ch\/themen\/01709\/01710\/index.html?lang=de\" rel=\"noopener\">NCS<\/a> au Conseil f\u00e9d\u00e9ral un <a title=\"Rapport annuel\" href=\"https:\/\/www.news.admin.ch\/NSBSubscriber\/message\/attachments\/39698.pdf\" target=\"_blank\" data-cke-saved-href=\"https:\/\/www.news.admin.ch\/NSBSubscriber\/message\/attachments\/39698.pdf\" rel=\"noopener\">Rapport <\/a>sur les progr\u00e8s r\u00e9alis\u00e9s.<\/p>\n<p><strong>Objectifs importants atteints, premi\u00e8res mesures achev\u00e9es<\/strong><\/p>\n<p>En 2014, les premiers objectifs et \u00e9tapes importants ont \u00e9t\u00e9 atteints comme pr\u00e9vu. Deux mesures sont d\u00e9j\u00e0 achev\u00e9es : une vue d'ensemble des bases juridiques pertinentes dans le domaine cybern\u00e9tique ainsi qu'un concept de proc\u00e9dures et de processus de gestion \u00e0 utiliser en cas de cyberincident. Un autre succ\u00e8s important a pu \u00eatre obtenu gr\u00e2ce \u00e0 l'\u00e9tablissement du r\u00e9seau de comp\u00e9tences \"Swiss Cyber Experts\", un partenariat public-priv\u00e9 entre la Conf\u00e9d\u00e9ration et l'\u00e9conomie pour la collaboration lors de la gestion de cyberincidents graves. Au sein de la Conf\u00e9d\u00e9ration, la nouvelle division Cyber du Service de renseignement de la Conf\u00e9d\u00e9ration (SRC) permettra \u00e0 l'avenir de faciliter l'identification des auteurs. En outre, les centres de comp\u00e9tence existants pour l'analyse des logiciels malveillants (CERT) ont renforc\u00e9 leur disponibilit\u00e9 et leur capacit\u00e9 \u00e0 durer.<\/p>\n<p>Parmi les mesures en cours de mise en \u0153uvre, il convient de souligner que certains exploitants d'infrastructures critiques ont r\u00e9alis\u00e9 des analyses de risques et de vuln\u00e9rabilit\u00e9 concernant les cyber-risques et que, sur la base des r\u00e9sultats, l'\u00e9laboration d'un concept de gestion de la continuit\u00e9 a pu \u00eatre lanc\u00e9e. De m\u00eame, les travaux d'\u00e9laboration d'un tableau de la situation se d\u00e9roulent comme pr\u00e9vu. La coop\u00e9ration internationale au niveau bilat\u00e9ral et multilat\u00e9ral a \u00e9galement \u00e9t\u00e9 consid\u00e9rablement renforc\u00e9e, notamment dans le cadre des mesures de confiance de l'OSCE, dont la Suisse a assur\u00e9 la pr\u00e9sidence en 2014.<\/p>\n<p><strong>\u00c9valuation de l'efficacit\u00e9 en cours\u00a0<\/strong><\/p>\n<p>Les activit\u00e9s de protection contre les cyber-risques issues de la NCS doivent \u00eatre adapt\u00e9es p\u00e9riodiquement \u00e0 l'\u00e9volution du paysage des menaces et poursuivies au-del\u00e0 de 2017. Afin de v\u00e9rifier l'efficacit\u00e9 des diff\u00e9rentes mesures, une analyse correspondante sera r\u00e9alis\u00e9e au cours des ann\u00e9es 2015 et 2016. Celle-ci sera pr\u00e9sent\u00e9e au Conseil f\u00e9d\u00e9ral au printemps 2017 sous la forme d'un rapport final complet.<\/p>\n<p><strong>Mise en \u0153uvre d\u00e9centralis\u00e9e mais coordonn\u00e9e des NCS<\/strong><\/p>\n<p>Avec la NCS, le Conseil f\u00e9d\u00e9ral s'est fix\u00e9 trois objectifs strat\u00e9giques principaux : l'identification pr\u00e9coce des menaces et des dangers dans le domaine cybern\u00e9tique, l'augmentation de la capacit\u00e9 de r\u00e9sistance des infrastructures critiques et la r\u00e9duction efficace des cyberrisques. Il en r\u00e9sulte un large \u00e9ventail de mesures qui sont trait\u00e9es de mani\u00e8re d\u00e9centralis\u00e9e par les unit\u00e9s organisationnelles comp\u00e9tentes. Le service de coordination NCS, rattach\u00e9 \u00e0 la Centrale d'enregistrement et d'analyse pour la s\u00fbret\u00e9 de l'information (MELANI), coordonne les travaux aux niveaux op\u00e9rationnel et technique. Le comit\u00e9 de pilotage NCS, nomm\u00e9 par le Conseil f\u00e9d\u00e9ral et compos\u00e9 de repr\u00e9sentants de tous les d\u00e9partements impliqu\u00e9s, assume la responsabilit\u00e9 strat\u00e9gique. Afin de garantir que la mise en \u0153uvre se d\u00e9roule de mani\u00e8re coordonn\u00e9e et que les objectifs strat\u00e9giques soient atteints dans les d\u00e9lais, le service de coordination NCS a d\u00e9fini des \u00e9tapes avec les services f\u00e9d\u00e9raux responsables et les a consign\u00e9es dans une feuille de route.<\/p>\n<p><em>Communiqu\u00e9 de presse du Conseil f\u00e9d\u00e9ral<\/em><\/p>\n<p>&nbsp;<\/p>","protected":false},"excerpt":{"rendered":"<p>Die 16 Massnahmen sollen bis Ende 2017 abgeschlossen sein. J\u00e4hrlich unterbreitet der Steuerungsausschuss NCS dem Bundesrat einen Bericht \u00fcber die erzielten Fortschritte. Wichtige Ziele erreicht, erste Massnahmen abgeschlossen Im Jahr 2014 wurden erste wichtige Ziele und Meilensteine\u00a0 planm\u00e4ssig erreicht. Zwei Massnahmen sind bereits abgeschlossen: eine \u00dcbersicht der relevanten Rechtsgrundlagen im Cyber-Bereich sowie\u00a0 ein Konzept f\u00fcr [&hellip;]<\/p>\n","protected":false},"author":1,"featured_media":433,"comment_status":"open","ping_status":"open","sticky":false,"template":"","format":"standard","meta":{"_acf_changed":false,"pgc_sgb_lightbox_settings":"","footnotes":""},"categories":[3313],"tags":[96,63],"class_list":["post-432","post","type-post","status-publish","format-standard","has-post-thumbnail","hentry","category-digitalisierung","tag-cyber-crime","tag-it-security"],"acf":[],"hkrextid":null,"publication":null,"issue":null,"workflow":null,"startPage":null,"spitzmarke":null,"_posts_by_tag_page_fields":{"widget_title":"","widget_tags":""},"_at_widget":"1","_yoast_wpseo_primary_category":"2","_yoast_wpseo_focuskw_text_input":"NCS","_yoast_wpseo_opengraph-image":"https:\/\/news.save.ch\/wp-content\/uploads\/2016\/12\/NCS-Umsetzung-auf-Kurs-it-security.jpg","_yoast_wpseo_opengraph-description":"Der Bundesrat hat den Jahresbericht 2014 des Steuerungsausschusses \u00fcber den Umsetzungsstand der \u00abNationalen Strategie zum Schutz der Schweiz vor Cyber-Risiken (NCS)\u00bb zur Kenntnis genommen. Der Jahresbericht gibt eine Gesamt\u00fcbersicht \u00fcber die Umsetzungsarbeiten und informiert \u00fcber die erreichten Ziele der Massnahmen.","_yoast_wpseo_opengraph-title":"NCS-Umsetzung auf Kurs","enclosure":null,"_yoast_wpseo_twitter-title":null,"_yoast_wpseo_twitter-description":null,"_yoast_wpseo_twitter-image":null,"_wp_old_slug":null,"_yoast_wpseo_title":null,"_yoast_wpseo_canonical":null,"yoast_head":"<!-- This site is optimized with the Yoast SEO plugin v27.5 - https:\/\/yoast.com\/product\/yoast-seo-wordpress\/ -->\n<title>NCS-Umsetzung auf Kurs - Save<\/title>\n<meta name=\"description\" content=\"Der Bundesrat hat den Jahresbericht 2014 des Steuerungsausschusses \u00fcber den Umsetzungsstand der NCS zur Kenntnis genommen.\" \/>\n<meta name=\"robots\" content=\"index, follow, max-snippet:-1, max-image-preview:large, max-video-preview:-1\" \/>\n<link rel=\"canonical\" href=\"https:\/\/news.save.ch\/fr\/ncs-umsetzung-auf-kurs\/\" \/>\n<meta property=\"og:locale\" content=\"fr_FR\" \/>\n<meta property=\"og:type\" content=\"article\" \/>\n<meta property=\"og:title\" content=\"NCS-Umsetzung auf Kurs\" \/>\n<meta property=\"og:description\" content=\"Der Bundesrat hat den Jahresbericht 2014 des Steuerungsausschusses \u00fcber den Umsetzungsstand der \u00abNationalen Strategie zum Schutz der Schweiz vor Cyber-Risiken (NCS)\u00bb zur Kenntnis genommen. Der Jahresbericht gibt eine Gesamt\u00fcbersicht \u00fcber die Umsetzungsarbeiten und informiert \u00fcber die erreichten Ziele der Massnahmen.\" \/>\n<meta property=\"og:url\" content=\"https:\/\/news.save.ch\/fr\/ncs-umsetzung-auf-kurs\/\" \/>\n<meta property=\"og:site_name\" content=\"Save\" \/>\n<meta property=\"article:published_time\" content=\"2015-06-05T09:13:59+00:00\" \/>\n<meta property=\"article:modified_time\" content=\"2023-03-14T07:57:39+00:00\" \/>\n<meta property=\"og:image\" content=\"https:\/\/news.save.ch\/wp-content\/uploads\/2016\/12\/NCS-Umsetzung-auf-Kurs-it-security.jpg\" \/>\n<meta name=\"author\" content=\"admin\" \/>\n<meta name=\"twitter:card\" content=\"summary_large_image\" \/>\n<meta name=\"twitter:label1\" content=\"\u00c9crit par\" \/>\n\t<meta name=\"twitter:data1\" content=\"admin\" \/>\n\t<meta name=\"twitter:label2\" content=\"Dur\u00e9e de lecture estim\u00e9e\" \/>\n\t<meta name=\"twitter:data2\" content=\"2 minutes\" \/>\n<script type=\"application\/ld+json\" class=\"yoast-schema-graph\">{\"@context\":\"https:\\\/\\\/schema.org\",\"@graph\":[{\"@type\":\"Article\",\"@id\":\"https:\\\/\\\/news.save.ch\\\/ncs-umsetzung-auf-kurs\\\/#article\",\"isPartOf\":{\"@id\":\"https:\\\/\\\/news.save.ch\\\/ncs-umsetzung-auf-kurs\\\/\"},\"author\":{\"name\":\"admin\",\"@id\":\"https:\\\/\\\/news.save.ch\\\/de\\\/#\\\/schema\\\/person\\\/d49e199490bad7c70d64b9ab51142f2b\"},\"headline\":\"NCS-Umsetzung auf Kurs\",\"datePublished\":\"2015-06-05T09:13:59+00:00\",\"dateModified\":\"2023-03-14T07:57:39+00:00\",\"mainEntityOfPage\":{\"@id\":\"https:\\\/\\\/news.save.ch\\\/ncs-umsetzung-auf-kurs\\\/\"},\"wordCount\":417,\"commentCount\":0,\"publisher\":{\"@id\":\"https:\\\/\\\/news.save.ch\\\/de\\\/#organization\"},\"image\":{\"@id\":\"https:\\\/\\\/news.save.ch\\\/ncs-umsetzung-auf-kurs\\\/#primaryimage\"},\"thumbnailUrl\":\"https:\\\/\\\/news.save.ch\\\/wp-content\\\/uploads\\\/2016\\\/12\\\/NCS-Umsetzung-auf-Kurs-it-security-scaled.jpg\",\"keywords\":[\"Cyber-Crime\",\"IT-SECURITY\"],\"articleSection\":[\"DIGITALISIERUNG\"],\"inLanguage\":\"fr-FR\"},{\"@type\":\"WebPage\",\"@id\":\"https:\\\/\\\/news.save.ch\\\/ncs-umsetzung-auf-kurs\\\/\",\"url\":\"https:\\\/\\\/news.save.ch\\\/ncs-umsetzung-auf-kurs\\\/\",\"name\":\"NCS-Umsetzung auf Kurs - Save\",\"isPartOf\":{\"@id\":\"https:\\\/\\\/news.save.ch\\\/de\\\/#website\"},\"primaryImageOfPage\":{\"@id\":\"https:\\\/\\\/news.save.ch\\\/ncs-umsetzung-auf-kurs\\\/#primaryimage\"},\"image\":{\"@id\":\"https:\\\/\\\/news.save.ch\\\/ncs-umsetzung-auf-kurs\\\/#primaryimage\"},\"thumbnailUrl\":\"https:\\\/\\\/news.save.ch\\\/wp-content\\\/uploads\\\/2016\\\/12\\\/NCS-Umsetzung-auf-Kurs-it-security-scaled.jpg\",\"datePublished\":\"2015-06-05T09:13:59+00:00\",\"dateModified\":\"2023-03-14T07:57:39+00:00\",\"description\":\"Der Bundesrat hat den Jahresbericht 2014 des Steuerungsausschusses \u00fcber den Umsetzungsstand der NCS zur Kenntnis genommen.\",\"breadcrumb\":{\"@id\":\"https:\\\/\\\/news.save.ch\\\/ncs-umsetzung-auf-kurs\\\/#breadcrumb\"},\"inLanguage\":\"fr-FR\",\"potentialAction\":[{\"@type\":\"ReadAction\",\"target\":[\"https:\\\/\\\/news.save.ch\\\/ncs-umsetzung-auf-kurs\\\/\"]}]},{\"@type\":\"ImageObject\",\"inLanguage\":\"fr-FR\",\"@id\":\"https:\\\/\\\/news.save.ch\\\/ncs-umsetzung-auf-kurs\\\/#primaryimage\",\"url\":\"https:\\\/\\\/news.save.ch\\\/wp-content\\\/uploads\\\/2016\\\/12\\\/NCS-Umsetzung-auf-Kurs-it-security-scaled.jpg\",\"contentUrl\":\"https:\\\/\\\/news.save.ch\\\/wp-content\\\/uploads\\\/2016\\\/12\\\/NCS-Umsetzung-auf-Kurs-it-security-scaled.jpg\",\"width\":1400,\"height\":934},{\"@type\":\"BreadcrumbList\",\"@id\":\"https:\\\/\\\/news.save.ch\\\/ncs-umsetzung-auf-kurs\\\/#breadcrumb\",\"itemListElement\":[{\"@type\":\"ListItem\",\"position\":1,\"name\":\"Home\",\"item\":\"https:\\\/\\\/news.save.ch\\\/de\\\/\"},{\"@type\":\"ListItem\",\"position\":2,\"name\":\"NCS-Umsetzung auf Kurs\"}]},{\"@type\":\"WebSite\",\"@id\":\"https:\\\/\\\/news.save.ch\\\/de\\\/#website\",\"url\":\"https:\\\/\\\/news.save.ch\\\/de\\\/\",\"name\":\"Save\",\"description\":\"Schweizer Fachzeitschrift f\u00fcr Sicherheit\",\"publisher\":{\"@id\":\"https:\\\/\\\/news.save.ch\\\/de\\\/#organization\"},\"potentialAction\":[{\"@type\":\"SearchAction\",\"target\":{\"@type\":\"EntryPoint\",\"urlTemplate\":\"https:\\\/\\\/news.save.ch\\\/de\\\/?s={search_term_string}\"},\"query-input\":{\"@type\":\"PropertyValueSpecification\",\"valueRequired\":true,\"valueName\":\"search_term_string\"}}],\"inLanguage\":\"fr-FR\"},{\"@type\":\"Organization\",\"@id\":\"https:\\\/\\\/news.save.ch\\\/de\\\/#organization\",\"name\":\"Sicherheitsforum\",\"url\":\"https:\\\/\\\/news.save.ch\\\/de\\\/\",\"logo\":{\"@type\":\"ImageObject\",\"inLanguage\":\"fr-FR\",\"@id\":\"https:\\\/\\\/news.save.ch\\\/de\\\/#\\\/schema\\\/logo\\\/image\\\/\",\"url\":\"https:\\\/\\\/news.save.ch\\\/wp-content\\\/uploads\\\/2022\\\/06\\\/Logo_SF_2012.png\",\"contentUrl\":\"https:\\\/\\\/news.save.ch\\\/wp-content\\\/uploads\\\/2022\\\/06\\\/Logo_SF_2012.png\",\"width\":1100,\"height\":91,\"caption\":\"Sicherheitsforum\"},\"image\":{\"@id\":\"https:\\\/\\\/news.save.ch\\\/de\\\/#\\\/schema\\\/logo\\\/image\\\/\"}},{\"@type\":\"Person\",\"@id\":\"https:\\\/\\\/news.save.ch\\\/de\\\/#\\\/schema\\\/person\\\/d49e199490bad7c70d64b9ab51142f2b\",\"name\":\"admin\",\"image\":{\"@type\":\"ImageObject\",\"inLanguage\":\"fr-FR\",\"@id\":\"https:\\\/\\\/secure.gravatar.com\\\/avatar\\\/ae2f4d718e6c49043e314ce431e7e645d646302a24a5ef5a8bc8e3f5a032e319?s=96&d=mm&r=g\",\"url\":\"https:\\\/\\\/secure.gravatar.com\\\/avatar\\\/ae2f4d718e6c49043e314ce431e7e645d646302a24a5ef5a8bc8e3f5a032e319?s=96&d=mm&r=g\",\"contentUrl\":\"https:\\\/\\\/secure.gravatar.com\\\/avatar\\\/ae2f4d718e6c49043e314ce431e7e645d646302a24a5ef5a8bc8e3f5a032e319?s=96&d=mm&r=g\",\"caption\":\"admin\"},\"sameAs\":[\"https:\\\/\\\/develop.organisator.galledia.ch\"],\"url\":\"https:\\\/\\\/news.save.ch\\\/fr\\\/author\\\/admin\\\/\"}]}<\/script>\n<!-- \/ Yoast SEO plugin. -->","yoast_head_json":{"title":"Mise en \u0153uvre NCS sur la bonne voie - Save","description":"Le Conseil f\u00e9d\u00e9ral a pris connaissance du rapport annuel 2014 du comit\u00e9 de pilotage sur l'\u00e9tat de la mise en \u0153uvre de la NCS.","robots":{"index":"index","follow":"follow","max-snippet":"max-snippet:-1","max-image-preview":"max-image-preview:large","max-video-preview":"max-video-preview:-1"},"canonical":"https:\/\/news.save.ch\/fr\/ncs-umsetzung-auf-kurs\/","og_locale":"fr_FR","og_type":"article","og_title":"NCS-Umsetzung auf Kurs","og_description":"Der Bundesrat hat den Jahresbericht 2014 des Steuerungsausschusses \u00fcber den Umsetzungsstand der \u00abNationalen Strategie zum Schutz der Schweiz vor Cyber-Risiken (NCS)\u00bb zur Kenntnis genommen. Der Jahresbericht gibt eine Gesamt\u00fcbersicht \u00fcber die Umsetzungsarbeiten und informiert \u00fcber die erreichten Ziele der Massnahmen.","og_url":"https:\/\/news.save.ch\/fr\/ncs-umsetzung-auf-kurs\/","og_site_name":"Save","article_published_time":"2015-06-05T09:13:59+00:00","article_modified_time":"2023-03-14T07:57:39+00:00","og_image":[{"url":"https:\/\/news.save.ch\/wp-content\/uploads\/2016\/12\/NCS-Umsetzung-auf-Kurs-it-security.jpg","type":"","width":"","height":""}],"author":"admin","twitter_card":"summary_large_image","twitter_misc":{"\u00c9crit par":"admin","Dur\u00e9e de lecture estim\u00e9e":"2 minutes"},"schema":{"@context":"https:\/\/schema.org","@graph":[{"@type":"Article","@id":"https:\/\/news.save.ch\/ncs-umsetzung-auf-kurs\/#article","isPartOf":{"@id":"https:\/\/news.save.ch\/ncs-umsetzung-auf-kurs\/"},"author":{"name":"admin","@id":"https:\/\/news.save.ch\/de\/#\/schema\/person\/d49e199490bad7c70d64b9ab51142f2b"},"headline":"NCS-Umsetzung auf Kurs","datePublished":"2015-06-05T09:13:59+00:00","dateModified":"2023-03-14T07:57:39+00:00","mainEntityOfPage":{"@id":"https:\/\/news.save.ch\/ncs-umsetzung-auf-kurs\/"},"wordCount":417,"commentCount":0,"publisher":{"@id":"https:\/\/news.save.ch\/de\/#organization"},"image":{"@id":"https:\/\/news.save.ch\/ncs-umsetzung-auf-kurs\/#primaryimage"},"thumbnailUrl":"https:\/\/news.save.ch\/wp-content\/uploads\/2016\/12\/NCS-Umsetzung-auf-Kurs-it-security-scaled.jpg","keywords":["Cyber-Crime","IT-SECURITY"],"articleSection":["DIGITALISIERUNG"],"inLanguage":"fr-FR"},{"@type":"WebPage","@id":"https:\/\/news.save.ch\/ncs-umsetzung-auf-kurs\/","url":"https:\/\/news.save.ch\/ncs-umsetzung-auf-kurs\/","name":"Mise en \u0153uvre NCS sur la bonne voie - Save","isPartOf":{"@id":"https:\/\/news.save.ch\/de\/#website"},"primaryImageOfPage":{"@id":"https:\/\/news.save.ch\/ncs-umsetzung-auf-kurs\/#primaryimage"},"image":{"@id":"https:\/\/news.save.ch\/ncs-umsetzung-auf-kurs\/#primaryimage"},"thumbnailUrl":"https:\/\/news.save.ch\/wp-content\/uploads\/2016\/12\/NCS-Umsetzung-auf-Kurs-it-security-scaled.jpg","datePublished":"2015-06-05T09:13:59+00:00","dateModified":"2023-03-14T07:57:39+00:00","description":"Le Conseil f\u00e9d\u00e9ral a pris connaissance du rapport annuel 2014 du comit\u00e9 de pilotage sur l'\u00e9tat de la mise en \u0153uvre de la NCS.","breadcrumb":{"@id":"https:\/\/news.save.ch\/ncs-umsetzung-auf-kurs\/#breadcrumb"},"inLanguage":"fr-FR","potentialAction":[{"@type":"ReadAction","target":["https:\/\/news.save.ch\/ncs-umsetzung-auf-kurs\/"]}]},{"@type":"ImageObject","inLanguage":"fr-FR","@id":"https:\/\/news.save.ch\/ncs-umsetzung-auf-kurs\/#primaryimage","url":"https:\/\/news.save.ch\/wp-content\/uploads\/2016\/12\/NCS-Umsetzung-auf-Kurs-it-security-scaled.jpg","contentUrl":"https:\/\/news.save.ch\/wp-content\/uploads\/2016\/12\/NCS-Umsetzung-auf-Kurs-it-security-scaled.jpg","width":1400,"height":934},{"@type":"BreadcrumbList","@id":"https:\/\/news.save.ch\/ncs-umsetzung-auf-kurs\/#breadcrumb","itemListElement":[{"@type":"ListItem","position":1,"name":"Home","item":"https:\/\/news.save.ch\/de\/"},{"@type":"ListItem","position":2,"name":"NCS-Umsetzung auf Kurs"}]},{"@type":"WebSite","@id":"https:\/\/news.save.ch\/de\/#website","url":"https:\/\/news.save.ch\/de\/","name":"Save","description":"Revue suisse sp\u00e9cialis\u00e9e dans la s\u00e9curit\u00e9","publisher":{"@id":"https:\/\/news.save.ch\/de\/#organization"},"potentialAction":[{"@type":"SearchAction","target":{"@type":"EntryPoint","urlTemplate":"https:\/\/news.save.ch\/de\/?s={search_term_string}"},"query-input":{"@type":"PropertyValueSpecification","valueRequired":true,"valueName":"search_term_string"}}],"inLanguage":"fr-FR"},{"@type":"Organization","@id":"https:\/\/news.save.ch\/de\/#organization","name":"Forum sur la s\u00e9curit\u00e9","url":"https:\/\/news.save.ch\/de\/","logo":{"@type":"ImageObject","inLanguage":"fr-FR","@id":"https:\/\/news.save.ch\/de\/#\/schema\/logo\/image\/","url":"https:\/\/news.save.ch\/wp-content\/uploads\/2022\/06\/Logo_SF_2012.png","contentUrl":"https:\/\/news.save.ch\/wp-content\/uploads\/2022\/06\/Logo_SF_2012.png","width":1100,"height":91,"caption":"Sicherheitsforum"},"image":{"@id":"https:\/\/news.save.ch\/de\/#\/schema\/logo\/image\/"}},{"@type":"Person","@id":"https:\/\/news.save.ch\/de\/#\/schema\/person\/d49e199490bad7c70d64b9ab51142f2b","name":"admin","image":{"@type":"ImageObject","inLanguage":"fr-FR","@id":"https:\/\/secure.gravatar.com\/avatar\/ae2f4d718e6c49043e314ce431e7e645d646302a24a5ef5a8bc8e3f5a032e319?s=96&d=mm&r=g","url":"https:\/\/secure.gravatar.com\/avatar\/ae2f4d718e6c49043e314ce431e7e645d646302a24a5ef5a8bc8e3f5a032e319?s=96&d=mm&r=g","contentUrl":"https:\/\/secure.gravatar.com\/avatar\/ae2f4d718e6c49043e314ce431e7e645d646302a24a5ef5a8bc8e3f5a032e319?s=96&d=mm&r=g","caption":"admin"},"sameAs":["https:\/\/develop.organisator.galledia.ch"],"url":"https:\/\/news.save.ch\/fr\/author\/admin\/"}]}},"_links":{"self":[{"href":"https:\/\/news.save.ch\/fr\/wp-json\/wp\/v2\/posts\/432","targetHints":{"allow":["GET"]}}],"collection":[{"href":"https:\/\/news.save.ch\/fr\/wp-json\/wp\/v2\/posts"}],"about":[{"href":"https:\/\/news.save.ch\/fr\/wp-json\/wp\/v2\/types\/post"}],"author":[{"embeddable":true,"href":"https:\/\/news.save.ch\/fr\/wp-json\/wp\/v2\/users\/1"}],"replies":[{"embeddable":true,"href":"https:\/\/news.save.ch\/fr\/wp-json\/wp\/v2\/comments?post=432"}],"version-history":[{"count":1,"href":"https:\/\/news.save.ch\/fr\/wp-json\/wp\/v2\/posts\/432\/revisions"}],"predecessor-version":[{"id":17781,"href":"https:\/\/news.save.ch\/fr\/wp-json\/wp\/v2\/posts\/432\/revisions\/17781"}],"wp:featuredmedia":[{"embeddable":true,"href":"https:\/\/news.save.ch\/fr\/wp-json\/wp\/v2\/media\/433"}],"wp:attachment":[{"href":"https:\/\/news.save.ch\/fr\/wp-json\/wp\/v2\/media?parent=432"}],"wp:term":[{"taxonomy":"category","embeddable":true,"href":"https:\/\/news.save.ch\/fr\/wp-json\/wp\/v2\/categories?post=432"},{"taxonomy":"post_tag","embeddable":true,"href":"https:\/\/news.save.ch\/fr\/wp-json\/wp\/v2\/tags?post=432"}],"curies":[{"name":"wp","href":"https:\/\/api.w.org\/{rel}","templated":true}]}}