{"id":4351,"date":"2019-07-31T06:50:09","date_gmt":"2019-07-31T04:50:09","guid":{"rendered":"https:\/\/news.save.ch\/?p=4351"},"modified":"2023-08-16T05:40:55","modified_gmt":"2023-08-16T03:40:55","slug":"150-vereinsversammlung-des-schweizerischer-verein-fuer-technische-inspektionen","status":null,"type":"post","link":"https:\/\/news.save.ch\/fr\/150-vereinsversammlung-des-schweizerischer-verein-fuer-technische-inspektionen\/","title":{"rendered":"150e assembl\u00e9e de l'ASIT"},"content":{"rendered":"<p><img loading=\"lazy\" decoding=\"async\" class=\"alignnone wp-image-4448 size-full\" src=\"https:\/\/news.save.ch\/wp-content\/uploads\/2019\/07\/SVTI-2.jpg\" alt=\"ASIT\" width=\"266\" height=\"185\" srcset=\"https:\/\/news.save.ch\/wp-content\/uploads\/2019\/07\/SVTI-2.jpg 266w, https:\/\/news.save.ch\/wp-content\/uploads\/2019\/07\/SVTI-2-18x12.jpg 18w\" sizes=\"auto, (max-width: 266px) 100vw, 266px\" \/><\/p>\n<p>L'ASIT a pu se r\u00e9jouir d'une bonne marche des affaires au cours de l'exercice 2018. La stabilit\u00e9 des conditions \u00e9conomiques dans l'environnement industriel y a contribu\u00e9. Tous les services d'inspection ont enregistr\u00e9 un volume d'activit\u00e9 consid\u00e9rable et ont obtenu de solides r\u00e9sultats. La soci\u00e9t\u00e9 Swiss Safety Center AG, n\u00e9e d\u00e9but 2018 de la fusion des anciennes filiales, a \u00e9galement atteint des chiffres r\u00e9jouissants au cours de sa premi\u00e8re ann\u00e9e d'exploitation et a d\u00e9j\u00e0 pu se positionner avec succ\u00e8s sur le march\u00e9. La structure de direction de Swiss Safety Center AG, renforc\u00e9e dans le cadre de la fusion, a eu un effet positif sur l'exploitation et la satisfaction des collaborateurs.<\/p>\n<p>Le 1er janvier 2019, le Dr Raffael Schubiger a pris ses fonctions de directeur et de pr\u00e9sident de la direction de l'ASIT. Son pr\u00e9d\u00e9cesseur, le Dr Herbert Egolf, continuera de soutenir l'ASIT \u00e0 un taux d'occupation r\u00e9duit. En mai 2019, la <a href=\"https:\/\/news.save.ch\/fr\/open-house-der-svti-gruppe\/\" target=\"_blank\" rel=\"noopener\">Groupe ASIT<\/a> a mis en service son extension moderne au si\u00e8ge principal de Wallisellen.<\/p>\n<p><strong>C\u00e9l\u00e9bration de l'anniversaire <\/strong><\/p>\n<p>Cette ann\u00e9e, le groupe ASIT f\u00eate ses 150 ans d'existence. Le site <a href=\"https:\/\/news.save.ch\/fr\/svti-gestaerktes-kompetenzzentrum-fuer-technische-sicherheit-und-risikomanagement\/\" target=\"_blank\" rel=\"noopener\">ASIT<\/a> profite de cet anniversaire pour se faire conna\u00eetre et faire conna\u00eetre ses activit\u00e9s au grand public. Sur le site <a href=\"https:\/\/news.save.ch\/fr\/open-house-der-svti-gruppe\/\" target=\"_blank\" rel=\"noopener\">Journ\u00e9e d'inauguration et portes ouvertes<\/a> de l'extension en mai 2019, plus de 500 personnes ont pu avoir un aper\u00e7u du travail quotidien des collaborateurs.<\/p>\n<p><strong>Plus d'infos<\/strong><\/p>\n<p><a href=\"https:\/\/www.svti.ch\/de\/\" target=\"_blank\" rel=\"noopener\">www.svti.ch<\/a><\/p>","protected":false},"excerpt":{"rendered":"<p>Der SVTI durfte sich im Berichtsjahr 2018 eines erfolgreichen Gesch\u00e4ftsgangs erfreuen. Dazu trugen die stabilen wirtschaftlichen Verh\u00e4ltnisse im industriellen Umfeld bei. Alle Inspektorate verzeichneten einen erheblichen Umfang der T\u00e4tigkeiten und erzielten solide Ergebnisse. Auch die Swiss Safety Center AG, die Anfang 2018 aus dem Zusammenschluss der bisherigen Tochtergesellschaften hervorgegangen war, erreichte im ersten Betriebsjahr erfreuliche [&hellip;]<\/p>\n","protected":false},"author":1,"featured_media":4448,"comment_status":"closed","ping_status":"closed","sticky":false,"template":"","format":"standard","meta":{"_acf_changed":false,"pgc_sgb_lightbox_settings":"","footnotes":""},"categories":[1,3314],"tags":[84,487,2341,446,596,6286],"class_list":["post-4351","post","type-post","status-publish","format-standard","has-post-thumbnail","hentry","category-allgemein","category-health-safety","tag-fachkongressfachmesse","tag-inspektionen","tag-jubilaeum","tag-svti","tag-veranstaltung","tag-vereinsversammlung"],"acf":[],"hkrextid":null,"publication":null,"issue":null,"workflow":null,"startPage":null,"spitzmarke":null,"_posts_by_tag_page_fields":{"widget_title":"","widget_tags":""},"_at_widget":"1","_yoast_wpseo_primary_category":"1","_yoast_wpseo_focuskw_text_input":"SVTI","_yoast_wpseo_opengraph-image":null,"_yoast_wpseo_opengraph-description":null,"_yoast_wpseo_opengraph-title":null,"enclosure":null,"_yoast_wpseo_twitter-title":null,"_yoast_wpseo_twitter-description":null,"_yoast_wpseo_twitter-image":null,"_wp_old_slug":null,"_yoast_wpseo_title":null,"_yoast_wpseo_canonical":null,"yoast_head":"<!-- This site is optimized with the Yoast SEO plugin v27.5 - https:\/\/yoast.com\/product\/yoast-seo-wordpress\/ -->\n<title>150. Vereinsversammlung des SVTI - Save<\/title>\n<meta name=\"description\" content=\"An der 150. Vereinsversammlung des SVTI Ende Juni 2019 konnte der neue Direktor Dr. Raffael Schubiger auf ein erfolgreiches Betriebsjahr 2018 zur\u00fcckblicken. Alle Inspektorate verzeichneten ein grosses T\u00e4tigkeitsvolumen. An der feierlichen Jubil\u00e4umsvereinsversammlung in Bern nahmen rund 280 Personen teil.\" \/>\n<meta name=\"robots\" content=\"index, follow, max-snippet:-1, max-image-preview:large, max-video-preview:-1\" \/>\n<link rel=\"canonical\" href=\"https:\/\/news.save.ch\/fr\/150-vereinsversammlung-des-schweizerischer-verein-fuer-technische-inspektionen\/\" \/>\n<meta property=\"og:locale\" content=\"fr_FR\" \/>\n<meta property=\"og:type\" content=\"article\" \/>\n<meta property=\"og:title\" content=\"150. Vereinsversammlung des SVTI - Save\" \/>\n<meta property=\"og:description\" content=\"An der 150. Vereinsversammlung des SVTI Ende Juni 2019 konnte der neue Direktor Dr. Raffael Schubiger auf ein erfolgreiches Betriebsjahr 2018 zur\u00fcckblicken. Alle Inspektorate verzeichneten ein grosses T\u00e4tigkeitsvolumen. An der feierlichen Jubil\u00e4umsvereinsversammlung in Bern nahmen rund 280 Personen teil.\" \/>\n<meta property=\"og:url\" content=\"https:\/\/news.save.ch\/fr\/150-vereinsversammlung-des-schweizerischer-verein-fuer-technische-inspektionen\/\" \/>\n<meta property=\"og:site_name\" content=\"Save\" \/>\n<meta property=\"article:published_time\" content=\"2019-07-31T04:50:09+00:00\" \/>\n<meta property=\"article:modified_time\" content=\"2023-08-16T03:40:55+00:00\" \/>\n<meta property=\"og:image\" content=\"https:\/\/news.save.ch\/wp-content\/uploads\/2019\/07\/SVTI-2.jpg\" \/>\n\t<meta property=\"og:image:width\" content=\"266\" \/>\n\t<meta property=\"og:image:height\" content=\"185\" \/>\n\t<meta property=\"og:image:type\" content=\"image\/jpeg\" \/>\n<meta name=\"author\" content=\"admin\" \/>\n<meta name=\"twitter:card\" content=\"summary_large_image\" \/>\n<meta name=\"twitter:label1\" content=\"\u00c9crit par\" \/>\n\t<meta name=\"twitter:data1\" content=\"admin\" \/>\n\t<meta name=\"twitter:label2\" content=\"Dur\u00e9e de lecture estim\u00e9e\" \/>\n\t<meta name=\"twitter:data2\" content=\"2 minutes\" \/>\n<script type=\"application\/ld+json\" class=\"yoast-schema-graph\">{\"@context\":\"https:\\\/\\\/schema.org\",\"@graph\":[{\"@type\":\"Article\",\"@id\":\"https:\\\/\\\/news.save.ch\\\/150-vereinsversammlung-des-schweizerischer-verein-fuer-technische-inspektionen\\\/#article\",\"isPartOf\":{\"@id\":\"https:\\\/\\\/news.save.ch\\\/150-vereinsversammlung-des-schweizerischer-verein-fuer-technische-inspektionen\\\/\"},\"author\":{\"name\":\"admin\",\"@id\":\"https:\\\/\\\/news.save.ch\\\/de\\\/#\\\/schema\\\/person\\\/d49e199490bad7c70d64b9ab51142f2b\"},\"headline\":\"150. Vereinsversammlung des SVTI\",\"datePublished\":\"2019-07-31T04:50:09+00:00\",\"dateModified\":\"2023-08-16T03:40:55+00:00\",\"mainEntityOfPage\":{\"@id\":\"https:\\\/\\\/news.save.ch\\\/150-vereinsversammlung-des-schweizerischer-verein-fuer-technische-inspektionen\\\/\"},\"wordCount\":208,\"publisher\":{\"@id\":\"https:\\\/\\\/news.save.ch\\\/de\\\/#organization\"},\"image\":{\"@id\":\"https:\\\/\\\/news.save.ch\\\/150-vereinsversammlung-des-schweizerischer-verein-fuer-technische-inspektionen\\\/#primaryimage\"},\"thumbnailUrl\":\"https:\\\/\\\/news.save.ch\\\/wp-content\\\/uploads\\\/2019\\\/07\\\/SVTI-2.jpg\",\"keywords\":[\"Fachkongress\\\/Fachmesse\",\"Inspektionen\",\"Jubil\u00e4um\",\"SVTI\",\"Veranstaltung\",\"Vereinsversammlung\"],\"articleSection\":[\"ALLGEMEIN\",\"HEALTH &amp; SAFETY\"],\"inLanguage\":\"fr-FR\"},{\"@type\":\"WebPage\",\"@id\":\"https:\\\/\\\/news.save.ch\\\/150-vereinsversammlung-des-schweizerischer-verein-fuer-technische-inspektionen\\\/\",\"url\":\"https:\\\/\\\/news.save.ch\\\/150-vereinsversammlung-des-schweizerischer-verein-fuer-technische-inspektionen\\\/\",\"name\":\"150. Vereinsversammlung des SVTI - Save\",\"isPartOf\":{\"@id\":\"https:\\\/\\\/news.save.ch\\\/de\\\/#website\"},\"primaryImageOfPage\":{\"@id\":\"https:\\\/\\\/news.save.ch\\\/150-vereinsversammlung-des-schweizerischer-verein-fuer-technische-inspektionen\\\/#primaryimage\"},\"image\":{\"@id\":\"https:\\\/\\\/news.save.ch\\\/150-vereinsversammlung-des-schweizerischer-verein-fuer-technische-inspektionen\\\/#primaryimage\"},\"thumbnailUrl\":\"https:\\\/\\\/news.save.ch\\\/wp-content\\\/uploads\\\/2019\\\/07\\\/SVTI-2.jpg\",\"datePublished\":\"2019-07-31T04:50:09+00:00\",\"dateModified\":\"2023-08-16T03:40:55+00:00\",\"description\":\"An der 150. Vereinsversammlung des SVTI Ende Juni 2019 konnte der neue Direktor Dr. Raffael Schubiger auf ein erfolgreiches Betriebsjahr 2018 zur\u00fcckblicken. Alle Inspektorate verzeichneten ein grosses T\u00e4tigkeitsvolumen. An der feierlichen Jubil\u00e4umsvereinsversammlung in Bern nahmen rund 280 Personen teil.\",\"breadcrumb\":{\"@id\":\"https:\\\/\\\/news.save.ch\\\/150-vereinsversammlung-des-schweizerischer-verein-fuer-technische-inspektionen\\\/#breadcrumb\"},\"inLanguage\":\"fr-FR\",\"potentialAction\":[{\"@type\":\"ReadAction\",\"target\":[\"https:\\\/\\\/news.save.ch\\\/150-vereinsversammlung-des-schweizerischer-verein-fuer-technische-inspektionen\\\/\"]}]},{\"@type\":\"ImageObject\",\"inLanguage\":\"fr-FR\",\"@id\":\"https:\\\/\\\/news.save.ch\\\/150-vereinsversammlung-des-schweizerischer-verein-fuer-technische-inspektionen\\\/#primaryimage\",\"url\":\"https:\\\/\\\/news.save.ch\\\/wp-content\\\/uploads\\\/2019\\\/07\\\/SVTI-2.jpg\",\"contentUrl\":\"https:\\\/\\\/news.save.ch\\\/wp-content\\\/uploads\\\/2019\\\/07\\\/SVTI-2.jpg\",\"width\":266,\"height\":185},{\"@type\":\"BreadcrumbList\",\"@id\":\"https:\\\/\\\/news.save.ch\\\/150-vereinsversammlung-des-schweizerischer-verein-fuer-technische-inspektionen\\\/#breadcrumb\",\"itemListElement\":[{\"@type\":\"ListItem\",\"position\":1,\"name\":\"Home\",\"item\":\"https:\\\/\\\/news.save.ch\\\/de\\\/\"},{\"@type\":\"ListItem\",\"position\":2,\"name\":\"150. Vereinsversammlung des SVTI\"}]},{\"@type\":\"WebSite\",\"@id\":\"https:\\\/\\\/news.save.ch\\\/de\\\/#website\",\"url\":\"https:\\\/\\\/news.save.ch\\\/de\\\/\",\"name\":\"Save\",\"description\":\"Schweizer Fachzeitschrift f\u00fcr Sicherheit\",\"publisher\":{\"@id\":\"https:\\\/\\\/news.save.ch\\\/de\\\/#organization\"},\"potentialAction\":[{\"@type\":\"SearchAction\",\"target\":{\"@type\":\"EntryPoint\",\"urlTemplate\":\"https:\\\/\\\/news.save.ch\\\/de\\\/?s={search_term_string}\"},\"query-input\":{\"@type\":\"PropertyValueSpecification\",\"valueRequired\":true,\"valueName\":\"search_term_string\"}}],\"inLanguage\":\"fr-FR\"},{\"@type\":\"Organization\",\"@id\":\"https:\\\/\\\/news.save.ch\\\/de\\\/#organization\",\"name\":\"Sicherheitsforum\",\"url\":\"https:\\\/\\\/news.save.ch\\\/de\\\/\",\"logo\":{\"@type\":\"ImageObject\",\"inLanguage\":\"fr-FR\",\"@id\":\"https:\\\/\\\/news.save.ch\\\/de\\\/#\\\/schema\\\/logo\\\/image\\\/\",\"url\":\"https:\\\/\\\/news.save.ch\\\/wp-content\\\/uploads\\\/2022\\\/06\\\/Logo_SF_2012.png\",\"contentUrl\":\"https:\\\/\\\/news.save.ch\\\/wp-content\\\/uploads\\\/2022\\\/06\\\/Logo_SF_2012.png\",\"width\":1100,\"height\":91,\"caption\":\"Sicherheitsforum\"},\"image\":{\"@id\":\"https:\\\/\\\/news.save.ch\\\/de\\\/#\\\/schema\\\/logo\\\/image\\\/\"}},{\"@type\":\"Person\",\"@id\":\"https:\\\/\\\/news.save.ch\\\/de\\\/#\\\/schema\\\/person\\\/d49e199490bad7c70d64b9ab51142f2b\",\"name\":\"admin\",\"image\":{\"@type\":\"ImageObject\",\"inLanguage\":\"fr-FR\",\"@id\":\"https:\\\/\\\/secure.gravatar.com\\\/avatar\\\/ae2f4d718e6c49043e314ce431e7e645d646302a24a5ef5a8bc8e3f5a032e319?s=96&d=mm&r=g\",\"url\":\"https:\\\/\\\/secure.gravatar.com\\\/avatar\\\/ae2f4d718e6c49043e314ce431e7e645d646302a24a5ef5a8bc8e3f5a032e319?s=96&d=mm&r=g\",\"contentUrl\":\"https:\\\/\\\/secure.gravatar.com\\\/avatar\\\/ae2f4d718e6c49043e314ce431e7e645d646302a24a5ef5a8bc8e3f5a032e319?s=96&d=mm&r=g\",\"caption\":\"admin\"},\"sameAs\":[\"https:\\\/\\\/develop.organisator.galledia.ch\"],\"url\":\"https:\\\/\\\/news.save.ch\\\/fr\\\/author\\\/admin\\\/\"}]}<\/script>\n<!-- \/ Yoast SEO plugin. -->","yoast_head_json":{"title":"150e assembl\u00e9e de l'ASIT - Save","description":"Lors de la 150e assembl\u00e9e g\u00e9n\u00e9rale de l'ASIT fin juin 2019, le nouveau directeur, le Dr Raffael Schubiger, a pu faire la r\u00e9trospective d'une ann\u00e9e d'exploitation 2018 r\u00e9ussie. Toutes les inspections ont enregistr\u00e9 un volume d'activit\u00e9 important. Environ 280 personnes ont particip\u00e9 \u00e0 l'assembl\u00e9e festive de l'association du jubil\u00e9 \u00e0 Berne.","robots":{"index":"index","follow":"follow","max-snippet":"max-snippet:-1","max-image-preview":"max-image-preview:large","max-video-preview":"max-video-preview:-1"},"canonical":"https:\/\/news.save.ch\/fr\/150-vereinsversammlung-des-schweizerischer-verein-fuer-technische-inspektionen\/","og_locale":"fr_FR","og_type":"article","og_title":"150. Vereinsversammlung des SVTI - Save","og_description":"An der 150. Vereinsversammlung des SVTI Ende Juni 2019 konnte der neue Direktor Dr. Raffael Schubiger auf ein erfolgreiches Betriebsjahr 2018 zur\u00fcckblicken. Alle Inspektorate verzeichneten ein grosses T\u00e4tigkeitsvolumen. An der feierlichen Jubil\u00e4umsvereinsversammlung in Bern nahmen rund 280 Personen teil.","og_url":"https:\/\/news.save.ch\/fr\/150-vereinsversammlung-des-schweizerischer-verein-fuer-technische-inspektionen\/","og_site_name":"Save","article_published_time":"2019-07-31T04:50:09+00:00","article_modified_time":"2023-08-16T03:40:55+00:00","og_image":[{"width":266,"height":185,"url":"https:\/\/news.save.ch\/wp-content\/uploads\/2019\/07\/SVTI-2.jpg","type":"image\/jpeg"}],"author":"admin","twitter_card":"summary_large_image","twitter_misc":{"\u00c9crit par":"admin","Dur\u00e9e de lecture estim\u00e9e":"2 minutes"},"schema":{"@context":"https:\/\/schema.org","@graph":[{"@type":"Article","@id":"https:\/\/news.save.ch\/150-vereinsversammlung-des-schweizerischer-verein-fuer-technische-inspektionen\/#article","isPartOf":{"@id":"https:\/\/news.save.ch\/150-vereinsversammlung-des-schweizerischer-verein-fuer-technische-inspektionen\/"},"author":{"name":"admin","@id":"https:\/\/news.save.ch\/de\/#\/schema\/person\/d49e199490bad7c70d64b9ab51142f2b"},"headline":"150. Vereinsversammlung des SVTI","datePublished":"2019-07-31T04:50:09+00:00","dateModified":"2023-08-16T03:40:55+00:00","mainEntityOfPage":{"@id":"https:\/\/news.save.ch\/150-vereinsversammlung-des-schweizerischer-verein-fuer-technische-inspektionen\/"},"wordCount":208,"publisher":{"@id":"https:\/\/news.save.ch\/de\/#organization"},"image":{"@id":"https:\/\/news.save.ch\/150-vereinsversammlung-des-schweizerischer-verein-fuer-technische-inspektionen\/#primaryimage"},"thumbnailUrl":"https:\/\/news.save.ch\/wp-content\/uploads\/2019\/07\/SVTI-2.jpg","keywords":["Fachkongress\/Fachmesse","Inspektionen","Jubil\u00e4um","SVTI","Veranstaltung","Vereinsversammlung"],"articleSection":["ALLGEMEIN","HEALTH &amp; SAFETY"],"inLanguage":"fr-FR"},{"@type":"WebPage","@id":"https:\/\/news.save.ch\/150-vereinsversammlung-des-schweizerischer-verein-fuer-technische-inspektionen\/","url":"https:\/\/news.save.ch\/150-vereinsversammlung-des-schweizerischer-verein-fuer-technische-inspektionen\/","name":"150e assembl\u00e9e de l'ASIT - Save","isPartOf":{"@id":"https:\/\/news.save.ch\/de\/#website"},"primaryImageOfPage":{"@id":"https:\/\/news.save.ch\/150-vereinsversammlung-des-schweizerischer-verein-fuer-technische-inspektionen\/#primaryimage"},"image":{"@id":"https:\/\/news.save.ch\/150-vereinsversammlung-des-schweizerischer-verein-fuer-technische-inspektionen\/#primaryimage"},"thumbnailUrl":"https:\/\/news.save.ch\/wp-content\/uploads\/2019\/07\/SVTI-2.jpg","datePublished":"2019-07-31T04:50:09+00:00","dateModified":"2023-08-16T03:40:55+00:00","description":"Lors de la 150e assembl\u00e9e g\u00e9n\u00e9rale de l'ASIT fin juin 2019, le nouveau directeur, le Dr Raffael Schubiger, a pu faire la r\u00e9trospective d'une ann\u00e9e d'exploitation 2018 r\u00e9ussie. Toutes les inspections ont enregistr\u00e9 un volume d'activit\u00e9 important. Environ 280 personnes ont particip\u00e9 \u00e0 l'assembl\u00e9e festive de l'association du jubil\u00e9 \u00e0 Berne.","breadcrumb":{"@id":"https:\/\/news.save.ch\/150-vereinsversammlung-des-schweizerischer-verein-fuer-technische-inspektionen\/#breadcrumb"},"inLanguage":"fr-FR","potentialAction":[{"@type":"ReadAction","target":["https:\/\/news.save.ch\/150-vereinsversammlung-des-schweizerischer-verein-fuer-technische-inspektionen\/"]}]},{"@type":"ImageObject","inLanguage":"fr-FR","@id":"https:\/\/news.save.ch\/150-vereinsversammlung-des-schweizerischer-verein-fuer-technische-inspektionen\/#primaryimage","url":"https:\/\/news.save.ch\/wp-content\/uploads\/2019\/07\/SVTI-2.jpg","contentUrl":"https:\/\/news.save.ch\/wp-content\/uploads\/2019\/07\/SVTI-2.jpg","width":266,"height":185},{"@type":"BreadcrumbList","@id":"https:\/\/news.save.ch\/150-vereinsversammlung-des-schweizerischer-verein-fuer-technische-inspektionen\/#breadcrumb","itemListElement":[{"@type":"ListItem","position":1,"name":"Home","item":"https:\/\/news.save.ch\/de\/"},{"@type":"ListItem","position":2,"name":"150. Vereinsversammlung des SVTI"}]},{"@type":"WebSite","@id":"https:\/\/news.save.ch\/de\/#website","url":"https:\/\/news.save.ch\/de\/","name":"Save","description":"Revue suisse sp\u00e9cialis\u00e9e dans la s\u00e9curit\u00e9","publisher":{"@id":"https:\/\/news.save.ch\/de\/#organization"},"potentialAction":[{"@type":"SearchAction","target":{"@type":"EntryPoint","urlTemplate":"https:\/\/news.save.ch\/de\/?s={search_term_string}"},"query-input":{"@type":"PropertyValueSpecification","valueRequired":true,"valueName":"search_term_string"}}],"inLanguage":"fr-FR"},{"@type":"Organization","@id":"https:\/\/news.save.ch\/de\/#organization","name":"Forum sur la s\u00e9curit\u00e9","url":"https:\/\/news.save.ch\/de\/","logo":{"@type":"ImageObject","inLanguage":"fr-FR","@id":"https:\/\/news.save.ch\/de\/#\/schema\/logo\/image\/","url":"https:\/\/news.save.ch\/wp-content\/uploads\/2022\/06\/Logo_SF_2012.png","contentUrl":"https:\/\/news.save.ch\/wp-content\/uploads\/2022\/06\/Logo_SF_2012.png","width":1100,"height":91,"caption":"Sicherheitsforum"},"image":{"@id":"https:\/\/news.save.ch\/de\/#\/schema\/logo\/image\/"}},{"@type":"Person","@id":"https:\/\/news.save.ch\/de\/#\/schema\/person\/d49e199490bad7c70d64b9ab51142f2b","name":"admin","image":{"@type":"ImageObject","inLanguage":"fr-FR","@id":"https:\/\/secure.gravatar.com\/avatar\/ae2f4d718e6c49043e314ce431e7e645d646302a24a5ef5a8bc8e3f5a032e319?s=96&d=mm&r=g","url":"https:\/\/secure.gravatar.com\/avatar\/ae2f4d718e6c49043e314ce431e7e645d646302a24a5ef5a8bc8e3f5a032e319?s=96&d=mm&r=g","contentUrl":"https:\/\/secure.gravatar.com\/avatar\/ae2f4d718e6c49043e314ce431e7e645d646302a24a5ef5a8bc8e3f5a032e319?s=96&d=mm&r=g","caption":"admin"},"sameAs":["https:\/\/develop.organisator.galledia.ch"],"url":"https:\/\/news.save.ch\/fr\/author\/admin\/"}]}},"_links":{"self":[{"href":"https:\/\/news.save.ch\/fr\/wp-json\/wp\/v2\/posts\/4351","targetHints":{"allow":["GET"]}}],"collection":[{"href":"https:\/\/news.save.ch\/fr\/wp-json\/wp\/v2\/posts"}],"about":[{"href":"https:\/\/news.save.ch\/fr\/wp-json\/wp\/v2\/types\/post"}],"author":[{"embeddable":true,"href":"https:\/\/news.save.ch\/fr\/wp-json\/wp\/v2\/users\/1"}],"replies":[{"embeddable":true,"href":"https:\/\/news.save.ch\/fr\/wp-json\/wp\/v2\/comments?post=4351"}],"version-history":[{"count":4,"href":"https:\/\/news.save.ch\/fr\/wp-json\/wp\/v2\/posts\/4351\/revisions"}],"predecessor-version":[{"id":21877,"href":"https:\/\/news.save.ch\/fr\/wp-json\/wp\/v2\/posts\/4351\/revisions\/21877"}],"wp:featuredmedia":[{"embeddable":true,"href":"https:\/\/news.save.ch\/fr\/wp-json\/wp\/v2\/media\/4448"}],"wp:attachment":[{"href":"https:\/\/news.save.ch\/fr\/wp-json\/wp\/v2\/media?parent=4351"}],"wp:term":[{"taxonomy":"category","embeddable":true,"href":"https:\/\/news.save.ch\/fr\/wp-json\/wp\/v2\/categories?post=4351"},{"taxonomy":"post_tag","embeddable":true,"href":"https:\/\/news.save.ch\/fr\/wp-json\/wp\/v2\/tags?post=4351"}],"curies":[{"name":"wp","href":"https:\/\/api.w.org\/{rel}","templated":true}]}}