{"id":4368,"date":"2019-07-15T11:05:24","date_gmt":"2019-07-15T09:05:24","guid":{"rendered":"https:\/\/news.save.ch\/?p=4368"},"modified":"2023-07-23T03:09:42","modified_gmt":"2023-07-23T01:09:42","slug":"swissphone-zukunftsorientierte-nachfolgeregelung-und-50-jahre-jubilaeum","status":null,"type":"post","link":"https:\/\/news.save.ch\/fr\/swissphone-zukunftsorientierte-nachfolgeregelung-und-50-jahre-jubilaeum\/","title":{"rendered":"Swissphone : R\u00e8glement de la succession orient\u00e9 vers l'avenir et 50 ans d'existence"},"content":{"rendered":"<figure id=\"attachment_4373\" aria-describedby=\"caption-attachment-4373\" style=\"width: 680px\" class=\"wp-caption alignnone\"><img loading=\"lazy\" decoding=\"async\" class=\"wp-image-4373 size-medium\" src=\"https:\/\/news.save.ch\/wp-content\/uploads\/2019\/07\/Angelo_Walter_Saccoccia_2-680x607.jpg\" alt=\"Swissphone\" width=\"680\" height=\"607\" srcset=\"https:\/\/news.save.ch\/wp-content\/uploads\/2019\/07\/Angelo_Walter_Saccoccia_2-680x607.jpg 680w, https:\/\/news.save.ch\/wp-content\/uploads\/2019\/07\/Angelo_Walter_Saccoccia_2-1024x915.jpg 1024w, https:\/\/news.save.ch\/wp-content\/uploads\/2019\/07\/Angelo_Walter_Saccoccia_2-768x686.jpg 768w, https:\/\/news.save.ch\/wp-content\/uploads\/2019\/07\/Angelo_Walter_Saccoccia_2-13x12.jpg 13w, https:\/\/news.save.ch\/wp-content\/uploads\/2019\/07\/Angelo_Walter_Saccoccia_2-336x300.jpg 336w, https:\/\/news.save.ch\/wp-content\/uploads\/2019\/07\/Angelo_Walter_Saccoccia_2-392x350.jpg 392w, https:\/\/news.save.ch\/wp-content\/uploads\/2019\/07\/Angelo_Walter_Saccoccia_2-896x800.jpg 896w, https:\/\/news.save.ch\/wp-content\/uploads\/2019\/07\/Angelo_Walter_Saccoccia_2.jpg 1200w\" sizes=\"auto, (max-width: 680px) 100vw, 680px\" \/><figcaption id=\"caption-attachment-4373\" class=\"wp-caption-text\">Angelo Saccoccia est CEO depuis fin 2015 et a d\u00e9j\u00e0 travaill\u00e9 13 ans pour l'entreprise.<br \/>obs\/Swissphone\/Michael Buchner, Swissphone<\/figcaption><\/figure>\n<p>La famille fondatrice et propri\u00e9taire actuelle de Swissphone Wireless SA (\"Swissphone\"), la famille K\u00f6chler, a vendu l'entreprise avec effet imm\u00e9diat dans le cadre d'un r\u00e8glement de succession aux membres de la direction de Swissphone Wireless SA ainsi qu'\u00e0 un groupe d'entrepreneurs suisses et allemands renomm\u00e9s - conseill\u00e9s par Rigeto Unternehmerkapital GmbH. Avec cette d\u00e9cision concernant le r\u00e8glement durable de la succession, une nouvelle \u00e9tape extr\u00eamement importante est franchie en 2019. En effet, en 2019, Swissphone f\u00eatera \u00e9galement ses 50 ans d'existence. En 1969, Helmut et Erika K\u00f6chler - actifs jusqu'\u00e0 la fin au sein du conseil d'administration - ont fond\u00e9 l'entreprise et l'ont d\u00e9velopp\u00e9e avec succ\u00e8s pour en faire le fournisseur leader international de solutions dans les domaines de l'informatique et des t\u00e9l\u00e9communications. <a href=\"https:\/\/news.save.ch\/fr\/die-securite-lausanne-2018\/\" target=\"_blank\" rel=\"noopener\">Alerte<\/a> et de la messagerie critique.<\/p>\n<p><strong>Consolider durablement le bon d\u00e9veloppement<\/strong><\/p>\n<p>Swissphone continuera d'\u00eatre dirig\u00e9 par la direction actuelle, la maison m\u00e8re \u00e0 Samstagern en Suisse ainsi que les filiales en Allemagne, en Autriche, en France et aux Etats-Unis seront repr\u00e9sent\u00e9es par les responsables actuels, il n'y aura pas de changement pour les clients et le personnel. Le groupe Swissphone s'est bien d\u00e9velopp\u00e9 ces derni\u00e8res ann\u00e9es, d'importants projets ont \u00e9t\u00e9 gagn\u00e9s et des innovations ont \u00e9t\u00e9 mises en \u0153uvre.<\/p>\n<p>Le CEO Angelo Saccoccia d\u00e9clare \u00e0 propos du r\u00e8glement de succession r\u00e9alis\u00e9 : \"Gr\u00e2ce \u00e0 l'engagement des investisseurs de l'espace germanophone, en combinaison avec le management existant et performant, la p\u00e9rennit\u00e9 de l'entreprise a pu \u00eatre assur\u00e9e. Nous avons cr\u00e9\u00e9 les conditions n\u00e9cessaires pour consolider \u00e0 l'avenir le leadership national et international du march\u00e9 et des produits et pour poursuivre la strat\u00e9gie de croissance existante\".<\/p>\n<p>Texte : <a href=\"https:\/\/newsroom.swissphone.com\/#\" target=\"_blank\" rel=\"noopener\">Swissphone<\/a><\/p>","protected":false},"excerpt":{"rendered":"<p>Die Gr\u00fcnderfamilie und bisherige Eigent\u00fcmerin der Swissphone Wireless AG (\u00abSwissphone\u00bb), die Familie K\u00f6chler, hat das Unternehmen im Rahmen einer Nachfolgeregelung an die Gesch\u00e4ftsleitungsmitglieder der Swissphone Wireless AG sowie an eine Gruppe renommierter Schweizer und Deutscher Unternehmern \u2013 beraten von der Rigeto Unternehmerkapital GmbH \u2013 per sofort verkauft. Mit dieser Weichenstellung hinsichtlich der nachhaltigen Nachfolgeregelung ist [&hellip;]<\/p>\n","protected":false},"author":1,"featured_media":4371,"comment_status":"closed","ping_status":"closed","sticky":false,"template":"","format":"standard","meta":{"_acf_changed":false,"pgc_sgb_lightbox_settings":"","footnotes":""},"categories":[1,3314],"tags":[151,1632,172,512,6013,2341,3719,2500,6012,141,310,3416,3060],"class_list":["post-4368","post","type-post","status-publish","format-standard","has-post-thumbnail","hentry","category-allgemein","category-health-safety","tag-alarmierung","tag-angelo-saccoccia","tag-arbeitssicherheit","tag-critical-messaging","tag-investoren","tag-jubilaeum","tag-management","tag-management-und-unternehmensfuehrung","tag-nachfolgeregelung","tag-praevention","tag-sicherheit","tag-swissphone","tag-swissphone-wireless-ag"],"acf":[],"hkrextid":null,"publication":null,"issue":null,"workflow":null,"startPage":null,"spitzmarke":null,"_posts_by_tag_page_fields":{"widget_title":"","widget_tags":""},"_at_widget":"1","_yoast_wpseo_primary_category":"","_yoast_wpseo_focuskw_text_input":null,"_yoast_wpseo_opengraph-image":null,"_yoast_wpseo_opengraph-description":null,"_yoast_wpseo_opengraph-title":null,"enclosure":null,"_yoast_wpseo_twitter-title":null,"_yoast_wpseo_twitter-description":null,"_yoast_wpseo_twitter-image":null,"_wp_old_slug":null,"_yoast_wpseo_title":null,"_yoast_wpseo_canonical":null,"yoast_head":"<!-- This site is optimized with the Yoast SEO plugin v27.4 - https:\/\/yoast.com\/product\/yoast-seo-wordpress\/ -->\n<title>Swissphone: Zukunftsorientierte Nachfolgeregelung und 50-Jahre-Jubil\u00e4um - Save<\/title>\n<meta name=\"description\" content=\"Das bestehende Management sowie eine Gruppe von Unternehmern aus der Schweiz und Deutschland per sofort die Gesch\u00e4ftsanteile von Swissphone.\" \/>\n<meta name=\"robots\" content=\"index, follow, max-snippet:-1, max-image-preview:large, max-video-preview:-1\" \/>\n<link rel=\"canonical\" href=\"https:\/\/news.save.ch\/fr\/swissphone-zukunftsorientierte-nachfolgeregelung-und-50-jahre-jubilaeum\/\" \/>\n<meta property=\"og:locale\" content=\"fr_FR\" \/>\n<meta property=\"og:type\" content=\"article\" \/>\n<meta property=\"og:title\" content=\"Swissphone: Zukunftsorientierte Nachfolgeregelung und 50-Jahre-Jubil\u00e4um - Save\" \/>\n<meta property=\"og:description\" content=\"Das bestehende Management sowie eine Gruppe von Unternehmern aus der Schweiz und Deutschland per sofort die Gesch\u00e4ftsanteile von Swissphone.\" \/>\n<meta property=\"og:url\" content=\"https:\/\/news.save.ch\/fr\/swissphone-zukunftsorientierte-nachfolgeregelung-und-50-jahre-jubilaeum\/\" \/>\n<meta property=\"og:site_name\" content=\"Save\" \/>\n<meta property=\"article:published_time\" content=\"2019-07-15T09:05:24+00:00\" \/>\n<meta property=\"article:modified_time\" content=\"2023-07-23T01:09:42+00:00\" \/>\n<meta property=\"og:image\" content=\"https:\/\/news.save.ch\/wp-content\/uploads\/2019\/07\/36_Interview-SWISSPHONE_B02-113a-scaled-1.jpg\" \/>\n\t<meta property=\"og:image:width\" content=\"1200\" \/>\n\t<meta property=\"og:image:height\" content=\"795\" \/>\n\t<meta property=\"og:image:type\" content=\"image\/jpeg\" \/>\n<meta name=\"author\" content=\"admin\" \/>\n<meta name=\"twitter:card\" content=\"summary_large_image\" \/>\n<meta name=\"twitter:label1\" content=\"\u00c9crit par\" \/>\n\t<meta name=\"twitter:data1\" content=\"admin\" \/>\n\t<meta name=\"twitter:label2\" content=\"Dur\u00e9e de lecture estim\u00e9e\" \/>\n\t<meta name=\"twitter:data2\" content=\"2 minutes\" \/>\n<script type=\"application\/ld+json\" class=\"yoast-schema-graph\">{\"@context\":\"https:\\\/\\\/schema.org\",\"@graph\":[{\"@type\":\"Article\",\"@id\":\"https:\\\/\\\/news.save.ch\\\/swissphone-zukunftsorientierte-nachfolgeregelung-und-50-jahre-jubilaeum\\\/#article\",\"isPartOf\":{\"@id\":\"https:\\\/\\\/news.save.ch\\\/swissphone-zukunftsorientierte-nachfolgeregelung-und-50-jahre-jubilaeum\\\/\"},\"author\":{\"name\":\"admin\",\"@id\":\"https:\\\/\\\/news.save.ch\\\/de\\\/#\\\/schema\\\/person\\\/d49e199490bad7c70d64b9ab51142f2b\"},\"headline\":\"Swissphone: Zukunftsorientierte Nachfolgeregelung und 50-Jahre-Jubil\u00e4um\",\"datePublished\":\"2019-07-15T09:05:24+00:00\",\"dateModified\":\"2023-07-23T01:09:42+00:00\",\"mainEntityOfPage\":{\"@id\":\"https:\\\/\\\/news.save.ch\\\/swissphone-zukunftsorientierte-nachfolgeregelung-und-50-jahre-jubilaeum\\\/\"},\"wordCount\":267,\"publisher\":{\"@id\":\"https:\\\/\\\/news.save.ch\\\/de\\\/#organization\"},\"image\":{\"@id\":\"https:\\\/\\\/news.save.ch\\\/swissphone-zukunftsorientierte-nachfolgeregelung-und-50-jahre-jubilaeum\\\/#primaryimage\"},\"thumbnailUrl\":\"https:\\\/\\\/news.save.ch\\\/wp-content\\\/uploads\\\/2019\\\/07\\\/36_Interview-SWISSPHONE_B02-113a-scaled-1.jpg\",\"keywords\":[\"Alarmierung\",\"Angelo Saccoccia\",\"Arbeitssicherheit\",\"Critical Messaging\",\"Investoren\",\"Jubil\u00e4um\",\"Management\",\"Management und Unternehmensf\u00fchrung\",\"Nachfolgeregelung\",\"Pr\u00e4vention\",\"Sicherheit\",\"Swissphone\",\"Swissphone Wireless AG\"],\"articleSection\":[\"ALLGEMEIN\",\"HEALTH &amp; SAFETY\"],\"inLanguage\":\"fr-FR\"},{\"@type\":\"WebPage\",\"@id\":\"https:\\\/\\\/news.save.ch\\\/swissphone-zukunftsorientierte-nachfolgeregelung-und-50-jahre-jubilaeum\\\/\",\"url\":\"https:\\\/\\\/news.save.ch\\\/swissphone-zukunftsorientierte-nachfolgeregelung-und-50-jahre-jubilaeum\\\/\",\"name\":\"Swissphone: Zukunftsorientierte Nachfolgeregelung und 50-Jahre-Jubil\u00e4um - Save\",\"isPartOf\":{\"@id\":\"https:\\\/\\\/news.save.ch\\\/de\\\/#website\"},\"primaryImageOfPage\":{\"@id\":\"https:\\\/\\\/news.save.ch\\\/swissphone-zukunftsorientierte-nachfolgeregelung-und-50-jahre-jubilaeum\\\/#primaryimage\"},\"image\":{\"@id\":\"https:\\\/\\\/news.save.ch\\\/swissphone-zukunftsorientierte-nachfolgeregelung-und-50-jahre-jubilaeum\\\/#primaryimage\"},\"thumbnailUrl\":\"https:\\\/\\\/news.save.ch\\\/wp-content\\\/uploads\\\/2019\\\/07\\\/36_Interview-SWISSPHONE_B02-113a-scaled-1.jpg\",\"datePublished\":\"2019-07-15T09:05:24+00:00\",\"dateModified\":\"2023-07-23T01:09:42+00:00\",\"description\":\"Das bestehende Management sowie eine Gruppe von Unternehmern aus der Schweiz und Deutschland per sofort die Gesch\u00e4ftsanteile von Swissphone.\",\"breadcrumb\":{\"@id\":\"https:\\\/\\\/news.save.ch\\\/swissphone-zukunftsorientierte-nachfolgeregelung-und-50-jahre-jubilaeum\\\/#breadcrumb\"},\"inLanguage\":\"fr-FR\",\"potentialAction\":[{\"@type\":\"ReadAction\",\"target\":[\"https:\\\/\\\/news.save.ch\\\/swissphone-zukunftsorientierte-nachfolgeregelung-und-50-jahre-jubilaeum\\\/\"]}]},{\"@type\":\"ImageObject\",\"inLanguage\":\"fr-FR\",\"@id\":\"https:\\\/\\\/news.save.ch\\\/swissphone-zukunftsorientierte-nachfolgeregelung-und-50-jahre-jubilaeum\\\/#primaryimage\",\"url\":\"https:\\\/\\\/news.save.ch\\\/wp-content\\\/uploads\\\/2019\\\/07\\\/36_Interview-SWISSPHONE_B02-113a-scaled-1.jpg\",\"contentUrl\":\"https:\\\/\\\/news.save.ch\\\/wp-content\\\/uploads\\\/2019\\\/07\\\/36_Interview-SWISSPHONE_B02-113a-scaled-1.jpg\",\"width\":1200,\"height\":795,\"caption\":\"SWISSPHONE\"},{\"@type\":\"BreadcrumbList\",\"@id\":\"https:\\\/\\\/news.save.ch\\\/swissphone-zukunftsorientierte-nachfolgeregelung-und-50-jahre-jubilaeum\\\/#breadcrumb\",\"itemListElement\":[{\"@type\":\"ListItem\",\"position\":1,\"name\":\"Home\",\"item\":\"https:\\\/\\\/news.save.ch\\\/de\\\/\"},{\"@type\":\"ListItem\",\"position\":2,\"name\":\"Swissphone: Zukunftsorientierte Nachfolgeregelung und 50-Jahre-Jubil\u00e4um\"}]},{\"@type\":\"WebSite\",\"@id\":\"https:\\\/\\\/news.save.ch\\\/de\\\/#website\",\"url\":\"https:\\\/\\\/news.save.ch\\\/de\\\/\",\"name\":\"Save\",\"description\":\"Schweizer Fachzeitschrift f\u00fcr Sicherheit\",\"publisher\":{\"@id\":\"https:\\\/\\\/news.save.ch\\\/de\\\/#organization\"},\"potentialAction\":[{\"@type\":\"SearchAction\",\"target\":{\"@type\":\"EntryPoint\",\"urlTemplate\":\"https:\\\/\\\/news.save.ch\\\/de\\\/?s={search_term_string}\"},\"query-input\":{\"@type\":\"PropertyValueSpecification\",\"valueRequired\":true,\"valueName\":\"search_term_string\"}}],\"inLanguage\":\"fr-FR\"},{\"@type\":\"Organization\",\"@id\":\"https:\\\/\\\/news.save.ch\\\/de\\\/#organization\",\"name\":\"Sicherheitsforum\",\"url\":\"https:\\\/\\\/news.save.ch\\\/de\\\/\",\"logo\":{\"@type\":\"ImageObject\",\"inLanguage\":\"fr-FR\",\"@id\":\"https:\\\/\\\/news.save.ch\\\/de\\\/#\\\/schema\\\/logo\\\/image\\\/\",\"url\":\"https:\\\/\\\/news.save.ch\\\/wp-content\\\/uploads\\\/2022\\\/06\\\/Logo_SF_2012.png\",\"contentUrl\":\"https:\\\/\\\/news.save.ch\\\/wp-content\\\/uploads\\\/2022\\\/06\\\/Logo_SF_2012.png\",\"width\":1100,\"height\":91,\"caption\":\"Sicherheitsforum\"},\"image\":{\"@id\":\"https:\\\/\\\/news.save.ch\\\/de\\\/#\\\/schema\\\/logo\\\/image\\\/\"}},{\"@type\":\"Person\",\"@id\":\"https:\\\/\\\/news.save.ch\\\/de\\\/#\\\/schema\\\/person\\\/d49e199490bad7c70d64b9ab51142f2b\",\"name\":\"admin\",\"image\":{\"@type\":\"ImageObject\",\"inLanguage\":\"fr-FR\",\"@id\":\"https:\\\/\\\/secure.gravatar.com\\\/avatar\\\/ae2f4d718e6c49043e314ce431e7e645d646302a24a5ef5a8bc8e3f5a032e319?s=96&d=mm&r=g\",\"url\":\"https:\\\/\\\/secure.gravatar.com\\\/avatar\\\/ae2f4d718e6c49043e314ce431e7e645d646302a24a5ef5a8bc8e3f5a032e319?s=96&d=mm&r=g\",\"contentUrl\":\"https:\\\/\\\/secure.gravatar.com\\\/avatar\\\/ae2f4d718e6c49043e314ce431e7e645d646302a24a5ef5a8bc8e3f5a032e319?s=96&d=mm&r=g\",\"caption\":\"admin\"},\"sameAs\":[\"https:\\\/\\\/develop.organisator.galledia.ch\"],\"url\":\"https:\\\/\\\/news.save.ch\\\/fr\\\/author\\\/admin\\\/\"}]}<\/script>\n<!-- \/ Yoast SEO plugin. -->","yoast_head_json":{"title":"Swissphone : Succession orient\u00e9e vers l'avenir et jubil\u00e9 des 50 ans - Save","description":"Le management existant ainsi qu'un groupe d'entrepreneurs de Suisse et d'Allemagne reprennent avec effet imm\u00e9diat les parts de Swissphone.","robots":{"index":"index","follow":"follow","max-snippet":"max-snippet:-1","max-image-preview":"max-image-preview:large","max-video-preview":"max-video-preview:-1"},"canonical":"https:\/\/news.save.ch\/fr\/swissphone-zukunftsorientierte-nachfolgeregelung-und-50-jahre-jubilaeum\/","og_locale":"fr_FR","og_type":"article","og_title":"Swissphone: Zukunftsorientierte Nachfolgeregelung und 50-Jahre-Jubil\u00e4um - Save","og_description":"Das bestehende Management sowie eine Gruppe von Unternehmern aus der Schweiz und Deutschland per sofort die Gesch\u00e4ftsanteile von Swissphone.","og_url":"https:\/\/news.save.ch\/fr\/swissphone-zukunftsorientierte-nachfolgeregelung-und-50-jahre-jubilaeum\/","og_site_name":"Save","article_published_time":"2019-07-15T09:05:24+00:00","article_modified_time":"2023-07-23T01:09:42+00:00","og_image":[{"width":1200,"height":795,"url":"https:\/\/news.save.ch\/wp-content\/uploads\/2019\/07\/36_Interview-SWISSPHONE_B02-113a-scaled-1.jpg","type":"image\/jpeg"}],"author":"admin","twitter_card":"summary_large_image","twitter_misc":{"\u00c9crit par":"admin","Dur\u00e9e de lecture estim\u00e9e":"2 minutes"},"schema":{"@context":"https:\/\/schema.org","@graph":[{"@type":"Article","@id":"https:\/\/news.save.ch\/swissphone-zukunftsorientierte-nachfolgeregelung-und-50-jahre-jubilaeum\/#article","isPartOf":{"@id":"https:\/\/news.save.ch\/swissphone-zukunftsorientierte-nachfolgeregelung-und-50-jahre-jubilaeum\/"},"author":{"name":"admin","@id":"https:\/\/news.save.ch\/de\/#\/schema\/person\/d49e199490bad7c70d64b9ab51142f2b"},"headline":"Swissphone: Zukunftsorientierte Nachfolgeregelung und 50-Jahre-Jubil\u00e4um","datePublished":"2019-07-15T09:05:24+00:00","dateModified":"2023-07-23T01:09:42+00:00","mainEntityOfPage":{"@id":"https:\/\/news.save.ch\/swissphone-zukunftsorientierte-nachfolgeregelung-und-50-jahre-jubilaeum\/"},"wordCount":267,"publisher":{"@id":"https:\/\/news.save.ch\/de\/#organization"},"image":{"@id":"https:\/\/news.save.ch\/swissphone-zukunftsorientierte-nachfolgeregelung-und-50-jahre-jubilaeum\/#primaryimage"},"thumbnailUrl":"https:\/\/news.save.ch\/wp-content\/uploads\/2019\/07\/36_Interview-SWISSPHONE_B02-113a-scaled-1.jpg","keywords":["Alarmierung","Angelo Saccoccia","Arbeitssicherheit","Critical Messaging","Investoren","Jubil\u00e4um","Management","Management und Unternehmensf\u00fchrung","Nachfolgeregelung","Pr\u00e4vention","Sicherheit","Swissphone","Swissphone Wireless AG"],"articleSection":["ALLGEMEIN","HEALTH &amp; SAFETY"],"inLanguage":"fr-FR"},{"@type":"WebPage","@id":"https:\/\/news.save.ch\/swissphone-zukunftsorientierte-nachfolgeregelung-und-50-jahre-jubilaeum\/","url":"https:\/\/news.save.ch\/swissphone-zukunftsorientierte-nachfolgeregelung-und-50-jahre-jubilaeum\/","name":"Swissphone : Succession orient\u00e9e vers l'avenir et jubil\u00e9 des 50 ans - Save","isPartOf":{"@id":"https:\/\/news.save.ch\/de\/#website"},"primaryImageOfPage":{"@id":"https:\/\/news.save.ch\/swissphone-zukunftsorientierte-nachfolgeregelung-und-50-jahre-jubilaeum\/#primaryimage"},"image":{"@id":"https:\/\/news.save.ch\/swissphone-zukunftsorientierte-nachfolgeregelung-und-50-jahre-jubilaeum\/#primaryimage"},"thumbnailUrl":"https:\/\/news.save.ch\/wp-content\/uploads\/2019\/07\/36_Interview-SWISSPHONE_B02-113a-scaled-1.jpg","datePublished":"2019-07-15T09:05:24+00:00","dateModified":"2023-07-23T01:09:42+00:00","description":"Le management existant ainsi qu'un groupe d'entrepreneurs de Suisse et d'Allemagne reprennent avec effet imm\u00e9diat les parts de Swissphone.","breadcrumb":{"@id":"https:\/\/news.save.ch\/swissphone-zukunftsorientierte-nachfolgeregelung-und-50-jahre-jubilaeum\/#breadcrumb"},"inLanguage":"fr-FR","potentialAction":[{"@type":"ReadAction","target":["https:\/\/news.save.ch\/swissphone-zukunftsorientierte-nachfolgeregelung-und-50-jahre-jubilaeum\/"]}]},{"@type":"ImageObject","inLanguage":"fr-FR","@id":"https:\/\/news.save.ch\/swissphone-zukunftsorientierte-nachfolgeregelung-und-50-jahre-jubilaeum\/#primaryimage","url":"https:\/\/news.save.ch\/wp-content\/uploads\/2019\/07\/36_Interview-SWISSPHONE_B02-113a-scaled-1.jpg","contentUrl":"https:\/\/news.save.ch\/wp-content\/uploads\/2019\/07\/36_Interview-SWISSPHONE_B02-113a-scaled-1.jpg","width":1200,"height":795,"caption":"SWISSPHONE"},{"@type":"BreadcrumbList","@id":"https:\/\/news.save.ch\/swissphone-zukunftsorientierte-nachfolgeregelung-und-50-jahre-jubilaeum\/#breadcrumb","itemListElement":[{"@type":"ListItem","position":1,"name":"Home","item":"https:\/\/news.save.ch\/de\/"},{"@type":"ListItem","position":2,"name":"Swissphone: Zukunftsorientierte Nachfolgeregelung und 50-Jahre-Jubil\u00e4um"}]},{"@type":"WebSite","@id":"https:\/\/news.save.ch\/de\/#website","url":"https:\/\/news.save.ch\/de\/","name":"Save","description":"Revue suisse sp\u00e9cialis\u00e9e dans la s\u00e9curit\u00e9","publisher":{"@id":"https:\/\/news.save.ch\/de\/#organization"},"potentialAction":[{"@type":"SearchAction","target":{"@type":"EntryPoint","urlTemplate":"https:\/\/news.save.ch\/de\/?s={search_term_string}"},"query-input":{"@type":"PropertyValueSpecification","valueRequired":true,"valueName":"search_term_string"}}],"inLanguage":"fr-FR"},{"@type":"Organization","@id":"https:\/\/news.save.ch\/de\/#organization","name":"Forum sur la s\u00e9curit\u00e9","url":"https:\/\/news.save.ch\/de\/","logo":{"@type":"ImageObject","inLanguage":"fr-FR","@id":"https:\/\/news.save.ch\/de\/#\/schema\/logo\/image\/","url":"https:\/\/news.save.ch\/wp-content\/uploads\/2022\/06\/Logo_SF_2012.png","contentUrl":"https:\/\/news.save.ch\/wp-content\/uploads\/2022\/06\/Logo_SF_2012.png","width":1100,"height":91,"caption":"Sicherheitsforum"},"image":{"@id":"https:\/\/news.save.ch\/de\/#\/schema\/logo\/image\/"}},{"@type":"Person","@id":"https:\/\/news.save.ch\/de\/#\/schema\/person\/d49e199490bad7c70d64b9ab51142f2b","name":"admin","image":{"@type":"ImageObject","inLanguage":"fr-FR","@id":"https:\/\/secure.gravatar.com\/avatar\/ae2f4d718e6c49043e314ce431e7e645d646302a24a5ef5a8bc8e3f5a032e319?s=96&d=mm&r=g","url":"https:\/\/secure.gravatar.com\/avatar\/ae2f4d718e6c49043e314ce431e7e645d646302a24a5ef5a8bc8e3f5a032e319?s=96&d=mm&r=g","contentUrl":"https:\/\/secure.gravatar.com\/avatar\/ae2f4d718e6c49043e314ce431e7e645d646302a24a5ef5a8bc8e3f5a032e319?s=96&d=mm&r=g","caption":"admin"},"sameAs":["https:\/\/develop.organisator.galledia.ch"],"url":"https:\/\/news.save.ch\/fr\/author\/admin\/"}]}},"_links":{"self":[{"href":"https:\/\/news.save.ch\/fr\/wp-json\/wp\/v2\/posts\/4368","targetHints":{"allow":["GET"]}}],"collection":[{"href":"https:\/\/news.save.ch\/fr\/wp-json\/wp\/v2\/posts"}],"about":[{"href":"https:\/\/news.save.ch\/fr\/wp-json\/wp\/v2\/types\/post"}],"author":[{"embeddable":true,"href":"https:\/\/news.save.ch\/fr\/wp-json\/wp\/v2\/users\/1"}],"replies":[{"embeddable":true,"href":"https:\/\/news.save.ch\/fr\/wp-json\/wp\/v2\/comments?post=4368"}],"version-history":[{"count":2,"href":"https:\/\/news.save.ch\/fr\/wp-json\/wp\/v2\/posts\/4368\/revisions"}],"predecessor-version":[{"id":21346,"href":"https:\/\/news.save.ch\/fr\/wp-json\/wp\/v2\/posts\/4368\/revisions\/21346"}],"wp:featuredmedia":[{"embeddable":true,"href":"https:\/\/news.save.ch\/fr\/wp-json\/wp\/v2\/media\/4371"}],"wp:attachment":[{"href":"https:\/\/news.save.ch\/fr\/wp-json\/wp\/v2\/media?parent=4368"}],"wp:term":[{"taxonomy":"category","embeddable":true,"href":"https:\/\/news.save.ch\/fr\/wp-json\/wp\/v2\/categories?post=4368"},{"taxonomy":"post_tag","embeddable":true,"href":"https:\/\/news.save.ch\/fr\/wp-json\/wp\/v2\/tags?post=4368"}],"curies":[{"name":"wp","href":"https:\/\/api.w.org\/{rel}","templated":true}]}}