{"id":4424,"date":"2017-03-03T16:55:30","date_gmt":"2017-03-03T15:55:30","guid":{"rendered":"https:\/\/news.save.ch\/?p=4424"},"modified":"2023-03-14T08:57:06","modified_gmt":"2023-03-14T07:57:06","slug":"cyber-risiken-wachsende-bedrohung-fuer-unternehmen","status":null,"type":"post","link":"https:\/\/news.save.ch\/fr\/cyber-risiken-wachsende-bedrohung-fuer-unternehmen\/","title":{"rendered":"Les cyber-risques : Une menace croissante pour les entreprises"},"content":{"rendered":"<figure id=\"attachment_4425\" aria-describedby=\"caption-attachment-4425\" style=\"width: 680px\" class=\"wp-caption alignnone\"><img loading=\"lazy\" decoding=\"async\" class=\"size-medium wp-image-4425\" src=\"https:\/\/news.save.ch\/wp-content\/uploads\/2017\/03\/Depositphotos_136866610_l-2015.jpg\" alt=\"\" width=\"680\" height=\"453\" \/><figcaption id=\"caption-attachment-4425\" class=\"wp-caption-text\">Le risque li\u00e9 aux solutions de cyber-assurance est difficilement calculable.<\/figcaption><\/figure>\n<p>Les co\u00fbts potentiels des cyber-attaques augmentent rapidement, surtout en ce qui concerne les donn\u00e9es perdues ou endommag\u00e9es. C'est pourquoi les th\u00e8mes de la cybers\u00e9curit\u00e9 et de la cyberr\u00e9sistance deviennent de plus en plus importants pour les entreprises. Telle est la conclusion de la premi\u00e8re \u00e9tude sigma <a href=\"https:\/\/institute.swissre.com\/research\/overview\/sigma\/\">\"Cyber : g\u00e9rer un risque complexe\"<\/a>\u00a0de l'institut Swiss Re nouvellement ouvert.<\/p>\n<p>Les entreprises doivent faire beaucoup plus \u00e0 l'avenir pour int\u00e9grer la cybers\u00e9curit\u00e9 dans leur strat\u00e9gie de gestion des risques, selon l'\u00e9tude : bien que les entreprises soient souvent plus conscientes des cybermenaces - elles sont mal pr\u00e9par\u00e9es \u00e0 g\u00e9rer r\u00e9ellement les risques. Des initiatives visant \u00e0 renforcer la cyber-r\u00e9sistance existent d\u00e9j\u00e0.<\/p>\n<p><strong>Les assurances : Les risques sont difficiles \u00e0 calculer<\/strong><\/p>\n<p>Bien que le march\u00e9 des cyberassurances se d\u00e9veloppe rapidement, l'\u00e9tendue de la couverture par rapport \u00e0 l'exposition potentielle est encore relativement faible. L'un des probl\u00e8mes est que les cyber-risques sont complexes et tr\u00e8s difficiles \u00e0 quantifier : L'environnement technologique \u00e9volue constamment \u00e0 un rythme effr\u00e9n\u00e9 et, dans le m\u00eame temps, il n'existe que peu de donn\u00e9es historiques sur les dommages permettant d'estimer les dommages futurs.<\/p>\n<p>Les innovations en mati\u00e8re de produits et de processus ainsi que les technologies d'analyse modernes devraient \u00e0 l'avenir contribuer au d\u00e9veloppement de solutions de cyberassurance am\u00e9lior\u00e9es et repousser les limites de l'assurabilit\u00e9 ainsi que l'\u00e9tendue de la couverture. En fin de compte, certains cyber-risques, notamment ceux li\u00e9s \u00e0 des sinistres extr\u00eames et catastrophiques, pourraient ne pas \u00eatre assurables. Pour de tels risques, un filet de s\u00e9curit\u00e9 gouvernemental pourrait \u00eatre n\u00e9cessaire en dernier recours - comparable \u00e0 un soutien gouvernemental dans le contexte du terrorisme catastrophique.<\/p>\n<p><strong>Nouvelles l\u00e9gislations<\/strong><\/p>\n<p>Dans de nombreux pays, de nouvelles l\u00e9gislations sont aujourd'hui sur le point d'\u00eatre adopt\u00e9es, qui pourraient contraindre les entreprises \u00e0 mettre en \u0153uvre des mesures de protection des donn\u00e9es plus strictes. Selon l'\u00e9tude, cela pourrait \u00eatre le catalyseur d'un changement : En cons\u00e9quence, \"les entreprises - grandes et petites - doivent investir davantage dans leur architecture de cybers\u00e9curit\u00e9 afin de d\u00e9velopper une solide gestion des risques avant et apr\u00e8s un sinistre\", explique Kurt Karl, \u00e9conomiste en chef chez Swiss Re.<\/p>\n<p>Selon l'\u00e9tude, l'Etat a un r\u00f4le important \u00e0 jouer dans les mesures visant \u00e0 am\u00e9liorer la collecte et la diffusion des cyberinformations, ainsi que dans l'adoption de lois et de r\u00e9glementations relatives \u00e0 l'utilisation et \u00e0 la protection du cyberespace.<\/p>","protected":false},"excerpt":{"rendered":"<p>Die m\u00f6glichen Kosten von Cyber-Angriffen steigen rasant &#8211; vor allem im Zusammenhang mit verlorenen oder besch\u00e4digten Daten. Daher werden die Themen Cyber-Sicherheit und Cyber-Widerstandsf\u00e4higkeit f\u00fcr Unternehmen immer wichtiger. Dies ist das Fazit der ersten sigma-Studie \u00abCyber: Bew\u00e4ltigung eines komplexen Risikos\u00bb\u00a0des neu er\u00f6ffneten Swiss Re Institutes. Unternehmen m\u00fcssen k\u00fcnftig noch viel mehr tun, um die Cyber-Sicherheit [&hellip;]<\/p>\n","protected":false},"author":9,"featured_media":4425,"comment_status":"open","ping_status":"open","sticky":false,"template":"","format":"standard","meta":{"_acf_changed":false,"pgc_sgb_lightbox_settings":"","footnotes":""},"categories":[3313],"tags":[345,63,64,346],"class_list":["post-4424","post","type-post","status-publish","format-standard","has-post-thumbnail","hentry","category-digitalisierung","tag-cyber-sicherheit","tag-it-security","tag-studie","tag-swiss-re-institute"],"acf":[],"hkrextid":null,"publication":null,"issue":null,"workflow":null,"startPage":null,"spitzmarke":null,"_posts_by_tag_page_fields":{"widget_title":"","widget_tags":""},"_at_widget":"1","_yoast_wpseo_primary_category":"2","_yoast_wpseo_focuskw_text_input":"Cyber-Risiken","_yoast_wpseo_opengraph-image":null,"_yoast_wpseo_opengraph-description":null,"_yoast_wpseo_opengraph-title":null,"enclosure":null,"_yoast_wpseo_twitter-title":null,"_yoast_wpseo_twitter-description":null,"_yoast_wpseo_twitter-image":null,"_wp_old_slug":null,"_yoast_wpseo_title":null,"_yoast_wpseo_canonical":null,"yoast_head":"<!-- This site is optimized with the Yoast SEO plugin v27.5 - https:\/\/yoast.com\/product\/yoast-seo-wordpress\/ -->\n<title>Cyber-Risiken: Wachsende Bedrohung f\u00fcr Unternehmen - Save<\/title>\n<meta name=\"robots\" content=\"index, follow, max-snippet:-1, max-image-preview:large, max-video-preview:-1\" \/>\n<link rel=\"canonical\" href=\"https:\/\/news.save.ch\/fr\/cyber-risiken-wachsende-bedrohung-fuer-unternehmen\/\" \/>\n<meta property=\"og:locale\" content=\"fr_FR\" \/>\n<meta property=\"og:type\" content=\"article\" \/>\n<meta property=\"og:title\" content=\"Cyber-Risiken: Wachsende Bedrohung f\u00fcr Unternehmen - Save\" \/>\n<meta property=\"og:description\" content=\"Die m\u00f6glichen Kosten von Cyber-Angriffen steigen rasant &#8211; vor allem im Zusammenhang mit verlorenen oder besch\u00e4digten Daten. Daher werden die Themen Cyber-Sicherheit und Cyber-Widerstandsf\u00e4higkeit f\u00fcr Unternehmen immer wichtiger. Dies ist das Fazit der ersten sigma-Studie \u00abCyber: Bew\u00e4ltigung eines komplexen Risikos\u00bb\u00a0des neu er\u00f6ffneten Swiss Re Institutes. Unternehmen m\u00fcssen k\u00fcnftig noch viel mehr tun, um die Cyber-Sicherheit [&hellip;]\" \/>\n<meta property=\"og:url\" content=\"https:\/\/news.save.ch\/fr\/cyber-risiken-wachsende-bedrohung-fuer-unternehmen\/\" \/>\n<meta property=\"og:site_name\" content=\"Save\" \/>\n<meta property=\"article:published_time\" content=\"2017-03-03T15:55:30+00:00\" \/>\n<meta property=\"article:modified_time\" content=\"2023-03-14T07:57:06+00:00\" \/>\n<meta property=\"og:image\" content=\"https:\/\/news.save.ch\/wp-content\/uploads\/2017\/03\/Depositphotos_136866610_l-2015-scaled.jpg\" \/>\n\t<meta property=\"og:image:width\" content=\"1400\" \/>\n\t<meta property=\"og:image:height\" content=\"934\" \/>\n\t<meta property=\"og:image:type\" content=\"image\/jpeg\" \/>\n<meta name=\"author\" content=\"Simon Gr\u00f6flin\" \/>\n<meta name=\"twitter:card\" content=\"summary_large_image\" \/>\n<meta name=\"twitter:label1\" content=\"\u00c9crit par\" \/>\n\t<meta name=\"twitter:data1\" content=\"Simon Gr\u00f6flin\" \/>\n\t<meta name=\"twitter:label2\" content=\"Dur\u00e9e de lecture estim\u00e9e\" \/>\n\t<meta name=\"twitter:data2\" content=\"2 minutes\" \/>\n<script type=\"application\/ld+json\" class=\"yoast-schema-graph\">{\"@context\":\"https:\\\/\\\/schema.org\",\"@graph\":[{\"@type\":\"Article\",\"@id\":\"https:\\\/\\\/news.save.ch\\\/cyber-risiken-wachsende-bedrohung-fuer-unternehmen\\\/#article\",\"isPartOf\":{\"@id\":\"https:\\\/\\\/news.save.ch\\\/cyber-risiken-wachsende-bedrohung-fuer-unternehmen\\\/\"},\"author\":{\"name\":\"Simon Gr\u00f6flin\",\"@id\":\"https:\\\/\\\/news.save.ch\\\/de\\\/#\\\/schema\\\/person\\\/ad4ef21102fd6125312409ac57d5296d\"},\"headline\":\"Cyber-Risiken: Wachsende Bedrohung f\u00fcr Unternehmen\",\"datePublished\":\"2017-03-03T15:55:30+00:00\",\"dateModified\":\"2023-03-14T07:57:06+00:00\",\"mainEntityOfPage\":{\"@id\":\"https:\\\/\\\/news.save.ch\\\/cyber-risiken-wachsende-bedrohung-fuer-unternehmen\\\/\"},\"wordCount\":383,\"commentCount\":0,\"publisher\":{\"@id\":\"https:\\\/\\\/news.save.ch\\\/de\\\/#organization\"},\"image\":{\"@id\":\"https:\\\/\\\/news.save.ch\\\/cyber-risiken-wachsende-bedrohung-fuer-unternehmen\\\/#primaryimage\"},\"thumbnailUrl\":\"https:\\\/\\\/news.save.ch\\\/wp-content\\\/uploads\\\/2017\\\/03\\\/Depositphotos_136866610_l-2015-scaled.jpg\",\"keywords\":[\"Cyber-Sicherheit\",\"IT-SECURITY\",\"Studie\",\"Swiss Re Institute\"],\"articleSection\":[\"DIGITALISIERUNG\"],\"inLanguage\":\"fr-FR\"},{\"@type\":\"WebPage\",\"@id\":\"https:\\\/\\\/news.save.ch\\\/cyber-risiken-wachsende-bedrohung-fuer-unternehmen\\\/\",\"url\":\"https:\\\/\\\/news.save.ch\\\/cyber-risiken-wachsende-bedrohung-fuer-unternehmen\\\/\",\"name\":\"Cyber-Risiken: Wachsende Bedrohung f\u00fcr Unternehmen - Save\",\"isPartOf\":{\"@id\":\"https:\\\/\\\/news.save.ch\\\/de\\\/#website\"},\"primaryImageOfPage\":{\"@id\":\"https:\\\/\\\/news.save.ch\\\/cyber-risiken-wachsende-bedrohung-fuer-unternehmen\\\/#primaryimage\"},\"image\":{\"@id\":\"https:\\\/\\\/news.save.ch\\\/cyber-risiken-wachsende-bedrohung-fuer-unternehmen\\\/#primaryimage\"},\"thumbnailUrl\":\"https:\\\/\\\/news.save.ch\\\/wp-content\\\/uploads\\\/2017\\\/03\\\/Depositphotos_136866610_l-2015-scaled.jpg\",\"datePublished\":\"2017-03-03T15:55:30+00:00\",\"dateModified\":\"2023-03-14T07:57:06+00:00\",\"breadcrumb\":{\"@id\":\"https:\\\/\\\/news.save.ch\\\/cyber-risiken-wachsende-bedrohung-fuer-unternehmen\\\/#breadcrumb\"},\"inLanguage\":\"fr-FR\",\"potentialAction\":[{\"@type\":\"ReadAction\",\"target\":[\"https:\\\/\\\/news.save.ch\\\/cyber-risiken-wachsende-bedrohung-fuer-unternehmen\\\/\"]}]},{\"@type\":\"ImageObject\",\"inLanguage\":\"fr-FR\",\"@id\":\"https:\\\/\\\/news.save.ch\\\/cyber-risiken-wachsende-bedrohung-fuer-unternehmen\\\/#primaryimage\",\"url\":\"https:\\\/\\\/news.save.ch\\\/wp-content\\\/uploads\\\/2017\\\/03\\\/Depositphotos_136866610_l-2015-scaled.jpg\",\"contentUrl\":\"https:\\\/\\\/news.save.ch\\\/wp-content\\\/uploads\\\/2017\\\/03\\\/Depositphotos_136866610_l-2015-scaled.jpg\",\"width\":1400,\"height\":934,\"caption\":\"Das Risiko f\u00fcr Cyber-Versicherungsl\u00f6sungen ist nur schwer kalkulierbar.\"},{\"@type\":\"BreadcrumbList\",\"@id\":\"https:\\\/\\\/news.save.ch\\\/cyber-risiken-wachsende-bedrohung-fuer-unternehmen\\\/#breadcrumb\",\"itemListElement\":[{\"@type\":\"ListItem\",\"position\":1,\"name\":\"Home\",\"item\":\"https:\\\/\\\/news.save.ch\\\/de\\\/\"},{\"@type\":\"ListItem\",\"position\":2,\"name\":\"Cyber-Risiken: Wachsende Bedrohung f\u00fcr Unternehmen\"}]},{\"@type\":\"WebSite\",\"@id\":\"https:\\\/\\\/news.save.ch\\\/de\\\/#website\",\"url\":\"https:\\\/\\\/news.save.ch\\\/de\\\/\",\"name\":\"Save\",\"description\":\"Schweizer Fachzeitschrift f\u00fcr Sicherheit\",\"publisher\":{\"@id\":\"https:\\\/\\\/news.save.ch\\\/de\\\/#organization\"},\"potentialAction\":[{\"@type\":\"SearchAction\",\"target\":{\"@type\":\"EntryPoint\",\"urlTemplate\":\"https:\\\/\\\/news.save.ch\\\/de\\\/?s={search_term_string}\"},\"query-input\":{\"@type\":\"PropertyValueSpecification\",\"valueRequired\":true,\"valueName\":\"search_term_string\"}}],\"inLanguage\":\"fr-FR\"},{\"@type\":\"Organization\",\"@id\":\"https:\\\/\\\/news.save.ch\\\/de\\\/#organization\",\"name\":\"Sicherheitsforum\",\"url\":\"https:\\\/\\\/news.save.ch\\\/de\\\/\",\"logo\":{\"@type\":\"ImageObject\",\"inLanguage\":\"fr-FR\",\"@id\":\"https:\\\/\\\/news.save.ch\\\/de\\\/#\\\/schema\\\/logo\\\/image\\\/\",\"url\":\"https:\\\/\\\/news.save.ch\\\/wp-content\\\/uploads\\\/2022\\\/06\\\/Logo_SF_2012.png\",\"contentUrl\":\"https:\\\/\\\/news.save.ch\\\/wp-content\\\/uploads\\\/2022\\\/06\\\/Logo_SF_2012.png\",\"width\":1100,\"height\":91,\"caption\":\"Sicherheitsforum\"},\"image\":{\"@id\":\"https:\\\/\\\/news.save.ch\\\/de\\\/#\\\/schema\\\/logo\\\/image\\\/\"}},{\"@type\":\"Person\",\"@id\":\"https:\\\/\\\/news.save.ch\\\/de\\\/#\\\/schema\\\/person\\\/ad4ef21102fd6125312409ac57d5296d\",\"name\":\"Simon Gr\u00f6flin\",\"image\":{\"@type\":\"ImageObject\",\"inLanguage\":\"fr-FR\",\"@id\":\"https:\\\/\\\/secure.gravatar.com\\\/avatar\\\/6ddceb80eb734354635539e0ea5140bb7c41e42de7c45c9a2ab9921b5d5c9a83?s=96&d=mm&r=g\",\"url\":\"https:\\\/\\\/secure.gravatar.com\\\/avatar\\\/6ddceb80eb734354635539e0ea5140bb7c41e42de7c45c9a2ab9921b5d5c9a83?s=96&d=mm&r=g\",\"contentUrl\":\"https:\\\/\\\/secure.gravatar.com\\\/avatar\\\/6ddceb80eb734354635539e0ea5140bb7c41e42de7c45c9a2ab9921b5d5c9a83?s=96&d=mm&r=g\",\"caption\":\"Simon Gr\u00f6flin\"},\"url\":\"https:\\\/\\\/news.save.ch\\\/fr\\\/author\\\/simon-groeflin\\\/\"}]}<\/script>\n<!-- \/ Yoast SEO plugin. -->","yoast_head_json":{"title":"Les cyber-risques : Une menace croissante pour les entreprises - Save","robots":{"index":"index","follow":"follow","max-snippet":"max-snippet:-1","max-image-preview":"max-image-preview:large","max-video-preview":"max-video-preview:-1"},"canonical":"https:\/\/news.save.ch\/fr\/cyber-risiken-wachsende-bedrohung-fuer-unternehmen\/","og_locale":"fr_FR","og_type":"article","og_title":"Cyber-Risiken: Wachsende Bedrohung f\u00fcr Unternehmen - Save","og_description":"Die m\u00f6glichen Kosten von Cyber-Angriffen steigen rasant &#8211; vor allem im Zusammenhang mit verlorenen oder besch\u00e4digten Daten. Daher werden die Themen Cyber-Sicherheit und Cyber-Widerstandsf\u00e4higkeit f\u00fcr Unternehmen immer wichtiger. Dies ist das Fazit der ersten sigma-Studie \u00abCyber: Bew\u00e4ltigung eines komplexen Risikos\u00bb\u00a0des neu er\u00f6ffneten Swiss Re Institutes. Unternehmen m\u00fcssen k\u00fcnftig noch viel mehr tun, um die Cyber-Sicherheit [&hellip;]","og_url":"https:\/\/news.save.ch\/fr\/cyber-risiken-wachsende-bedrohung-fuer-unternehmen\/","og_site_name":"Save","article_published_time":"2017-03-03T15:55:30+00:00","article_modified_time":"2023-03-14T07:57:06+00:00","og_image":[{"width":1400,"height":934,"url":"https:\/\/news.save.ch\/wp-content\/uploads\/2017\/03\/Depositphotos_136866610_l-2015-scaled.jpg","type":"image\/jpeg"}],"author":"Simon Gr\u00f6flin","twitter_card":"summary_large_image","twitter_misc":{"\u00c9crit par":"Simon Gr\u00f6flin","Dur\u00e9e de lecture estim\u00e9e":"2 minutes"},"schema":{"@context":"https:\/\/schema.org","@graph":[{"@type":"Article","@id":"https:\/\/news.save.ch\/cyber-risiken-wachsende-bedrohung-fuer-unternehmen\/#article","isPartOf":{"@id":"https:\/\/news.save.ch\/cyber-risiken-wachsende-bedrohung-fuer-unternehmen\/"},"author":{"name":"Simon Gr\u00f6flin","@id":"https:\/\/news.save.ch\/de\/#\/schema\/person\/ad4ef21102fd6125312409ac57d5296d"},"headline":"Cyber-Risiken: Wachsende Bedrohung f\u00fcr Unternehmen","datePublished":"2017-03-03T15:55:30+00:00","dateModified":"2023-03-14T07:57:06+00:00","mainEntityOfPage":{"@id":"https:\/\/news.save.ch\/cyber-risiken-wachsende-bedrohung-fuer-unternehmen\/"},"wordCount":383,"commentCount":0,"publisher":{"@id":"https:\/\/news.save.ch\/de\/#organization"},"image":{"@id":"https:\/\/news.save.ch\/cyber-risiken-wachsende-bedrohung-fuer-unternehmen\/#primaryimage"},"thumbnailUrl":"https:\/\/news.save.ch\/wp-content\/uploads\/2017\/03\/Depositphotos_136866610_l-2015-scaled.jpg","keywords":["Cyber-Sicherheit","IT-SECURITY","Studie","Swiss Re Institute"],"articleSection":["DIGITALISIERUNG"],"inLanguage":"fr-FR"},{"@type":"WebPage","@id":"https:\/\/news.save.ch\/cyber-risiken-wachsende-bedrohung-fuer-unternehmen\/","url":"https:\/\/news.save.ch\/cyber-risiken-wachsende-bedrohung-fuer-unternehmen\/","name":"Les cyber-risques : Une menace croissante pour les entreprises - Save","isPartOf":{"@id":"https:\/\/news.save.ch\/de\/#website"},"primaryImageOfPage":{"@id":"https:\/\/news.save.ch\/cyber-risiken-wachsende-bedrohung-fuer-unternehmen\/#primaryimage"},"image":{"@id":"https:\/\/news.save.ch\/cyber-risiken-wachsende-bedrohung-fuer-unternehmen\/#primaryimage"},"thumbnailUrl":"https:\/\/news.save.ch\/wp-content\/uploads\/2017\/03\/Depositphotos_136866610_l-2015-scaled.jpg","datePublished":"2017-03-03T15:55:30+00:00","dateModified":"2023-03-14T07:57:06+00:00","breadcrumb":{"@id":"https:\/\/news.save.ch\/cyber-risiken-wachsende-bedrohung-fuer-unternehmen\/#breadcrumb"},"inLanguage":"fr-FR","potentialAction":[{"@type":"ReadAction","target":["https:\/\/news.save.ch\/cyber-risiken-wachsende-bedrohung-fuer-unternehmen\/"]}]},{"@type":"ImageObject","inLanguage":"fr-FR","@id":"https:\/\/news.save.ch\/cyber-risiken-wachsende-bedrohung-fuer-unternehmen\/#primaryimage","url":"https:\/\/news.save.ch\/wp-content\/uploads\/2017\/03\/Depositphotos_136866610_l-2015-scaled.jpg","contentUrl":"https:\/\/news.save.ch\/wp-content\/uploads\/2017\/03\/Depositphotos_136866610_l-2015-scaled.jpg","width":1400,"height":934,"caption":"Das Risiko f\u00fcr Cyber-Versicherungsl\u00f6sungen ist nur schwer kalkulierbar."},{"@type":"BreadcrumbList","@id":"https:\/\/news.save.ch\/cyber-risiken-wachsende-bedrohung-fuer-unternehmen\/#breadcrumb","itemListElement":[{"@type":"ListItem","position":1,"name":"Home","item":"https:\/\/news.save.ch\/de\/"},{"@type":"ListItem","position":2,"name":"Cyber-Risiken: Wachsende Bedrohung f\u00fcr Unternehmen"}]},{"@type":"WebSite","@id":"https:\/\/news.save.ch\/de\/#website","url":"https:\/\/news.save.ch\/de\/","name":"Save","description":"Revue suisse sp\u00e9cialis\u00e9e dans la s\u00e9curit\u00e9","publisher":{"@id":"https:\/\/news.save.ch\/de\/#organization"},"potentialAction":[{"@type":"SearchAction","target":{"@type":"EntryPoint","urlTemplate":"https:\/\/news.save.ch\/de\/?s={search_term_string}"},"query-input":{"@type":"PropertyValueSpecification","valueRequired":true,"valueName":"search_term_string"}}],"inLanguage":"fr-FR"},{"@type":"Organization","@id":"https:\/\/news.save.ch\/de\/#organization","name":"Forum sur la s\u00e9curit\u00e9","url":"https:\/\/news.save.ch\/de\/","logo":{"@type":"ImageObject","inLanguage":"fr-FR","@id":"https:\/\/news.save.ch\/de\/#\/schema\/logo\/image\/","url":"https:\/\/news.save.ch\/wp-content\/uploads\/2022\/06\/Logo_SF_2012.png","contentUrl":"https:\/\/news.save.ch\/wp-content\/uploads\/2022\/06\/Logo_SF_2012.png","width":1100,"height":91,"caption":"Sicherheitsforum"},"image":{"@id":"https:\/\/news.save.ch\/de\/#\/schema\/logo\/image\/"}},{"@type":"Person","@id":"https:\/\/news.save.ch\/de\/#\/schema\/person\/ad4ef21102fd6125312409ac57d5296d","name":"Simon Gr\u00f6flin","image":{"@type":"ImageObject","inLanguage":"fr-FR","@id":"https:\/\/secure.gravatar.com\/avatar\/6ddceb80eb734354635539e0ea5140bb7c41e42de7c45c9a2ab9921b5d5c9a83?s=96&d=mm&r=g","url":"https:\/\/secure.gravatar.com\/avatar\/6ddceb80eb734354635539e0ea5140bb7c41e42de7c45c9a2ab9921b5d5c9a83?s=96&d=mm&r=g","contentUrl":"https:\/\/secure.gravatar.com\/avatar\/6ddceb80eb734354635539e0ea5140bb7c41e42de7c45c9a2ab9921b5d5c9a83?s=96&d=mm&r=g","caption":"Simon Gr\u00f6flin"},"url":"https:\/\/news.save.ch\/fr\/author\/simon-groeflin\/"}]}},"_links":{"self":[{"href":"https:\/\/news.save.ch\/fr\/wp-json\/wp\/v2\/posts\/4424","targetHints":{"allow":["GET"]}}],"collection":[{"href":"https:\/\/news.save.ch\/fr\/wp-json\/wp\/v2\/posts"}],"about":[{"href":"https:\/\/news.save.ch\/fr\/wp-json\/wp\/v2\/types\/post"}],"author":[{"embeddable":true,"href":"https:\/\/news.save.ch\/fr\/wp-json\/wp\/v2\/users\/9"}],"replies":[{"embeddable":true,"href":"https:\/\/news.save.ch\/fr\/wp-json\/wp\/v2\/comments?post=4424"}],"version-history":[{"count":1,"href":"https:\/\/news.save.ch\/fr\/wp-json\/wp\/v2\/posts\/4424\/revisions"}],"predecessor-version":[{"id":17528,"href":"https:\/\/news.save.ch\/fr\/wp-json\/wp\/v2\/posts\/4424\/revisions\/17528"}],"wp:featuredmedia":[{"embeddable":true,"href":"https:\/\/news.save.ch\/fr\/wp-json\/wp\/v2\/media\/4425"}],"wp:attachment":[{"href":"https:\/\/news.save.ch\/fr\/wp-json\/wp\/v2\/media?parent=4424"}],"wp:term":[{"taxonomy":"category","embeddable":true,"href":"https:\/\/news.save.ch\/fr\/wp-json\/wp\/v2\/categories?post=4424"},{"taxonomy":"post_tag","embeddable":true,"href":"https:\/\/news.save.ch\/fr\/wp-json\/wp\/v2\/tags?post=4424"}],"curies":[{"name":"wp","href":"https:\/\/api.w.org\/{rel}","templated":true}]}}