{"id":4432,"date":"2017-03-06T15:27:20","date_gmt":"2017-03-06T14:27:20","guid":{"rendered":"https:\/\/news.save.ch\/?p=4432"},"modified":"2023-03-14T08:59:22","modified_gmt":"2023-03-14T07:59:22","slug":"videosicherheit-gemeinsame-wege-von-bosch-und-sony","status":null,"type":"post","link":"https:\/\/news.save.ch\/fr\/videosicherheit-gemeinsame-wege-von-bosch-und-sony\/","title":{"rendered":"S\u00e9curit\u00e9 vid\u00e9o : voies communes de Bosch et Sony"},"content":{"rendered":"<p><img loading=\"lazy\" decoding=\"async\" class=\"aligncenter size-medium wp-image-4433\" src=\"https:\/\/news.save.ch\/wp-content\/uploads\/2017\/03\/Bosch.jpg\" alt=\"\" width=\"680\" height=\"407\" srcset=\"https:\/\/news.save.ch\/wp-content\/uploads\/2017\/03\/Bosch.jpg 702w, https:\/\/news.save.ch\/wp-content\/uploads\/2017\/03\/Bosch-375x224.jpg 375w\" sizes=\"auto, (max-width: 680px) 100vw, 680px\" \/><\/p>\n<p>Le partenariat comprend, selon <a href=\"https:\/\/www.boschsecurity.com\">Bosch<\/a> une collaboration dans les domaines de la vente et du marketing ainsi qu'une coop\u00e9ration technologique. Dans le cadre du partenariat de vente et de marketing, les employ\u00e9s de Sony charg\u00e9s de la s\u00e9curit\u00e9 vid\u00e9o font d\u00e9sormais partie d'une nouvelle \u00e9quipe au sein de l'organisation de Bosch Security Systems. L'\u00e9quipe s'occupera des clients de Sony en mati\u00e8re de s\u00e9curit\u00e9 vid\u00e9o sur tous les march\u00e9s, \u00e0 l'exception du Japon. \"Nous nous r\u00e9jouissons de travailler avec nos nouveaux coll\u00e8gues qui apportent une telle expertise. Nous sommes convaincus que nous pouvons continuer \u00e0 d\u00e9velopper l'activit\u00e9 des produits Sony gr\u00e2ce \u00e0 un excellent support et \u00e0 un service de premi\u00e8re classe pour nos clients\", a d\u00e9clar\u00e9 Michael Hirsch de la division Sony Video Security au sein de Bosch. \"Nous sommes tr\u00e8s heureux que les clients de Sony en mati\u00e8re de s\u00e9curit\u00e9 vid\u00e9o soient d\u00e9sormais pris en charge par Bosch Security Systems. Nous allons maintenant faire progresser notre partenariat et d\u00e9velopper ensemble des produits qui nous permettront de d\u00e9montrer notre expertise de pointe en mati\u00e8re de qualit\u00e9 et de performance de l'image vid\u00e9o\", ajoute Toru Katsumoto de Sony Corporation.<\/p>\n<p><strong>D\u00e9finir de nouveaux standards pour l'acquisition d'images vid\u00e9o haute r\u00e9solution<\/strong><\/p>\n<p>En ce qui concerne la collaboration technologique, les deux entreprises veulent \u00e9tablir de nouvelles normes pour la capture d'images vid\u00e9o haute r\u00e9solution combin\u00e9e \u00e0 une sensibilit\u00e9 \u00e0 la lumi\u00e8re exceptionnelle, compl\u00e9t\u00e9e par l'expertise de Bosch dans les domaines de l'analyse vid\u00e9o int\u00e9gr\u00e9e et de la gestion efficace du d\u00e9bit binaire. En mars 2017, Sony ajoutera huit nouvelles cam\u00e9ras de s\u00e9curit\u00e9 vid\u00e9o Full-HD (1080p) \u00e0 son portefeuille de produits de cam\u00e9ras r\u00e9seau de 6e g\u00e9n\u00e9ration (G6), r\u00e9pondant ainsi \u00e0 la demande sans cesse croissante de qualit\u00e9 d'image haute r\u00e9solution sur le march\u00e9 de la s\u00e9curit\u00e9 vid\u00e9o, selon un communiqu\u00e9. Parall\u00e8lement, Bosch actualise son portefeuille dans le domaine de l'analyse vid\u00e9o et de la gestion du d\u00e9bit binaire. \u00c0 partir de mai 2017, toutes les cam\u00e9ras r\u00e9seau \u00e0 partir de la s\u00e9rie IP 4000 seront \u00e9quip\u00e9es en standard d'une analyse vid\u00e9o int\u00e9gr\u00e9e ainsi que des derni\u00e8res technologies de gestion du d\u00e9bit binaire en combinaison avec l'encodage vid\u00e9o H.265, ce qui permet de r\u00e9duire le d\u00e9bit binaire jusqu'\u00e0 80 pour cent, \u00e9crit le fournisseur.<\/p>\n<p>Les premiers produits d\u00e9velopp\u00e9s en commun sont pr\u00e9vus pour 2018. \"Nous sommes impatients d'offrir \u00e0 nos clients des solutions de s\u00e9curit\u00e9 vid\u00e9o de premier ordre dans les segments de march\u00e9 existants et nouveaux\", a d\u00e9clar\u00e9 Gert van Iperen, pr\u00e9sident du conseil d'administration de la division Bosch Security Systems.<\/p>\n<p>&nbsp;<\/p>","protected":false},"excerpt":{"rendered":"<p>Die Partnerschaft beinhaltet laut Bosch eine Zusammenarbeit in den Bereichen Vertrieb und Marketing sowie eine technologische Kooperation. Im Rahmen der Vertriebs- und Marketingpartnerschaft seien die zugeh\u00f6rigen Mitarbeiter von Sony aus dem Bereich Videosicherheit nun Teil eines neuen Teams innerhalb der Organisation von Bosch Security Systems. Das Team werde die Videosicherheitskunden von Sony in allen M\u00e4rkten [&hellip;]<\/p>\n","protected":false},"author":8,"featured_media":4433,"comment_status":"open","ping_status":"open","sticky":false,"template":"","format":"standard","meta":{"_acf_changed":false,"pgc_sgb_lightbox_settings":"","footnotes":""},"categories":[3312],"tags":[78],"class_list":["post-4432","post","type-post","status-publish","format-standard","has-post-thumbnail","hentry","category-sicherheit","tag-videoueberwachung"],"acf":[],"hkrextid":null,"publication":null,"issue":null,"workflow":null,"startPage":null,"spitzmarke":null,"_posts_by_tag_page_fields":{"widget_title":"","widget_tags":""},"_at_widget":"1","_yoast_wpseo_primary_category":"529","_yoast_wpseo_focuskw_text_input":"Bosch","_yoast_wpseo_opengraph-image":null,"_yoast_wpseo_opengraph-description":null,"_yoast_wpseo_opengraph-title":null,"enclosure":null,"_yoast_wpseo_twitter-title":null,"_yoast_wpseo_twitter-description":null,"_yoast_wpseo_twitter-image":null,"_wp_old_slug":null,"_yoast_wpseo_title":null,"_yoast_wpseo_canonical":null,"yoast_head":"<!-- This site is optimized with the Yoast SEO plugin v27.5 - https:\/\/yoast.com\/product\/yoast-seo-wordpress\/ -->\n<title>Videosicherheit: gemeinsame Wege von Bosch und Sony - Save<\/title>\n<meta name=\"description\" content=\"Die Partnerschaft zwischen Bosch Security Systems und der Sony Corporation im Bereich Videosicherheitsl\u00f6sungen ist seit Februar 2017 wirksam.\" \/>\n<meta name=\"robots\" content=\"index, follow, max-snippet:-1, max-image-preview:large, max-video-preview:-1\" \/>\n<link rel=\"canonical\" href=\"https:\/\/news.save.ch\/fr\/videosicherheit-gemeinsame-wege-von-bosch-und-sony\/\" \/>\n<meta property=\"og:locale\" content=\"fr_FR\" \/>\n<meta property=\"og:type\" content=\"article\" \/>\n<meta property=\"og:title\" content=\"Videosicherheit: gemeinsame Wege von Bosch und Sony - Save\" \/>\n<meta property=\"og:description\" content=\"Die Partnerschaft zwischen Bosch Security Systems und der Sony Corporation im Bereich Videosicherheitsl\u00f6sungen ist seit Februar 2017 wirksam.\" \/>\n<meta property=\"og:url\" content=\"https:\/\/news.save.ch\/fr\/videosicherheit-gemeinsame-wege-von-bosch-und-sony\/\" \/>\n<meta property=\"og:site_name\" content=\"Save\" \/>\n<meta property=\"article:published_time\" content=\"2017-03-06T14:27:20+00:00\" \/>\n<meta property=\"article:modified_time\" content=\"2023-03-14T07:59:22+00:00\" \/>\n<meta property=\"og:image\" content=\"https:\/\/news.save.ch\/wp-content\/uploads\/2017\/03\/Bosch.jpg\" \/>\n\t<meta property=\"og:image:width\" content=\"702\" \/>\n\t<meta property=\"og:image:height\" content=\"420\" \/>\n\t<meta property=\"og:image:type\" content=\"image\/jpeg\" \/>\n<meta name=\"author\" content=\"Roger Str\u00e4ssle\" \/>\n<meta name=\"twitter:card\" content=\"summary_large_image\" \/>\n<meta name=\"twitter:label1\" content=\"\u00c9crit par\" \/>\n\t<meta name=\"twitter:data1\" content=\"Roger Str\u00e4ssle\" \/>\n\t<meta name=\"twitter:label2\" content=\"Dur\u00e9e de lecture estim\u00e9e\" \/>\n\t<meta name=\"twitter:data2\" content=\"2 minutes\" \/>\n<script type=\"application\/ld+json\" class=\"yoast-schema-graph\">{\"@context\":\"https:\\\/\\\/schema.org\",\"@graph\":[{\"@type\":\"Article\",\"@id\":\"https:\\\/\\\/news.save.ch\\\/videosicherheit-gemeinsame-wege-von-bosch-und-sony\\\/#article\",\"isPartOf\":{\"@id\":\"https:\\\/\\\/news.save.ch\\\/videosicherheit-gemeinsame-wege-von-bosch-und-sony\\\/\"},\"author\":{\"name\":\"Roger Str\u00e4ssle\",\"@id\":\"https:\\\/\\\/news.save.ch\\\/de\\\/#\\\/schema\\\/person\\\/d5022db048e0e2b9785c50e5b24da5aa\"},\"headline\":\"Videosicherheit: gemeinsame Wege von Bosch und Sony\",\"datePublished\":\"2017-03-06T14:27:20+00:00\",\"dateModified\":\"2023-03-14T07:59:22+00:00\",\"mainEntityOfPage\":{\"@id\":\"https:\\\/\\\/news.save.ch\\\/videosicherheit-gemeinsame-wege-von-bosch-und-sony\\\/\"},\"wordCount\":347,\"commentCount\":0,\"publisher\":{\"@id\":\"https:\\\/\\\/news.save.ch\\\/de\\\/#organization\"},\"image\":{\"@id\":\"https:\\\/\\\/news.save.ch\\\/videosicherheit-gemeinsame-wege-von-bosch-und-sony\\\/#primaryimage\"},\"thumbnailUrl\":\"https:\\\/\\\/news.save.ch\\\/wp-content\\\/uploads\\\/2017\\\/03\\\/Bosch.jpg\",\"keywords\":[\"Video\u00fcberwachung\"],\"articleSection\":[\"SICHERHEIT\"],\"inLanguage\":\"fr-FR\"},{\"@type\":\"WebPage\",\"@id\":\"https:\\\/\\\/news.save.ch\\\/videosicherheit-gemeinsame-wege-von-bosch-und-sony\\\/\",\"url\":\"https:\\\/\\\/news.save.ch\\\/videosicherheit-gemeinsame-wege-von-bosch-und-sony\\\/\",\"name\":\"Videosicherheit: gemeinsame Wege von Bosch und Sony - Save\",\"isPartOf\":{\"@id\":\"https:\\\/\\\/news.save.ch\\\/de\\\/#website\"},\"primaryImageOfPage\":{\"@id\":\"https:\\\/\\\/news.save.ch\\\/videosicherheit-gemeinsame-wege-von-bosch-und-sony\\\/#primaryimage\"},\"image\":{\"@id\":\"https:\\\/\\\/news.save.ch\\\/videosicherheit-gemeinsame-wege-von-bosch-und-sony\\\/#primaryimage\"},\"thumbnailUrl\":\"https:\\\/\\\/news.save.ch\\\/wp-content\\\/uploads\\\/2017\\\/03\\\/Bosch.jpg\",\"datePublished\":\"2017-03-06T14:27:20+00:00\",\"dateModified\":\"2023-03-14T07:59:22+00:00\",\"description\":\"Die Partnerschaft zwischen Bosch Security Systems und der Sony Corporation im Bereich Videosicherheitsl\u00f6sungen ist seit Februar 2017 wirksam.\",\"breadcrumb\":{\"@id\":\"https:\\\/\\\/news.save.ch\\\/videosicherheit-gemeinsame-wege-von-bosch-und-sony\\\/#breadcrumb\"},\"inLanguage\":\"fr-FR\",\"potentialAction\":[{\"@type\":\"ReadAction\",\"target\":[\"https:\\\/\\\/news.save.ch\\\/videosicherheit-gemeinsame-wege-von-bosch-und-sony\\\/\"]}]},{\"@type\":\"ImageObject\",\"inLanguage\":\"fr-FR\",\"@id\":\"https:\\\/\\\/news.save.ch\\\/videosicherheit-gemeinsame-wege-von-bosch-und-sony\\\/#primaryimage\",\"url\":\"https:\\\/\\\/news.save.ch\\\/wp-content\\\/uploads\\\/2017\\\/03\\\/Bosch.jpg\",\"contentUrl\":\"https:\\\/\\\/news.save.ch\\\/wp-content\\\/uploads\\\/2017\\\/03\\\/Bosch.jpg\",\"width\":702,\"height\":420},{\"@type\":\"BreadcrumbList\",\"@id\":\"https:\\\/\\\/news.save.ch\\\/videosicherheit-gemeinsame-wege-von-bosch-und-sony\\\/#breadcrumb\",\"itemListElement\":[{\"@type\":\"ListItem\",\"position\":1,\"name\":\"Home\",\"item\":\"https:\\\/\\\/news.save.ch\\\/de\\\/\"},{\"@type\":\"ListItem\",\"position\":2,\"name\":\"Videosicherheit: gemeinsame Wege von Bosch und Sony\"}]},{\"@type\":\"WebSite\",\"@id\":\"https:\\\/\\\/news.save.ch\\\/de\\\/#website\",\"url\":\"https:\\\/\\\/news.save.ch\\\/de\\\/\",\"name\":\"Save\",\"description\":\"Schweizer Fachzeitschrift f\u00fcr Sicherheit\",\"publisher\":{\"@id\":\"https:\\\/\\\/news.save.ch\\\/de\\\/#organization\"},\"potentialAction\":[{\"@type\":\"SearchAction\",\"target\":{\"@type\":\"EntryPoint\",\"urlTemplate\":\"https:\\\/\\\/news.save.ch\\\/de\\\/?s={search_term_string}\"},\"query-input\":{\"@type\":\"PropertyValueSpecification\",\"valueRequired\":true,\"valueName\":\"search_term_string\"}}],\"inLanguage\":\"fr-FR\"},{\"@type\":\"Organization\",\"@id\":\"https:\\\/\\\/news.save.ch\\\/de\\\/#organization\",\"name\":\"Sicherheitsforum\",\"url\":\"https:\\\/\\\/news.save.ch\\\/de\\\/\",\"logo\":{\"@type\":\"ImageObject\",\"inLanguage\":\"fr-FR\",\"@id\":\"https:\\\/\\\/news.save.ch\\\/de\\\/#\\\/schema\\\/logo\\\/image\\\/\",\"url\":\"https:\\\/\\\/news.save.ch\\\/wp-content\\\/uploads\\\/2022\\\/06\\\/Logo_SF_2012.png\",\"contentUrl\":\"https:\\\/\\\/news.save.ch\\\/wp-content\\\/uploads\\\/2022\\\/06\\\/Logo_SF_2012.png\",\"width\":1100,\"height\":91,\"caption\":\"Sicherheitsforum\"},\"image\":{\"@id\":\"https:\\\/\\\/news.save.ch\\\/de\\\/#\\\/schema\\\/logo\\\/image\\\/\"}},{\"@type\":\"Person\",\"@id\":\"https:\\\/\\\/news.save.ch\\\/de\\\/#\\\/schema\\\/person\\\/d5022db048e0e2b9785c50e5b24da5aa\",\"name\":\"Roger Str\u00e4ssle\",\"image\":{\"@type\":\"ImageObject\",\"inLanguage\":\"fr-FR\",\"@id\":\"https:\\\/\\\/secure.gravatar.com\\\/avatar\\\/862a5569d087de48e5856e32f45d719a03804c891d6deb8d4f71a660e79e4a47?s=96&d=mm&r=g\",\"url\":\"https:\\\/\\\/secure.gravatar.com\\\/avatar\\\/862a5569d087de48e5856e32f45d719a03804c891d6deb8d4f71a660e79e4a47?s=96&d=mm&r=g\",\"contentUrl\":\"https:\\\/\\\/secure.gravatar.com\\\/avatar\\\/862a5569d087de48e5856e32f45d719a03804c891d6deb8d4f71a660e79e4a47?s=96&d=mm&r=g\",\"caption\":\"Roger Str\u00e4ssle\"},\"url\":\"https:\\\/\\\/news.save.ch\\\/fr\\\/author\\\/roger-straessle\\\/\"}]}<\/script>\n<!-- \/ Yoast SEO plugin. -->","yoast_head_json":{"title":"S\u00e9curit\u00e9 vid\u00e9o : voies communes de Bosch et Sony - Save","description":"Le partenariat entre Bosch Security Systems et Sony Corporation dans le domaine des solutions de s\u00e9curit\u00e9 vid\u00e9o est effectif depuis f\u00e9vrier 2017.","robots":{"index":"index","follow":"follow","max-snippet":"max-snippet:-1","max-image-preview":"max-image-preview:large","max-video-preview":"max-video-preview:-1"},"canonical":"https:\/\/news.save.ch\/fr\/videosicherheit-gemeinsame-wege-von-bosch-und-sony\/","og_locale":"fr_FR","og_type":"article","og_title":"Videosicherheit: gemeinsame Wege von Bosch und Sony - Save","og_description":"Die Partnerschaft zwischen Bosch Security Systems und der Sony Corporation im Bereich Videosicherheitsl\u00f6sungen ist seit Februar 2017 wirksam.","og_url":"https:\/\/news.save.ch\/fr\/videosicherheit-gemeinsame-wege-von-bosch-und-sony\/","og_site_name":"Save","article_published_time":"2017-03-06T14:27:20+00:00","article_modified_time":"2023-03-14T07:59:22+00:00","og_image":[{"width":702,"height":420,"url":"https:\/\/news.save.ch\/wp-content\/uploads\/2017\/03\/Bosch.jpg","type":"image\/jpeg"}],"author":"Roger Str\u00e4ssle","twitter_card":"summary_large_image","twitter_misc":{"\u00c9crit par":"Roger Str\u00e4ssle","Dur\u00e9e de lecture estim\u00e9e":"2 minutes"},"schema":{"@context":"https:\/\/schema.org","@graph":[{"@type":"Article","@id":"https:\/\/news.save.ch\/videosicherheit-gemeinsame-wege-von-bosch-und-sony\/#article","isPartOf":{"@id":"https:\/\/news.save.ch\/videosicherheit-gemeinsame-wege-von-bosch-und-sony\/"},"author":{"name":"Roger Str\u00e4ssle","@id":"https:\/\/news.save.ch\/de\/#\/schema\/person\/d5022db048e0e2b9785c50e5b24da5aa"},"headline":"Videosicherheit: gemeinsame Wege von Bosch und Sony","datePublished":"2017-03-06T14:27:20+00:00","dateModified":"2023-03-14T07:59:22+00:00","mainEntityOfPage":{"@id":"https:\/\/news.save.ch\/videosicherheit-gemeinsame-wege-von-bosch-und-sony\/"},"wordCount":347,"commentCount":0,"publisher":{"@id":"https:\/\/news.save.ch\/de\/#organization"},"image":{"@id":"https:\/\/news.save.ch\/videosicherheit-gemeinsame-wege-von-bosch-und-sony\/#primaryimage"},"thumbnailUrl":"https:\/\/news.save.ch\/wp-content\/uploads\/2017\/03\/Bosch.jpg","keywords":["Video\u00fcberwachung"],"articleSection":["SICHERHEIT"],"inLanguage":"fr-FR"},{"@type":"WebPage","@id":"https:\/\/news.save.ch\/videosicherheit-gemeinsame-wege-von-bosch-und-sony\/","url":"https:\/\/news.save.ch\/videosicherheit-gemeinsame-wege-von-bosch-und-sony\/","name":"S\u00e9curit\u00e9 vid\u00e9o : voies communes de Bosch et Sony - Save","isPartOf":{"@id":"https:\/\/news.save.ch\/de\/#website"},"primaryImageOfPage":{"@id":"https:\/\/news.save.ch\/videosicherheit-gemeinsame-wege-von-bosch-und-sony\/#primaryimage"},"image":{"@id":"https:\/\/news.save.ch\/videosicherheit-gemeinsame-wege-von-bosch-und-sony\/#primaryimage"},"thumbnailUrl":"https:\/\/news.save.ch\/wp-content\/uploads\/2017\/03\/Bosch.jpg","datePublished":"2017-03-06T14:27:20+00:00","dateModified":"2023-03-14T07:59:22+00:00","description":"Le partenariat entre Bosch Security Systems et Sony Corporation dans le domaine des solutions de s\u00e9curit\u00e9 vid\u00e9o est effectif depuis f\u00e9vrier 2017.","breadcrumb":{"@id":"https:\/\/news.save.ch\/videosicherheit-gemeinsame-wege-von-bosch-und-sony\/#breadcrumb"},"inLanguage":"fr-FR","potentialAction":[{"@type":"ReadAction","target":["https:\/\/news.save.ch\/videosicherheit-gemeinsame-wege-von-bosch-und-sony\/"]}]},{"@type":"ImageObject","inLanguage":"fr-FR","@id":"https:\/\/news.save.ch\/videosicherheit-gemeinsame-wege-von-bosch-und-sony\/#primaryimage","url":"https:\/\/news.save.ch\/wp-content\/uploads\/2017\/03\/Bosch.jpg","contentUrl":"https:\/\/news.save.ch\/wp-content\/uploads\/2017\/03\/Bosch.jpg","width":702,"height":420},{"@type":"BreadcrumbList","@id":"https:\/\/news.save.ch\/videosicherheit-gemeinsame-wege-von-bosch-und-sony\/#breadcrumb","itemListElement":[{"@type":"ListItem","position":1,"name":"Home","item":"https:\/\/news.save.ch\/de\/"},{"@type":"ListItem","position":2,"name":"Videosicherheit: gemeinsame Wege von Bosch und Sony"}]},{"@type":"WebSite","@id":"https:\/\/news.save.ch\/de\/#website","url":"https:\/\/news.save.ch\/de\/","name":"Save","description":"Revue suisse sp\u00e9cialis\u00e9e dans la s\u00e9curit\u00e9","publisher":{"@id":"https:\/\/news.save.ch\/de\/#organization"},"potentialAction":[{"@type":"SearchAction","target":{"@type":"EntryPoint","urlTemplate":"https:\/\/news.save.ch\/de\/?s={search_term_string}"},"query-input":{"@type":"PropertyValueSpecification","valueRequired":true,"valueName":"search_term_string"}}],"inLanguage":"fr-FR"},{"@type":"Organization","@id":"https:\/\/news.save.ch\/de\/#organization","name":"Forum sur la s\u00e9curit\u00e9","url":"https:\/\/news.save.ch\/de\/","logo":{"@type":"ImageObject","inLanguage":"fr-FR","@id":"https:\/\/news.save.ch\/de\/#\/schema\/logo\/image\/","url":"https:\/\/news.save.ch\/wp-content\/uploads\/2022\/06\/Logo_SF_2012.png","contentUrl":"https:\/\/news.save.ch\/wp-content\/uploads\/2022\/06\/Logo_SF_2012.png","width":1100,"height":91,"caption":"Sicherheitsforum"},"image":{"@id":"https:\/\/news.save.ch\/de\/#\/schema\/logo\/image\/"}},{"@type":"Person","@id":"https:\/\/news.save.ch\/de\/#\/schema\/person\/d5022db048e0e2b9785c50e5b24da5aa","name":"Roger Str\u00e4ssle","image":{"@type":"ImageObject","inLanguage":"fr-FR","@id":"https:\/\/secure.gravatar.com\/avatar\/862a5569d087de48e5856e32f45d719a03804c891d6deb8d4f71a660e79e4a47?s=96&d=mm&r=g","url":"https:\/\/secure.gravatar.com\/avatar\/862a5569d087de48e5856e32f45d719a03804c891d6deb8d4f71a660e79e4a47?s=96&d=mm&r=g","contentUrl":"https:\/\/secure.gravatar.com\/avatar\/862a5569d087de48e5856e32f45d719a03804c891d6deb8d4f71a660e79e4a47?s=96&d=mm&r=g","caption":"Roger Str\u00e4ssle"},"url":"https:\/\/news.save.ch\/fr\/author\/roger-straessle\/"}]}},"_links":{"self":[{"href":"https:\/\/news.save.ch\/fr\/wp-json\/wp\/v2\/posts\/4432","targetHints":{"allow":["GET"]}}],"collection":[{"href":"https:\/\/news.save.ch\/fr\/wp-json\/wp\/v2\/posts"}],"about":[{"href":"https:\/\/news.save.ch\/fr\/wp-json\/wp\/v2\/types\/post"}],"author":[{"embeddable":true,"href":"https:\/\/news.save.ch\/fr\/wp-json\/wp\/v2\/users\/8"}],"replies":[{"embeddable":true,"href":"https:\/\/news.save.ch\/fr\/wp-json\/wp\/v2\/comments?post=4432"}],"version-history":[{"count":1,"href":"https:\/\/news.save.ch\/fr\/wp-json\/wp\/v2\/posts\/4432\/revisions"}],"predecessor-version":[{"id":17940,"href":"https:\/\/news.save.ch\/fr\/wp-json\/wp\/v2\/posts\/4432\/revisions\/17940"}],"wp:featuredmedia":[{"embeddable":true,"href":"https:\/\/news.save.ch\/fr\/wp-json\/wp\/v2\/media\/4433"}],"wp:attachment":[{"href":"https:\/\/news.save.ch\/fr\/wp-json\/wp\/v2\/media?parent=4432"}],"wp:term":[{"taxonomy":"category","embeddable":true,"href":"https:\/\/news.save.ch\/fr\/wp-json\/wp\/v2\/categories?post=4432"},{"taxonomy":"post_tag","embeddable":true,"href":"https:\/\/news.save.ch\/fr\/wp-json\/wp\/v2\/tags?post=4432"}],"curies":[{"name":"wp","href":"https:\/\/api.w.org\/{rel}","templated":true}]}}