{"id":4469,"date":"2017-03-10T15:28:55","date_gmt":"2017-03-10T14:28:55","guid":{"rendered":"https:\/\/news.save.ch\/?p=4469"},"modified":"2023-03-14T08:57:06","modified_gmt":"2023-03-14T07:57:06","slug":"infoguard-baut-ein-neues-cyber-defence-center","status":null,"type":"post","link":"https:\/\/news.save.ch\/fr\/infoguard-baut-ein-neues-cyber-defence-center\/","title":{"rendered":"InfoGuard construit un nouveau centre de cyberd\u00e9fense"},"content":{"rendered":"<figure id=\"attachment_4470\" aria-describedby=\"caption-attachment-4470\" style=\"width: 680px\" class=\"wp-caption aligncenter\"><img loading=\"lazy\" decoding=\"async\" class=\"size-medium wp-image-4470\" src=\"https:\/\/news.save.ch\/wp-content\/uploads\/2017\/03\/Depositphotos_79027836_l-2015.jpg\" alt=\"\" width=\"680\" height=\"476\" \/><figcaption id=\"caption-attachment-4470\" class=\"wp-caption-text\">\u00a9 depositphotos<\/figcaption><\/figure>\n<p>\"<a href=\"https:\/\/www.infoguard.ch\">InfoGuard<\/a> a enregistr\u00e9 une croissance consid\u00e9rable de sa client\u00e8le au cours des trois derni\u00e8res ann\u00e9es, ce qui s'est traduit par une forte augmentation de son chiffre d'affaires. L'ann\u00e9e derni\u00e8re, nous avons pu nous d\u00e9velopper dans tous les domaines, du conseil en s\u00e9curit\u00e9 \u00e0 l'impl\u00e9mentation de solutions compl\u00e8tes de cybers\u00e9curit\u00e9 et de r\u00e9seau, en passant par les audits de s\u00e9curit\u00e9 et les tests d'intrusion. Mais la plus forte croissance a \u00e9t\u00e9 enregistr\u00e9e dans le domaine des Security Operation Services depuis notre Security Operation Center (SOC) certifi\u00e9 ISO\/IEC 27001 \u00e0 Baar\", explique Thomas Meier, CEO d'InfoGuard. Cela a \u00e9galement un effet positif sur le nombre de collaborateurs : L'ann\u00e9e derni\u00e8re, 20 nouveaux postes ont \u00e9t\u00e9 cr\u00e9\u00e9s. InfoGuard emploie 80 experts en s\u00e9curit\u00e9 sur les sites de Baar et de Berne. Le chiffre d'affaires a encore augment\u00e9 par rapport \u00e0 l'ann\u00e9e pr\u00e9c\u00e9dente pour atteindre environ 25 millions de francs.<\/p>\n<p><strong>Nouvelle construction SOC sur 250 m<sup>2 <\/sup><\/strong><\/p>\n<p>\"La cybers\u00e9curit\u00e9 est en pleine \u00e9volution. Aujourd'hui, il est crucial de d\u00e9tecter les infiltrations, d'y r\u00e9agir rapidement et d'optimiser le dispositif de s\u00e9curit\u00e9 en cons\u00e9quence. Pour cela, il faut un SOC avec des experts en s\u00e9curit\u00e9 sp\u00e9cialis\u00e9s. Depuis plusieurs ann\u00e9es, nous exploitons avec beaucoup de succ\u00e8s notre propre centre de cyberd\u00e9fense \u00e0 Baar. Les services SOC sont d'une importance strat\u00e9gique pour InfoGuard. C'est pourquoi nous allons construire un nouveau SOC sur le site de Baar et continuer \u00e0 renforcer notre personnel\", se r\u00e9jouit Ernesto Hartmann, Chief Security Operations Officer d'InfoGuard.<\/p>\n<p>Le nouveau b\u00e2timent marque une nouvelle \u00e9tape. Sur une surface de 250 m<sup>2 <\/sup>sera l'un des SOC les plus modernes de Suisse, dans lequel travailleront des experts en s\u00e9curit\u00e9 et des analystes \u00e0 partir de la mi-mai 2017. Le SOC se concentre exclusivement sur la cyberd\u00e9fense et offre aux clients des services complets tels que la gestion des informations et des \u00e9v\u00e9nements de s\u00e9curit\u00e9 (SIEM), la gestion des vuln\u00e9rabilit\u00e9s, la d\u00e9tection des br\u00e8ches, mais aussi la cyberintelligence des menaces, la r\u00e9ponse aux incidents et l'analyse forensique. Les services sont bas\u00e9s sur des technologies de d\u00e9tection de pointe, notamment dans le domaine de l'intelligence artificielle et du Machine Learning. En outre, l'architecture SOC offre un cadre d'automatisation sophistiqu\u00e9 afin de pouvoir fournir les services de mani\u00e8re efficace et d'automatiser largement les processus.<\/p>\n<p>Selon les informations, le nouveau centre de cyberd\u00e9fense dispose d'un concept de s\u00e9curit\u00e9 physique \u00e0 plusieurs niveaux et les syst\u00e8mes de s\u00e9curit\u00e9 sont surveill\u00e9s 24 heures sur 24. Il r\u00e9pond \u00e9galement aux exigences strictes de la protection des donn\u00e9es en Suisse et aux directives du secteur financier suisse.<\/p>\n<p>&nbsp;<\/p>\n<p>&nbsp;<\/p>","protected":false},"excerpt":{"rendered":"<p>\u00abInfoGuard verzeichnete in den letzten drei Jahren einen betr\u00e4chtlichen Kundenzuwachs und damit verbunden auch ein markantes Umsatzwachstum. Erfreulicherweise konnten wir auch im letzten Jahr in allen Bereichen wachsen von der Sicherheitsberatung \u00fcber Security Audits und Penetration Testing, bis hin zur Implementierung umfassender Cyber Security und Netzwerkl\u00f6sungen. Das gr\u00f6sste Wachstum verzeichneten wir aber im Bereich der [&hellip;]<\/p>\n","protected":false},"author":8,"featured_media":4470,"comment_status":"open","ping_status":"open","sticky":false,"template":"","format":"standard","meta":{"_acf_changed":false,"pgc_sgb_lightbox_settings":"","footnotes":""},"categories":[3313],"tags":[96,62],"class_list":["post-4469","post","type-post","status-publish","format-standard","has-post-thumbnail","hentry","category-digitalisierung","tag-cyber-crime","tag-ict-sicherheit"],"acf":[],"hkrextid":null,"publication":null,"issue":null,"workflow":null,"startPage":null,"spitzmarke":null,"_posts_by_tag_page_fields":{"widget_title":"","widget_tags":""},"_at_widget":"1","_yoast_wpseo_primary_category":"2","_yoast_wpseo_focuskw_text_input":"InfoGuard","_yoast_wpseo_opengraph-image":null,"_yoast_wpseo_opengraph-description":null,"_yoast_wpseo_opengraph-title":null,"enclosure":null,"_yoast_wpseo_twitter-title":null,"_yoast_wpseo_twitter-description":null,"_yoast_wpseo_twitter-image":null,"_wp_old_slug":null,"_yoast_wpseo_title":null,"_yoast_wpseo_canonical":null,"yoast_head":"<!-- This site is optimized with the Yoast SEO plugin v27.5 - https:\/\/yoast.com\/product\/yoast-seo-wordpress\/ -->\n<title>InfoGuard baut ein neues Cyber Defence Center - Save<\/title>\n<meta name=\"description\" content=\"InfoGuard hat ein Rekordjahr hinter sich und baut ein neues Cyber Defence Center.\" \/>\n<meta name=\"robots\" content=\"index, follow, max-snippet:-1, max-image-preview:large, max-video-preview:-1\" \/>\n<link rel=\"canonical\" href=\"https:\/\/news.save.ch\/fr\/infoguard-baut-ein-neues-cyber-defence-center\/\" \/>\n<meta property=\"og:locale\" content=\"fr_FR\" \/>\n<meta property=\"og:type\" content=\"article\" \/>\n<meta property=\"og:title\" content=\"InfoGuard baut ein neues Cyber Defence Center - Save\" \/>\n<meta property=\"og:description\" content=\"InfoGuard hat ein Rekordjahr hinter sich und baut ein neues Cyber Defence Center.\" \/>\n<meta property=\"og:url\" content=\"https:\/\/news.save.ch\/fr\/infoguard-baut-ein-neues-cyber-defence-center\/\" \/>\n<meta property=\"og:site_name\" content=\"Save\" \/>\n<meta property=\"article:published_time\" content=\"2017-03-10T14:28:55+00:00\" \/>\n<meta property=\"article:modified_time\" content=\"2023-03-14T07:57:06+00:00\" \/>\n<meta property=\"og:image\" content=\"https:\/\/news.save.ch\/wp-content\/uploads\/2017\/03\/Depositphotos_79027836_l-2015-scaled.jpg\" \/>\n\t<meta property=\"og:image:width\" content=\"1400\" \/>\n\t<meta property=\"og:image:height\" content=\"980\" \/>\n\t<meta property=\"og:image:type\" content=\"image\/jpeg\" \/>\n<meta name=\"author\" content=\"Roger Str\u00e4ssle\" \/>\n<meta name=\"twitter:card\" content=\"summary_large_image\" \/>\n<meta name=\"twitter:label1\" content=\"\u00c9crit par\" \/>\n\t<meta name=\"twitter:data1\" content=\"Roger Str\u00e4ssle\" \/>\n\t<meta name=\"twitter:label2\" content=\"Dur\u00e9e de lecture estim\u00e9e\" \/>\n\t<meta name=\"twitter:data2\" content=\"2 minutes\" \/>\n<script type=\"application\/ld+json\" class=\"yoast-schema-graph\">{\"@context\":\"https:\\\/\\\/schema.org\",\"@graph\":[{\"@type\":\"Article\",\"@id\":\"https:\\\/\\\/news.save.ch\\\/infoguard-baut-ein-neues-cyber-defence-center\\\/#article\",\"isPartOf\":{\"@id\":\"https:\\\/\\\/news.save.ch\\\/infoguard-baut-ein-neues-cyber-defence-center\\\/\"},\"author\":{\"name\":\"Roger Str\u00e4ssle\",\"@id\":\"https:\\\/\\\/news.save.ch\\\/de\\\/#\\\/schema\\\/person\\\/d5022db048e0e2b9785c50e5b24da5aa\"},\"headline\":\"InfoGuard baut ein neues Cyber Defence Center\",\"datePublished\":\"2017-03-10T14:28:55+00:00\",\"dateModified\":\"2023-03-14T07:57:06+00:00\",\"mainEntityOfPage\":{\"@id\":\"https:\\\/\\\/news.save.ch\\\/infoguard-baut-ein-neues-cyber-defence-center\\\/\"},\"wordCount\":375,\"commentCount\":0,\"publisher\":{\"@id\":\"https:\\\/\\\/news.save.ch\\\/de\\\/#organization\"},\"image\":{\"@id\":\"https:\\\/\\\/news.save.ch\\\/infoguard-baut-ein-neues-cyber-defence-center\\\/#primaryimage\"},\"thumbnailUrl\":\"https:\\\/\\\/news.save.ch\\\/wp-content\\\/uploads\\\/2017\\\/03\\\/Depositphotos_79027836_l-2015-scaled.jpg\",\"keywords\":[\"Cyber-Crime\",\"ICT-Sicherheit\"],\"articleSection\":[\"DIGITALISIERUNG\"],\"inLanguage\":\"fr-FR\"},{\"@type\":\"WebPage\",\"@id\":\"https:\\\/\\\/news.save.ch\\\/infoguard-baut-ein-neues-cyber-defence-center\\\/\",\"url\":\"https:\\\/\\\/news.save.ch\\\/infoguard-baut-ein-neues-cyber-defence-center\\\/\",\"name\":\"InfoGuard baut ein neues Cyber Defence Center - Save\",\"isPartOf\":{\"@id\":\"https:\\\/\\\/news.save.ch\\\/de\\\/#website\"},\"primaryImageOfPage\":{\"@id\":\"https:\\\/\\\/news.save.ch\\\/infoguard-baut-ein-neues-cyber-defence-center\\\/#primaryimage\"},\"image\":{\"@id\":\"https:\\\/\\\/news.save.ch\\\/infoguard-baut-ein-neues-cyber-defence-center\\\/#primaryimage\"},\"thumbnailUrl\":\"https:\\\/\\\/news.save.ch\\\/wp-content\\\/uploads\\\/2017\\\/03\\\/Depositphotos_79027836_l-2015-scaled.jpg\",\"datePublished\":\"2017-03-10T14:28:55+00:00\",\"dateModified\":\"2023-03-14T07:57:06+00:00\",\"description\":\"InfoGuard hat ein Rekordjahr hinter sich und baut ein neues Cyber Defence Center.\",\"breadcrumb\":{\"@id\":\"https:\\\/\\\/news.save.ch\\\/infoguard-baut-ein-neues-cyber-defence-center\\\/#breadcrumb\"},\"inLanguage\":\"fr-FR\",\"potentialAction\":[{\"@type\":\"ReadAction\",\"target\":[\"https:\\\/\\\/news.save.ch\\\/infoguard-baut-ein-neues-cyber-defence-center\\\/\"]}]},{\"@type\":\"ImageObject\",\"inLanguage\":\"fr-FR\",\"@id\":\"https:\\\/\\\/news.save.ch\\\/infoguard-baut-ein-neues-cyber-defence-center\\\/#primaryimage\",\"url\":\"https:\\\/\\\/news.save.ch\\\/wp-content\\\/uploads\\\/2017\\\/03\\\/Depositphotos_79027836_l-2015-scaled.jpg\",\"contentUrl\":\"https:\\\/\\\/news.save.ch\\\/wp-content\\\/uploads\\\/2017\\\/03\\\/Depositphotos_79027836_l-2015-scaled.jpg\",\"width\":1400,\"height\":980,\"caption\":\"\u00a9 depositphotos\"},{\"@type\":\"BreadcrumbList\",\"@id\":\"https:\\\/\\\/news.save.ch\\\/infoguard-baut-ein-neues-cyber-defence-center\\\/#breadcrumb\",\"itemListElement\":[{\"@type\":\"ListItem\",\"position\":1,\"name\":\"Home\",\"item\":\"https:\\\/\\\/news.save.ch\\\/de\\\/\"},{\"@type\":\"ListItem\",\"position\":2,\"name\":\"InfoGuard baut ein neues Cyber Defence Center\"}]},{\"@type\":\"WebSite\",\"@id\":\"https:\\\/\\\/news.save.ch\\\/de\\\/#website\",\"url\":\"https:\\\/\\\/news.save.ch\\\/de\\\/\",\"name\":\"Save\",\"description\":\"Schweizer Fachzeitschrift f\u00fcr Sicherheit\",\"publisher\":{\"@id\":\"https:\\\/\\\/news.save.ch\\\/de\\\/#organization\"},\"potentialAction\":[{\"@type\":\"SearchAction\",\"target\":{\"@type\":\"EntryPoint\",\"urlTemplate\":\"https:\\\/\\\/news.save.ch\\\/de\\\/?s={search_term_string}\"},\"query-input\":{\"@type\":\"PropertyValueSpecification\",\"valueRequired\":true,\"valueName\":\"search_term_string\"}}],\"inLanguage\":\"fr-FR\"},{\"@type\":\"Organization\",\"@id\":\"https:\\\/\\\/news.save.ch\\\/de\\\/#organization\",\"name\":\"Sicherheitsforum\",\"url\":\"https:\\\/\\\/news.save.ch\\\/de\\\/\",\"logo\":{\"@type\":\"ImageObject\",\"inLanguage\":\"fr-FR\",\"@id\":\"https:\\\/\\\/news.save.ch\\\/de\\\/#\\\/schema\\\/logo\\\/image\\\/\",\"url\":\"https:\\\/\\\/news.save.ch\\\/wp-content\\\/uploads\\\/2022\\\/06\\\/Logo_SF_2012.png\",\"contentUrl\":\"https:\\\/\\\/news.save.ch\\\/wp-content\\\/uploads\\\/2022\\\/06\\\/Logo_SF_2012.png\",\"width\":1100,\"height\":91,\"caption\":\"Sicherheitsforum\"},\"image\":{\"@id\":\"https:\\\/\\\/news.save.ch\\\/de\\\/#\\\/schema\\\/logo\\\/image\\\/\"}},{\"@type\":\"Person\",\"@id\":\"https:\\\/\\\/news.save.ch\\\/de\\\/#\\\/schema\\\/person\\\/d5022db048e0e2b9785c50e5b24da5aa\",\"name\":\"Roger Str\u00e4ssle\",\"image\":{\"@type\":\"ImageObject\",\"inLanguage\":\"fr-FR\",\"@id\":\"https:\\\/\\\/secure.gravatar.com\\\/avatar\\\/862a5569d087de48e5856e32f45d719a03804c891d6deb8d4f71a660e79e4a47?s=96&d=mm&r=g\",\"url\":\"https:\\\/\\\/secure.gravatar.com\\\/avatar\\\/862a5569d087de48e5856e32f45d719a03804c891d6deb8d4f71a660e79e4a47?s=96&d=mm&r=g\",\"contentUrl\":\"https:\\\/\\\/secure.gravatar.com\\\/avatar\\\/862a5569d087de48e5856e32f45d719a03804c891d6deb8d4f71a660e79e4a47?s=96&d=mm&r=g\",\"caption\":\"Roger Str\u00e4ssle\"},\"url\":\"https:\\\/\\\/news.save.ch\\\/fr\\\/author\\\/roger-straessle\\\/\"}]}<\/script>\n<!-- \/ Yoast SEO plugin. -->","yoast_head_json":{"title":"InfoGuard construit un nouveau centre de cyberd\u00e9fense - Save","description":"InfoGuard a connu une ann\u00e9e record et construit un nouveau centre de cyberd\u00e9fense.","robots":{"index":"index","follow":"follow","max-snippet":"max-snippet:-1","max-image-preview":"max-image-preview:large","max-video-preview":"max-video-preview:-1"},"canonical":"https:\/\/news.save.ch\/fr\/infoguard-baut-ein-neues-cyber-defence-center\/","og_locale":"fr_FR","og_type":"article","og_title":"InfoGuard baut ein neues Cyber Defence Center - Save","og_description":"InfoGuard hat ein Rekordjahr hinter sich und baut ein neues Cyber Defence Center.","og_url":"https:\/\/news.save.ch\/fr\/infoguard-baut-ein-neues-cyber-defence-center\/","og_site_name":"Save","article_published_time":"2017-03-10T14:28:55+00:00","article_modified_time":"2023-03-14T07:57:06+00:00","og_image":[{"width":1400,"height":980,"url":"https:\/\/news.save.ch\/wp-content\/uploads\/2017\/03\/Depositphotos_79027836_l-2015-scaled.jpg","type":"image\/jpeg"}],"author":"Roger Str\u00e4ssle","twitter_card":"summary_large_image","twitter_misc":{"\u00c9crit par":"Roger Str\u00e4ssle","Dur\u00e9e de lecture estim\u00e9e":"2 minutes"},"schema":{"@context":"https:\/\/schema.org","@graph":[{"@type":"Article","@id":"https:\/\/news.save.ch\/infoguard-baut-ein-neues-cyber-defence-center\/#article","isPartOf":{"@id":"https:\/\/news.save.ch\/infoguard-baut-ein-neues-cyber-defence-center\/"},"author":{"name":"Roger Str\u00e4ssle","@id":"https:\/\/news.save.ch\/de\/#\/schema\/person\/d5022db048e0e2b9785c50e5b24da5aa"},"headline":"InfoGuard baut ein neues Cyber Defence Center","datePublished":"2017-03-10T14:28:55+00:00","dateModified":"2023-03-14T07:57:06+00:00","mainEntityOfPage":{"@id":"https:\/\/news.save.ch\/infoguard-baut-ein-neues-cyber-defence-center\/"},"wordCount":375,"commentCount":0,"publisher":{"@id":"https:\/\/news.save.ch\/de\/#organization"},"image":{"@id":"https:\/\/news.save.ch\/infoguard-baut-ein-neues-cyber-defence-center\/#primaryimage"},"thumbnailUrl":"https:\/\/news.save.ch\/wp-content\/uploads\/2017\/03\/Depositphotos_79027836_l-2015-scaled.jpg","keywords":["Cyber-Crime","ICT-Sicherheit"],"articleSection":["DIGITALISIERUNG"],"inLanguage":"fr-FR"},{"@type":"WebPage","@id":"https:\/\/news.save.ch\/infoguard-baut-ein-neues-cyber-defence-center\/","url":"https:\/\/news.save.ch\/infoguard-baut-ein-neues-cyber-defence-center\/","name":"InfoGuard construit un nouveau centre de cyberd\u00e9fense - Save","isPartOf":{"@id":"https:\/\/news.save.ch\/de\/#website"},"primaryImageOfPage":{"@id":"https:\/\/news.save.ch\/infoguard-baut-ein-neues-cyber-defence-center\/#primaryimage"},"image":{"@id":"https:\/\/news.save.ch\/infoguard-baut-ein-neues-cyber-defence-center\/#primaryimage"},"thumbnailUrl":"https:\/\/news.save.ch\/wp-content\/uploads\/2017\/03\/Depositphotos_79027836_l-2015-scaled.jpg","datePublished":"2017-03-10T14:28:55+00:00","dateModified":"2023-03-14T07:57:06+00:00","description":"InfoGuard a connu une ann\u00e9e record et construit un nouveau centre de cyberd\u00e9fense.","breadcrumb":{"@id":"https:\/\/news.save.ch\/infoguard-baut-ein-neues-cyber-defence-center\/#breadcrumb"},"inLanguage":"fr-FR","potentialAction":[{"@type":"ReadAction","target":["https:\/\/news.save.ch\/infoguard-baut-ein-neues-cyber-defence-center\/"]}]},{"@type":"ImageObject","inLanguage":"fr-FR","@id":"https:\/\/news.save.ch\/infoguard-baut-ein-neues-cyber-defence-center\/#primaryimage","url":"https:\/\/news.save.ch\/wp-content\/uploads\/2017\/03\/Depositphotos_79027836_l-2015-scaled.jpg","contentUrl":"https:\/\/news.save.ch\/wp-content\/uploads\/2017\/03\/Depositphotos_79027836_l-2015-scaled.jpg","width":1400,"height":980,"caption":"\u00a9 depositphotos"},{"@type":"BreadcrumbList","@id":"https:\/\/news.save.ch\/infoguard-baut-ein-neues-cyber-defence-center\/#breadcrumb","itemListElement":[{"@type":"ListItem","position":1,"name":"Home","item":"https:\/\/news.save.ch\/de\/"},{"@type":"ListItem","position":2,"name":"InfoGuard baut ein neues Cyber Defence Center"}]},{"@type":"WebSite","@id":"https:\/\/news.save.ch\/de\/#website","url":"https:\/\/news.save.ch\/de\/","name":"Save","description":"Revue suisse sp\u00e9cialis\u00e9e dans la s\u00e9curit\u00e9","publisher":{"@id":"https:\/\/news.save.ch\/de\/#organization"},"potentialAction":[{"@type":"SearchAction","target":{"@type":"EntryPoint","urlTemplate":"https:\/\/news.save.ch\/de\/?s={search_term_string}"},"query-input":{"@type":"PropertyValueSpecification","valueRequired":true,"valueName":"search_term_string"}}],"inLanguage":"fr-FR"},{"@type":"Organization","@id":"https:\/\/news.save.ch\/de\/#organization","name":"Forum sur la s\u00e9curit\u00e9","url":"https:\/\/news.save.ch\/de\/","logo":{"@type":"ImageObject","inLanguage":"fr-FR","@id":"https:\/\/news.save.ch\/de\/#\/schema\/logo\/image\/","url":"https:\/\/news.save.ch\/wp-content\/uploads\/2022\/06\/Logo_SF_2012.png","contentUrl":"https:\/\/news.save.ch\/wp-content\/uploads\/2022\/06\/Logo_SF_2012.png","width":1100,"height":91,"caption":"Sicherheitsforum"},"image":{"@id":"https:\/\/news.save.ch\/de\/#\/schema\/logo\/image\/"}},{"@type":"Person","@id":"https:\/\/news.save.ch\/de\/#\/schema\/person\/d5022db048e0e2b9785c50e5b24da5aa","name":"Roger Str\u00e4ssle","image":{"@type":"ImageObject","inLanguage":"fr-FR","@id":"https:\/\/secure.gravatar.com\/avatar\/862a5569d087de48e5856e32f45d719a03804c891d6deb8d4f71a660e79e4a47?s=96&d=mm&r=g","url":"https:\/\/secure.gravatar.com\/avatar\/862a5569d087de48e5856e32f45d719a03804c891d6deb8d4f71a660e79e4a47?s=96&d=mm&r=g","contentUrl":"https:\/\/secure.gravatar.com\/avatar\/862a5569d087de48e5856e32f45d719a03804c891d6deb8d4f71a660e79e4a47?s=96&d=mm&r=g","caption":"Roger Str\u00e4ssle"},"url":"https:\/\/news.save.ch\/fr\/author\/roger-straessle\/"}]}},"_links":{"self":[{"href":"https:\/\/news.save.ch\/fr\/wp-json\/wp\/v2\/posts\/4469","targetHints":{"allow":["GET"]}}],"collection":[{"href":"https:\/\/news.save.ch\/fr\/wp-json\/wp\/v2\/posts"}],"about":[{"href":"https:\/\/news.save.ch\/fr\/wp-json\/wp\/v2\/types\/post"}],"author":[{"embeddable":true,"href":"https:\/\/news.save.ch\/fr\/wp-json\/wp\/v2\/users\/8"}],"replies":[{"embeddable":true,"href":"https:\/\/news.save.ch\/fr\/wp-json\/wp\/v2\/comments?post=4469"}],"version-history":[{"count":1,"href":"https:\/\/news.save.ch\/fr\/wp-json\/wp\/v2\/posts\/4469\/revisions"}],"predecessor-version":[{"id":17525,"href":"https:\/\/news.save.ch\/fr\/wp-json\/wp\/v2\/posts\/4469\/revisions\/17525"}],"wp:featuredmedia":[{"embeddable":true,"href":"https:\/\/news.save.ch\/fr\/wp-json\/wp\/v2\/media\/4470"}],"wp:attachment":[{"href":"https:\/\/news.save.ch\/fr\/wp-json\/wp\/v2\/media?parent=4469"}],"wp:term":[{"taxonomy":"category","embeddable":true,"href":"https:\/\/news.save.ch\/fr\/wp-json\/wp\/v2\/categories?post=4469"},{"taxonomy":"post_tag","embeddable":true,"href":"https:\/\/news.save.ch\/fr\/wp-json\/wp\/v2\/tags?post=4469"}],"curies":[{"name":"wp","href":"https:\/\/api.w.org\/{rel}","templated":true}]}}