{"id":4510,"date":"2017-03-20T16:33:10","date_gmt":"2017-03-20T15:33:10","guid":{"rendered":"https:\/\/news.save.ch\/?p=4510"},"modified":"2023-03-14T08:59:22","modified_gmt":"2023-03-14T07:59:22","slug":"sbb-transportpolizei-testet-bodycams","status":null,"type":"post","link":"https:\/\/news.save.ch\/fr\/sbb-transportpolizei-testet-bodycams\/","title":{"rendered":"La police des transports des CFF teste des bodycams"},"content":{"rendered":"<figure id=\"attachment_4511\" aria-describedby=\"caption-attachment-4511\" style=\"width: 680px\" class=\"wp-caption aligncenter\"><img loading=\"lazy\" decoding=\"async\" class=\"size-medium wp-image-4511\" src=\"https:\/\/news.save.ch\/wp-content\/uploads\/2017\/03\/Bild-SBB-Bodycam-scaled-1.jpg\" alt=\"\" width=\"680\" height=\"454\" \/><figcaption id=\"caption-attachment-4511\" class=\"wp-caption-text\">Une polici\u00e8re des transports \u00e9quip\u00e9e d'une bodycam. Photo : CFF, Christian Beutler<\/figcaption><\/figure>\n<p>La police des transports des CFF (TPO) veille \u00e0 la s\u00e9curit\u00e9 et \u00e0 l'ordre dans les gares suisses et les transports publics de diff\u00e9rentes entreprises de transport suisses. Pour ce faire, elle travaille en \u00e9troite collaboration avec les corps de police et les autorit\u00e9s comp\u00e9tentes des cantons et des villes. Dans ce contexte, elle m\u00e8ne, parall\u00e8lement \u00e0 la police municipale de Zurich, un projet pilote avec des bodycams, comme l'ont annonc\u00e9 aujourd'hui les CFF. Afin d'assurer une couverture nationale, deux cam\u00e9ras par site seront test\u00e9es \u00e0 partir du 20 mars 2017 dans les bases de Zurich et de Lausanne.<\/p>\n<p><strong>Le TPO est marqu\u00e9<\/strong><br \/>\nLes agents de la police des transports \u00e9quip\u00e9s d'une bodycam devraient \u00eatre identifi\u00e9s et reconnaissables en cons\u00e9quence. De plus, les personnes concern\u00e9es doivent pouvoir reconna\u00eetre un enregistrement en cours. Les agents de la police des transports utilisent la bodycam selon leur propre appr\u00e9ciation et en priorit\u00e9 pour leur propre protection et, si n\u00e9cessaire, pour la conservation des preuves, est-il \u00e9galement pr\u00e9cis\u00e9.<br \/>\nL'essai pilote de 30 semaines avec des cam\u00e9ras disponibles dans le commerce sera suivi scientifiquement, comme pour la police municipale de Zurich. Apr\u00e8s la phase pilote, la TPO pr\u00e9sentera un rapport d'\u00e9valuation au Pr\u00e9pos\u00e9 f\u00e9d\u00e9ral \u00e0 la protection des donn\u00e9es et \u00e0 la transparence.<br \/>\nLa situation en mati\u00e8re de s\u00e9curit\u00e9 autour de la gare n'a pas fondamentalement chang\u00e9 au cours des derni\u00e8res ann\u00e9es, affirment les CFF. Les passagers se sentent toujours en s\u00e9curit\u00e9. Toutefois, ces derni\u00e8res ann\u00e9es, des agressions ou des accusations injustifi\u00e9es ont \u00e9t\u00e9 port\u00e9es \u00e0 l'encontre des agents de la police des transports, du personnel des trains, des collaborateurs des CFF et d'autres organes de s\u00e9curit\u00e9 dans les transports publics. Selon l'entreprise ferroviaire, l'essai vise entre autres \u00e0 montrer si l'utilisation de bodycams permet de r\u00e9duire les agressions.<\/p>\n<p><strong>Strat\u00e9gie de s\u00e9curit\u00e9 des CFF : la vid\u00e9osurveillance en fait aussi partie<\/strong><\/p>\n<p>Les CFF misent depuis des ann\u00e9es sur la strat\u00e9gie \"Pr\u00e9vention-Dissuasion-R\u00e9pression\". Dans le domaine de la pr\u00e9vention, le programme \"<a href=\"https:\/\/www.sbb.ch\/sbb-konzern\/ueber-die-sbb\/die-sbb-bewegt-die-schweiz\/die-sbb-und-ihre-kunden\/die-sbb-und-die-sicherheit\/railfair.html\">RailFair<\/a>\" sur \"la pr\u00e9vention par la m\u00e9diation du conflit\". La dissuasion consiste en une pr\u00e9sence en uniforme, \u00e0 laquelle s'ajoute la vid\u00e9osurveillance comme moyen technique, souligne l'entreprise ferroviaire. La police des transports constitue la r\u00e9pression. Les forces professionnelles interviennent en cas d'infraction et veillent \u00e0 ce que les mesures juridiques n\u00e9cessaires soient prises, conclut l'entreprise.<\/p>","protected":false},"excerpt":{"rendered":"<p>Die Transportpolizei der SBB (TPO) sorgt in Schweizer Bahnh\u00f6fen und \u00f6ffentlichen Verkehrsmitteln verschiedener Schweizer Transportunternehmungen f\u00fcr Sicherheit und Ordnung. Dabei arbeitet sie eng mit den Polizeikorps und den zust\u00e4ndigen Beh\u00f6rden der Kantone und St\u00e4dte zusammen. In diesem Zusammenhang f\u00fchrt sie parallel zur Stadtpolizei Z\u00fcrich einen Pilot mit Bodycams durch, wie die SBB heute mitgeteilt haben. [&hellip;]<\/p>\n","protected":false},"author":8,"featured_media":4512,"comment_status":"open","ping_status":"open","sticky":false,"template":"","format":"standard","meta":{"_acf_changed":false,"pgc_sgb_lightbox_settings":"","footnotes":""},"categories":[3312],"tags":[69,78],"class_list":["post-4510","post","type-post","status-publish","format-standard","has-post-thumbnail","hentry","category-sicherheit","tag-justiz-polizei","tag-videoueberwachung"],"acf":[],"hkrextid":null,"publication":null,"issue":null,"workflow":null,"startPage":null,"spitzmarke":null,"_posts_by_tag_page_fields":{"widget_title":"","widget_tags":""},"_at_widget":"1","_yoast_wpseo_primary_category":"529","_yoast_wpseo_focuskw_text_input":"Bodycams","_yoast_wpseo_opengraph-image":null,"_yoast_wpseo_opengraph-description":null,"_yoast_wpseo_opengraph-title":null,"enclosure":null,"_yoast_wpseo_twitter-title":null,"_yoast_wpseo_twitter-description":null,"_yoast_wpseo_twitter-image":null,"_wp_old_slug":null,"_yoast_wpseo_title":null,"_yoast_wpseo_canonical":null,"yoast_head":"<!-- This site is optimized with the Yoast SEO plugin v27.5 - https:\/\/yoast.com\/product\/yoast-seo-wordpress\/ -->\n<title>SBB-Transportpolizei testet Bodycams - Save<\/title>\n<meta name=\"description\" content=\"Auch die Transportpolizei SBB testet in den n\u00e4chsten Monaten in Z\u00fcrich und Lausanne den Einsatz von Bodycams. Es handelt sich um einen Pilotversuch.\" \/>\n<meta name=\"robots\" content=\"index, follow, max-snippet:-1, max-image-preview:large, max-video-preview:-1\" \/>\n<link rel=\"canonical\" href=\"https:\/\/news.save.ch\/fr\/sbb-transportpolizei-testet-bodycams\/\" \/>\n<meta property=\"og:locale\" content=\"fr_FR\" \/>\n<meta property=\"og:type\" content=\"article\" \/>\n<meta property=\"og:title\" content=\"SBB-Transportpolizei testet Bodycams - Save\" \/>\n<meta property=\"og:description\" content=\"Auch die Transportpolizei SBB testet in den n\u00e4chsten Monaten in Z\u00fcrich und Lausanne den Einsatz von Bodycams. Es handelt sich um einen Pilotversuch.\" \/>\n<meta property=\"og:url\" content=\"https:\/\/news.save.ch\/fr\/sbb-transportpolizei-testet-bodycams\/\" \/>\n<meta property=\"og:site_name\" content=\"Save\" \/>\n<meta property=\"article:published_time\" content=\"2017-03-20T15:33:10+00:00\" \/>\n<meta property=\"article:modified_time\" content=\"2023-03-14T07:59:22+00:00\" \/>\n<meta property=\"og:image\" content=\"https:\/\/news.save.ch\/wp-content\/uploads\/2017\/03\/sbb-video-scaled-1-scaled.jpg\" \/>\n\t<meta property=\"og:image:width\" content=\"1400\" \/>\n\t<meta property=\"og:image:height\" content=\"935\" \/>\n\t<meta property=\"og:image:type\" content=\"image\/jpeg\" \/>\n<meta name=\"author\" content=\"Roger Str\u00e4ssle\" \/>\n<meta name=\"twitter:card\" content=\"summary_large_image\" \/>\n<meta name=\"twitter:label1\" content=\"\u00c9crit par\" \/>\n\t<meta name=\"twitter:data1\" content=\"Roger Str\u00e4ssle\" \/>\n\t<meta name=\"twitter:label2\" content=\"Dur\u00e9e de lecture estim\u00e9e\" \/>\n\t<meta name=\"twitter:data2\" content=\"2 minutes\" \/>\n<script type=\"application\/ld+json\" class=\"yoast-schema-graph\">{\"@context\":\"https:\\\/\\\/schema.org\",\"@graph\":[{\"@type\":\"Article\",\"@id\":\"https:\\\/\\\/news.save.ch\\\/sbb-transportpolizei-testet-bodycams\\\/#article\",\"isPartOf\":{\"@id\":\"https:\\\/\\\/news.save.ch\\\/sbb-transportpolizei-testet-bodycams\\\/\"},\"author\":{\"name\":\"Roger Str\u00e4ssle\",\"@id\":\"https:\\\/\\\/news.save.ch\\\/de\\\/#\\\/schema\\\/person\\\/d5022db048e0e2b9785c50e5b24da5aa\"},\"headline\":\"SBB-Transportpolizei testet Bodycams\",\"datePublished\":\"2017-03-20T15:33:10+00:00\",\"dateModified\":\"2023-03-14T07:59:22+00:00\",\"mainEntityOfPage\":{\"@id\":\"https:\\\/\\\/news.save.ch\\\/sbb-transportpolizei-testet-bodycams\\\/\"},\"wordCount\":347,\"commentCount\":0,\"publisher\":{\"@id\":\"https:\\\/\\\/news.save.ch\\\/de\\\/#organization\"},\"image\":{\"@id\":\"https:\\\/\\\/news.save.ch\\\/sbb-transportpolizei-testet-bodycams\\\/#primaryimage\"},\"thumbnailUrl\":\"https:\\\/\\\/news.save.ch\\\/wp-content\\\/uploads\\\/2017\\\/03\\\/sbb-video-scaled-1-scaled.jpg\",\"keywords\":[\"Justiz &amp; Polizei\",\"Video\u00fcberwachung\"],\"articleSection\":[\"SICHERHEIT\"],\"inLanguage\":\"fr-FR\"},{\"@type\":\"WebPage\",\"@id\":\"https:\\\/\\\/news.save.ch\\\/sbb-transportpolizei-testet-bodycams\\\/\",\"url\":\"https:\\\/\\\/news.save.ch\\\/sbb-transportpolizei-testet-bodycams\\\/\",\"name\":\"SBB-Transportpolizei testet Bodycams - Save\",\"isPartOf\":{\"@id\":\"https:\\\/\\\/news.save.ch\\\/de\\\/#website\"},\"primaryImageOfPage\":{\"@id\":\"https:\\\/\\\/news.save.ch\\\/sbb-transportpolizei-testet-bodycams\\\/#primaryimage\"},\"image\":{\"@id\":\"https:\\\/\\\/news.save.ch\\\/sbb-transportpolizei-testet-bodycams\\\/#primaryimage\"},\"thumbnailUrl\":\"https:\\\/\\\/news.save.ch\\\/wp-content\\\/uploads\\\/2017\\\/03\\\/sbb-video-scaled-1-scaled.jpg\",\"datePublished\":\"2017-03-20T15:33:10+00:00\",\"dateModified\":\"2023-03-14T07:59:22+00:00\",\"description\":\"Auch die Transportpolizei SBB testet in den n\u00e4chsten Monaten in Z\u00fcrich und Lausanne den Einsatz von Bodycams. Es handelt sich um einen Pilotversuch.\",\"breadcrumb\":{\"@id\":\"https:\\\/\\\/news.save.ch\\\/sbb-transportpolizei-testet-bodycams\\\/#breadcrumb\"},\"inLanguage\":\"fr-FR\",\"potentialAction\":[{\"@type\":\"ReadAction\",\"target\":[\"https:\\\/\\\/news.save.ch\\\/sbb-transportpolizei-testet-bodycams\\\/\"]}]},{\"@type\":\"ImageObject\",\"inLanguage\":\"fr-FR\",\"@id\":\"https:\\\/\\\/news.save.ch\\\/sbb-transportpolizei-testet-bodycams\\\/#primaryimage\",\"url\":\"https:\\\/\\\/news.save.ch\\\/wp-content\\\/uploads\\\/2017\\\/03\\\/sbb-video-scaled-1-scaled.jpg\",\"contentUrl\":\"https:\\\/\\\/news.save.ch\\\/wp-content\\\/uploads\\\/2017\\\/03\\\/sbb-video-scaled-1-scaled.jpg\",\"width\":1400,\"height\":935,\"caption\":\"Foto: SBB, Christian Beutler)\"},{\"@type\":\"BreadcrumbList\",\"@id\":\"https:\\\/\\\/news.save.ch\\\/sbb-transportpolizei-testet-bodycams\\\/#breadcrumb\",\"itemListElement\":[{\"@type\":\"ListItem\",\"position\":1,\"name\":\"Home\",\"item\":\"https:\\\/\\\/news.save.ch\\\/de\\\/\"},{\"@type\":\"ListItem\",\"position\":2,\"name\":\"SBB-Transportpolizei testet Bodycams\"}]},{\"@type\":\"WebSite\",\"@id\":\"https:\\\/\\\/news.save.ch\\\/de\\\/#website\",\"url\":\"https:\\\/\\\/news.save.ch\\\/de\\\/\",\"name\":\"Save\",\"description\":\"Schweizer Fachzeitschrift f\u00fcr Sicherheit\",\"publisher\":{\"@id\":\"https:\\\/\\\/news.save.ch\\\/de\\\/#organization\"},\"potentialAction\":[{\"@type\":\"SearchAction\",\"target\":{\"@type\":\"EntryPoint\",\"urlTemplate\":\"https:\\\/\\\/news.save.ch\\\/de\\\/?s={search_term_string}\"},\"query-input\":{\"@type\":\"PropertyValueSpecification\",\"valueRequired\":true,\"valueName\":\"search_term_string\"}}],\"inLanguage\":\"fr-FR\"},{\"@type\":\"Organization\",\"@id\":\"https:\\\/\\\/news.save.ch\\\/de\\\/#organization\",\"name\":\"Sicherheitsforum\",\"url\":\"https:\\\/\\\/news.save.ch\\\/de\\\/\",\"logo\":{\"@type\":\"ImageObject\",\"inLanguage\":\"fr-FR\",\"@id\":\"https:\\\/\\\/news.save.ch\\\/de\\\/#\\\/schema\\\/logo\\\/image\\\/\",\"url\":\"https:\\\/\\\/news.save.ch\\\/wp-content\\\/uploads\\\/2022\\\/06\\\/Logo_SF_2012.png\",\"contentUrl\":\"https:\\\/\\\/news.save.ch\\\/wp-content\\\/uploads\\\/2022\\\/06\\\/Logo_SF_2012.png\",\"width\":1100,\"height\":91,\"caption\":\"Sicherheitsforum\"},\"image\":{\"@id\":\"https:\\\/\\\/news.save.ch\\\/de\\\/#\\\/schema\\\/logo\\\/image\\\/\"}},{\"@type\":\"Person\",\"@id\":\"https:\\\/\\\/news.save.ch\\\/de\\\/#\\\/schema\\\/person\\\/d5022db048e0e2b9785c50e5b24da5aa\",\"name\":\"Roger Str\u00e4ssle\",\"image\":{\"@type\":\"ImageObject\",\"inLanguage\":\"fr-FR\",\"@id\":\"https:\\\/\\\/secure.gravatar.com\\\/avatar\\\/862a5569d087de48e5856e32f45d719a03804c891d6deb8d4f71a660e79e4a47?s=96&d=mm&r=g\",\"url\":\"https:\\\/\\\/secure.gravatar.com\\\/avatar\\\/862a5569d087de48e5856e32f45d719a03804c891d6deb8d4f71a660e79e4a47?s=96&d=mm&r=g\",\"contentUrl\":\"https:\\\/\\\/secure.gravatar.com\\\/avatar\\\/862a5569d087de48e5856e32f45d719a03804c891d6deb8d4f71a660e79e4a47?s=96&d=mm&r=g\",\"caption\":\"Roger Str\u00e4ssle\"},\"url\":\"https:\\\/\\\/news.save.ch\\\/fr\\\/author\\\/roger-straessle\\\/\"}]}<\/script>\n<!-- \/ Yoast SEO plugin. -->","yoast_head_json":{"title":"La police des transports des CFF teste des bodycams - Save","description":"La police des transports des CFF testera \u00e9galement l'utilisation de bodycams au cours des prochains mois \u00e0 Zurich et \u00e0 Lausanne. Il s'agit d'un essai pilote.","robots":{"index":"index","follow":"follow","max-snippet":"max-snippet:-1","max-image-preview":"max-image-preview:large","max-video-preview":"max-video-preview:-1"},"canonical":"https:\/\/news.save.ch\/fr\/sbb-transportpolizei-testet-bodycams\/","og_locale":"fr_FR","og_type":"article","og_title":"SBB-Transportpolizei testet Bodycams - Save","og_description":"Auch die Transportpolizei SBB testet in den n\u00e4chsten Monaten in Z\u00fcrich und Lausanne den Einsatz von Bodycams. Es handelt sich um einen Pilotversuch.","og_url":"https:\/\/news.save.ch\/fr\/sbb-transportpolizei-testet-bodycams\/","og_site_name":"Save","article_published_time":"2017-03-20T15:33:10+00:00","article_modified_time":"2023-03-14T07:59:22+00:00","og_image":[{"width":1400,"height":935,"url":"https:\/\/news.save.ch\/wp-content\/uploads\/2017\/03\/sbb-video-scaled-1-scaled.jpg","type":"image\/jpeg"}],"author":"Roger Str\u00e4ssle","twitter_card":"summary_large_image","twitter_misc":{"\u00c9crit par":"Roger Str\u00e4ssle","Dur\u00e9e de lecture estim\u00e9e":"2 minutes"},"schema":{"@context":"https:\/\/schema.org","@graph":[{"@type":"Article","@id":"https:\/\/news.save.ch\/sbb-transportpolizei-testet-bodycams\/#article","isPartOf":{"@id":"https:\/\/news.save.ch\/sbb-transportpolizei-testet-bodycams\/"},"author":{"name":"Roger Str\u00e4ssle","@id":"https:\/\/news.save.ch\/de\/#\/schema\/person\/d5022db048e0e2b9785c50e5b24da5aa"},"headline":"SBB-Transportpolizei testet Bodycams","datePublished":"2017-03-20T15:33:10+00:00","dateModified":"2023-03-14T07:59:22+00:00","mainEntityOfPage":{"@id":"https:\/\/news.save.ch\/sbb-transportpolizei-testet-bodycams\/"},"wordCount":347,"commentCount":0,"publisher":{"@id":"https:\/\/news.save.ch\/de\/#organization"},"image":{"@id":"https:\/\/news.save.ch\/sbb-transportpolizei-testet-bodycams\/#primaryimage"},"thumbnailUrl":"https:\/\/news.save.ch\/wp-content\/uploads\/2017\/03\/sbb-video-scaled-1-scaled.jpg","keywords":["Justiz &amp; Polizei","Video\u00fcberwachung"],"articleSection":["SICHERHEIT"],"inLanguage":"fr-FR"},{"@type":"WebPage","@id":"https:\/\/news.save.ch\/sbb-transportpolizei-testet-bodycams\/","url":"https:\/\/news.save.ch\/sbb-transportpolizei-testet-bodycams\/","name":"La police des transports des CFF teste des bodycams - Save","isPartOf":{"@id":"https:\/\/news.save.ch\/de\/#website"},"primaryImageOfPage":{"@id":"https:\/\/news.save.ch\/sbb-transportpolizei-testet-bodycams\/#primaryimage"},"image":{"@id":"https:\/\/news.save.ch\/sbb-transportpolizei-testet-bodycams\/#primaryimage"},"thumbnailUrl":"https:\/\/news.save.ch\/wp-content\/uploads\/2017\/03\/sbb-video-scaled-1-scaled.jpg","datePublished":"2017-03-20T15:33:10+00:00","dateModified":"2023-03-14T07:59:22+00:00","description":"La police des transports des CFF testera \u00e9galement l'utilisation de bodycams au cours des prochains mois \u00e0 Zurich et \u00e0 Lausanne. Il s'agit d'un essai pilote.","breadcrumb":{"@id":"https:\/\/news.save.ch\/sbb-transportpolizei-testet-bodycams\/#breadcrumb"},"inLanguage":"fr-FR","potentialAction":[{"@type":"ReadAction","target":["https:\/\/news.save.ch\/sbb-transportpolizei-testet-bodycams\/"]}]},{"@type":"ImageObject","inLanguage":"fr-FR","@id":"https:\/\/news.save.ch\/sbb-transportpolizei-testet-bodycams\/#primaryimage","url":"https:\/\/news.save.ch\/wp-content\/uploads\/2017\/03\/sbb-video-scaled-1-scaled.jpg","contentUrl":"https:\/\/news.save.ch\/wp-content\/uploads\/2017\/03\/sbb-video-scaled-1-scaled.jpg","width":1400,"height":935,"caption":"Foto: SBB, Christian Beutler)"},{"@type":"BreadcrumbList","@id":"https:\/\/news.save.ch\/sbb-transportpolizei-testet-bodycams\/#breadcrumb","itemListElement":[{"@type":"ListItem","position":1,"name":"Home","item":"https:\/\/news.save.ch\/de\/"},{"@type":"ListItem","position":2,"name":"SBB-Transportpolizei testet Bodycams"}]},{"@type":"WebSite","@id":"https:\/\/news.save.ch\/de\/#website","url":"https:\/\/news.save.ch\/de\/","name":"Save","description":"Revue suisse sp\u00e9cialis\u00e9e dans la s\u00e9curit\u00e9","publisher":{"@id":"https:\/\/news.save.ch\/de\/#organization"},"potentialAction":[{"@type":"SearchAction","target":{"@type":"EntryPoint","urlTemplate":"https:\/\/news.save.ch\/de\/?s={search_term_string}"},"query-input":{"@type":"PropertyValueSpecification","valueRequired":true,"valueName":"search_term_string"}}],"inLanguage":"fr-FR"},{"@type":"Organization","@id":"https:\/\/news.save.ch\/de\/#organization","name":"Forum sur la s\u00e9curit\u00e9","url":"https:\/\/news.save.ch\/de\/","logo":{"@type":"ImageObject","inLanguage":"fr-FR","@id":"https:\/\/news.save.ch\/de\/#\/schema\/logo\/image\/","url":"https:\/\/news.save.ch\/wp-content\/uploads\/2022\/06\/Logo_SF_2012.png","contentUrl":"https:\/\/news.save.ch\/wp-content\/uploads\/2022\/06\/Logo_SF_2012.png","width":1100,"height":91,"caption":"Sicherheitsforum"},"image":{"@id":"https:\/\/news.save.ch\/de\/#\/schema\/logo\/image\/"}},{"@type":"Person","@id":"https:\/\/news.save.ch\/de\/#\/schema\/person\/d5022db048e0e2b9785c50e5b24da5aa","name":"Roger Str\u00e4ssle","image":{"@type":"ImageObject","inLanguage":"fr-FR","@id":"https:\/\/secure.gravatar.com\/avatar\/862a5569d087de48e5856e32f45d719a03804c891d6deb8d4f71a660e79e4a47?s=96&d=mm&r=g","url":"https:\/\/secure.gravatar.com\/avatar\/862a5569d087de48e5856e32f45d719a03804c891d6deb8d4f71a660e79e4a47?s=96&d=mm&r=g","contentUrl":"https:\/\/secure.gravatar.com\/avatar\/862a5569d087de48e5856e32f45d719a03804c891d6deb8d4f71a660e79e4a47?s=96&d=mm&r=g","caption":"Roger Str\u00e4ssle"},"url":"https:\/\/news.save.ch\/fr\/author\/roger-straessle\/"}]}},"_links":{"self":[{"href":"https:\/\/news.save.ch\/fr\/wp-json\/wp\/v2\/posts\/4510","targetHints":{"allow":["GET"]}}],"collection":[{"href":"https:\/\/news.save.ch\/fr\/wp-json\/wp\/v2\/posts"}],"about":[{"href":"https:\/\/news.save.ch\/fr\/wp-json\/wp\/v2\/types\/post"}],"author":[{"embeddable":true,"href":"https:\/\/news.save.ch\/fr\/wp-json\/wp\/v2\/users\/8"}],"replies":[{"embeddable":true,"href":"https:\/\/news.save.ch\/fr\/wp-json\/wp\/v2\/comments?post=4510"}],"version-history":[{"count":1,"href":"https:\/\/news.save.ch\/fr\/wp-json\/wp\/v2\/posts\/4510\/revisions"}],"predecessor-version":[{"id":17939,"href":"https:\/\/news.save.ch\/fr\/wp-json\/wp\/v2\/posts\/4510\/revisions\/17939"}],"wp:featuredmedia":[{"embeddable":true,"href":"https:\/\/news.save.ch\/fr\/wp-json\/wp\/v2\/media\/4512"}],"wp:attachment":[{"href":"https:\/\/news.save.ch\/fr\/wp-json\/wp\/v2\/media?parent=4510"}],"wp:term":[{"taxonomy":"category","embeddable":true,"href":"https:\/\/news.save.ch\/fr\/wp-json\/wp\/v2\/categories?post=4510"},{"taxonomy":"post_tag","embeddable":true,"href":"https:\/\/news.save.ch\/fr\/wp-json\/wp\/v2\/tags?post=4510"}],"curies":[{"name":"wp","href":"https:\/\/api.w.org\/{rel}","templated":true}]}}