{"id":4536,"date":"2019-09-07T08:00:28","date_gmt":"2019-09-07T06:00:28","guid":{"rendered":"https:\/\/news.save.ch\/?p=4536"},"modified":"2023-03-14T09:05:32","modified_gmt":"2023-03-14T08:05:32","slug":"stress-und-psychosoziale-risiken-am-arbeitsplatz-haben-zugenommen","status":null,"type":"post","link":"https:\/\/news.save.ch\/fr\/stress-und-psychosoziale-risiken-am-arbeitsplatz-haben-zugenommen\/","title":{"rendered":"Le stress et les risques psychosociaux au travail ont augment\u00e9"},"content":{"rendered":"<figure id=\"attachment_4540\" aria-describedby=\"caption-attachment-4540\" style=\"width: 680px\" class=\"wp-caption alignnone\"><img loading=\"lazy\" decoding=\"async\" class=\"size-medium wp-image-4540\" src=\"http:\/\/develop.safety-plus.ch\/wp-content\/uploads\/2019\/09\/Depositphotos_donscarpo.jpg\" alt=\"\" width=\"680\" height=\"498\" \/><figcaption id=\"caption-attachment-4540\" class=\"wp-caption-text\">Les contraintes psychosociales sont li\u00e9es \u00e0 l'organisation du travail et r\u00e9sultent notamment d'une forte pression temporelle. \u00a9 Depositphotos\/donscarpo<\/figcaption><\/figure>\n<p>En 2017, 50% des personnes actives \u00e9taient concern\u00e9es par au moins trois des neuf types de risques psychosociaux sur leur lieu de travail. Les contraintes psychosociales sont li\u00e9es \u00e0 l'organisation du travail et r\u00e9sultent notamment d'une forte pression temporelle, d'une faible marge de man\u0153uvre, d'un manque de soutien de la part des sup\u00e9rieurs hi\u00e9rarchiques ou des collaborateurs, de la discrimination ou de la violence ainsi que de la peur pour l'emploi et de l'ins\u00e9curit\u00e9. <a href=\"https:\/\/news.save.ch\/fr\/stress-in-schweizer-betrieben\/\" target=\"_blank\" rel=\"noopener\">Stress<\/a>.<\/p>\n<p><strong>Le stress est associ\u00e9 \u00e0 d'autres risques psychosociaux<\/strong><\/p>\n<p>La proportion de personnes qui sont le plus souvent ou toujours stress\u00e9es au travail est pass\u00e9e de 18% en 2012 \u00e0 21% en 2017, tant chez les femmes que chez les hommes. Le stress fait donc partie des risques psychosociaux qui ont le plus augment\u00e9. L'augmentation a \u00e9t\u00e9 particuli\u00e8rement nette chez les actifs de moins de 30 ans (de 19% \u00e0 25%) et dans le secteur de la sant\u00e9 et de l'action sociale (de 18% \u00e0 23%). Les personnes sont particuli\u00e8rement souvent stress\u00e9es lorsqu'elles sont expos\u00e9es \u00e0 au moins trois autres types de risques psychosociaux (2017 : 37%). Leur proportion a augment\u00e9 de 4 points de pourcentage depuis 2012.<\/p>\n<p><strong>... et augmente le risque de burn-out<\/strong><\/p>\n<p>Pr\u00e8s de la moiti\u00e9 (49%) des personnes tr\u00e8s souvent stress\u00e9es se sentent \u00e9motionnellement \u00e9puis\u00e9es au travail. Chez les actifs qui sont moins souvent ou jamais stress\u00e9s, cette proportion est de 13%. L'\u00e9puisement \u00e9motionnel est consid\u00e9r\u00e9 comme le signe d'un niveau \u00e9lev\u00e9 de <a href=\"https:\/\/news.save.ch\/fr\/resilienz-schutz-vor-gesundheitsschaedigendem-stress\/\" target=\"_blank\" rel=\"noopener\">Risque de burn-out<\/a> et est associ\u00e9e \u00e0 un \u00e9tat de sant\u00e9 moins bon. Les personnes \u00e9puis\u00e9es \u00e9motionnellement pr\u00e9sentent six fois plus de signes de d\u00e9pression mod\u00e9r\u00e9e \u00e0 s\u00e9v\u00e8re que celles qui ne se sentent pas \u00e9puis\u00e9es \u00e9motionnellement (24% contre 4%). De mani\u00e8re g\u00e9n\u00e9rale, tous les risques psychosociaux augmentent la probabilit\u00e9 de se sentir \u00e9motionnellement us\u00e9 au travail.<\/p>\n<p><strong>Situation stable pour les risques physiques<\/strong><\/p>\n<p>En revanche, la proportion de personnes expos\u00e9es \u00e0 au moins trois risques physiques au travail sur un total de neuf est rest\u00e9e stable entre 2012 et 2017 (45%). Chez les femmes, certains risques ont n\u00e9anmoins augment\u00e9 : Elles doivent plus souvent effectuer toujours les m\u00eames mouvements des bras ou des mains (augmentation de 57% \u00e0 61%) ou travailler \u00e0 des temp\u00e9ratures extr\u00eames. Les hommes sont \u00e0 leur tour plus souvent expos\u00e9s \u00e0 un cumul de risques physiques que les femmes (48% contre 42%), bien que l'\u00e9cart tende \u00e0 se r\u00e9duire.<\/p>\n<p><strong>Plus d'infos<\/strong><\/p>\n<p><a href=\"https:\/\/www.admin.ch\/gov\/de\/start\/dokumentation\/medienmitteilungen.msg-id-76027.html\" target=\"_blank\" rel=\"noopener\">www.admin.ch<\/a><\/p>\n<p>&nbsp;<\/p>","protected":false},"excerpt":{"rendered":"<p>2017 waren 50% der Erwerbst\u00e4tigen an ihrem Arbeitsplatz von mindestens drei der insgesamt neun Typen psychosozialer Risiken betroffen. Dies entspricht einer Zunahme von vier Prozentpunkten im Vergleich zu 2012. Psychosoziale Belastungen sind arbeitsorganisatorisch bedingt und entstehen unter anderem durch hohen Zeitdruck, geringen Gestaltungsspielraum, fehlende Unterst\u00fctzung durch Vorgesetzte oder Mitarbeitende, Diskriminierung oder Gewalt sowie Angst um [&hellip;]<\/p>\n","protected":false},"author":1,"featured_media":4540,"comment_status":"open","ping_status":"open","sticky":false,"template":"","format":"standard","meta":{"_acf_changed":false,"pgc_sgb_lightbox_settings":"","footnotes":""},"categories":[1,3314],"tags":[183,172,1678,1775,2165,149,141,2729],"class_list":["post-4536","post","type-post","status-publish","format-standard","has-post-thumbnail","hentry","category-allgemein","category-health-safety","tag-arbeitsplatzgestaltung","tag-arbeitssicherheit","tag-arbeitszeit","tag-betriebliches-gesundheitsmanagement","tag-gesundheitsfoerderung","tag-gesundheitsschutz","tag-praevention","tag-psychische-gesundheit"],"acf":[],"hkrextid":null,"publication":null,"issue":null,"workflow":null,"startPage":null,"spitzmarke":null,"_posts_by_tag_page_fields":{"widget_title":"","widget_tags":""},"_at_widget":"1","_yoast_wpseo_primary_category":"3303","_yoast_wpseo_focuskw_text_input":"Stress","_yoast_wpseo_opengraph-image":null,"_yoast_wpseo_opengraph-description":null,"_yoast_wpseo_opengraph-title":null,"enclosure":null,"_yoast_wpseo_twitter-title":null,"_yoast_wpseo_twitter-description":null,"_yoast_wpseo_twitter-image":null,"_wp_old_slug":null,"_yoast_wpseo_title":null,"_yoast_wpseo_canonical":null,"yoast_head":"<!-- This site is optimized with the Yoast SEO plugin v27.5 - https:\/\/yoast.com\/product\/yoast-seo-wordpress\/ -->\n<title>Stress und psychosoziale Risiken am Arbeitsplatz haben zugenommen - Save<\/title>\n<meta name=\"description\" content=\"Stress wird in der Arbeitswelt immer mehr zur Belastung.\" \/>\n<meta name=\"robots\" content=\"index, follow, max-snippet:-1, max-image-preview:large, max-video-preview:-1\" \/>\n<link rel=\"canonical\" href=\"https:\/\/news.save.ch\/fr\/stress-und-psychosoziale-risiken-am-arbeitsplatz-haben-zugenommen\/\" \/>\n<meta property=\"og:locale\" content=\"fr_FR\" \/>\n<meta property=\"og:type\" content=\"article\" \/>\n<meta property=\"og:title\" content=\"Stress und psychosoziale Risiken am Arbeitsplatz haben zugenommen - Save\" \/>\n<meta property=\"og:description\" content=\"Stress wird in der Arbeitswelt immer mehr zur Belastung.\" \/>\n<meta property=\"og:url\" content=\"https:\/\/news.save.ch\/fr\/stress-und-psychosoziale-risiken-am-arbeitsplatz-haben-zugenommen\/\" \/>\n<meta property=\"og:site_name\" content=\"Save\" \/>\n<meta property=\"article:published_time\" content=\"2019-09-07T06:00:28+00:00\" \/>\n<meta property=\"article:modified_time\" content=\"2023-03-14T08:05:32+00:00\" \/>\n<meta property=\"og:image\" content=\"https:\/\/news.save.ch\/wp-content\/uploads\/2019\/09\/Depositphotos_donscarpo-scaled-1.jpg\" \/>\n\t<meta property=\"og:image:width\" content=\"1200\" \/>\n\t<meta property=\"og:image:height\" content=\"879\" \/>\n\t<meta property=\"og:image:type\" content=\"image\/jpeg\" \/>\n<meta name=\"author\" content=\"admin\" \/>\n<meta name=\"twitter:card\" content=\"summary_large_image\" \/>\n<meta name=\"twitter:label1\" content=\"\u00c9crit par\" \/>\n\t<meta name=\"twitter:data1\" content=\"admin\" \/>\n\t<meta name=\"twitter:label2\" content=\"Dur\u00e9e de lecture estim\u00e9e\" \/>\n\t<meta name=\"twitter:data2\" content=\"2 minutes\" \/>\n<script type=\"application\/ld+json\" class=\"yoast-schema-graph\">{\"@context\":\"https:\\\/\\\/schema.org\",\"@graph\":[{\"@type\":\"Article\",\"@id\":\"https:\\\/\\\/news.save.ch\\\/stress-und-psychosoziale-risiken-am-arbeitsplatz-haben-zugenommen\\\/#article\",\"isPartOf\":{\"@id\":\"https:\\\/\\\/news.save.ch\\\/stress-und-psychosoziale-risiken-am-arbeitsplatz-haben-zugenommen\\\/\"},\"author\":{\"name\":\"admin\",\"@id\":\"https:\\\/\\\/news.save.ch\\\/de\\\/#\\\/schema\\\/person\\\/d49e199490bad7c70d64b9ab51142f2b\"},\"headline\":\"Stress und psychosoziale Risiken am Arbeitsplatz haben zugenommen\",\"datePublished\":\"2019-09-07T06:00:28+00:00\",\"dateModified\":\"2023-03-14T08:05:32+00:00\",\"mainEntityOfPage\":{\"@id\":\"https:\\\/\\\/news.save.ch\\\/stress-und-psychosoziale-risiken-am-arbeitsplatz-haben-zugenommen\\\/\"},\"wordCount\":372,\"commentCount\":0,\"publisher\":{\"@id\":\"https:\\\/\\\/news.save.ch\\\/de\\\/#organization\"},\"image\":{\"@id\":\"https:\\\/\\\/news.save.ch\\\/stress-und-psychosoziale-risiken-am-arbeitsplatz-haben-zugenommen\\\/#primaryimage\"},\"thumbnailUrl\":\"https:\\\/\\\/news.save.ch\\\/wp-content\\\/uploads\\\/2019\\\/09\\\/Depositphotos_donscarpo-scaled-1.jpg\",\"keywords\":[\"Arbeitsplatzgestaltung\",\"Arbeitssicherheit\",\"Arbeitszeit\",\"Betriebliches Gesundheitsmanagement\",\"Gesundheitsf\u00f6rderung\",\"Gesundheitsschutz\",\"Pr\u00e4vention\",\"Psychische Gesundheit\"],\"articleSection\":[\"ALLGEMEIN\",\"HEALTH &amp; SAFETY\"],\"inLanguage\":\"fr-FR\"},{\"@type\":\"WebPage\",\"@id\":\"https:\\\/\\\/news.save.ch\\\/stress-und-psychosoziale-risiken-am-arbeitsplatz-haben-zugenommen\\\/\",\"url\":\"https:\\\/\\\/news.save.ch\\\/stress-und-psychosoziale-risiken-am-arbeitsplatz-haben-zugenommen\\\/\",\"name\":\"Stress und psychosoziale Risiken am Arbeitsplatz haben zugenommen - Save\",\"isPartOf\":{\"@id\":\"https:\\\/\\\/news.save.ch\\\/de\\\/#website\"},\"primaryImageOfPage\":{\"@id\":\"https:\\\/\\\/news.save.ch\\\/stress-und-psychosoziale-risiken-am-arbeitsplatz-haben-zugenommen\\\/#primaryimage\"},\"image\":{\"@id\":\"https:\\\/\\\/news.save.ch\\\/stress-und-psychosoziale-risiken-am-arbeitsplatz-haben-zugenommen\\\/#primaryimage\"},\"thumbnailUrl\":\"https:\\\/\\\/news.save.ch\\\/wp-content\\\/uploads\\\/2019\\\/09\\\/Depositphotos_donscarpo-scaled-1.jpg\",\"datePublished\":\"2019-09-07T06:00:28+00:00\",\"dateModified\":\"2023-03-14T08:05:32+00:00\",\"description\":\"Stress wird in der Arbeitswelt immer mehr zur Belastung.\",\"breadcrumb\":{\"@id\":\"https:\\\/\\\/news.save.ch\\\/stress-und-psychosoziale-risiken-am-arbeitsplatz-haben-zugenommen\\\/#breadcrumb\"},\"inLanguage\":\"fr-FR\",\"potentialAction\":[{\"@type\":\"ReadAction\",\"target\":[\"https:\\\/\\\/news.save.ch\\\/stress-und-psychosoziale-risiken-am-arbeitsplatz-haben-zugenommen\\\/\"]}]},{\"@type\":\"ImageObject\",\"inLanguage\":\"fr-FR\",\"@id\":\"https:\\\/\\\/news.save.ch\\\/stress-und-psychosoziale-risiken-am-arbeitsplatz-haben-zugenommen\\\/#primaryimage\",\"url\":\"https:\\\/\\\/news.save.ch\\\/wp-content\\\/uploads\\\/2019\\\/09\\\/Depositphotos_donscarpo-scaled-1.jpg\",\"contentUrl\":\"https:\\\/\\\/news.save.ch\\\/wp-content\\\/uploads\\\/2019\\\/09\\\/Depositphotos_donscarpo-scaled-1.jpg\",\"width\":1200,\"height\":879,\"caption\":\"Psychosoziale Belastungen sind arbeitsorganisatorisch bedingt und entstehen unter anderem durch hohen Zeitdruck. \u00a9 Depositphotos\\\/donscarpo\"},{\"@type\":\"BreadcrumbList\",\"@id\":\"https:\\\/\\\/news.save.ch\\\/stress-und-psychosoziale-risiken-am-arbeitsplatz-haben-zugenommen\\\/#breadcrumb\",\"itemListElement\":[{\"@type\":\"ListItem\",\"position\":1,\"name\":\"Home\",\"item\":\"https:\\\/\\\/news.save.ch\\\/de\\\/\"},{\"@type\":\"ListItem\",\"position\":2,\"name\":\"Stress und psychosoziale Risiken am Arbeitsplatz haben zugenommen\"}]},{\"@type\":\"WebSite\",\"@id\":\"https:\\\/\\\/news.save.ch\\\/de\\\/#website\",\"url\":\"https:\\\/\\\/news.save.ch\\\/de\\\/\",\"name\":\"Save\",\"description\":\"Schweizer Fachzeitschrift f\u00fcr Sicherheit\",\"publisher\":{\"@id\":\"https:\\\/\\\/news.save.ch\\\/de\\\/#organization\"},\"potentialAction\":[{\"@type\":\"SearchAction\",\"target\":{\"@type\":\"EntryPoint\",\"urlTemplate\":\"https:\\\/\\\/news.save.ch\\\/de\\\/?s={search_term_string}\"},\"query-input\":{\"@type\":\"PropertyValueSpecification\",\"valueRequired\":true,\"valueName\":\"search_term_string\"}}],\"inLanguage\":\"fr-FR\"},{\"@type\":\"Organization\",\"@id\":\"https:\\\/\\\/news.save.ch\\\/de\\\/#organization\",\"name\":\"Sicherheitsforum\",\"url\":\"https:\\\/\\\/news.save.ch\\\/de\\\/\",\"logo\":{\"@type\":\"ImageObject\",\"inLanguage\":\"fr-FR\",\"@id\":\"https:\\\/\\\/news.save.ch\\\/de\\\/#\\\/schema\\\/logo\\\/image\\\/\",\"url\":\"https:\\\/\\\/news.save.ch\\\/wp-content\\\/uploads\\\/2022\\\/06\\\/Logo_SF_2012.png\",\"contentUrl\":\"https:\\\/\\\/news.save.ch\\\/wp-content\\\/uploads\\\/2022\\\/06\\\/Logo_SF_2012.png\",\"width\":1100,\"height\":91,\"caption\":\"Sicherheitsforum\"},\"image\":{\"@id\":\"https:\\\/\\\/news.save.ch\\\/de\\\/#\\\/schema\\\/logo\\\/image\\\/\"}},{\"@type\":\"Person\",\"@id\":\"https:\\\/\\\/news.save.ch\\\/de\\\/#\\\/schema\\\/person\\\/d49e199490bad7c70d64b9ab51142f2b\",\"name\":\"admin\",\"image\":{\"@type\":\"ImageObject\",\"inLanguage\":\"fr-FR\",\"@id\":\"https:\\\/\\\/secure.gravatar.com\\\/avatar\\\/ae2f4d718e6c49043e314ce431e7e645d646302a24a5ef5a8bc8e3f5a032e319?s=96&d=mm&r=g\",\"url\":\"https:\\\/\\\/secure.gravatar.com\\\/avatar\\\/ae2f4d718e6c49043e314ce431e7e645d646302a24a5ef5a8bc8e3f5a032e319?s=96&d=mm&r=g\",\"contentUrl\":\"https:\\\/\\\/secure.gravatar.com\\\/avatar\\\/ae2f4d718e6c49043e314ce431e7e645d646302a24a5ef5a8bc8e3f5a032e319?s=96&d=mm&r=g\",\"caption\":\"admin\"},\"sameAs\":[\"https:\\\/\\\/develop.organisator.galledia.ch\"],\"url\":\"https:\\\/\\\/news.save.ch\\\/fr\\\/author\\\/admin\\\/\"}]}<\/script>\n<!-- \/ Yoast SEO plugin. -->","yoast_head_json":{"title":"Le stress et les risques psychosociaux au travail ont augment\u00e9 - Save","description":"Le stress est de plus en plus pr\u00e9sent dans le monde du travail.","robots":{"index":"index","follow":"follow","max-snippet":"max-snippet:-1","max-image-preview":"max-image-preview:large","max-video-preview":"max-video-preview:-1"},"canonical":"https:\/\/news.save.ch\/fr\/stress-und-psychosoziale-risiken-am-arbeitsplatz-haben-zugenommen\/","og_locale":"fr_FR","og_type":"article","og_title":"Stress und psychosoziale Risiken am Arbeitsplatz haben zugenommen - Save","og_description":"Stress wird in der Arbeitswelt immer mehr zur Belastung.","og_url":"https:\/\/news.save.ch\/fr\/stress-und-psychosoziale-risiken-am-arbeitsplatz-haben-zugenommen\/","og_site_name":"Save","article_published_time":"2019-09-07T06:00:28+00:00","article_modified_time":"2023-03-14T08:05:32+00:00","og_image":[{"width":1200,"height":879,"url":"https:\/\/news.save.ch\/wp-content\/uploads\/2019\/09\/Depositphotos_donscarpo-scaled-1.jpg","type":"image\/jpeg"}],"author":"admin","twitter_card":"summary_large_image","twitter_misc":{"\u00c9crit par":"admin","Dur\u00e9e de lecture estim\u00e9e":"2 minutes"},"schema":{"@context":"https:\/\/schema.org","@graph":[{"@type":"Article","@id":"https:\/\/news.save.ch\/stress-und-psychosoziale-risiken-am-arbeitsplatz-haben-zugenommen\/#article","isPartOf":{"@id":"https:\/\/news.save.ch\/stress-und-psychosoziale-risiken-am-arbeitsplatz-haben-zugenommen\/"},"author":{"name":"admin","@id":"https:\/\/news.save.ch\/de\/#\/schema\/person\/d49e199490bad7c70d64b9ab51142f2b"},"headline":"Stress und psychosoziale Risiken am Arbeitsplatz haben zugenommen","datePublished":"2019-09-07T06:00:28+00:00","dateModified":"2023-03-14T08:05:32+00:00","mainEntityOfPage":{"@id":"https:\/\/news.save.ch\/stress-und-psychosoziale-risiken-am-arbeitsplatz-haben-zugenommen\/"},"wordCount":372,"commentCount":0,"publisher":{"@id":"https:\/\/news.save.ch\/de\/#organization"},"image":{"@id":"https:\/\/news.save.ch\/stress-und-psychosoziale-risiken-am-arbeitsplatz-haben-zugenommen\/#primaryimage"},"thumbnailUrl":"https:\/\/news.save.ch\/wp-content\/uploads\/2019\/09\/Depositphotos_donscarpo-scaled-1.jpg","keywords":["Arbeitsplatzgestaltung","Arbeitssicherheit","Arbeitszeit","Betriebliches Gesundheitsmanagement","Gesundheitsf\u00f6rderung","Gesundheitsschutz","Pr\u00e4vention","Psychische Gesundheit"],"articleSection":["ALLGEMEIN","HEALTH &amp; SAFETY"],"inLanguage":"fr-FR"},{"@type":"WebPage","@id":"https:\/\/news.save.ch\/stress-und-psychosoziale-risiken-am-arbeitsplatz-haben-zugenommen\/","url":"https:\/\/news.save.ch\/stress-und-psychosoziale-risiken-am-arbeitsplatz-haben-zugenommen\/","name":"Le stress et les risques psychosociaux au travail ont augment\u00e9 - Save","isPartOf":{"@id":"https:\/\/news.save.ch\/de\/#website"},"primaryImageOfPage":{"@id":"https:\/\/news.save.ch\/stress-und-psychosoziale-risiken-am-arbeitsplatz-haben-zugenommen\/#primaryimage"},"image":{"@id":"https:\/\/news.save.ch\/stress-und-psychosoziale-risiken-am-arbeitsplatz-haben-zugenommen\/#primaryimage"},"thumbnailUrl":"https:\/\/news.save.ch\/wp-content\/uploads\/2019\/09\/Depositphotos_donscarpo-scaled-1.jpg","datePublished":"2019-09-07T06:00:28+00:00","dateModified":"2023-03-14T08:05:32+00:00","description":"Le stress est de plus en plus pr\u00e9sent dans le monde du travail.","breadcrumb":{"@id":"https:\/\/news.save.ch\/stress-und-psychosoziale-risiken-am-arbeitsplatz-haben-zugenommen\/#breadcrumb"},"inLanguage":"fr-FR","potentialAction":[{"@type":"ReadAction","target":["https:\/\/news.save.ch\/stress-und-psychosoziale-risiken-am-arbeitsplatz-haben-zugenommen\/"]}]},{"@type":"ImageObject","inLanguage":"fr-FR","@id":"https:\/\/news.save.ch\/stress-und-psychosoziale-risiken-am-arbeitsplatz-haben-zugenommen\/#primaryimage","url":"https:\/\/news.save.ch\/wp-content\/uploads\/2019\/09\/Depositphotos_donscarpo-scaled-1.jpg","contentUrl":"https:\/\/news.save.ch\/wp-content\/uploads\/2019\/09\/Depositphotos_donscarpo-scaled-1.jpg","width":1200,"height":879,"caption":"Psychosoziale Belastungen sind arbeitsorganisatorisch bedingt und entstehen unter anderem durch hohen Zeitdruck. \u00a9 Depositphotos\/donscarpo"},{"@type":"BreadcrumbList","@id":"https:\/\/news.save.ch\/stress-und-psychosoziale-risiken-am-arbeitsplatz-haben-zugenommen\/#breadcrumb","itemListElement":[{"@type":"ListItem","position":1,"name":"Home","item":"https:\/\/news.save.ch\/de\/"},{"@type":"ListItem","position":2,"name":"Stress und psychosoziale Risiken am Arbeitsplatz haben zugenommen"}]},{"@type":"WebSite","@id":"https:\/\/news.save.ch\/de\/#website","url":"https:\/\/news.save.ch\/de\/","name":"Save","description":"Revue suisse sp\u00e9cialis\u00e9e dans la s\u00e9curit\u00e9","publisher":{"@id":"https:\/\/news.save.ch\/de\/#organization"},"potentialAction":[{"@type":"SearchAction","target":{"@type":"EntryPoint","urlTemplate":"https:\/\/news.save.ch\/de\/?s={search_term_string}"},"query-input":{"@type":"PropertyValueSpecification","valueRequired":true,"valueName":"search_term_string"}}],"inLanguage":"fr-FR"},{"@type":"Organization","@id":"https:\/\/news.save.ch\/de\/#organization","name":"Forum sur la s\u00e9curit\u00e9","url":"https:\/\/news.save.ch\/de\/","logo":{"@type":"ImageObject","inLanguage":"fr-FR","@id":"https:\/\/news.save.ch\/de\/#\/schema\/logo\/image\/","url":"https:\/\/news.save.ch\/wp-content\/uploads\/2022\/06\/Logo_SF_2012.png","contentUrl":"https:\/\/news.save.ch\/wp-content\/uploads\/2022\/06\/Logo_SF_2012.png","width":1100,"height":91,"caption":"Sicherheitsforum"},"image":{"@id":"https:\/\/news.save.ch\/de\/#\/schema\/logo\/image\/"}},{"@type":"Person","@id":"https:\/\/news.save.ch\/de\/#\/schema\/person\/d49e199490bad7c70d64b9ab51142f2b","name":"admin","image":{"@type":"ImageObject","inLanguage":"fr-FR","@id":"https:\/\/secure.gravatar.com\/avatar\/ae2f4d718e6c49043e314ce431e7e645d646302a24a5ef5a8bc8e3f5a032e319?s=96&d=mm&r=g","url":"https:\/\/secure.gravatar.com\/avatar\/ae2f4d718e6c49043e314ce431e7e645d646302a24a5ef5a8bc8e3f5a032e319?s=96&d=mm&r=g","contentUrl":"https:\/\/secure.gravatar.com\/avatar\/ae2f4d718e6c49043e314ce431e7e645d646302a24a5ef5a8bc8e3f5a032e319?s=96&d=mm&r=g","caption":"admin"},"sameAs":["https:\/\/develop.organisator.galledia.ch"],"url":"https:\/\/news.save.ch\/fr\/author\/admin\/"}]}},"_links":{"self":[{"href":"https:\/\/news.save.ch\/fr\/wp-json\/wp\/v2\/posts\/4536","targetHints":{"allow":["GET"]}}],"collection":[{"href":"https:\/\/news.save.ch\/fr\/wp-json\/wp\/v2\/posts"}],"about":[{"href":"https:\/\/news.save.ch\/fr\/wp-json\/wp\/v2\/types\/post"}],"author":[{"embeddable":true,"href":"https:\/\/news.save.ch\/fr\/wp-json\/wp\/v2\/users\/1"}],"replies":[{"embeddable":true,"href":"https:\/\/news.save.ch\/fr\/wp-json\/wp\/v2\/comments?post=4536"}],"version-history":[{"count":1,"href":"https:\/\/news.save.ch\/fr\/wp-json\/wp\/v2\/posts\/4536\/revisions"}],"predecessor-version":[{"id":18640,"href":"https:\/\/news.save.ch\/fr\/wp-json\/wp\/v2\/posts\/4536\/revisions\/18640"}],"wp:featuredmedia":[{"embeddable":true,"href":"https:\/\/news.save.ch\/fr\/wp-json\/wp\/v2\/media\/4540"}],"wp:attachment":[{"href":"https:\/\/news.save.ch\/fr\/wp-json\/wp\/v2\/media?parent=4536"}],"wp:term":[{"taxonomy":"category","embeddable":true,"href":"https:\/\/news.save.ch\/fr\/wp-json\/wp\/v2\/categories?post=4536"},{"taxonomy":"post_tag","embeddable":true,"href":"https:\/\/news.save.ch\/fr\/wp-json\/wp\/v2\/tags?post=4536"}],"curies":[{"name":"wp","href":"https:\/\/api.w.org\/{rel}","templated":true}]}}