{"id":4553,"date":"2019-09-20T08:00:08","date_gmt":"2019-09-20T06:00:08","guid":{"rendered":"https:\/\/news.save.ch\/?p=4553"},"modified":"2023-03-14T09:03:56","modified_gmt":"2023-03-14T08:03:56","slug":"schweiz-reagiert-auf-buergerproteste-gegen-5g","status":null,"type":"post","link":"https:\/\/news.save.ch\/fr\/schweiz-reagiert-auf-buergerproteste-gegen-5g\/","title":{"rendered":"La Suisse r\u00e9agit aux protestations citoyennes contre la 5G"},"content":{"rendered":"<figure id=\"attachment_4555\" aria-describedby=\"caption-attachment-4555\" style=\"width: 680px\" class=\"wp-caption alignnone\"><img loading=\"lazy\" decoding=\"async\" class=\"size-medium wp-image-4555\" src=\"http:\/\/develop.safety-plus.ch\/wp-content\/uploads\/2019\/09\/Depositphotos_sangoiri.jpg\" alt=\"\" width=\"680\" height=\"680\" \/><figcaption id=\"caption-attachment-4555\" class=\"wp-caption-text\">Avec tout cela, un \"moratoire\" sur la 5G (encore plus de pyl\u00f4nes, encore plus de radiations et m\u00eame de radiations dont les effets n'ont pas encore \u00e9t\u00e9 \u00e9tudi\u00e9s !) \u00a9 Depositphotos\/sangoiri<\/figcaption><\/figure>\n<p>diagnose:funk a demand\u00e9 \u00e0 un juriste d'interpr\u00e9ter la lettre du gouvernement suisse adress\u00e9e \u00e0 tous les cantons, y compris sur ses cons\u00e9quences pour l'Allemagne.<\/p>\n<p>Un <a href=\"https:\/\/news.save.ch\/fr\/stop-5g-am-10-mai-in-bern\/\" target=\"_blank\" rel=\"noopener\">Moratoire<\/a> pour <a href=\"https:\/\/news.save.ch\/fr\/fakten-und-hypothesen-zu-5g\/\" target=\"_blank\" rel=\"noopener\">5G<\/a> est fond\u00e9e :<\/p>\n<p>1) Dans le d\u00e9tail, l'\"Information aux cantons. T\u00e9l\u00e9phonie mobile et <a href=\"https:\/\/news.save.ch\/fr\/besserer-schutz-vor-gefaehrlicher-strahlung-geplant\/\" target=\"_blank\" rel=\"noopener\">Rayonnement<\/a>: D\u00e9ploiement des r\u00e9seaux 5G en Suisse\" du 17.04.2019 sur l'\u00e9tat de la recherche :<\/p>\n<p>\"La recherche a fourni des observations plus ou moins bien \u00e9tay\u00e9es selon lesquelles il existe d'autres effets biologiques qui ne peuvent pas \u00eatre attribu\u00e9s \u00e0 un r\u00e9chauffement.<\/p>\n<p>Une influence sur les ondes c\u00e9r\u00e9brales est suffisamment prouv\u00e9e selon des crit\u00e8res scientifiques.<\/p>\n<p>Il existe des preuves limit\u00e9es d'une influence sur l'irrigation sanguine du cerveau, d'une alt\u00e9ration de la qualit\u00e9 des spermatozo\u00efdes, d'une d\u00e9stabilisation de l'information g\u00e9n\u00e9tique ainsi que d'effets sur l'expression des g\u00e8nes, la mort cellulaire programm\u00e9e et le stress oxydatif des cellules.<\/p>\n<p>On ne sait pas si des cons\u00e9quences pour la sant\u00e9 y sont li\u00e9es, ni s'il existe des seuils concernant l'intensit\u00e9 et la dur\u00e9e du rayonnement\".<\/p>\n<p>Cette \u00e9valuation du <a href=\"https:\/\/www.bafu.admin.ch\/bafu\/de\/home.html\" target=\"_blank\" rel=\"noopener\">OFEV<\/a> remonte \u00e0 2013 et a pleinement confirm\u00e9, selon l'OFEV, la n\u00e9cessit\u00e9 de la pr\u00e9caution : \"D'un point de vue scientifique, l'application du principe de pr\u00e9caution dans la r\u00e9glementation de ces rayonnements reste donc indiqu\u00e9e, comme cela est pratiqu\u00e9 en Suisse avec les valeurs limites d'installation pr\u00e9ventives\". (Lettre 7.2., p.4)<\/p>\n<p><strong>Plus d'infos<\/strong><\/p>\n<p><a href=\"https:\/\/www.diagnose-funk.org\/publikationen\/artikel\/detail?newsid=1443\" target=\"_blank\" rel=\"noopener\">www. diagnose-funk.org<\/a><\/p>","protected":false},"excerpt":{"rendered":"<p>diagnose:funk hat einen Juristen gebeten, das Schreiben der Schweizer Regierung an alle Kantone zu interpretieren, auch auf seine Konsequenzen f\u00fcr Deutschland. Ein Moratorium f\u00fcr 5G ist begr\u00fcndet: 1. Im Einzelnen heisst es in der &#8222;Information an die Kantone. Mobilfunk und Strahlung:\u00a0Aufbau der 5G-Netze\u00a0in der Schweiz&#8220; vom 17.04.2019 zum\u00a0Stand der Forschung: &#8222;Aus der Forschung liegen unterschiedlich [&hellip;]<\/p>\n","protected":false},"author":1,"featured_media":4555,"comment_status":"open","ping_status":"open","sticky":false,"template":"","format":"standard","meta":{"_acf_changed":false,"pgc_sgb_lightbox_settings":"","footnotes":""},"categories":[1,3314],"tags":[1775,120,168,127,2165,149,141,310],"class_list":["post-4553","post","type-post","status-publish","format-standard","has-post-thumbnail","hentry","category-allgemein","category-health-safety","tag-betriebliches-gesundheitsmanagement","tag-bundesamt","tag-bundesrat","tag-gefaehrliche-stoffe","tag-gesundheitsfoerderung","tag-gesundheitsschutz","tag-praevention","tag-sicherheit"],"acf":[],"hkrextid":null,"publication":null,"issue":null,"workflow":null,"startPage":null,"spitzmarke":null,"_posts_by_tag_page_fields":{"widget_title":"","widget_tags":""},"_at_widget":"1","_yoast_wpseo_primary_category":"1","_yoast_wpseo_focuskw_text_input":"5-G-Netz","_yoast_wpseo_opengraph-image":null,"_yoast_wpseo_opengraph-description":null,"_yoast_wpseo_opengraph-title":null,"enclosure":null,"_yoast_wpseo_twitter-title":null,"_yoast_wpseo_twitter-description":null,"_yoast_wpseo_twitter-image":null,"_wp_old_slug":null,"_yoast_wpseo_title":null,"_yoast_wpseo_canonical":null,"yoast_head":"<!-- This site is optimized with the Yoast SEO plugin v27.5 - https:\/\/yoast.com\/product\/yoast-seo-wordpress\/ -->\n<title>Schweiz reagiert auf B\u00fcrgerproteste gegen 5G - Save<\/title>\n<meta name=\"description\" content=\"Starke Proteste in der Schweizer Bev\u00f6lkerung veranlassten bekanntlich einige St\u00e4dte und Kantone, 5G vor\u00acl\u00e4ufig nicht einzuf\u00fchren\" \/>\n<meta name=\"robots\" content=\"index, follow, max-snippet:-1, max-image-preview:large, max-video-preview:-1\" \/>\n<link rel=\"canonical\" href=\"https:\/\/news.save.ch\/fr\/schweiz-reagiert-auf-buergerproteste-gegen-5g\/\" \/>\n<meta property=\"og:locale\" content=\"fr_FR\" \/>\n<meta property=\"og:type\" content=\"article\" \/>\n<meta property=\"og:title\" content=\"Schweiz reagiert auf B\u00fcrgerproteste gegen 5G - Save\" \/>\n<meta property=\"og:description\" content=\"Starke Proteste in der Schweizer Bev\u00f6lkerung veranlassten bekanntlich einige St\u00e4dte und Kantone, 5G vor\u00acl\u00e4ufig nicht einzuf\u00fchren\" \/>\n<meta property=\"og:url\" content=\"https:\/\/news.save.ch\/fr\/schweiz-reagiert-auf-buergerproteste-gegen-5g\/\" \/>\n<meta property=\"og:site_name\" content=\"Save\" \/>\n<meta property=\"article:published_time\" content=\"2019-09-20T06:00:08+00:00\" \/>\n<meta property=\"article:modified_time\" content=\"2023-03-14T08:03:56+00:00\" \/>\n<meta property=\"og:image\" content=\"https:\/\/news.save.ch\/wp-content\/uploads\/2019\/09\/Depositphotos_sangoiri-scaled-1.jpg\" \/>\n\t<meta property=\"og:image:width\" content=\"1200\" \/>\n\t<meta property=\"og:image:height\" content=\"1200\" \/>\n\t<meta property=\"og:image:type\" content=\"image\/jpeg\" \/>\n<meta name=\"author\" content=\"admin\" \/>\n<meta name=\"twitter:card\" content=\"summary_large_image\" \/>\n<meta name=\"twitter:label1\" content=\"\u00c9crit par\" \/>\n\t<meta name=\"twitter:data1\" content=\"admin\" \/>\n\t<meta name=\"twitter:label2\" content=\"Dur\u00e9e de lecture estim\u00e9e\" \/>\n\t<meta name=\"twitter:data2\" content=\"1 minute\" \/>\n<script type=\"application\/ld+json\" class=\"yoast-schema-graph\">{\"@context\":\"https:\\\/\\\/schema.org\",\"@graph\":[{\"@type\":\"Article\",\"@id\":\"https:\\\/\\\/news.save.ch\\\/schweiz-reagiert-auf-buergerproteste-gegen-5g\\\/#article\",\"isPartOf\":{\"@id\":\"https:\\\/\\\/news.save.ch\\\/schweiz-reagiert-auf-buergerproteste-gegen-5g\\\/\"},\"author\":{\"name\":\"admin\",\"@id\":\"https:\\\/\\\/news.save.ch\\\/de\\\/#\\\/schema\\\/person\\\/d49e199490bad7c70d64b9ab51142f2b\"},\"headline\":\"Schweiz reagiert auf B\u00fcrgerproteste gegen 5G\",\"datePublished\":\"2019-09-20T06:00:08+00:00\",\"dateModified\":\"2023-03-14T08:03:56+00:00\",\"mainEntityOfPage\":{\"@id\":\"https:\\\/\\\/news.save.ch\\\/schweiz-reagiert-auf-buergerproteste-gegen-5g\\\/\"},\"wordCount\":260,\"commentCount\":0,\"publisher\":{\"@id\":\"https:\\\/\\\/news.save.ch\\\/de\\\/#organization\"},\"image\":{\"@id\":\"https:\\\/\\\/news.save.ch\\\/schweiz-reagiert-auf-buergerproteste-gegen-5g\\\/#primaryimage\"},\"thumbnailUrl\":\"https:\\\/\\\/news.save.ch\\\/wp-content\\\/uploads\\\/2019\\\/09\\\/Depositphotos_sangoiri-scaled-1.jpg\",\"keywords\":[\"Betriebliches Gesundheitsmanagement\",\"Bundesamt\",\"Bundesrat\",\"Gef\u00e4hrliche Stoffe\",\"Gesundheitsf\u00f6rderung\",\"Gesundheitsschutz\",\"Pr\u00e4vention\",\"Sicherheit\"],\"articleSection\":[\"ALLGEMEIN\",\"HEALTH &amp; SAFETY\"],\"inLanguage\":\"fr-FR\"},{\"@type\":\"WebPage\",\"@id\":\"https:\\\/\\\/news.save.ch\\\/schweiz-reagiert-auf-buergerproteste-gegen-5g\\\/\",\"url\":\"https:\\\/\\\/news.save.ch\\\/schweiz-reagiert-auf-buergerproteste-gegen-5g\\\/\",\"name\":\"Schweiz reagiert auf B\u00fcrgerproteste gegen 5G - Save\",\"isPartOf\":{\"@id\":\"https:\\\/\\\/news.save.ch\\\/de\\\/#website\"},\"primaryImageOfPage\":{\"@id\":\"https:\\\/\\\/news.save.ch\\\/schweiz-reagiert-auf-buergerproteste-gegen-5g\\\/#primaryimage\"},\"image\":{\"@id\":\"https:\\\/\\\/news.save.ch\\\/schweiz-reagiert-auf-buergerproteste-gegen-5g\\\/#primaryimage\"},\"thumbnailUrl\":\"https:\\\/\\\/news.save.ch\\\/wp-content\\\/uploads\\\/2019\\\/09\\\/Depositphotos_sangoiri-scaled-1.jpg\",\"datePublished\":\"2019-09-20T06:00:08+00:00\",\"dateModified\":\"2023-03-14T08:03:56+00:00\",\"description\":\"Starke Proteste in der Schweizer Bev\u00f6lkerung veranlassten bekanntlich einige St\u00e4dte und Kantone, 5G vor\u00acl\u00e4ufig nicht einzuf\u00fchren\",\"breadcrumb\":{\"@id\":\"https:\\\/\\\/news.save.ch\\\/schweiz-reagiert-auf-buergerproteste-gegen-5g\\\/#breadcrumb\"},\"inLanguage\":\"fr-FR\",\"potentialAction\":[{\"@type\":\"ReadAction\",\"target\":[\"https:\\\/\\\/news.save.ch\\\/schweiz-reagiert-auf-buergerproteste-gegen-5g\\\/\"]}]},{\"@type\":\"ImageObject\",\"inLanguage\":\"fr-FR\",\"@id\":\"https:\\\/\\\/news.save.ch\\\/schweiz-reagiert-auf-buergerproteste-gegen-5g\\\/#primaryimage\",\"url\":\"https:\\\/\\\/news.save.ch\\\/wp-content\\\/uploads\\\/2019\\\/09\\\/Depositphotos_sangoiri-scaled-1.jpg\",\"contentUrl\":\"https:\\\/\\\/news.save.ch\\\/wp-content\\\/uploads\\\/2019\\\/09\\\/Depositphotos_sangoiri-scaled-1.jpg\",\"width\":1200,\"height\":1200,\"caption\":\"Bei all dem ist ein \\\"Moratorium\\\" f\u00fcr 5G (noch mehr Masten, noch mehr Strahlung und sogar von Strahlung mit noch nicht erforschten Auswirkungen!) \u00a9 Depositphotos\\\/sangoiri\"},{\"@type\":\"BreadcrumbList\",\"@id\":\"https:\\\/\\\/news.save.ch\\\/schweiz-reagiert-auf-buergerproteste-gegen-5g\\\/#breadcrumb\",\"itemListElement\":[{\"@type\":\"ListItem\",\"position\":1,\"name\":\"Home\",\"item\":\"https:\\\/\\\/news.save.ch\\\/de\\\/\"},{\"@type\":\"ListItem\",\"position\":2,\"name\":\"Schweiz reagiert auf B\u00fcrgerproteste gegen 5G\"}]},{\"@type\":\"WebSite\",\"@id\":\"https:\\\/\\\/news.save.ch\\\/de\\\/#website\",\"url\":\"https:\\\/\\\/news.save.ch\\\/de\\\/\",\"name\":\"Save\",\"description\":\"Schweizer Fachzeitschrift f\u00fcr Sicherheit\",\"publisher\":{\"@id\":\"https:\\\/\\\/news.save.ch\\\/de\\\/#organization\"},\"potentialAction\":[{\"@type\":\"SearchAction\",\"target\":{\"@type\":\"EntryPoint\",\"urlTemplate\":\"https:\\\/\\\/news.save.ch\\\/de\\\/?s={search_term_string}\"},\"query-input\":{\"@type\":\"PropertyValueSpecification\",\"valueRequired\":true,\"valueName\":\"search_term_string\"}}],\"inLanguage\":\"fr-FR\"},{\"@type\":\"Organization\",\"@id\":\"https:\\\/\\\/news.save.ch\\\/de\\\/#organization\",\"name\":\"Sicherheitsforum\",\"url\":\"https:\\\/\\\/news.save.ch\\\/de\\\/\",\"logo\":{\"@type\":\"ImageObject\",\"inLanguage\":\"fr-FR\",\"@id\":\"https:\\\/\\\/news.save.ch\\\/de\\\/#\\\/schema\\\/logo\\\/image\\\/\",\"url\":\"https:\\\/\\\/news.save.ch\\\/wp-content\\\/uploads\\\/2022\\\/06\\\/Logo_SF_2012.png\",\"contentUrl\":\"https:\\\/\\\/news.save.ch\\\/wp-content\\\/uploads\\\/2022\\\/06\\\/Logo_SF_2012.png\",\"width\":1100,\"height\":91,\"caption\":\"Sicherheitsforum\"},\"image\":{\"@id\":\"https:\\\/\\\/news.save.ch\\\/de\\\/#\\\/schema\\\/logo\\\/image\\\/\"}},{\"@type\":\"Person\",\"@id\":\"https:\\\/\\\/news.save.ch\\\/de\\\/#\\\/schema\\\/person\\\/d49e199490bad7c70d64b9ab51142f2b\",\"name\":\"admin\",\"image\":{\"@type\":\"ImageObject\",\"inLanguage\":\"fr-FR\",\"@id\":\"https:\\\/\\\/secure.gravatar.com\\\/avatar\\\/ae2f4d718e6c49043e314ce431e7e645d646302a24a5ef5a8bc8e3f5a032e319?s=96&d=mm&r=g\",\"url\":\"https:\\\/\\\/secure.gravatar.com\\\/avatar\\\/ae2f4d718e6c49043e314ce431e7e645d646302a24a5ef5a8bc8e3f5a032e319?s=96&d=mm&r=g\",\"contentUrl\":\"https:\\\/\\\/secure.gravatar.com\\\/avatar\\\/ae2f4d718e6c49043e314ce431e7e645d646302a24a5ef5a8bc8e3f5a032e319?s=96&d=mm&r=g\",\"caption\":\"admin\"},\"sameAs\":[\"https:\\\/\\\/develop.organisator.galledia.ch\"],\"url\":\"https:\\\/\\\/news.save.ch\\\/fr\\\/author\\\/admin\\\/\"}]}<\/script>\n<!-- \/ Yoast SEO plugin. -->","yoast_head_json":{"title":"La Suisse r\u00e9agit aux protestations citoyennes contre la 5G - Save","description":"Comme on le sait, les fortes protestations de la population suisse ont incit\u00e9 certaines villes et certains cantons \u00e0 ne pas introduire la 5G pour le moment.","robots":{"index":"index","follow":"follow","max-snippet":"max-snippet:-1","max-image-preview":"max-image-preview:large","max-video-preview":"max-video-preview:-1"},"canonical":"https:\/\/news.save.ch\/fr\/schweiz-reagiert-auf-buergerproteste-gegen-5g\/","og_locale":"fr_FR","og_type":"article","og_title":"Schweiz reagiert auf B\u00fcrgerproteste gegen 5G - Save","og_description":"Starke Proteste in der Schweizer Bev\u00f6lkerung veranlassten bekanntlich einige St\u00e4dte und Kantone, 5G vor\u00acl\u00e4ufig nicht einzuf\u00fchren","og_url":"https:\/\/news.save.ch\/fr\/schweiz-reagiert-auf-buergerproteste-gegen-5g\/","og_site_name":"Save","article_published_time":"2019-09-20T06:00:08+00:00","article_modified_time":"2023-03-14T08:03:56+00:00","og_image":[{"width":1200,"height":1200,"url":"https:\/\/news.save.ch\/wp-content\/uploads\/2019\/09\/Depositphotos_sangoiri-scaled-1.jpg","type":"image\/jpeg"}],"author":"admin","twitter_card":"summary_large_image","twitter_misc":{"\u00c9crit par":"admin","Dur\u00e9e de lecture estim\u00e9e":"1 minute"},"schema":{"@context":"https:\/\/schema.org","@graph":[{"@type":"Article","@id":"https:\/\/news.save.ch\/schweiz-reagiert-auf-buergerproteste-gegen-5g\/#article","isPartOf":{"@id":"https:\/\/news.save.ch\/schweiz-reagiert-auf-buergerproteste-gegen-5g\/"},"author":{"name":"admin","@id":"https:\/\/news.save.ch\/de\/#\/schema\/person\/d49e199490bad7c70d64b9ab51142f2b"},"headline":"Schweiz reagiert auf B\u00fcrgerproteste gegen 5G","datePublished":"2019-09-20T06:00:08+00:00","dateModified":"2023-03-14T08:03:56+00:00","mainEntityOfPage":{"@id":"https:\/\/news.save.ch\/schweiz-reagiert-auf-buergerproteste-gegen-5g\/"},"wordCount":260,"commentCount":0,"publisher":{"@id":"https:\/\/news.save.ch\/de\/#organization"},"image":{"@id":"https:\/\/news.save.ch\/schweiz-reagiert-auf-buergerproteste-gegen-5g\/#primaryimage"},"thumbnailUrl":"https:\/\/news.save.ch\/wp-content\/uploads\/2019\/09\/Depositphotos_sangoiri-scaled-1.jpg","keywords":["Betriebliches Gesundheitsmanagement","Bundesamt","Bundesrat","Gef\u00e4hrliche Stoffe","Gesundheitsf\u00f6rderung","Gesundheitsschutz","Pr\u00e4vention","Sicherheit"],"articleSection":["ALLGEMEIN","HEALTH &amp; SAFETY"],"inLanguage":"fr-FR"},{"@type":"WebPage","@id":"https:\/\/news.save.ch\/schweiz-reagiert-auf-buergerproteste-gegen-5g\/","url":"https:\/\/news.save.ch\/schweiz-reagiert-auf-buergerproteste-gegen-5g\/","name":"La Suisse r\u00e9agit aux protestations citoyennes contre la 5G - Save","isPartOf":{"@id":"https:\/\/news.save.ch\/de\/#website"},"primaryImageOfPage":{"@id":"https:\/\/news.save.ch\/schweiz-reagiert-auf-buergerproteste-gegen-5g\/#primaryimage"},"image":{"@id":"https:\/\/news.save.ch\/schweiz-reagiert-auf-buergerproteste-gegen-5g\/#primaryimage"},"thumbnailUrl":"https:\/\/news.save.ch\/wp-content\/uploads\/2019\/09\/Depositphotos_sangoiri-scaled-1.jpg","datePublished":"2019-09-20T06:00:08+00:00","dateModified":"2023-03-14T08:03:56+00:00","description":"Comme on le sait, les fortes protestations de la population suisse ont incit\u00e9 certaines villes et certains cantons \u00e0 ne pas introduire la 5G pour le moment.","breadcrumb":{"@id":"https:\/\/news.save.ch\/schweiz-reagiert-auf-buergerproteste-gegen-5g\/#breadcrumb"},"inLanguage":"fr-FR","potentialAction":[{"@type":"ReadAction","target":["https:\/\/news.save.ch\/schweiz-reagiert-auf-buergerproteste-gegen-5g\/"]}]},{"@type":"ImageObject","inLanguage":"fr-FR","@id":"https:\/\/news.save.ch\/schweiz-reagiert-auf-buergerproteste-gegen-5g\/#primaryimage","url":"https:\/\/news.save.ch\/wp-content\/uploads\/2019\/09\/Depositphotos_sangoiri-scaled-1.jpg","contentUrl":"https:\/\/news.save.ch\/wp-content\/uploads\/2019\/09\/Depositphotos_sangoiri-scaled-1.jpg","width":1200,"height":1200,"caption":"Bei all dem ist ein \"Moratorium\" f\u00fcr 5G (noch mehr Masten, noch mehr Strahlung und sogar von Strahlung mit noch nicht erforschten Auswirkungen!) \u00a9 Depositphotos\/sangoiri"},{"@type":"BreadcrumbList","@id":"https:\/\/news.save.ch\/schweiz-reagiert-auf-buergerproteste-gegen-5g\/#breadcrumb","itemListElement":[{"@type":"ListItem","position":1,"name":"Home","item":"https:\/\/news.save.ch\/de\/"},{"@type":"ListItem","position":2,"name":"Schweiz reagiert auf B\u00fcrgerproteste gegen 5G"}]},{"@type":"WebSite","@id":"https:\/\/news.save.ch\/de\/#website","url":"https:\/\/news.save.ch\/de\/","name":"Save","description":"Revue suisse sp\u00e9cialis\u00e9e dans la s\u00e9curit\u00e9","publisher":{"@id":"https:\/\/news.save.ch\/de\/#organization"},"potentialAction":[{"@type":"SearchAction","target":{"@type":"EntryPoint","urlTemplate":"https:\/\/news.save.ch\/de\/?s={search_term_string}"},"query-input":{"@type":"PropertyValueSpecification","valueRequired":true,"valueName":"search_term_string"}}],"inLanguage":"fr-FR"},{"@type":"Organization","@id":"https:\/\/news.save.ch\/de\/#organization","name":"Forum sur la s\u00e9curit\u00e9","url":"https:\/\/news.save.ch\/de\/","logo":{"@type":"ImageObject","inLanguage":"fr-FR","@id":"https:\/\/news.save.ch\/de\/#\/schema\/logo\/image\/","url":"https:\/\/news.save.ch\/wp-content\/uploads\/2022\/06\/Logo_SF_2012.png","contentUrl":"https:\/\/news.save.ch\/wp-content\/uploads\/2022\/06\/Logo_SF_2012.png","width":1100,"height":91,"caption":"Sicherheitsforum"},"image":{"@id":"https:\/\/news.save.ch\/de\/#\/schema\/logo\/image\/"}},{"@type":"Person","@id":"https:\/\/news.save.ch\/de\/#\/schema\/person\/d49e199490bad7c70d64b9ab51142f2b","name":"admin","image":{"@type":"ImageObject","inLanguage":"fr-FR","@id":"https:\/\/secure.gravatar.com\/avatar\/ae2f4d718e6c49043e314ce431e7e645d646302a24a5ef5a8bc8e3f5a032e319?s=96&d=mm&r=g","url":"https:\/\/secure.gravatar.com\/avatar\/ae2f4d718e6c49043e314ce431e7e645d646302a24a5ef5a8bc8e3f5a032e319?s=96&d=mm&r=g","contentUrl":"https:\/\/secure.gravatar.com\/avatar\/ae2f4d718e6c49043e314ce431e7e645d646302a24a5ef5a8bc8e3f5a032e319?s=96&d=mm&r=g","caption":"admin"},"sameAs":["https:\/\/develop.organisator.galledia.ch"],"url":"https:\/\/news.save.ch\/fr\/author\/admin\/"}]}},"_links":{"self":[{"href":"https:\/\/news.save.ch\/fr\/wp-json\/wp\/v2\/posts\/4553","targetHints":{"allow":["GET"]}}],"collection":[{"href":"https:\/\/news.save.ch\/fr\/wp-json\/wp\/v2\/posts"}],"about":[{"href":"https:\/\/news.save.ch\/fr\/wp-json\/wp\/v2\/types\/post"}],"author":[{"embeddable":true,"href":"https:\/\/news.save.ch\/fr\/wp-json\/wp\/v2\/users\/1"}],"replies":[{"embeddable":true,"href":"https:\/\/news.save.ch\/fr\/wp-json\/wp\/v2\/comments?post=4553"}],"version-history":[{"count":1,"href":"https:\/\/news.save.ch\/fr\/wp-json\/wp\/v2\/posts\/4553\/revisions"}],"predecessor-version":[{"id":18921,"href":"https:\/\/news.save.ch\/fr\/wp-json\/wp\/v2\/posts\/4553\/revisions\/18921"}],"wp:featuredmedia":[{"embeddable":true,"href":"https:\/\/news.save.ch\/fr\/wp-json\/wp\/v2\/media\/4555"}],"wp:attachment":[{"href":"https:\/\/news.save.ch\/fr\/wp-json\/wp\/v2\/media?parent=4553"}],"wp:term":[{"taxonomy":"category","embeddable":true,"href":"https:\/\/news.save.ch\/fr\/wp-json\/wp\/v2\/categories?post=4553"},{"taxonomy":"post_tag","embeddable":true,"href":"https:\/\/news.save.ch\/fr\/wp-json\/wp\/v2\/tags?post=4553"}],"curies":[{"name":"wp","href":"https:\/\/api.w.org\/{rel}","templated":true}]}}