{"id":4564,"date":"2017-03-27T09:57:09","date_gmt":"2017-03-27T07:57:09","guid":{"rendered":"https:\/\/news.save.ch\/?p=4564"},"modified":"2017-03-27T09:57:09","modified_gmt":"2017-03-27T07:57:09","slug":"erneut-weniger-einbrueche","status":null,"type":"post","link":"https:\/\/news.save.ch\/fr\/erneut-weniger-einbrueche\/","title":{"rendered":"Nouvelle baisse des cambriolages"},"content":{"rendered":"<figure id=\"attachment_4565\" aria-describedby=\"caption-attachment-4565\" style=\"width: 680px\" class=\"wp-caption aligncenter\"><img loading=\"lazy\" decoding=\"async\" class=\"size-medium wp-image-4565\" src=\"https:\/\/news.save.ch\/wp-content\/uploads\/2017\/03\/Depositphotos_Einbruch-scaled-1.jpg\" alt=\"\" width=\"680\" height=\"445\" \/><figcaption id=\"caption-attachment-4565\" class=\"wp-caption-text\">\u00a9 depositphotos<\/figcaption><\/figure>\n<p>En 2016, les infractions au code p\u00e9nal ont diminu\u00e9 de 4,1% et celles \u00e0 la loi sur les \u00e9trangers de 0,7%, comme le montre la Statistique polici\u00e8re de la criminalit\u00e9 (SPC) de l'Office f\u00e9d\u00e9ral de la statistique (<a href=\"https:\/\/www.bfs.admin.ch\">OFS<\/a>). Les infractions \u00e0 la loi sur les stup\u00e9fiants ont enregistr\u00e9 une baisse de 3,3%, tandis que le trafic de stup\u00e9fiants est rest\u00e9 inchang\u00e9. Les cambriolages (par effraction ou par introduction clandestine) ont de nouveau diminu\u00e9 entre 2015 et 2016 (-11%), ce qui correspond \u00e0 5,6 cambriolages pour 1000 habitants.<\/p>\n<h3>Les d\u00e9nonciations pour d'autres vols sont \u00e9galement en baisse<\/h3>\n<p>Cette tendance \u00e0 la baisse s'observe \u00e9galement pour d'autres formes de vol : les vols non sp\u00e9cifi\u00e9s, les vols \u00e0 l'arrach\u00e9, les vols par ruse, les vols \u00e0 la tire, les vols \u00e0 partir\/dans un v\u00e9hicule (avec ou sans effraction du v\u00e9hicule) et les vols de v\u00e9hicules.<\/p>\n<p>Les d\u00e9nonciations pour diffamation, injures et calomnie ont en revanche augment\u00e9 de 16,5 et 4% entre 2015 et 2016. Toutes ces infractions ont enregistr\u00e9 une augmentation depuis la r\u00e9vision des statistiques en 2009, la diffamation a m\u00eame plus que doubl\u00e9 ; elle est pass\u00e9e de 667 infractions en 2009 \u00e0 1384 en 2016.<\/p>\n<h3>Une femme meurt toutes les trois semaines des suites de violences domestiques<\/h3>\n<p>En 2016, 19 personnes, dont 18 femmes, sont d\u00e9c\u00e9d\u00e9es en Suisse des suites de violences domestiques. En d'autres termes, un tel homicide a \u00e9t\u00e9 commis en moyenne tous les 20 jours sur une femme. Des donn\u00e9es d\u00e9taill\u00e9es \u00e0 ce sujet seront publi\u00e9es en juin.<\/p>\n<h3>Le nombre de mineurs mis en cause a diminu\u00e9 de moiti\u00e9<\/h3>\n<p>Le nombre de mineurs mis en cause pour des infractions au code p\u00e9nal (7938) a de nouveau diminu\u00e9 par rapport \u00e0 l'ann\u00e9e pr\u00e9c\u00e9dente (-1,4%). En 2016, le nombre de mineurs d\u00e9nonc\u00e9s a diminu\u00e9 de moiti\u00e9 par rapport \u00e0 2009. Ils repr\u00e9sentent d\u00e9sormais 10 % de l'ensemble des personnes mises en cause. Le nombre de jeunes adultes (18-24 ans) mis en cause a \u00e9galement diminu\u00e9 (-0,3%) et a atteint son niveau le plus bas depuis 2009. Chez les adultes de 25 ans et plus, le nombre de mis en cause a augment\u00e9 de 2,4% par rapport \u00e0 l'ann\u00e9e pr\u00e9c\u00e9dente, pour atteindre 55 984.<\/p>\n<h3>Informations d\u00e9taill\u00e9es sur le site Internet de l'OFS<\/h3>\n<p>Le rapport annuel pr\u00e9sente un r\u00e9sum\u00e9 des r\u00e9sultats de la statistique polici\u00e8re de la criminalit\u00e9. Des informations plus pr\u00e9cises sur certains th\u00e8mes comme la violence domestique, les homicides ou les infractions contre le patrimoine sont disponibles sur le site Internet de l'OFS. Une base de donn\u00e9es interactive sur les infractions et les personnes mises en cause par canton ainsi que des cartes et des graphiques interactifs y sont \u00e9galement disponibles.<\/p>\n<p><em>Pour plus d'informations, voir : <a href=\"https:\/\/www.bfs.admin.ch\">www.bfs.admin.ch<\/a><\/em><\/p>\n<p><em>Statistique polici\u00e8re de la criminalit\u00e9 (SPC) - Rapport annuel 2016, num\u00e9ro de commande : 1116-1600, 18 Fr.<\/em><\/p>","protected":false},"excerpt":{"rendered":"<p>2016 nahmen die Widerhandlungen gegen das Strafgesetzbuch um 4,1% und jene gegen das Ausl\u00e4ndergesetz um 0,7% ab, wie aus der polizeilichen Kriminalstatistik (PKS) des Bundesamtes f\u00fcr Statistik (BFS) hervorgeht. Die Straftaten gegen das Bet\u00e4ubungsmittelgesetz verzeichneten ein Minus von 3,3%, der Handel mit Bet\u00e4ubungsmitteln blieb hingegen unver\u00e4ndert. Die Einbr\u00fcche (Einbruch- und Einschleichdiebst\u00e4hle) waren zwischen 2015 und [&hellip;]<\/p>\n","protected":false},"author":8,"featured_media":4565,"comment_status":"open","ping_status":"open","sticky":false,"template":"","format":"standard","meta":{"_acf_changed":false,"pgc_sgb_lightbox_settings":"","footnotes":""},"categories":[1],"tags":[69,312],"class_list":["post-4564","post","type-post","status-publish","format-standard","has-post-thumbnail","hentry","category-allgemein","tag-justiz-polizei","tag-schweizerische-kriminalstatistik"],"acf":[],"hkrextid":null,"publication":null,"issue":null,"workflow":null,"startPage":null,"spitzmarke":null,"_posts_by_tag_page_fields":{"widget_title":"","widget_tags":""},"_at_widget":"1","_yoast_wpseo_primary_category":"1","_yoast_wpseo_focuskw_text_input":"Kriminalstatistik","_yoast_wpseo_opengraph-image":null,"_yoast_wpseo_opengraph-description":null,"_yoast_wpseo_opengraph-title":null,"enclosure":null,"_yoast_wpseo_twitter-title":null,"_yoast_wpseo_twitter-description":null,"_yoast_wpseo_twitter-image":null,"_wp_old_slug":null,"_yoast_wpseo_title":null,"_yoast_wpseo_canonical":null,"yoast_head":"<!-- This site is optimized with the Yoast SEO plugin v27.5 - https:\/\/yoast.com\/product\/yoast-seo-wordpress\/ -->\n<title>Erneut weniger Einbr\u00fcche - Save<\/title>\n<meta name=\"description\" content=\"Die Einbr\u00fcche in der Schweiz sind im Jahr 2016 um weitere 11% zur\u00fcckgegangen. Dies geht aus der polizeilichen Kriminalstatistik (PKS) des BFS hervor.\" \/>\n<meta name=\"robots\" content=\"index, follow, max-snippet:-1, max-image-preview:large, max-video-preview:-1\" \/>\n<link rel=\"canonical\" href=\"https:\/\/news.save.ch\/fr\/erneut-weniger-einbrueche\/\" \/>\n<meta property=\"og:locale\" content=\"fr_FR\" \/>\n<meta property=\"og:type\" content=\"article\" \/>\n<meta property=\"og:title\" content=\"Erneut weniger Einbr\u00fcche - Save\" \/>\n<meta property=\"og:description\" content=\"Die Einbr\u00fcche in der Schweiz sind im Jahr 2016 um weitere 11% zur\u00fcckgegangen. Dies geht aus der polizeilichen Kriminalstatistik (PKS) des BFS hervor.\" \/>\n<meta property=\"og:url\" content=\"https:\/\/news.save.ch\/fr\/erneut-weniger-einbrueche\/\" \/>\n<meta property=\"og:site_name\" content=\"Save\" \/>\n<meta property=\"article:published_time\" content=\"2017-03-27T07:57:09+00:00\" \/>\n<meta property=\"og:image\" content=\"https:\/\/news.save.ch\/wp-content\/uploads\/2017\/03\/Depositphotos_Einbruch-scaled-1-scaled.jpg\" \/>\n\t<meta property=\"og:image:width\" content=\"1400\" \/>\n\t<meta property=\"og:image:height\" content=\"915\" \/>\n\t<meta property=\"og:image:type\" content=\"image\/jpeg\" \/>\n<meta name=\"author\" content=\"Roger Str\u00e4ssle\" \/>\n<meta name=\"twitter:card\" content=\"summary_large_image\" \/>\n<meta name=\"twitter:label1\" content=\"\u00c9crit par\" \/>\n\t<meta name=\"twitter:data1\" content=\"Roger Str\u00e4ssle\" \/>\n\t<meta name=\"twitter:label2\" content=\"Dur\u00e9e de lecture estim\u00e9e\" \/>\n\t<meta name=\"twitter:data2\" content=\"2 minutes\" \/>\n<script type=\"application\/ld+json\" class=\"yoast-schema-graph\">{\"@context\":\"https:\\\/\\\/schema.org\",\"@graph\":[{\"@type\":\"Article\",\"@id\":\"https:\\\/\\\/news.save.ch\\\/erneut-weniger-einbrueche\\\/#article\",\"isPartOf\":{\"@id\":\"https:\\\/\\\/news.save.ch\\\/erneut-weniger-einbrueche\\\/\"},\"author\":{\"name\":\"Roger Str\u00e4ssle\",\"@id\":\"https:\\\/\\\/news.save.ch\\\/de\\\/#\\\/schema\\\/person\\\/d5022db048e0e2b9785c50e5b24da5aa\"},\"headline\":\"Erneut weniger Einbr\u00fcche\",\"datePublished\":\"2017-03-27T07:57:09+00:00\",\"mainEntityOfPage\":{\"@id\":\"https:\\\/\\\/news.save.ch\\\/erneut-weniger-einbrueche\\\/\"},\"wordCount\":370,\"commentCount\":0,\"publisher\":{\"@id\":\"https:\\\/\\\/news.save.ch\\\/de\\\/#organization\"},\"image\":{\"@id\":\"https:\\\/\\\/news.save.ch\\\/erneut-weniger-einbrueche\\\/#primaryimage\"},\"thumbnailUrl\":\"https:\\\/\\\/news.save.ch\\\/wp-content\\\/uploads\\\/2017\\\/03\\\/Depositphotos_Einbruch-scaled-1-scaled.jpg\",\"keywords\":[\"Justiz &amp; Polizei\",\"Schweizerische Kriminalstatistik\"],\"articleSection\":[\"ALLGEMEIN\"],\"inLanguage\":\"fr-FR\"},{\"@type\":\"WebPage\",\"@id\":\"https:\\\/\\\/news.save.ch\\\/erneut-weniger-einbrueche\\\/\",\"url\":\"https:\\\/\\\/news.save.ch\\\/erneut-weniger-einbrueche\\\/\",\"name\":\"Erneut weniger Einbr\u00fcche - Save\",\"isPartOf\":{\"@id\":\"https:\\\/\\\/news.save.ch\\\/de\\\/#website\"},\"primaryImageOfPage\":{\"@id\":\"https:\\\/\\\/news.save.ch\\\/erneut-weniger-einbrueche\\\/#primaryimage\"},\"image\":{\"@id\":\"https:\\\/\\\/news.save.ch\\\/erneut-weniger-einbrueche\\\/#primaryimage\"},\"thumbnailUrl\":\"https:\\\/\\\/news.save.ch\\\/wp-content\\\/uploads\\\/2017\\\/03\\\/Depositphotos_Einbruch-scaled-1-scaled.jpg\",\"datePublished\":\"2017-03-27T07:57:09+00:00\",\"description\":\"Die Einbr\u00fcche in der Schweiz sind im Jahr 2016 um weitere 11% zur\u00fcckgegangen. Dies geht aus der polizeilichen Kriminalstatistik (PKS) des BFS hervor.\",\"breadcrumb\":{\"@id\":\"https:\\\/\\\/news.save.ch\\\/erneut-weniger-einbrueche\\\/#breadcrumb\"},\"inLanguage\":\"fr-FR\",\"potentialAction\":[{\"@type\":\"ReadAction\",\"target\":[\"https:\\\/\\\/news.save.ch\\\/erneut-weniger-einbrueche\\\/\"]}]},{\"@type\":\"ImageObject\",\"inLanguage\":\"fr-FR\",\"@id\":\"https:\\\/\\\/news.save.ch\\\/erneut-weniger-einbrueche\\\/#primaryimage\",\"url\":\"https:\\\/\\\/news.save.ch\\\/wp-content\\\/uploads\\\/2017\\\/03\\\/Depositphotos_Einbruch-scaled-1-scaled.jpg\",\"contentUrl\":\"https:\\\/\\\/news.save.ch\\\/wp-content\\\/uploads\\\/2017\\\/03\\\/Depositphotos_Einbruch-scaled-1-scaled.jpg\",\"width\":1400,\"height\":915,\"caption\":\"\u00a9 depositphotos\"},{\"@type\":\"BreadcrumbList\",\"@id\":\"https:\\\/\\\/news.save.ch\\\/erneut-weniger-einbrueche\\\/#breadcrumb\",\"itemListElement\":[{\"@type\":\"ListItem\",\"position\":1,\"name\":\"Home\",\"item\":\"https:\\\/\\\/news.save.ch\\\/de\\\/\"},{\"@type\":\"ListItem\",\"position\":2,\"name\":\"Erneut weniger Einbr\u00fcche\"}]},{\"@type\":\"WebSite\",\"@id\":\"https:\\\/\\\/news.save.ch\\\/de\\\/#website\",\"url\":\"https:\\\/\\\/news.save.ch\\\/de\\\/\",\"name\":\"Save\",\"description\":\"Schweizer Fachzeitschrift f\u00fcr Sicherheit\",\"publisher\":{\"@id\":\"https:\\\/\\\/news.save.ch\\\/de\\\/#organization\"},\"potentialAction\":[{\"@type\":\"SearchAction\",\"target\":{\"@type\":\"EntryPoint\",\"urlTemplate\":\"https:\\\/\\\/news.save.ch\\\/de\\\/?s={search_term_string}\"},\"query-input\":{\"@type\":\"PropertyValueSpecification\",\"valueRequired\":true,\"valueName\":\"search_term_string\"}}],\"inLanguage\":\"fr-FR\"},{\"@type\":\"Organization\",\"@id\":\"https:\\\/\\\/news.save.ch\\\/de\\\/#organization\",\"name\":\"Sicherheitsforum\",\"url\":\"https:\\\/\\\/news.save.ch\\\/de\\\/\",\"logo\":{\"@type\":\"ImageObject\",\"inLanguage\":\"fr-FR\",\"@id\":\"https:\\\/\\\/news.save.ch\\\/de\\\/#\\\/schema\\\/logo\\\/image\\\/\",\"url\":\"https:\\\/\\\/news.save.ch\\\/wp-content\\\/uploads\\\/2022\\\/06\\\/Logo_SF_2012.png\",\"contentUrl\":\"https:\\\/\\\/news.save.ch\\\/wp-content\\\/uploads\\\/2022\\\/06\\\/Logo_SF_2012.png\",\"width\":1100,\"height\":91,\"caption\":\"Sicherheitsforum\"},\"image\":{\"@id\":\"https:\\\/\\\/news.save.ch\\\/de\\\/#\\\/schema\\\/logo\\\/image\\\/\"}},{\"@type\":\"Person\",\"@id\":\"https:\\\/\\\/news.save.ch\\\/de\\\/#\\\/schema\\\/person\\\/d5022db048e0e2b9785c50e5b24da5aa\",\"name\":\"Roger Str\u00e4ssle\",\"image\":{\"@type\":\"ImageObject\",\"inLanguage\":\"fr-FR\",\"@id\":\"https:\\\/\\\/secure.gravatar.com\\\/avatar\\\/862a5569d087de48e5856e32f45d719a03804c891d6deb8d4f71a660e79e4a47?s=96&d=mm&r=g\",\"url\":\"https:\\\/\\\/secure.gravatar.com\\\/avatar\\\/862a5569d087de48e5856e32f45d719a03804c891d6deb8d4f71a660e79e4a47?s=96&d=mm&r=g\",\"contentUrl\":\"https:\\\/\\\/secure.gravatar.com\\\/avatar\\\/862a5569d087de48e5856e32f45d719a03804c891d6deb8d4f71a660e79e4a47?s=96&d=mm&r=g\",\"caption\":\"Roger Str\u00e4ssle\"},\"url\":\"https:\\\/\\\/news.save.ch\\\/fr\\\/author\\\/roger-straessle\\\/\"}]}<\/script>\n<!-- \/ Yoast SEO plugin. -->","yoast_head_json":{"title":"Nouvelle baisse des cambriolages - Save","description":"En 2016, les cambriolages ont encore recul\u00e9 de 11% en Suisse. C'est ce qui ressort de la Statistique polici\u00e8re de la criminalit\u00e9 (SPC) de l'OFS.","robots":{"index":"index","follow":"follow","max-snippet":"max-snippet:-1","max-image-preview":"max-image-preview:large","max-video-preview":"max-video-preview:-1"},"canonical":"https:\/\/news.save.ch\/fr\/erneut-weniger-einbrueche\/","og_locale":"fr_FR","og_type":"article","og_title":"Erneut weniger Einbr\u00fcche - Save","og_description":"Die Einbr\u00fcche in der Schweiz sind im Jahr 2016 um weitere 11% zur\u00fcckgegangen. Dies geht aus der polizeilichen Kriminalstatistik (PKS) des BFS hervor.","og_url":"https:\/\/news.save.ch\/fr\/erneut-weniger-einbrueche\/","og_site_name":"Save","article_published_time":"2017-03-27T07:57:09+00:00","og_image":[{"width":1400,"height":915,"url":"https:\/\/news.save.ch\/wp-content\/uploads\/2017\/03\/Depositphotos_Einbruch-scaled-1-scaled.jpg","type":"image\/jpeg"}],"author":"Roger Str\u00e4ssle","twitter_card":"summary_large_image","twitter_misc":{"\u00c9crit par":"Roger Str\u00e4ssle","Dur\u00e9e de lecture estim\u00e9e":"2 minutes"},"schema":{"@context":"https:\/\/schema.org","@graph":[{"@type":"Article","@id":"https:\/\/news.save.ch\/erneut-weniger-einbrueche\/#article","isPartOf":{"@id":"https:\/\/news.save.ch\/erneut-weniger-einbrueche\/"},"author":{"name":"Roger Str\u00e4ssle","@id":"https:\/\/news.save.ch\/de\/#\/schema\/person\/d5022db048e0e2b9785c50e5b24da5aa"},"headline":"Erneut weniger Einbr\u00fcche","datePublished":"2017-03-27T07:57:09+00:00","mainEntityOfPage":{"@id":"https:\/\/news.save.ch\/erneut-weniger-einbrueche\/"},"wordCount":370,"commentCount":0,"publisher":{"@id":"https:\/\/news.save.ch\/de\/#organization"},"image":{"@id":"https:\/\/news.save.ch\/erneut-weniger-einbrueche\/#primaryimage"},"thumbnailUrl":"https:\/\/news.save.ch\/wp-content\/uploads\/2017\/03\/Depositphotos_Einbruch-scaled-1-scaled.jpg","keywords":["Justiz &amp; Polizei","Schweizerische Kriminalstatistik"],"articleSection":["ALLGEMEIN"],"inLanguage":"fr-FR"},{"@type":"WebPage","@id":"https:\/\/news.save.ch\/erneut-weniger-einbrueche\/","url":"https:\/\/news.save.ch\/erneut-weniger-einbrueche\/","name":"Nouvelle baisse des cambriolages - Save","isPartOf":{"@id":"https:\/\/news.save.ch\/de\/#website"},"primaryImageOfPage":{"@id":"https:\/\/news.save.ch\/erneut-weniger-einbrueche\/#primaryimage"},"image":{"@id":"https:\/\/news.save.ch\/erneut-weniger-einbrueche\/#primaryimage"},"thumbnailUrl":"https:\/\/news.save.ch\/wp-content\/uploads\/2017\/03\/Depositphotos_Einbruch-scaled-1-scaled.jpg","datePublished":"2017-03-27T07:57:09+00:00","description":"En 2016, les cambriolages ont encore recul\u00e9 de 11% en Suisse. C'est ce qui ressort de la Statistique polici\u00e8re de la criminalit\u00e9 (SPC) de l'OFS.","breadcrumb":{"@id":"https:\/\/news.save.ch\/erneut-weniger-einbrueche\/#breadcrumb"},"inLanguage":"fr-FR","potentialAction":[{"@type":"ReadAction","target":["https:\/\/news.save.ch\/erneut-weniger-einbrueche\/"]}]},{"@type":"ImageObject","inLanguage":"fr-FR","@id":"https:\/\/news.save.ch\/erneut-weniger-einbrueche\/#primaryimage","url":"https:\/\/news.save.ch\/wp-content\/uploads\/2017\/03\/Depositphotos_Einbruch-scaled-1-scaled.jpg","contentUrl":"https:\/\/news.save.ch\/wp-content\/uploads\/2017\/03\/Depositphotos_Einbruch-scaled-1-scaled.jpg","width":1400,"height":915,"caption":"\u00a9 depositphotos"},{"@type":"BreadcrumbList","@id":"https:\/\/news.save.ch\/erneut-weniger-einbrueche\/#breadcrumb","itemListElement":[{"@type":"ListItem","position":1,"name":"Home","item":"https:\/\/news.save.ch\/de\/"},{"@type":"ListItem","position":2,"name":"Erneut weniger Einbr\u00fcche"}]},{"@type":"WebSite","@id":"https:\/\/news.save.ch\/de\/#website","url":"https:\/\/news.save.ch\/de\/","name":"Save","description":"Revue suisse sp\u00e9cialis\u00e9e dans la s\u00e9curit\u00e9","publisher":{"@id":"https:\/\/news.save.ch\/de\/#organization"},"potentialAction":[{"@type":"SearchAction","target":{"@type":"EntryPoint","urlTemplate":"https:\/\/news.save.ch\/de\/?s={search_term_string}"},"query-input":{"@type":"PropertyValueSpecification","valueRequired":true,"valueName":"search_term_string"}}],"inLanguage":"fr-FR"},{"@type":"Organization","@id":"https:\/\/news.save.ch\/de\/#organization","name":"Forum sur la s\u00e9curit\u00e9","url":"https:\/\/news.save.ch\/de\/","logo":{"@type":"ImageObject","inLanguage":"fr-FR","@id":"https:\/\/news.save.ch\/de\/#\/schema\/logo\/image\/","url":"https:\/\/news.save.ch\/wp-content\/uploads\/2022\/06\/Logo_SF_2012.png","contentUrl":"https:\/\/news.save.ch\/wp-content\/uploads\/2022\/06\/Logo_SF_2012.png","width":1100,"height":91,"caption":"Sicherheitsforum"},"image":{"@id":"https:\/\/news.save.ch\/de\/#\/schema\/logo\/image\/"}},{"@type":"Person","@id":"https:\/\/news.save.ch\/de\/#\/schema\/person\/d5022db048e0e2b9785c50e5b24da5aa","name":"Roger Str\u00e4ssle","image":{"@type":"ImageObject","inLanguage":"fr-FR","@id":"https:\/\/secure.gravatar.com\/avatar\/862a5569d087de48e5856e32f45d719a03804c891d6deb8d4f71a660e79e4a47?s=96&d=mm&r=g","url":"https:\/\/secure.gravatar.com\/avatar\/862a5569d087de48e5856e32f45d719a03804c891d6deb8d4f71a660e79e4a47?s=96&d=mm&r=g","contentUrl":"https:\/\/secure.gravatar.com\/avatar\/862a5569d087de48e5856e32f45d719a03804c891d6deb8d4f71a660e79e4a47?s=96&d=mm&r=g","caption":"Roger Str\u00e4ssle"},"url":"https:\/\/news.save.ch\/fr\/author\/roger-straessle\/"}]}},"_links":{"self":[{"href":"https:\/\/news.save.ch\/fr\/wp-json\/wp\/v2\/posts\/4564","targetHints":{"allow":["GET"]}}],"collection":[{"href":"https:\/\/news.save.ch\/fr\/wp-json\/wp\/v2\/posts"}],"about":[{"href":"https:\/\/news.save.ch\/fr\/wp-json\/wp\/v2\/types\/post"}],"author":[{"embeddable":true,"href":"https:\/\/news.save.ch\/fr\/wp-json\/wp\/v2\/users\/8"}],"replies":[{"embeddable":true,"href":"https:\/\/news.save.ch\/fr\/wp-json\/wp\/v2\/comments?post=4564"}],"version-history":[{"count":0,"href":"https:\/\/news.save.ch\/fr\/wp-json\/wp\/v2\/posts\/4564\/revisions"}],"wp:featuredmedia":[{"embeddable":true,"href":"https:\/\/news.save.ch\/fr\/wp-json\/wp\/v2\/media\/4565"}],"wp:attachment":[{"href":"https:\/\/news.save.ch\/fr\/wp-json\/wp\/v2\/media?parent=4564"}],"wp:term":[{"taxonomy":"category","embeddable":true,"href":"https:\/\/news.save.ch\/fr\/wp-json\/wp\/v2\/categories?post=4564"},{"taxonomy":"post_tag","embeddable":true,"href":"https:\/\/news.save.ch\/fr\/wp-json\/wp\/v2\/tags?post=4564"}],"curies":[{"name":"wp","href":"https:\/\/api.w.org\/{rel}","templated":true}]}}