{"id":4591,"date":"2017-03-31T13:11:52","date_gmt":"2017-03-31T11:11:52","guid":{"rendered":"https:\/\/news.save.ch\/?p=4591"},"modified":"2017-03-31T13:11:52","modified_gmt":"2017-03-31T11:11:52","slug":"sprengstoff-im-fussballstadion-anklage-eingereicht","status":null,"type":"post","link":"https:\/\/news.save.ch\/fr\/sprengstoff-im-fussballstadion-anklage-eingereicht\/","title":{"rendered":"Des explosifs dans un stade de football - mise en accusation"},"content":{"rendered":"<figure id=\"attachment_4594\" aria-describedby=\"caption-attachment-4594\" style=\"width: 680px\" class=\"wp-caption aligncenter\"><img loading=\"lazy\" decoding=\"async\" class=\"size-medium wp-image-4594\" src=\"https:\/\/news.save.ch\/wp-content\/uploads\/2017\/03\/Depositphotos_67705029_m-2015.jpg\" alt=\"\" width=\"680\" height=\"451\" srcset=\"https:\/\/news.save.ch\/wp-content\/uploads\/2017\/03\/Depositphotos_67705029_m-2015.jpg 999w, https:\/\/news.save.ch\/wp-content\/uploads\/2017\/03\/Depositphotos_67705029_m-2015-375x248.jpg 375w\" sizes=\"auto, (max-width: 680px) 100vw, 680px\" \/><figcaption id=\"caption-attachment-4594\" class=\"wp-caption-text\">Image d'illustration \u00a9 depositphotos<\/figcaption><\/figure>\n<p>A l'occasion du match de Super League FC Lucerne - FC Saint-Gall du 21 f\u00e9vrier 2016, des engins pyrotechniques ont r\u00e9ussi \u00e0 \u00eatre introduits dans le stade. Sur la base de l'analyse des images de surveillance, il a pu \u00eatre prouv\u00e9 que le pr\u00e9venu avait lanc\u00e9 les explosifs et les fumig\u00e8nes sur le terrain. Ce faisant, il a pris le risque de blesser des personnes et d'endommager les installations et la pelouse, ce qui s'est effectivement produit. Une personne qui suivait le match dans le secteur voisin a \u00e9t\u00e9 bless\u00e9e lors de cette action. L'enqu\u00eate p\u00e9nale a r\u00e9v\u00e9l\u00e9 que le pr\u00e9venu \u00e9tait en possession ill\u00e9gale d'une grande quantit\u00e9 d'engins pyrotechniques similaires.<\/p>\n<p>Les accusations du Minist\u00e8re public de la Conf\u00e9d\u00e9ration sont donc les suivantes : mise en danger multiple par des explosifs et des gaz toxiques dans une intention criminelle (art. 224, al. 1, CP), l\u00e9sions corporelles graves (art. 122, al. 2, CP), dommages \u00e0 la propri\u00e9t\u00e9 multiples, commis \u00e0 l'occasion d'un attroupement public (art. 144, al. 2, CP), ainsi qu'infractions multiples \u00e0 la loi sur les explosifs (art. 3, al. 1, 15, al. 1, en relation avec la loi sur les armes). art. 37 ch. 1 al. 1 LExpl et art. 17 et 22 al. 1 en relation avec l'art. 37 ch. 1 al. 1 LExpl. Art. 38 ch. 1 al. 1 LExpl).<\/p>\n<p>La comp\u00e9tence du Minist\u00e8re public de la Conf\u00e9d\u00e9ration pour cette proc\u00e9dure p\u00e9nale se fonde, d'une part, sur la nature des engins explosifs et, d'autre part, sur l'intention d'utiliser ce mat\u00e9riel explosif dans un lieu o\u00f9 il faut s'accommoder d'un danger concret pour les personnes et\/ou les objets. C'est l'article 224, alin\u00e9a 1 du Code p\u00e9nal qui s'applique ici.<\/p>\n<p>Le Minist\u00e8re public de la Conf\u00e9d\u00e9ration d\u00e9posera ses r\u00e9quisitions p\u00e9nales \u00e0 l'occasion du proc\u00e8s devant le Tribunal p\u00e9nal f\u00e9d\u00e9ral \u00e0 Bellinzone. L'accus\u00e9 b\u00e9n\u00e9ficie de la pr\u00e9somption d'innocence jusqu'\u00e0 ce que le tribunal ait rendu son jugement. Une fois l'acte d'accusation d\u00e9pos\u00e9, le Tribunal p\u00e9nal f\u00e9d\u00e9ral est comp\u00e9tent pour la suite de l'information.<\/p>\n<p><em>Communiqu\u00e9 de presse du Minist\u00e8re public de la Conf\u00e9d\u00e9ration<\/em><\/p>","protected":false},"excerpt":{"rendered":"<p>Anl\u00e4sslich des Super League Spiels FC Luzern \u2013 FC St. Gallen vom 21.02.2016 ist es gelungen, pyrotechnische Gegenst\u00e4nde ins Stadion zu schmuggeln. Aufgrund der Auswertung von \u00dcberwachungsbildern konnte dem Beschuldigten nachgewiesen werden, dass er die Spreng- und Rauchk\u00f6rper auf das Spielfeld geworfen hat. Dabei nahm er in Kauf, dass Personen zu Schaden kommen und Sch\u00e4den [&hellip;]<\/p>\n","protected":false},"author":8,"featured_media":4594,"comment_status":"open","ping_status":"open","sticky":false,"template":"","format":"standard","meta":{"_acf_changed":false,"pgc_sgb_lightbox_settings":"","footnotes":""},"categories":[1],"tags":[69],"class_list":["post-4591","post","type-post","status-publish","format-standard","has-post-thumbnail","hentry","category-allgemein","tag-justiz-polizei"],"acf":[],"hkrextid":null,"publication":null,"issue":null,"workflow":null,"startPage":null,"spitzmarke":null,"_posts_by_tag_page_fields":{"widget_title":"","widget_tags":""},"_at_widget":"1","_yoast_wpseo_primary_category":"","_yoast_wpseo_focuskw_text_input":"Anklage","_yoast_wpseo_opengraph-image":null,"_yoast_wpseo_opengraph-description":null,"_yoast_wpseo_opengraph-title":null,"enclosure":null,"_yoast_wpseo_twitter-title":null,"_yoast_wpseo_twitter-description":null,"_yoast_wpseo_twitter-image":null,"_wp_old_slug":null,"_yoast_wpseo_title":null,"_yoast_wpseo_canonical":null,"yoast_head":"<!-- This site is optimized with the Yoast SEO plugin v27.5 - https:\/\/yoast.com\/product\/yoast-seo-wordpress\/ -->\n<title>Sprengstoff im Fussballstadion \u2013 Anklage eingereicht - Save<\/title>\n<meta name=\"description\" content=\"Die Bundesanwaltschaft hat erstmals eine Anklage eingereicht: Ein 23-J\u00e4hriger hat in einem Fussballstadion mehrere Spreng- und Rauchk\u00f6rper gez\u00fcndet.\" \/>\n<meta name=\"robots\" content=\"index, follow, max-snippet:-1, max-image-preview:large, max-video-preview:-1\" \/>\n<link rel=\"canonical\" href=\"https:\/\/news.save.ch\/fr\/sprengstoff-im-fussballstadion-anklage-eingereicht\/\" \/>\n<meta property=\"og:locale\" content=\"fr_FR\" \/>\n<meta property=\"og:type\" content=\"article\" \/>\n<meta property=\"og:title\" content=\"Sprengstoff im Fussballstadion \u2013 Anklage eingereicht - Save\" \/>\n<meta property=\"og:description\" content=\"Die Bundesanwaltschaft hat erstmals eine Anklage eingereicht: Ein 23-J\u00e4hriger hat in einem Fussballstadion mehrere Spreng- und Rauchk\u00f6rper gez\u00fcndet.\" \/>\n<meta property=\"og:url\" content=\"https:\/\/news.save.ch\/fr\/sprengstoff-im-fussballstadion-anklage-eingereicht\/\" \/>\n<meta property=\"og:site_name\" content=\"Save\" \/>\n<meta property=\"article:published_time\" content=\"2017-03-31T11:11:52+00:00\" \/>\n<meta property=\"og:image\" content=\"https:\/\/news.save.ch\/wp-content\/uploads\/2017\/03\/Depositphotos_67705029_m-2015.jpg\" \/>\n\t<meta property=\"og:image:width\" content=\"999\" \/>\n\t<meta property=\"og:image:height\" content=\"662\" \/>\n\t<meta property=\"og:image:type\" content=\"image\/jpeg\" \/>\n<meta name=\"author\" content=\"Roger Str\u00e4ssle\" \/>\n<meta name=\"twitter:card\" content=\"summary_large_image\" \/>\n<meta name=\"twitter:label1\" content=\"\u00c9crit par\" \/>\n\t<meta name=\"twitter:data1\" content=\"Roger Str\u00e4ssle\" \/>\n\t<meta name=\"twitter:label2\" content=\"Dur\u00e9e de lecture estim\u00e9e\" \/>\n\t<meta name=\"twitter:data2\" content=\"1 minute\" \/>\n<script type=\"application\/ld+json\" class=\"yoast-schema-graph\">{\"@context\":\"https:\\\/\\\/schema.org\",\"@graph\":[{\"@type\":\"Article\",\"@id\":\"https:\\\/\\\/news.save.ch\\\/sprengstoff-im-fussballstadion-anklage-eingereicht\\\/#article\",\"isPartOf\":{\"@id\":\"https:\\\/\\\/news.save.ch\\\/sprengstoff-im-fussballstadion-anklage-eingereicht\\\/\"},\"author\":{\"name\":\"Roger Str\u00e4ssle\",\"@id\":\"https:\\\/\\\/news.save.ch\\\/de\\\/#\\\/schema\\\/person\\\/d5022db048e0e2b9785c50e5b24da5aa\"},\"headline\":\"Sprengstoff im Fussballstadion \u2013 Anklage eingereicht\",\"datePublished\":\"2017-03-31T11:11:52+00:00\",\"mainEntityOfPage\":{\"@id\":\"https:\\\/\\\/news.save.ch\\\/sprengstoff-im-fussballstadion-anklage-eingereicht\\\/\"},\"wordCount\":288,\"commentCount\":0,\"publisher\":{\"@id\":\"https:\\\/\\\/news.save.ch\\\/de\\\/#organization\"},\"image\":{\"@id\":\"https:\\\/\\\/news.save.ch\\\/sprengstoff-im-fussballstadion-anklage-eingereicht\\\/#primaryimage\"},\"thumbnailUrl\":\"https:\\\/\\\/news.save.ch\\\/wp-content\\\/uploads\\\/2017\\\/03\\\/Depositphotos_67705029_m-2015.jpg\",\"keywords\":[\"Justiz &amp; Polizei\"],\"articleSection\":[\"ALLGEMEIN\"],\"inLanguage\":\"fr-FR\"},{\"@type\":\"WebPage\",\"@id\":\"https:\\\/\\\/news.save.ch\\\/sprengstoff-im-fussballstadion-anklage-eingereicht\\\/\",\"url\":\"https:\\\/\\\/news.save.ch\\\/sprengstoff-im-fussballstadion-anklage-eingereicht\\\/\",\"name\":\"Sprengstoff im Fussballstadion \u2013 Anklage eingereicht - Save\",\"isPartOf\":{\"@id\":\"https:\\\/\\\/news.save.ch\\\/de\\\/#website\"},\"primaryImageOfPage\":{\"@id\":\"https:\\\/\\\/news.save.ch\\\/sprengstoff-im-fussballstadion-anklage-eingereicht\\\/#primaryimage\"},\"image\":{\"@id\":\"https:\\\/\\\/news.save.ch\\\/sprengstoff-im-fussballstadion-anklage-eingereicht\\\/#primaryimage\"},\"thumbnailUrl\":\"https:\\\/\\\/news.save.ch\\\/wp-content\\\/uploads\\\/2017\\\/03\\\/Depositphotos_67705029_m-2015.jpg\",\"datePublished\":\"2017-03-31T11:11:52+00:00\",\"description\":\"Die Bundesanwaltschaft hat erstmals eine Anklage eingereicht: Ein 23-J\u00e4hriger hat in einem Fussballstadion mehrere Spreng- und Rauchk\u00f6rper gez\u00fcndet.\",\"breadcrumb\":{\"@id\":\"https:\\\/\\\/news.save.ch\\\/sprengstoff-im-fussballstadion-anklage-eingereicht\\\/#breadcrumb\"},\"inLanguage\":\"fr-FR\",\"potentialAction\":[{\"@type\":\"ReadAction\",\"target\":[\"https:\\\/\\\/news.save.ch\\\/sprengstoff-im-fussballstadion-anklage-eingereicht\\\/\"]}]},{\"@type\":\"ImageObject\",\"inLanguage\":\"fr-FR\",\"@id\":\"https:\\\/\\\/news.save.ch\\\/sprengstoff-im-fussballstadion-anklage-eingereicht\\\/#primaryimage\",\"url\":\"https:\\\/\\\/news.save.ch\\\/wp-content\\\/uploads\\\/2017\\\/03\\\/Depositphotos_67705029_m-2015.jpg\",\"contentUrl\":\"https:\\\/\\\/news.save.ch\\\/wp-content\\\/uploads\\\/2017\\\/03\\\/Depositphotos_67705029_m-2015.jpg\",\"width\":999,\"height\":662,\"caption\":\"Illustrationsbild \u00a9 depositphotos\"},{\"@type\":\"BreadcrumbList\",\"@id\":\"https:\\\/\\\/news.save.ch\\\/sprengstoff-im-fussballstadion-anklage-eingereicht\\\/#breadcrumb\",\"itemListElement\":[{\"@type\":\"ListItem\",\"position\":1,\"name\":\"Home\",\"item\":\"https:\\\/\\\/news.save.ch\\\/de\\\/\"},{\"@type\":\"ListItem\",\"position\":2,\"name\":\"Sprengstoff im Fussballstadion \u2013 Anklage eingereicht\"}]},{\"@type\":\"WebSite\",\"@id\":\"https:\\\/\\\/news.save.ch\\\/de\\\/#website\",\"url\":\"https:\\\/\\\/news.save.ch\\\/de\\\/\",\"name\":\"Save\",\"description\":\"Schweizer Fachzeitschrift f\u00fcr Sicherheit\",\"publisher\":{\"@id\":\"https:\\\/\\\/news.save.ch\\\/de\\\/#organization\"},\"potentialAction\":[{\"@type\":\"SearchAction\",\"target\":{\"@type\":\"EntryPoint\",\"urlTemplate\":\"https:\\\/\\\/news.save.ch\\\/de\\\/?s={search_term_string}\"},\"query-input\":{\"@type\":\"PropertyValueSpecification\",\"valueRequired\":true,\"valueName\":\"search_term_string\"}}],\"inLanguage\":\"fr-FR\"},{\"@type\":\"Organization\",\"@id\":\"https:\\\/\\\/news.save.ch\\\/de\\\/#organization\",\"name\":\"Sicherheitsforum\",\"url\":\"https:\\\/\\\/news.save.ch\\\/de\\\/\",\"logo\":{\"@type\":\"ImageObject\",\"inLanguage\":\"fr-FR\",\"@id\":\"https:\\\/\\\/news.save.ch\\\/de\\\/#\\\/schema\\\/logo\\\/image\\\/\",\"url\":\"https:\\\/\\\/news.save.ch\\\/wp-content\\\/uploads\\\/2022\\\/06\\\/Logo_SF_2012.png\",\"contentUrl\":\"https:\\\/\\\/news.save.ch\\\/wp-content\\\/uploads\\\/2022\\\/06\\\/Logo_SF_2012.png\",\"width\":1100,\"height\":91,\"caption\":\"Sicherheitsforum\"},\"image\":{\"@id\":\"https:\\\/\\\/news.save.ch\\\/de\\\/#\\\/schema\\\/logo\\\/image\\\/\"}},{\"@type\":\"Person\",\"@id\":\"https:\\\/\\\/news.save.ch\\\/de\\\/#\\\/schema\\\/person\\\/d5022db048e0e2b9785c50e5b24da5aa\",\"name\":\"Roger Str\u00e4ssle\",\"image\":{\"@type\":\"ImageObject\",\"inLanguage\":\"fr-FR\",\"@id\":\"https:\\\/\\\/secure.gravatar.com\\\/avatar\\\/862a5569d087de48e5856e32f45d719a03804c891d6deb8d4f71a660e79e4a47?s=96&d=mm&r=g\",\"url\":\"https:\\\/\\\/secure.gravatar.com\\\/avatar\\\/862a5569d087de48e5856e32f45d719a03804c891d6deb8d4f71a660e79e4a47?s=96&d=mm&r=g\",\"contentUrl\":\"https:\\\/\\\/secure.gravatar.com\\\/avatar\\\/862a5569d087de48e5856e32f45d719a03804c891d6deb8d4f71a660e79e4a47?s=96&d=mm&r=g\",\"caption\":\"Roger Str\u00e4ssle\"},\"url\":\"https:\\\/\\\/news.save.ch\\\/fr\\\/author\\\/roger-straessle\\\/\"}]}<\/script>\n<!-- \/ Yoast SEO plugin. -->","yoast_head_json":{"title":"Des explosifs dans un stade de football - D\u00e9p\u00f4t de plainte - Save","description":"Pour la premi\u00e8re fois, le Minist\u00e8re public de la Conf\u00e9d\u00e9ration a d\u00e9pos\u00e9 une plainte : un jeune homme de 23 ans a fait exploser plusieurs engins explosifs et fumig\u00e8nes dans un stade de football.","robots":{"index":"index","follow":"follow","max-snippet":"max-snippet:-1","max-image-preview":"max-image-preview:large","max-video-preview":"max-video-preview:-1"},"canonical":"https:\/\/news.save.ch\/fr\/sprengstoff-im-fussballstadion-anklage-eingereicht\/","og_locale":"fr_FR","og_type":"article","og_title":"Sprengstoff im Fussballstadion \u2013 Anklage eingereicht - Save","og_description":"Die Bundesanwaltschaft hat erstmals eine Anklage eingereicht: Ein 23-J\u00e4hriger hat in einem Fussballstadion mehrere Spreng- und Rauchk\u00f6rper gez\u00fcndet.","og_url":"https:\/\/news.save.ch\/fr\/sprengstoff-im-fussballstadion-anklage-eingereicht\/","og_site_name":"Save","article_published_time":"2017-03-31T11:11:52+00:00","og_image":[{"width":999,"height":662,"url":"https:\/\/news.save.ch\/wp-content\/uploads\/2017\/03\/Depositphotos_67705029_m-2015.jpg","type":"image\/jpeg"}],"author":"Roger Str\u00e4ssle","twitter_card":"summary_large_image","twitter_misc":{"\u00c9crit par":"Roger Str\u00e4ssle","Dur\u00e9e de lecture estim\u00e9e":"1 minute"},"schema":{"@context":"https:\/\/schema.org","@graph":[{"@type":"Article","@id":"https:\/\/news.save.ch\/sprengstoff-im-fussballstadion-anklage-eingereicht\/#article","isPartOf":{"@id":"https:\/\/news.save.ch\/sprengstoff-im-fussballstadion-anklage-eingereicht\/"},"author":{"name":"Roger Str\u00e4ssle","@id":"https:\/\/news.save.ch\/de\/#\/schema\/person\/d5022db048e0e2b9785c50e5b24da5aa"},"headline":"Sprengstoff im Fussballstadion \u2013 Anklage eingereicht","datePublished":"2017-03-31T11:11:52+00:00","mainEntityOfPage":{"@id":"https:\/\/news.save.ch\/sprengstoff-im-fussballstadion-anklage-eingereicht\/"},"wordCount":288,"commentCount":0,"publisher":{"@id":"https:\/\/news.save.ch\/de\/#organization"},"image":{"@id":"https:\/\/news.save.ch\/sprengstoff-im-fussballstadion-anklage-eingereicht\/#primaryimage"},"thumbnailUrl":"https:\/\/news.save.ch\/wp-content\/uploads\/2017\/03\/Depositphotos_67705029_m-2015.jpg","keywords":["Justiz &amp; Polizei"],"articleSection":["ALLGEMEIN"],"inLanguage":"fr-FR"},{"@type":"WebPage","@id":"https:\/\/news.save.ch\/sprengstoff-im-fussballstadion-anklage-eingereicht\/","url":"https:\/\/news.save.ch\/sprengstoff-im-fussballstadion-anklage-eingereicht\/","name":"Des explosifs dans un stade de football - D\u00e9p\u00f4t de plainte - Save","isPartOf":{"@id":"https:\/\/news.save.ch\/de\/#website"},"primaryImageOfPage":{"@id":"https:\/\/news.save.ch\/sprengstoff-im-fussballstadion-anklage-eingereicht\/#primaryimage"},"image":{"@id":"https:\/\/news.save.ch\/sprengstoff-im-fussballstadion-anklage-eingereicht\/#primaryimage"},"thumbnailUrl":"https:\/\/news.save.ch\/wp-content\/uploads\/2017\/03\/Depositphotos_67705029_m-2015.jpg","datePublished":"2017-03-31T11:11:52+00:00","description":"Pour la premi\u00e8re fois, le Minist\u00e8re public de la Conf\u00e9d\u00e9ration a d\u00e9pos\u00e9 une plainte : un jeune homme de 23 ans a fait exploser plusieurs engins explosifs et fumig\u00e8nes dans un stade de football.","breadcrumb":{"@id":"https:\/\/news.save.ch\/sprengstoff-im-fussballstadion-anklage-eingereicht\/#breadcrumb"},"inLanguage":"fr-FR","potentialAction":[{"@type":"ReadAction","target":["https:\/\/news.save.ch\/sprengstoff-im-fussballstadion-anklage-eingereicht\/"]}]},{"@type":"ImageObject","inLanguage":"fr-FR","@id":"https:\/\/news.save.ch\/sprengstoff-im-fussballstadion-anklage-eingereicht\/#primaryimage","url":"https:\/\/news.save.ch\/wp-content\/uploads\/2017\/03\/Depositphotos_67705029_m-2015.jpg","contentUrl":"https:\/\/news.save.ch\/wp-content\/uploads\/2017\/03\/Depositphotos_67705029_m-2015.jpg","width":999,"height":662,"caption":"Illustrationsbild \u00a9 depositphotos"},{"@type":"BreadcrumbList","@id":"https:\/\/news.save.ch\/sprengstoff-im-fussballstadion-anklage-eingereicht\/#breadcrumb","itemListElement":[{"@type":"ListItem","position":1,"name":"Home","item":"https:\/\/news.save.ch\/de\/"},{"@type":"ListItem","position":2,"name":"Sprengstoff im Fussballstadion \u2013 Anklage eingereicht"}]},{"@type":"WebSite","@id":"https:\/\/news.save.ch\/de\/#website","url":"https:\/\/news.save.ch\/de\/","name":"Save","description":"Revue suisse sp\u00e9cialis\u00e9e dans la s\u00e9curit\u00e9","publisher":{"@id":"https:\/\/news.save.ch\/de\/#organization"},"potentialAction":[{"@type":"SearchAction","target":{"@type":"EntryPoint","urlTemplate":"https:\/\/news.save.ch\/de\/?s={search_term_string}"},"query-input":{"@type":"PropertyValueSpecification","valueRequired":true,"valueName":"search_term_string"}}],"inLanguage":"fr-FR"},{"@type":"Organization","@id":"https:\/\/news.save.ch\/de\/#organization","name":"Forum sur la s\u00e9curit\u00e9","url":"https:\/\/news.save.ch\/de\/","logo":{"@type":"ImageObject","inLanguage":"fr-FR","@id":"https:\/\/news.save.ch\/de\/#\/schema\/logo\/image\/","url":"https:\/\/news.save.ch\/wp-content\/uploads\/2022\/06\/Logo_SF_2012.png","contentUrl":"https:\/\/news.save.ch\/wp-content\/uploads\/2022\/06\/Logo_SF_2012.png","width":1100,"height":91,"caption":"Sicherheitsforum"},"image":{"@id":"https:\/\/news.save.ch\/de\/#\/schema\/logo\/image\/"}},{"@type":"Person","@id":"https:\/\/news.save.ch\/de\/#\/schema\/person\/d5022db048e0e2b9785c50e5b24da5aa","name":"Roger Str\u00e4ssle","image":{"@type":"ImageObject","inLanguage":"fr-FR","@id":"https:\/\/secure.gravatar.com\/avatar\/862a5569d087de48e5856e32f45d719a03804c891d6deb8d4f71a660e79e4a47?s=96&d=mm&r=g","url":"https:\/\/secure.gravatar.com\/avatar\/862a5569d087de48e5856e32f45d719a03804c891d6deb8d4f71a660e79e4a47?s=96&d=mm&r=g","contentUrl":"https:\/\/secure.gravatar.com\/avatar\/862a5569d087de48e5856e32f45d719a03804c891d6deb8d4f71a660e79e4a47?s=96&d=mm&r=g","caption":"Roger Str\u00e4ssle"},"url":"https:\/\/news.save.ch\/fr\/author\/roger-straessle\/"}]}},"_links":{"self":[{"href":"https:\/\/news.save.ch\/fr\/wp-json\/wp\/v2\/posts\/4591","targetHints":{"allow":["GET"]}}],"collection":[{"href":"https:\/\/news.save.ch\/fr\/wp-json\/wp\/v2\/posts"}],"about":[{"href":"https:\/\/news.save.ch\/fr\/wp-json\/wp\/v2\/types\/post"}],"author":[{"embeddable":true,"href":"https:\/\/news.save.ch\/fr\/wp-json\/wp\/v2\/users\/8"}],"replies":[{"embeddable":true,"href":"https:\/\/news.save.ch\/fr\/wp-json\/wp\/v2\/comments?post=4591"}],"version-history":[{"count":0,"href":"https:\/\/news.save.ch\/fr\/wp-json\/wp\/v2\/posts\/4591\/revisions"}],"wp:featuredmedia":[{"embeddable":true,"href":"https:\/\/news.save.ch\/fr\/wp-json\/wp\/v2\/media\/4594"}],"wp:attachment":[{"href":"https:\/\/news.save.ch\/fr\/wp-json\/wp\/v2\/media?parent=4591"}],"wp:term":[{"taxonomy":"category","embeddable":true,"href":"https:\/\/news.save.ch\/fr\/wp-json\/wp\/v2\/categories?post=4591"},{"taxonomy":"post_tag","embeddable":true,"href":"https:\/\/news.save.ch\/fr\/wp-json\/wp\/v2\/tags?post=4591"}],"curies":[{"name":"wp","href":"https:\/\/api.w.org\/{rel}","templated":true}]}}