{"id":4598,"date":"2017-03-31T10:42:02","date_gmt":"2017-03-31T08:42:02","guid":{"rendered":"https:\/\/news.save.ch\/?p=4598"},"modified":"2017-03-31T10:42:02","modified_gmt":"2017-03-31T08:42:02","slug":"spik-mit-neuen-loesungsansaetze-aus-dem-in-und-ausland","status":null,"type":"post","link":"https:\/\/news.save.ch\/fr\/spik-mit-neuen-loesungsansaetze-aus-dem-in-und-ausland\/","title":{"rendered":"SPIK avec de nouvelles approches de solutions en Suisse et \u00e0 l'\u00e9tranger"},"content":{"rendered":"<figure id=\"attachment_4599\" aria-describedby=\"caption-attachment-4599\" style=\"width: 680px\" class=\"wp-caption aligncenter\"><img loading=\"lazy\" decoding=\"async\" class=\"size-medium wp-image-4599\" src=\"https:\/\/news.save.ch\/wp-content\/uploads\/2017\/03\/Blaettler-scaled-1.jpg\" alt=\"\" width=\"680\" height=\"453\" \/><figcaption id=\"caption-attachment-4599\" class=\"wp-caption-text\">Stefan Bl\u00e4ttler, pr\u00e9sident de la CCPCS. Source : Sascha H\u00e4hni, Swiss Police ICT<\/figcaption><\/figure>\n<p>Le site <a href=\"https:\/\/www.swisspoliceict.ch\/de-ch\/spik\/spik-2017\">SPIK<\/a>-En 2017, le congr\u00e8s s'est d\u00e9roul\u00e9 pour la premi\u00e8re fois sur deux jours. Le th\u00e8me principal de la premi\u00e8re journ\u00e9e \u00e9tait la communication d'intervention, avec pour mots-cl\u00e9s le maintien de la valeur de Polycom ainsi que son d\u00e9veloppement en un r\u00e9seau de donn\u00e9es performant et l'alerte de la population. Lors de la deuxi\u00e8me journ\u00e9e, outre les th\u00e8mes traditionnels relatifs aux centrales d'intervention, l'analyse et la visualisation des d\u00e9lits et du travail de la police ont \u00e9t\u00e9 des sujets importants.<br \/>\nLa journ\u00e9e de la communication a \u00e9t\u00e9 ouverte par Thomas Baumann, directeur adjoint du service de presse de la pr\u00e9fecture de police de Munich. Le th\u00e8me : la tuerie de Munich et la communication de crise qui en d\u00e9coule dans le contexte de la gestion op\u00e9rationnelle de l'intervention.<br \/>\nSituation initiale : plus de 80% de la population utilise quotidiennement Internet ; parall\u00e8lement, les structures m\u00e9diatiques classiques se dissolvent \u00e0 moyen terme, selon Baumann. Dans ce contexte, une structure quantitative impressionnante s'est d\u00e9velopp\u00e9e : Suite \u00e0 la tuerie, 4 761 appels ont \u00e9t\u00e9 re\u00e7us par les centrales d'intervention ; 72 000 \"billets\" ont \u00e9t\u00e9 envoy\u00e9s via les m\u00e9dias sociaux. Il s'agissait surtout de messages de citoyens inquiets qui disaient avoir constat\u00e9 quelque chose d'inqui\u00e9tant - avec pour r\u00e9sultat d'innombrables interventions d'accompagnement.<br \/>\nLa conclusion de la gestion r\u00e9ussie d'un triste \u00e9v\u00e9nement : la communication de crise via la radio et la t\u00e9l\u00e9vision ne fonctionne plus \u00e0 elle seule. Pour ne pas perdre de temps, il faut atteindre les citoyens l\u00e0 o\u00f9 ils se trouvent : Sur leurs smartphones, selon Baumann. Et la police doit r\u00e9ussir \u00e0 prendre au s\u00e9rieux toutes les peurs et les inqui\u00e9tudes.<\/p>\n<p><strong>Harmonisation de l'informatique polici\u00e8re<\/strong><br \/>\nStefan Bl\u00e4ttler, commandant de la police cantonale bernoise, qui a ouvert la deuxi\u00e8me journ\u00e9e en tant que pr\u00e9sident de la CCPCS, a soulign\u00e9 que l'\u00eatre humain \u00e9tait au centre des pr\u00e9occupations, notamment les forces d'intervention, que la technologie doit soutenir.<br \/>\nIl a soulign\u00e9 l'harmonisation sans pr\u00e9c\u00e9dent en Suisse, au-del\u00e0 des fronti\u00e8res cantonales, qui a \u00e9t\u00e9 r\u00e9alis\u00e9e dans le domaine de l'informatique polici\u00e8re : \"Il s'agit maintenant de donner vie \u00e0 cette base visionnaire\", a constat\u00e9 Bl\u00e4ttler. Dans le domaine des centrales d'intervention et des applications de police, la num\u00e9risation est d\u00e9j\u00e0 bien avanc\u00e9e avec des programmes tels que la gestion des services d'urgence (DLWL) \u00e0 l'\u00e9chelle nationale, le poste de police num\u00e9rique Suisse ePolice pour les vols de v\u00e9los ou de cyclomoteurs ou encore l'application des unit\u00e9s sp\u00e9ciales (SOE). Bl\u00e4ttler voit en revanche un grand besoin d'agir dans le domaine des appareils de t\u00e9l\u00e9communication, entre autres dans l'exploitation de Polycom : \"Une harmonisation \u00e0 l'\u00e9chelle nationale serait judicieuse\". Ne serait-ce que parce que les cantons doivent assumer eux-m\u00eames les travaux de renouvellement.<\/p>\n<p><strong>Une vue de l'ext\u00e9rieur<\/strong><br \/>\nEntour\u00e9 de repr\u00e9sentants de la police, de l'\u00e9conomie, de la politique et de la branche informatique, le philosophe et publiciste Ludwig Hasler a r\u00e9fl\u00e9chi sur le th\u00e8me de la num\u00e9risation. \"Tout s'am\u00e9liore. Donc pire\", telle est sa th\u00e8se. Il peut para\u00eetre rassurant que l'incident que constitue l'homme soit \u00e9limin\u00e9 par le num\u00e9rique, mais cela signifie aussi que la responsabilit\u00e9 de l'homme lui \u00e9chappe, selon Hasler. Les flux de donn\u00e9es deviennent autonomes, plus vuln\u00e9rables, l'agresseur devient technologique et anonyme. Sa quintessence : \"Une soci\u00e9t\u00e9 devient vraiment s\u00fbre lorsqu'elle abolit la libert\u00e9. Le num\u00e9rique pourrait y parvenir\".<br \/>\nAu total, plus de 700 repr\u00e9sentants de la police et de l'\u00e9conomie, des experts en informatique de diff\u00e9rentes branches et des participants du monde politique ont pris part au 10e SPIK. Cet \u00e9v\u00e9nement annuel est la plateforme nationale d'\u00e9change d'exp\u00e9riences sur les th\u00e8mes de l'informatique polici\u00e8re et de la lutte contre la cybercriminalit\u00e9. Outre les huit, respectivement dix-neuf expos\u00e9s, les participants ont pu se rendre compte de l'utilit\u00e9 pratique des solutions pr\u00e9sent\u00e9es sur plus de 30 stands d'exposition.<\/p>\n<p><em>Source : <a href=\"https:\/\/www.swisspoliceict.ch\">Swiss Police ICT<\/a><\/em><\/p>","protected":false},"excerpt":{"rendered":"<p>Der SPIK-Kongress wurde 2017 erstmals zweit\u00e4gig durchgef\u00fchrt. Hauptthema des ersten Tages war die Einsatzkommunikation, Stichworte dazu sind Polycom-Werterhaltung sowie dessen Weiterentwicklung zu einem leistungsf\u00e4higen Datennetz und die Bev\u00f6lkerungsalarmierung. Am zweiten Tag war bei der 10. Durchf\u00fchrung nebst den traditionellen Themen rund um die Einsatzzentralen v.a. das Thema Analyse und Visualisierung der Delikte und der Polizeiarbeit [&hellip;]<\/p>\n","protected":false},"author":8,"featured_media":4599,"comment_status":"open","ping_status":"open","sticky":false,"template":"","format":"standard","meta":{"_acf_changed":false,"pgc_sgb_lightbox_settings":"","footnotes":""},"categories":[1],"tags":[62,69],"class_list":["post-4598","post","type-post","status-publish","format-standard","has-post-thumbnail","hentry","category-allgemein","tag-ict-sicherheit","tag-justiz-polizei"],"acf":[],"hkrextid":null,"publication":null,"issue":null,"workflow":null,"startPage":null,"spitzmarke":null,"_posts_by_tag_page_fields":{"widget_title":"","widget_tags":""},"_at_widget":"1","_yoast_wpseo_primary_category":"1","_yoast_wpseo_focuskw_text_input":"SPIK","_yoast_wpseo_opengraph-image":null,"_yoast_wpseo_opengraph-description":null,"_yoast_wpseo_opengraph-title":null,"enclosure":null,"_yoast_wpseo_twitter-title":null,"_yoast_wpseo_twitter-description":null,"_yoast_wpseo_twitter-image":null,"_wp_old_slug":null,"_yoast_wpseo_title":null,"_yoast_wpseo_canonical":null,"yoast_head":"<!-- This site is optimized with the Yoast SEO plugin v27.5 - https:\/\/yoast.com\/product\/yoast-seo-wordpress\/ -->\n<title>SPIK mit neuen L\u00f6sungsans\u00e4tzen aus dem In- und Ausland - Save<\/title>\n<meta name=\"description\" content=\"Am SPIK-Kongress, der jeweils vom Verein Swiss Police ICT organisiert wird, wurden neue Herausforderungen und L\u00f6sungsans\u00e4tze diskutiert.\" \/>\n<meta name=\"robots\" content=\"index, follow, max-snippet:-1, max-image-preview:large, max-video-preview:-1\" \/>\n<link rel=\"canonical\" href=\"https:\/\/news.save.ch\/fr\/spik-mit-neuen-loesungsansaetze-aus-dem-in-und-ausland\/\" \/>\n<meta property=\"og:locale\" content=\"fr_FR\" \/>\n<meta property=\"og:type\" content=\"article\" \/>\n<meta property=\"og:title\" content=\"SPIK mit neuen L\u00f6sungsans\u00e4tzen aus dem In- und Ausland - Save\" \/>\n<meta property=\"og:description\" content=\"Am SPIK-Kongress, der jeweils vom Verein Swiss Police ICT organisiert wird, wurden neue Herausforderungen und L\u00f6sungsans\u00e4tze diskutiert.\" \/>\n<meta property=\"og:url\" content=\"https:\/\/news.save.ch\/fr\/spik-mit-neuen-loesungsansaetze-aus-dem-in-und-ausland\/\" \/>\n<meta property=\"og:site_name\" content=\"Save\" \/>\n<meta property=\"article:published_time\" content=\"2017-03-31T08:42:02+00:00\" \/>\n<meta property=\"og:image\" content=\"https:\/\/news.save.ch\/wp-content\/uploads\/2017\/03\/Blaettler-scaled-1-scaled.jpg\" \/>\n\t<meta property=\"og:image:width\" content=\"1400\" \/>\n\t<meta property=\"og:image:height\" content=\"934\" \/>\n\t<meta property=\"og:image:type\" content=\"image\/jpeg\" \/>\n<meta name=\"author\" content=\"Roger Str\u00e4ssle\" \/>\n<meta name=\"twitter:card\" content=\"summary_large_image\" \/>\n<meta name=\"twitter:label1\" content=\"\u00c9crit par\" \/>\n\t<meta name=\"twitter:data1\" content=\"Roger Str\u00e4ssle\" \/>\n\t<meta name=\"twitter:label2\" content=\"Dur\u00e9e de lecture estim\u00e9e\" \/>\n\t<meta name=\"twitter:data2\" content=\"3 minutes\" \/>\n<script type=\"application\/ld+json\" class=\"yoast-schema-graph\">{\"@context\":\"https:\\\/\\\/schema.org\",\"@graph\":[{\"@type\":\"Article\",\"@id\":\"https:\\\/\\\/news.save.ch\\\/spik-mit-neuen-loesungsansaetze-aus-dem-in-und-ausland\\\/#article\",\"isPartOf\":{\"@id\":\"https:\\\/\\\/news.save.ch\\\/spik-mit-neuen-loesungsansaetze-aus-dem-in-und-ausland\\\/\"},\"author\":{\"name\":\"Roger Str\u00e4ssle\",\"@id\":\"https:\\\/\\\/news.save.ch\\\/de\\\/#\\\/schema\\\/person\\\/d5022db048e0e2b9785c50e5b24da5aa\"},\"headline\":\"SPIK mit neuen L\u00f6sungsans\u00e4tzen aus dem In- und Ausland\",\"datePublished\":\"2017-03-31T08:42:02+00:00\",\"mainEntityOfPage\":{\"@id\":\"https:\\\/\\\/news.save.ch\\\/spik-mit-neuen-loesungsansaetze-aus-dem-in-und-ausland\\\/\"},\"wordCount\":550,\"commentCount\":0,\"publisher\":{\"@id\":\"https:\\\/\\\/news.save.ch\\\/de\\\/#organization\"},\"image\":{\"@id\":\"https:\\\/\\\/news.save.ch\\\/spik-mit-neuen-loesungsansaetze-aus-dem-in-und-ausland\\\/#primaryimage\"},\"thumbnailUrl\":\"https:\\\/\\\/news.save.ch\\\/wp-content\\\/uploads\\\/2017\\\/03\\\/Blaettler-scaled-1-scaled.jpg\",\"keywords\":[\"ICT-Sicherheit\",\"Justiz &amp; Polizei\"],\"articleSection\":[\"ALLGEMEIN\"],\"inLanguage\":\"fr-FR\"},{\"@type\":\"WebPage\",\"@id\":\"https:\\\/\\\/news.save.ch\\\/spik-mit-neuen-loesungsansaetze-aus-dem-in-und-ausland\\\/\",\"url\":\"https:\\\/\\\/news.save.ch\\\/spik-mit-neuen-loesungsansaetze-aus-dem-in-und-ausland\\\/\",\"name\":\"SPIK mit neuen L\u00f6sungsans\u00e4tzen aus dem In- und Ausland - Save\",\"isPartOf\":{\"@id\":\"https:\\\/\\\/news.save.ch\\\/de\\\/#website\"},\"primaryImageOfPage\":{\"@id\":\"https:\\\/\\\/news.save.ch\\\/spik-mit-neuen-loesungsansaetze-aus-dem-in-und-ausland\\\/#primaryimage\"},\"image\":{\"@id\":\"https:\\\/\\\/news.save.ch\\\/spik-mit-neuen-loesungsansaetze-aus-dem-in-und-ausland\\\/#primaryimage\"},\"thumbnailUrl\":\"https:\\\/\\\/news.save.ch\\\/wp-content\\\/uploads\\\/2017\\\/03\\\/Blaettler-scaled-1-scaled.jpg\",\"datePublished\":\"2017-03-31T08:42:02+00:00\",\"description\":\"Am SPIK-Kongress, der jeweils vom Verein Swiss Police ICT organisiert wird, wurden neue Herausforderungen und L\u00f6sungsans\u00e4tze diskutiert.\",\"breadcrumb\":{\"@id\":\"https:\\\/\\\/news.save.ch\\\/spik-mit-neuen-loesungsansaetze-aus-dem-in-und-ausland\\\/#breadcrumb\"},\"inLanguage\":\"fr-FR\",\"potentialAction\":[{\"@type\":\"ReadAction\",\"target\":[\"https:\\\/\\\/news.save.ch\\\/spik-mit-neuen-loesungsansaetze-aus-dem-in-und-ausland\\\/\"]}]},{\"@type\":\"ImageObject\",\"inLanguage\":\"fr-FR\",\"@id\":\"https:\\\/\\\/news.save.ch\\\/spik-mit-neuen-loesungsansaetze-aus-dem-in-und-ausland\\\/#primaryimage\",\"url\":\"https:\\\/\\\/news.save.ch\\\/wp-content\\\/uploads\\\/2017\\\/03\\\/Blaettler-scaled-1-scaled.jpg\",\"contentUrl\":\"https:\\\/\\\/news.save.ch\\\/wp-content\\\/uploads\\\/2017\\\/03\\\/Blaettler-scaled-1-scaled.jpg\",\"width\":1400,\"height\":934,\"caption\":\"Qelle: Sascha H\u00e4hni, Swiss Police ICT\"},{\"@type\":\"BreadcrumbList\",\"@id\":\"https:\\\/\\\/news.save.ch\\\/spik-mit-neuen-loesungsansaetze-aus-dem-in-und-ausland\\\/#breadcrumb\",\"itemListElement\":[{\"@type\":\"ListItem\",\"position\":1,\"name\":\"Home\",\"item\":\"https:\\\/\\\/news.save.ch\\\/de\\\/\"},{\"@type\":\"ListItem\",\"position\":2,\"name\":\"SPIK mit neuen L\u00f6sungsans\u00e4tzen aus dem In- und Ausland\"}]},{\"@type\":\"WebSite\",\"@id\":\"https:\\\/\\\/news.save.ch\\\/de\\\/#website\",\"url\":\"https:\\\/\\\/news.save.ch\\\/de\\\/\",\"name\":\"Save\",\"description\":\"Schweizer Fachzeitschrift f\u00fcr Sicherheit\",\"publisher\":{\"@id\":\"https:\\\/\\\/news.save.ch\\\/de\\\/#organization\"},\"potentialAction\":[{\"@type\":\"SearchAction\",\"target\":{\"@type\":\"EntryPoint\",\"urlTemplate\":\"https:\\\/\\\/news.save.ch\\\/de\\\/?s={search_term_string}\"},\"query-input\":{\"@type\":\"PropertyValueSpecification\",\"valueRequired\":true,\"valueName\":\"search_term_string\"}}],\"inLanguage\":\"fr-FR\"},{\"@type\":\"Organization\",\"@id\":\"https:\\\/\\\/news.save.ch\\\/de\\\/#organization\",\"name\":\"Sicherheitsforum\",\"url\":\"https:\\\/\\\/news.save.ch\\\/de\\\/\",\"logo\":{\"@type\":\"ImageObject\",\"inLanguage\":\"fr-FR\",\"@id\":\"https:\\\/\\\/news.save.ch\\\/de\\\/#\\\/schema\\\/logo\\\/image\\\/\",\"url\":\"https:\\\/\\\/news.save.ch\\\/wp-content\\\/uploads\\\/2022\\\/06\\\/Logo_SF_2012.png\",\"contentUrl\":\"https:\\\/\\\/news.save.ch\\\/wp-content\\\/uploads\\\/2022\\\/06\\\/Logo_SF_2012.png\",\"width\":1100,\"height\":91,\"caption\":\"Sicherheitsforum\"},\"image\":{\"@id\":\"https:\\\/\\\/news.save.ch\\\/de\\\/#\\\/schema\\\/logo\\\/image\\\/\"}},{\"@type\":\"Person\",\"@id\":\"https:\\\/\\\/news.save.ch\\\/de\\\/#\\\/schema\\\/person\\\/d5022db048e0e2b9785c50e5b24da5aa\",\"name\":\"Roger Str\u00e4ssle\",\"image\":{\"@type\":\"ImageObject\",\"inLanguage\":\"fr-FR\",\"@id\":\"https:\\\/\\\/secure.gravatar.com\\\/avatar\\\/862a5569d087de48e5856e32f45d719a03804c891d6deb8d4f71a660e79e4a47?s=96&d=mm&r=g\",\"url\":\"https:\\\/\\\/secure.gravatar.com\\\/avatar\\\/862a5569d087de48e5856e32f45d719a03804c891d6deb8d4f71a660e79e4a47?s=96&d=mm&r=g\",\"contentUrl\":\"https:\\\/\\\/secure.gravatar.com\\\/avatar\\\/862a5569d087de48e5856e32f45d719a03804c891d6deb8d4f71a660e79e4a47?s=96&d=mm&r=g\",\"caption\":\"Roger Str\u00e4ssle\"},\"url\":\"https:\\\/\\\/news.save.ch\\\/fr\\\/author\\\/roger-straessle\\\/\"}]}<\/script>\n<!-- \/ Yoast SEO plugin. -->","yoast_head_json":{"title":"SPIK avec de nouvelles approches de solutions en Suisse et \u00e0 l'\u00e9tranger - Save","description":"Lors du congr\u00e8s SPIK, organis\u00e9 chaque ann\u00e9e par l'association Swiss Police ICT, de nouveaux d\u00e9fis et de nouvelles solutions ont \u00e9t\u00e9 discut\u00e9s.","robots":{"index":"index","follow":"follow","max-snippet":"max-snippet:-1","max-image-preview":"max-image-preview:large","max-video-preview":"max-video-preview:-1"},"canonical":"https:\/\/news.save.ch\/fr\/spik-mit-neuen-loesungsansaetze-aus-dem-in-und-ausland\/","og_locale":"fr_FR","og_type":"article","og_title":"SPIK mit neuen L\u00f6sungsans\u00e4tzen aus dem In- und Ausland - Save","og_description":"Am SPIK-Kongress, der jeweils vom Verein Swiss Police ICT organisiert wird, wurden neue Herausforderungen und L\u00f6sungsans\u00e4tze diskutiert.","og_url":"https:\/\/news.save.ch\/fr\/spik-mit-neuen-loesungsansaetze-aus-dem-in-und-ausland\/","og_site_name":"Save","article_published_time":"2017-03-31T08:42:02+00:00","og_image":[{"width":1400,"height":934,"url":"https:\/\/news.save.ch\/wp-content\/uploads\/2017\/03\/Blaettler-scaled-1-scaled.jpg","type":"image\/jpeg"}],"author":"Roger Str\u00e4ssle","twitter_card":"summary_large_image","twitter_misc":{"\u00c9crit par":"Roger Str\u00e4ssle","Dur\u00e9e de lecture estim\u00e9e":"3 minutes"},"schema":{"@context":"https:\/\/schema.org","@graph":[{"@type":"Article","@id":"https:\/\/news.save.ch\/spik-mit-neuen-loesungsansaetze-aus-dem-in-und-ausland\/#article","isPartOf":{"@id":"https:\/\/news.save.ch\/spik-mit-neuen-loesungsansaetze-aus-dem-in-und-ausland\/"},"author":{"name":"Roger Str\u00e4ssle","@id":"https:\/\/news.save.ch\/de\/#\/schema\/person\/d5022db048e0e2b9785c50e5b24da5aa"},"headline":"SPIK mit neuen L\u00f6sungsans\u00e4tzen aus dem In- und Ausland","datePublished":"2017-03-31T08:42:02+00:00","mainEntityOfPage":{"@id":"https:\/\/news.save.ch\/spik-mit-neuen-loesungsansaetze-aus-dem-in-und-ausland\/"},"wordCount":550,"commentCount":0,"publisher":{"@id":"https:\/\/news.save.ch\/de\/#organization"},"image":{"@id":"https:\/\/news.save.ch\/spik-mit-neuen-loesungsansaetze-aus-dem-in-und-ausland\/#primaryimage"},"thumbnailUrl":"https:\/\/news.save.ch\/wp-content\/uploads\/2017\/03\/Blaettler-scaled-1-scaled.jpg","keywords":["ICT-Sicherheit","Justiz &amp; Polizei"],"articleSection":["ALLGEMEIN"],"inLanguage":"fr-FR"},{"@type":"WebPage","@id":"https:\/\/news.save.ch\/spik-mit-neuen-loesungsansaetze-aus-dem-in-und-ausland\/","url":"https:\/\/news.save.ch\/spik-mit-neuen-loesungsansaetze-aus-dem-in-und-ausland\/","name":"SPIK avec de nouvelles approches de solutions en Suisse et \u00e0 l'\u00e9tranger - Save","isPartOf":{"@id":"https:\/\/news.save.ch\/de\/#website"},"primaryImageOfPage":{"@id":"https:\/\/news.save.ch\/spik-mit-neuen-loesungsansaetze-aus-dem-in-und-ausland\/#primaryimage"},"image":{"@id":"https:\/\/news.save.ch\/spik-mit-neuen-loesungsansaetze-aus-dem-in-und-ausland\/#primaryimage"},"thumbnailUrl":"https:\/\/news.save.ch\/wp-content\/uploads\/2017\/03\/Blaettler-scaled-1-scaled.jpg","datePublished":"2017-03-31T08:42:02+00:00","description":"Lors du congr\u00e8s SPIK, organis\u00e9 chaque ann\u00e9e par l'association Swiss Police ICT, de nouveaux d\u00e9fis et de nouvelles solutions ont \u00e9t\u00e9 discut\u00e9s.","breadcrumb":{"@id":"https:\/\/news.save.ch\/spik-mit-neuen-loesungsansaetze-aus-dem-in-und-ausland\/#breadcrumb"},"inLanguage":"fr-FR","potentialAction":[{"@type":"ReadAction","target":["https:\/\/news.save.ch\/spik-mit-neuen-loesungsansaetze-aus-dem-in-und-ausland\/"]}]},{"@type":"ImageObject","inLanguage":"fr-FR","@id":"https:\/\/news.save.ch\/spik-mit-neuen-loesungsansaetze-aus-dem-in-und-ausland\/#primaryimage","url":"https:\/\/news.save.ch\/wp-content\/uploads\/2017\/03\/Blaettler-scaled-1-scaled.jpg","contentUrl":"https:\/\/news.save.ch\/wp-content\/uploads\/2017\/03\/Blaettler-scaled-1-scaled.jpg","width":1400,"height":934,"caption":"Qelle: Sascha H\u00e4hni, Swiss Police ICT"},{"@type":"BreadcrumbList","@id":"https:\/\/news.save.ch\/spik-mit-neuen-loesungsansaetze-aus-dem-in-und-ausland\/#breadcrumb","itemListElement":[{"@type":"ListItem","position":1,"name":"Home","item":"https:\/\/news.save.ch\/de\/"},{"@type":"ListItem","position":2,"name":"SPIK mit neuen L\u00f6sungsans\u00e4tzen aus dem In- und Ausland"}]},{"@type":"WebSite","@id":"https:\/\/news.save.ch\/de\/#website","url":"https:\/\/news.save.ch\/de\/","name":"Save","description":"Revue suisse sp\u00e9cialis\u00e9e dans la s\u00e9curit\u00e9","publisher":{"@id":"https:\/\/news.save.ch\/de\/#organization"},"potentialAction":[{"@type":"SearchAction","target":{"@type":"EntryPoint","urlTemplate":"https:\/\/news.save.ch\/de\/?s={search_term_string}"},"query-input":{"@type":"PropertyValueSpecification","valueRequired":true,"valueName":"search_term_string"}}],"inLanguage":"fr-FR"},{"@type":"Organization","@id":"https:\/\/news.save.ch\/de\/#organization","name":"Forum sur la s\u00e9curit\u00e9","url":"https:\/\/news.save.ch\/de\/","logo":{"@type":"ImageObject","inLanguage":"fr-FR","@id":"https:\/\/news.save.ch\/de\/#\/schema\/logo\/image\/","url":"https:\/\/news.save.ch\/wp-content\/uploads\/2022\/06\/Logo_SF_2012.png","contentUrl":"https:\/\/news.save.ch\/wp-content\/uploads\/2022\/06\/Logo_SF_2012.png","width":1100,"height":91,"caption":"Sicherheitsforum"},"image":{"@id":"https:\/\/news.save.ch\/de\/#\/schema\/logo\/image\/"}},{"@type":"Person","@id":"https:\/\/news.save.ch\/de\/#\/schema\/person\/d5022db048e0e2b9785c50e5b24da5aa","name":"Roger Str\u00e4ssle","image":{"@type":"ImageObject","inLanguage":"fr-FR","@id":"https:\/\/secure.gravatar.com\/avatar\/862a5569d087de48e5856e32f45d719a03804c891d6deb8d4f71a660e79e4a47?s=96&d=mm&r=g","url":"https:\/\/secure.gravatar.com\/avatar\/862a5569d087de48e5856e32f45d719a03804c891d6deb8d4f71a660e79e4a47?s=96&d=mm&r=g","contentUrl":"https:\/\/secure.gravatar.com\/avatar\/862a5569d087de48e5856e32f45d719a03804c891d6deb8d4f71a660e79e4a47?s=96&d=mm&r=g","caption":"Roger Str\u00e4ssle"},"url":"https:\/\/news.save.ch\/fr\/author\/roger-straessle\/"}]}},"_links":{"self":[{"href":"https:\/\/news.save.ch\/fr\/wp-json\/wp\/v2\/posts\/4598","targetHints":{"allow":["GET"]}}],"collection":[{"href":"https:\/\/news.save.ch\/fr\/wp-json\/wp\/v2\/posts"}],"about":[{"href":"https:\/\/news.save.ch\/fr\/wp-json\/wp\/v2\/types\/post"}],"author":[{"embeddable":true,"href":"https:\/\/news.save.ch\/fr\/wp-json\/wp\/v2\/users\/8"}],"replies":[{"embeddable":true,"href":"https:\/\/news.save.ch\/fr\/wp-json\/wp\/v2\/comments?post=4598"}],"version-history":[{"count":0,"href":"https:\/\/news.save.ch\/fr\/wp-json\/wp\/v2\/posts\/4598\/revisions"}],"wp:featuredmedia":[{"embeddable":true,"href":"https:\/\/news.save.ch\/fr\/wp-json\/wp\/v2\/media\/4599"}],"wp:attachment":[{"href":"https:\/\/news.save.ch\/fr\/wp-json\/wp\/v2\/media?parent=4598"}],"wp:term":[{"taxonomy":"category","embeddable":true,"href":"https:\/\/news.save.ch\/fr\/wp-json\/wp\/v2\/categories?post=4598"},{"taxonomy":"post_tag","embeddable":true,"href":"https:\/\/news.save.ch\/fr\/wp-json\/wp\/v2\/tags?post=4598"}],"curies":[{"name":"wp","href":"https:\/\/api.w.org\/{rel}","templated":true}]}}