{"id":4630,"date":"2019-10-24T08:00:58","date_gmt":"2019-10-24T06:00:58","guid":{"rendered":"https:\/\/news.save.ch\/?p=4630"},"modified":"2023-03-14T09:03:55","modified_gmt":"2023-03-14T08:03:55","slug":"wozu-praevention-im-arbeits-und-gesundheitsschutz","status":null,"type":"post","link":"https:\/\/news.save.ch\/fr\/wozu-praevention-im-arbeits-und-gesundheitsschutz\/","title":{"rendered":"Pourquoi faire de la pr\u00e9vention en mati\u00e8re de sant\u00e9 et de s\u00e9curit\u00e9 au travail ?"},"content":{"rendered":"<figure id=\"attachment_4632\" aria-describedby=\"caption-attachment-4632\" style=\"width: 680px\" class=\"wp-caption alignnone\"><img loading=\"lazy\" decoding=\"async\" class=\"size-medium wp-image-4632\" src=\"http:\/\/develop.safety-plus.ch\/wp-content\/uploads\/2019\/10\/Depositphotos_DragonImages.jpg\" alt=\"\" width=\"680\" height=\"454\" \/><figcaption id=\"caption-attachment-4632\" class=\"wp-caption-text\">La protection et la sant\u00e9 des collaborateurs doivent \u00eatre prioritaires.<br \/>\u00a9Depositphotos\/DragonImages<\/figcaption><\/figure>\n<p>Les entreprises qui ne se pr\u00e9occupent pas du bien-\u00eatre de leurs collaborateurs ne peuvent pas \u00eatre attractives ! En revanche, une entreprise se distingue par un engagement fort en mati\u00e8re de pr\u00e9vention, de promotion de la sant\u00e9 et de s\u00e9curit\u00e9 au travail. Les investissements dans la s\u00e9curit\u00e9 au travail et la protection de la sant\u00e9 ont un impact non seulement \u00e0 l'int\u00e9rieur de l'entreprise, mais aussi \u00e0 l'ext\u00e9rieur ; c'est donc un double b\u00e9n\u00e9fice.<\/p>\n<p>Quelles sont les activit\u00e9s d\u00e9cisives qu'une entreprise doit entreprendre dans le domaine de la s\u00e9curit\u00e9\/sant\u00e9 ? De quelles connaissances, de quelles m\u00e9thodes et de quels outils les acteurs du secteur de la sant\u00e9 et de la s\u00e9curit\u00e9 ont-ils besoin ? <a href=\"https:\/\/news.save.ch\/fr\/mehr-kompetenz-fuer-arbeits-und-gesundheitsschutz\/\" target=\"_blank\" rel=\"noopener\">Sant\u00e9 et s\u00e9curit\u00e9 au travail<\/a> pour g\u00e9rer de mani\u00e8re optimale leurs d\u00e9fis quotidiens dans l'entreprise ? Les intervenants de cette journ\u00e9e SAVE pr\u00e9sentent des mesures et transmettent des suggestions pratiques concr\u00e8tes avec des approches de solutions. Au d\u00e9but de la manifestation, les bases, les m\u00e9thodes et les normes en mati\u00e8re de s\u00e9curit\u00e9 au travail seront examin\u00e9es de mani\u00e8re approfondie. Dans un bloc central d'expos\u00e9s, les responsabilit\u00e9s <a href=\"https:\/\/news.save.ch\/fr\/fachtagung-sgas-2019\/\" target=\"_blank\" rel=\"noopener\">Culture de la s\u00e9curit\u00e9<\/a> et les aspects de gestion. La partie de l'apr\u00e8s-midi sera consacr\u00e9e \u00e0 des th\u00e8mes individuels choisis avec des d\u00e9fis sp\u00e9cifiques et des solutions possibles.<\/p>\n<p><strong>Groupe cible<br \/>\n<\/strong>Responsables de la s\u00e9curit\u00e9 au travail, de la protection de la sant\u00e9 et de la pr\u00e9vention de la sant\u00e9 en entreprise<br \/>\nResponsable s\u00e9curit\u00e9\/sant\u00e9\/environnement<br \/>\nSp\u00e9cialistes CFST et MSST, KOPAS<br \/>\nResponsables de la gestion de la sant\u00e9 en entreprise (GSE), managers de la sant\u00e9, ergonomes<br \/>\nDirigeants de PME, directeurs d'entreprise, d'usine et de personnel<br \/>\nSp\u00e9cialistes, conseillers et repr\u00e9sentants des autorit\u00e9s qui s'occupent de questions de s\u00e9curit\u00e9 au travail et de protection de la sant\u00e9.<\/p>\n<p><strong>Quand<\/strong> Jeudi 14 novembre 2019<\/p>\n<p><strong>O\u00f9<\/strong> Zurich Marriott Hotel, Neum\u00fchlequai 42, 8006 Zurich<\/p>\n<p><strong>Plus d'infos<\/strong><\/p>\n<p><a href=\"https:\/\/save.ch\/events\/praevention-sicherheit-2019-11-14\/\" target=\"_blank\" rel=\"noopener\">www.save.ch<\/a><\/p>","protected":false},"excerpt":{"rendered":"<p>Betriebe, die sich nicht um das Wohlergehen ihrer Mitarbeiter k\u00fcmmern, k\u00f6nnen nicht attraktiv sein! Ein starkes Engagement in der Pr\u00e4vention, in der Gesundheitsf\u00f6rderung und in der Arbeitssicherheit hingegen zeichnet ein Unternehmen aus. Dabei zeigen Investitionen in Arbeitssicherheit und Gesundheitsschutz ihre Wirkung nicht nur firmenintern, sondern auch nach aussen; ein doppelter Gewinn demnach. Welches sind entscheidende [&hellip;]<\/p>\n","protected":false},"author":1,"featured_media":4632,"comment_status":"open","ping_status":"open","sticky":false,"template":"","format":"standard","meta":{"_acf_changed":false,"pgc_sgb_lightbox_settings":"","footnotes":""},"categories":[1,3314],"tags":[172,1775,2165,149,141,310,596,160],"class_list":["post-4630","post","type-post","status-publish","format-standard","has-post-thumbnail","hentry","category-allgemein","category-health-safety","tag-arbeitssicherheit","tag-betriebliches-gesundheitsmanagement","tag-gesundheitsfoerderung","tag-gesundheitsschutz","tag-praevention","tag-sicherheit","tag-veranstaltung","tag-veranstaltungen"],"acf":[],"hkrextid":null,"publication":null,"issue":null,"workflow":null,"startPage":null,"spitzmarke":null,"_posts_by_tag_page_fields":{"widget_title":"","widget_tags":""},"_at_widget":"1","_yoast_wpseo_primary_category":"4","_yoast_wpseo_focuskw_text_input":"Pr\u00e4vention","_yoast_wpseo_opengraph-image":null,"_yoast_wpseo_opengraph-description":null,"_yoast_wpseo_opengraph-title":null,"enclosure":null,"_yoast_wpseo_twitter-title":null,"_yoast_wpseo_twitter-description":null,"_yoast_wpseo_twitter-image":null,"_wp_old_slug":null,"_yoast_wpseo_title":null,"_yoast_wpseo_canonical":null,"yoast_head":"<!-- This site is optimized with the Yoast SEO plugin v27.5 - https:\/\/yoast.com\/product\/yoast-seo-wordpress\/ -->\n<title>Wozu Pr\u00e4vention im Arbeits- und Gesundheitsschutz? - Save<\/title>\n<meta name=\"description\" content=\"Was macht ein attraktives Unternehmen aus? Eine positive Unternehmenskultur oder wirtschaftlicher Erfolg sind m\u00f6gliche Argumente.\" \/>\n<meta name=\"robots\" content=\"index, follow, max-snippet:-1, max-image-preview:large, max-video-preview:-1\" \/>\n<link rel=\"canonical\" href=\"https:\/\/news.save.ch\/fr\/wozu-praevention-im-arbeits-und-gesundheitsschutz\/\" \/>\n<meta property=\"og:locale\" content=\"fr_FR\" \/>\n<meta property=\"og:type\" content=\"article\" \/>\n<meta property=\"og:title\" content=\"Wozu Pr\u00e4vention im Arbeits- und Gesundheitsschutz? - Save\" \/>\n<meta property=\"og:description\" content=\"Was macht ein attraktives Unternehmen aus? Eine positive Unternehmenskultur oder wirtschaftlicher Erfolg sind m\u00f6gliche Argumente.\" \/>\n<meta property=\"og:url\" content=\"https:\/\/news.save.ch\/fr\/wozu-praevention-im-arbeits-und-gesundheitsschutz\/\" \/>\n<meta property=\"og:site_name\" content=\"Save\" \/>\n<meta property=\"article:published_time\" content=\"2019-10-24T06:00:58+00:00\" \/>\n<meta property=\"article:modified_time\" content=\"2023-03-14T08:03:55+00:00\" \/>\n<meta property=\"og:image\" content=\"https:\/\/news.save.ch\/wp-content\/uploads\/2019\/10\/Depositphotos_DragonImages-scaled-1.jpg\" \/>\n\t<meta property=\"og:image:width\" content=\"1200\" \/>\n\t<meta property=\"og:image:height\" content=\"801\" \/>\n\t<meta property=\"og:image:type\" content=\"image\/jpeg\" \/>\n<meta name=\"author\" content=\"admin\" \/>\n<meta name=\"twitter:card\" content=\"summary_large_image\" \/>\n<meta name=\"twitter:label1\" content=\"\u00c9crit par\" \/>\n\t<meta name=\"twitter:data1\" content=\"admin\" \/>\n\t<meta name=\"twitter:label2\" content=\"Dur\u00e9e de lecture estim\u00e9e\" \/>\n\t<meta name=\"twitter:data2\" content=\"1 minute\" \/>\n<script type=\"application\/ld+json\" class=\"yoast-schema-graph\">{\"@context\":\"https:\\\/\\\/schema.org\",\"@graph\":[{\"@type\":\"Article\",\"@id\":\"https:\\\/\\\/news.save.ch\\\/wozu-praevention-im-arbeits-und-gesundheitsschutz\\\/#article\",\"isPartOf\":{\"@id\":\"https:\\\/\\\/news.save.ch\\\/wozu-praevention-im-arbeits-und-gesundheitsschutz\\\/\"},\"author\":{\"name\":\"admin\",\"@id\":\"https:\\\/\\\/news.save.ch\\\/de\\\/#\\\/schema\\\/person\\\/d49e199490bad7c70d64b9ab51142f2b\"},\"headline\":\"Wozu Pr\u00e4vention im Arbeits- und Gesundheitsschutz?\",\"datePublished\":\"2019-10-24T06:00:58+00:00\",\"dateModified\":\"2023-03-14T08:03:55+00:00\",\"mainEntityOfPage\":{\"@id\":\"https:\\\/\\\/news.save.ch\\\/wozu-praevention-im-arbeits-und-gesundheitsschutz\\\/\"},\"wordCount\":247,\"commentCount\":0,\"publisher\":{\"@id\":\"https:\\\/\\\/news.save.ch\\\/de\\\/#organization\"},\"image\":{\"@id\":\"https:\\\/\\\/news.save.ch\\\/wozu-praevention-im-arbeits-und-gesundheitsschutz\\\/#primaryimage\"},\"thumbnailUrl\":\"https:\\\/\\\/news.save.ch\\\/wp-content\\\/uploads\\\/2019\\\/10\\\/Depositphotos_DragonImages-scaled-1.jpg\",\"keywords\":[\"Arbeitssicherheit\",\"Betriebliches Gesundheitsmanagement\",\"Gesundheitsf\u00f6rderung\",\"Gesundheitsschutz\",\"Pr\u00e4vention\",\"Sicherheit\",\"Veranstaltung\",\"Veranstaltungen\"],\"articleSection\":[\"ALLGEMEIN\",\"HEALTH &amp; SAFETY\"],\"inLanguage\":\"fr-FR\"},{\"@type\":\"WebPage\",\"@id\":\"https:\\\/\\\/news.save.ch\\\/wozu-praevention-im-arbeits-und-gesundheitsschutz\\\/\",\"url\":\"https:\\\/\\\/news.save.ch\\\/wozu-praevention-im-arbeits-und-gesundheitsschutz\\\/\",\"name\":\"Wozu Pr\u00e4vention im Arbeits- und Gesundheitsschutz? - Save\",\"isPartOf\":{\"@id\":\"https:\\\/\\\/news.save.ch\\\/de\\\/#website\"},\"primaryImageOfPage\":{\"@id\":\"https:\\\/\\\/news.save.ch\\\/wozu-praevention-im-arbeits-und-gesundheitsschutz\\\/#primaryimage\"},\"image\":{\"@id\":\"https:\\\/\\\/news.save.ch\\\/wozu-praevention-im-arbeits-und-gesundheitsschutz\\\/#primaryimage\"},\"thumbnailUrl\":\"https:\\\/\\\/news.save.ch\\\/wp-content\\\/uploads\\\/2019\\\/10\\\/Depositphotos_DragonImages-scaled-1.jpg\",\"datePublished\":\"2019-10-24T06:00:58+00:00\",\"dateModified\":\"2023-03-14T08:03:55+00:00\",\"description\":\"Was macht ein attraktives Unternehmen aus? Eine positive Unternehmenskultur oder wirtschaftlicher Erfolg sind m\u00f6gliche Argumente.\",\"breadcrumb\":{\"@id\":\"https:\\\/\\\/news.save.ch\\\/wozu-praevention-im-arbeits-und-gesundheitsschutz\\\/#breadcrumb\"},\"inLanguage\":\"fr-FR\",\"potentialAction\":[{\"@type\":\"ReadAction\",\"target\":[\"https:\\\/\\\/news.save.ch\\\/wozu-praevention-im-arbeits-und-gesundheitsschutz\\\/\"]}]},{\"@type\":\"ImageObject\",\"inLanguage\":\"fr-FR\",\"@id\":\"https:\\\/\\\/news.save.ch\\\/wozu-praevention-im-arbeits-und-gesundheitsschutz\\\/#primaryimage\",\"url\":\"https:\\\/\\\/news.save.ch\\\/wp-content\\\/uploads\\\/2019\\\/10\\\/Depositphotos_DragonImages-scaled-1.jpg\",\"contentUrl\":\"https:\\\/\\\/news.save.ch\\\/wp-content\\\/uploads\\\/2019\\\/10\\\/Depositphotos_DragonImages-scaled-1.jpg\",\"width\":1200,\"height\":801,\"caption\":\"Der Schutz und die Gesundheit der Mitarbeitenden sollen an erster Stelle stehen. \u00a9Depositphotos\\\/DragonImages\"},{\"@type\":\"BreadcrumbList\",\"@id\":\"https:\\\/\\\/news.save.ch\\\/wozu-praevention-im-arbeits-und-gesundheitsschutz\\\/#breadcrumb\",\"itemListElement\":[{\"@type\":\"ListItem\",\"position\":1,\"name\":\"Home\",\"item\":\"https:\\\/\\\/news.save.ch\\\/de\\\/\"},{\"@type\":\"ListItem\",\"position\":2,\"name\":\"Wozu Pr\u00e4vention im Arbeits- und Gesundheitsschutz?\"}]},{\"@type\":\"WebSite\",\"@id\":\"https:\\\/\\\/news.save.ch\\\/de\\\/#website\",\"url\":\"https:\\\/\\\/news.save.ch\\\/de\\\/\",\"name\":\"Save\",\"description\":\"Schweizer Fachzeitschrift f\u00fcr Sicherheit\",\"publisher\":{\"@id\":\"https:\\\/\\\/news.save.ch\\\/de\\\/#organization\"},\"potentialAction\":[{\"@type\":\"SearchAction\",\"target\":{\"@type\":\"EntryPoint\",\"urlTemplate\":\"https:\\\/\\\/news.save.ch\\\/de\\\/?s={search_term_string}\"},\"query-input\":{\"@type\":\"PropertyValueSpecification\",\"valueRequired\":true,\"valueName\":\"search_term_string\"}}],\"inLanguage\":\"fr-FR\"},{\"@type\":\"Organization\",\"@id\":\"https:\\\/\\\/news.save.ch\\\/de\\\/#organization\",\"name\":\"Sicherheitsforum\",\"url\":\"https:\\\/\\\/news.save.ch\\\/de\\\/\",\"logo\":{\"@type\":\"ImageObject\",\"inLanguage\":\"fr-FR\",\"@id\":\"https:\\\/\\\/news.save.ch\\\/de\\\/#\\\/schema\\\/logo\\\/image\\\/\",\"url\":\"https:\\\/\\\/news.save.ch\\\/wp-content\\\/uploads\\\/2022\\\/06\\\/Logo_SF_2012.png\",\"contentUrl\":\"https:\\\/\\\/news.save.ch\\\/wp-content\\\/uploads\\\/2022\\\/06\\\/Logo_SF_2012.png\",\"width\":1100,\"height\":91,\"caption\":\"Sicherheitsforum\"},\"image\":{\"@id\":\"https:\\\/\\\/news.save.ch\\\/de\\\/#\\\/schema\\\/logo\\\/image\\\/\"}},{\"@type\":\"Person\",\"@id\":\"https:\\\/\\\/news.save.ch\\\/de\\\/#\\\/schema\\\/person\\\/d49e199490bad7c70d64b9ab51142f2b\",\"name\":\"admin\",\"image\":{\"@type\":\"ImageObject\",\"inLanguage\":\"fr-FR\",\"@id\":\"https:\\\/\\\/secure.gravatar.com\\\/avatar\\\/ae2f4d718e6c49043e314ce431e7e645d646302a24a5ef5a8bc8e3f5a032e319?s=96&d=mm&r=g\",\"url\":\"https:\\\/\\\/secure.gravatar.com\\\/avatar\\\/ae2f4d718e6c49043e314ce431e7e645d646302a24a5ef5a8bc8e3f5a032e319?s=96&d=mm&r=g\",\"contentUrl\":\"https:\\\/\\\/secure.gravatar.com\\\/avatar\\\/ae2f4d718e6c49043e314ce431e7e645d646302a24a5ef5a8bc8e3f5a032e319?s=96&d=mm&r=g\",\"caption\":\"admin\"},\"sameAs\":[\"https:\\\/\\\/develop.organisator.galledia.ch\"],\"url\":\"https:\\\/\\\/news.save.ch\\\/fr\\\/author\\\/admin\\\/\"}]}<\/script>\n<!-- \/ Yoast SEO plugin. -->","yoast_head_json":{"title":"Pourquoi faire de la pr\u00e9vention en mati\u00e8re de sant\u00e9 et de s\u00e9curit\u00e9 au travail ? - Save","description":"Qu'est-ce qui rend une entreprise attrayante ? Une culture d'entreprise positive ou le succ\u00e8s \u00e9conomique sont des arguments possibles.","robots":{"index":"index","follow":"follow","max-snippet":"max-snippet:-1","max-image-preview":"max-image-preview:large","max-video-preview":"max-video-preview:-1"},"canonical":"https:\/\/news.save.ch\/fr\/wozu-praevention-im-arbeits-und-gesundheitsschutz\/","og_locale":"fr_FR","og_type":"article","og_title":"Wozu Pr\u00e4vention im Arbeits- und Gesundheitsschutz? - Save","og_description":"Was macht ein attraktives Unternehmen aus? Eine positive Unternehmenskultur oder wirtschaftlicher Erfolg sind m\u00f6gliche Argumente.","og_url":"https:\/\/news.save.ch\/fr\/wozu-praevention-im-arbeits-und-gesundheitsschutz\/","og_site_name":"Save","article_published_time":"2019-10-24T06:00:58+00:00","article_modified_time":"2023-03-14T08:03:55+00:00","og_image":[{"width":1200,"height":801,"url":"https:\/\/news.save.ch\/wp-content\/uploads\/2019\/10\/Depositphotos_DragonImages-scaled-1.jpg","type":"image\/jpeg"}],"author":"admin","twitter_card":"summary_large_image","twitter_misc":{"\u00c9crit par":"admin","Dur\u00e9e de lecture estim\u00e9e":"1 minute"},"schema":{"@context":"https:\/\/schema.org","@graph":[{"@type":"Article","@id":"https:\/\/news.save.ch\/wozu-praevention-im-arbeits-und-gesundheitsschutz\/#article","isPartOf":{"@id":"https:\/\/news.save.ch\/wozu-praevention-im-arbeits-und-gesundheitsschutz\/"},"author":{"name":"admin","@id":"https:\/\/news.save.ch\/de\/#\/schema\/person\/d49e199490bad7c70d64b9ab51142f2b"},"headline":"Wozu Pr\u00e4vention im Arbeits- und Gesundheitsschutz?","datePublished":"2019-10-24T06:00:58+00:00","dateModified":"2023-03-14T08:03:55+00:00","mainEntityOfPage":{"@id":"https:\/\/news.save.ch\/wozu-praevention-im-arbeits-und-gesundheitsschutz\/"},"wordCount":247,"commentCount":0,"publisher":{"@id":"https:\/\/news.save.ch\/de\/#organization"},"image":{"@id":"https:\/\/news.save.ch\/wozu-praevention-im-arbeits-und-gesundheitsschutz\/#primaryimage"},"thumbnailUrl":"https:\/\/news.save.ch\/wp-content\/uploads\/2019\/10\/Depositphotos_DragonImages-scaled-1.jpg","keywords":["Arbeitssicherheit","Betriebliches Gesundheitsmanagement","Gesundheitsf\u00f6rderung","Gesundheitsschutz","Pr\u00e4vention","Sicherheit","Veranstaltung","Veranstaltungen"],"articleSection":["ALLGEMEIN","HEALTH &amp; SAFETY"],"inLanguage":"fr-FR"},{"@type":"WebPage","@id":"https:\/\/news.save.ch\/wozu-praevention-im-arbeits-und-gesundheitsschutz\/","url":"https:\/\/news.save.ch\/wozu-praevention-im-arbeits-und-gesundheitsschutz\/","name":"Pourquoi faire de la pr\u00e9vention en mati\u00e8re de sant\u00e9 et de s\u00e9curit\u00e9 au travail ? - Save","isPartOf":{"@id":"https:\/\/news.save.ch\/de\/#website"},"primaryImageOfPage":{"@id":"https:\/\/news.save.ch\/wozu-praevention-im-arbeits-und-gesundheitsschutz\/#primaryimage"},"image":{"@id":"https:\/\/news.save.ch\/wozu-praevention-im-arbeits-und-gesundheitsschutz\/#primaryimage"},"thumbnailUrl":"https:\/\/news.save.ch\/wp-content\/uploads\/2019\/10\/Depositphotos_DragonImages-scaled-1.jpg","datePublished":"2019-10-24T06:00:58+00:00","dateModified":"2023-03-14T08:03:55+00:00","description":"Qu'est-ce qui rend une entreprise attrayante ? Une culture d'entreprise positive ou le succ\u00e8s \u00e9conomique sont des arguments possibles.","breadcrumb":{"@id":"https:\/\/news.save.ch\/wozu-praevention-im-arbeits-und-gesundheitsschutz\/#breadcrumb"},"inLanguage":"fr-FR","potentialAction":[{"@type":"ReadAction","target":["https:\/\/news.save.ch\/wozu-praevention-im-arbeits-und-gesundheitsschutz\/"]}]},{"@type":"ImageObject","inLanguage":"fr-FR","@id":"https:\/\/news.save.ch\/wozu-praevention-im-arbeits-und-gesundheitsschutz\/#primaryimage","url":"https:\/\/news.save.ch\/wp-content\/uploads\/2019\/10\/Depositphotos_DragonImages-scaled-1.jpg","contentUrl":"https:\/\/news.save.ch\/wp-content\/uploads\/2019\/10\/Depositphotos_DragonImages-scaled-1.jpg","width":1200,"height":801,"caption":"Der Schutz und die Gesundheit der Mitarbeitenden sollen an erster Stelle stehen. \u00a9Depositphotos\/DragonImages"},{"@type":"BreadcrumbList","@id":"https:\/\/news.save.ch\/wozu-praevention-im-arbeits-und-gesundheitsschutz\/#breadcrumb","itemListElement":[{"@type":"ListItem","position":1,"name":"Home","item":"https:\/\/news.save.ch\/de\/"},{"@type":"ListItem","position":2,"name":"Wozu Pr\u00e4vention im Arbeits- und Gesundheitsschutz?"}]},{"@type":"WebSite","@id":"https:\/\/news.save.ch\/de\/#website","url":"https:\/\/news.save.ch\/de\/","name":"Save","description":"Revue suisse sp\u00e9cialis\u00e9e dans la s\u00e9curit\u00e9","publisher":{"@id":"https:\/\/news.save.ch\/de\/#organization"},"potentialAction":[{"@type":"SearchAction","target":{"@type":"EntryPoint","urlTemplate":"https:\/\/news.save.ch\/de\/?s={search_term_string}"},"query-input":{"@type":"PropertyValueSpecification","valueRequired":true,"valueName":"search_term_string"}}],"inLanguage":"fr-FR"},{"@type":"Organization","@id":"https:\/\/news.save.ch\/de\/#organization","name":"Forum sur la s\u00e9curit\u00e9","url":"https:\/\/news.save.ch\/de\/","logo":{"@type":"ImageObject","inLanguage":"fr-FR","@id":"https:\/\/news.save.ch\/de\/#\/schema\/logo\/image\/","url":"https:\/\/news.save.ch\/wp-content\/uploads\/2022\/06\/Logo_SF_2012.png","contentUrl":"https:\/\/news.save.ch\/wp-content\/uploads\/2022\/06\/Logo_SF_2012.png","width":1100,"height":91,"caption":"Sicherheitsforum"},"image":{"@id":"https:\/\/news.save.ch\/de\/#\/schema\/logo\/image\/"}},{"@type":"Person","@id":"https:\/\/news.save.ch\/de\/#\/schema\/person\/d49e199490bad7c70d64b9ab51142f2b","name":"admin","image":{"@type":"ImageObject","inLanguage":"fr-FR","@id":"https:\/\/secure.gravatar.com\/avatar\/ae2f4d718e6c49043e314ce431e7e645d646302a24a5ef5a8bc8e3f5a032e319?s=96&d=mm&r=g","url":"https:\/\/secure.gravatar.com\/avatar\/ae2f4d718e6c49043e314ce431e7e645d646302a24a5ef5a8bc8e3f5a032e319?s=96&d=mm&r=g","contentUrl":"https:\/\/secure.gravatar.com\/avatar\/ae2f4d718e6c49043e314ce431e7e645d646302a24a5ef5a8bc8e3f5a032e319?s=96&d=mm&r=g","caption":"admin"},"sameAs":["https:\/\/develop.organisator.galledia.ch"],"url":"https:\/\/news.save.ch\/fr\/author\/admin\/"}]}},"_links":{"self":[{"href":"https:\/\/news.save.ch\/fr\/wp-json\/wp\/v2\/posts\/4630","targetHints":{"allow":["GET"]}}],"collection":[{"href":"https:\/\/news.save.ch\/fr\/wp-json\/wp\/v2\/posts"}],"about":[{"href":"https:\/\/news.save.ch\/fr\/wp-json\/wp\/v2\/types\/post"}],"author":[{"embeddable":true,"href":"https:\/\/news.save.ch\/fr\/wp-json\/wp\/v2\/users\/1"}],"replies":[{"embeddable":true,"href":"https:\/\/news.save.ch\/fr\/wp-json\/wp\/v2\/comments?post=4630"}],"version-history":[{"count":1,"href":"https:\/\/news.save.ch\/fr\/wp-json\/wp\/v2\/posts\/4630\/revisions"}],"predecessor-version":[{"id":18235,"href":"https:\/\/news.save.ch\/fr\/wp-json\/wp\/v2\/posts\/4630\/revisions\/18235"}],"wp:featuredmedia":[{"embeddable":true,"href":"https:\/\/news.save.ch\/fr\/wp-json\/wp\/v2\/media\/4632"}],"wp:attachment":[{"href":"https:\/\/news.save.ch\/fr\/wp-json\/wp\/v2\/media?parent=4630"}],"wp:term":[{"taxonomy":"category","embeddable":true,"href":"https:\/\/news.save.ch\/fr\/wp-json\/wp\/v2\/categories?post=4630"},{"taxonomy":"post_tag","embeddable":true,"href":"https:\/\/news.save.ch\/fr\/wp-json\/wp\/v2\/tags?post=4630"}],"curies":[{"name":"wp","href":"https:\/\/api.w.org\/{rel}","templated":true}]}}