{"id":4655,"date":"2017-04-12T11:19:43","date_gmt":"2017-04-12T09:19:43","guid":{"rendered":"https:\/\/news.save.ch\/?p=4655"},"modified":"2017-04-12T11:19:43","modified_gmt":"2017-04-12T09:19:43","slug":"securitas-praesentiert-einsatzstatistik","status":null,"type":"post","link":"https:\/\/news.save.ch\/fr\/securitas-praesentiert-einsatzstatistik\/","title":{"rendered":"Securitas pr\u00e9sente ses statistiques d'intervention"},"content":{"rendered":"<figure id=\"attachment_4656\" aria-describedby=\"caption-attachment-4656\" style=\"width: 680px\" class=\"wp-caption aligncenter\"><img loading=\"lazy\" decoding=\"async\" class=\"size-medium wp-image-4656\" src=\"https:\/\/news.save.ch\/wp-content\/uploads\/2017\/04\/Depositphotos_1022584_xl-2015-scaled-1.jpg\" alt=\"\" width=\"680\" height=\"453\" \/><figcaption id=\"caption-attachment-4656\" class=\"wp-caption-text\">Les collaborateurs ont notamment saisi 1'553 cl\u00e9s rest\u00e9es coinc\u00e9es. \u00a9 depositphotos<\/figcaption><\/figure>\n<p>&nbsp;<\/p>\n<p>En comparaison avec les chiffres de l'ann\u00e9e pr\u00e9c\u00e9dente, les derni\u00e8res statistiques d'intervention montrent par exemple que l'\u00e9quipe du Groupe Securitas a \u00e9galement rendu la Suisse un peu plus calme et plus propre : Ainsi, 829 fauteurs de bruit de plus ont \u00e9t\u00e9 rappel\u00e9s au calme (2016 : 3 155 au total) et 1 385 cas de littering de plus ont \u00e9t\u00e9 signal\u00e9s (2016 : 5 079). Le prestataire de services de s\u00e9curit\u00e9 a en outre contribu\u00e9 \u00e0 \u00e9conomiser de l'\u00e9lectricit\u00e9 : Ainsi, gr\u00e2ce \u00e0 l'intervention de Securitas, on a \u00e9teint au total 14'010 \u00e9clairages de plus (2016 : 1,71 million).<\/p>\n<p>Gr\u00e2ce \u00e0 son savoir-faire technologique en mati\u00e8re de syst\u00e8mes d'alarme et de s\u00e9curit\u00e9, l'entreprise est en outre en mesure de proposer une s\u00e9curit\u00e9 compl\u00e8te 24 heures sur 24 et 365 jours par an. Le prestataire de services de s\u00e9curit\u00e9 l'illustre par ses <a href=\"https:\/\/www.securitas.ch\/fileadmin\/user_upload\/pdf\/aktuell\/Statistikbulletin\/Statistikbulletin2016_dt.pdf\">Statistiques<\/a>:<\/p>\n<ul>\n<li>Alarme imm\u00e9diate (police : 1'761), (pompiers : 418), (services sanitaires : 754), (clients : 2'065)<\/li>\n<li>Observer et intervenir : 355 337 messages t\u00e9l\u00e9phoniques transmis (intervention sur des alarmes, surveillance \u00e0 distance d'images vid\u00e9o, etc.)<\/li>\n<li>Protection contre les incendies et les d\u00e9g\u00e2ts d'eau : 820 incendies \u00e9teints par l'entreprise, 224'479 mesures de pr\u00e9vention des incendies prises, 12'453 robinets d'eau ouverts ferm\u00e9s<\/li>\n<li>Protection contre le vol : 259 207 entr\u00e9es de b\u00e2timents ferm\u00e9es, 1 553 cl\u00e9s rest\u00e9es en place saisies<\/li>\n<li>31'829 Renvoy\u00e9s sans droit<\/li>\n<li>129 232 personnes contr\u00f4l\u00e9es<\/li>\n<li>7 766 \u00e9clairages publics d\u00e9fectueux signal\u00e9s<\/li>\n<li>2'888 fois, les voies d'\u00e9vacuation ont \u00e9t\u00e9 d\u00e9gag\u00e9es<\/li>\n<li>etc.<\/li>\n<\/ul>\n<p>&nbsp;<\/p>\n<p>&nbsp;<\/p>","protected":false},"excerpt":{"rendered":"<p>&nbsp; Im Vergleich zu den Vorjahreszahlen zeige die j\u00fcngste Einsatzstatistik zum Beispiel auf, dass das Team der Securitas Gruppe die Schweiz auch etwas ruhiger und sauberer gemacht habe: So wurden 829 mehr L\u00e4rmverursacher zur Ruhe gemahnt (2016: total 3&#8217;155) und 1&#8217;385 mehr Littering-F\u00e4lle gemeldet (2016: 5&#8217;079). Der Sicherheitsdienstleister habe zudem geholfen, Strom zu sparen: So [&hellip;]<\/p>\n","protected":false},"author":8,"featured_media":4656,"comment_status":"open","ping_status":"open","sticky":false,"template":"","format":"standard","meta":{"_acf_changed":false,"pgc_sgb_lightbox_settings":"","footnotes":""},"categories":[1],"tags":[65],"class_list":["post-4655","post","type-post","status-publish","format-standard","has-post-thumbnail","hentry","category-allgemein","tag-unternehmen"],"acf":[],"hkrextid":null,"publication":null,"issue":null,"workflow":null,"startPage":null,"spitzmarke":null,"_posts_by_tag_page_fields":{"widget_title":"","widget_tags":""},"_at_widget":"1","_yoast_wpseo_primary_category":"1","_yoast_wpseo_focuskw_text_input":"Securitas","_yoast_wpseo_opengraph-image":null,"_yoast_wpseo_opengraph-description":null,"_yoast_wpseo_opengraph-title":null,"enclosure":null,"_yoast_wpseo_twitter-title":null,"_yoast_wpseo_twitter-description":null,"_yoast_wpseo_twitter-image":null,"_wp_old_slug":null,"_yoast_wpseo_title":null,"_yoast_wpseo_canonical":null,"yoast_head":"<!-- This site is optimized with the Yoast SEO plugin v27.5 - https:\/\/yoast.com\/product\/yoast-seo-wordpress\/ -->\n<title>Securitas pr\u00e4sentiert Einsatzstatistik - Save<\/title>\n<meta name=\"description\" content=\"Die Securitas Gruppe hat ihre Einsatzstatistik 2016 pr\u00e4sentiert. Die Sicherheitsdienstleistungen umfassen eine breite Palette.\" \/>\n<meta name=\"robots\" content=\"index, follow, max-snippet:-1, max-image-preview:large, max-video-preview:-1\" \/>\n<link rel=\"canonical\" href=\"https:\/\/news.save.ch\/fr\/securitas-praesentiert-einsatzstatistik\/\" \/>\n<meta property=\"og:locale\" content=\"fr_FR\" \/>\n<meta property=\"og:type\" content=\"article\" \/>\n<meta property=\"og:title\" content=\"Securitas pr\u00e4sentiert Einsatzstatistik - Save\" \/>\n<meta property=\"og:description\" content=\"Die Securitas Gruppe hat ihre Einsatzstatistik 2016 pr\u00e4sentiert. Die Sicherheitsdienstleistungen umfassen eine breite Palette.\" \/>\n<meta property=\"og:url\" content=\"https:\/\/news.save.ch\/fr\/securitas-praesentiert-einsatzstatistik\/\" \/>\n<meta property=\"og:site_name\" content=\"Save\" \/>\n<meta property=\"article:published_time\" content=\"2017-04-12T09:19:43+00:00\" \/>\n<meta property=\"og:image\" content=\"https:\/\/news.save.ch\/wp-content\/uploads\/2017\/04\/Depositphotos_1022584_xl-2015-scaled-1-scaled.jpg\" \/>\n\t<meta property=\"og:image:width\" content=\"1400\" \/>\n\t<meta property=\"og:image:height\" content=\"934\" \/>\n\t<meta property=\"og:image:type\" content=\"image\/jpeg\" \/>\n<meta name=\"author\" content=\"Roger Str\u00e4ssle\" \/>\n<meta name=\"twitter:card\" content=\"summary_large_image\" \/>\n<meta name=\"twitter:label1\" content=\"\u00c9crit par\" \/>\n\t<meta name=\"twitter:data1\" content=\"Roger Str\u00e4ssle\" \/>\n\t<meta name=\"twitter:label2\" content=\"Dur\u00e9e de lecture estim\u00e9e\" \/>\n\t<meta name=\"twitter:data2\" content=\"1 minute\" \/>\n<script type=\"application\/ld+json\" class=\"yoast-schema-graph\">{\"@context\":\"https:\\\/\\\/schema.org\",\"@graph\":[{\"@type\":\"Article\",\"@id\":\"https:\\\/\\\/news.save.ch\\\/securitas-praesentiert-einsatzstatistik\\\/#article\",\"isPartOf\":{\"@id\":\"https:\\\/\\\/news.save.ch\\\/securitas-praesentiert-einsatzstatistik\\\/\"},\"author\":{\"name\":\"Roger Str\u00e4ssle\",\"@id\":\"https:\\\/\\\/news.save.ch\\\/de\\\/#\\\/schema\\\/person\\\/d5022db048e0e2b9785c50e5b24da5aa\"},\"headline\":\"Securitas pr\u00e4sentiert Einsatzstatistik\",\"datePublished\":\"2017-04-12T09:19:43+00:00\",\"mainEntityOfPage\":{\"@id\":\"https:\\\/\\\/news.save.ch\\\/securitas-praesentiert-einsatzstatistik\\\/\"},\"wordCount\":181,\"commentCount\":0,\"publisher\":{\"@id\":\"https:\\\/\\\/news.save.ch\\\/de\\\/#organization\"},\"image\":{\"@id\":\"https:\\\/\\\/news.save.ch\\\/securitas-praesentiert-einsatzstatistik\\\/#primaryimage\"},\"thumbnailUrl\":\"https:\\\/\\\/news.save.ch\\\/wp-content\\\/uploads\\\/2017\\\/04\\\/Depositphotos_1022584_xl-2015-scaled-1-scaled.jpg\",\"keywords\":[\"Unternehmen\"],\"articleSection\":[\"ALLGEMEIN\"],\"inLanguage\":\"fr-FR\"},{\"@type\":\"WebPage\",\"@id\":\"https:\\\/\\\/news.save.ch\\\/securitas-praesentiert-einsatzstatistik\\\/\",\"url\":\"https:\\\/\\\/news.save.ch\\\/securitas-praesentiert-einsatzstatistik\\\/\",\"name\":\"Securitas pr\u00e4sentiert Einsatzstatistik - Save\",\"isPartOf\":{\"@id\":\"https:\\\/\\\/news.save.ch\\\/de\\\/#website\"},\"primaryImageOfPage\":{\"@id\":\"https:\\\/\\\/news.save.ch\\\/securitas-praesentiert-einsatzstatistik\\\/#primaryimage\"},\"image\":{\"@id\":\"https:\\\/\\\/news.save.ch\\\/securitas-praesentiert-einsatzstatistik\\\/#primaryimage\"},\"thumbnailUrl\":\"https:\\\/\\\/news.save.ch\\\/wp-content\\\/uploads\\\/2017\\\/04\\\/Depositphotos_1022584_xl-2015-scaled-1-scaled.jpg\",\"datePublished\":\"2017-04-12T09:19:43+00:00\",\"description\":\"Die Securitas Gruppe hat ihre Einsatzstatistik 2016 pr\u00e4sentiert. Die Sicherheitsdienstleistungen umfassen eine breite Palette.\",\"breadcrumb\":{\"@id\":\"https:\\\/\\\/news.save.ch\\\/securitas-praesentiert-einsatzstatistik\\\/#breadcrumb\"},\"inLanguage\":\"fr-FR\",\"potentialAction\":[{\"@type\":\"ReadAction\",\"target\":[\"https:\\\/\\\/news.save.ch\\\/securitas-praesentiert-einsatzstatistik\\\/\"]}]},{\"@type\":\"ImageObject\",\"inLanguage\":\"fr-FR\",\"@id\":\"https:\\\/\\\/news.save.ch\\\/securitas-praesentiert-einsatzstatistik\\\/#primaryimage\",\"url\":\"https:\\\/\\\/news.save.ch\\\/wp-content\\\/uploads\\\/2017\\\/04\\\/Depositphotos_1022584_xl-2015-scaled-1-scaled.jpg\",\"contentUrl\":\"https:\\\/\\\/news.save.ch\\\/wp-content\\\/uploads\\\/2017\\\/04\\\/Depositphotos_1022584_xl-2015-scaled-1-scaled.jpg\",\"width\":1400,\"height\":934,\"caption\":\"\u00a9 depositphotos\"},{\"@type\":\"BreadcrumbList\",\"@id\":\"https:\\\/\\\/news.save.ch\\\/securitas-praesentiert-einsatzstatistik\\\/#breadcrumb\",\"itemListElement\":[{\"@type\":\"ListItem\",\"position\":1,\"name\":\"Home\",\"item\":\"https:\\\/\\\/news.save.ch\\\/de\\\/\"},{\"@type\":\"ListItem\",\"position\":2,\"name\":\"Securitas pr\u00e4sentiert Einsatzstatistik\"}]},{\"@type\":\"WebSite\",\"@id\":\"https:\\\/\\\/news.save.ch\\\/de\\\/#website\",\"url\":\"https:\\\/\\\/news.save.ch\\\/de\\\/\",\"name\":\"Save\",\"description\":\"Schweizer Fachzeitschrift f\u00fcr Sicherheit\",\"publisher\":{\"@id\":\"https:\\\/\\\/news.save.ch\\\/de\\\/#organization\"},\"potentialAction\":[{\"@type\":\"SearchAction\",\"target\":{\"@type\":\"EntryPoint\",\"urlTemplate\":\"https:\\\/\\\/news.save.ch\\\/de\\\/?s={search_term_string}\"},\"query-input\":{\"@type\":\"PropertyValueSpecification\",\"valueRequired\":true,\"valueName\":\"search_term_string\"}}],\"inLanguage\":\"fr-FR\"},{\"@type\":\"Organization\",\"@id\":\"https:\\\/\\\/news.save.ch\\\/de\\\/#organization\",\"name\":\"Sicherheitsforum\",\"url\":\"https:\\\/\\\/news.save.ch\\\/de\\\/\",\"logo\":{\"@type\":\"ImageObject\",\"inLanguage\":\"fr-FR\",\"@id\":\"https:\\\/\\\/news.save.ch\\\/de\\\/#\\\/schema\\\/logo\\\/image\\\/\",\"url\":\"https:\\\/\\\/news.save.ch\\\/wp-content\\\/uploads\\\/2022\\\/06\\\/Logo_SF_2012.png\",\"contentUrl\":\"https:\\\/\\\/news.save.ch\\\/wp-content\\\/uploads\\\/2022\\\/06\\\/Logo_SF_2012.png\",\"width\":1100,\"height\":91,\"caption\":\"Sicherheitsforum\"},\"image\":{\"@id\":\"https:\\\/\\\/news.save.ch\\\/de\\\/#\\\/schema\\\/logo\\\/image\\\/\"}},{\"@type\":\"Person\",\"@id\":\"https:\\\/\\\/news.save.ch\\\/de\\\/#\\\/schema\\\/person\\\/d5022db048e0e2b9785c50e5b24da5aa\",\"name\":\"Roger Str\u00e4ssle\",\"image\":{\"@type\":\"ImageObject\",\"inLanguage\":\"fr-FR\",\"@id\":\"https:\\\/\\\/secure.gravatar.com\\\/avatar\\\/862a5569d087de48e5856e32f45d719a03804c891d6deb8d4f71a660e79e4a47?s=96&d=mm&r=g\",\"url\":\"https:\\\/\\\/secure.gravatar.com\\\/avatar\\\/862a5569d087de48e5856e32f45d719a03804c891d6deb8d4f71a660e79e4a47?s=96&d=mm&r=g\",\"contentUrl\":\"https:\\\/\\\/secure.gravatar.com\\\/avatar\\\/862a5569d087de48e5856e32f45d719a03804c891d6deb8d4f71a660e79e4a47?s=96&d=mm&r=g\",\"caption\":\"Roger Str\u00e4ssle\"},\"url\":\"https:\\\/\\\/news.save.ch\\\/fr\\\/author\\\/roger-straessle\\\/\"}]}<\/script>\n<!-- \/ Yoast SEO plugin. -->","yoast_head_json":{"title":"Securitas pr\u00e9sente ses statistiques d'intervention - Save","description":"Le Groupe Securitas a pr\u00e9sent\u00e9 ses statistiques d'intervention 2016. Les prestations de s\u00e9curit\u00e9 couvrent une large palette.","robots":{"index":"index","follow":"follow","max-snippet":"max-snippet:-1","max-image-preview":"max-image-preview:large","max-video-preview":"max-video-preview:-1"},"canonical":"https:\/\/news.save.ch\/fr\/securitas-praesentiert-einsatzstatistik\/","og_locale":"fr_FR","og_type":"article","og_title":"Securitas pr\u00e4sentiert Einsatzstatistik - Save","og_description":"Die Securitas Gruppe hat ihre Einsatzstatistik 2016 pr\u00e4sentiert. Die Sicherheitsdienstleistungen umfassen eine breite Palette.","og_url":"https:\/\/news.save.ch\/fr\/securitas-praesentiert-einsatzstatistik\/","og_site_name":"Save","article_published_time":"2017-04-12T09:19:43+00:00","og_image":[{"width":1400,"height":934,"url":"https:\/\/news.save.ch\/wp-content\/uploads\/2017\/04\/Depositphotos_1022584_xl-2015-scaled-1-scaled.jpg","type":"image\/jpeg"}],"author":"Roger Str\u00e4ssle","twitter_card":"summary_large_image","twitter_misc":{"\u00c9crit par":"Roger Str\u00e4ssle","Dur\u00e9e de lecture estim\u00e9e":"1 minute"},"schema":{"@context":"https:\/\/schema.org","@graph":[{"@type":"Article","@id":"https:\/\/news.save.ch\/securitas-praesentiert-einsatzstatistik\/#article","isPartOf":{"@id":"https:\/\/news.save.ch\/securitas-praesentiert-einsatzstatistik\/"},"author":{"name":"Roger Str\u00e4ssle","@id":"https:\/\/news.save.ch\/de\/#\/schema\/person\/d5022db048e0e2b9785c50e5b24da5aa"},"headline":"Securitas pr\u00e4sentiert Einsatzstatistik","datePublished":"2017-04-12T09:19:43+00:00","mainEntityOfPage":{"@id":"https:\/\/news.save.ch\/securitas-praesentiert-einsatzstatistik\/"},"wordCount":181,"commentCount":0,"publisher":{"@id":"https:\/\/news.save.ch\/de\/#organization"},"image":{"@id":"https:\/\/news.save.ch\/securitas-praesentiert-einsatzstatistik\/#primaryimage"},"thumbnailUrl":"https:\/\/news.save.ch\/wp-content\/uploads\/2017\/04\/Depositphotos_1022584_xl-2015-scaled-1-scaled.jpg","keywords":["Unternehmen"],"articleSection":["ALLGEMEIN"],"inLanguage":"fr-FR"},{"@type":"WebPage","@id":"https:\/\/news.save.ch\/securitas-praesentiert-einsatzstatistik\/","url":"https:\/\/news.save.ch\/securitas-praesentiert-einsatzstatistik\/","name":"Securitas pr\u00e9sente ses statistiques d'intervention - Save","isPartOf":{"@id":"https:\/\/news.save.ch\/de\/#website"},"primaryImageOfPage":{"@id":"https:\/\/news.save.ch\/securitas-praesentiert-einsatzstatistik\/#primaryimage"},"image":{"@id":"https:\/\/news.save.ch\/securitas-praesentiert-einsatzstatistik\/#primaryimage"},"thumbnailUrl":"https:\/\/news.save.ch\/wp-content\/uploads\/2017\/04\/Depositphotos_1022584_xl-2015-scaled-1-scaled.jpg","datePublished":"2017-04-12T09:19:43+00:00","description":"Le Groupe Securitas a pr\u00e9sent\u00e9 ses statistiques d'intervention 2016. Les prestations de s\u00e9curit\u00e9 couvrent une large palette.","breadcrumb":{"@id":"https:\/\/news.save.ch\/securitas-praesentiert-einsatzstatistik\/#breadcrumb"},"inLanguage":"fr-FR","potentialAction":[{"@type":"ReadAction","target":["https:\/\/news.save.ch\/securitas-praesentiert-einsatzstatistik\/"]}]},{"@type":"ImageObject","inLanguage":"fr-FR","@id":"https:\/\/news.save.ch\/securitas-praesentiert-einsatzstatistik\/#primaryimage","url":"https:\/\/news.save.ch\/wp-content\/uploads\/2017\/04\/Depositphotos_1022584_xl-2015-scaled-1-scaled.jpg","contentUrl":"https:\/\/news.save.ch\/wp-content\/uploads\/2017\/04\/Depositphotos_1022584_xl-2015-scaled-1-scaled.jpg","width":1400,"height":934,"caption":"\u00a9 depositphotos"},{"@type":"BreadcrumbList","@id":"https:\/\/news.save.ch\/securitas-praesentiert-einsatzstatistik\/#breadcrumb","itemListElement":[{"@type":"ListItem","position":1,"name":"Home","item":"https:\/\/news.save.ch\/de\/"},{"@type":"ListItem","position":2,"name":"Securitas pr\u00e4sentiert Einsatzstatistik"}]},{"@type":"WebSite","@id":"https:\/\/news.save.ch\/de\/#website","url":"https:\/\/news.save.ch\/de\/","name":"Save","description":"Revue suisse sp\u00e9cialis\u00e9e dans la s\u00e9curit\u00e9","publisher":{"@id":"https:\/\/news.save.ch\/de\/#organization"},"potentialAction":[{"@type":"SearchAction","target":{"@type":"EntryPoint","urlTemplate":"https:\/\/news.save.ch\/de\/?s={search_term_string}"},"query-input":{"@type":"PropertyValueSpecification","valueRequired":true,"valueName":"search_term_string"}}],"inLanguage":"fr-FR"},{"@type":"Organization","@id":"https:\/\/news.save.ch\/de\/#organization","name":"Forum sur la s\u00e9curit\u00e9","url":"https:\/\/news.save.ch\/de\/","logo":{"@type":"ImageObject","inLanguage":"fr-FR","@id":"https:\/\/news.save.ch\/de\/#\/schema\/logo\/image\/","url":"https:\/\/news.save.ch\/wp-content\/uploads\/2022\/06\/Logo_SF_2012.png","contentUrl":"https:\/\/news.save.ch\/wp-content\/uploads\/2022\/06\/Logo_SF_2012.png","width":1100,"height":91,"caption":"Sicherheitsforum"},"image":{"@id":"https:\/\/news.save.ch\/de\/#\/schema\/logo\/image\/"}},{"@type":"Person","@id":"https:\/\/news.save.ch\/de\/#\/schema\/person\/d5022db048e0e2b9785c50e5b24da5aa","name":"Roger Str\u00e4ssle","image":{"@type":"ImageObject","inLanguage":"fr-FR","@id":"https:\/\/secure.gravatar.com\/avatar\/862a5569d087de48e5856e32f45d719a03804c891d6deb8d4f71a660e79e4a47?s=96&d=mm&r=g","url":"https:\/\/secure.gravatar.com\/avatar\/862a5569d087de48e5856e32f45d719a03804c891d6deb8d4f71a660e79e4a47?s=96&d=mm&r=g","contentUrl":"https:\/\/secure.gravatar.com\/avatar\/862a5569d087de48e5856e32f45d719a03804c891d6deb8d4f71a660e79e4a47?s=96&d=mm&r=g","caption":"Roger Str\u00e4ssle"},"url":"https:\/\/news.save.ch\/fr\/author\/roger-straessle\/"}]}},"_links":{"self":[{"href":"https:\/\/news.save.ch\/fr\/wp-json\/wp\/v2\/posts\/4655","targetHints":{"allow":["GET"]}}],"collection":[{"href":"https:\/\/news.save.ch\/fr\/wp-json\/wp\/v2\/posts"}],"about":[{"href":"https:\/\/news.save.ch\/fr\/wp-json\/wp\/v2\/types\/post"}],"author":[{"embeddable":true,"href":"https:\/\/news.save.ch\/fr\/wp-json\/wp\/v2\/users\/8"}],"replies":[{"embeddable":true,"href":"https:\/\/news.save.ch\/fr\/wp-json\/wp\/v2\/comments?post=4655"}],"version-history":[{"count":0,"href":"https:\/\/news.save.ch\/fr\/wp-json\/wp\/v2\/posts\/4655\/revisions"}],"wp:featuredmedia":[{"embeddable":true,"href":"https:\/\/news.save.ch\/fr\/wp-json\/wp\/v2\/media\/4656"}],"wp:attachment":[{"href":"https:\/\/news.save.ch\/fr\/wp-json\/wp\/v2\/media?parent=4655"}],"wp:term":[{"taxonomy":"category","embeddable":true,"href":"https:\/\/news.save.ch\/fr\/wp-json\/wp\/v2\/categories?post=4655"},{"taxonomy":"post_tag","embeddable":true,"href":"https:\/\/news.save.ch\/fr\/wp-json\/wp\/v2\/tags?post=4655"}],"curies":[{"name":"wp","href":"https:\/\/api.w.org\/{rel}","templated":true}]}}