{"id":4700,"date":"2017-04-21T09:31:11","date_gmt":"2017-04-21T07:31:11","guid":{"rendered":"https:\/\/news.save.ch\/?p=4700"},"modified":"2023-03-14T08:57:05","modified_gmt":"2023-03-14T07:57:05","slug":"internet-der-dinge-sicherheitsaspekte-werden-ignoriert","status":null,"type":"post","link":"https:\/\/news.save.ch\/fr\/internet-der-dinge-sicherheitsaspekte-werden-ignoriert\/","title":{"rendered":"Internet des objets : les aspects de s\u00e9curit\u00e9 sont ignor\u00e9s"},"content":{"rendered":"<figure id=\"attachment_4702\" aria-describedby=\"caption-attachment-4702\" style=\"width: 680px\" class=\"wp-caption aligncenter\"><img loading=\"lazy\" decoding=\"async\" class=\"size-medium wp-image-4702\" src=\"https:\/\/news.save.ch\/wp-content\/uploads\/2017\/04\/Depositphotos_IoT.jpg\" alt=\"\" width=\"680\" height=\"437\" \/><figcaption id=\"caption-attachment-4702\" class=\"wp-caption-text\">\u00a9 depositphotos<\/figcaption><\/figure>\n<p>En 2016, on estimait d\u00e9j\u00e0 \u00e0 plus de 6 milliards le nombre d'appareils connect\u00e9s \u00e0 Internet et faisant partie de l'Internet des objets. D'ici 2020, ce chiffre devrait atteindre 20 milliards. Des \"wearables\", applications port\u00e9es sur le corps ou cousues dans les v\u00eatements, comme par exemple les montres intelligentes ou les trackers de fitness, aux voitures autopilot\u00e9es et aux syst\u00e8mes de commande de grands complexes immobiliers, tout est connect\u00e9 \u00e0 Internet. Mais souvent, les fabricants et les utilisateurs ne se soucient pas assez des aspects de s\u00e9curit\u00e9. Le rapport qui vient d'\u00eatre publi\u00e9 <a href=\"https:\/\/www.melani.admin.ch\/melani\/de\/home\/dokumentation\/berichte\/lageberichte\/halbjahresbericht-2016-2.html\">24e rapport semestriel<\/a> de la Centrale d'enregistrement et d'analyse pour la s\u00fbret\u00e9 de l'information (Melani) expose la probl\u00e9matique et donne des recommandations pour une utilisation s\u00fbre de l'Internet des objets.<\/p>\n<p><strong>La Suisse, cible indirecte du cyberespionnage<\/strong><\/p>\n<p>Au cours du deuxi\u00e8me semestre 2016, des campagnes de cyberespionnage ont \u00e9t\u00e9 rendues publiques, qui ont certes un lien avec la Suisse, mais pour lesquelles notre pays n'\u00e9tait pas la cible r\u00e9elle de ces op\u00e9rations. Ainsi, l'Agence mondiale antidopage et le Tribunal international du sport, entre autres, ont \u00e9t\u00e9 au centre de l'attention, et donc indirectement aussi la Suisse, puisque ce dernier a son si\u00e8ge \u00e0 Lausanne. Dans le cas de l'Agence mondiale antidopage, la cible \u00e9vidente \u00e9tait les donn\u00e9es antidopage de certains sportifs dans le monde entier. Lors d'une autre attaque, qui remonte \u00e0 plus longtemps mais qui vient seulement d'\u00eatre r\u00e9v\u00e9l\u00e9e par la publication du groupe \"Shadow Brokers\", trois serveurs de l'Universit\u00e9 de Gen\u00e8ve ont notamment \u00e9t\u00e9 touch\u00e9s. Le rapport semestriel met en lumi\u00e8re ces attaques et indique les raisons pour lesquelles la Suisse peut \u00e9galement devenir une cible indirecte du cyberespionnage.<\/p>\n<p><strong>Poursuite des tentatives d'escroquerie et des attaques de chantage\u00a0<\/strong><\/p>\n<p>Au cours du deuxi\u00e8me semestre 2016, Melani a \u00e9galement observ\u00e9 de nombreux cas de tentatives de cyber-escroquerie, qui peuvent faire perdre beaucoup d'argent aux entreprises notamment. Les attaques DDoS et les chevaux de Troie de cryptage sont \u00e9galement toujours tr\u00e8s pris\u00e9s par les pirates pour extorquer de l'argent aux victimes. Le pr\u00e9sent rapport se penche sur cette th\u00e9matique, d\u00e9crit quelques incidents et contient des recommandations pour se prot\u00e9ger contre de telles attaques.<\/p>\n<p><em>Communiqu\u00e9 de presse Centrale d'enregistrement et d'analyse pour la s\u00fbret\u00e9 de l'information<\/em><\/p>","protected":false},"excerpt":{"rendered":"<p>Sch\u00e4tzungen zufolge waren 2016 bereits \u00fcber 6 Milliarden Ger\u00e4te ans Internet angeschlossen, die dem Internet der Dinge zuzuordnen sind. Bis ins Jahr 2020 sollen es rund 20 Milliarden sein. Von sogenannten \u00abWearables\u00bb, am K\u00f6rper getragene oder in Kleider eingen\u00e4hte Anwendungen wie beispielsweise Smartwatches oder Fitnesstracker, \u00fcber selbstfahrende Autos bis hin zu Steuerungsanlagen grosser Geb\u00e4udekomplexe wird [&hellip;]<\/p>\n","protected":false},"author":8,"featured_media":4702,"comment_status":"open","ping_status":"open","sticky":false,"template":"","format":"standard","meta":{"_acf_changed":false,"pgc_sgb_lightbox_settings":"","footnotes":""},"categories":[3313],"tags":[96,62],"class_list":["post-4700","post","type-post","status-publish","format-standard","has-post-thumbnail","hentry","category-digitalisierung","tag-cyber-crime","tag-ict-sicherheit"],"acf":[],"hkrextid":null,"publication":null,"issue":null,"workflow":null,"startPage":null,"spitzmarke":null,"_posts_by_tag_page_fields":{"widget_title":"","widget_tags":""},"_at_widget":"1","_yoast_wpseo_primary_category":"2","_yoast_wpseo_focuskw_text_input":"Halbjahresbericht","_yoast_wpseo_opengraph-image":null,"_yoast_wpseo_opengraph-description":null,"_yoast_wpseo_opengraph-title":null,"enclosure":null,"_yoast_wpseo_twitter-title":null,"_yoast_wpseo_twitter-description":null,"_yoast_wpseo_twitter-image":null,"_wp_old_slug":null,"_yoast_wpseo_title":null,"_yoast_wpseo_canonical":null,"yoast_head":"<!-- This site is optimized with the Yoast SEO plugin v27.5 - https:\/\/yoast.com\/product\/yoast-seo-wordpress\/ -->\n<title>Internet der Dinge: Sicherheitsaspekte werden ignoriert - Save<\/title>\n<meta name=\"description\" content=\"Die Melde- und Analysestelle Informationssicherung hat soeben dern 24. Halbjahresbericht ver\u00f6ffentlicht und greift darin das Thema Internet der Dinge auf.\" \/>\n<meta name=\"robots\" content=\"index, follow, max-snippet:-1, max-image-preview:large, max-video-preview:-1\" \/>\n<link rel=\"canonical\" href=\"https:\/\/news.save.ch\/fr\/internet-der-dinge-sicherheitsaspekte-werden-ignoriert\/\" \/>\n<meta property=\"og:locale\" content=\"fr_FR\" \/>\n<meta property=\"og:type\" content=\"article\" \/>\n<meta property=\"og:title\" content=\"Internet der Dinge: Sicherheitsaspekte werden ignoriert - Save\" \/>\n<meta property=\"og:description\" content=\"Die Melde- und Analysestelle Informationssicherung hat soeben dern 24. Halbjahresbericht ver\u00f6ffentlicht und greift darin das Thema Internet der Dinge auf.\" \/>\n<meta property=\"og:url\" content=\"https:\/\/news.save.ch\/fr\/internet-der-dinge-sicherheitsaspekte-werden-ignoriert\/\" \/>\n<meta property=\"og:site_name\" content=\"Save\" \/>\n<meta property=\"article:published_time\" content=\"2017-04-21T07:31:11+00:00\" \/>\n<meta property=\"article:modified_time\" content=\"2023-03-14T07:57:05+00:00\" \/>\n<meta property=\"og:image\" content=\"https:\/\/news.save.ch\/wp-content\/uploads\/2017\/04\/Depositphotos_IoT-scaled.jpg\" \/>\n\t<meta property=\"og:image:width\" content=\"1400\" \/>\n\t<meta property=\"og:image:height\" content=\"899\" \/>\n\t<meta property=\"og:image:type\" content=\"image\/jpeg\" \/>\n<meta name=\"author\" content=\"Roger Str\u00e4ssle\" \/>\n<meta name=\"twitter:card\" content=\"summary_large_image\" \/>\n<meta name=\"twitter:label1\" content=\"\u00c9crit par\" \/>\n\t<meta name=\"twitter:data1\" content=\"Roger Str\u00e4ssle\" \/>\n\t<meta name=\"twitter:label2\" content=\"Dur\u00e9e de lecture estim\u00e9e\" \/>\n\t<meta name=\"twitter:data2\" content=\"2 minutes\" \/>\n<script type=\"application\/ld+json\" class=\"yoast-schema-graph\">{\"@context\":\"https:\\\/\\\/schema.org\",\"@graph\":[{\"@type\":\"Article\",\"@id\":\"https:\\\/\\\/news.save.ch\\\/internet-der-dinge-sicherheitsaspekte-werden-ignoriert\\\/#article\",\"isPartOf\":{\"@id\":\"https:\\\/\\\/news.save.ch\\\/internet-der-dinge-sicherheitsaspekte-werden-ignoriert\\\/\"},\"author\":{\"name\":\"Roger Str\u00e4ssle\",\"@id\":\"https:\\\/\\\/news.save.ch\\\/de\\\/#\\\/schema\\\/person\\\/d5022db048e0e2b9785c50e5b24da5aa\"},\"headline\":\"Internet der Dinge: Sicherheitsaspekte werden ignoriert\",\"datePublished\":\"2017-04-21T07:31:11+00:00\",\"dateModified\":\"2023-03-14T07:57:05+00:00\",\"mainEntityOfPage\":{\"@id\":\"https:\\\/\\\/news.save.ch\\\/internet-der-dinge-sicherheitsaspekte-werden-ignoriert\\\/\"},\"wordCount\":316,\"commentCount\":0,\"publisher\":{\"@id\":\"https:\\\/\\\/news.save.ch\\\/de\\\/#organization\"},\"image\":{\"@id\":\"https:\\\/\\\/news.save.ch\\\/internet-der-dinge-sicherheitsaspekte-werden-ignoriert\\\/#primaryimage\"},\"thumbnailUrl\":\"https:\\\/\\\/news.save.ch\\\/wp-content\\\/uploads\\\/2017\\\/04\\\/Depositphotos_IoT-scaled.jpg\",\"keywords\":[\"Cyber-Crime\",\"ICT-Sicherheit\"],\"articleSection\":[\"DIGITALISIERUNG\"],\"inLanguage\":\"fr-FR\"},{\"@type\":\"WebPage\",\"@id\":\"https:\\\/\\\/news.save.ch\\\/internet-der-dinge-sicherheitsaspekte-werden-ignoriert\\\/\",\"url\":\"https:\\\/\\\/news.save.ch\\\/internet-der-dinge-sicherheitsaspekte-werden-ignoriert\\\/\",\"name\":\"Internet der Dinge: Sicherheitsaspekte werden ignoriert - Save\",\"isPartOf\":{\"@id\":\"https:\\\/\\\/news.save.ch\\\/de\\\/#website\"},\"primaryImageOfPage\":{\"@id\":\"https:\\\/\\\/news.save.ch\\\/internet-der-dinge-sicherheitsaspekte-werden-ignoriert\\\/#primaryimage\"},\"image\":{\"@id\":\"https:\\\/\\\/news.save.ch\\\/internet-der-dinge-sicherheitsaspekte-werden-ignoriert\\\/#primaryimage\"},\"thumbnailUrl\":\"https:\\\/\\\/news.save.ch\\\/wp-content\\\/uploads\\\/2017\\\/04\\\/Depositphotos_IoT-scaled.jpg\",\"datePublished\":\"2017-04-21T07:31:11+00:00\",\"dateModified\":\"2023-03-14T07:57:05+00:00\",\"description\":\"Die Melde- und Analysestelle Informationssicherung hat soeben dern 24. Halbjahresbericht ver\u00f6ffentlicht und greift darin das Thema Internet der Dinge auf.\",\"breadcrumb\":{\"@id\":\"https:\\\/\\\/news.save.ch\\\/internet-der-dinge-sicherheitsaspekte-werden-ignoriert\\\/#breadcrumb\"},\"inLanguage\":\"fr-FR\",\"potentialAction\":[{\"@type\":\"ReadAction\",\"target\":[\"https:\\\/\\\/news.save.ch\\\/internet-der-dinge-sicherheitsaspekte-werden-ignoriert\\\/\"]}]},{\"@type\":\"ImageObject\",\"inLanguage\":\"fr-FR\",\"@id\":\"https:\\\/\\\/news.save.ch\\\/internet-der-dinge-sicherheitsaspekte-werden-ignoriert\\\/#primaryimage\",\"url\":\"https:\\\/\\\/news.save.ch\\\/wp-content\\\/uploads\\\/2017\\\/04\\\/Depositphotos_IoT-scaled.jpg\",\"contentUrl\":\"https:\\\/\\\/news.save.ch\\\/wp-content\\\/uploads\\\/2017\\\/04\\\/Depositphotos_IoT-scaled.jpg\",\"width\":1400,\"height\":899,\"caption\":\"\u00a9 depositphotos\"},{\"@type\":\"BreadcrumbList\",\"@id\":\"https:\\\/\\\/news.save.ch\\\/internet-der-dinge-sicherheitsaspekte-werden-ignoriert\\\/#breadcrumb\",\"itemListElement\":[{\"@type\":\"ListItem\",\"position\":1,\"name\":\"Home\",\"item\":\"https:\\\/\\\/news.save.ch\\\/de\\\/\"},{\"@type\":\"ListItem\",\"position\":2,\"name\":\"Internet der Dinge: Sicherheitsaspekte werden ignoriert\"}]},{\"@type\":\"WebSite\",\"@id\":\"https:\\\/\\\/news.save.ch\\\/de\\\/#website\",\"url\":\"https:\\\/\\\/news.save.ch\\\/de\\\/\",\"name\":\"Save\",\"description\":\"Schweizer Fachzeitschrift f\u00fcr Sicherheit\",\"publisher\":{\"@id\":\"https:\\\/\\\/news.save.ch\\\/de\\\/#organization\"},\"potentialAction\":[{\"@type\":\"SearchAction\",\"target\":{\"@type\":\"EntryPoint\",\"urlTemplate\":\"https:\\\/\\\/news.save.ch\\\/de\\\/?s={search_term_string}\"},\"query-input\":{\"@type\":\"PropertyValueSpecification\",\"valueRequired\":true,\"valueName\":\"search_term_string\"}}],\"inLanguage\":\"fr-FR\"},{\"@type\":\"Organization\",\"@id\":\"https:\\\/\\\/news.save.ch\\\/de\\\/#organization\",\"name\":\"Sicherheitsforum\",\"url\":\"https:\\\/\\\/news.save.ch\\\/de\\\/\",\"logo\":{\"@type\":\"ImageObject\",\"inLanguage\":\"fr-FR\",\"@id\":\"https:\\\/\\\/news.save.ch\\\/de\\\/#\\\/schema\\\/logo\\\/image\\\/\",\"url\":\"https:\\\/\\\/news.save.ch\\\/wp-content\\\/uploads\\\/2022\\\/06\\\/Logo_SF_2012.png\",\"contentUrl\":\"https:\\\/\\\/news.save.ch\\\/wp-content\\\/uploads\\\/2022\\\/06\\\/Logo_SF_2012.png\",\"width\":1100,\"height\":91,\"caption\":\"Sicherheitsforum\"},\"image\":{\"@id\":\"https:\\\/\\\/news.save.ch\\\/de\\\/#\\\/schema\\\/logo\\\/image\\\/\"}},{\"@type\":\"Person\",\"@id\":\"https:\\\/\\\/news.save.ch\\\/de\\\/#\\\/schema\\\/person\\\/d5022db048e0e2b9785c50e5b24da5aa\",\"name\":\"Roger Str\u00e4ssle\",\"image\":{\"@type\":\"ImageObject\",\"inLanguage\":\"fr-FR\",\"@id\":\"https:\\\/\\\/secure.gravatar.com\\\/avatar\\\/862a5569d087de48e5856e32f45d719a03804c891d6deb8d4f71a660e79e4a47?s=96&d=mm&r=g\",\"url\":\"https:\\\/\\\/secure.gravatar.com\\\/avatar\\\/862a5569d087de48e5856e32f45d719a03804c891d6deb8d4f71a660e79e4a47?s=96&d=mm&r=g\",\"contentUrl\":\"https:\\\/\\\/secure.gravatar.com\\\/avatar\\\/862a5569d087de48e5856e32f45d719a03804c891d6deb8d4f71a660e79e4a47?s=96&d=mm&r=g\",\"caption\":\"Roger Str\u00e4ssle\"},\"url\":\"https:\\\/\\\/news.save.ch\\\/fr\\\/author\\\/roger-straessle\\\/\"}]}<\/script>\n<!-- \/ Yoast SEO plugin. -->","yoast_head_json":{"title":"Internet des objets : les aspects s\u00e9curitaires sont ignor\u00e9s - Save","description":"La Centrale d'enregistrement et d'analyse pour la s\u00fbret\u00e9 de l'information vient de publier son 24e rapport semestriel, dans lequel elle aborde le th\u00e8me de l'Internet des objets.","robots":{"index":"index","follow":"follow","max-snippet":"max-snippet:-1","max-image-preview":"max-image-preview:large","max-video-preview":"max-video-preview:-1"},"canonical":"https:\/\/news.save.ch\/fr\/internet-der-dinge-sicherheitsaspekte-werden-ignoriert\/","og_locale":"fr_FR","og_type":"article","og_title":"Internet der Dinge: Sicherheitsaspekte werden ignoriert - Save","og_description":"Die Melde- und Analysestelle Informationssicherung hat soeben dern 24. Halbjahresbericht ver\u00f6ffentlicht und greift darin das Thema Internet der Dinge auf.","og_url":"https:\/\/news.save.ch\/fr\/internet-der-dinge-sicherheitsaspekte-werden-ignoriert\/","og_site_name":"Save","article_published_time":"2017-04-21T07:31:11+00:00","article_modified_time":"2023-03-14T07:57:05+00:00","og_image":[{"width":1400,"height":899,"url":"https:\/\/news.save.ch\/wp-content\/uploads\/2017\/04\/Depositphotos_IoT-scaled.jpg","type":"image\/jpeg"}],"author":"Roger Str\u00e4ssle","twitter_card":"summary_large_image","twitter_misc":{"\u00c9crit par":"Roger Str\u00e4ssle","Dur\u00e9e de lecture estim\u00e9e":"2 minutes"},"schema":{"@context":"https:\/\/schema.org","@graph":[{"@type":"Article","@id":"https:\/\/news.save.ch\/internet-der-dinge-sicherheitsaspekte-werden-ignoriert\/#article","isPartOf":{"@id":"https:\/\/news.save.ch\/internet-der-dinge-sicherheitsaspekte-werden-ignoriert\/"},"author":{"name":"Roger Str\u00e4ssle","@id":"https:\/\/news.save.ch\/de\/#\/schema\/person\/d5022db048e0e2b9785c50e5b24da5aa"},"headline":"Internet der Dinge: Sicherheitsaspekte werden ignoriert","datePublished":"2017-04-21T07:31:11+00:00","dateModified":"2023-03-14T07:57:05+00:00","mainEntityOfPage":{"@id":"https:\/\/news.save.ch\/internet-der-dinge-sicherheitsaspekte-werden-ignoriert\/"},"wordCount":316,"commentCount":0,"publisher":{"@id":"https:\/\/news.save.ch\/de\/#organization"},"image":{"@id":"https:\/\/news.save.ch\/internet-der-dinge-sicherheitsaspekte-werden-ignoriert\/#primaryimage"},"thumbnailUrl":"https:\/\/news.save.ch\/wp-content\/uploads\/2017\/04\/Depositphotos_IoT-scaled.jpg","keywords":["Cyber-Crime","ICT-Sicherheit"],"articleSection":["DIGITALISIERUNG"],"inLanguage":"fr-FR"},{"@type":"WebPage","@id":"https:\/\/news.save.ch\/internet-der-dinge-sicherheitsaspekte-werden-ignoriert\/","url":"https:\/\/news.save.ch\/internet-der-dinge-sicherheitsaspekte-werden-ignoriert\/","name":"Internet des objets : les aspects s\u00e9curitaires sont ignor\u00e9s - Save","isPartOf":{"@id":"https:\/\/news.save.ch\/de\/#website"},"primaryImageOfPage":{"@id":"https:\/\/news.save.ch\/internet-der-dinge-sicherheitsaspekte-werden-ignoriert\/#primaryimage"},"image":{"@id":"https:\/\/news.save.ch\/internet-der-dinge-sicherheitsaspekte-werden-ignoriert\/#primaryimage"},"thumbnailUrl":"https:\/\/news.save.ch\/wp-content\/uploads\/2017\/04\/Depositphotos_IoT-scaled.jpg","datePublished":"2017-04-21T07:31:11+00:00","dateModified":"2023-03-14T07:57:05+00:00","description":"La Centrale d'enregistrement et d'analyse pour la s\u00fbret\u00e9 de l'information vient de publier son 24e rapport semestriel, dans lequel elle aborde le th\u00e8me de l'Internet des objets.","breadcrumb":{"@id":"https:\/\/news.save.ch\/internet-der-dinge-sicherheitsaspekte-werden-ignoriert\/#breadcrumb"},"inLanguage":"fr-FR","potentialAction":[{"@type":"ReadAction","target":["https:\/\/news.save.ch\/internet-der-dinge-sicherheitsaspekte-werden-ignoriert\/"]}]},{"@type":"ImageObject","inLanguage":"fr-FR","@id":"https:\/\/news.save.ch\/internet-der-dinge-sicherheitsaspekte-werden-ignoriert\/#primaryimage","url":"https:\/\/news.save.ch\/wp-content\/uploads\/2017\/04\/Depositphotos_IoT-scaled.jpg","contentUrl":"https:\/\/news.save.ch\/wp-content\/uploads\/2017\/04\/Depositphotos_IoT-scaled.jpg","width":1400,"height":899,"caption":"\u00a9 depositphotos"},{"@type":"BreadcrumbList","@id":"https:\/\/news.save.ch\/internet-der-dinge-sicherheitsaspekte-werden-ignoriert\/#breadcrumb","itemListElement":[{"@type":"ListItem","position":1,"name":"Home","item":"https:\/\/news.save.ch\/de\/"},{"@type":"ListItem","position":2,"name":"Internet der Dinge: Sicherheitsaspekte werden ignoriert"}]},{"@type":"WebSite","@id":"https:\/\/news.save.ch\/de\/#website","url":"https:\/\/news.save.ch\/de\/","name":"Save","description":"Revue suisse sp\u00e9cialis\u00e9e dans la s\u00e9curit\u00e9","publisher":{"@id":"https:\/\/news.save.ch\/de\/#organization"},"potentialAction":[{"@type":"SearchAction","target":{"@type":"EntryPoint","urlTemplate":"https:\/\/news.save.ch\/de\/?s={search_term_string}"},"query-input":{"@type":"PropertyValueSpecification","valueRequired":true,"valueName":"search_term_string"}}],"inLanguage":"fr-FR"},{"@type":"Organization","@id":"https:\/\/news.save.ch\/de\/#organization","name":"Forum sur la s\u00e9curit\u00e9","url":"https:\/\/news.save.ch\/de\/","logo":{"@type":"ImageObject","inLanguage":"fr-FR","@id":"https:\/\/news.save.ch\/de\/#\/schema\/logo\/image\/","url":"https:\/\/news.save.ch\/wp-content\/uploads\/2022\/06\/Logo_SF_2012.png","contentUrl":"https:\/\/news.save.ch\/wp-content\/uploads\/2022\/06\/Logo_SF_2012.png","width":1100,"height":91,"caption":"Sicherheitsforum"},"image":{"@id":"https:\/\/news.save.ch\/de\/#\/schema\/logo\/image\/"}},{"@type":"Person","@id":"https:\/\/news.save.ch\/de\/#\/schema\/person\/d5022db048e0e2b9785c50e5b24da5aa","name":"Roger Str\u00e4ssle","image":{"@type":"ImageObject","inLanguage":"fr-FR","@id":"https:\/\/secure.gravatar.com\/avatar\/862a5569d087de48e5856e32f45d719a03804c891d6deb8d4f71a660e79e4a47?s=96&d=mm&r=g","url":"https:\/\/secure.gravatar.com\/avatar\/862a5569d087de48e5856e32f45d719a03804c891d6deb8d4f71a660e79e4a47?s=96&d=mm&r=g","contentUrl":"https:\/\/secure.gravatar.com\/avatar\/862a5569d087de48e5856e32f45d719a03804c891d6deb8d4f71a660e79e4a47?s=96&d=mm&r=g","caption":"Roger Str\u00e4ssle"},"url":"https:\/\/news.save.ch\/fr\/author\/roger-straessle\/"}]}},"_links":{"self":[{"href":"https:\/\/news.save.ch\/fr\/wp-json\/wp\/v2\/posts\/4700","targetHints":{"allow":["GET"]}}],"collection":[{"href":"https:\/\/news.save.ch\/fr\/wp-json\/wp\/v2\/posts"}],"about":[{"href":"https:\/\/news.save.ch\/fr\/wp-json\/wp\/v2\/types\/post"}],"author":[{"embeddable":true,"href":"https:\/\/news.save.ch\/fr\/wp-json\/wp\/v2\/users\/8"}],"replies":[{"embeddable":true,"href":"https:\/\/news.save.ch\/fr\/wp-json\/wp\/v2\/comments?post=4700"}],"version-history":[{"count":1,"href":"https:\/\/news.save.ch\/fr\/wp-json\/wp\/v2\/posts\/4700\/revisions"}],"predecessor-version":[{"id":17514,"href":"https:\/\/news.save.ch\/fr\/wp-json\/wp\/v2\/posts\/4700\/revisions\/17514"}],"wp:featuredmedia":[{"embeddable":true,"href":"https:\/\/news.save.ch\/fr\/wp-json\/wp\/v2\/media\/4702"}],"wp:attachment":[{"href":"https:\/\/news.save.ch\/fr\/wp-json\/wp\/v2\/media?parent=4700"}],"wp:term":[{"taxonomy":"category","embeddable":true,"href":"https:\/\/news.save.ch\/fr\/wp-json\/wp\/v2\/categories?post=4700"},{"taxonomy":"post_tag","embeddable":true,"href":"https:\/\/news.save.ch\/fr\/wp-json\/wp\/v2\/tags?post=4700"}],"curies":[{"name":"wp","href":"https:\/\/api.w.org\/{rel}","templated":true}]}}